{"id":290472,"date":"2025-03-24T05:51:49","date_gmt":"2025-03-24T09:51:49","guid":{"rendered":"https:\/\/www.eldiario.net\/portal\/?p=290472"},"modified":"2025-03-24T05:51:49","modified_gmt":"2025-03-24T09:51:49","slug":"una-empresa-esta-planeando-la-explotacion-minera-de-la-luna-con-el-objetivo-de-extraer-todo-su-helio-3","status":"publish","type":"post","link":"https:\/\/www.eldiario.net\/portal\/2025\/03\/24\/una-empresa-esta-planeando-la-explotacion-minera-de-la-luna-con-el-objetivo-de-extraer-todo-su-helio-3\/","title":{"rendered":"Una empresa est\u00e1 planeando la explotaci\u00f3n minera de la Luna con el objetivo de extraer todo su helio-3"},"content":{"rendered":"<p>La startup Interlune, creada por exejecutivos de Blue Origin y un astronauta del Apolo, tiene programado iniciar sus operaciones en 2027 para obtener este valioso is\u00f3topo, que se utiliza en la computaci\u00f3n cu\u00e1ntica.<\/p>\n<p>La b\u00fasqueda de recursos lunares ha dejado de ser una idea de ciencia ficci\u00f3n. Interlune, una compa\u00f1\u00eda estadounidense, ha presentado un plan concreto para extraer helio-3 de la superficie lunar, un is\u00f3topo extremadamente valioso tanto para la computaci\u00f3n cu\u00e1ntica como para la fusi\u00f3n nuclear. Este proyecto marca un avance significativo en la comercializaci\u00f3n del espacio y anticipa un futuro en el que los recursos del espacio complementen los disponibles en la Tierra.<\/p>\n<p>Seg\u00fan informa Popular Science, Interlune fue fundada en 2020 por Rob Meyerson y Gary Lai, exejecutivos de Blue Origin, junto con Harrison Schmitt, el \u00fanico ge\u00f3logo que ha caminado sobre la Luna durante la misi\u00f3n Apolo 17. La empresa ha recaudado ya 18 millones de d\u00f3lares y recientemente recibi\u00f3 una subvenci\u00f3n de 375.000 d\u00f3lares del Departamento de Energ\u00eda de EE. UU.<\/p>\n<p>La Luna se presenta como un lugar ideal para la extracci\u00f3n de helio-3 debido a que, al no tener un campo magn\u00e9tico, ha sido bombardeada durante miles de millones de a\u00f1os por viento solar que contiene este is\u00f3topo, quedando atrapado en el regolito lunar. En la Tierra, este elemento es extremadamente raro, con un precio estimado de 20 millones de d\u00f3lares por kilogramo.<\/p>\n<p>La misi\u00f3n \u00abProspect Moon\u00bb, programada para 2027, utilizar\u00e1 el programa CLPS de la NASA e incluir\u00e1 un sistema para muestrear el regolito, un procesador mec\u00e1nico y dispositivos destinados a identificar las concentraciones m\u00e1s prometedoras de este valioso is\u00f3topo en diversas regiones lunares. El robot funcionar\u00e1 durante el d\u00eda lunar mediante c\u00e9lulas fotoel\u00e9ctricas y entrar\u00e1 en modo de hibernaci\u00f3n durante la noche.<\/p>\n<p>Este proyecto se apoya en una ley estadounidense de 2015 que permite a las empresas privadas reclamar recursos de cuerpos celestes, aunque no territorios. Se suma a otras iniciativas, como los planes de la NASA para construir una planta nuclear en la Luna, lo que evidencia un creciente inter\u00e9s por los recursos lunares.<\/p>\n<p>Los desaf\u00edos son numerosos: determinar la concentraci\u00f3n exacta de helio-3, resolver cuestiones legales sobre la propiedad extraterrestre y abordar el impacto ambiental. Este \u00faltimo aspecto gener\u00f3 controversia tras los comentarios de Clive Neal, consultor de Interlune, quien cuestion\u00f3 la necesidad de preservar el entorno lunar.<\/p>\n<p>El inter\u00e9s no se limita al helio-3. Desde que la NASA descubri\u00f3 agua lunar, varios proyectos han considerado utilizar estos recursos para futuras misiones espaciales, facilitando as\u00ed la creaci\u00f3n de asentamientos permanentes y reduciendo la dependencia de suministros terrestres.<\/p>\n<p>Si Interlune logra alcanzar sus objetivos, estar\u00edamos ante el inicio de una aut\u00e9ntica econom\u00eda interplanetaria. El \u00e9xito de esta primera explotaci\u00f3n minera lunar no solo proporcionar\u00eda materiales escasos como el helio-3, sino que tambi\u00e9n establecer\u00eda precedentes t\u00e9cnicos y legales para futuras operaciones en otros cuerpos del sistema solar, abriendo as\u00ed las puertas a una nueva era de recursos espaciales.<\/p>\n","protected":false},"excerpt":{"rendered":"<p>La startup Interlune, creada por exejecutivos de Blue Origin y un astronauta del Apolo, tiene programado iniciar sus operaciones en 2027 para obtener este valioso is\u00f3topo, que se utiliza en la computaci\u00f3n cu\u00e1ntica. La b\u00fasqueda de recursos lunares ha dejado de ser una idea de ciencia ficci\u00f3n. Interlune, una compa\u00f1\u00eda estadounidense, ha presentado un plan [&hellip;]<\/p>\n","protected":false},"author":1,"featured_media":290473,"comment_status":"closed","ping_status":"open","sticky":false,"template":"","format":"standard","meta":{"_acf_changed":false,"footnotes":""},"categories":[46],"tags":[],"class_list":["post-290472","post","type-post","status-publish","format-standard","has-post-thumbnail","category-ciencia-computacion"],"acf":{"antetitulo":""},"yoast_head":"<!-- This site is optimized with the Yoast SEO plugin v28.4 - https:\/\/yoast.com\/product\/yoast-seo-wordpress\/ -->\n<title>Una empresa est\u00e1 planeando la explotaci\u00f3n minera de la Luna con el objetivo de extraer todo su helio-3 - El Diario - Bolivia<\/title>\n<meta name=\"robots\" content=\"index, follow, max-snippet:-1, max-image-preview:large, max-video-preview:-1\" \/>\n<link rel=\"canonical\" href=\"https:\/\/www.eldiario.net\/portal\/2025\/03\/24\/una-empresa-esta-planeando-la-explotacion-minera-de-la-luna-con-el-objetivo-de-extraer-todo-su-helio-3\/\" \/>\n<meta property=\"og:locale\" content=\"es_ES\" \/>\n<meta property=\"og:type\" content=\"article\" \/>\n<meta property=\"og:title\" content=\"Una empresa est\u00e1 planeando la explotaci\u00f3n minera de la Luna con el objetivo de extraer todo su helio-3 - El Diario - Bolivia\" \/>\n<meta property=\"og:description\" content=\"La startup Interlune, creada por exejecutivos de Blue Origin y un astronauta del Apolo, tiene programado iniciar sus operaciones en 2027 para obtener este valioso is\u00f3topo, que se utiliza en la computaci\u00f3n cu\u00e1ntica. La b\u00fasqueda de recursos lunares ha dejado de ser una idea de ciencia ficci\u00f3n. Interlune, una compa\u00f1\u00eda estadounidense, ha presentado un plan [&hellip;]\" \/>\n<meta property=\"og:url\" content=\"https:\/\/www.eldiario.net\/portal\/2025\/03\/24\/una-empresa-esta-planeando-la-explotacion-minera-de-la-luna-con-el-objetivo-de-extraer-todo-su-helio-3\/\" \/>\n<meta property=\"og:site_name\" content=\"El Diario - Bolivia\" \/>\n<meta property=\"article:publisher\" content=\"https:\/\/www.facebook.com\/eldiario.bolivia\/\" \/>\n<meta property=\"article:published_time\" content=\"2025-03-24T09:51:49+00:00\" \/>\n<meta property=\"og:image\" content=\"https:\/\/www.eldiario.net\/portal\/wp-content\/uploads\/2025\/03\/8-A-3.jpg\" \/>\n\t<meta property=\"og:image:width\" content=\"1141\" \/>\n\t<meta property=\"og:image:height\" content=\"551\" \/>\n\t<meta property=\"og:image:type\" content=\"image\/jpeg\" \/>\n<meta name=\"author\" content=\"Jeanette\" \/>\n<meta name=\"twitter:card\" content=\"summary_large_image\" \/>\n<meta name=\"twitter:creator\" content=\"@eldiario_net\" \/>\n<meta name=\"twitter:site\" content=\"@eldiario_net\" \/>\n<meta name=\"twitter:label1\" content=\"Escrito por\" \/>\n\t<meta name=\"twitter:data1\" content=\"Jeanette\" \/>\n\t<meta name=\"twitter:label2\" content=\"Tiempo de lectura\" \/>\n\t<meta name=\"twitter:data2\" content=\"3 minutos\" \/>\n<script type=\"application\/ld+json\" class=\"yoast-schema-graph\">{\"@context\":\"https:\\\/\\\/schema.org\",\"@graph\":[{\"@type\":\"Article\",\"@id\":\"https:\\\/\\\/www.eldiario.net\\\/portal\\\/2025\\\/03\\\/24\\\/una-empresa-esta-planeando-la-explotacion-minera-de-la-luna-con-el-objetivo-de-extraer-todo-su-helio-3\\\/#article\",\"isPartOf\":{\"@id\":\"https:\\\/\\\/www.eldiario.net\\\/portal\\\/2025\\\/03\\\/24\\\/una-empresa-esta-planeando-la-explotacion-minera-de-la-luna-con-el-objetivo-de-extraer-todo-su-helio-3\\\/\"},\"author\":{\"name\":\"Jeanette\",\"@id\":\"https:\\\/\\\/www.eldiario.net\\\/portal\\\/#\\\/schema\\\/person\\\/f46445640444750d7d753ccd04ae01b7\"},\"headline\":\"Una empresa est\u00e1 planeando la explotaci\u00f3n minera de la Luna con el objetivo de extraer todo su helio-3\",\"datePublished\":\"2025-03-24T09:51:49+00:00\",\"mainEntityOfPage\":{\"@id\":\"https:\\\/\\\/www.eldiario.net\\\/portal\\\/2025\\\/03\\\/24\\\/una-empresa-esta-planeando-la-explotacion-minera-de-la-luna-con-el-objetivo-de-extraer-todo-su-helio-3\\\/\"},\"wordCount\":541,\"publisher\":{\"@id\":\"https:\\\/\\\/www.eldiario.net\\\/portal\\\/#organization\"},\"image\":{\"@id\":\"https:\\\/\\\/www.eldiario.net\\\/portal\\\/2025\\\/03\\\/24\\\/una-empresa-esta-planeando-la-explotacion-minera-de-la-luna-con-el-objetivo-de-extraer-todo-su-helio-3\\\/#primaryimage\"},\"thumbnailUrl\":\"https:\\\/\\\/www.eldiario.net\\\/portal\\\/wp-content\\\/uploads\\\/2025\\\/03\\\/8-A-3.jpg\",\"articleSection\":[\"Ciencia y Computaci\u00f3n\"],\"inLanguage\":\"es\"},{\"@type\":\"WebPage\",\"@id\":\"https:\\\/\\\/www.eldiario.net\\\/portal\\\/2025\\\/03\\\/24\\\/una-empresa-esta-planeando-la-explotacion-minera-de-la-luna-con-el-objetivo-de-extraer-todo-su-helio-3\\\/\",\"url\":\"https:\\\/\\\/www.eldiario.net\\\/portal\\\/2025\\\/03\\\/24\\\/una-empresa-esta-planeando-la-explotacion-minera-de-la-luna-con-el-objetivo-de-extraer-todo-su-helio-3\\\/\",\"name\":\"Una empresa est\u00e1 planeando la explotaci\u00f3n minera de la Luna con el objetivo de extraer todo su helio-3 - El Diario - Bolivia\",\"isPartOf\":{\"@id\":\"https:\\\/\\\/www.eldiario.net\\\/portal\\\/#website\"},\"primaryImageOfPage\":{\"@id\":\"https:\\\/\\\/www.eldiario.net\\\/portal\\\/2025\\\/03\\\/24\\\/una-empresa-esta-planeando-la-explotacion-minera-de-la-luna-con-el-objetivo-de-extraer-todo-su-helio-3\\\/#primaryimage\"},\"image\":{\"@id\":\"https:\\\/\\\/www.eldiario.net\\\/portal\\\/2025\\\/03\\\/24\\\/una-empresa-esta-planeando-la-explotacion-minera-de-la-luna-con-el-objetivo-de-extraer-todo-su-helio-3\\\/#primaryimage\"},\"thumbnailUrl\":\"https:\\\/\\\/www.eldiario.net\\\/portal\\\/wp-content\\\/uploads\\\/2025\\\/03\\\/8-A-3.jpg\",\"datePublished\":\"2025-03-24T09:51:49+00:00\",\"breadcrumb\":{\"@id\":\"https:\\\/\\\/www.eldiario.net\\\/portal\\\/2025\\\/03\\\/24\\\/una-empresa-esta-planeando-la-explotacion-minera-de-la-luna-con-el-objetivo-de-extraer-todo-su-helio-3\\\/#breadcrumb\"},\"inLanguage\":\"es\",\"potentialAction\":[{\"@type\":\"ReadAction\",\"target\":[\"https:\\\/\\\/www.eldiario.net\\\/portal\\\/2025\\\/03\\\/24\\\/una-empresa-esta-planeando-la-explotacion-minera-de-la-luna-con-el-objetivo-de-extraer-todo-su-helio-3\\\/\"]}]},{\"@type\":\"ImageObject\",\"inLanguage\":\"es\",\"@id\":\"https:\\\/\\\/www.eldiario.net\\\/portal\\\/2025\\\/03\\\/24\\\/una-empresa-esta-planeando-la-explotacion-minera-de-la-luna-con-el-objetivo-de-extraer-todo-su-helio-3\\\/#primaryimage\",\"url\":\"https:\\\/\\\/www.eldiario.net\\\/portal\\\/wp-content\\\/uploads\\\/2025\\\/03\\\/8-A-3.jpg\",\"contentUrl\":\"https:\\\/\\\/www.eldiario.net\\\/portal\\\/wp-content\\\/uploads\\\/2025\\\/03\\\/8-A-3.jpg\",\"width\":1141,\"height\":551},{\"@type\":\"BreadcrumbList\",\"@id\":\"https:\\\/\\\/www.eldiario.net\\\/portal\\\/2025\\\/03\\\/24\\\/una-empresa-esta-planeando-la-explotacion-minera-de-la-luna-con-el-objetivo-de-extraer-todo-su-helio-3\\\/#breadcrumb\",\"itemListElement\":[{\"@type\":\"ListItem\",\"position\":1,\"name\":\"Portada\",\"item\":\"https:\\\/\\\/www.eldiario.net\\\/portal\\\/\"},{\"@type\":\"ListItem\",\"position\":2,\"name\":\"Una empresa est\u00e1 planeando la explotaci\u00f3n minera de la Luna con el objetivo de extraer todo su helio-3\"}]},{\"@type\":\"WebSite\",\"@id\":\"https:\\\/\\\/www.eldiario.net\\\/portal\\\/#website\",\"url\":\"https:\\\/\\\/www.eldiario.net\\\/portal\\\/\",\"name\":\"El Diario - Decano de la prensa nacional\",\"description\":\"El Diario - Decano de la prensa nacional\",\"publisher\":{\"@id\":\"https:\\\/\\\/www.eldiario.net\\\/portal\\\/#organization\"},\"potentialAction\":[{\"@type\":\"SearchAction\",\"target\":{\"@type\":\"EntryPoint\",\"urlTemplate\":\"https:\\\/\\\/www.eldiario.net\\\/portal\\\/?s={search_term_string}\"},\"query-input\":{\"@type\":\"PropertyValueSpecification\",\"valueRequired\":true,\"valueName\":\"search_term_string\"}}],\"inLanguage\":\"es\"},{\"@type\":\"Organization\",\"@id\":\"https:\\\/\\\/www.eldiario.net\\\/portal\\\/#organization\",\"name\":\"El Diario - Decano de la prensa nacional\",\"url\":\"https:\\\/\\\/www.eldiario.net\\\/portal\\\/\",\"logo\":{\"@type\":\"ImageObject\",\"inLanguage\":\"es\",\"@id\":\"https:\\\/\\\/www.eldiario.net\\\/portal\\\/#\\\/schema\\\/logo\\\/image\\\/\",\"url\":\"https:\\\/\\\/www.eldiario.net\\\/portal\\\/wp-content\\\/uploads\\\/2023\\\/07\\\/logo_ED.jpg\",\"contentUrl\":\"https:\\\/\\\/www.eldiario.net\\\/portal\\\/wp-content\\\/uploads\\\/2023\\\/07\\\/logo_ED.jpg\",\"width\":272,\"height\":52,\"caption\":\"El Diario - Decano de la prensa nacional\"},\"image\":{\"@id\":\"https:\\\/\\\/www.eldiario.net\\\/portal\\\/#\\\/schema\\\/logo\\\/image\\\/\"},\"sameAs\":[\"https:\\\/\\\/www.facebook.com\\\/eldiario.bolivia\\\/\",\"https:\\\/\\\/x.com\\\/eldiario_net\"]},{\"@type\":\"Person\",\"@id\":\"https:\\\/\\\/www.eldiario.net\\\/portal\\\/#\\\/schema\\\/person\\\/f46445640444750d7d753ccd04ae01b7\",\"name\":\"Jeanette\",\"image\":{\"@type\":\"ImageObject\",\"inLanguage\":\"es\",\"@id\":\"https:\\\/\\\/secure.gravatar.com\\\/avatar\\\/3ea2118a5f7dad2b7138b1187a6b7ee55f160b9968b66013c3a3ef39dd7e5798?s=96&d=mm&r=g\",\"url\":\"https:\\\/\\\/secure.gravatar.com\\\/avatar\\\/3ea2118a5f7dad2b7138b1187a6b7ee55f160b9968b66013c3a3ef39dd7e5798?s=96&d=mm&r=g\",\"contentUrl\":\"https:\\\/\\\/secure.gravatar.com\\\/avatar\\\/3ea2118a5f7dad2b7138b1187a6b7ee55f160b9968b66013c3a3ef39dd7e5798?s=96&d=mm&r=g\",\"caption\":\"Jeanette\"},\"sameAs\":[\"https:\\\/\\\/www.eldiario.net\\\/portal\"],\"url\":\"https:\\\/\\\/www.eldiario.net\\\/portal\\\/author\\\/jeanette\\\/\"}]}<\/script>\n<!-- \/ Yoast SEO plugin. -->","yoast_head_json":{"title":"Una empresa est\u00e1 planeando la explotaci\u00f3n minera de la Luna con el objetivo de extraer todo su helio-3 - El Diario - Bolivia","robots":{"index":"index","follow":"follow","max-snippet":"max-snippet:-1","max-image-preview":"max-image-preview:large","max-video-preview":"max-video-preview:-1"},"canonical":"https:\/\/www.eldiario.net\/portal\/2025\/03\/24\/una-empresa-esta-planeando-la-explotacion-minera-de-la-luna-con-el-objetivo-de-extraer-todo-su-helio-3\/","og_locale":"es_ES","og_type":"article","og_title":"Una empresa est\u00e1 planeando la explotaci\u00f3n minera de la Luna con el objetivo de extraer todo su helio-3 - El Diario - Bolivia","og_description":"La startup Interlune, creada por exejecutivos de Blue Origin y un astronauta del Apolo, tiene programado iniciar sus operaciones en 2027 para obtener este valioso is\u00f3topo, que se utiliza en la computaci\u00f3n cu\u00e1ntica. La b\u00fasqueda de recursos lunares ha dejado de ser una idea de ciencia ficci\u00f3n. Interlune, una compa\u00f1\u00eda estadounidense, ha presentado un plan [&hellip;]","og_url":"https:\/\/www.eldiario.net\/portal\/2025\/03\/24\/una-empresa-esta-planeando-la-explotacion-minera-de-la-luna-con-el-objetivo-de-extraer-todo-su-helio-3\/","og_site_name":"El Diario - Bolivia","article_publisher":"https:\/\/www.facebook.com\/eldiario.bolivia\/","article_published_time":"2025-03-24T09:51:49+00:00","og_image":[{"width":1141,"height":551,"url":"https:\/\/www.eldiario.net\/portal\/wp-content\/uploads\/2025\/03\/8-A-3.jpg","type":"image\/jpeg"}],"author":"Jeanette","twitter_card":"summary_large_image","twitter_creator":"@eldiario_net","twitter_site":"@eldiario_net","twitter_misc":{"Escrito por":"Jeanette","Tiempo de lectura":"3 minutos"},"schema":{"@context":"https:\/\/schema.org","@graph":[{"@type":"Article","@id":"https:\/\/www.eldiario.net\/portal\/2025\/03\/24\/una-empresa-esta-planeando-la-explotacion-minera-de-la-luna-con-el-objetivo-de-extraer-todo-su-helio-3\/#article","isPartOf":{"@id":"https:\/\/www.eldiario.net\/portal\/2025\/03\/24\/una-empresa-esta-planeando-la-explotacion-minera-de-la-luna-con-el-objetivo-de-extraer-todo-su-helio-3\/"},"author":{"name":"Jeanette","@id":"https:\/\/www.eldiario.net\/portal\/#\/schema\/person\/f46445640444750d7d753ccd04ae01b7"},"headline":"Una empresa est\u00e1 planeando la explotaci\u00f3n minera de la Luna con el objetivo de extraer todo su helio-3","datePublished":"2025-03-24T09:51:49+00:00","mainEntityOfPage":{"@id":"https:\/\/www.eldiario.net\/portal\/2025\/03\/24\/una-empresa-esta-planeando-la-explotacion-minera-de-la-luna-con-el-objetivo-de-extraer-todo-su-helio-3\/"},"wordCount":541,"publisher":{"@id":"https:\/\/www.eldiario.net\/portal\/#organization"},"image":{"@id":"https:\/\/www.eldiario.net\/portal\/2025\/03\/24\/una-empresa-esta-planeando-la-explotacion-minera-de-la-luna-con-el-objetivo-de-extraer-todo-su-helio-3\/#primaryimage"},"thumbnailUrl":"https:\/\/www.eldiario.net\/portal\/wp-content\/uploads\/2025\/03\/8-A-3.jpg","articleSection":["Ciencia y Computaci\u00f3n"],"inLanguage":"es"},{"@type":"WebPage","@id":"https:\/\/www.eldiario.net\/portal\/2025\/03\/24\/una-empresa-esta-planeando-la-explotacion-minera-de-la-luna-con-el-objetivo-de-extraer-todo-su-helio-3\/","url":"https:\/\/www.eldiario.net\/portal\/2025\/03\/24\/una-empresa-esta-planeando-la-explotacion-minera-de-la-luna-con-el-objetivo-de-extraer-todo-su-helio-3\/","name":"Una empresa est\u00e1 planeando la explotaci\u00f3n minera de la Luna con el objetivo de extraer todo su helio-3 - El Diario - Bolivia","isPartOf":{"@id":"https:\/\/www.eldiario.net\/portal\/#website"},"primaryImageOfPage":{"@id":"https:\/\/www.eldiario.net\/portal\/2025\/03\/24\/una-empresa-esta-planeando-la-explotacion-minera-de-la-luna-con-el-objetivo-de-extraer-todo-su-helio-3\/#primaryimage"},"image":{"@id":"https:\/\/www.eldiario.net\/portal\/2025\/03\/24\/una-empresa-esta-planeando-la-explotacion-minera-de-la-luna-con-el-objetivo-de-extraer-todo-su-helio-3\/#primaryimage"},"thumbnailUrl":"https:\/\/www.eldiario.net\/portal\/wp-content\/uploads\/2025\/03\/8-A-3.jpg","datePublished":"2025-03-24T09:51:49+00:00","breadcrumb":{"@id":"https:\/\/www.eldiario.net\/portal\/2025\/03\/24\/una-empresa-esta-planeando-la-explotacion-minera-de-la-luna-con-el-objetivo-de-extraer-todo-su-helio-3\/#breadcrumb"},"inLanguage":"es","potentialAction":[{"@type":"ReadAction","target":["https:\/\/www.eldiario.net\/portal\/2025\/03\/24\/una-empresa-esta-planeando-la-explotacion-minera-de-la-luna-con-el-objetivo-de-extraer-todo-su-helio-3\/"]}]},{"@type":"ImageObject","inLanguage":"es","@id":"https:\/\/www.eldiario.net\/portal\/2025\/03\/24\/una-empresa-esta-planeando-la-explotacion-minera-de-la-luna-con-el-objetivo-de-extraer-todo-su-helio-3\/#primaryimage","url":"https:\/\/www.eldiario.net\/portal\/wp-content\/uploads\/2025\/03\/8-A-3.jpg","contentUrl":"https:\/\/www.eldiario.net\/portal\/wp-content\/uploads\/2025\/03\/8-A-3.jpg","width":1141,"height":551},{"@type":"BreadcrumbList","@id":"https:\/\/www.eldiario.net\/portal\/2025\/03\/24\/una-empresa-esta-planeando-la-explotacion-minera-de-la-luna-con-el-objetivo-de-extraer-todo-su-helio-3\/#breadcrumb","itemListElement":[{"@type":"ListItem","position":1,"name":"Portada","item":"https:\/\/www.eldiario.net\/portal\/"},{"@type":"ListItem","position":2,"name":"Una empresa est\u00e1 planeando la explotaci\u00f3n minera de la Luna con el objetivo de extraer todo su helio-3"}]},{"@type":"WebSite","@id":"https:\/\/www.eldiario.net\/portal\/#website","url":"https:\/\/www.eldiario.net\/portal\/","name":"El Diario - Decano de la prensa nacional","description":"El Diario - Decano de la prensa nacional","publisher":{"@id":"https:\/\/www.eldiario.net\/portal\/#organization"},"potentialAction":[{"@type":"SearchAction","target":{"@type":"EntryPoint","urlTemplate":"https:\/\/www.eldiario.net\/portal\/?s={search_term_string}"},"query-input":{"@type":"PropertyValueSpecification","valueRequired":true,"valueName":"search_term_string"}}],"inLanguage":"es"},{"@type":"Organization","@id":"https:\/\/www.eldiario.net\/portal\/#organization","name":"El Diario - Decano de la prensa nacional","url":"https:\/\/www.eldiario.net\/portal\/","logo":{"@type":"ImageObject","inLanguage":"es","@id":"https:\/\/www.eldiario.net\/portal\/#\/schema\/logo\/image\/","url":"https:\/\/www.eldiario.net\/portal\/wp-content\/uploads\/2023\/07\/logo_ED.jpg","contentUrl":"https:\/\/www.eldiario.net\/portal\/wp-content\/uploads\/2023\/07\/logo_ED.jpg","width":272,"height":52,"caption":"El Diario - Decano de la prensa nacional"},"image":{"@id":"https:\/\/www.eldiario.net\/portal\/#\/schema\/logo\/image\/"},"sameAs":["https:\/\/www.facebook.com\/eldiario.bolivia\/","https:\/\/x.com\/eldiario_net"]},{"@type":"Person","@id":"https:\/\/www.eldiario.net\/portal\/#\/schema\/person\/f46445640444750d7d753ccd04ae01b7","name":"Jeanette","image":{"@type":"ImageObject","inLanguage":"es","@id":"https:\/\/secure.gravatar.com\/avatar\/3ea2118a5f7dad2b7138b1187a6b7ee55f160b9968b66013c3a3ef39dd7e5798?s=96&d=mm&r=g","url":"https:\/\/secure.gravatar.com\/avatar\/3ea2118a5f7dad2b7138b1187a6b7ee55f160b9968b66013c3a3ef39dd7e5798?s=96&d=mm&r=g","contentUrl":"https:\/\/secure.gravatar.com\/avatar\/3ea2118a5f7dad2b7138b1187a6b7ee55f160b9968b66013c3a3ef39dd7e5798?s=96&d=mm&r=g","caption":"Jeanette"},"sameAs":["https:\/\/www.eldiario.net\/portal"],"url":"https:\/\/www.eldiario.net\/portal\/author\/jeanette\/"}]}},"_links":{"self":[{"href":"https:\/\/www.eldiario.net\/portal\/wp-json\/wp\/v2\/posts\/290472","targetHints":{"allow":["GET"]}}],"collection":[{"href":"https:\/\/www.eldiario.net\/portal\/wp-json\/wp\/v2\/posts"}],"about":[{"href":"https:\/\/www.eldiario.net\/portal\/wp-json\/wp\/v2\/types\/post"}],"author":[{"embeddable":true,"href":"https:\/\/www.eldiario.net\/portal\/wp-json\/wp\/v2\/users\/1"}],"replies":[{"embeddable":true,"href":"https:\/\/www.eldiario.net\/portal\/wp-json\/wp\/v2\/comments?post=290472"}],"version-history":[{"count":1,"href":"https:\/\/www.eldiario.net\/portal\/wp-json\/wp\/v2\/posts\/290472\/revisions"}],"predecessor-version":[{"id":290474,"href":"https:\/\/www.eldiario.net\/portal\/wp-json\/wp\/v2\/posts\/290472\/revisions\/290474"}],"wp:featuredmedia":[{"embeddable":true,"href":"https:\/\/www.eldiario.net\/portal\/wp-json\/wp\/v2\/media\/290473"}],"wp:attachment":[{"href":"https:\/\/www.eldiario.net\/portal\/wp-json\/wp\/v2\/media?parent=290472"}],"wp:term":[{"taxonomy":"category","embeddable":true,"href":"https:\/\/www.eldiario.net\/portal\/wp-json\/wp\/v2\/categories?post=290472"},{"taxonomy":"post_tag","embeddable":true,"href":"https:\/\/www.eldiario.net\/portal\/wp-json\/wp\/v2\/tags?post=290472"}],"curies":[{"name":"wp","href":"https:\/\/api.w.org\/{rel}","templated":true}]}}