{"id":290462,"date":"2025-03-24T05:48:40","date_gmt":"2025-03-24T09:48:40","guid":{"rendered":"https:\/\/www.eldiario.net\/portal\/?p=290462"},"modified":"2025-03-24T05:48:40","modified_gmt":"2025-03-24T09:48:40","slug":"luciel-izumi-en-la-paz-con-un-show-fuera-de-lo-comun","status":"publish","type":"post","link":"https:\/\/www.eldiario.net\/portal\/2025\/03\/24\/luciel-izumi-en-la-paz-con-un-show-fuera-de-lo-comun\/","title":{"rendered":"Luciel Izumi en La Paz con  un show fuera de lo com\u00fan"},"content":{"rendered":"<p>\u201cSoy una charanguista con coraz\u00f3n abierto para aprender y\u00a0 nutrirme de conocimiento y nueva m\u00fasica\u201d, afirma Luciel Izumi a pocos d\u00edas de presentarse en la ciudad de La Paz, junto a su banda.<\/p>\n<p>La talentosa artista boliviana mostrar\u00e1 su virtuosismo en la interpretaci\u00f3n del charango, el jueves 27 de marzo, a partir de las 19:00 horas, en el Teatro Do\u00f1a Albina de la Fundaci\u00f3n Sim\u00f3n I. Pati\u00f1o en La Paz (Sopocachi, Av. Ecuador N\u00b0 2294, esquina Rosendo Guti\u00e9rrez).<\/p>\n<p>\u201cPara m\u00ed es muy especial dar un concierto en La Paz, ya que en mi Ciudad Maravilla nac\u00ed, y volver a mi tierra con mucha m\u00fasica y un show fuera de lo com\u00fan, siempre me llena el coraz\u00f3n de amor y gratitud\u201d, destac\u00f3 Luciel Izumi en la entrevista que le hizo La Gu\u00eda del peri\u00f3dico EL DIARIO.<\/p>\n<p><strong>LG: \u00bfDespu\u00e9s de cu\u00e1nto tiempo brindar\u00e1s un concierto como solista en la sede de gobierno?<\/strong><\/p>\n<p>LI: Estoy dando este concierto con mi banda despu\u00e9s de casi un a\u00f1o, trato de volver siempre que puedo, para disfrutar de mi ciudad.<\/p>\n<p><strong>LG: \u00bfC\u00f3mo se llama el concierto?<\/strong><\/p>\n<p>LI: Se llama \u201cTsuki\u201d (Luna en japon\u00e9s), una composici\u00f3n m\u00eda, ya que parte del concierto lo daremos bajo las estrellas, con fusiones musicales con jazz y folklore.<\/p>\n<p><strong>LG: \u00bfMusicalmente c\u00f3mo llegas a esta presentaci\u00f3n?<\/strong><\/p>\n<p>LI: Nosotros agradecemos a la Fundaci\u00f3n Sim\u00f3n I Pati\u00f1o por la gesti\u00f3n de nuestro concierto. El apoyo constante a artistas de diversas \u00e1reas de Bolivia es importante y con el apoyo de la licenciada Noreen, podemos presentarnos en un bello teatro con un p\u00fablico especial.<\/p>\n<p><strong>LG: \u00bfQu\u00e9 caracter\u00edsticas tendr\u00e1 el concierto?, \u00bfqu\u00e9 repertorio interpretar\u00e1s?<\/strong><\/p>\n<p>LI: Este concierto est\u00e1 en el marco de \u201cAlbina bajo las estrellas\u201d, pues tendr\u00e1 dos partes. La primera ser\u00e1 en el Teatro Do\u00f1a Albina y en la segunda parte nos subiremos a la terraza (segundo piso del Centro Cultural Sim\u00f3n I. Pati\u00f1o) y daremos el resto del concierto bajo las estrellas. Sin duda, ser\u00e1 una experiencia \u00fanica.<\/p>\n<p>Habr\u00e1 danza y mucha m\u00fasica, con grandiosas invitadas sorpresa.<\/p>\n<p>Nuestro repertorio ir\u00e1 desde el folklore nacional tradicional hasta fusi\u00f3n con jazz y m\u00fasica del mundo, boleros, Stevie Wonder, entre otros. Ser\u00e1 una noche muy diversa.<\/p>\n<p><strong>LG: \u00bfCu\u00e1les m\u00fasicos te acompa\u00f1ar\u00e1n?<\/strong><\/p>\n<p>LI: Me acompa\u00f1ar\u00e1n grandes m\u00fasicos de Cochabamba y La Paz.<\/p>\n<p>Ruddy Barrancos, un grandioso saxofonista de jazz y folklore. Tambi\u00e9n Miguel Crespo, percusionista de m\u00fasica cl\u00e1sica, folklore y jazz. Mauricio Copa, un joven guitarrista vers\u00e1til en todo tipo de m\u00fasica, y Ra\u00fal Flores, bajista reconocido en La Paz por especializarse en jazz y folklore.<\/p>\n<p>Tambi\u00e9n tendremos grandiosas mujeres m\u00fasicas, invitadas sorpresa.<\/p>\n<p><strong>LG: \u00bfQu\u00e9 esperas lograr con este concierto en La Paz?<\/strong><\/p>\n<p>LI: Como siempre, mi intenci\u00f3n es presentar un gran show a mi p\u00fablico pace\u00f1o, acercarme nuevamente a las personas que siempre nos escuchan y apoyan, y tambi\u00e9n para mostrar al mundo que en Bolivia se realizan grandes espect\u00e1culos de nuestros instrumentos nativos, como protag\u00f3nicos, en este caso el charango.<\/p>\n<p><strong>LG: \u00bfCu\u00e1ntos a\u00f1os de carrera art\u00edstica ya tiene Luciel Izumi y qu\u00e9 evaluaci\u00f3n haces hasta el momento?<\/strong><\/p>\n<p>LI: Llevo m\u00e1s de diez a\u00f1os dando conciertos y representando a mi Bolivia en otros pa\u00edses. Me falta mucha m\u00fasica por conocer y por brindar al mundo, pero el trabajo que hice hasta ahora ha servido de inspiraci\u00f3n para toda una generaci\u00f3n de charanguistas mujeres, y estoy muy contenta con ello, hay muchos m\u00e1s escenarios que conquistar.<\/p>\n<p><strong>LG: \u00bfQu\u00e9 fue lo mejor?<\/strong><\/p>\n<p>LI: Conocer el mundo, que una muchacha viaje sola con su charango a dar conciertos en pa\u00edses muy lejanos, sin duda, es un desaf\u00edo que gracias a Dios y a mi madre pude realizar con \u00e9xito.<\/p>\n<p><strong>LG: \u00bfQu\u00e9 qued\u00f3 pendiente?<\/strong><\/p>\n<p>LI: Quiz\u00e1s el hecho de que mi musicalidad y energ\u00eda se estanc\u00f3 un poco estos \u00faltimos tres a\u00f1os, por el fallecimiento de mi madre, quien era mi \u00fanica familia y tambi\u00e9n manager. Sin duda, la p\u00e9rdida de nuestra madre nos desarma por completo, pero la meta de ella era que yo sea una figura hist\u00f3rica en el charango y ahora, poco a poco, estoy volviendo a recuperar el brillo, con conciertos, con aplausos y con el p\u00fablico que me levanta de mis tristezas. Sin duda, la salud mental es muy importante, mejorar\u00e9 m\u00e1s mi m\u00fasica y mis conciertos, para que seamos historia en el mundo.<\/p>\n<p><strong>LG: \u00bfQu\u00e9 tipo de charanguista es Luciel Izumi?<\/strong><\/p>\n<p>LI: Soy una charanguista con coraz\u00f3n abierto para aprender y nutrirme de conocimiento y nueva m\u00fasica, siempre doy una parte de m\u00ed en cada canci\u00f3n, en cada escenario y eso siento que puedo compartirlo con las dem\u00e1s personas. Despu\u00e9s de todo, es lo m\u00e1s importante.<\/p>\n<p><strong>LG: \u00bfQu\u00e9 tiene el charango a diferencia de otros instrumentos?<\/strong><\/p>\n<p>LI: Todos los instrumentos son especiales, si a trav\u00e9s de ellos puedes expresarte, pero en especial lo que me pasa con el charango y a muchas personas m\u00e1s, es que al tenerlo abrazado, al tocarlo, pareciera que est\u00e1 muy conectado con tu coraz\u00f3n y las vibraciones del charango se conectan con las tuyas. La conexi\u00f3n es m\u00e1s fuerte, y con su dulce canto puedes liberar lo que llevas adentro, no s\u00e9, as\u00ed lo siento yo (sonr\u00ede).<\/p>\n<p><strong>LG: \u00bfQu\u00e9 le prometes al p\u00fablico pace\u00f1o?<\/strong><\/p>\n<p>LI: Un show especial y distinto, tanto para nosotros como para el p\u00fablico. El hecho de cambiar el escenario a la mitad del concierto, los vestuarios, danza, fusiones musicales, sin duda, ser\u00e1 \u00fanico.<\/p>\n<p><strong>LG: \u00bfQu\u00e9 otros proyectos tienes para este 2025?<\/strong><\/p>\n<p>LI: Nos iremos por otros pa\u00edses y sacaremos muchas colaboraciones con artistas de otros g\u00e9neros. Tambi\u00e9n pienso sacar material de ense\u00f1anza para el charango.<\/p>\n<p><strong>LG: \u00bfDeseas agregar algo?<\/strong><\/p>\n<p>LI: Gracias por este espacio para promover la m\u00fasica boliviana y a los artistas bolivianos que le dan mucha alegr\u00eda a nuestra sociedad.<\/p>\n\r\n                <style type=\"text\/css\">\r\n                    \r\n                    #tdi_1  .td-doubleSlider-2 .td-item1 {\r\n                        background: url(https:\/\/www.eldiario.net\/portal\/wp-content\/uploads\/2025\/03\/1-PRINCIPAL-9-80x60.jpg) 0 0 no-repeat;\r\n                    }\r\n                    #tdi_1  .td-doubleSlider-2 .td-item2 {\r\n                        background: url(https:\/\/www.eldiario.net\/portal\/wp-content\/uploads\/2025\/03\/2-1-2-80x60.jpg) 0 0 no-repeat;\r\n                    }\r\n                    #tdi_1  .td-doubleSlider-2 .td-item3 {\r\n                        background: url(https:\/\/www.eldiario.net\/portal\/wp-content\/uploads\/2025\/03\/3-1-2-80x60.jpg) 0 0 no-repeat;\r\n                    }\r\n                    #tdi_1  .td-doubleSlider-2 .td-item4 {\r\n                        background: url(https:\/\/www.eldiario.net\/portal\/wp-content\/uploads\/2025\/03\/4-1-2-80x60.jpg) 0 0 no-repeat;\r\n                    }\r\n                    #tdi_1  .td-doubleSlider-2 .td-item5 {\r\n                        background: url(https:\/\/www.eldiario.net\/portal\/wp-content\/uploads\/2025\/03\/5-1-3-80x60.jpg) 0 0 no-repeat;\r\n                    }\r\n                <\/style>\r\n\r\n                <div id=\"tdi_1\" class=\"td-gallery td-slide-on-2-columns\">\r\n                    <div class=\"post_td_gallery\">\r\n                        <div class=\"td-gallery-slide-top\">\r\n                           <div class=\"td-gallery-title\"><\/div>\r\n\r\n                            <div class=\"td-gallery-controls-wrapper\">\r\n                                <div class=\"td-gallery-slide-count\"><span class=\"td-gallery-slide-item-focus\">1<\/span> de 5<\/div>\r\n                                <div class=\"td-gallery-slide-prev-next-but\">\r\n                                    <i class = \"td-icon-left doubleSliderPrevButton\"><\/i>\r\n                                    <i class = \"td-icon-right doubleSliderNextButton\"><\/i>\r\n                                <\/div>\r\n                            <\/div>\r\n                        <\/div>\r\n\r\n                        <div class = \"td-doubleSlider-1 \">\r\n                            <div class = \"td-slider\">\r\n                                \r\n                    <div class = \"td-slide-item td-item1\">\r\n                        <figure class=\"td-slide-galery-figure td-slide-popup-gallery\">\r\n                            <a class=\"slide-gallery-image-link\" href=\"https:\/\/www.eldiario.net\/portal\/wp-content\/uploads\/2025\/03\/1-PRINCIPAL-9.jpg\" title=\"1-PRINCIPAL\"  data-caption=\"\"  data-description=\"\">\r\n                                <img decoding=\"async\" src=\"https:\/\/www.eldiario.net\/portal\/wp-content\/uploads\/2025\/03\/1-PRINCIPAL-9-308x420.jpg\" srcset=\"https:\/\/www.eldiario.net\/portal\/wp-content\/uploads\/2025\/03\/1-PRINCIPAL-9-308x420.jpg 308w, https:\/\/www.eldiario.net\/portal\/wp-content\/uploads\/2025\/03\/1-PRINCIPAL-9-220x300.jpg 220w, https:\/\/www.eldiario.net\/portal\/wp-content\/uploads\/2025\/03\/1-PRINCIPAL-9-751x1024.jpg 751w, https:\/\/www.eldiario.net\/portal\/wp-content\/uploads\/2025\/03\/1-PRINCIPAL-9-768x1048.jpg 768w, https:\/\/www.eldiario.net\/portal\/wp-content\/uploads\/2025\/03\/1-PRINCIPAL-9-1126x1536.jpg 1126w, https:\/\/www.eldiario.net\/portal\/wp-content\/uploads\/2025\/03\/1-PRINCIPAL-9-696x949.jpg 696w, https:\/\/www.eldiario.net\/portal\/wp-content\/uploads\/2025\/03\/1-PRINCIPAL-9-1068x1457.jpg 1068w, https:\/\/www.eldiario.net\/portal\/wp-content\/uploads\/2025\/03\/1-PRINCIPAL-9.jpg 1173w\" sizes=\"(max-width: 308px) 100vw, 308px\" alt=\"\">\r\n                            <\/a>\r\n                            \r\n                        <\/figure>\r\n                    <\/div>\r\n                    <div class = \"td-slide-item td-item2\">\r\n                        <figure class=\"td-slide-galery-figure td-slide-popup-gallery\">\r\n                            <a class=\"slide-gallery-image-link\" href=\"https:\/\/www.eldiario.net\/portal\/wp-content\/uploads\/2025\/03\/2-1-2.jpg\" title=\"2-\"  data-caption=\"\"  data-description=\"\">\r\n                                <img decoding=\"async\" src=\"https:\/\/www.eldiario.net\/portal\/wp-content\/uploads\/2025\/03\/2-1-2-280x420.jpg\" srcset=\"https:\/\/www.eldiario.net\/portal\/wp-content\/uploads\/2025\/03\/2-1-2-280x420.jpg 280w, https:\/\/www.eldiario.net\/portal\/wp-content\/uploads\/2025\/03\/2-1-2-200x300.jpg 200w, https:\/\/www.eldiario.net\/portal\/wp-content\/uploads\/2025\/03\/2-1-2-684x1024.jpg 684w, https:\/\/www.eldiario.net\/portal\/wp-content\/uploads\/2025\/03\/2-1-2-768x1150.jpg 768w, https:\/\/www.eldiario.net\/portal\/wp-content\/uploads\/2025\/03\/2-1-2-1026x1536.jpg 1026w, https:\/\/www.eldiario.net\/portal\/wp-content\/uploads\/2025\/03\/2-1-2-696x1042.jpg 696w, https:\/\/www.eldiario.net\/portal\/wp-content\/uploads\/2025\/03\/2-1-2-1068x1599.jpg 1068w, https:\/\/www.eldiario.net\/portal\/wp-content\/uploads\/2025\/03\/2-1-2.jpg 1200w\" sizes=\"(max-width: 280px) 100vw, 280px\" alt=\"\">\r\n                            <\/a>\r\n                            \r\n                        <\/figure>\r\n                    <\/div>\r\n                    <div class = \"td-slide-item td-item3\">\r\n                        <figure class=\"td-slide-galery-figure td-slide-popup-gallery\">\r\n                            <a class=\"slide-gallery-image-link\" href=\"https:\/\/www.eldiario.net\/portal\/wp-content\/uploads\/2025\/03\/3-1-2.jpg\" title=\"3-\"  data-caption=\"\"  data-description=\"\">\r\n                                <img decoding=\"async\" src=\"https:\/\/www.eldiario.net\/portal\/wp-content\/uploads\/2025\/03\/3-1-2-630x420.jpg\" srcset=\"https:\/\/www.eldiario.net\/portal\/wp-content\/uploads\/2025\/03\/3-1-2-630x420.jpg 630w, https:\/\/www.eldiario.net\/portal\/wp-content\/uploads\/2025\/03\/3-1-2-300x200.jpg 300w, https:\/\/www.eldiario.net\/portal\/wp-content\/uploads\/2025\/03\/3-1-2-1024x683.jpg 1024w, https:\/\/www.eldiario.net\/portal\/wp-content\/uploads\/2025\/03\/3-1-2-768x512.jpg 768w, https:\/\/www.eldiario.net\/portal\/wp-content\/uploads\/2025\/03\/3-1-2-696x464.jpg 696w, https:\/\/www.eldiario.net\/portal\/wp-content\/uploads\/2025\/03\/3-1-2-1068x712.jpg 1068w, https:\/\/www.eldiario.net\/portal\/wp-content\/uploads\/2025\/03\/3-1-2.jpg 1200w\" sizes=\"(max-width: 630px) 100vw, 630px\" alt=\"\">\r\n                            <\/a>\r\n                            \r\n                        <\/figure>\r\n                    <\/div>\r\n                    <div class = \"td-slide-item td-item4\">\r\n                        <figure class=\"td-slide-galery-figure td-slide-popup-gallery\">\r\n                            <a class=\"slide-gallery-image-link\" href=\"https:\/\/www.eldiario.net\/portal\/wp-content\/uploads\/2025\/03\/4-1-2.jpg\" title=\"4-\"  data-caption=\"\"  data-description=\"\">\r\n                                <img decoding=\"async\" src=\"https:\/\/www.eldiario.net\/portal\/wp-content\/uploads\/2025\/03\/4-1-2-420x420.jpg\" srcset=\"https:\/\/www.eldiario.net\/portal\/wp-content\/uploads\/2025\/03\/4-1-2-420x420.jpg 420w, https:\/\/www.eldiario.net\/portal\/wp-content\/uploads\/2025\/03\/4-1-2-300x300.jpg 300w, https:\/\/www.eldiario.net\/portal\/wp-content\/uploads\/2025\/03\/4-1-2-150x150.jpg 150w, https:\/\/www.eldiario.net\/portal\/wp-content\/uploads\/2025\/03\/4-1-2-768x768.jpg 768w, https:\/\/www.eldiario.net\/portal\/wp-content\/uploads\/2025\/03\/4-1-2-696x696.jpg 696w, https:\/\/www.eldiario.net\/portal\/wp-content\/uploads\/2025\/03\/4-1-2.jpg 862w\" sizes=\"(max-width: 420px) 100vw, 420px\" alt=\"\">\r\n                            <\/a>\r\n                            \r\n                        <\/figure>\r\n                    <\/div>\r\n                    <div class = \"td-slide-item td-item5\">\r\n                        <figure class=\"td-slide-galery-figure td-slide-popup-gallery\">\r\n                            <a class=\"slide-gallery-image-link\" href=\"https:\/\/www.eldiario.net\/portal\/wp-content\/uploads\/2025\/03\/5-1-3.jpg\" title=\"5-\"  data-caption=\"\"  data-description=\"\">\r\n                                <img decoding=\"async\" src=\"https:\/\/www.eldiario.net\/portal\/wp-content\/uploads\/2025\/03\/5-1-3-630x420.jpg\" srcset=\"https:\/\/www.eldiario.net\/portal\/wp-content\/uploads\/2025\/03\/5-1-3-630x420.jpg 630w, https:\/\/www.eldiario.net\/portal\/wp-content\/uploads\/2025\/03\/5-1-3-300x200.jpg 300w, https:\/\/www.eldiario.net\/portal\/wp-content\/uploads\/2025\/03\/5-1-3-768x512.jpg 768w, https:\/\/www.eldiario.net\/portal\/wp-content\/uploads\/2025\/03\/5-1-3-696x464.jpg 696w, https:\/\/www.eldiario.net\/portal\/wp-content\/uploads\/2025\/03\/5-1-3.jpg 960w\" sizes=\"(max-width: 630px) 100vw, 630px\" alt=\"\">\r\n                            <\/a>\r\n                            \r\n                        <\/figure>\r\n                    <\/div>\r\n                            <\/div>\r\n                        <\/div>\r\n\r\n                        <div class = \"td-doubleSlider-2\">\r\n                            <div class = \"td-slider\">\r\n                                \r\n                    <div class = \"td-button td-item1\">\r\n                        <div class = \"td-border\"><\/div>\r\n                    <\/div>\r\n                    <div class = \"td-button td-item2\">\r\n                        <div class = \"td-border\"><\/div>\r\n                    <\/div>\r\n                    <div class = \"td-button td-item3\">\r\n                        <div class = \"td-border\"><\/div>\r\n                    <\/div>\r\n                    <div class = \"td-button td-item4\">\r\n                        <div class = \"td-border\"><\/div>\r\n                    <\/div>\r\n                    <div class = \"td-button td-item5\">\r\n                        <div class = \"td-border\"><\/div>\r\n                    <\/div>\r\n                            <\/div>\r\n                        <\/div>\r\n\r\n                    <\/div>\r\n\r\n                <\/div>\r\n                \n","protected":false},"excerpt":{"rendered":"<p>\u201cSoy una charanguista con coraz\u00f3n abierto para aprender y\u00a0 nutrirme de conocimiento y nueva m\u00fasica\u201d, afirma Luciel Izumi a pocos d\u00edas de presentarse en la ciudad de La Paz, junto a su banda. La talentosa artista boliviana mostrar\u00e1 su virtuosismo en la interpretaci\u00f3n del charango, el jueves 27 de marzo, a partir de las 19:00 [&hellip;]<\/p>\n","protected":false},"author":1,"featured_media":290463,"comment_status":"closed","ping_status":"open","sticky":false,"template":"","format":"standard","meta":{"_acf_changed":false,"footnotes":""},"categories":[41],"tags":[],"class_list":["post-290462","post","type-post","status-publish","format-standard","has-post-thumbnail","category-la-guia"],"acf":{"antetitulo":""},"yoast_head":"<!-- This site is optimized with the Yoast SEO plugin v28.4 - https:\/\/yoast.com\/product\/yoast-seo-wordpress\/ -->\n<title>Luciel Izumi en La Paz con un show fuera de lo com\u00fan - El Diario - Bolivia<\/title>\n<meta name=\"robots\" content=\"index, follow, max-snippet:-1, max-image-preview:large, max-video-preview:-1\" \/>\n<link rel=\"canonical\" href=\"https:\/\/www.eldiario.net\/portal\/2025\/03\/24\/luciel-izumi-en-la-paz-con-un-show-fuera-de-lo-comun\/\" \/>\n<meta property=\"og:locale\" content=\"es_ES\" \/>\n<meta property=\"og:type\" content=\"article\" \/>\n<meta property=\"og:title\" content=\"Luciel Izumi en La Paz con un show fuera de lo com\u00fan - El Diario - Bolivia\" \/>\n<meta property=\"og:description\" content=\"\u201cSoy una charanguista con coraz\u00f3n abierto para aprender y\u00a0 nutrirme de conocimiento y nueva m\u00fasica\u201d, afirma Luciel Izumi a pocos d\u00edas de presentarse en la ciudad de La Paz, junto a su banda. La talentosa artista boliviana mostrar\u00e1 su virtuosismo en la interpretaci\u00f3n del charango, el jueves 27 de marzo, a partir de las 19:00 [&hellip;]\" \/>\n<meta property=\"og:url\" content=\"https:\/\/www.eldiario.net\/portal\/2025\/03\/24\/luciel-izumi-en-la-paz-con-un-show-fuera-de-lo-comun\/\" \/>\n<meta property=\"og:site_name\" content=\"El Diario - Bolivia\" \/>\n<meta property=\"article:publisher\" content=\"https:\/\/www.facebook.com\/eldiario.bolivia\/\" \/>\n<meta property=\"article:published_time\" content=\"2025-03-24T09:48:40+00:00\" \/>\n<meta property=\"og:image\" content=\"https:\/\/www.eldiario.net\/portal\/wp-content\/uploads\/2025\/03\/1-PRINCIPAL-9.jpg\" \/>\n\t<meta property=\"og:image:width\" content=\"1173\" \/>\n\t<meta property=\"og:image:height\" content=\"1600\" \/>\n\t<meta property=\"og:image:type\" content=\"image\/jpeg\" \/>\n<meta name=\"author\" content=\"Jeanette\" \/>\n<meta name=\"twitter:card\" content=\"summary_large_image\" \/>\n<meta name=\"twitter:creator\" content=\"@eldiario_net\" \/>\n<meta name=\"twitter:site\" content=\"@eldiario_net\" \/>\n<meta name=\"twitter:label1\" content=\"Escrito por\" \/>\n\t<meta name=\"twitter:data1\" content=\"Jeanette\" \/>\n\t<meta name=\"twitter:label2\" content=\"Tiempo de lectura\" \/>\n\t<meta name=\"twitter:data2\" content=\"5 minutos\" \/>\n<script type=\"application\/ld+json\" class=\"yoast-schema-graph\">{\"@context\":\"https:\\\/\\\/schema.org\",\"@graph\":[{\"@type\":\"Article\",\"@id\":\"https:\\\/\\\/www.eldiario.net\\\/portal\\\/2025\\\/03\\\/24\\\/luciel-izumi-en-la-paz-con-un-show-fuera-de-lo-comun\\\/#article\",\"isPartOf\":{\"@id\":\"https:\\\/\\\/www.eldiario.net\\\/portal\\\/2025\\\/03\\\/24\\\/luciel-izumi-en-la-paz-con-un-show-fuera-de-lo-comun\\\/\"},\"author\":{\"name\":\"Jeanette\",\"@id\":\"https:\\\/\\\/www.eldiario.net\\\/portal\\\/#\\\/schema\\\/person\\\/2c57cf2b7a7ae032e449e4c9b1019eac\"},\"headline\":\"Luciel Izumi en La Paz con un show fuera de lo com\u00fan\",\"datePublished\":\"2025-03-24T09:48:40+00:00\",\"mainEntityOfPage\":{\"@id\":\"https:\\\/\\\/www.eldiario.net\\\/portal\\\/2025\\\/03\\\/24\\\/luciel-izumi-en-la-paz-con-un-show-fuera-de-lo-comun\\\/\"},\"wordCount\":1067,\"publisher\":{\"@id\":\"https:\\\/\\\/www.eldiario.net\\\/portal\\\/#organization\"},\"image\":{\"@id\":\"https:\\\/\\\/www.eldiario.net\\\/portal\\\/2025\\\/03\\\/24\\\/luciel-izumi-en-la-paz-con-un-show-fuera-de-lo-comun\\\/#primaryimage\"},\"thumbnailUrl\":\"https:\\\/\\\/www.eldiario.net\\\/portal\\\/wp-content\\\/uploads\\\/2025\\\/03\\\/1-PRINCIPAL-9.jpg\",\"articleSection\":[\"La Gu\u00eda\"],\"inLanguage\":\"es\"},{\"@type\":\"WebPage\",\"@id\":\"https:\\\/\\\/www.eldiario.net\\\/portal\\\/2025\\\/03\\\/24\\\/luciel-izumi-en-la-paz-con-un-show-fuera-de-lo-comun\\\/\",\"url\":\"https:\\\/\\\/www.eldiario.net\\\/portal\\\/2025\\\/03\\\/24\\\/luciel-izumi-en-la-paz-con-un-show-fuera-de-lo-comun\\\/\",\"name\":\"Luciel Izumi en La Paz con un show fuera de lo com\u00fan - El Diario - Bolivia\",\"isPartOf\":{\"@id\":\"https:\\\/\\\/www.eldiario.net\\\/portal\\\/#website\"},\"primaryImageOfPage\":{\"@id\":\"https:\\\/\\\/www.eldiario.net\\\/portal\\\/2025\\\/03\\\/24\\\/luciel-izumi-en-la-paz-con-un-show-fuera-de-lo-comun\\\/#primaryimage\"},\"image\":{\"@id\":\"https:\\\/\\\/www.eldiario.net\\\/portal\\\/2025\\\/03\\\/24\\\/luciel-izumi-en-la-paz-con-un-show-fuera-de-lo-comun\\\/#primaryimage\"},\"thumbnailUrl\":\"https:\\\/\\\/www.eldiario.net\\\/portal\\\/wp-content\\\/uploads\\\/2025\\\/03\\\/1-PRINCIPAL-9.jpg\",\"datePublished\":\"2025-03-24T09:48:40+00:00\",\"breadcrumb\":{\"@id\":\"https:\\\/\\\/www.eldiario.net\\\/portal\\\/2025\\\/03\\\/24\\\/luciel-izumi-en-la-paz-con-un-show-fuera-de-lo-comun\\\/#breadcrumb\"},\"inLanguage\":\"es\",\"potentialAction\":[{\"@type\":\"ReadAction\",\"target\":[\"https:\\\/\\\/www.eldiario.net\\\/portal\\\/2025\\\/03\\\/24\\\/luciel-izumi-en-la-paz-con-un-show-fuera-de-lo-comun\\\/\"]}]},{\"@type\":\"ImageObject\",\"inLanguage\":\"es\",\"@id\":\"https:\\\/\\\/www.eldiario.net\\\/portal\\\/2025\\\/03\\\/24\\\/luciel-izumi-en-la-paz-con-un-show-fuera-de-lo-comun\\\/#primaryimage\",\"url\":\"https:\\\/\\\/www.eldiario.net\\\/portal\\\/wp-content\\\/uploads\\\/2025\\\/03\\\/1-PRINCIPAL-9.jpg\",\"contentUrl\":\"https:\\\/\\\/www.eldiario.net\\\/portal\\\/wp-content\\\/uploads\\\/2025\\\/03\\\/1-PRINCIPAL-9.jpg\",\"width\":1173,\"height\":1600},{\"@type\":\"BreadcrumbList\",\"@id\":\"https:\\\/\\\/www.eldiario.net\\\/portal\\\/2025\\\/03\\\/24\\\/luciel-izumi-en-la-paz-con-un-show-fuera-de-lo-comun\\\/#breadcrumb\",\"itemListElement\":[{\"@type\":\"ListItem\",\"position\":1,\"name\":\"Portada\",\"item\":\"https:\\\/\\\/www.eldiario.net\\\/portal\\\/\"},{\"@type\":\"ListItem\",\"position\":2,\"name\":\"Luciel Izumi en La Paz con un show fuera de lo com\u00fan\"}]},{\"@type\":\"WebSite\",\"@id\":\"https:\\\/\\\/www.eldiario.net\\\/portal\\\/#website\",\"url\":\"https:\\\/\\\/www.eldiario.net\\\/portal\\\/\",\"name\":\"El Diario - Decano de la prensa nacional\",\"description\":\"El Diario - Decano de la prensa nacional\",\"publisher\":{\"@id\":\"https:\\\/\\\/www.eldiario.net\\\/portal\\\/#organization\"},\"potentialAction\":[{\"@type\":\"SearchAction\",\"target\":{\"@type\":\"EntryPoint\",\"urlTemplate\":\"https:\\\/\\\/www.eldiario.net\\\/portal\\\/?s={search_term_string}\"},\"query-input\":{\"@type\":\"PropertyValueSpecification\",\"valueRequired\":true,\"valueName\":\"search_term_string\"}}],\"inLanguage\":\"es\"},{\"@type\":\"Organization\",\"@id\":\"https:\\\/\\\/www.eldiario.net\\\/portal\\\/#organization\",\"name\":\"El Diario - Decano de la prensa nacional\",\"url\":\"https:\\\/\\\/www.eldiario.net\\\/portal\\\/\",\"logo\":{\"@type\":\"ImageObject\",\"inLanguage\":\"es\",\"@id\":\"https:\\\/\\\/www.eldiario.net\\\/portal\\\/#\\\/schema\\\/logo\\\/image\\\/\",\"url\":\"https:\\\/\\\/www.eldiario.net\\\/portal\\\/wp-content\\\/uploads\\\/2023\\\/07\\\/logo_ED.jpg\",\"contentUrl\":\"https:\\\/\\\/www.eldiario.net\\\/portal\\\/wp-content\\\/uploads\\\/2023\\\/07\\\/logo_ED.jpg\",\"width\":272,\"height\":52,\"caption\":\"El Diario - Decano de la prensa nacional\"},\"image\":{\"@id\":\"https:\\\/\\\/www.eldiario.net\\\/portal\\\/#\\\/schema\\\/logo\\\/image\\\/\"},\"sameAs\":[\"https:\\\/\\\/www.facebook.com\\\/eldiario.bolivia\\\/\",\"https:\\\/\\\/x.com\\\/eldiario_net\"]},{\"@type\":\"Person\",\"@id\":\"https:\\\/\\\/www.eldiario.net\\\/portal\\\/#\\\/schema\\\/person\\\/2c57cf2b7a7ae032e449e4c9b1019eac\",\"name\":\"Jeanette\",\"image\":{\"@type\":\"ImageObject\",\"inLanguage\":\"es\",\"@id\":\"https:\\\/\\\/secure.gravatar.com\\\/avatar\\\/3ea2118a5f7dad2b7138b1187a6b7ee55f160b9968b66013c3a3ef39dd7e5798?s=96&d=mm&r=g\",\"url\":\"https:\\\/\\\/secure.gravatar.com\\\/avatar\\\/3ea2118a5f7dad2b7138b1187a6b7ee55f160b9968b66013c3a3ef39dd7e5798?s=96&d=mm&r=g\",\"contentUrl\":\"https:\\\/\\\/secure.gravatar.com\\\/avatar\\\/3ea2118a5f7dad2b7138b1187a6b7ee55f160b9968b66013c3a3ef39dd7e5798?s=96&d=mm&r=g\",\"caption\":\"Jeanette\"},\"sameAs\":[\"https:\\\/\\\/www.eldiario.net\\\/portal\"],\"url\":\"https:\\\/\\\/www.eldiario.net\\\/portal\\\/author\\\/jeanette\\\/\"}]}<\/script>\n<!-- \/ Yoast SEO plugin. -->","yoast_head_json":{"title":"Luciel Izumi en La Paz con un show fuera de lo com\u00fan - El Diario - Bolivia","robots":{"index":"index","follow":"follow","max-snippet":"max-snippet:-1","max-image-preview":"max-image-preview:large","max-video-preview":"max-video-preview:-1"},"canonical":"https:\/\/www.eldiario.net\/portal\/2025\/03\/24\/luciel-izumi-en-la-paz-con-un-show-fuera-de-lo-comun\/","og_locale":"es_ES","og_type":"article","og_title":"Luciel Izumi en La Paz con un show fuera de lo com\u00fan - El Diario - Bolivia","og_description":"\u201cSoy una charanguista con coraz\u00f3n abierto para aprender y\u00a0 nutrirme de conocimiento y nueva m\u00fasica\u201d, afirma Luciel Izumi a pocos d\u00edas de presentarse en la ciudad de La Paz, junto a su banda. La talentosa artista boliviana mostrar\u00e1 su virtuosismo en la interpretaci\u00f3n del charango, el jueves 27 de marzo, a partir de las 19:00 [&hellip;]","og_url":"https:\/\/www.eldiario.net\/portal\/2025\/03\/24\/luciel-izumi-en-la-paz-con-un-show-fuera-de-lo-comun\/","og_site_name":"El Diario - Bolivia","article_publisher":"https:\/\/www.facebook.com\/eldiario.bolivia\/","article_published_time":"2025-03-24T09:48:40+00:00","og_image":[{"width":1173,"height":1600,"url":"https:\/\/www.eldiario.net\/portal\/wp-content\/uploads\/2025\/03\/1-PRINCIPAL-9.jpg","type":"image\/jpeg"}],"author":"Jeanette","twitter_card":"summary_large_image","twitter_creator":"@eldiario_net","twitter_site":"@eldiario_net","twitter_misc":{"Escrito por":"Jeanette","Tiempo de lectura":"5 minutos"},"schema":{"@context":"https:\/\/schema.org","@graph":[{"@type":"Article","@id":"https:\/\/www.eldiario.net\/portal\/2025\/03\/24\/luciel-izumi-en-la-paz-con-un-show-fuera-de-lo-comun\/#article","isPartOf":{"@id":"https:\/\/www.eldiario.net\/portal\/2025\/03\/24\/luciel-izumi-en-la-paz-con-un-show-fuera-de-lo-comun\/"},"author":{"name":"Jeanette","@id":"https:\/\/www.eldiario.net\/portal\/#\/schema\/person\/2c57cf2b7a7ae032e449e4c9b1019eac"},"headline":"Luciel Izumi en La Paz con un show fuera de lo com\u00fan","datePublished":"2025-03-24T09:48:40+00:00","mainEntityOfPage":{"@id":"https:\/\/www.eldiario.net\/portal\/2025\/03\/24\/luciel-izumi-en-la-paz-con-un-show-fuera-de-lo-comun\/"},"wordCount":1067,"publisher":{"@id":"https:\/\/www.eldiario.net\/portal\/#organization"},"image":{"@id":"https:\/\/www.eldiario.net\/portal\/2025\/03\/24\/luciel-izumi-en-la-paz-con-un-show-fuera-de-lo-comun\/#primaryimage"},"thumbnailUrl":"https:\/\/www.eldiario.net\/portal\/wp-content\/uploads\/2025\/03\/1-PRINCIPAL-9.jpg","articleSection":["La Gu\u00eda"],"inLanguage":"es"},{"@type":"WebPage","@id":"https:\/\/www.eldiario.net\/portal\/2025\/03\/24\/luciel-izumi-en-la-paz-con-un-show-fuera-de-lo-comun\/","url":"https:\/\/www.eldiario.net\/portal\/2025\/03\/24\/luciel-izumi-en-la-paz-con-un-show-fuera-de-lo-comun\/","name":"Luciel Izumi en La Paz con un show fuera de lo com\u00fan - El Diario - Bolivia","isPartOf":{"@id":"https:\/\/www.eldiario.net\/portal\/#website"},"primaryImageOfPage":{"@id":"https:\/\/www.eldiario.net\/portal\/2025\/03\/24\/luciel-izumi-en-la-paz-con-un-show-fuera-de-lo-comun\/#primaryimage"},"image":{"@id":"https:\/\/www.eldiario.net\/portal\/2025\/03\/24\/luciel-izumi-en-la-paz-con-un-show-fuera-de-lo-comun\/#primaryimage"},"thumbnailUrl":"https:\/\/www.eldiario.net\/portal\/wp-content\/uploads\/2025\/03\/1-PRINCIPAL-9.jpg","datePublished":"2025-03-24T09:48:40+00:00","breadcrumb":{"@id":"https:\/\/www.eldiario.net\/portal\/2025\/03\/24\/luciel-izumi-en-la-paz-con-un-show-fuera-de-lo-comun\/#breadcrumb"},"inLanguage":"es","potentialAction":[{"@type":"ReadAction","target":["https:\/\/www.eldiario.net\/portal\/2025\/03\/24\/luciel-izumi-en-la-paz-con-un-show-fuera-de-lo-comun\/"]}]},{"@type":"ImageObject","inLanguage":"es","@id":"https:\/\/www.eldiario.net\/portal\/2025\/03\/24\/luciel-izumi-en-la-paz-con-un-show-fuera-de-lo-comun\/#primaryimage","url":"https:\/\/www.eldiario.net\/portal\/wp-content\/uploads\/2025\/03\/1-PRINCIPAL-9.jpg","contentUrl":"https:\/\/www.eldiario.net\/portal\/wp-content\/uploads\/2025\/03\/1-PRINCIPAL-9.jpg","width":1173,"height":1600},{"@type":"BreadcrumbList","@id":"https:\/\/www.eldiario.net\/portal\/2025\/03\/24\/luciel-izumi-en-la-paz-con-un-show-fuera-de-lo-comun\/#breadcrumb","itemListElement":[{"@type":"ListItem","position":1,"name":"Portada","item":"https:\/\/www.eldiario.net\/portal\/"},{"@type":"ListItem","position":2,"name":"Luciel Izumi en La Paz con un show fuera de lo com\u00fan"}]},{"@type":"WebSite","@id":"https:\/\/www.eldiario.net\/portal\/#website","url":"https:\/\/www.eldiario.net\/portal\/","name":"El Diario - Decano de la prensa nacional","description":"El Diario - Decano de la prensa nacional","publisher":{"@id":"https:\/\/www.eldiario.net\/portal\/#organization"},"potentialAction":[{"@type":"SearchAction","target":{"@type":"EntryPoint","urlTemplate":"https:\/\/www.eldiario.net\/portal\/?s={search_term_string}"},"query-input":{"@type":"PropertyValueSpecification","valueRequired":true,"valueName":"search_term_string"}}],"inLanguage":"es"},{"@type":"Organization","@id":"https:\/\/www.eldiario.net\/portal\/#organization","name":"El Diario - Decano de la prensa nacional","url":"https:\/\/www.eldiario.net\/portal\/","logo":{"@type":"ImageObject","inLanguage":"es","@id":"https:\/\/www.eldiario.net\/portal\/#\/schema\/logo\/image\/","url":"https:\/\/www.eldiario.net\/portal\/wp-content\/uploads\/2023\/07\/logo_ED.jpg","contentUrl":"https:\/\/www.eldiario.net\/portal\/wp-content\/uploads\/2023\/07\/logo_ED.jpg","width":272,"height":52,"caption":"El Diario - Decano de la prensa nacional"},"image":{"@id":"https:\/\/www.eldiario.net\/portal\/#\/schema\/logo\/image\/"},"sameAs":["https:\/\/www.facebook.com\/eldiario.bolivia\/","https:\/\/x.com\/eldiario_net"]},{"@type":"Person","@id":"https:\/\/www.eldiario.net\/portal\/#\/schema\/person\/2c57cf2b7a7ae032e449e4c9b1019eac","name":"Jeanette","image":{"@type":"ImageObject","inLanguage":"es","@id":"https:\/\/secure.gravatar.com\/avatar\/3ea2118a5f7dad2b7138b1187a6b7ee55f160b9968b66013c3a3ef39dd7e5798?s=96&d=mm&r=g","url":"https:\/\/secure.gravatar.com\/avatar\/3ea2118a5f7dad2b7138b1187a6b7ee55f160b9968b66013c3a3ef39dd7e5798?s=96&d=mm&r=g","contentUrl":"https:\/\/secure.gravatar.com\/avatar\/3ea2118a5f7dad2b7138b1187a6b7ee55f160b9968b66013c3a3ef39dd7e5798?s=96&d=mm&r=g","caption":"Jeanette"},"sameAs":["https:\/\/www.eldiario.net\/portal"],"url":"https:\/\/www.eldiario.net\/portal\/author\/jeanette\/"}]}},"_links":{"self":[{"href":"https:\/\/www.eldiario.net\/portal\/wp-json\/wp\/v2\/posts\/290462","targetHints":{"allow":["GET"]}}],"collection":[{"href":"https:\/\/www.eldiario.net\/portal\/wp-json\/wp\/v2\/posts"}],"about":[{"href":"https:\/\/www.eldiario.net\/portal\/wp-json\/wp\/v2\/types\/post"}],"author":[{"embeddable":true,"href":"https:\/\/www.eldiario.net\/portal\/wp-json\/wp\/v2\/users\/1"}],"replies":[{"embeddable":true,"href":"https:\/\/www.eldiario.net\/portal\/wp-json\/wp\/v2\/comments?post=290462"}],"version-history":[{"count":1,"href":"https:\/\/www.eldiario.net\/portal\/wp-json\/wp\/v2\/posts\/290462\/revisions"}],"predecessor-version":[{"id":290468,"href":"https:\/\/www.eldiario.net\/portal\/wp-json\/wp\/v2\/posts\/290462\/revisions\/290468"}],"wp:featuredmedia":[{"embeddable":true,"href":"https:\/\/www.eldiario.net\/portal\/wp-json\/wp\/v2\/media\/290463"}],"wp:attachment":[{"href":"https:\/\/www.eldiario.net\/portal\/wp-json\/wp\/v2\/media?parent=290462"}],"wp:term":[{"taxonomy":"category","embeddable":true,"href":"https:\/\/www.eldiario.net\/portal\/wp-json\/wp\/v2\/categories?post=290462"},{"taxonomy":"post_tag","embeddable":true,"href":"https:\/\/www.eldiario.net\/portal\/wp-json\/wp\/v2\/tags?post=290462"}],"curies":[{"name":"wp","href":"https:\/\/api.w.org\/{rel}","templated":true}]}}