{"id":290459,"date":"2025-03-24T05:46:25","date_gmt":"2025-03-24T09:46:25","guid":{"rendered":"https:\/\/www.eldiario.net\/portal\/?p=290459"},"modified":"2025-03-24T05:46:25","modified_gmt":"2025-03-24T09:46:25","slug":"la-verde-con-equipo-completo-frente-a-uruguay","status":"publish","type":"post","link":"https:\/\/www.eldiario.net\/portal\/2025\/03\/24\/la-verde-con-equipo-completo-frente-a-uruguay\/","title":{"rendered":"La Verde, con equipo completo frente a Uruguay"},"content":{"rendered":"<p>La Selecci\u00f3n Boliviana sum\u00f3 su segundo tercer de entrenamientos con la mirada puesta en el partido del martes ante Uruguay y la necesidad de sumar los tres puntos en disputa para mantenerse en la zona de repechaje en las eliminatorias suramericanas para el Mundial 2026.<br \/>\nEl ayudante de campo, Gabriel Ram\u00edrez, dijo a los medios que se ha trabajado tres d\u00edas (sumando al de ayer) para que los futbolistas est\u00e9n al \u00abciento por ciento\u00bb de cara al partido del martes ante la selecci\u00f3n charr\u00faa.<br \/>\nRam\u00edrez detall\u00f3 que el objetivo del equipo es aplicar los \u00abconceptos\u00bb futbol\u00edsticos que Bolivia ha venido empleando cada vez que le toca jugar en casa, como \u00abintentar proponer, sumar mucha gente en el ataque y (aplicar) distintas variantes\u00bb.<br \/>\nPor su parte, el seleccionador Oscar Villegas mencion\u00f3 que su grupo de jugadores es consciente de \u00ablo bueno\u00bb que se mostr\u00f3 en Lima, aunque admiti\u00f3 que existen aspectos que hay que \u00abmejorar\u00bb.<br \/>\n\u00abEstamos en desarrollo, estamos en progreso y (ahora) tenemos que demostrarlo con Uruguay\u00bb, mencion\u00f3.<\/p>\n<p>EQUIPO COMPLETO<br \/>\nBolivia tendr\u00e1 a disposici\u00f3n todos sus futbolistas a para el duelo del martes ante Uruguay, tomando en cuenta que no recibi\u00f3 tarjetas amarillas que inhabiliten a alguno de sus jugadores. Hoy se tiene previsto finalizar las pr\u00e1cticas y centrarse en el partido de la jornada 14 de las clasificatorias suramericanas.<br \/>\nA diferencia del once que se present\u00f3 ante Per\u00fa, se prev\u00e9 que Villegas haga algunos cambios para fortalecer el volumen ofensivo de su equipo, con el lateral Yomar Rocha y el mediocampista Robson Matheus, adem\u00e1s de dar minutos al ariete Roler Ferrufino.<br \/>\nLa Verde ocupa la s\u00e9ptima posici\u00f3n con 13 puntos luego del mismo n\u00famero de partidos y se mantiene en zona de repesca para luchar por un cupo para la pr\u00f3xima Copa del Mundo, por delante de Venezuela (12), Per\u00fa (10) y Chile (9).<br \/>\nENTRADAS<br \/>\nLa FBF anunci\u00f3 en sus redes sociales que se han vendido m\u00e1s de 7.000 localidades. Las entradas m\u00e1s baratas tienen un costo de 85 bolivianos en las curvas (Zona 4).<br \/>\nPara los otros sectores se ha establecido la siguiente escala de precios: Zona 1: cada entrada cuesta 275 bolivianos; Zona 2, 185; Zona 3, 125. Adem\u00e1s, la FBF implement\u00f3 una zona preferencial, en las dos rectas del escenario (parte alta), que tiene un valor de 420 bolivianos.<\/p>\n<p><em>ERWIN QUISPE PERCA<\/em><\/p>\n<p>&nbsp;<\/p>\n","protected":false},"excerpt":{"rendered":"<p>La Selecci\u00f3n Boliviana sum\u00f3 su segundo tercer de entrenamientos con la mirada puesta en el partido del martes ante Uruguay y la necesidad de sumar los tres puntos en disputa para mantenerse en la zona de repechaje en las eliminatorias suramericanas para el Mundial 2026. El ayudante de campo, Gabriel Ram\u00edrez, dijo a los medios [&hellip;]<\/p>\n","protected":false},"author":1,"featured_media":290460,"comment_status":"closed","ping_status":"open","sticky":false,"template":"","format":"standard","meta":{"_acf_changed":false,"footnotes":""},"categories":[6],"tags":[],"class_list":["post-290459","post","type-post","status-publish","format-standard","has-post-thumbnail","category-deportes"],"acf":{"antetitulo":""},"yoast_head":"<!-- This site is optimized with the Yoast SEO plugin v28.4 - https:\/\/yoast.com\/product\/yoast-seo-wordpress\/ -->\n<title>La Verde, con equipo completo frente a Uruguay - El Diario - Bolivia<\/title>\n<meta name=\"robots\" content=\"index, follow, max-snippet:-1, max-image-preview:large, max-video-preview:-1\" \/>\n<link rel=\"canonical\" href=\"https:\/\/www.eldiario.net\/portal\/2025\/03\/24\/la-verde-con-equipo-completo-frente-a-uruguay\/\" \/>\n<meta property=\"og:locale\" content=\"es_ES\" \/>\n<meta property=\"og:type\" content=\"article\" \/>\n<meta property=\"og:title\" content=\"La Verde, con equipo completo frente a Uruguay - El Diario - Bolivia\" \/>\n<meta property=\"og:description\" content=\"La Selecci\u00f3n Boliviana sum\u00f3 su segundo tercer de entrenamientos con la mirada puesta en el partido del martes ante Uruguay y la necesidad de sumar los tres puntos en disputa para mantenerse en la zona de repechaje en las eliminatorias suramericanas para el Mundial 2026. El ayudante de campo, Gabriel Ram\u00edrez, dijo a los medios [&hellip;]\" \/>\n<meta property=\"og:url\" content=\"https:\/\/www.eldiario.net\/portal\/2025\/03\/24\/la-verde-con-equipo-completo-frente-a-uruguay\/\" \/>\n<meta property=\"og:site_name\" content=\"El Diario - Bolivia\" \/>\n<meta property=\"article:publisher\" content=\"https:\/\/www.facebook.com\/eldiario.bolivia\/\" \/>\n<meta property=\"article:published_time\" content=\"2025-03-24T09:46:25+00:00\" \/>\n<meta property=\"og:image\" content=\"https:\/\/www.eldiario.net\/portal\/wp-content\/uploads\/2025\/03\/sleccio.jpg\" \/>\n\t<meta property=\"og:image:width\" content=\"1200\" \/>\n\t<meta property=\"og:image:height\" content=\"1078\" \/>\n\t<meta property=\"og:image:type\" content=\"image\/jpeg\" \/>\n<meta name=\"author\" content=\"Jeanette\" \/>\n<meta name=\"twitter:card\" content=\"summary_large_image\" \/>\n<meta name=\"twitter:creator\" content=\"@eldiario_net\" \/>\n<meta name=\"twitter:site\" content=\"@eldiario_net\" \/>\n<meta name=\"twitter:label1\" content=\"Escrito por\" \/>\n\t<meta name=\"twitter:data1\" content=\"Jeanette\" \/>\n\t<meta name=\"twitter:label2\" content=\"Tiempo de lectura\" \/>\n\t<meta name=\"twitter:data2\" content=\"2 minutos\" \/>\n<script type=\"application\/ld+json\" class=\"yoast-schema-graph\">{\"@context\":\"https:\\\/\\\/schema.org\",\"@graph\":[{\"@type\":\"Article\",\"@id\":\"https:\\\/\\\/www.eldiario.net\\\/portal\\\/2025\\\/03\\\/24\\\/la-verde-con-equipo-completo-frente-a-uruguay\\\/#article\",\"isPartOf\":{\"@id\":\"https:\\\/\\\/www.eldiario.net\\\/portal\\\/2025\\\/03\\\/24\\\/la-verde-con-equipo-completo-frente-a-uruguay\\\/\"},\"author\":{\"name\":\"Jeanette\",\"@id\":\"https:\\\/\\\/www.eldiario.net\\\/portal\\\/#\\\/schema\\\/person\\\/2c57cf2b7a7ae032e449e4c9b1019eac\"},\"headline\":\"La Verde, con equipo completo frente a Uruguay\",\"datePublished\":\"2025-03-24T09:46:25+00:00\",\"mainEntityOfPage\":{\"@id\":\"https:\\\/\\\/www.eldiario.net\\\/portal\\\/2025\\\/03\\\/24\\\/la-verde-con-equipo-completo-frente-a-uruguay\\\/\"},\"wordCount\":397,\"publisher\":{\"@id\":\"https:\\\/\\\/www.eldiario.net\\\/portal\\\/#organization\"},\"image\":{\"@id\":\"https:\\\/\\\/www.eldiario.net\\\/portal\\\/2025\\\/03\\\/24\\\/la-verde-con-equipo-completo-frente-a-uruguay\\\/#primaryimage\"},\"thumbnailUrl\":\"https:\\\/\\\/www.eldiario.net\\\/portal\\\/wp-content\\\/uploads\\\/2025\\\/03\\\/sleccio.jpg\",\"articleSection\":[\"Deportes\"],\"inLanguage\":\"es\"},{\"@type\":\"WebPage\",\"@id\":\"https:\\\/\\\/www.eldiario.net\\\/portal\\\/2025\\\/03\\\/24\\\/la-verde-con-equipo-completo-frente-a-uruguay\\\/\",\"url\":\"https:\\\/\\\/www.eldiario.net\\\/portal\\\/2025\\\/03\\\/24\\\/la-verde-con-equipo-completo-frente-a-uruguay\\\/\",\"name\":\"La Verde, con equipo completo frente a Uruguay - El Diario - Bolivia\",\"isPartOf\":{\"@id\":\"https:\\\/\\\/www.eldiario.net\\\/portal\\\/#website\"},\"primaryImageOfPage\":{\"@id\":\"https:\\\/\\\/www.eldiario.net\\\/portal\\\/2025\\\/03\\\/24\\\/la-verde-con-equipo-completo-frente-a-uruguay\\\/#primaryimage\"},\"image\":{\"@id\":\"https:\\\/\\\/www.eldiario.net\\\/portal\\\/2025\\\/03\\\/24\\\/la-verde-con-equipo-completo-frente-a-uruguay\\\/#primaryimage\"},\"thumbnailUrl\":\"https:\\\/\\\/www.eldiario.net\\\/portal\\\/wp-content\\\/uploads\\\/2025\\\/03\\\/sleccio.jpg\",\"datePublished\":\"2025-03-24T09:46:25+00:00\",\"breadcrumb\":{\"@id\":\"https:\\\/\\\/www.eldiario.net\\\/portal\\\/2025\\\/03\\\/24\\\/la-verde-con-equipo-completo-frente-a-uruguay\\\/#breadcrumb\"},\"inLanguage\":\"es\",\"potentialAction\":[{\"@type\":\"ReadAction\",\"target\":[\"https:\\\/\\\/www.eldiario.net\\\/portal\\\/2025\\\/03\\\/24\\\/la-verde-con-equipo-completo-frente-a-uruguay\\\/\"]}]},{\"@type\":\"ImageObject\",\"inLanguage\":\"es\",\"@id\":\"https:\\\/\\\/www.eldiario.net\\\/portal\\\/2025\\\/03\\\/24\\\/la-verde-con-equipo-completo-frente-a-uruguay\\\/#primaryimage\",\"url\":\"https:\\\/\\\/www.eldiario.net\\\/portal\\\/wp-content\\\/uploads\\\/2025\\\/03\\\/sleccio.jpg\",\"contentUrl\":\"https:\\\/\\\/www.eldiario.net\\\/portal\\\/wp-content\\\/uploads\\\/2025\\\/03\\\/sleccio.jpg\",\"width\":1200,\"height\":1078},{\"@type\":\"BreadcrumbList\",\"@id\":\"https:\\\/\\\/www.eldiario.net\\\/portal\\\/2025\\\/03\\\/24\\\/la-verde-con-equipo-completo-frente-a-uruguay\\\/#breadcrumb\",\"itemListElement\":[{\"@type\":\"ListItem\",\"position\":1,\"name\":\"Portada\",\"item\":\"https:\\\/\\\/www.eldiario.net\\\/portal\\\/\"},{\"@type\":\"ListItem\",\"position\":2,\"name\":\"La Verde, con equipo completo frente a Uruguay\"}]},{\"@type\":\"WebSite\",\"@id\":\"https:\\\/\\\/www.eldiario.net\\\/portal\\\/#website\",\"url\":\"https:\\\/\\\/www.eldiario.net\\\/portal\\\/\",\"name\":\"El Diario - Decano de la prensa nacional\",\"description\":\"El Diario - Decano de la prensa nacional\",\"publisher\":{\"@id\":\"https:\\\/\\\/www.eldiario.net\\\/portal\\\/#organization\"},\"potentialAction\":[{\"@type\":\"SearchAction\",\"target\":{\"@type\":\"EntryPoint\",\"urlTemplate\":\"https:\\\/\\\/www.eldiario.net\\\/portal\\\/?s={search_term_string}\"},\"query-input\":{\"@type\":\"PropertyValueSpecification\",\"valueRequired\":true,\"valueName\":\"search_term_string\"}}],\"inLanguage\":\"es\"},{\"@type\":\"Organization\",\"@id\":\"https:\\\/\\\/www.eldiario.net\\\/portal\\\/#organization\",\"name\":\"El Diario - Decano de la prensa nacional\",\"url\":\"https:\\\/\\\/www.eldiario.net\\\/portal\\\/\",\"logo\":{\"@type\":\"ImageObject\",\"inLanguage\":\"es\",\"@id\":\"https:\\\/\\\/www.eldiario.net\\\/portal\\\/#\\\/schema\\\/logo\\\/image\\\/\",\"url\":\"https:\\\/\\\/www.eldiario.net\\\/portal\\\/wp-content\\\/uploads\\\/2023\\\/07\\\/logo_ED.jpg\",\"contentUrl\":\"https:\\\/\\\/www.eldiario.net\\\/portal\\\/wp-content\\\/uploads\\\/2023\\\/07\\\/logo_ED.jpg\",\"width\":272,\"height\":52,\"caption\":\"El Diario - Decano de la prensa nacional\"},\"image\":{\"@id\":\"https:\\\/\\\/www.eldiario.net\\\/portal\\\/#\\\/schema\\\/logo\\\/image\\\/\"},\"sameAs\":[\"https:\\\/\\\/www.facebook.com\\\/eldiario.bolivia\\\/\",\"https:\\\/\\\/x.com\\\/eldiario_net\"]},{\"@type\":\"Person\",\"@id\":\"https:\\\/\\\/www.eldiario.net\\\/portal\\\/#\\\/schema\\\/person\\\/2c57cf2b7a7ae032e449e4c9b1019eac\",\"name\":\"Jeanette\",\"image\":{\"@type\":\"ImageObject\",\"inLanguage\":\"es\",\"@id\":\"https:\\\/\\\/secure.gravatar.com\\\/avatar\\\/3ea2118a5f7dad2b7138b1187a6b7ee55f160b9968b66013c3a3ef39dd7e5798?s=96&d=mm&r=g\",\"url\":\"https:\\\/\\\/secure.gravatar.com\\\/avatar\\\/3ea2118a5f7dad2b7138b1187a6b7ee55f160b9968b66013c3a3ef39dd7e5798?s=96&d=mm&r=g\",\"contentUrl\":\"https:\\\/\\\/secure.gravatar.com\\\/avatar\\\/3ea2118a5f7dad2b7138b1187a6b7ee55f160b9968b66013c3a3ef39dd7e5798?s=96&d=mm&r=g\",\"caption\":\"Jeanette\"},\"sameAs\":[\"https:\\\/\\\/www.eldiario.net\\\/portal\"],\"url\":\"https:\\\/\\\/www.eldiario.net\\\/portal\\\/author\\\/jeanette\\\/\"}]}<\/script>\n<!-- \/ Yoast SEO plugin. -->","yoast_head_json":{"title":"La Verde, con equipo completo frente a Uruguay - El Diario - Bolivia","robots":{"index":"index","follow":"follow","max-snippet":"max-snippet:-1","max-image-preview":"max-image-preview:large","max-video-preview":"max-video-preview:-1"},"canonical":"https:\/\/www.eldiario.net\/portal\/2025\/03\/24\/la-verde-con-equipo-completo-frente-a-uruguay\/","og_locale":"es_ES","og_type":"article","og_title":"La Verde, con equipo completo frente a Uruguay - El Diario - Bolivia","og_description":"La Selecci\u00f3n Boliviana sum\u00f3 su segundo tercer de entrenamientos con la mirada puesta en el partido del martes ante Uruguay y la necesidad de sumar los tres puntos en disputa para mantenerse en la zona de repechaje en las eliminatorias suramericanas para el Mundial 2026. El ayudante de campo, Gabriel Ram\u00edrez, dijo a los medios [&hellip;]","og_url":"https:\/\/www.eldiario.net\/portal\/2025\/03\/24\/la-verde-con-equipo-completo-frente-a-uruguay\/","og_site_name":"El Diario - Bolivia","article_publisher":"https:\/\/www.facebook.com\/eldiario.bolivia\/","article_published_time":"2025-03-24T09:46:25+00:00","og_image":[{"width":1200,"height":1078,"url":"https:\/\/www.eldiario.net\/portal\/wp-content\/uploads\/2025\/03\/sleccio.jpg","type":"image\/jpeg"}],"author":"Jeanette","twitter_card":"summary_large_image","twitter_creator":"@eldiario_net","twitter_site":"@eldiario_net","twitter_misc":{"Escrito por":"Jeanette","Tiempo de lectura":"2 minutos"},"schema":{"@context":"https:\/\/schema.org","@graph":[{"@type":"Article","@id":"https:\/\/www.eldiario.net\/portal\/2025\/03\/24\/la-verde-con-equipo-completo-frente-a-uruguay\/#article","isPartOf":{"@id":"https:\/\/www.eldiario.net\/portal\/2025\/03\/24\/la-verde-con-equipo-completo-frente-a-uruguay\/"},"author":{"name":"Jeanette","@id":"https:\/\/www.eldiario.net\/portal\/#\/schema\/person\/2c57cf2b7a7ae032e449e4c9b1019eac"},"headline":"La Verde, con equipo completo frente a Uruguay","datePublished":"2025-03-24T09:46:25+00:00","mainEntityOfPage":{"@id":"https:\/\/www.eldiario.net\/portal\/2025\/03\/24\/la-verde-con-equipo-completo-frente-a-uruguay\/"},"wordCount":397,"publisher":{"@id":"https:\/\/www.eldiario.net\/portal\/#organization"},"image":{"@id":"https:\/\/www.eldiario.net\/portal\/2025\/03\/24\/la-verde-con-equipo-completo-frente-a-uruguay\/#primaryimage"},"thumbnailUrl":"https:\/\/www.eldiario.net\/portal\/wp-content\/uploads\/2025\/03\/sleccio.jpg","articleSection":["Deportes"],"inLanguage":"es"},{"@type":"WebPage","@id":"https:\/\/www.eldiario.net\/portal\/2025\/03\/24\/la-verde-con-equipo-completo-frente-a-uruguay\/","url":"https:\/\/www.eldiario.net\/portal\/2025\/03\/24\/la-verde-con-equipo-completo-frente-a-uruguay\/","name":"La Verde, con equipo completo frente a Uruguay - El Diario - Bolivia","isPartOf":{"@id":"https:\/\/www.eldiario.net\/portal\/#website"},"primaryImageOfPage":{"@id":"https:\/\/www.eldiario.net\/portal\/2025\/03\/24\/la-verde-con-equipo-completo-frente-a-uruguay\/#primaryimage"},"image":{"@id":"https:\/\/www.eldiario.net\/portal\/2025\/03\/24\/la-verde-con-equipo-completo-frente-a-uruguay\/#primaryimage"},"thumbnailUrl":"https:\/\/www.eldiario.net\/portal\/wp-content\/uploads\/2025\/03\/sleccio.jpg","datePublished":"2025-03-24T09:46:25+00:00","breadcrumb":{"@id":"https:\/\/www.eldiario.net\/portal\/2025\/03\/24\/la-verde-con-equipo-completo-frente-a-uruguay\/#breadcrumb"},"inLanguage":"es","potentialAction":[{"@type":"ReadAction","target":["https:\/\/www.eldiario.net\/portal\/2025\/03\/24\/la-verde-con-equipo-completo-frente-a-uruguay\/"]}]},{"@type":"ImageObject","inLanguage":"es","@id":"https:\/\/www.eldiario.net\/portal\/2025\/03\/24\/la-verde-con-equipo-completo-frente-a-uruguay\/#primaryimage","url":"https:\/\/www.eldiario.net\/portal\/wp-content\/uploads\/2025\/03\/sleccio.jpg","contentUrl":"https:\/\/www.eldiario.net\/portal\/wp-content\/uploads\/2025\/03\/sleccio.jpg","width":1200,"height":1078},{"@type":"BreadcrumbList","@id":"https:\/\/www.eldiario.net\/portal\/2025\/03\/24\/la-verde-con-equipo-completo-frente-a-uruguay\/#breadcrumb","itemListElement":[{"@type":"ListItem","position":1,"name":"Portada","item":"https:\/\/www.eldiario.net\/portal\/"},{"@type":"ListItem","position":2,"name":"La Verde, con equipo completo frente a Uruguay"}]},{"@type":"WebSite","@id":"https:\/\/www.eldiario.net\/portal\/#website","url":"https:\/\/www.eldiario.net\/portal\/","name":"El Diario - Decano de la prensa nacional","description":"El Diario - Decano de la prensa nacional","publisher":{"@id":"https:\/\/www.eldiario.net\/portal\/#organization"},"potentialAction":[{"@type":"SearchAction","target":{"@type":"EntryPoint","urlTemplate":"https:\/\/www.eldiario.net\/portal\/?s={search_term_string}"},"query-input":{"@type":"PropertyValueSpecification","valueRequired":true,"valueName":"search_term_string"}}],"inLanguage":"es"},{"@type":"Organization","@id":"https:\/\/www.eldiario.net\/portal\/#organization","name":"El Diario - Decano de la prensa nacional","url":"https:\/\/www.eldiario.net\/portal\/","logo":{"@type":"ImageObject","inLanguage":"es","@id":"https:\/\/www.eldiario.net\/portal\/#\/schema\/logo\/image\/","url":"https:\/\/www.eldiario.net\/portal\/wp-content\/uploads\/2023\/07\/logo_ED.jpg","contentUrl":"https:\/\/www.eldiario.net\/portal\/wp-content\/uploads\/2023\/07\/logo_ED.jpg","width":272,"height":52,"caption":"El Diario - Decano de la prensa nacional"},"image":{"@id":"https:\/\/www.eldiario.net\/portal\/#\/schema\/logo\/image\/"},"sameAs":["https:\/\/www.facebook.com\/eldiario.bolivia\/","https:\/\/x.com\/eldiario_net"]},{"@type":"Person","@id":"https:\/\/www.eldiario.net\/portal\/#\/schema\/person\/2c57cf2b7a7ae032e449e4c9b1019eac","name":"Jeanette","image":{"@type":"ImageObject","inLanguage":"es","@id":"https:\/\/secure.gravatar.com\/avatar\/3ea2118a5f7dad2b7138b1187a6b7ee55f160b9968b66013c3a3ef39dd7e5798?s=96&d=mm&r=g","url":"https:\/\/secure.gravatar.com\/avatar\/3ea2118a5f7dad2b7138b1187a6b7ee55f160b9968b66013c3a3ef39dd7e5798?s=96&d=mm&r=g","contentUrl":"https:\/\/secure.gravatar.com\/avatar\/3ea2118a5f7dad2b7138b1187a6b7ee55f160b9968b66013c3a3ef39dd7e5798?s=96&d=mm&r=g","caption":"Jeanette"},"sameAs":["https:\/\/www.eldiario.net\/portal"],"url":"https:\/\/www.eldiario.net\/portal\/author\/jeanette\/"}]}},"_links":{"self":[{"href":"https:\/\/www.eldiario.net\/portal\/wp-json\/wp\/v2\/posts\/290459","targetHints":{"allow":["GET"]}}],"collection":[{"href":"https:\/\/www.eldiario.net\/portal\/wp-json\/wp\/v2\/posts"}],"about":[{"href":"https:\/\/www.eldiario.net\/portal\/wp-json\/wp\/v2\/types\/post"}],"author":[{"embeddable":true,"href":"https:\/\/www.eldiario.net\/portal\/wp-json\/wp\/v2\/users\/1"}],"replies":[{"embeddable":true,"href":"https:\/\/www.eldiario.net\/portal\/wp-json\/wp\/v2\/comments?post=290459"}],"version-history":[{"count":1,"href":"https:\/\/www.eldiario.net\/portal\/wp-json\/wp\/v2\/posts\/290459\/revisions"}],"predecessor-version":[{"id":290461,"href":"https:\/\/www.eldiario.net\/portal\/wp-json\/wp\/v2\/posts\/290459\/revisions\/290461"}],"wp:featuredmedia":[{"embeddable":true,"href":"https:\/\/www.eldiario.net\/portal\/wp-json\/wp\/v2\/media\/290460"}],"wp:attachment":[{"href":"https:\/\/www.eldiario.net\/portal\/wp-json\/wp\/v2\/media?parent=290459"}],"wp:term":[{"taxonomy":"category","embeddable":true,"href":"https:\/\/www.eldiario.net\/portal\/wp-json\/wp\/v2\/categories?post=290459"},{"taxonomy":"post_tag","embeddable":true,"href":"https:\/\/www.eldiario.net\/portal\/wp-json\/wp\/v2\/tags?post=290459"}],"curies":[{"name":"wp","href":"https:\/\/api.w.org\/{rel}","templated":true}]}}