{"id":290451,"date":"2025-03-24T05:43:44","date_gmt":"2025-03-24T09:43:44","guid":{"rendered":"https:\/\/www.eldiario.net\/portal\/?p=290451"},"modified":"2025-03-24T05:43:44","modified_gmt":"2025-03-24T09:43:44","slug":"marquinhos-llego-la-hora-de-vencer-a-argentina","status":"publish","type":"post","link":"https:\/\/www.eldiario.net\/portal\/2025\/03\/24\/marquinhos-llego-la-hora-de-vencer-a-argentina\/","title":{"rendered":"Marquinhos: \u00abLleg\u00f3 la hora de vencer a Argentina\u00bb"},"content":{"rendered":"<p>El central Marquinhos, capit\u00e1n de la selecci\u00f3n de Brasil, que este martes visitar\u00e1 a la de Argentina en las eliminatorias sudamericanas del Mundial de 2026, afirm\u00f3 que ha llegado la hora de que la Canarinha vuelva a ganar a la Albiceleste despu\u00e9s de seis a\u00f1os sin conseguirlo.<br \/>\n\u00abEstamos prepar\u00e1ndonos de la mejor forma para vencer porque nos lleg\u00f3 la hora de ganar ya que hace mucho tiempo que no lo hacemos\u00bb, dijo el jugador del PSG franc\u00e9s en la rueda de prensa que concedi\u00f3 en el hotel de Brasilia en que la selecci\u00f3n brasile\u00f1a est\u00e1 concentrada.<br \/>\nMarquinhos admiti\u00f3 que se trata de un objetivo dif\u00edcil, especialmente porque el partido ser\u00e1 en Buenos Aires y en un Monumental que se prev\u00e9 lleno de aficionados rivales, pero se\u00f1al\u00f3 que Brasil podr\u00e1 hacerlo si consigue llegar mejor t\u00e9cnica, t\u00e1ctica y mentalmente. \u00abEse es siempre nuestro objetivo. Nunca nos vamos a acostumbrar a no ganarle a Argentina\u00bb, afirm\u00f3 el central cuando se le record\u00f3 que Brasil no vence desde 2019.<\/p>\n","protected":false},"excerpt":{"rendered":"<p>El central Marquinhos, capit\u00e1n de la selecci\u00f3n de Brasil, que este martes visitar\u00e1 a la de Argentina en las eliminatorias sudamericanas del Mundial de 2026, afirm\u00f3 que ha llegado la hora de que la Canarinha vuelva a ganar a la Albiceleste despu\u00e9s de seis a\u00f1os sin conseguirlo. \u00abEstamos prepar\u00e1ndonos de la mejor forma para vencer [&hellip;]<\/p>\n","protected":false},"author":1,"featured_media":290452,"comment_status":"closed","ping_status":"open","sticky":false,"template":"","format":"standard","meta":{"_acf_changed":false,"footnotes":""},"categories":[6],"tags":[],"class_list":["post-290451","post","type-post","status-publish","format-standard","has-post-thumbnail","category-deportes"],"acf":{"antetitulo":""},"yoast_head":"<!-- This site is optimized with the Yoast SEO plugin v28.4 - https:\/\/yoast.com\/product\/yoast-seo-wordpress\/ -->\n<title>Marquinhos: &quot;Lleg\u00f3 la hora de vencer a Argentina&quot; - El Diario - Bolivia<\/title>\n<meta name=\"robots\" content=\"index, follow, max-snippet:-1, max-image-preview:large, max-video-preview:-1\" \/>\n<link rel=\"canonical\" href=\"https:\/\/www.eldiario.net\/portal\/2025\/03\/24\/marquinhos-llego-la-hora-de-vencer-a-argentina\/\" \/>\n<meta property=\"og:locale\" content=\"es_ES\" \/>\n<meta property=\"og:type\" content=\"article\" \/>\n<meta property=\"og:title\" content=\"Marquinhos: &quot;Lleg\u00f3 la hora de vencer a Argentina&quot; - El Diario - Bolivia\" \/>\n<meta property=\"og:description\" content=\"El central Marquinhos, capit\u00e1n de la selecci\u00f3n de Brasil, que este martes visitar\u00e1 a la de Argentina en las eliminatorias sudamericanas del Mundial de 2026, afirm\u00f3 que ha llegado la hora de que la Canarinha vuelva a ganar a la Albiceleste despu\u00e9s de seis a\u00f1os sin conseguirlo. \u00abEstamos prepar\u00e1ndonos de la mejor forma para vencer [&hellip;]\" \/>\n<meta property=\"og:url\" content=\"https:\/\/www.eldiario.net\/portal\/2025\/03\/24\/marquinhos-llego-la-hora-de-vencer-a-argentina\/\" \/>\n<meta property=\"og:site_name\" content=\"El Diario - Bolivia\" \/>\n<meta property=\"article:publisher\" content=\"https:\/\/www.facebook.com\/eldiario.bolivia\/\" \/>\n<meta property=\"article:published_time\" content=\"2025-03-24T09:43:44+00:00\" \/>\n<meta property=\"og:image\" content=\"https:\/\/www.eldiario.net\/portal\/wp-content\/uploads\/2025\/03\/marquinhos.jpg\" \/>\n\t<meta property=\"og:image:width\" content=\"1200\" \/>\n\t<meta property=\"og:image:height\" content=\"1232\" \/>\n\t<meta property=\"og:image:type\" content=\"image\/jpeg\" \/>\n<meta name=\"author\" content=\"Jeanette\" \/>\n<meta name=\"twitter:card\" content=\"summary_large_image\" \/>\n<meta name=\"twitter:creator\" content=\"@eldiario_net\" \/>\n<meta name=\"twitter:site\" content=\"@eldiario_net\" \/>\n<meta name=\"twitter:label1\" content=\"Escrito por\" \/>\n\t<meta name=\"twitter:data1\" content=\"Jeanette\" \/>\n\t<meta name=\"twitter:label2\" content=\"Tiempo de lectura\" \/>\n\t<meta name=\"twitter:data2\" content=\"1 minuto\" \/>\n<script type=\"application\/ld+json\" class=\"yoast-schema-graph\">{\"@context\":\"https:\\\/\\\/schema.org\",\"@graph\":[{\"@type\":\"Article\",\"@id\":\"https:\\\/\\\/www.eldiario.net\\\/portal\\\/2025\\\/03\\\/24\\\/marquinhos-llego-la-hora-de-vencer-a-argentina\\\/#article\",\"isPartOf\":{\"@id\":\"https:\\\/\\\/www.eldiario.net\\\/portal\\\/2025\\\/03\\\/24\\\/marquinhos-llego-la-hora-de-vencer-a-argentina\\\/\"},\"author\":{\"name\":\"Jeanette\",\"@id\":\"https:\\\/\\\/www.eldiario.net\\\/portal\\\/#\\\/schema\\\/person\\\/2c57cf2b7a7ae032e449e4c9b1019eac\"},\"headline\":\"Marquinhos: \u00abLleg\u00f3 la hora de vencer a Argentina\u00bb\",\"datePublished\":\"2025-03-24T09:43:44+00:00\",\"mainEntityOfPage\":{\"@id\":\"https:\\\/\\\/www.eldiario.net\\\/portal\\\/2025\\\/03\\\/24\\\/marquinhos-llego-la-hora-de-vencer-a-argentina\\\/\"},\"wordCount\":184,\"publisher\":{\"@id\":\"https:\\\/\\\/www.eldiario.net\\\/portal\\\/#organization\"},\"image\":{\"@id\":\"https:\\\/\\\/www.eldiario.net\\\/portal\\\/2025\\\/03\\\/24\\\/marquinhos-llego-la-hora-de-vencer-a-argentina\\\/#primaryimage\"},\"thumbnailUrl\":\"https:\\\/\\\/www.eldiario.net\\\/portal\\\/wp-content\\\/uploads\\\/2025\\\/03\\\/marquinhos.jpg\",\"articleSection\":[\"Deportes\"],\"inLanguage\":\"es\"},{\"@type\":\"WebPage\",\"@id\":\"https:\\\/\\\/www.eldiario.net\\\/portal\\\/2025\\\/03\\\/24\\\/marquinhos-llego-la-hora-de-vencer-a-argentina\\\/\",\"url\":\"https:\\\/\\\/www.eldiario.net\\\/portal\\\/2025\\\/03\\\/24\\\/marquinhos-llego-la-hora-de-vencer-a-argentina\\\/\",\"name\":\"Marquinhos: \\\"Lleg\u00f3 la hora de vencer a Argentina\\\" - El Diario - Bolivia\",\"isPartOf\":{\"@id\":\"https:\\\/\\\/www.eldiario.net\\\/portal\\\/#website\"},\"primaryImageOfPage\":{\"@id\":\"https:\\\/\\\/www.eldiario.net\\\/portal\\\/2025\\\/03\\\/24\\\/marquinhos-llego-la-hora-de-vencer-a-argentina\\\/#primaryimage\"},\"image\":{\"@id\":\"https:\\\/\\\/www.eldiario.net\\\/portal\\\/2025\\\/03\\\/24\\\/marquinhos-llego-la-hora-de-vencer-a-argentina\\\/#primaryimage\"},\"thumbnailUrl\":\"https:\\\/\\\/www.eldiario.net\\\/portal\\\/wp-content\\\/uploads\\\/2025\\\/03\\\/marquinhos.jpg\",\"datePublished\":\"2025-03-24T09:43:44+00:00\",\"breadcrumb\":{\"@id\":\"https:\\\/\\\/www.eldiario.net\\\/portal\\\/2025\\\/03\\\/24\\\/marquinhos-llego-la-hora-de-vencer-a-argentina\\\/#breadcrumb\"},\"inLanguage\":\"es\",\"potentialAction\":[{\"@type\":\"ReadAction\",\"target\":[\"https:\\\/\\\/www.eldiario.net\\\/portal\\\/2025\\\/03\\\/24\\\/marquinhos-llego-la-hora-de-vencer-a-argentina\\\/\"]}]},{\"@type\":\"ImageObject\",\"inLanguage\":\"es\",\"@id\":\"https:\\\/\\\/www.eldiario.net\\\/portal\\\/2025\\\/03\\\/24\\\/marquinhos-llego-la-hora-de-vencer-a-argentina\\\/#primaryimage\",\"url\":\"https:\\\/\\\/www.eldiario.net\\\/portal\\\/wp-content\\\/uploads\\\/2025\\\/03\\\/marquinhos.jpg\",\"contentUrl\":\"https:\\\/\\\/www.eldiario.net\\\/portal\\\/wp-content\\\/uploads\\\/2025\\\/03\\\/marquinhos.jpg\",\"width\":1200,\"height\":1232},{\"@type\":\"BreadcrumbList\",\"@id\":\"https:\\\/\\\/www.eldiario.net\\\/portal\\\/2025\\\/03\\\/24\\\/marquinhos-llego-la-hora-de-vencer-a-argentina\\\/#breadcrumb\",\"itemListElement\":[{\"@type\":\"ListItem\",\"position\":1,\"name\":\"Portada\",\"item\":\"https:\\\/\\\/www.eldiario.net\\\/portal\\\/\"},{\"@type\":\"ListItem\",\"position\":2,\"name\":\"Marquinhos: \u00abLleg\u00f3 la hora de vencer a Argentina\u00bb\"}]},{\"@type\":\"WebSite\",\"@id\":\"https:\\\/\\\/www.eldiario.net\\\/portal\\\/#website\",\"url\":\"https:\\\/\\\/www.eldiario.net\\\/portal\\\/\",\"name\":\"El Diario - Decano de la prensa nacional\",\"description\":\"El Diario - Decano de la prensa nacional\",\"publisher\":{\"@id\":\"https:\\\/\\\/www.eldiario.net\\\/portal\\\/#organization\"},\"potentialAction\":[{\"@type\":\"SearchAction\",\"target\":{\"@type\":\"EntryPoint\",\"urlTemplate\":\"https:\\\/\\\/www.eldiario.net\\\/portal\\\/?s={search_term_string}\"},\"query-input\":{\"@type\":\"PropertyValueSpecification\",\"valueRequired\":true,\"valueName\":\"search_term_string\"}}],\"inLanguage\":\"es\"},{\"@type\":\"Organization\",\"@id\":\"https:\\\/\\\/www.eldiario.net\\\/portal\\\/#organization\",\"name\":\"El Diario - Decano de la prensa nacional\",\"url\":\"https:\\\/\\\/www.eldiario.net\\\/portal\\\/\",\"logo\":{\"@type\":\"ImageObject\",\"inLanguage\":\"es\",\"@id\":\"https:\\\/\\\/www.eldiario.net\\\/portal\\\/#\\\/schema\\\/logo\\\/image\\\/\",\"url\":\"https:\\\/\\\/www.eldiario.net\\\/portal\\\/wp-content\\\/uploads\\\/2023\\\/07\\\/logo_ED.jpg\",\"contentUrl\":\"https:\\\/\\\/www.eldiario.net\\\/portal\\\/wp-content\\\/uploads\\\/2023\\\/07\\\/logo_ED.jpg\",\"width\":272,\"height\":52,\"caption\":\"El Diario - Decano de la prensa nacional\"},\"image\":{\"@id\":\"https:\\\/\\\/www.eldiario.net\\\/portal\\\/#\\\/schema\\\/logo\\\/image\\\/\"},\"sameAs\":[\"https:\\\/\\\/www.facebook.com\\\/eldiario.bolivia\\\/\",\"https:\\\/\\\/x.com\\\/eldiario_net\"]},{\"@type\":\"Person\",\"@id\":\"https:\\\/\\\/www.eldiario.net\\\/portal\\\/#\\\/schema\\\/person\\\/2c57cf2b7a7ae032e449e4c9b1019eac\",\"name\":\"Jeanette\",\"image\":{\"@type\":\"ImageObject\",\"inLanguage\":\"es\",\"@id\":\"https:\\\/\\\/secure.gravatar.com\\\/avatar\\\/3ea2118a5f7dad2b7138b1187a6b7ee55f160b9968b66013c3a3ef39dd7e5798?s=96&d=mm&r=g\",\"url\":\"https:\\\/\\\/secure.gravatar.com\\\/avatar\\\/3ea2118a5f7dad2b7138b1187a6b7ee55f160b9968b66013c3a3ef39dd7e5798?s=96&d=mm&r=g\",\"contentUrl\":\"https:\\\/\\\/secure.gravatar.com\\\/avatar\\\/3ea2118a5f7dad2b7138b1187a6b7ee55f160b9968b66013c3a3ef39dd7e5798?s=96&d=mm&r=g\",\"caption\":\"Jeanette\"},\"sameAs\":[\"https:\\\/\\\/www.eldiario.net\\\/portal\"],\"url\":\"https:\\\/\\\/www.eldiario.net\\\/portal\\\/author\\\/jeanette\\\/\"}]}<\/script>\n<!-- \/ Yoast SEO plugin. -->","yoast_head_json":{"title":"Marquinhos: \"Lleg\u00f3 la hora de vencer a Argentina\" - El Diario - Bolivia","robots":{"index":"index","follow":"follow","max-snippet":"max-snippet:-1","max-image-preview":"max-image-preview:large","max-video-preview":"max-video-preview:-1"},"canonical":"https:\/\/www.eldiario.net\/portal\/2025\/03\/24\/marquinhos-llego-la-hora-de-vencer-a-argentina\/","og_locale":"es_ES","og_type":"article","og_title":"Marquinhos: \"Lleg\u00f3 la hora de vencer a Argentina\" - El Diario - Bolivia","og_description":"El central Marquinhos, capit\u00e1n de la selecci\u00f3n de Brasil, que este martes visitar\u00e1 a la de Argentina en las eliminatorias sudamericanas del Mundial de 2026, afirm\u00f3 que ha llegado la hora de que la Canarinha vuelva a ganar a la Albiceleste despu\u00e9s de seis a\u00f1os sin conseguirlo. \u00abEstamos prepar\u00e1ndonos de la mejor forma para vencer [&hellip;]","og_url":"https:\/\/www.eldiario.net\/portal\/2025\/03\/24\/marquinhos-llego-la-hora-de-vencer-a-argentina\/","og_site_name":"El Diario - Bolivia","article_publisher":"https:\/\/www.facebook.com\/eldiario.bolivia\/","article_published_time":"2025-03-24T09:43:44+00:00","og_image":[{"width":1200,"height":1232,"url":"https:\/\/www.eldiario.net\/portal\/wp-content\/uploads\/2025\/03\/marquinhos.jpg","type":"image\/jpeg"}],"author":"Jeanette","twitter_card":"summary_large_image","twitter_creator":"@eldiario_net","twitter_site":"@eldiario_net","twitter_misc":{"Escrito por":"Jeanette","Tiempo de lectura":"1 minuto"},"schema":{"@context":"https:\/\/schema.org","@graph":[{"@type":"Article","@id":"https:\/\/www.eldiario.net\/portal\/2025\/03\/24\/marquinhos-llego-la-hora-de-vencer-a-argentina\/#article","isPartOf":{"@id":"https:\/\/www.eldiario.net\/portal\/2025\/03\/24\/marquinhos-llego-la-hora-de-vencer-a-argentina\/"},"author":{"name":"Jeanette","@id":"https:\/\/www.eldiario.net\/portal\/#\/schema\/person\/2c57cf2b7a7ae032e449e4c9b1019eac"},"headline":"Marquinhos: \u00abLleg\u00f3 la hora de vencer a Argentina\u00bb","datePublished":"2025-03-24T09:43:44+00:00","mainEntityOfPage":{"@id":"https:\/\/www.eldiario.net\/portal\/2025\/03\/24\/marquinhos-llego-la-hora-de-vencer-a-argentina\/"},"wordCount":184,"publisher":{"@id":"https:\/\/www.eldiario.net\/portal\/#organization"},"image":{"@id":"https:\/\/www.eldiario.net\/portal\/2025\/03\/24\/marquinhos-llego-la-hora-de-vencer-a-argentina\/#primaryimage"},"thumbnailUrl":"https:\/\/www.eldiario.net\/portal\/wp-content\/uploads\/2025\/03\/marquinhos.jpg","articleSection":["Deportes"],"inLanguage":"es"},{"@type":"WebPage","@id":"https:\/\/www.eldiario.net\/portal\/2025\/03\/24\/marquinhos-llego-la-hora-de-vencer-a-argentina\/","url":"https:\/\/www.eldiario.net\/portal\/2025\/03\/24\/marquinhos-llego-la-hora-de-vencer-a-argentina\/","name":"Marquinhos: \"Lleg\u00f3 la hora de vencer a Argentina\" - El Diario - Bolivia","isPartOf":{"@id":"https:\/\/www.eldiario.net\/portal\/#website"},"primaryImageOfPage":{"@id":"https:\/\/www.eldiario.net\/portal\/2025\/03\/24\/marquinhos-llego-la-hora-de-vencer-a-argentina\/#primaryimage"},"image":{"@id":"https:\/\/www.eldiario.net\/portal\/2025\/03\/24\/marquinhos-llego-la-hora-de-vencer-a-argentina\/#primaryimage"},"thumbnailUrl":"https:\/\/www.eldiario.net\/portal\/wp-content\/uploads\/2025\/03\/marquinhos.jpg","datePublished":"2025-03-24T09:43:44+00:00","breadcrumb":{"@id":"https:\/\/www.eldiario.net\/portal\/2025\/03\/24\/marquinhos-llego-la-hora-de-vencer-a-argentina\/#breadcrumb"},"inLanguage":"es","potentialAction":[{"@type":"ReadAction","target":["https:\/\/www.eldiario.net\/portal\/2025\/03\/24\/marquinhos-llego-la-hora-de-vencer-a-argentina\/"]}]},{"@type":"ImageObject","inLanguage":"es","@id":"https:\/\/www.eldiario.net\/portal\/2025\/03\/24\/marquinhos-llego-la-hora-de-vencer-a-argentina\/#primaryimage","url":"https:\/\/www.eldiario.net\/portal\/wp-content\/uploads\/2025\/03\/marquinhos.jpg","contentUrl":"https:\/\/www.eldiario.net\/portal\/wp-content\/uploads\/2025\/03\/marquinhos.jpg","width":1200,"height":1232},{"@type":"BreadcrumbList","@id":"https:\/\/www.eldiario.net\/portal\/2025\/03\/24\/marquinhos-llego-la-hora-de-vencer-a-argentina\/#breadcrumb","itemListElement":[{"@type":"ListItem","position":1,"name":"Portada","item":"https:\/\/www.eldiario.net\/portal\/"},{"@type":"ListItem","position":2,"name":"Marquinhos: \u00abLleg\u00f3 la hora de vencer a Argentina\u00bb"}]},{"@type":"WebSite","@id":"https:\/\/www.eldiario.net\/portal\/#website","url":"https:\/\/www.eldiario.net\/portal\/","name":"El Diario - Decano de la prensa nacional","description":"El Diario - Decano de la prensa nacional","publisher":{"@id":"https:\/\/www.eldiario.net\/portal\/#organization"},"potentialAction":[{"@type":"SearchAction","target":{"@type":"EntryPoint","urlTemplate":"https:\/\/www.eldiario.net\/portal\/?s={search_term_string}"},"query-input":{"@type":"PropertyValueSpecification","valueRequired":true,"valueName":"search_term_string"}}],"inLanguage":"es"},{"@type":"Organization","@id":"https:\/\/www.eldiario.net\/portal\/#organization","name":"El Diario - Decano de la prensa nacional","url":"https:\/\/www.eldiario.net\/portal\/","logo":{"@type":"ImageObject","inLanguage":"es","@id":"https:\/\/www.eldiario.net\/portal\/#\/schema\/logo\/image\/","url":"https:\/\/www.eldiario.net\/portal\/wp-content\/uploads\/2023\/07\/logo_ED.jpg","contentUrl":"https:\/\/www.eldiario.net\/portal\/wp-content\/uploads\/2023\/07\/logo_ED.jpg","width":272,"height":52,"caption":"El Diario - Decano de la prensa nacional"},"image":{"@id":"https:\/\/www.eldiario.net\/portal\/#\/schema\/logo\/image\/"},"sameAs":["https:\/\/www.facebook.com\/eldiario.bolivia\/","https:\/\/x.com\/eldiario_net"]},{"@type":"Person","@id":"https:\/\/www.eldiario.net\/portal\/#\/schema\/person\/2c57cf2b7a7ae032e449e4c9b1019eac","name":"Jeanette","image":{"@type":"ImageObject","inLanguage":"es","@id":"https:\/\/secure.gravatar.com\/avatar\/3ea2118a5f7dad2b7138b1187a6b7ee55f160b9968b66013c3a3ef39dd7e5798?s=96&d=mm&r=g","url":"https:\/\/secure.gravatar.com\/avatar\/3ea2118a5f7dad2b7138b1187a6b7ee55f160b9968b66013c3a3ef39dd7e5798?s=96&d=mm&r=g","contentUrl":"https:\/\/secure.gravatar.com\/avatar\/3ea2118a5f7dad2b7138b1187a6b7ee55f160b9968b66013c3a3ef39dd7e5798?s=96&d=mm&r=g","caption":"Jeanette"},"sameAs":["https:\/\/www.eldiario.net\/portal"],"url":"https:\/\/www.eldiario.net\/portal\/author\/jeanette\/"}]}},"_links":{"self":[{"href":"https:\/\/www.eldiario.net\/portal\/wp-json\/wp\/v2\/posts\/290451","targetHints":{"allow":["GET"]}}],"collection":[{"href":"https:\/\/www.eldiario.net\/portal\/wp-json\/wp\/v2\/posts"}],"about":[{"href":"https:\/\/www.eldiario.net\/portal\/wp-json\/wp\/v2\/types\/post"}],"author":[{"embeddable":true,"href":"https:\/\/www.eldiario.net\/portal\/wp-json\/wp\/v2\/users\/1"}],"replies":[{"embeddable":true,"href":"https:\/\/www.eldiario.net\/portal\/wp-json\/wp\/v2\/comments?post=290451"}],"version-history":[{"count":1,"href":"https:\/\/www.eldiario.net\/portal\/wp-json\/wp\/v2\/posts\/290451\/revisions"}],"predecessor-version":[{"id":290453,"href":"https:\/\/www.eldiario.net\/portal\/wp-json\/wp\/v2\/posts\/290451\/revisions\/290453"}],"wp:featuredmedia":[{"embeddable":true,"href":"https:\/\/www.eldiario.net\/portal\/wp-json\/wp\/v2\/media\/290452"}],"wp:attachment":[{"href":"https:\/\/www.eldiario.net\/portal\/wp-json\/wp\/v2\/media?parent=290451"}],"wp:term":[{"taxonomy":"category","embeddable":true,"href":"https:\/\/www.eldiario.net\/portal\/wp-json\/wp\/v2\/categories?post=290451"},{"taxonomy":"post_tag","embeddable":true,"href":"https:\/\/www.eldiario.net\/portal\/wp-json\/wp\/v2\/tags?post=290451"}],"curies":[{"name":"wp","href":"https:\/\/api.w.org\/{rel}","templated":true}]}}