{"id":290326,"date":"2025-03-23T07:04:25","date_gmt":"2025-03-23T11:04:25","guid":{"rendered":"https:\/\/www.eldiario.net\/portal\/?p=290326"},"modified":"2025-03-23T07:04:25","modified_gmt":"2025-03-23T11:04:25","slug":"reencuentro-de-leyendas-bolivaristas-en-el-siles","status":"publish","type":"post","link":"https:\/\/www.eldiario.net\/portal\/2025\/03\/23\/reencuentro-de-leyendas-bolivaristas-en-el-siles\/","title":{"rendered":"Reencuentro de leyendas bolivaristas en el Siles"},"content":{"rendered":"<p>Hoy desde las 16:30, en el estadio Hernando Siles de La Paz , se reencontrar\u00e1n \u00ablas leyendas\u00bb de Bol\u00edvar ; amistoso que forma parte de los festejos por el centenario de la instituci\u00f3n, que se conmemora el pr\u00f3ximo 12 de abril.<br \/>\nEste partido enfrentar\u00e1 a los subcampeones de la Copa Sudamericana en 2004 y a los semifinalistas de la Copa Libertadores de Am\u00e9rica 2014.<br \/>\nLos precios de las entradas para volver a ver a las estrellas del pasado son los siguientes: curvas Bs 20, general Bs 30, preferencia Bs 60 y butaca Bs 100.<br \/>\nDos de las principales figuras que aseguraron su presencia esta tarde son William Ferreira y Horacio Chiorazzo; de los cuadros del 2014 y 2004, respectivamente.<br \/>\nDurante las \u00faltimas semanas, desde que se anunci\u00f3 este cotejo, en las redes sociales se viralizaron declaraciones y saludos de ambos y se rememoraron partidos de gran trascendencia para el f\u00fatbol boliviano , protagonizados por el club Bol\u00edvar.<br \/>\nPor ejemplo, se recuerda la final de Copa Sudamericana(2004) frente a Boca Juniors de Argentina , donde brillaron figuras como Mauro Machado, Marco Antonio Sandy, \u00d3scar S\u00e1nchez (+), Rub\u00e9n Tufi\u00f1o , Limberg Guti\u00e9rrez, Leonel Reyes y Horacio Chiorazzo, entre otros.<br \/>\nY de la semifinal de la Copa Libertadores (2014), en la que los celestes enfrentaron a San Lorenzo de Almagro (Argentina), cuando destacaron Romel Qui\u00f1ones, Luis Guti\u00e9rrez, Nelson Cabrera, Lorgio \u00c1lvarez, Juan Miguel Callej\u00f3n, Jos\u00e9 S\u00e1nchez Capdevila, Juan Carlos Arce, Gerardo Yacerotte, Carlos Tenorio y William Ferreira, entre otros. (GS)<\/p>\n","protected":false},"excerpt":{"rendered":"<p>Hoy desde las 16:30, en el estadio Hernando Siles de La Paz , se reencontrar\u00e1n \u00ablas leyendas\u00bb de Bol\u00edvar ; amistoso que forma parte de los festejos por el centenario de la instituci\u00f3n, que se conmemora el pr\u00f3ximo 12 de abril. Este partido enfrentar\u00e1 a los subcampeones de la Copa Sudamericana en 2004 y a [&hellip;]<\/p>\n","protected":false},"author":1,"featured_media":290327,"comment_status":"closed","ping_status":"open","sticky":false,"template":"","format":"standard","meta":{"_acf_changed":false,"footnotes":""},"categories":[6],"tags":[],"class_list":["post-290326","post","type-post","status-publish","format-standard","has-post-thumbnail","category-deportes"],"acf":{"antetitulo":""},"yoast_head":"<!-- This site is optimized with the Yoast SEO plugin v28.3 - https:\/\/yoast.com\/product\/yoast-seo-wordpress\/ -->\n<title>Reencuentro de leyendas bolivaristas en el Siles - El Diario - Bolivia<\/title>\n<meta name=\"robots\" content=\"index, follow, max-snippet:-1, max-image-preview:large, max-video-preview:-1\" \/>\n<link rel=\"canonical\" href=\"https:\/\/www.eldiario.net\/portal\/2025\/03\/23\/reencuentro-de-leyendas-bolivaristas-en-el-siles\/\" \/>\n<meta property=\"og:locale\" content=\"es_ES\" \/>\n<meta property=\"og:type\" content=\"article\" \/>\n<meta property=\"og:title\" content=\"Reencuentro de leyendas bolivaristas en el Siles - El Diario - Bolivia\" \/>\n<meta property=\"og:description\" content=\"Hoy desde las 16:30, en el estadio Hernando Siles de La Paz , se reencontrar\u00e1n \u00ablas leyendas\u00bb de Bol\u00edvar ; amistoso que forma parte de los festejos por el centenario de la instituci\u00f3n, que se conmemora el pr\u00f3ximo 12 de abril. Este partido enfrentar\u00e1 a los subcampeones de la Copa Sudamericana en 2004 y a [&hellip;]\" \/>\n<meta property=\"og:url\" content=\"https:\/\/www.eldiario.net\/portal\/2025\/03\/23\/reencuentro-de-leyendas-bolivaristas-en-el-siles\/\" \/>\n<meta property=\"og:site_name\" content=\"El Diario - Bolivia\" \/>\n<meta property=\"article:publisher\" content=\"https:\/\/www.facebook.com\/eldiario.bolivia\/\" \/>\n<meta property=\"article:published_time\" content=\"2025-03-23T11:04:25+00:00\" \/>\n<meta property=\"og:image\" content=\"https:\/\/www.eldiario.net\/portal\/wp-content\/uploads\/2025\/03\/FOTO-71-4.jpg\" \/>\n\t<meta property=\"og:image:width\" content=\"646\" \/>\n\t<meta property=\"og:image:height\" content=\"284\" \/>\n\t<meta property=\"og:image:type\" content=\"image\/jpeg\" \/>\n<meta name=\"author\" content=\"Jeanette\" \/>\n<meta name=\"twitter:card\" content=\"summary_large_image\" \/>\n<meta name=\"twitter:creator\" content=\"@eldiario_net\" \/>\n<meta name=\"twitter:site\" content=\"@eldiario_net\" \/>\n<meta name=\"twitter:label1\" content=\"Escrito por\" \/>\n\t<meta name=\"twitter:data1\" content=\"Jeanette\" \/>\n\t<meta name=\"twitter:label2\" content=\"Tiempo de lectura\" \/>\n\t<meta name=\"twitter:data2\" content=\"2 minutos\" \/>\n<script type=\"application\/ld+json\" class=\"yoast-schema-graph\">{\"@context\":\"https:\\\/\\\/schema.org\",\"@graph\":[{\"@type\":\"Article\",\"@id\":\"https:\\\/\\\/www.eldiario.net\\\/portal\\\/2025\\\/03\\\/23\\\/reencuentro-de-leyendas-bolivaristas-en-el-siles\\\/#article\",\"isPartOf\":{\"@id\":\"https:\\\/\\\/www.eldiario.net\\\/portal\\\/2025\\\/03\\\/23\\\/reencuentro-de-leyendas-bolivaristas-en-el-siles\\\/\"},\"author\":{\"name\":\"Jeanette\",\"@id\":\"https:\\\/\\\/www.eldiario.net\\\/portal\\\/#\\\/schema\\\/person\\\/f46445640444750d7d753ccd04ae01b7\"},\"headline\":\"Reencuentro de leyendas bolivaristas en el Siles\",\"datePublished\":\"2025-03-23T11:04:25+00:00\",\"mainEntityOfPage\":{\"@id\":\"https:\\\/\\\/www.eldiario.net\\\/portal\\\/2025\\\/03\\\/23\\\/reencuentro-de-leyendas-bolivaristas-en-el-siles\\\/\"},\"wordCount\":252,\"publisher\":{\"@id\":\"https:\\\/\\\/www.eldiario.net\\\/portal\\\/#organization\"},\"image\":{\"@id\":\"https:\\\/\\\/www.eldiario.net\\\/portal\\\/2025\\\/03\\\/23\\\/reencuentro-de-leyendas-bolivaristas-en-el-siles\\\/#primaryimage\"},\"thumbnailUrl\":\"https:\\\/\\\/www.eldiario.net\\\/portal\\\/wp-content\\\/uploads\\\/2025\\\/03\\\/FOTO-71-4.jpg\",\"articleSection\":[\"Deportes\"],\"inLanguage\":\"es\"},{\"@type\":\"WebPage\",\"@id\":\"https:\\\/\\\/www.eldiario.net\\\/portal\\\/2025\\\/03\\\/23\\\/reencuentro-de-leyendas-bolivaristas-en-el-siles\\\/\",\"url\":\"https:\\\/\\\/www.eldiario.net\\\/portal\\\/2025\\\/03\\\/23\\\/reencuentro-de-leyendas-bolivaristas-en-el-siles\\\/\",\"name\":\"Reencuentro de leyendas bolivaristas en el Siles - El Diario - Bolivia\",\"isPartOf\":{\"@id\":\"https:\\\/\\\/www.eldiario.net\\\/portal\\\/#website\"},\"primaryImageOfPage\":{\"@id\":\"https:\\\/\\\/www.eldiario.net\\\/portal\\\/2025\\\/03\\\/23\\\/reencuentro-de-leyendas-bolivaristas-en-el-siles\\\/#primaryimage\"},\"image\":{\"@id\":\"https:\\\/\\\/www.eldiario.net\\\/portal\\\/2025\\\/03\\\/23\\\/reencuentro-de-leyendas-bolivaristas-en-el-siles\\\/#primaryimage\"},\"thumbnailUrl\":\"https:\\\/\\\/www.eldiario.net\\\/portal\\\/wp-content\\\/uploads\\\/2025\\\/03\\\/FOTO-71-4.jpg\",\"datePublished\":\"2025-03-23T11:04:25+00:00\",\"breadcrumb\":{\"@id\":\"https:\\\/\\\/www.eldiario.net\\\/portal\\\/2025\\\/03\\\/23\\\/reencuentro-de-leyendas-bolivaristas-en-el-siles\\\/#breadcrumb\"},\"inLanguage\":\"es\",\"potentialAction\":[{\"@type\":\"ReadAction\",\"target\":[\"https:\\\/\\\/www.eldiario.net\\\/portal\\\/2025\\\/03\\\/23\\\/reencuentro-de-leyendas-bolivaristas-en-el-siles\\\/\"]}]},{\"@type\":\"ImageObject\",\"inLanguage\":\"es\",\"@id\":\"https:\\\/\\\/www.eldiario.net\\\/portal\\\/2025\\\/03\\\/23\\\/reencuentro-de-leyendas-bolivaristas-en-el-siles\\\/#primaryimage\",\"url\":\"https:\\\/\\\/www.eldiario.net\\\/portal\\\/wp-content\\\/uploads\\\/2025\\\/03\\\/FOTO-71-4.jpg\",\"contentUrl\":\"https:\\\/\\\/www.eldiario.net\\\/portal\\\/wp-content\\\/uploads\\\/2025\\\/03\\\/FOTO-71-4.jpg\",\"width\":646,\"height\":284},{\"@type\":\"BreadcrumbList\",\"@id\":\"https:\\\/\\\/www.eldiario.net\\\/portal\\\/2025\\\/03\\\/23\\\/reencuentro-de-leyendas-bolivaristas-en-el-siles\\\/#breadcrumb\",\"itemListElement\":[{\"@type\":\"ListItem\",\"position\":1,\"name\":\"Portada\",\"item\":\"https:\\\/\\\/www.eldiario.net\\\/portal\\\/\"},{\"@type\":\"ListItem\",\"position\":2,\"name\":\"Reencuentro de leyendas bolivaristas en el Siles\"}]},{\"@type\":\"WebSite\",\"@id\":\"https:\\\/\\\/www.eldiario.net\\\/portal\\\/#website\",\"url\":\"https:\\\/\\\/www.eldiario.net\\\/portal\\\/\",\"name\":\"El Diario - Decano de la prensa nacional\",\"description\":\"El Diario - Decano de la prensa nacional\",\"publisher\":{\"@id\":\"https:\\\/\\\/www.eldiario.net\\\/portal\\\/#organization\"},\"potentialAction\":[{\"@type\":\"SearchAction\",\"target\":{\"@type\":\"EntryPoint\",\"urlTemplate\":\"https:\\\/\\\/www.eldiario.net\\\/portal\\\/?s={search_term_string}\"},\"query-input\":{\"@type\":\"PropertyValueSpecification\",\"valueRequired\":true,\"valueName\":\"search_term_string\"}}],\"inLanguage\":\"es\"},{\"@type\":\"Organization\",\"@id\":\"https:\\\/\\\/www.eldiario.net\\\/portal\\\/#organization\",\"name\":\"El Diario - Decano de la prensa nacional\",\"url\":\"https:\\\/\\\/www.eldiario.net\\\/portal\\\/\",\"logo\":{\"@type\":\"ImageObject\",\"inLanguage\":\"es\",\"@id\":\"https:\\\/\\\/www.eldiario.net\\\/portal\\\/#\\\/schema\\\/logo\\\/image\\\/\",\"url\":\"https:\\\/\\\/www.eldiario.net\\\/portal\\\/wp-content\\\/uploads\\\/2023\\\/07\\\/logo_ED.jpg\",\"contentUrl\":\"https:\\\/\\\/www.eldiario.net\\\/portal\\\/wp-content\\\/uploads\\\/2023\\\/07\\\/logo_ED.jpg\",\"width\":272,\"height\":52,\"caption\":\"El Diario - Decano de la prensa nacional\"},\"image\":{\"@id\":\"https:\\\/\\\/www.eldiario.net\\\/portal\\\/#\\\/schema\\\/logo\\\/image\\\/\"},\"sameAs\":[\"https:\\\/\\\/www.facebook.com\\\/eldiario.bolivia\\\/\",\"https:\\\/\\\/x.com\\\/eldiario_net\"]},{\"@type\":\"Person\",\"@id\":\"https:\\\/\\\/www.eldiario.net\\\/portal\\\/#\\\/schema\\\/person\\\/f46445640444750d7d753ccd04ae01b7\",\"name\":\"Jeanette\",\"image\":{\"@type\":\"ImageObject\",\"inLanguage\":\"es\",\"@id\":\"https:\\\/\\\/secure.gravatar.com\\\/avatar\\\/3ea2118a5f7dad2b7138b1187a6b7ee55f160b9968b66013c3a3ef39dd7e5798?s=96&d=mm&r=g\",\"url\":\"https:\\\/\\\/secure.gravatar.com\\\/avatar\\\/3ea2118a5f7dad2b7138b1187a6b7ee55f160b9968b66013c3a3ef39dd7e5798?s=96&d=mm&r=g\",\"contentUrl\":\"https:\\\/\\\/secure.gravatar.com\\\/avatar\\\/3ea2118a5f7dad2b7138b1187a6b7ee55f160b9968b66013c3a3ef39dd7e5798?s=96&d=mm&r=g\",\"caption\":\"Jeanette\"},\"sameAs\":[\"https:\\\/\\\/www.eldiario.net\\\/portal\"],\"url\":\"https:\\\/\\\/www.eldiario.net\\\/portal\\\/author\\\/jeanette\\\/\"}]}<\/script>\n<!-- \/ Yoast SEO plugin. -->","yoast_head_json":{"title":"Reencuentro de leyendas bolivaristas en el Siles - El Diario - Bolivia","robots":{"index":"index","follow":"follow","max-snippet":"max-snippet:-1","max-image-preview":"max-image-preview:large","max-video-preview":"max-video-preview:-1"},"canonical":"https:\/\/www.eldiario.net\/portal\/2025\/03\/23\/reencuentro-de-leyendas-bolivaristas-en-el-siles\/","og_locale":"es_ES","og_type":"article","og_title":"Reencuentro de leyendas bolivaristas en el Siles - El Diario - Bolivia","og_description":"Hoy desde las 16:30, en el estadio Hernando Siles de La Paz , se reencontrar\u00e1n \u00ablas leyendas\u00bb de Bol\u00edvar ; amistoso que forma parte de los festejos por el centenario de la instituci\u00f3n, que se conmemora el pr\u00f3ximo 12 de abril. Este partido enfrentar\u00e1 a los subcampeones de la Copa Sudamericana en 2004 y a [&hellip;]","og_url":"https:\/\/www.eldiario.net\/portal\/2025\/03\/23\/reencuentro-de-leyendas-bolivaristas-en-el-siles\/","og_site_name":"El Diario - Bolivia","article_publisher":"https:\/\/www.facebook.com\/eldiario.bolivia\/","article_published_time":"2025-03-23T11:04:25+00:00","og_image":[{"width":646,"height":284,"url":"https:\/\/www.eldiario.net\/portal\/wp-content\/uploads\/2025\/03\/FOTO-71-4.jpg","type":"image\/jpeg"}],"author":"Jeanette","twitter_card":"summary_large_image","twitter_creator":"@eldiario_net","twitter_site":"@eldiario_net","twitter_misc":{"Escrito por":"Jeanette","Tiempo de lectura":"2 minutos"},"schema":{"@context":"https:\/\/schema.org","@graph":[{"@type":"Article","@id":"https:\/\/www.eldiario.net\/portal\/2025\/03\/23\/reencuentro-de-leyendas-bolivaristas-en-el-siles\/#article","isPartOf":{"@id":"https:\/\/www.eldiario.net\/portal\/2025\/03\/23\/reencuentro-de-leyendas-bolivaristas-en-el-siles\/"},"author":{"name":"Jeanette","@id":"https:\/\/www.eldiario.net\/portal\/#\/schema\/person\/f46445640444750d7d753ccd04ae01b7"},"headline":"Reencuentro de leyendas bolivaristas en el Siles","datePublished":"2025-03-23T11:04:25+00:00","mainEntityOfPage":{"@id":"https:\/\/www.eldiario.net\/portal\/2025\/03\/23\/reencuentro-de-leyendas-bolivaristas-en-el-siles\/"},"wordCount":252,"publisher":{"@id":"https:\/\/www.eldiario.net\/portal\/#organization"},"image":{"@id":"https:\/\/www.eldiario.net\/portal\/2025\/03\/23\/reencuentro-de-leyendas-bolivaristas-en-el-siles\/#primaryimage"},"thumbnailUrl":"https:\/\/www.eldiario.net\/portal\/wp-content\/uploads\/2025\/03\/FOTO-71-4.jpg","articleSection":["Deportes"],"inLanguage":"es"},{"@type":"WebPage","@id":"https:\/\/www.eldiario.net\/portal\/2025\/03\/23\/reencuentro-de-leyendas-bolivaristas-en-el-siles\/","url":"https:\/\/www.eldiario.net\/portal\/2025\/03\/23\/reencuentro-de-leyendas-bolivaristas-en-el-siles\/","name":"Reencuentro de leyendas bolivaristas en el Siles - El Diario - Bolivia","isPartOf":{"@id":"https:\/\/www.eldiario.net\/portal\/#website"},"primaryImageOfPage":{"@id":"https:\/\/www.eldiario.net\/portal\/2025\/03\/23\/reencuentro-de-leyendas-bolivaristas-en-el-siles\/#primaryimage"},"image":{"@id":"https:\/\/www.eldiario.net\/portal\/2025\/03\/23\/reencuentro-de-leyendas-bolivaristas-en-el-siles\/#primaryimage"},"thumbnailUrl":"https:\/\/www.eldiario.net\/portal\/wp-content\/uploads\/2025\/03\/FOTO-71-4.jpg","datePublished":"2025-03-23T11:04:25+00:00","breadcrumb":{"@id":"https:\/\/www.eldiario.net\/portal\/2025\/03\/23\/reencuentro-de-leyendas-bolivaristas-en-el-siles\/#breadcrumb"},"inLanguage":"es","potentialAction":[{"@type":"ReadAction","target":["https:\/\/www.eldiario.net\/portal\/2025\/03\/23\/reencuentro-de-leyendas-bolivaristas-en-el-siles\/"]}]},{"@type":"ImageObject","inLanguage":"es","@id":"https:\/\/www.eldiario.net\/portal\/2025\/03\/23\/reencuentro-de-leyendas-bolivaristas-en-el-siles\/#primaryimage","url":"https:\/\/www.eldiario.net\/portal\/wp-content\/uploads\/2025\/03\/FOTO-71-4.jpg","contentUrl":"https:\/\/www.eldiario.net\/portal\/wp-content\/uploads\/2025\/03\/FOTO-71-4.jpg","width":646,"height":284},{"@type":"BreadcrumbList","@id":"https:\/\/www.eldiario.net\/portal\/2025\/03\/23\/reencuentro-de-leyendas-bolivaristas-en-el-siles\/#breadcrumb","itemListElement":[{"@type":"ListItem","position":1,"name":"Portada","item":"https:\/\/www.eldiario.net\/portal\/"},{"@type":"ListItem","position":2,"name":"Reencuentro de leyendas bolivaristas en el Siles"}]},{"@type":"WebSite","@id":"https:\/\/www.eldiario.net\/portal\/#website","url":"https:\/\/www.eldiario.net\/portal\/","name":"El Diario - Decano de la prensa nacional","description":"El Diario - Decano de la prensa nacional","publisher":{"@id":"https:\/\/www.eldiario.net\/portal\/#organization"},"potentialAction":[{"@type":"SearchAction","target":{"@type":"EntryPoint","urlTemplate":"https:\/\/www.eldiario.net\/portal\/?s={search_term_string}"},"query-input":{"@type":"PropertyValueSpecification","valueRequired":true,"valueName":"search_term_string"}}],"inLanguage":"es"},{"@type":"Organization","@id":"https:\/\/www.eldiario.net\/portal\/#organization","name":"El Diario - Decano de la prensa nacional","url":"https:\/\/www.eldiario.net\/portal\/","logo":{"@type":"ImageObject","inLanguage":"es","@id":"https:\/\/www.eldiario.net\/portal\/#\/schema\/logo\/image\/","url":"https:\/\/www.eldiario.net\/portal\/wp-content\/uploads\/2023\/07\/logo_ED.jpg","contentUrl":"https:\/\/www.eldiario.net\/portal\/wp-content\/uploads\/2023\/07\/logo_ED.jpg","width":272,"height":52,"caption":"El Diario - Decano de la prensa nacional"},"image":{"@id":"https:\/\/www.eldiario.net\/portal\/#\/schema\/logo\/image\/"},"sameAs":["https:\/\/www.facebook.com\/eldiario.bolivia\/","https:\/\/x.com\/eldiario_net"]},{"@type":"Person","@id":"https:\/\/www.eldiario.net\/portal\/#\/schema\/person\/f46445640444750d7d753ccd04ae01b7","name":"Jeanette","image":{"@type":"ImageObject","inLanguage":"es","@id":"https:\/\/secure.gravatar.com\/avatar\/3ea2118a5f7dad2b7138b1187a6b7ee55f160b9968b66013c3a3ef39dd7e5798?s=96&d=mm&r=g","url":"https:\/\/secure.gravatar.com\/avatar\/3ea2118a5f7dad2b7138b1187a6b7ee55f160b9968b66013c3a3ef39dd7e5798?s=96&d=mm&r=g","contentUrl":"https:\/\/secure.gravatar.com\/avatar\/3ea2118a5f7dad2b7138b1187a6b7ee55f160b9968b66013c3a3ef39dd7e5798?s=96&d=mm&r=g","caption":"Jeanette"},"sameAs":["https:\/\/www.eldiario.net\/portal"],"url":"https:\/\/www.eldiario.net\/portal\/author\/jeanette\/"}]}},"_links":{"self":[{"href":"https:\/\/www.eldiario.net\/portal\/wp-json\/wp\/v2\/posts\/290326","targetHints":{"allow":["GET"]}}],"collection":[{"href":"https:\/\/www.eldiario.net\/portal\/wp-json\/wp\/v2\/posts"}],"about":[{"href":"https:\/\/www.eldiario.net\/portal\/wp-json\/wp\/v2\/types\/post"}],"author":[{"embeddable":true,"href":"https:\/\/www.eldiario.net\/portal\/wp-json\/wp\/v2\/users\/1"}],"replies":[{"embeddable":true,"href":"https:\/\/www.eldiario.net\/portal\/wp-json\/wp\/v2\/comments?post=290326"}],"version-history":[{"count":1,"href":"https:\/\/www.eldiario.net\/portal\/wp-json\/wp\/v2\/posts\/290326\/revisions"}],"predecessor-version":[{"id":290328,"href":"https:\/\/www.eldiario.net\/portal\/wp-json\/wp\/v2\/posts\/290326\/revisions\/290328"}],"wp:featuredmedia":[{"embeddable":true,"href":"https:\/\/www.eldiario.net\/portal\/wp-json\/wp\/v2\/media\/290327"}],"wp:attachment":[{"href":"https:\/\/www.eldiario.net\/portal\/wp-json\/wp\/v2\/media?parent=290326"}],"wp:term":[{"taxonomy":"category","embeddable":true,"href":"https:\/\/www.eldiario.net\/portal\/wp-json\/wp\/v2\/categories?post=290326"},{"taxonomy":"post_tag","embeddable":true,"href":"https:\/\/www.eldiario.net\/portal\/wp-json\/wp\/v2\/tags?post=290326"}],"curies":[{"name":"wp","href":"https:\/\/api.w.org\/{rel}","templated":true}]}}