{"id":290311,"date":"2025-03-23T06:59:33","date_gmt":"2025-03-23T10:59:33","guid":{"rendered":"https:\/\/www.eldiario.net\/portal\/?p=290311"},"modified":"2025-03-23T06:59:33","modified_gmt":"2025-03-23T10:59:33","slug":"civicos-crucenos-reclaman-al-ine-resultados-del-censo-2024","status":"publish","type":"post","link":"https:\/\/www.eldiario.net\/portal\/2025\/03\/23\/civicos-crucenos-reclaman-al-ine-resultados-del-censo-2024\/","title":{"rendered":"C\u00edvicos cruce\u00f1os reclaman al  INE resultados del Censo 2024"},"content":{"rendered":"<p>A un a\u00f1o de la encuesta nacional, el Instituto Nacional de Estad\u00edstica (INE) a\u00fan no entreg\u00f3 los resultados finales. Los reclamos por esta demora, se volver\u00e1n a escuchar este lunes 24 de marzo, durante la protesta ciudadana, organizada en Santa Cruz de la Sierra y liderada por los c\u00edvicos de este departamento.<br \/>\nStello Cochamanidis, presidente del Comit\u00e9 Pro Santa Cruz, afirm\u00f3 en las \u00faltimas horas que la encuesta fue \u201cun teatro\u201d que hizo el Gobierno. \u201cEste 23 de marzo, se recuerda ese nuevo fraude que fue el censo, pero el lunes le vamos a reclamar a Arandia (director del INE)\u201d, afirm\u00f3 en conferencia de prensa.<br \/>\nCochamanidis se\u00f1al\u00f3 que el compromiso del INE era entregar los resultados en el lapso de un a\u00f1o; sin embargo, hasta el momento solo se entregaron las estad\u00edsticas de manera parcial. El 29 de agosto de 2024, Humberto Arandia inform\u00f3 que Bolivia tiene 11.312.620 habitantes.<br \/>\nDespu\u00e9s de esa entrega de resultados, no se conoci\u00f3 ninguna estad\u00edstica nueva sobre el Censo. El pasado 17 de febrero de 2025, Arandia, inform\u00f3 que en agosto de este a\u00f1o se publicar\u00e1 la base de datos del Censo realizado el 23 marzo del a\u00f1o pasado.<br \/>\n\u201cEn el resultado parcial que hicieron (el a\u00f1o pasado) de poblaci\u00f3n, donde nos robaron a Santa Cruz m\u00e1s de un mill\u00f3n de cruce\u00f1os, se las vamos a cobrar, es algo que nos deben\u201d, indic\u00f3 el c\u00edvico.<br \/>\nLos primeros datos que entreg\u00f3 el INE el 29 de agosto del a\u00f1o pasado establecen que Bolivia tiene 11.312.620 habitantes, Santa Cruz es la regi\u00f3n m\u00e1s poblada del pa\u00eds, con 3.115.386 habitantes.<br \/>\nCochamanidis ratific\u00f3 la marcha para ma\u00f1ana 24 de marzo. La movilizaci\u00f3n partir\u00e1 desde la plaza del Estudiante hasta la plaza principal 24 de Septiembre. La caminata, en rechazo a la crisis econ\u00f3mica y escasez de combustible, est\u00e1 programada para iniciar, desde las 18:00 horas.<\/p>\n<p>&nbsp;<\/p>\n","protected":false},"excerpt":{"rendered":"<p>A un a\u00f1o de la encuesta nacional, el Instituto Nacional de Estad\u00edstica (INE) a\u00fan no entreg\u00f3 los resultados finales. Los reclamos por esta demora, se volver\u00e1n a escuchar este lunes 24 de marzo, durante la protesta ciudadana, organizada en Santa Cruz de la Sierra y liderada por los c\u00edvicos de este departamento. Stello Cochamanidis, presidente [&hellip;]<\/p>\n","protected":false},"author":1,"featured_media":290312,"comment_status":"closed","ping_status":"open","sticky":false,"template":"","format":"standard","meta":{"_acf_changed":false,"footnotes":""},"categories":[12],"tags":[],"class_list":["post-290311","post","type-post","status-publish","format-standard","has-post-thumbnail","category-nacional"],"acf":{"antetitulo":""},"yoast_head":"<!-- This site is optimized with the Yoast SEO plugin v28.3 - https:\/\/yoast.com\/product\/yoast-seo-wordpress\/ -->\n<title>C\u00edvicos cruce\u00f1os reclaman al INE resultados del Censo 2024 - El Diario - Bolivia<\/title>\n<meta name=\"robots\" content=\"index, follow, max-snippet:-1, max-image-preview:large, max-video-preview:-1\" \/>\n<link rel=\"canonical\" href=\"https:\/\/www.eldiario.net\/portal\/2025\/03\/23\/civicos-crucenos-reclaman-al-ine-resultados-del-censo-2024\/\" \/>\n<meta property=\"og:locale\" content=\"es_ES\" \/>\n<meta property=\"og:type\" content=\"article\" \/>\n<meta property=\"og:title\" content=\"C\u00edvicos cruce\u00f1os reclaman al INE resultados del Censo 2024 - El Diario - Bolivia\" \/>\n<meta property=\"og:description\" content=\"A un a\u00f1o de la encuesta nacional, el Instituto Nacional de Estad\u00edstica (INE) a\u00fan no entreg\u00f3 los resultados finales. Los reclamos por esta demora, se volver\u00e1n a escuchar este lunes 24 de marzo, durante la protesta ciudadana, organizada en Santa Cruz de la Sierra y liderada por los c\u00edvicos de este departamento. Stello Cochamanidis, presidente [&hellip;]\" \/>\n<meta property=\"og:url\" content=\"https:\/\/www.eldiario.net\/portal\/2025\/03\/23\/civicos-crucenos-reclaman-al-ine-resultados-del-censo-2024\/\" \/>\n<meta property=\"og:site_name\" content=\"El Diario - Bolivia\" \/>\n<meta property=\"article:publisher\" content=\"https:\/\/www.facebook.com\/eldiario.bolivia\/\" \/>\n<meta property=\"article:published_time\" content=\"2025-03-23T10:59:33+00:00\" \/>\n<meta property=\"og:image\" content=\"https:\/\/www.eldiario.net\/portal\/wp-content\/uploads\/2025\/03\/civicos.jpg\" \/>\n\t<meta property=\"og:image:width\" content=\"1000\" \/>\n\t<meta property=\"og:image:height\" content=\"718\" \/>\n\t<meta property=\"og:image:type\" content=\"image\/jpeg\" \/>\n<meta name=\"author\" content=\"Jeanette\" \/>\n<meta name=\"twitter:card\" content=\"summary_large_image\" \/>\n<meta name=\"twitter:creator\" content=\"@eldiario_net\" \/>\n<meta name=\"twitter:site\" content=\"@eldiario_net\" \/>\n<meta name=\"twitter:label1\" content=\"Escrito por\" \/>\n\t<meta name=\"twitter:data1\" content=\"Jeanette\" \/>\n\t<meta name=\"twitter:label2\" content=\"Tiempo de lectura\" \/>\n\t<meta name=\"twitter:data2\" content=\"2 minutos\" \/>\n<script type=\"application\/ld+json\" class=\"yoast-schema-graph\">{\"@context\":\"https:\\\/\\\/schema.org\",\"@graph\":[{\"@type\":\"Article\",\"@id\":\"https:\\\/\\\/www.eldiario.net\\\/portal\\\/2025\\\/03\\\/23\\\/civicos-crucenos-reclaman-al-ine-resultados-del-censo-2024\\\/#article\",\"isPartOf\":{\"@id\":\"https:\\\/\\\/www.eldiario.net\\\/portal\\\/2025\\\/03\\\/23\\\/civicos-crucenos-reclaman-al-ine-resultados-del-censo-2024\\\/\"},\"author\":{\"name\":\"Jeanette\",\"@id\":\"https:\\\/\\\/www.eldiario.net\\\/portal\\\/#\\\/schema\\\/person\\\/f46445640444750d7d753ccd04ae01b7\"},\"headline\":\"C\u00edvicos cruce\u00f1os reclaman al INE resultados del Censo 2024\",\"datePublished\":\"2025-03-23T10:59:33+00:00\",\"mainEntityOfPage\":{\"@id\":\"https:\\\/\\\/www.eldiario.net\\\/portal\\\/2025\\\/03\\\/23\\\/civicos-crucenos-reclaman-al-ine-resultados-del-censo-2024\\\/\"},\"wordCount\":328,\"publisher\":{\"@id\":\"https:\\\/\\\/www.eldiario.net\\\/portal\\\/#organization\"},\"image\":{\"@id\":\"https:\\\/\\\/www.eldiario.net\\\/portal\\\/2025\\\/03\\\/23\\\/civicos-crucenos-reclaman-al-ine-resultados-del-censo-2024\\\/#primaryimage\"},\"thumbnailUrl\":\"https:\\\/\\\/www.eldiario.net\\\/portal\\\/wp-content\\\/uploads\\\/2025\\\/03\\\/civicos.jpg\",\"articleSection\":[\"Nacional\"],\"inLanguage\":\"es\"},{\"@type\":\"WebPage\",\"@id\":\"https:\\\/\\\/www.eldiario.net\\\/portal\\\/2025\\\/03\\\/23\\\/civicos-crucenos-reclaman-al-ine-resultados-del-censo-2024\\\/\",\"url\":\"https:\\\/\\\/www.eldiario.net\\\/portal\\\/2025\\\/03\\\/23\\\/civicos-crucenos-reclaman-al-ine-resultados-del-censo-2024\\\/\",\"name\":\"C\u00edvicos cruce\u00f1os reclaman al INE resultados del Censo 2024 - El Diario - Bolivia\",\"isPartOf\":{\"@id\":\"https:\\\/\\\/www.eldiario.net\\\/portal\\\/#website\"},\"primaryImageOfPage\":{\"@id\":\"https:\\\/\\\/www.eldiario.net\\\/portal\\\/2025\\\/03\\\/23\\\/civicos-crucenos-reclaman-al-ine-resultados-del-censo-2024\\\/#primaryimage\"},\"image\":{\"@id\":\"https:\\\/\\\/www.eldiario.net\\\/portal\\\/2025\\\/03\\\/23\\\/civicos-crucenos-reclaman-al-ine-resultados-del-censo-2024\\\/#primaryimage\"},\"thumbnailUrl\":\"https:\\\/\\\/www.eldiario.net\\\/portal\\\/wp-content\\\/uploads\\\/2025\\\/03\\\/civicos.jpg\",\"datePublished\":\"2025-03-23T10:59:33+00:00\",\"breadcrumb\":{\"@id\":\"https:\\\/\\\/www.eldiario.net\\\/portal\\\/2025\\\/03\\\/23\\\/civicos-crucenos-reclaman-al-ine-resultados-del-censo-2024\\\/#breadcrumb\"},\"inLanguage\":\"es\",\"potentialAction\":[{\"@type\":\"ReadAction\",\"target\":[\"https:\\\/\\\/www.eldiario.net\\\/portal\\\/2025\\\/03\\\/23\\\/civicos-crucenos-reclaman-al-ine-resultados-del-censo-2024\\\/\"]}]},{\"@type\":\"ImageObject\",\"inLanguage\":\"es\",\"@id\":\"https:\\\/\\\/www.eldiario.net\\\/portal\\\/2025\\\/03\\\/23\\\/civicos-crucenos-reclaman-al-ine-resultados-del-censo-2024\\\/#primaryimage\",\"url\":\"https:\\\/\\\/www.eldiario.net\\\/portal\\\/wp-content\\\/uploads\\\/2025\\\/03\\\/civicos.jpg\",\"contentUrl\":\"https:\\\/\\\/www.eldiario.net\\\/portal\\\/wp-content\\\/uploads\\\/2025\\\/03\\\/civicos.jpg\",\"width\":1000,\"height\":718,\"caption\":\"Stello Cochamanidis, presidente del Comit\u00e9 Pro Santa Cruz.\"},{\"@type\":\"BreadcrumbList\",\"@id\":\"https:\\\/\\\/www.eldiario.net\\\/portal\\\/2025\\\/03\\\/23\\\/civicos-crucenos-reclaman-al-ine-resultados-del-censo-2024\\\/#breadcrumb\",\"itemListElement\":[{\"@type\":\"ListItem\",\"position\":1,\"name\":\"Portada\",\"item\":\"https:\\\/\\\/www.eldiario.net\\\/portal\\\/\"},{\"@type\":\"ListItem\",\"position\":2,\"name\":\"C\u00edvicos cruce\u00f1os reclaman al INE resultados del Censo 2024\"}]},{\"@type\":\"WebSite\",\"@id\":\"https:\\\/\\\/www.eldiario.net\\\/portal\\\/#website\",\"url\":\"https:\\\/\\\/www.eldiario.net\\\/portal\\\/\",\"name\":\"El Diario - Decano de la prensa nacional\",\"description\":\"El Diario - Decano de la prensa nacional\",\"publisher\":{\"@id\":\"https:\\\/\\\/www.eldiario.net\\\/portal\\\/#organization\"},\"potentialAction\":[{\"@type\":\"SearchAction\",\"target\":{\"@type\":\"EntryPoint\",\"urlTemplate\":\"https:\\\/\\\/www.eldiario.net\\\/portal\\\/?s={search_term_string}\"},\"query-input\":{\"@type\":\"PropertyValueSpecification\",\"valueRequired\":true,\"valueName\":\"search_term_string\"}}],\"inLanguage\":\"es\"},{\"@type\":\"Organization\",\"@id\":\"https:\\\/\\\/www.eldiario.net\\\/portal\\\/#organization\",\"name\":\"El Diario - Decano de la prensa nacional\",\"url\":\"https:\\\/\\\/www.eldiario.net\\\/portal\\\/\",\"logo\":{\"@type\":\"ImageObject\",\"inLanguage\":\"es\",\"@id\":\"https:\\\/\\\/www.eldiario.net\\\/portal\\\/#\\\/schema\\\/logo\\\/image\\\/\",\"url\":\"https:\\\/\\\/www.eldiario.net\\\/portal\\\/wp-content\\\/uploads\\\/2023\\\/07\\\/logo_ED.jpg\",\"contentUrl\":\"https:\\\/\\\/www.eldiario.net\\\/portal\\\/wp-content\\\/uploads\\\/2023\\\/07\\\/logo_ED.jpg\",\"width\":272,\"height\":52,\"caption\":\"El Diario - Decano de la prensa nacional\"},\"image\":{\"@id\":\"https:\\\/\\\/www.eldiario.net\\\/portal\\\/#\\\/schema\\\/logo\\\/image\\\/\"},\"sameAs\":[\"https:\\\/\\\/www.facebook.com\\\/eldiario.bolivia\\\/\",\"https:\\\/\\\/x.com\\\/eldiario_net\"]},{\"@type\":\"Person\",\"@id\":\"https:\\\/\\\/www.eldiario.net\\\/portal\\\/#\\\/schema\\\/person\\\/f46445640444750d7d753ccd04ae01b7\",\"name\":\"Jeanette\",\"image\":{\"@type\":\"ImageObject\",\"inLanguage\":\"es\",\"@id\":\"https:\\\/\\\/secure.gravatar.com\\\/avatar\\\/3ea2118a5f7dad2b7138b1187a6b7ee55f160b9968b66013c3a3ef39dd7e5798?s=96&d=mm&r=g\",\"url\":\"https:\\\/\\\/secure.gravatar.com\\\/avatar\\\/3ea2118a5f7dad2b7138b1187a6b7ee55f160b9968b66013c3a3ef39dd7e5798?s=96&d=mm&r=g\",\"contentUrl\":\"https:\\\/\\\/secure.gravatar.com\\\/avatar\\\/3ea2118a5f7dad2b7138b1187a6b7ee55f160b9968b66013c3a3ef39dd7e5798?s=96&d=mm&r=g\",\"caption\":\"Jeanette\"},\"sameAs\":[\"https:\\\/\\\/www.eldiario.net\\\/portal\"],\"url\":\"https:\\\/\\\/www.eldiario.net\\\/portal\\\/author\\\/jeanette\\\/\"}]}<\/script>\n<!-- \/ Yoast SEO plugin. -->","yoast_head_json":{"title":"C\u00edvicos cruce\u00f1os reclaman al INE resultados del Censo 2024 - El Diario - Bolivia","robots":{"index":"index","follow":"follow","max-snippet":"max-snippet:-1","max-image-preview":"max-image-preview:large","max-video-preview":"max-video-preview:-1"},"canonical":"https:\/\/www.eldiario.net\/portal\/2025\/03\/23\/civicos-crucenos-reclaman-al-ine-resultados-del-censo-2024\/","og_locale":"es_ES","og_type":"article","og_title":"C\u00edvicos cruce\u00f1os reclaman al INE resultados del Censo 2024 - El Diario - Bolivia","og_description":"A un a\u00f1o de la encuesta nacional, el Instituto Nacional de Estad\u00edstica (INE) a\u00fan no entreg\u00f3 los resultados finales. Los reclamos por esta demora, se volver\u00e1n a escuchar este lunes 24 de marzo, durante la protesta ciudadana, organizada en Santa Cruz de la Sierra y liderada por los c\u00edvicos de este departamento. Stello Cochamanidis, presidente [&hellip;]","og_url":"https:\/\/www.eldiario.net\/portal\/2025\/03\/23\/civicos-crucenos-reclaman-al-ine-resultados-del-censo-2024\/","og_site_name":"El Diario - Bolivia","article_publisher":"https:\/\/www.facebook.com\/eldiario.bolivia\/","article_published_time":"2025-03-23T10:59:33+00:00","og_image":[{"width":1000,"height":718,"url":"https:\/\/www.eldiario.net\/portal\/wp-content\/uploads\/2025\/03\/civicos.jpg","type":"image\/jpeg"}],"author":"Jeanette","twitter_card":"summary_large_image","twitter_creator":"@eldiario_net","twitter_site":"@eldiario_net","twitter_misc":{"Escrito por":"Jeanette","Tiempo de lectura":"2 minutos"},"schema":{"@context":"https:\/\/schema.org","@graph":[{"@type":"Article","@id":"https:\/\/www.eldiario.net\/portal\/2025\/03\/23\/civicos-crucenos-reclaman-al-ine-resultados-del-censo-2024\/#article","isPartOf":{"@id":"https:\/\/www.eldiario.net\/portal\/2025\/03\/23\/civicos-crucenos-reclaman-al-ine-resultados-del-censo-2024\/"},"author":{"name":"Jeanette","@id":"https:\/\/www.eldiario.net\/portal\/#\/schema\/person\/f46445640444750d7d753ccd04ae01b7"},"headline":"C\u00edvicos cruce\u00f1os reclaman al INE resultados del Censo 2024","datePublished":"2025-03-23T10:59:33+00:00","mainEntityOfPage":{"@id":"https:\/\/www.eldiario.net\/portal\/2025\/03\/23\/civicos-crucenos-reclaman-al-ine-resultados-del-censo-2024\/"},"wordCount":328,"publisher":{"@id":"https:\/\/www.eldiario.net\/portal\/#organization"},"image":{"@id":"https:\/\/www.eldiario.net\/portal\/2025\/03\/23\/civicos-crucenos-reclaman-al-ine-resultados-del-censo-2024\/#primaryimage"},"thumbnailUrl":"https:\/\/www.eldiario.net\/portal\/wp-content\/uploads\/2025\/03\/civicos.jpg","articleSection":["Nacional"],"inLanguage":"es"},{"@type":"WebPage","@id":"https:\/\/www.eldiario.net\/portal\/2025\/03\/23\/civicos-crucenos-reclaman-al-ine-resultados-del-censo-2024\/","url":"https:\/\/www.eldiario.net\/portal\/2025\/03\/23\/civicos-crucenos-reclaman-al-ine-resultados-del-censo-2024\/","name":"C\u00edvicos cruce\u00f1os reclaman al INE resultados del Censo 2024 - El Diario - Bolivia","isPartOf":{"@id":"https:\/\/www.eldiario.net\/portal\/#website"},"primaryImageOfPage":{"@id":"https:\/\/www.eldiario.net\/portal\/2025\/03\/23\/civicos-crucenos-reclaman-al-ine-resultados-del-censo-2024\/#primaryimage"},"image":{"@id":"https:\/\/www.eldiario.net\/portal\/2025\/03\/23\/civicos-crucenos-reclaman-al-ine-resultados-del-censo-2024\/#primaryimage"},"thumbnailUrl":"https:\/\/www.eldiario.net\/portal\/wp-content\/uploads\/2025\/03\/civicos.jpg","datePublished":"2025-03-23T10:59:33+00:00","breadcrumb":{"@id":"https:\/\/www.eldiario.net\/portal\/2025\/03\/23\/civicos-crucenos-reclaman-al-ine-resultados-del-censo-2024\/#breadcrumb"},"inLanguage":"es","potentialAction":[{"@type":"ReadAction","target":["https:\/\/www.eldiario.net\/portal\/2025\/03\/23\/civicos-crucenos-reclaman-al-ine-resultados-del-censo-2024\/"]}]},{"@type":"ImageObject","inLanguage":"es","@id":"https:\/\/www.eldiario.net\/portal\/2025\/03\/23\/civicos-crucenos-reclaman-al-ine-resultados-del-censo-2024\/#primaryimage","url":"https:\/\/www.eldiario.net\/portal\/wp-content\/uploads\/2025\/03\/civicos.jpg","contentUrl":"https:\/\/www.eldiario.net\/portal\/wp-content\/uploads\/2025\/03\/civicos.jpg","width":1000,"height":718,"caption":"Stello Cochamanidis, presidente del Comit\u00e9 Pro Santa Cruz."},{"@type":"BreadcrumbList","@id":"https:\/\/www.eldiario.net\/portal\/2025\/03\/23\/civicos-crucenos-reclaman-al-ine-resultados-del-censo-2024\/#breadcrumb","itemListElement":[{"@type":"ListItem","position":1,"name":"Portada","item":"https:\/\/www.eldiario.net\/portal\/"},{"@type":"ListItem","position":2,"name":"C\u00edvicos cruce\u00f1os reclaman al INE resultados del Censo 2024"}]},{"@type":"WebSite","@id":"https:\/\/www.eldiario.net\/portal\/#website","url":"https:\/\/www.eldiario.net\/portal\/","name":"El Diario - Decano de la prensa nacional","description":"El Diario - Decano de la prensa nacional","publisher":{"@id":"https:\/\/www.eldiario.net\/portal\/#organization"},"potentialAction":[{"@type":"SearchAction","target":{"@type":"EntryPoint","urlTemplate":"https:\/\/www.eldiario.net\/portal\/?s={search_term_string}"},"query-input":{"@type":"PropertyValueSpecification","valueRequired":true,"valueName":"search_term_string"}}],"inLanguage":"es"},{"@type":"Organization","@id":"https:\/\/www.eldiario.net\/portal\/#organization","name":"El Diario - Decano de la prensa nacional","url":"https:\/\/www.eldiario.net\/portal\/","logo":{"@type":"ImageObject","inLanguage":"es","@id":"https:\/\/www.eldiario.net\/portal\/#\/schema\/logo\/image\/","url":"https:\/\/www.eldiario.net\/portal\/wp-content\/uploads\/2023\/07\/logo_ED.jpg","contentUrl":"https:\/\/www.eldiario.net\/portal\/wp-content\/uploads\/2023\/07\/logo_ED.jpg","width":272,"height":52,"caption":"El Diario - Decano de la prensa nacional"},"image":{"@id":"https:\/\/www.eldiario.net\/portal\/#\/schema\/logo\/image\/"},"sameAs":["https:\/\/www.facebook.com\/eldiario.bolivia\/","https:\/\/x.com\/eldiario_net"]},{"@type":"Person","@id":"https:\/\/www.eldiario.net\/portal\/#\/schema\/person\/f46445640444750d7d753ccd04ae01b7","name":"Jeanette","image":{"@type":"ImageObject","inLanguage":"es","@id":"https:\/\/secure.gravatar.com\/avatar\/3ea2118a5f7dad2b7138b1187a6b7ee55f160b9968b66013c3a3ef39dd7e5798?s=96&d=mm&r=g","url":"https:\/\/secure.gravatar.com\/avatar\/3ea2118a5f7dad2b7138b1187a6b7ee55f160b9968b66013c3a3ef39dd7e5798?s=96&d=mm&r=g","contentUrl":"https:\/\/secure.gravatar.com\/avatar\/3ea2118a5f7dad2b7138b1187a6b7ee55f160b9968b66013c3a3ef39dd7e5798?s=96&d=mm&r=g","caption":"Jeanette"},"sameAs":["https:\/\/www.eldiario.net\/portal"],"url":"https:\/\/www.eldiario.net\/portal\/author\/jeanette\/"}]}},"_links":{"self":[{"href":"https:\/\/www.eldiario.net\/portal\/wp-json\/wp\/v2\/posts\/290311","targetHints":{"allow":["GET"]}}],"collection":[{"href":"https:\/\/www.eldiario.net\/portal\/wp-json\/wp\/v2\/posts"}],"about":[{"href":"https:\/\/www.eldiario.net\/portal\/wp-json\/wp\/v2\/types\/post"}],"author":[{"embeddable":true,"href":"https:\/\/www.eldiario.net\/portal\/wp-json\/wp\/v2\/users\/1"}],"replies":[{"embeddable":true,"href":"https:\/\/www.eldiario.net\/portal\/wp-json\/wp\/v2\/comments?post=290311"}],"version-history":[{"count":1,"href":"https:\/\/www.eldiario.net\/portal\/wp-json\/wp\/v2\/posts\/290311\/revisions"}],"predecessor-version":[{"id":290313,"href":"https:\/\/www.eldiario.net\/portal\/wp-json\/wp\/v2\/posts\/290311\/revisions\/290313"}],"wp:featuredmedia":[{"embeddable":true,"href":"https:\/\/www.eldiario.net\/portal\/wp-json\/wp\/v2\/media\/290312"}],"wp:attachment":[{"href":"https:\/\/www.eldiario.net\/portal\/wp-json\/wp\/v2\/media?parent=290311"}],"wp:term":[{"taxonomy":"category","embeddable":true,"href":"https:\/\/www.eldiario.net\/portal\/wp-json\/wp\/v2\/categories?post=290311"},{"taxonomy":"post_tag","embeddable":true,"href":"https:\/\/www.eldiario.net\/portal\/wp-json\/wp\/v2\/tags?post=290311"}],"curies":[{"name":"wp","href":"https:\/\/api.w.org\/{rel}","templated":true}]}}