{"id":290229,"date":"2025-03-23T06:38:26","date_gmt":"2025-03-23T10:38:26","guid":{"rendered":"https:\/\/www.eldiario.net\/portal\/?p=290229"},"modified":"2025-03-23T06:38:26","modified_gmt":"2025-03-23T10:38:26","slug":"continua-monitoreo-de-movimientos-en-codavisa","status":"publish","type":"post","link":"https:\/\/www.eldiario.net\/portal\/2025\/03\/23\/continua-monitoreo-de-movimientos-en-codavisa\/","title":{"rendered":"Contin\u00faa monitoreo de  movimientos en Codavisa"},"content":{"rendered":"<p>Tras 12 d\u00edas de trabajo en los sectores de Codavisa y Se\u00f1or de Mayo del municipio de La Paz, durante una reuni\u00f3n con vecinos de esos lugares, autoridades y t\u00e9cnicos de la Alcald\u00eda pace\u00f1a detallaron los trabajos que contin\u00faan realizando desde el 10 de marzo, cuando se produjo el movimiento de tierra en masa por saturaci\u00f3n de agua e indicaron que a\u00fan el suelo est\u00e1 gredoso, por lo que no es conveniente habitarlo.<br \/>\nEl ingeniero de la Secretar\u00eda Municipal de Resiliencia y Gesti\u00f3n de Vulnerabilidades, Gonzalo Patty, mostr\u00f3 que los taludes cayeron por las lluvias y el corte recto que se les hicieron. La parte alta, antes era un cerro y ahora est\u00e1 plano.<br \/>\n\u201cSeguimos monitoreando\u201d, asegur\u00f3 y anunci\u00f3 la visita a algunas viviendas, adem\u00e1s dijo que algunos testigos que pusieron en las \u00e1reas 1 y 2 se rompieron y los reemplazar\u00e1n.<br \/>\nAsimismo, la perforadora que usan para medir los movimientos del sector, ya ingres\u00f3 seis metros, pero se continuar\u00e1 con la labor. Mientras los vecinos escuchaban la explicaci\u00f3n, los t\u00e9cnicos les dieron muestras de tierra gredosa que sacaron del lugar, \u201clo que significa que ese suelo no es apto para construcci\u00f3n\u201d.<br \/>\nAYUDA<br \/>\nEn tanto, el secretario Municipal de Educaci\u00f3n y Desarrollo Social, Jaques Alcoba, inform\u00f3 que gestionaron con la Gobernaci\u00f3n pace\u00f1a para m\u00e1s ayuda humanitaria y aguardan la respuesta.<br \/>\nDetall\u00f3 que la campa\u00f1a municipal \u201cEsperanza para Codavisa\u201d de donaci\u00f3n es hasta ma\u00f1ana. Hay nueve puntos para donar: su Secretar\u00eda ubicada en la calle Colombia, esquina Mariscal Santa Cruz, la Subalcald\u00eda Sur, los cinco hospitales municipales, el Palacio Consistorial y la Iglesia del Narareno.<\/p>\n","protected":false},"excerpt":{"rendered":"<p>Tras 12 d\u00edas de trabajo en los sectores de Codavisa y Se\u00f1or de Mayo del municipio de La Paz, durante una reuni\u00f3n con vecinos de esos lugares, autoridades y t\u00e9cnicos de la Alcald\u00eda pace\u00f1a detallaron los trabajos que contin\u00faan realizando desde el 10 de marzo, cuando se produjo el movimiento de tierra en masa por [&hellip;]<\/p>\n","protected":false},"author":1,"featured_media":290230,"comment_status":"closed","ping_status":"open","sticky":false,"template":"","format":"standard","meta":{"_acf_changed":false,"footnotes":""},"categories":[12],"tags":[],"class_list":["post-290229","post","type-post","status-publish","format-standard","has-post-thumbnail","category-nacional"],"acf":{"antetitulo":""},"yoast_head":"<!-- This site is optimized with the Yoast SEO plugin v28.3 - https:\/\/yoast.com\/product\/yoast-seo-wordpress\/ -->\n<title>Contin\u00faa monitoreo de movimientos en Codavisa - El Diario - Bolivia<\/title>\n<meta name=\"robots\" content=\"index, follow, max-snippet:-1, max-image-preview:large, max-video-preview:-1\" \/>\n<link rel=\"canonical\" href=\"https:\/\/www.eldiario.net\/portal\/2025\/03\/23\/continua-monitoreo-de-movimientos-en-codavisa\/\" \/>\n<meta property=\"og:locale\" content=\"es_ES\" \/>\n<meta property=\"og:type\" content=\"article\" \/>\n<meta property=\"og:title\" content=\"Contin\u00faa monitoreo de movimientos en Codavisa - El Diario - Bolivia\" \/>\n<meta property=\"og:description\" content=\"Tras 12 d\u00edas de trabajo en los sectores de Codavisa y Se\u00f1or de Mayo del municipio de La Paz, durante una reuni\u00f3n con vecinos de esos lugares, autoridades y t\u00e9cnicos de la Alcald\u00eda pace\u00f1a detallaron los trabajos que contin\u00faan realizando desde el 10 de marzo, cuando se produjo el movimiento de tierra en masa por [&hellip;]\" \/>\n<meta property=\"og:url\" content=\"https:\/\/www.eldiario.net\/portal\/2025\/03\/23\/continua-monitoreo-de-movimientos-en-codavisa\/\" \/>\n<meta property=\"og:site_name\" content=\"El Diario - Bolivia\" \/>\n<meta property=\"article:publisher\" content=\"https:\/\/www.facebook.com\/eldiario.bolivia\/\" \/>\n<meta property=\"article:published_time\" content=\"2025-03-23T10:38:26+00:00\" \/>\n<meta property=\"og:image\" content=\"https:\/\/www.eldiario.net\/portal\/wp-content\/uploads\/2025\/03\/F-4-codavisa.jpg\" \/>\n\t<meta property=\"og:image:width\" content=\"1600\" \/>\n\t<meta property=\"og:image:height\" content=\"1067\" \/>\n\t<meta property=\"og:image:type\" content=\"image\/jpeg\" \/>\n<meta name=\"author\" content=\"Jeanette\" \/>\n<meta name=\"twitter:card\" content=\"summary_large_image\" \/>\n<meta name=\"twitter:creator\" content=\"@eldiario_net\" \/>\n<meta name=\"twitter:site\" content=\"@eldiario_net\" \/>\n<meta name=\"twitter:label1\" content=\"Escrito por\" \/>\n\t<meta name=\"twitter:data1\" content=\"Jeanette\" \/>\n\t<meta name=\"twitter:label2\" content=\"Tiempo de lectura\" \/>\n\t<meta name=\"twitter:data2\" content=\"2 minutos\" \/>\n<script type=\"application\/ld+json\" class=\"yoast-schema-graph\">{\"@context\":\"https:\\\/\\\/schema.org\",\"@graph\":[{\"@type\":\"Article\",\"@id\":\"https:\\\/\\\/www.eldiario.net\\\/portal\\\/2025\\\/03\\\/23\\\/continua-monitoreo-de-movimientos-en-codavisa\\\/#article\",\"isPartOf\":{\"@id\":\"https:\\\/\\\/www.eldiario.net\\\/portal\\\/2025\\\/03\\\/23\\\/continua-monitoreo-de-movimientos-en-codavisa\\\/\"},\"author\":{\"name\":\"Jeanette\",\"@id\":\"https:\\\/\\\/www.eldiario.net\\\/portal\\\/#\\\/schema\\\/person\\\/f46445640444750d7d753ccd04ae01b7\"},\"headline\":\"Contin\u00faa monitoreo de movimientos en Codavisa\",\"datePublished\":\"2025-03-23T10:38:26+00:00\",\"mainEntityOfPage\":{\"@id\":\"https:\\\/\\\/www.eldiario.net\\\/portal\\\/2025\\\/03\\\/23\\\/continua-monitoreo-de-movimientos-en-codavisa\\\/\"},\"wordCount\":292,\"publisher\":{\"@id\":\"https:\\\/\\\/www.eldiario.net\\\/portal\\\/#organization\"},\"image\":{\"@id\":\"https:\\\/\\\/www.eldiario.net\\\/portal\\\/2025\\\/03\\\/23\\\/continua-monitoreo-de-movimientos-en-codavisa\\\/#primaryimage\"},\"thumbnailUrl\":\"https:\\\/\\\/www.eldiario.net\\\/portal\\\/wp-content\\\/uploads\\\/2025\\\/03\\\/F-4-codavisa.jpg\",\"articleSection\":[\"Nacional\"],\"inLanguage\":\"es\"},{\"@type\":\"WebPage\",\"@id\":\"https:\\\/\\\/www.eldiario.net\\\/portal\\\/2025\\\/03\\\/23\\\/continua-monitoreo-de-movimientos-en-codavisa\\\/\",\"url\":\"https:\\\/\\\/www.eldiario.net\\\/portal\\\/2025\\\/03\\\/23\\\/continua-monitoreo-de-movimientos-en-codavisa\\\/\",\"name\":\"Contin\u00faa monitoreo de movimientos en Codavisa - El Diario - Bolivia\",\"isPartOf\":{\"@id\":\"https:\\\/\\\/www.eldiario.net\\\/portal\\\/#website\"},\"primaryImageOfPage\":{\"@id\":\"https:\\\/\\\/www.eldiario.net\\\/portal\\\/2025\\\/03\\\/23\\\/continua-monitoreo-de-movimientos-en-codavisa\\\/#primaryimage\"},\"image\":{\"@id\":\"https:\\\/\\\/www.eldiario.net\\\/portal\\\/2025\\\/03\\\/23\\\/continua-monitoreo-de-movimientos-en-codavisa\\\/#primaryimage\"},\"thumbnailUrl\":\"https:\\\/\\\/www.eldiario.net\\\/portal\\\/wp-content\\\/uploads\\\/2025\\\/03\\\/F-4-codavisa.jpg\",\"datePublished\":\"2025-03-23T10:38:26+00:00\",\"breadcrumb\":{\"@id\":\"https:\\\/\\\/www.eldiario.net\\\/portal\\\/2025\\\/03\\\/23\\\/continua-monitoreo-de-movimientos-en-codavisa\\\/#breadcrumb\"},\"inLanguage\":\"es\",\"potentialAction\":[{\"@type\":\"ReadAction\",\"target\":[\"https:\\\/\\\/www.eldiario.net\\\/portal\\\/2025\\\/03\\\/23\\\/continua-monitoreo-de-movimientos-en-codavisa\\\/\"]}]},{\"@type\":\"ImageObject\",\"inLanguage\":\"es\",\"@id\":\"https:\\\/\\\/www.eldiario.net\\\/portal\\\/2025\\\/03\\\/23\\\/continua-monitoreo-de-movimientos-en-codavisa\\\/#primaryimage\",\"url\":\"https:\\\/\\\/www.eldiario.net\\\/portal\\\/wp-content\\\/uploads\\\/2025\\\/03\\\/F-4-codavisa.jpg\",\"contentUrl\":\"https:\\\/\\\/www.eldiario.net\\\/portal\\\/wp-content\\\/uploads\\\/2025\\\/03\\\/F-4-codavisa.jpg\",\"width\":1600,\"height\":1067,\"caption\":\"La reuni\u00f3n entre alcald\u00eda y vecinos.\"},{\"@type\":\"BreadcrumbList\",\"@id\":\"https:\\\/\\\/www.eldiario.net\\\/portal\\\/2025\\\/03\\\/23\\\/continua-monitoreo-de-movimientos-en-codavisa\\\/#breadcrumb\",\"itemListElement\":[{\"@type\":\"ListItem\",\"position\":1,\"name\":\"Portada\",\"item\":\"https:\\\/\\\/www.eldiario.net\\\/portal\\\/\"},{\"@type\":\"ListItem\",\"position\":2,\"name\":\"Contin\u00faa monitoreo de movimientos en Codavisa\"}]},{\"@type\":\"WebSite\",\"@id\":\"https:\\\/\\\/www.eldiario.net\\\/portal\\\/#website\",\"url\":\"https:\\\/\\\/www.eldiario.net\\\/portal\\\/\",\"name\":\"El Diario - Decano de la prensa nacional\",\"description\":\"El Diario - Decano de la prensa nacional\",\"publisher\":{\"@id\":\"https:\\\/\\\/www.eldiario.net\\\/portal\\\/#organization\"},\"potentialAction\":[{\"@type\":\"SearchAction\",\"target\":{\"@type\":\"EntryPoint\",\"urlTemplate\":\"https:\\\/\\\/www.eldiario.net\\\/portal\\\/?s={search_term_string}\"},\"query-input\":{\"@type\":\"PropertyValueSpecification\",\"valueRequired\":true,\"valueName\":\"search_term_string\"}}],\"inLanguage\":\"es\"},{\"@type\":\"Organization\",\"@id\":\"https:\\\/\\\/www.eldiario.net\\\/portal\\\/#organization\",\"name\":\"El Diario - Decano de la prensa nacional\",\"url\":\"https:\\\/\\\/www.eldiario.net\\\/portal\\\/\",\"logo\":{\"@type\":\"ImageObject\",\"inLanguage\":\"es\",\"@id\":\"https:\\\/\\\/www.eldiario.net\\\/portal\\\/#\\\/schema\\\/logo\\\/image\\\/\",\"url\":\"https:\\\/\\\/www.eldiario.net\\\/portal\\\/wp-content\\\/uploads\\\/2023\\\/07\\\/logo_ED.jpg\",\"contentUrl\":\"https:\\\/\\\/www.eldiario.net\\\/portal\\\/wp-content\\\/uploads\\\/2023\\\/07\\\/logo_ED.jpg\",\"width\":272,\"height\":52,\"caption\":\"El Diario - Decano de la prensa nacional\"},\"image\":{\"@id\":\"https:\\\/\\\/www.eldiario.net\\\/portal\\\/#\\\/schema\\\/logo\\\/image\\\/\"},\"sameAs\":[\"https:\\\/\\\/www.facebook.com\\\/eldiario.bolivia\\\/\",\"https:\\\/\\\/x.com\\\/eldiario_net\"]},{\"@type\":\"Person\",\"@id\":\"https:\\\/\\\/www.eldiario.net\\\/portal\\\/#\\\/schema\\\/person\\\/f46445640444750d7d753ccd04ae01b7\",\"name\":\"Jeanette\",\"image\":{\"@type\":\"ImageObject\",\"inLanguage\":\"es\",\"@id\":\"https:\\\/\\\/secure.gravatar.com\\\/avatar\\\/3ea2118a5f7dad2b7138b1187a6b7ee55f160b9968b66013c3a3ef39dd7e5798?s=96&d=mm&r=g\",\"url\":\"https:\\\/\\\/secure.gravatar.com\\\/avatar\\\/3ea2118a5f7dad2b7138b1187a6b7ee55f160b9968b66013c3a3ef39dd7e5798?s=96&d=mm&r=g\",\"contentUrl\":\"https:\\\/\\\/secure.gravatar.com\\\/avatar\\\/3ea2118a5f7dad2b7138b1187a6b7ee55f160b9968b66013c3a3ef39dd7e5798?s=96&d=mm&r=g\",\"caption\":\"Jeanette\"},\"sameAs\":[\"https:\\\/\\\/www.eldiario.net\\\/portal\"],\"url\":\"https:\\\/\\\/www.eldiario.net\\\/portal\\\/author\\\/jeanette\\\/\"}]}<\/script>\n<!-- \/ Yoast SEO plugin. -->","yoast_head_json":{"title":"Contin\u00faa monitoreo de movimientos en Codavisa - El Diario - Bolivia","robots":{"index":"index","follow":"follow","max-snippet":"max-snippet:-1","max-image-preview":"max-image-preview:large","max-video-preview":"max-video-preview:-1"},"canonical":"https:\/\/www.eldiario.net\/portal\/2025\/03\/23\/continua-monitoreo-de-movimientos-en-codavisa\/","og_locale":"es_ES","og_type":"article","og_title":"Contin\u00faa monitoreo de movimientos en Codavisa - El Diario - Bolivia","og_description":"Tras 12 d\u00edas de trabajo en los sectores de Codavisa y Se\u00f1or de Mayo del municipio de La Paz, durante una reuni\u00f3n con vecinos de esos lugares, autoridades y t\u00e9cnicos de la Alcald\u00eda pace\u00f1a detallaron los trabajos que contin\u00faan realizando desde el 10 de marzo, cuando se produjo el movimiento de tierra en masa por [&hellip;]","og_url":"https:\/\/www.eldiario.net\/portal\/2025\/03\/23\/continua-monitoreo-de-movimientos-en-codavisa\/","og_site_name":"El Diario - Bolivia","article_publisher":"https:\/\/www.facebook.com\/eldiario.bolivia\/","article_published_time":"2025-03-23T10:38:26+00:00","og_image":[{"width":1600,"height":1067,"url":"https:\/\/www.eldiario.net\/portal\/wp-content\/uploads\/2025\/03\/F-4-codavisa.jpg","type":"image\/jpeg"}],"author":"Jeanette","twitter_card":"summary_large_image","twitter_creator":"@eldiario_net","twitter_site":"@eldiario_net","twitter_misc":{"Escrito por":"Jeanette","Tiempo de lectura":"2 minutos"},"schema":{"@context":"https:\/\/schema.org","@graph":[{"@type":"Article","@id":"https:\/\/www.eldiario.net\/portal\/2025\/03\/23\/continua-monitoreo-de-movimientos-en-codavisa\/#article","isPartOf":{"@id":"https:\/\/www.eldiario.net\/portal\/2025\/03\/23\/continua-monitoreo-de-movimientos-en-codavisa\/"},"author":{"name":"Jeanette","@id":"https:\/\/www.eldiario.net\/portal\/#\/schema\/person\/f46445640444750d7d753ccd04ae01b7"},"headline":"Contin\u00faa monitoreo de movimientos en Codavisa","datePublished":"2025-03-23T10:38:26+00:00","mainEntityOfPage":{"@id":"https:\/\/www.eldiario.net\/portal\/2025\/03\/23\/continua-monitoreo-de-movimientos-en-codavisa\/"},"wordCount":292,"publisher":{"@id":"https:\/\/www.eldiario.net\/portal\/#organization"},"image":{"@id":"https:\/\/www.eldiario.net\/portal\/2025\/03\/23\/continua-monitoreo-de-movimientos-en-codavisa\/#primaryimage"},"thumbnailUrl":"https:\/\/www.eldiario.net\/portal\/wp-content\/uploads\/2025\/03\/F-4-codavisa.jpg","articleSection":["Nacional"],"inLanguage":"es"},{"@type":"WebPage","@id":"https:\/\/www.eldiario.net\/portal\/2025\/03\/23\/continua-monitoreo-de-movimientos-en-codavisa\/","url":"https:\/\/www.eldiario.net\/portal\/2025\/03\/23\/continua-monitoreo-de-movimientos-en-codavisa\/","name":"Contin\u00faa monitoreo de movimientos en Codavisa - El Diario - Bolivia","isPartOf":{"@id":"https:\/\/www.eldiario.net\/portal\/#website"},"primaryImageOfPage":{"@id":"https:\/\/www.eldiario.net\/portal\/2025\/03\/23\/continua-monitoreo-de-movimientos-en-codavisa\/#primaryimage"},"image":{"@id":"https:\/\/www.eldiario.net\/portal\/2025\/03\/23\/continua-monitoreo-de-movimientos-en-codavisa\/#primaryimage"},"thumbnailUrl":"https:\/\/www.eldiario.net\/portal\/wp-content\/uploads\/2025\/03\/F-4-codavisa.jpg","datePublished":"2025-03-23T10:38:26+00:00","breadcrumb":{"@id":"https:\/\/www.eldiario.net\/portal\/2025\/03\/23\/continua-monitoreo-de-movimientos-en-codavisa\/#breadcrumb"},"inLanguage":"es","potentialAction":[{"@type":"ReadAction","target":["https:\/\/www.eldiario.net\/portal\/2025\/03\/23\/continua-monitoreo-de-movimientos-en-codavisa\/"]}]},{"@type":"ImageObject","inLanguage":"es","@id":"https:\/\/www.eldiario.net\/portal\/2025\/03\/23\/continua-monitoreo-de-movimientos-en-codavisa\/#primaryimage","url":"https:\/\/www.eldiario.net\/portal\/wp-content\/uploads\/2025\/03\/F-4-codavisa.jpg","contentUrl":"https:\/\/www.eldiario.net\/portal\/wp-content\/uploads\/2025\/03\/F-4-codavisa.jpg","width":1600,"height":1067,"caption":"La reuni\u00f3n entre alcald\u00eda y vecinos."},{"@type":"BreadcrumbList","@id":"https:\/\/www.eldiario.net\/portal\/2025\/03\/23\/continua-monitoreo-de-movimientos-en-codavisa\/#breadcrumb","itemListElement":[{"@type":"ListItem","position":1,"name":"Portada","item":"https:\/\/www.eldiario.net\/portal\/"},{"@type":"ListItem","position":2,"name":"Contin\u00faa monitoreo de movimientos en Codavisa"}]},{"@type":"WebSite","@id":"https:\/\/www.eldiario.net\/portal\/#website","url":"https:\/\/www.eldiario.net\/portal\/","name":"El Diario - Decano de la prensa nacional","description":"El Diario - Decano de la prensa nacional","publisher":{"@id":"https:\/\/www.eldiario.net\/portal\/#organization"},"potentialAction":[{"@type":"SearchAction","target":{"@type":"EntryPoint","urlTemplate":"https:\/\/www.eldiario.net\/portal\/?s={search_term_string}"},"query-input":{"@type":"PropertyValueSpecification","valueRequired":true,"valueName":"search_term_string"}}],"inLanguage":"es"},{"@type":"Organization","@id":"https:\/\/www.eldiario.net\/portal\/#organization","name":"El Diario - Decano de la prensa nacional","url":"https:\/\/www.eldiario.net\/portal\/","logo":{"@type":"ImageObject","inLanguage":"es","@id":"https:\/\/www.eldiario.net\/portal\/#\/schema\/logo\/image\/","url":"https:\/\/www.eldiario.net\/portal\/wp-content\/uploads\/2023\/07\/logo_ED.jpg","contentUrl":"https:\/\/www.eldiario.net\/portal\/wp-content\/uploads\/2023\/07\/logo_ED.jpg","width":272,"height":52,"caption":"El Diario - Decano de la prensa nacional"},"image":{"@id":"https:\/\/www.eldiario.net\/portal\/#\/schema\/logo\/image\/"},"sameAs":["https:\/\/www.facebook.com\/eldiario.bolivia\/","https:\/\/x.com\/eldiario_net"]},{"@type":"Person","@id":"https:\/\/www.eldiario.net\/portal\/#\/schema\/person\/f46445640444750d7d753ccd04ae01b7","name":"Jeanette","image":{"@type":"ImageObject","inLanguage":"es","@id":"https:\/\/secure.gravatar.com\/avatar\/3ea2118a5f7dad2b7138b1187a6b7ee55f160b9968b66013c3a3ef39dd7e5798?s=96&d=mm&r=g","url":"https:\/\/secure.gravatar.com\/avatar\/3ea2118a5f7dad2b7138b1187a6b7ee55f160b9968b66013c3a3ef39dd7e5798?s=96&d=mm&r=g","contentUrl":"https:\/\/secure.gravatar.com\/avatar\/3ea2118a5f7dad2b7138b1187a6b7ee55f160b9968b66013c3a3ef39dd7e5798?s=96&d=mm&r=g","caption":"Jeanette"},"sameAs":["https:\/\/www.eldiario.net\/portal"],"url":"https:\/\/www.eldiario.net\/portal\/author\/jeanette\/"}]}},"_links":{"self":[{"href":"https:\/\/www.eldiario.net\/portal\/wp-json\/wp\/v2\/posts\/290229","targetHints":{"allow":["GET"]}}],"collection":[{"href":"https:\/\/www.eldiario.net\/portal\/wp-json\/wp\/v2\/posts"}],"about":[{"href":"https:\/\/www.eldiario.net\/portal\/wp-json\/wp\/v2\/types\/post"}],"author":[{"embeddable":true,"href":"https:\/\/www.eldiario.net\/portal\/wp-json\/wp\/v2\/users\/1"}],"replies":[{"embeddable":true,"href":"https:\/\/www.eldiario.net\/portal\/wp-json\/wp\/v2\/comments?post=290229"}],"version-history":[{"count":1,"href":"https:\/\/www.eldiario.net\/portal\/wp-json\/wp\/v2\/posts\/290229\/revisions"}],"predecessor-version":[{"id":290231,"href":"https:\/\/www.eldiario.net\/portal\/wp-json\/wp\/v2\/posts\/290229\/revisions\/290231"}],"wp:featuredmedia":[{"embeddable":true,"href":"https:\/\/www.eldiario.net\/portal\/wp-json\/wp\/v2\/media\/290230"}],"wp:attachment":[{"href":"https:\/\/www.eldiario.net\/portal\/wp-json\/wp\/v2\/media?parent=290229"}],"wp:term":[{"taxonomy":"category","embeddable":true,"href":"https:\/\/www.eldiario.net\/portal\/wp-json\/wp\/v2\/categories?post=290229"},{"taxonomy":"post_tag","embeddable":true,"href":"https:\/\/www.eldiario.net\/portal\/wp-json\/wp\/v2\/tags?post=290229"}],"curies":[{"name":"wp","href":"https:\/\/api.w.org\/{rel}","templated":true}]}}