{"id":290226,"date":"2025-03-23T06:37:36","date_gmt":"2025-03-23T10:37:36","guid":{"rendered":"https:\/\/www.eldiario.net\/portal\/?p=290226"},"modified":"2025-03-23T06:37:36","modified_gmt":"2025-03-23T10:37:36","slug":"alcalde-de-exaltacion-denuncia-que-recibe-amenazas-y-advierte-inseguridad-juridica","status":"publish","type":"post","link":"https:\/\/www.eldiario.net\/portal\/2025\/03\/23\/alcalde-de-exaltacion-denuncia-que-recibe-amenazas-y-advierte-inseguridad-juridica\/","title":{"rendered":"Alcalde de Exaltaci\u00f3n denuncia que recibe amenazas y advierte inseguridad jur\u00eddica"},"content":{"rendered":"<p>El alcalde de Exaltaci\u00f3n, Gonzalo Hurtado, denunci\u00f3 que recibe amenazas por v\u00eda tel\u00e9fono y redes sociales luego de intervenir en la protecci\u00f3n de Territorios Comunitarios de Origen (TCO) en la regi\u00f3n del departamento de Beni, ante un intento de apoderarse perpetuamente de miles de hect\u00e1reas de \u00e1reas protegidas por parte del ficticio Estados Unidos de Kailasa.<\/p>\n<p>\u201cDesde anoche y en la madrugada he recibido llamadas de n\u00fameros nacionales y del extranjero, son m\u00e1s de 40 llamadas que amenazan a la familia.\u00a0Dicen que nuestras familias pagar\u00e1n las consecuencias\u201d, se\u00f1al\u00f3 Hurtado al diario cruce\u00f1o El Deber, medio de prensa que destap\u00f3 el caso en los \u00faltimos d\u00edas.<\/p>\n<p>Seg\u00fan el peri\u00f3dico del oriente, Hurtado advirti\u00f3 una situaci\u00f3n de inseguridad jur\u00eddica en los municipios peque\u00f1os como Exaltaci\u00f3n, la cual los hace sentir \u201cvulnerables\u201d. Exhort\u00f3 a las autoridades nacionales a tomar cartas en el asunto y prestar mayor atenci\u00f3n a esta regi\u00f3n del departamento beniano.<\/p>\n<p>El burgomaestre manifest\u00f3 que este lunes 24 de marzo se trasladar\u00eda hasta Santa Ana, la capital de la provincia Yacuma, para formalizar una denuncia correspondiente en la Fiscal\u00eda, ya que Exaltaci\u00f3n no cuenta con funcionarios de esta instituci\u00f3n. Entre las amenazas, se\u00f1al\u00f3 que existen pedidos a su persona de que liberen a algunos extranjeros detenidos, aunque esto compete a la Polic\u00eda y a Migraci\u00f3n.<\/p>\n<p>&nbsp;<\/p>\n<p>TRES IRLANDESES<\/p>\n<p>A ra\u00edz de la denuncia p\u00fablica, tres supuestos delegados de Kailasa de nacionalidad irlandesa fueron trasladados de Beni a Santa Cruz, de donde ser\u00e1n expulsados definitivamente del territorio nacional por contar con contratos supuestamente ilegales de transferencia de tierras y por no cumplir con las normas, inform\u00f3 la directora de Migraci\u00f3n de Beni, Andrea Miranda.<\/p>\n<p>De acuerdo con una nota del matutino cruce\u00f1o, estos sujetos habitaban dos viviendas en Exaltaci\u00f3n, una de ellas propiedad del dirigente de la Subcentral Ind\u00edgena del pueblo cayubaba, uno de los pueblos que anteriormente firm\u00f3 contratos de arrendamiento perpetuo de tierras con \u201cdiplom\u00e1ticos\u201d de la ficticia Kailasa.<\/p>\n<p>Se evidenci\u00f3 que, adem\u00e1s de estos acuerdos, pose\u00edan an\u00e1lisis legales de otras naciones originarias como la de la naci\u00f3n guaran\u00ed, que posee las tierras de Alto y Bajo Isoso en el departamento de Santa Cruz.<\/p>\n<p>Por otro lado, Migraci\u00f3n en Santa Cruz encontr\u00f3, tras un operativo en el Residencial Palermo, una veintena de extranjeros supuestamente irregulares provenientes de India, Italia, Estados Unidos y otros pa\u00edses, sobre todo mujeres, Su abogado, Julio C\u00e9sar Medina, arguy\u00f3 que todos tienen sus documentos en regla bajo el r\u00e9gimen migratorio.<\/p>\n<p>&nbsp;<\/p>\n<p>OFERTA EN D\u00d3LARES<\/p>\n<p>Por su lado, el gobernador de Beni, Alejandro Unzueta, revel\u00f3 que los supuestos diplom\u00e1ticos del estado ficticio enviaron propuestas \u201ctentadoras\u201d ofreciendo altas sumas de dinero en d\u00f3lares americanos desde el a\u00f1o pasado, a cambio de cerrar estos acuerdos de cesi\u00f3n de tierras para lograr su objetivo de asentarse soberanamente en \u00e1reas protegidas de Bolivia.<\/p>\n<p>\u201cEn octubre del a\u00f1o pasado, un grupo conocido como Kailasa, (\u2026) busc\u00f3 una audiencia en la Gobernaci\u00f3n. Su objetivo era obtener credibilidad y validaci\u00f3n para facilitar sus operaciones, presentando propuestas tentadoras con una muy buena presentaci\u00f3n. Ofrecieron cientos de miles de d\u00f3lares, as\u00ed como medicamentos y alimentos para nuestras comunidades ind\u00edgenas\u201d, se\u00f1al\u00f3 Unzueta en un comunicado.<\/p>\n<p>Sin embargo, tras percatarse que la naci\u00f3n no estaba reconocida como Estado y que su supuesto l\u00edder religioso enfrenta acusaciones por actividades delictivas y fraudulentas, aclar\u00f3 que decidi\u00f3 rechazar cualquier v\u00ednculo con el pa\u00eds fantasma.<\/p>\n<p>\u201cLamentablemente, vimos que sin nuestro conocimiento ya hab\u00edan trabajado o firmado convenios con algunas comunidades, tanto en el Beni como en Santa Cruz, obteniendo as\u00ed una parte de la validaci\u00f3n que buscaban\u201d, reconoci\u00f3 la autoridad.<\/p>\n<p>&nbsp;<\/p>\n<p>NACI\u00d3N FANTASMA<\/p>\n<p>Estados Unidos de Kailasa es una naci\u00f3n no reconocida por la comunidad internacional que asegura haber logrado acuerdos bilaterales de cooperaci\u00f3n internacional con varios pa\u00edses del mundo. De acuerdo con medios internacionales, su l\u00edder religioso es un estafador internacional buscado por la justicia en su natal India por delitos sexuales. No obstante, Kailasa afirma contar con miles de adeptos de diferentes nacionalidades.<\/p>\n<p>Seg\u00fan se constat\u00f3 en documentos, las naciones ind\u00edgenas cayubaba, esse ejja y baure, tras ser contactadas y convencidas por este grupo religioso, firmaron convenios de arrendamiento de tierras por mil a\u00f1os, aunque luego aseguraron haberlos declarado nulos\u00a0por atentar contra su soberan\u00eda.<\/p>\n<p>La Canciller\u00eda neg\u00f3 escuetamente que Bolivia mantenga relaciones con este estado ficticio, aunque el presidente, Luis Arce Catacora, fue fotografiado con sus representantes, recibiendo un libro, durante un acto por el aniversario de la Confederaci\u00f3n de Pueblos Ind\u00edgenas de Bolivia (Cidob) en octubre de 2024. (EL DIARIO, con informaci\u00f3n de El Deber y agencias)<\/p>\n","protected":false},"excerpt":{"rendered":"<p>El alcalde de Exaltaci\u00f3n, Gonzalo Hurtado, denunci\u00f3 que recibe amenazas por v\u00eda tel\u00e9fono y redes sociales luego de intervenir en la protecci\u00f3n de Territorios Comunitarios de Origen (TCO) en la regi\u00f3n del departamento de Beni, ante un intento de apoderarse perpetuamente de miles de hect\u00e1reas de \u00e1reas protegidas por parte del ficticio Estados Unidos de [&hellip;]<\/p>\n","protected":false},"author":1,"featured_media":290227,"comment_status":"closed","ping_status":"open","sticky":false,"template":"","format":"standard","meta":{"_acf_changed":false,"footnotes":""},"categories":[39],"tags":[],"class_list":["post-290226","post","type-post","status-publish","format-standard","has-post-thumbnail","category-sociedad"],"acf":{"antetitulo":"Caso Kailasa"},"yoast_head":"<!-- This site is optimized with the Yoast SEO plugin v28.3 - https:\/\/yoast.com\/product\/yoast-seo-wordpress\/ -->\n<title>Alcalde de Exaltaci\u00f3n denuncia que recibe amenazas y advierte inseguridad jur\u00eddica - El Diario - Bolivia<\/title>\n<meta name=\"robots\" content=\"index, follow, max-snippet:-1, max-image-preview:large, max-video-preview:-1\" \/>\n<link rel=\"canonical\" href=\"https:\/\/www.eldiario.net\/portal\/2025\/03\/23\/alcalde-de-exaltacion-denuncia-que-recibe-amenazas-y-advierte-inseguridad-juridica\/\" \/>\n<meta property=\"og:locale\" content=\"es_ES\" \/>\n<meta property=\"og:type\" content=\"article\" \/>\n<meta property=\"og:title\" content=\"Alcalde de Exaltaci\u00f3n denuncia que recibe amenazas y advierte inseguridad jur\u00eddica - El Diario - Bolivia\" \/>\n<meta property=\"og:description\" content=\"El alcalde de Exaltaci\u00f3n, Gonzalo Hurtado, denunci\u00f3 que recibe amenazas por v\u00eda tel\u00e9fono y redes sociales luego de intervenir en la protecci\u00f3n de Territorios Comunitarios de Origen (TCO) en la regi\u00f3n del departamento de Beni, ante un intento de apoderarse perpetuamente de miles de hect\u00e1reas de \u00e1reas protegidas por parte del ficticio Estados Unidos de [&hellip;]\" \/>\n<meta property=\"og:url\" content=\"https:\/\/www.eldiario.net\/portal\/2025\/03\/23\/alcalde-de-exaltacion-denuncia-que-recibe-amenazas-y-advierte-inseguridad-juridica\/\" \/>\n<meta property=\"og:site_name\" content=\"El Diario - Bolivia\" \/>\n<meta property=\"article:publisher\" content=\"https:\/\/www.facebook.com\/eldiario.bolivia\/\" \/>\n<meta property=\"article:published_time\" content=\"2025-03-23T10:37:36+00:00\" \/>\n<meta property=\"og:image\" content=\"https:\/\/www.eldiario.net\/portal\/wp-content\/uploads\/2025\/03\/23-KAILASA.jpeg\" \/>\n\t<meta property=\"og:image:width\" content=\"1090\" \/>\n\t<meta property=\"og:image:height\" content=\"818\" \/>\n\t<meta property=\"og:image:type\" content=\"image\/jpeg\" \/>\n<meta name=\"author\" content=\"Jeanette\" \/>\n<meta name=\"twitter:card\" content=\"summary_large_image\" \/>\n<meta name=\"twitter:creator\" content=\"@eldiario_net\" \/>\n<meta name=\"twitter:site\" content=\"@eldiario_net\" \/>\n<meta name=\"twitter:label1\" content=\"Escrito por\" \/>\n\t<meta name=\"twitter:data1\" content=\"Jeanette\" \/>\n\t<meta name=\"twitter:label2\" content=\"Tiempo de lectura\" \/>\n\t<meta name=\"twitter:data2\" content=\"4 minutos\" \/>\n<script type=\"application\/ld+json\" class=\"yoast-schema-graph\">{\"@context\":\"https:\\\/\\\/schema.org\",\"@graph\":[{\"@type\":\"Article\",\"@id\":\"https:\\\/\\\/www.eldiario.net\\\/portal\\\/2025\\\/03\\\/23\\\/alcalde-de-exaltacion-denuncia-que-recibe-amenazas-y-advierte-inseguridad-juridica\\\/#article\",\"isPartOf\":{\"@id\":\"https:\\\/\\\/www.eldiario.net\\\/portal\\\/2025\\\/03\\\/23\\\/alcalde-de-exaltacion-denuncia-que-recibe-amenazas-y-advierte-inseguridad-juridica\\\/\"},\"author\":{\"name\":\"Jeanette\",\"@id\":\"https:\\\/\\\/www.eldiario.net\\\/portal\\\/#\\\/schema\\\/person\\\/f46445640444750d7d753ccd04ae01b7\"},\"headline\":\"Alcalde de Exaltaci\u00f3n denuncia que recibe amenazas y advierte inseguridad jur\u00eddica\",\"datePublished\":\"2025-03-23T10:37:36+00:00\",\"mainEntityOfPage\":{\"@id\":\"https:\\\/\\\/www.eldiario.net\\\/portal\\\/2025\\\/03\\\/23\\\/alcalde-de-exaltacion-denuncia-que-recibe-amenazas-y-advierte-inseguridad-juridica\\\/\"},\"wordCount\":833,\"publisher\":{\"@id\":\"https:\\\/\\\/www.eldiario.net\\\/portal\\\/#organization\"},\"image\":{\"@id\":\"https:\\\/\\\/www.eldiario.net\\\/portal\\\/2025\\\/03\\\/23\\\/alcalde-de-exaltacion-denuncia-que-recibe-amenazas-y-advierte-inseguridad-juridica\\\/#primaryimage\"},\"thumbnailUrl\":\"https:\\\/\\\/www.eldiario.net\\\/portal\\\/wp-content\\\/uploads\\\/2025\\\/03\\\/23-KAILASA.jpeg\",\"articleSection\":[\"Sociedad - Seguridad\"],\"inLanguage\":\"es\"},{\"@type\":\"WebPage\",\"@id\":\"https:\\\/\\\/www.eldiario.net\\\/portal\\\/2025\\\/03\\\/23\\\/alcalde-de-exaltacion-denuncia-que-recibe-amenazas-y-advierte-inseguridad-juridica\\\/\",\"url\":\"https:\\\/\\\/www.eldiario.net\\\/portal\\\/2025\\\/03\\\/23\\\/alcalde-de-exaltacion-denuncia-que-recibe-amenazas-y-advierte-inseguridad-juridica\\\/\",\"name\":\"Alcalde de Exaltaci\u00f3n denuncia que recibe amenazas y advierte inseguridad jur\u00eddica - El Diario - Bolivia\",\"isPartOf\":{\"@id\":\"https:\\\/\\\/www.eldiario.net\\\/portal\\\/#website\"},\"primaryImageOfPage\":{\"@id\":\"https:\\\/\\\/www.eldiario.net\\\/portal\\\/2025\\\/03\\\/23\\\/alcalde-de-exaltacion-denuncia-que-recibe-amenazas-y-advierte-inseguridad-juridica\\\/#primaryimage\"},\"image\":{\"@id\":\"https:\\\/\\\/www.eldiario.net\\\/portal\\\/2025\\\/03\\\/23\\\/alcalde-de-exaltacion-denuncia-que-recibe-amenazas-y-advierte-inseguridad-juridica\\\/#primaryimage\"},\"thumbnailUrl\":\"https:\\\/\\\/www.eldiario.net\\\/portal\\\/wp-content\\\/uploads\\\/2025\\\/03\\\/23-KAILASA.jpeg\",\"datePublished\":\"2025-03-23T10:37:36+00:00\",\"breadcrumb\":{\"@id\":\"https:\\\/\\\/www.eldiario.net\\\/portal\\\/2025\\\/03\\\/23\\\/alcalde-de-exaltacion-denuncia-que-recibe-amenazas-y-advierte-inseguridad-juridica\\\/#breadcrumb\"},\"inLanguage\":\"es\",\"potentialAction\":[{\"@type\":\"ReadAction\",\"target\":[\"https:\\\/\\\/www.eldiario.net\\\/portal\\\/2025\\\/03\\\/23\\\/alcalde-de-exaltacion-denuncia-que-recibe-amenazas-y-advierte-inseguridad-juridica\\\/\"]}]},{\"@type\":\"ImageObject\",\"inLanguage\":\"es\",\"@id\":\"https:\\\/\\\/www.eldiario.net\\\/portal\\\/2025\\\/03\\\/23\\\/alcalde-de-exaltacion-denuncia-que-recibe-amenazas-y-advierte-inseguridad-juridica\\\/#primaryimage\",\"url\":\"https:\\\/\\\/www.eldiario.net\\\/portal\\\/wp-content\\\/uploads\\\/2025\\\/03\\\/23-KAILASA.jpeg\",\"contentUrl\":\"https:\\\/\\\/www.eldiario.net\\\/portal\\\/wp-content\\\/uploads\\\/2025\\\/03\\\/23-KAILASA.jpeg\",\"width\":1090,\"height\":818,\"caption\":\"El diputado y coordinador de Manfred Reyes Villa en Beni, Herbert Taboada, posando con representantes de la ficticia Kailasa. Cr\u00e9ditos: RRSS\"},{\"@type\":\"BreadcrumbList\",\"@id\":\"https:\\\/\\\/www.eldiario.net\\\/portal\\\/2025\\\/03\\\/23\\\/alcalde-de-exaltacion-denuncia-que-recibe-amenazas-y-advierte-inseguridad-juridica\\\/#breadcrumb\",\"itemListElement\":[{\"@type\":\"ListItem\",\"position\":1,\"name\":\"Portada\",\"item\":\"https:\\\/\\\/www.eldiario.net\\\/portal\\\/\"},{\"@type\":\"ListItem\",\"position\":2,\"name\":\"Alcalde de Exaltaci\u00f3n denuncia que recibe amenazas y advierte inseguridad jur\u00eddica\"}]},{\"@type\":\"WebSite\",\"@id\":\"https:\\\/\\\/www.eldiario.net\\\/portal\\\/#website\",\"url\":\"https:\\\/\\\/www.eldiario.net\\\/portal\\\/\",\"name\":\"El Diario - Decano de la prensa nacional\",\"description\":\"El Diario - Decano de la prensa nacional\",\"publisher\":{\"@id\":\"https:\\\/\\\/www.eldiario.net\\\/portal\\\/#organization\"},\"potentialAction\":[{\"@type\":\"SearchAction\",\"target\":{\"@type\":\"EntryPoint\",\"urlTemplate\":\"https:\\\/\\\/www.eldiario.net\\\/portal\\\/?s={search_term_string}\"},\"query-input\":{\"@type\":\"PropertyValueSpecification\",\"valueRequired\":true,\"valueName\":\"search_term_string\"}}],\"inLanguage\":\"es\"},{\"@type\":\"Organization\",\"@id\":\"https:\\\/\\\/www.eldiario.net\\\/portal\\\/#organization\",\"name\":\"El Diario - Decano de la prensa nacional\",\"url\":\"https:\\\/\\\/www.eldiario.net\\\/portal\\\/\",\"logo\":{\"@type\":\"ImageObject\",\"inLanguage\":\"es\",\"@id\":\"https:\\\/\\\/www.eldiario.net\\\/portal\\\/#\\\/schema\\\/logo\\\/image\\\/\",\"url\":\"https:\\\/\\\/www.eldiario.net\\\/portal\\\/wp-content\\\/uploads\\\/2023\\\/07\\\/logo_ED.jpg\",\"contentUrl\":\"https:\\\/\\\/www.eldiario.net\\\/portal\\\/wp-content\\\/uploads\\\/2023\\\/07\\\/logo_ED.jpg\",\"width\":272,\"height\":52,\"caption\":\"El Diario - Decano de la prensa nacional\"},\"image\":{\"@id\":\"https:\\\/\\\/www.eldiario.net\\\/portal\\\/#\\\/schema\\\/logo\\\/image\\\/\"},\"sameAs\":[\"https:\\\/\\\/www.facebook.com\\\/eldiario.bolivia\\\/\",\"https:\\\/\\\/x.com\\\/eldiario_net\"]},{\"@type\":\"Person\",\"@id\":\"https:\\\/\\\/www.eldiario.net\\\/portal\\\/#\\\/schema\\\/person\\\/f46445640444750d7d753ccd04ae01b7\",\"name\":\"Jeanette\",\"image\":{\"@type\":\"ImageObject\",\"inLanguage\":\"es\",\"@id\":\"https:\\\/\\\/secure.gravatar.com\\\/avatar\\\/3ea2118a5f7dad2b7138b1187a6b7ee55f160b9968b66013c3a3ef39dd7e5798?s=96&d=mm&r=g\",\"url\":\"https:\\\/\\\/secure.gravatar.com\\\/avatar\\\/3ea2118a5f7dad2b7138b1187a6b7ee55f160b9968b66013c3a3ef39dd7e5798?s=96&d=mm&r=g\",\"contentUrl\":\"https:\\\/\\\/secure.gravatar.com\\\/avatar\\\/3ea2118a5f7dad2b7138b1187a6b7ee55f160b9968b66013c3a3ef39dd7e5798?s=96&d=mm&r=g\",\"caption\":\"Jeanette\"},\"sameAs\":[\"https:\\\/\\\/www.eldiario.net\\\/portal\"],\"url\":\"https:\\\/\\\/www.eldiario.net\\\/portal\\\/author\\\/jeanette\\\/\"}]}<\/script>\n<!-- \/ Yoast SEO plugin. -->","yoast_head_json":{"title":"Alcalde de Exaltaci\u00f3n denuncia que recibe amenazas y advierte inseguridad jur\u00eddica - El Diario - Bolivia","robots":{"index":"index","follow":"follow","max-snippet":"max-snippet:-1","max-image-preview":"max-image-preview:large","max-video-preview":"max-video-preview:-1"},"canonical":"https:\/\/www.eldiario.net\/portal\/2025\/03\/23\/alcalde-de-exaltacion-denuncia-que-recibe-amenazas-y-advierte-inseguridad-juridica\/","og_locale":"es_ES","og_type":"article","og_title":"Alcalde de Exaltaci\u00f3n denuncia que recibe amenazas y advierte inseguridad jur\u00eddica - El Diario - Bolivia","og_description":"El alcalde de Exaltaci\u00f3n, Gonzalo Hurtado, denunci\u00f3 que recibe amenazas por v\u00eda tel\u00e9fono y redes sociales luego de intervenir en la protecci\u00f3n de Territorios Comunitarios de Origen (TCO) en la regi\u00f3n del departamento de Beni, ante un intento de apoderarse perpetuamente de miles de hect\u00e1reas de \u00e1reas protegidas por parte del ficticio Estados Unidos de [&hellip;]","og_url":"https:\/\/www.eldiario.net\/portal\/2025\/03\/23\/alcalde-de-exaltacion-denuncia-que-recibe-amenazas-y-advierte-inseguridad-juridica\/","og_site_name":"El Diario - Bolivia","article_publisher":"https:\/\/www.facebook.com\/eldiario.bolivia\/","article_published_time":"2025-03-23T10:37:36+00:00","og_image":[{"width":1090,"height":818,"url":"https:\/\/www.eldiario.net\/portal\/wp-content\/uploads\/2025\/03\/23-KAILASA.jpeg","type":"image\/jpeg"}],"author":"Jeanette","twitter_card":"summary_large_image","twitter_creator":"@eldiario_net","twitter_site":"@eldiario_net","twitter_misc":{"Escrito por":"Jeanette","Tiempo de lectura":"4 minutos"},"schema":{"@context":"https:\/\/schema.org","@graph":[{"@type":"Article","@id":"https:\/\/www.eldiario.net\/portal\/2025\/03\/23\/alcalde-de-exaltacion-denuncia-que-recibe-amenazas-y-advierte-inseguridad-juridica\/#article","isPartOf":{"@id":"https:\/\/www.eldiario.net\/portal\/2025\/03\/23\/alcalde-de-exaltacion-denuncia-que-recibe-amenazas-y-advierte-inseguridad-juridica\/"},"author":{"name":"Jeanette","@id":"https:\/\/www.eldiario.net\/portal\/#\/schema\/person\/f46445640444750d7d753ccd04ae01b7"},"headline":"Alcalde de Exaltaci\u00f3n denuncia que recibe amenazas y advierte inseguridad jur\u00eddica","datePublished":"2025-03-23T10:37:36+00:00","mainEntityOfPage":{"@id":"https:\/\/www.eldiario.net\/portal\/2025\/03\/23\/alcalde-de-exaltacion-denuncia-que-recibe-amenazas-y-advierte-inseguridad-juridica\/"},"wordCount":833,"publisher":{"@id":"https:\/\/www.eldiario.net\/portal\/#organization"},"image":{"@id":"https:\/\/www.eldiario.net\/portal\/2025\/03\/23\/alcalde-de-exaltacion-denuncia-que-recibe-amenazas-y-advierte-inseguridad-juridica\/#primaryimage"},"thumbnailUrl":"https:\/\/www.eldiario.net\/portal\/wp-content\/uploads\/2025\/03\/23-KAILASA.jpeg","articleSection":["Sociedad - Seguridad"],"inLanguage":"es"},{"@type":"WebPage","@id":"https:\/\/www.eldiario.net\/portal\/2025\/03\/23\/alcalde-de-exaltacion-denuncia-que-recibe-amenazas-y-advierte-inseguridad-juridica\/","url":"https:\/\/www.eldiario.net\/portal\/2025\/03\/23\/alcalde-de-exaltacion-denuncia-que-recibe-amenazas-y-advierte-inseguridad-juridica\/","name":"Alcalde de Exaltaci\u00f3n denuncia que recibe amenazas y advierte inseguridad jur\u00eddica - El Diario - Bolivia","isPartOf":{"@id":"https:\/\/www.eldiario.net\/portal\/#website"},"primaryImageOfPage":{"@id":"https:\/\/www.eldiario.net\/portal\/2025\/03\/23\/alcalde-de-exaltacion-denuncia-que-recibe-amenazas-y-advierte-inseguridad-juridica\/#primaryimage"},"image":{"@id":"https:\/\/www.eldiario.net\/portal\/2025\/03\/23\/alcalde-de-exaltacion-denuncia-que-recibe-amenazas-y-advierte-inseguridad-juridica\/#primaryimage"},"thumbnailUrl":"https:\/\/www.eldiario.net\/portal\/wp-content\/uploads\/2025\/03\/23-KAILASA.jpeg","datePublished":"2025-03-23T10:37:36+00:00","breadcrumb":{"@id":"https:\/\/www.eldiario.net\/portal\/2025\/03\/23\/alcalde-de-exaltacion-denuncia-que-recibe-amenazas-y-advierte-inseguridad-juridica\/#breadcrumb"},"inLanguage":"es","potentialAction":[{"@type":"ReadAction","target":["https:\/\/www.eldiario.net\/portal\/2025\/03\/23\/alcalde-de-exaltacion-denuncia-que-recibe-amenazas-y-advierte-inseguridad-juridica\/"]}]},{"@type":"ImageObject","inLanguage":"es","@id":"https:\/\/www.eldiario.net\/portal\/2025\/03\/23\/alcalde-de-exaltacion-denuncia-que-recibe-amenazas-y-advierte-inseguridad-juridica\/#primaryimage","url":"https:\/\/www.eldiario.net\/portal\/wp-content\/uploads\/2025\/03\/23-KAILASA.jpeg","contentUrl":"https:\/\/www.eldiario.net\/portal\/wp-content\/uploads\/2025\/03\/23-KAILASA.jpeg","width":1090,"height":818,"caption":"El diputado y coordinador de Manfred Reyes Villa en Beni, Herbert Taboada, posando con representantes de la ficticia Kailasa. Cr\u00e9ditos: RRSS"},{"@type":"BreadcrumbList","@id":"https:\/\/www.eldiario.net\/portal\/2025\/03\/23\/alcalde-de-exaltacion-denuncia-que-recibe-amenazas-y-advierte-inseguridad-juridica\/#breadcrumb","itemListElement":[{"@type":"ListItem","position":1,"name":"Portada","item":"https:\/\/www.eldiario.net\/portal\/"},{"@type":"ListItem","position":2,"name":"Alcalde de Exaltaci\u00f3n denuncia que recibe amenazas y advierte inseguridad jur\u00eddica"}]},{"@type":"WebSite","@id":"https:\/\/www.eldiario.net\/portal\/#website","url":"https:\/\/www.eldiario.net\/portal\/","name":"El Diario - Decano de la prensa nacional","description":"El Diario - Decano de la prensa nacional","publisher":{"@id":"https:\/\/www.eldiario.net\/portal\/#organization"},"potentialAction":[{"@type":"SearchAction","target":{"@type":"EntryPoint","urlTemplate":"https:\/\/www.eldiario.net\/portal\/?s={search_term_string}"},"query-input":{"@type":"PropertyValueSpecification","valueRequired":true,"valueName":"search_term_string"}}],"inLanguage":"es"},{"@type":"Organization","@id":"https:\/\/www.eldiario.net\/portal\/#organization","name":"El Diario - Decano de la prensa nacional","url":"https:\/\/www.eldiario.net\/portal\/","logo":{"@type":"ImageObject","inLanguage":"es","@id":"https:\/\/www.eldiario.net\/portal\/#\/schema\/logo\/image\/","url":"https:\/\/www.eldiario.net\/portal\/wp-content\/uploads\/2023\/07\/logo_ED.jpg","contentUrl":"https:\/\/www.eldiario.net\/portal\/wp-content\/uploads\/2023\/07\/logo_ED.jpg","width":272,"height":52,"caption":"El Diario - Decano de la prensa nacional"},"image":{"@id":"https:\/\/www.eldiario.net\/portal\/#\/schema\/logo\/image\/"},"sameAs":["https:\/\/www.facebook.com\/eldiario.bolivia\/","https:\/\/x.com\/eldiario_net"]},{"@type":"Person","@id":"https:\/\/www.eldiario.net\/portal\/#\/schema\/person\/f46445640444750d7d753ccd04ae01b7","name":"Jeanette","image":{"@type":"ImageObject","inLanguage":"es","@id":"https:\/\/secure.gravatar.com\/avatar\/3ea2118a5f7dad2b7138b1187a6b7ee55f160b9968b66013c3a3ef39dd7e5798?s=96&d=mm&r=g","url":"https:\/\/secure.gravatar.com\/avatar\/3ea2118a5f7dad2b7138b1187a6b7ee55f160b9968b66013c3a3ef39dd7e5798?s=96&d=mm&r=g","contentUrl":"https:\/\/secure.gravatar.com\/avatar\/3ea2118a5f7dad2b7138b1187a6b7ee55f160b9968b66013c3a3ef39dd7e5798?s=96&d=mm&r=g","caption":"Jeanette"},"sameAs":["https:\/\/www.eldiario.net\/portal"],"url":"https:\/\/www.eldiario.net\/portal\/author\/jeanette\/"}]}},"_links":{"self":[{"href":"https:\/\/www.eldiario.net\/portal\/wp-json\/wp\/v2\/posts\/290226","targetHints":{"allow":["GET"]}}],"collection":[{"href":"https:\/\/www.eldiario.net\/portal\/wp-json\/wp\/v2\/posts"}],"about":[{"href":"https:\/\/www.eldiario.net\/portal\/wp-json\/wp\/v2\/types\/post"}],"author":[{"embeddable":true,"href":"https:\/\/www.eldiario.net\/portal\/wp-json\/wp\/v2\/users\/1"}],"replies":[{"embeddable":true,"href":"https:\/\/www.eldiario.net\/portal\/wp-json\/wp\/v2\/comments?post=290226"}],"version-history":[{"count":1,"href":"https:\/\/www.eldiario.net\/portal\/wp-json\/wp\/v2\/posts\/290226\/revisions"}],"predecessor-version":[{"id":290228,"href":"https:\/\/www.eldiario.net\/portal\/wp-json\/wp\/v2\/posts\/290226\/revisions\/290228"}],"wp:featuredmedia":[{"embeddable":true,"href":"https:\/\/www.eldiario.net\/portal\/wp-json\/wp\/v2\/media\/290227"}],"wp:attachment":[{"href":"https:\/\/www.eldiario.net\/portal\/wp-json\/wp\/v2\/media?parent=290226"}],"wp:term":[{"taxonomy":"category","embeddable":true,"href":"https:\/\/www.eldiario.net\/portal\/wp-json\/wp\/v2\/categories?post=290226"},{"taxonomy":"post_tag","embeddable":true,"href":"https:\/\/www.eldiario.net\/portal\/wp-json\/wp\/v2\/tags?post=290226"}],"curies":[{"name":"wp","href":"https:\/\/api.w.org\/{rel}","templated":true}]}}