{"id":288996,"date":"2025-03-18T05:31:03","date_gmt":"2025-03-18T09:31:03","guid":{"rendered":"https:\/\/www.eldiario.net\/portal\/?p=288996"},"modified":"2025-03-18T05:31:03","modified_gmt":"2025-03-18T09:31:03","slug":"288996","status":"publish","type":"post","link":"https:\/\/www.eldiario.net\/portal\/2025\/03\/18\/288996\/","title":{"rendered":""},"content":{"rendered":"<p>La salud depende de una serie de factores causales que podemos clasificar en cuatro grupos: la biolog\u00eda humana, la asistencia medicosanitaria, el medio ambiente y los estilos de vida. La biolog\u00eda humana, incluye aquellas causas ligadas a la gen\u00e9tica, la herencia y el envejecimiento. La asistencia medicosanitaria engloba las relacionadas con la calidad, la gratitud y el acceso a los servicios asistenciales p\u00fablicos. El medio ambiente incluye los agentes contaminantes f\u00edsicos, qu\u00edmicos y biol\u00f3gicos ligados al entorno \u2013como infecciones por virus, bacterias u hongos, productos qu\u00edmicos o radiaciones\u2013, la llamada contaminaci\u00f3n o presi\u00f3n sociocultural, determinando el contexto sociocultural.<\/p>\n<p>Los estilos de vida. Es muy dif\u00edcil diferenciar entre estilo de vida y el medio ambiente que determina y apunta a la importancia en la conducta humana sobre la salud y poner de manifiesto la enorme cantidad de enfermedades que se podr\u00eda evitar modificando los estilos de vida perjudiciales y adoptando otros m\u00e1s saludables.<\/p>\n<p>Es dif\u00edcil eludir la presi\u00f3n de la demanda asistencial diaria que ejerce la poblaci\u00f3n y los avances que se producen en los mismos servicios sanitarios. El aumento de la tecnolog\u00eda y la sofisticaci\u00f3n, tanto en el diagn\u00f3stico como en el tratamiento de las enfermedades, encarece d\u00eda a d\u00eda la asistencia odontol\u00f3gica. Sin embargo, es muy dif\u00edcil decidir no tratar a un enfermo por nulas que parezcan sus posibilidades de curaci\u00f3n o dejar de tratarlo a costa de no percibir ingresos por el pago de actos odontol\u00f3gicos; de hecho, en determinadas especialidades odontol\u00f3gicas es elevado el costo del tratamiento.<\/p>\n<p>Por tanto, la adopci\u00f3n de una pol\u00edtica de prevenci\u00f3n en salud oral de las enfermedades y de promoci\u00f3n de la salud, tanto del individuo como del ambiente en que vive, ayudar\u00eda a mejorar la calidad y las expectativas de vida de la poblaci\u00f3n, en mayor medida que cualquier otra pol\u00edtica. No se debe olvidar que existen individuos sanos e individuos enfermos, sino tambi\u00e9n poblaciones sanas y poblaciones enfermas. La diferencia de los indicadores sanitarios entre la poblaci\u00f3n enferma rural y la urbana, marcar\u00e1 el camino por corregir.<\/p>\n<p>La salud p\u00fablica tiene una dimensi\u00f3n mucho mayor que anta\u00f1o, con la nueva salud preconizada por Ashton, la importancia del ambiente, tanto f\u00edsico como social, en la salud. Se trata de poner la salud en la agenda de responsables pol\u00edticos no sanitarios; como el transporte, la alimentaci\u00f3n, la vivienda, la ense\u00f1anza, el empleo, la pol\u00edtica fiscal, las infraestructuras de comunicaciones. Entonces la salud p\u00fablica trata de conseguir las opciones m\u00e1s f\u00e1ciles de escoger y de llevar a la pr\u00e1ctica. El objetivo es crear entornos favorables, intentando persuadir a la persona para que deje de fumar si en su entorno el ambiente est\u00e1 lleno de humo y la comunicaci\u00f3n est\u00e1 llena de publicidad reiteradamente. Tambi\u00e9n se preocupa del desarrollo de habilidades personales y el abandono la actitud prescriptiva y paternalista, suscribiendo un cambio de comportamiento en la salud dental. Por \u00faltimo, postula la reorientaci\u00f3n de los servicios sanitarios y de salud p\u00fablica.<\/p>\n<p>Este nuevo enfoque es m\u00e1s global acerca de la salud y de las enfermedades bucodentales, tras el fracaso reiterado de la odontolog\u00eda paliativa en el control de la enfermedad. Surgi\u00f3 una nueva perspectiva que se fundamenta en la utilizaci\u00f3n de medidas preventivas, aplicadas sobre grandes grupos de poblaci\u00f3n. La mayor\u00eda de estas medidas utiliza fl\u00faor, con mayor higiene oral, nivel de conciencia odontol\u00f3gica, y est\u00e1 relacionada con los cambios de h\u00e1bitos en la poblaci\u00f3n global.<\/p>\n<p>En su sentido m\u00e1s cl\u00e1sico o restringido, la odontolog\u00eda preventiva incluye cinco intervenciones distintas; las vacunas, la quimioprofilaxis, (quimioprevenci\u00f3n), pues abarca la suplementaci\u00f3n con vitaminas o minerales, como el fl\u00faor, la administraci\u00f3n de f\u00e1rmacos preventivos, etc. La quimioprofilaxis se refiere a las enfermedades transmisibles), el cribado (diagn\u00f3stico y tratamiento precoz), la utilizaci\u00f3n de barreras f\u00edsicas, (selladores) y la educaci\u00f3n sanitaria del paciente. En la tradicional relaci\u00f3n de odont\u00f3logo-paciente, el paciente adopta un papel pasivo. Una tarea inicial en la pr\u00e1ctica odontol\u00f3gica cl\u00ednica preventiva es cambiar esta situaci\u00f3n, trasladando al paciente la responsabilidad de la modificaci\u00f3n de los estilos de vida poco saludables. Para ello es indudable que muchos odont\u00f3logos deber\u00e1n modificar preventivamente su actitud, y recibir su formaci\u00f3n personal o en las facultades odontol\u00f3gicas, para llevar el potencial preventivo presente en la asistencia sanitaria diaria.<\/p>\n<p>Por tanto, la investigaci\u00f3n posibilita la intervenci\u00f3n y \u00e9sta \u00faltima debe basarse en la evidencia emanada de los estudios epidemiol\u00f3gicos analizados con rigor. En prevenci\u00f3n, no obstante, la investigaci\u00f3n epidemiol\u00f3gica ser\u00e1 siempre necesaria si pretendemos evaluar su efectividad o monitorizar sus efectos en la poblaci\u00f3n. Cuando se lleva a cabo un programa de ODONTOLOG\u00cdA COMUNITARIA, aunque su eficacia, efectividad y eficiencia hayan sido demostrados previamente, ser\u00e1 necesario evaluar o monitorizar sus resultados, a corto o largo plazo. Para ello la investigaci\u00f3n epidemiol\u00f3gica ser\u00e1 un instrumento fundamental.<\/p>\n<p>&nbsp;<\/p>\n<p><em>El autor es odont\u00f3logo.<\/em><\/p>\n","protected":false},"excerpt":{"rendered":"<p>La salud depende de una serie de factores causales que podemos clasificar en cuatro grupos: la biolog\u00eda humana, la asistencia medicosanitaria, el medio ambiente y los estilos de vida. La biolog\u00eda humana, incluye aquellas causas ligadas a la gen\u00e9tica, la herencia y el envejecimiento. La asistencia medicosanitaria engloba las relacionadas con la calidad, la gratitud [&hellip;]<\/p>\n","protected":false},"author":1,"featured_media":288997,"comment_status":"closed","ping_status":"open","sticky":false,"template":"","format":"standard","meta":{"_acf_changed":false,"footnotes":""},"categories":[9],"tags":[],"class_list":["post-288996","post","type-post","status-publish","format-standard","has-post-thumbnail","category-opinion"],"acf":{"antetitulo":""},"yoast_head":"<!-- This site is optimized with the Yoast SEO plugin v28.3 - https:\/\/yoast.com\/product\/yoast-seo-wordpress\/ -->\n<title>- El Diario - Bolivia<\/title>\n<meta name=\"robots\" content=\"index, follow, max-snippet:-1, max-image-preview:large, max-video-preview:-1\" \/>\n<link rel=\"canonical\" href=\"https:\/\/www.eldiario.net\/portal\/2025\/03\/18\/288996\/\" \/>\n<meta property=\"og:locale\" content=\"es_ES\" \/>\n<meta property=\"og:type\" content=\"article\" \/>\n<meta property=\"og:title\" content=\"- El Diario - Bolivia\" \/>\n<meta property=\"og:description\" content=\"La salud depende de una serie de factores causales que podemos clasificar en cuatro grupos: la biolog\u00eda humana, la asistencia medicosanitaria, el medio ambiente y los estilos de vida. La biolog\u00eda humana, incluye aquellas causas ligadas a la gen\u00e9tica, la herencia y el envejecimiento. La asistencia medicosanitaria engloba las relacionadas con la calidad, la gratitud [&hellip;]\" \/>\n<meta property=\"og:url\" content=\"https:\/\/www.eldiario.net\/portal\/2025\/03\/18\/288996\/\" \/>\n<meta property=\"og:site_name\" content=\"El Diario - Bolivia\" \/>\n<meta property=\"article:publisher\" content=\"https:\/\/www.facebook.com\/eldiario.bolivia\/\" \/>\n<meta property=\"article:published_time\" content=\"2025-03-18T09:31:03+00:00\" \/>\n<meta property=\"og:image\" content=\"https:\/\/www.eldiario.net\/portal\/wp-content\/uploads\/2025\/03\/Antonio-Fernandez-Vargas.jpg\" \/>\n\t<meta property=\"og:image:width\" content=\"1200\" \/>\n\t<meta property=\"og:image:height\" content=\"628\" \/>\n\t<meta property=\"og:image:type\" content=\"image\/jpeg\" \/>\n<meta name=\"author\" content=\"Jeanette\" \/>\n<meta name=\"twitter:card\" content=\"summary_large_image\" \/>\n<meta name=\"twitter:creator\" content=\"@eldiario_net\" \/>\n<meta name=\"twitter:site\" content=\"@eldiario_net\" \/>\n<meta name=\"twitter:label1\" content=\"Escrito por\" \/>\n\t<meta name=\"twitter:data1\" content=\"Jeanette\" \/>\n\t<meta name=\"twitter:label2\" content=\"Tiempo de lectura\" \/>\n\t<meta name=\"twitter:data2\" content=\"4 minutos\" \/>\n<script type=\"application\/ld+json\" class=\"yoast-schema-graph\">{\"@context\":\"https:\\\/\\\/schema.org\",\"@graph\":[{\"@type\":\"Article\",\"@id\":\"https:\\\/\\\/www.eldiario.net\\\/portal\\\/2025\\\/03\\\/18\\\/288996\\\/#article\",\"isPartOf\":{\"@id\":\"https:\\\/\\\/www.eldiario.net\\\/portal\\\/2025\\\/03\\\/18\\\/288996\\\/\"},\"author\":{\"name\":\"Jeanette\",\"@id\":\"https:\\\/\\\/www.eldiario.net\\\/portal\\\/#\\\/schema\\\/person\\\/f46445640444750d7d753ccd04ae01b7\"},\"headline\":\"Sin t\u00edtulo\",\"datePublished\":\"2025-03-18T09:31:03+00:00\",\"mainEntityOfPage\":{\"@id\":\"https:\\\/\\\/www.eldiario.net\\\/portal\\\/2025\\\/03\\\/18\\\/288996\\\/\"},\"wordCount\":883,\"publisher\":{\"@id\":\"https:\\\/\\\/www.eldiario.net\\\/portal\\\/#organization\"},\"image\":{\"@id\":\"https:\\\/\\\/www.eldiario.net\\\/portal\\\/2025\\\/03\\\/18\\\/288996\\\/#primaryimage\"},\"thumbnailUrl\":\"https:\\\/\\\/www.eldiario.net\\\/portal\\\/wp-content\\\/uploads\\\/2025\\\/03\\\/Antonio-Fernandez-Vargas.jpg\",\"articleSection\":[\"Opini\u00f3n\"],\"inLanguage\":\"es\"},{\"@type\":\"WebPage\",\"@id\":\"https:\\\/\\\/www.eldiario.net\\\/portal\\\/2025\\\/03\\\/18\\\/288996\\\/\",\"url\":\"https:\\\/\\\/www.eldiario.net\\\/portal\\\/2025\\\/03\\\/18\\\/288996\\\/\",\"name\":\"- El Diario - Bolivia\",\"isPartOf\":{\"@id\":\"https:\\\/\\\/www.eldiario.net\\\/portal\\\/#website\"},\"primaryImageOfPage\":{\"@id\":\"https:\\\/\\\/www.eldiario.net\\\/portal\\\/2025\\\/03\\\/18\\\/288996\\\/#primaryimage\"},\"image\":{\"@id\":\"https:\\\/\\\/www.eldiario.net\\\/portal\\\/2025\\\/03\\\/18\\\/288996\\\/#primaryimage\"},\"thumbnailUrl\":\"https:\\\/\\\/www.eldiario.net\\\/portal\\\/wp-content\\\/uploads\\\/2025\\\/03\\\/Antonio-Fernandez-Vargas.jpg\",\"datePublished\":\"2025-03-18T09:31:03+00:00\",\"inLanguage\":\"es\",\"potentialAction\":[{\"@type\":\"ReadAction\",\"target\":[\"https:\\\/\\\/www.eldiario.net\\\/portal\\\/2025\\\/03\\\/18\\\/288996\\\/\"]}]},{\"@type\":\"ImageObject\",\"inLanguage\":\"es\",\"@id\":\"https:\\\/\\\/www.eldiario.net\\\/portal\\\/2025\\\/03\\\/18\\\/288996\\\/#primaryimage\",\"url\":\"https:\\\/\\\/www.eldiario.net\\\/portal\\\/wp-content\\\/uploads\\\/2025\\\/03\\\/Antonio-Fernandez-Vargas.jpg\",\"contentUrl\":\"https:\\\/\\\/www.eldiario.net\\\/portal\\\/wp-content\\\/uploads\\\/2025\\\/03\\\/Antonio-Fernandez-Vargas.jpg\",\"width\":1200,\"height\":628,\"caption\":\"Antonio Fern\u00e1ndez Vargas\"},{\"@type\":\"WebSite\",\"@id\":\"https:\\\/\\\/www.eldiario.net\\\/portal\\\/#website\",\"url\":\"https:\\\/\\\/www.eldiario.net\\\/portal\\\/\",\"name\":\"El Diario - Decano de la prensa nacional\",\"description\":\"El Diario - Decano de la prensa nacional\",\"publisher\":{\"@id\":\"https:\\\/\\\/www.eldiario.net\\\/portal\\\/#organization\"},\"potentialAction\":[{\"@type\":\"SearchAction\",\"target\":{\"@type\":\"EntryPoint\",\"urlTemplate\":\"https:\\\/\\\/www.eldiario.net\\\/portal\\\/?s={search_term_string}\"},\"query-input\":{\"@type\":\"PropertyValueSpecification\",\"valueRequired\":true,\"valueName\":\"search_term_string\"}}],\"inLanguage\":\"es\"},{\"@type\":\"Organization\",\"@id\":\"https:\\\/\\\/www.eldiario.net\\\/portal\\\/#organization\",\"name\":\"El Diario - Decano de la prensa nacional\",\"url\":\"https:\\\/\\\/www.eldiario.net\\\/portal\\\/\",\"logo\":{\"@type\":\"ImageObject\",\"inLanguage\":\"es\",\"@id\":\"https:\\\/\\\/www.eldiario.net\\\/portal\\\/#\\\/schema\\\/logo\\\/image\\\/\",\"url\":\"https:\\\/\\\/www.eldiario.net\\\/portal\\\/wp-content\\\/uploads\\\/2023\\\/07\\\/logo_ED.jpg\",\"contentUrl\":\"https:\\\/\\\/www.eldiario.net\\\/portal\\\/wp-content\\\/uploads\\\/2023\\\/07\\\/logo_ED.jpg\",\"width\":272,\"height\":52,\"caption\":\"El Diario - Decano de la prensa nacional\"},\"image\":{\"@id\":\"https:\\\/\\\/www.eldiario.net\\\/portal\\\/#\\\/schema\\\/logo\\\/image\\\/\"},\"sameAs\":[\"https:\\\/\\\/www.facebook.com\\\/eldiario.bolivia\\\/\",\"https:\\\/\\\/x.com\\\/eldiario_net\"]},{\"@type\":\"Person\",\"@id\":\"https:\\\/\\\/www.eldiario.net\\\/portal\\\/#\\\/schema\\\/person\\\/f46445640444750d7d753ccd04ae01b7\",\"name\":\"Jeanette\",\"image\":{\"@type\":\"ImageObject\",\"inLanguage\":\"es\",\"@id\":\"https:\\\/\\\/secure.gravatar.com\\\/avatar\\\/3ea2118a5f7dad2b7138b1187a6b7ee55f160b9968b66013c3a3ef39dd7e5798?s=96&d=mm&r=g\",\"url\":\"https:\\\/\\\/secure.gravatar.com\\\/avatar\\\/3ea2118a5f7dad2b7138b1187a6b7ee55f160b9968b66013c3a3ef39dd7e5798?s=96&d=mm&r=g\",\"contentUrl\":\"https:\\\/\\\/secure.gravatar.com\\\/avatar\\\/3ea2118a5f7dad2b7138b1187a6b7ee55f160b9968b66013c3a3ef39dd7e5798?s=96&d=mm&r=g\",\"caption\":\"Jeanette\"},\"sameAs\":[\"https:\\\/\\\/www.eldiario.net\\\/portal\"],\"url\":\"https:\\\/\\\/www.eldiario.net\\\/portal\\\/author\\\/jeanette\\\/\"}]}<\/script>\n<!-- \/ Yoast SEO plugin. -->","yoast_head_json":{"title":"- El Diario - Bolivia","robots":{"index":"index","follow":"follow","max-snippet":"max-snippet:-1","max-image-preview":"max-image-preview:large","max-video-preview":"max-video-preview:-1"},"canonical":"https:\/\/www.eldiario.net\/portal\/2025\/03\/18\/288996\/","og_locale":"es_ES","og_type":"article","og_title":"- El Diario - Bolivia","og_description":"La salud depende de una serie de factores causales que podemos clasificar en cuatro grupos: la biolog\u00eda humana, la asistencia medicosanitaria, el medio ambiente y los estilos de vida. La biolog\u00eda humana, incluye aquellas causas ligadas a la gen\u00e9tica, la herencia y el envejecimiento. La asistencia medicosanitaria engloba las relacionadas con la calidad, la gratitud [&hellip;]","og_url":"https:\/\/www.eldiario.net\/portal\/2025\/03\/18\/288996\/","og_site_name":"El Diario - Bolivia","article_publisher":"https:\/\/www.facebook.com\/eldiario.bolivia\/","article_published_time":"2025-03-18T09:31:03+00:00","og_image":[{"width":1200,"height":628,"url":"https:\/\/www.eldiario.net\/portal\/wp-content\/uploads\/2025\/03\/Antonio-Fernandez-Vargas.jpg","type":"image\/jpeg"}],"author":"Jeanette","twitter_card":"summary_large_image","twitter_creator":"@eldiario_net","twitter_site":"@eldiario_net","twitter_misc":{"Escrito por":"Jeanette","Tiempo de lectura":"4 minutos"},"schema":{"@context":"https:\/\/schema.org","@graph":[{"@type":"Article","@id":"https:\/\/www.eldiario.net\/portal\/2025\/03\/18\/288996\/#article","isPartOf":{"@id":"https:\/\/www.eldiario.net\/portal\/2025\/03\/18\/288996\/"},"author":{"name":"Jeanette","@id":"https:\/\/www.eldiario.net\/portal\/#\/schema\/person\/f46445640444750d7d753ccd04ae01b7"},"headline":"Sin t\u00edtulo","datePublished":"2025-03-18T09:31:03+00:00","mainEntityOfPage":{"@id":"https:\/\/www.eldiario.net\/portal\/2025\/03\/18\/288996\/"},"wordCount":883,"publisher":{"@id":"https:\/\/www.eldiario.net\/portal\/#organization"},"image":{"@id":"https:\/\/www.eldiario.net\/portal\/2025\/03\/18\/288996\/#primaryimage"},"thumbnailUrl":"https:\/\/www.eldiario.net\/portal\/wp-content\/uploads\/2025\/03\/Antonio-Fernandez-Vargas.jpg","articleSection":["Opini\u00f3n"],"inLanguage":"es"},{"@type":"WebPage","@id":"https:\/\/www.eldiario.net\/portal\/2025\/03\/18\/288996\/","url":"https:\/\/www.eldiario.net\/portal\/2025\/03\/18\/288996\/","name":"- El Diario - Bolivia","isPartOf":{"@id":"https:\/\/www.eldiario.net\/portal\/#website"},"primaryImageOfPage":{"@id":"https:\/\/www.eldiario.net\/portal\/2025\/03\/18\/288996\/#primaryimage"},"image":{"@id":"https:\/\/www.eldiario.net\/portal\/2025\/03\/18\/288996\/#primaryimage"},"thumbnailUrl":"https:\/\/www.eldiario.net\/portal\/wp-content\/uploads\/2025\/03\/Antonio-Fernandez-Vargas.jpg","datePublished":"2025-03-18T09:31:03+00:00","inLanguage":"es","potentialAction":[{"@type":"ReadAction","target":["https:\/\/www.eldiario.net\/portal\/2025\/03\/18\/288996\/"]}]},{"@type":"ImageObject","inLanguage":"es","@id":"https:\/\/www.eldiario.net\/portal\/2025\/03\/18\/288996\/#primaryimage","url":"https:\/\/www.eldiario.net\/portal\/wp-content\/uploads\/2025\/03\/Antonio-Fernandez-Vargas.jpg","contentUrl":"https:\/\/www.eldiario.net\/portal\/wp-content\/uploads\/2025\/03\/Antonio-Fernandez-Vargas.jpg","width":1200,"height":628,"caption":"Antonio Fern\u00e1ndez Vargas"},{"@type":"WebSite","@id":"https:\/\/www.eldiario.net\/portal\/#website","url":"https:\/\/www.eldiario.net\/portal\/","name":"El Diario - Decano de la prensa nacional","description":"El Diario - Decano de la prensa nacional","publisher":{"@id":"https:\/\/www.eldiario.net\/portal\/#organization"},"potentialAction":[{"@type":"SearchAction","target":{"@type":"EntryPoint","urlTemplate":"https:\/\/www.eldiario.net\/portal\/?s={search_term_string}"},"query-input":{"@type":"PropertyValueSpecification","valueRequired":true,"valueName":"search_term_string"}}],"inLanguage":"es"},{"@type":"Organization","@id":"https:\/\/www.eldiario.net\/portal\/#organization","name":"El Diario - Decano de la prensa nacional","url":"https:\/\/www.eldiario.net\/portal\/","logo":{"@type":"ImageObject","inLanguage":"es","@id":"https:\/\/www.eldiario.net\/portal\/#\/schema\/logo\/image\/","url":"https:\/\/www.eldiario.net\/portal\/wp-content\/uploads\/2023\/07\/logo_ED.jpg","contentUrl":"https:\/\/www.eldiario.net\/portal\/wp-content\/uploads\/2023\/07\/logo_ED.jpg","width":272,"height":52,"caption":"El Diario - Decano de la prensa nacional"},"image":{"@id":"https:\/\/www.eldiario.net\/portal\/#\/schema\/logo\/image\/"},"sameAs":["https:\/\/www.facebook.com\/eldiario.bolivia\/","https:\/\/x.com\/eldiario_net"]},{"@type":"Person","@id":"https:\/\/www.eldiario.net\/portal\/#\/schema\/person\/f46445640444750d7d753ccd04ae01b7","name":"Jeanette","image":{"@type":"ImageObject","inLanguage":"es","@id":"https:\/\/secure.gravatar.com\/avatar\/3ea2118a5f7dad2b7138b1187a6b7ee55f160b9968b66013c3a3ef39dd7e5798?s=96&d=mm&r=g","url":"https:\/\/secure.gravatar.com\/avatar\/3ea2118a5f7dad2b7138b1187a6b7ee55f160b9968b66013c3a3ef39dd7e5798?s=96&d=mm&r=g","contentUrl":"https:\/\/secure.gravatar.com\/avatar\/3ea2118a5f7dad2b7138b1187a6b7ee55f160b9968b66013c3a3ef39dd7e5798?s=96&d=mm&r=g","caption":"Jeanette"},"sameAs":["https:\/\/www.eldiario.net\/portal"],"url":"https:\/\/www.eldiario.net\/portal\/author\/jeanette\/"}]}},"_links":{"self":[{"href":"https:\/\/www.eldiario.net\/portal\/wp-json\/wp\/v2\/posts\/288996","targetHints":{"allow":["GET"]}}],"collection":[{"href":"https:\/\/www.eldiario.net\/portal\/wp-json\/wp\/v2\/posts"}],"about":[{"href":"https:\/\/www.eldiario.net\/portal\/wp-json\/wp\/v2\/types\/post"}],"author":[{"embeddable":true,"href":"https:\/\/www.eldiario.net\/portal\/wp-json\/wp\/v2\/users\/1"}],"replies":[{"embeddable":true,"href":"https:\/\/www.eldiario.net\/portal\/wp-json\/wp\/v2\/comments?post=288996"}],"version-history":[{"count":1,"href":"https:\/\/www.eldiario.net\/portal\/wp-json\/wp\/v2\/posts\/288996\/revisions"}],"predecessor-version":[{"id":288998,"href":"https:\/\/www.eldiario.net\/portal\/wp-json\/wp\/v2\/posts\/288996\/revisions\/288998"}],"wp:featuredmedia":[{"embeddable":true,"href":"https:\/\/www.eldiario.net\/portal\/wp-json\/wp\/v2\/media\/288997"}],"wp:attachment":[{"href":"https:\/\/www.eldiario.net\/portal\/wp-json\/wp\/v2\/media?parent=288996"}],"wp:term":[{"taxonomy":"category","embeddable":true,"href":"https:\/\/www.eldiario.net\/portal\/wp-json\/wp\/v2\/categories?post=288996"},{"taxonomy":"post_tag","embeddable":true,"href":"https:\/\/www.eldiario.net\/portal\/wp-json\/wp\/v2\/tags?post=288996"}],"curies":[{"name":"wp","href":"https:\/\/api.w.org\/{rel}","templated":true}]}}