{"id":288986,"date":"2025-03-17T19:10:50","date_gmt":"2025-03-17T23:10:50","guid":{"rendered":"https:\/\/www.eldiario.net\/portal\/?p=288986"},"modified":"2025-03-17T19:10:50","modified_gmt":"2025-03-17T23:10:50","slug":"tension-en-serbia-autoridades-rechazan-acusaciones-de-uso-de-canones-sonicos-1910","status":"publish","type":"post","link":"https:\/\/www.eldiario.net\/portal\/2025\/03\/17\/tension-en-serbia-autoridades-rechazan-acusaciones-de-uso-de-canones-sonicos-1910\/","title":{"rendered":"Tensi\u00f3n en Serbia: autoridades rechazan acusaciones de uso de ca\u00f1ones s\u00f3nicos. (19:10)"},"content":{"rendered":"<p>Las autoridades serbias han rechazado las acusaciones de que utilizaron ca\u00f1ones s\u00f3nicos contra manifestantes en Belgrado, calificando estas afirmaciones de \u00abmentiras flagrantes\u00bb. La oposici\u00f3n y una ONG financiada por el extranjero hab\u00edan denunciado que las fuerzas de seguridad desplegaron un dispositivo ac\u00fastico de largo alcance (LRAD) para controlar a la multitud, lo que habr\u00eda provocado una breve estampida.<\/p>\n<p>Las protestas en Serbia han sido motivadas por meses de manifestaciones lideradas por estudiantes por presunta corrupci\u00f3n y mala gesti\u00f3n del gobierno.<\/p>\n<p>El presidente Aleksandar Vucic desestim\u00f3 las acusaciones y pidi\u00f3 una investigaci\u00f3n y el procesamiento de los responsables de difundir informaci\u00f3n err\u00f3nea. Las autoridades serbias insisten en que las fuerzas del orden actuaron conforme a la ley y mantuvieron el orden sin emplear fuerza excesiva.<\/p>\n","protected":false},"excerpt":{"rendered":"<p>Las autoridades serbias han rechazado las acusaciones de que utilizaron ca\u00f1ones s\u00f3nicos contra manifestantes en Belgrado, calificando estas afirmaciones de \u00abmentiras flagrantes\u00bb. La oposici\u00f3n y una ONG financiada por el extranjero hab\u00edan denunciado que las fuerzas de seguridad desplegaron un dispositivo ac\u00fastico de largo alcance (LRAD) para controlar a la multitud, lo que habr\u00eda provocado [&hellip;]<\/p>\n","protected":false},"author":7,"featured_media":288988,"comment_status":"closed","ping_status":"open","sticky":false,"template":"","format":"standard","meta":{"_acf_changed":false,"footnotes":""},"categories":[51],"tags":[],"class_list":["post-288986","post","type-post","status-publish","format-standard","has-post-thumbnail","category-ultima-hora"],"acf":{"antetitulo":""},"yoast_head":"<!-- This site is optimized with the Yoast SEO plugin v28.3 - https:\/\/yoast.com\/product\/yoast-seo-wordpress\/ -->\n<title>Tensi\u00f3n en Serbia: autoridades rechazan acusaciones de uso de ca\u00f1ones s\u00f3nicos. (19:10) - El Diario - Bolivia<\/title>\n<meta name=\"robots\" content=\"index, follow, max-snippet:-1, max-image-preview:large, max-video-preview:-1\" \/>\n<link rel=\"canonical\" href=\"https:\/\/www.eldiario.net\/portal\/2025\/03\/17\/tension-en-serbia-autoridades-rechazan-acusaciones-de-uso-de-canones-sonicos-1910\/\" \/>\n<meta property=\"og:locale\" content=\"es_ES\" \/>\n<meta property=\"og:type\" content=\"article\" \/>\n<meta property=\"og:title\" content=\"Tensi\u00f3n en Serbia: autoridades rechazan acusaciones de uso de ca\u00f1ones s\u00f3nicos. (19:10) - El Diario - Bolivia\" \/>\n<meta property=\"og:description\" content=\"Las autoridades serbias han rechazado las acusaciones de que utilizaron ca\u00f1ones s\u00f3nicos contra manifestantes en Belgrado, calificando estas afirmaciones de \u00abmentiras flagrantes\u00bb. La oposici\u00f3n y una ONG financiada por el extranjero hab\u00edan denunciado que las fuerzas de seguridad desplegaron un dispositivo ac\u00fastico de largo alcance (LRAD) para controlar a la multitud, lo que habr\u00eda provocado [&hellip;]\" \/>\n<meta property=\"og:url\" content=\"https:\/\/www.eldiario.net\/portal\/2025\/03\/17\/tension-en-serbia-autoridades-rechazan-acusaciones-de-uso-de-canones-sonicos-1910\/\" \/>\n<meta property=\"og:site_name\" content=\"El Diario - Bolivia\" \/>\n<meta property=\"article:publisher\" content=\"https:\/\/www.facebook.com\/eldiario.bolivia\/\" \/>\n<meta property=\"article:published_time\" content=\"2025-03-17T23:10:50+00:00\" \/>\n<meta property=\"og:image\" content=\"https:\/\/www.eldiario.net\/portal\/wp-content\/uploads\/2025\/03\/serbia-1-e1742253022833.png\" \/>\n\t<meta property=\"og:image:width\" content=\"400\" \/>\n\t<meta property=\"og:image:height\" content=\"244\" \/>\n\t<meta property=\"og:image:type\" content=\"image\/png\" \/>\n<meta name=\"author\" content=\"Viviana Monrroy\" \/>\n<meta name=\"twitter:card\" content=\"summary_large_image\" \/>\n<meta name=\"twitter:creator\" content=\"@eldiario_net\" \/>\n<meta name=\"twitter:site\" content=\"@eldiario_net\" \/>\n<meta name=\"twitter:label1\" content=\"Escrito por\" \/>\n\t<meta name=\"twitter:data1\" content=\"Viviana Monrroy\" \/>\n\t<meta name=\"twitter:label2\" content=\"Tiempo de lectura\" \/>\n\t<meta name=\"twitter:data2\" content=\"1 minuto\" \/>\n<script type=\"application\/ld+json\" class=\"yoast-schema-graph\">{\"@context\":\"https:\\\/\\\/schema.org\",\"@graph\":[{\"@type\":\"Article\",\"@id\":\"https:\\\/\\\/www.eldiario.net\\\/portal\\\/2025\\\/03\\\/17\\\/tension-en-serbia-autoridades-rechazan-acusaciones-de-uso-de-canones-sonicos-1910\\\/#article\",\"isPartOf\":{\"@id\":\"https:\\\/\\\/www.eldiario.net\\\/portal\\\/2025\\\/03\\\/17\\\/tension-en-serbia-autoridades-rechazan-acusaciones-de-uso-de-canones-sonicos-1910\\\/\"},\"author\":{\"name\":\"Viviana Monrroy\",\"@id\":\"https:\\\/\\\/www.eldiario.net\\\/portal\\\/#\\\/schema\\\/person\\\/ba370d92d160f4d3574381f6d9b78fab\"},\"headline\":\"Tensi\u00f3n en Serbia: autoridades rechazan acusaciones de uso de ca\u00f1ones s\u00f3nicos. (19:10)\",\"datePublished\":\"2025-03-17T23:10:50+00:00\",\"mainEntityOfPage\":{\"@id\":\"https:\\\/\\\/www.eldiario.net\\\/portal\\\/2025\\\/03\\\/17\\\/tension-en-serbia-autoridades-rechazan-acusaciones-de-uso-de-canones-sonicos-1910\\\/\"},\"wordCount\":149,\"publisher\":{\"@id\":\"https:\\\/\\\/www.eldiario.net\\\/portal\\\/#organization\"},\"image\":{\"@id\":\"https:\\\/\\\/www.eldiario.net\\\/portal\\\/2025\\\/03\\\/17\\\/tension-en-serbia-autoridades-rechazan-acusaciones-de-uso-de-canones-sonicos-1910\\\/#primaryimage\"},\"thumbnailUrl\":\"https:\\\/\\\/www.eldiario.net\\\/portal\\\/wp-content\\\/uploads\\\/2025\\\/03\\\/serbia-1-e1742253022833.png\",\"articleSection\":[\"\u00daltima Hora\"],\"inLanguage\":\"es\"},{\"@type\":\"WebPage\",\"@id\":\"https:\\\/\\\/www.eldiario.net\\\/portal\\\/2025\\\/03\\\/17\\\/tension-en-serbia-autoridades-rechazan-acusaciones-de-uso-de-canones-sonicos-1910\\\/\",\"url\":\"https:\\\/\\\/www.eldiario.net\\\/portal\\\/2025\\\/03\\\/17\\\/tension-en-serbia-autoridades-rechazan-acusaciones-de-uso-de-canones-sonicos-1910\\\/\",\"name\":\"Tensi\u00f3n en Serbia: autoridades rechazan acusaciones de uso de ca\u00f1ones s\u00f3nicos. (19:10) - El Diario - Bolivia\",\"isPartOf\":{\"@id\":\"https:\\\/\\\/www.eldiario.net\\\/portal\\\/#website\"},\"primaryImageOfPage\":{\"@id\":\"https:\\\/\\\/www.eldiario.net\\\/portal\\\/2025\\\/03\\\/17\\\/tension-en-serbia-autoridades-rechazan-acusaciones-de-uso-de-canones-sonicos-1910\\\/#primaryimage\"},\"image\":{\"@id\":\"https:\\\/\\\/www.eldiario.net\\\/portal\\\/2025\\\/03\\\/17\\\/tension-en-serbia-autoridades-rechazan-acusaciones-de-uso-de-canones-sonicos-1910\\\/#primaryimage\"},\"thumbnailUrl\":\"https:\\\/\\\/www.eldiario.net\\\/portal\\\/wp-content\\\/uploads\\\/2025\\\/03\\\/serbia-1-e1742253022833.png\",\"datePublished\":\"2025-03-17T23:10:50+00:00\",\"breadcrumb\":{\"@id\":\"https:\\\/\\\/www.eldiario.net\\\/portal\\\/2025\\\/03\\\/17\\\/tension-en-serbia-autoridades-rechazan-acusaciones-de-uso-de-canones-sonicos-1910\\\/#breadcrumb\"},\"inLanguage\":\"es\",\"potentialAction\":[{\"@type\":\"ReadAction\",\"target\":[\"https:\\\/\\\/www.eldiario.net\\\/portal\\\/2025\\\/03\\\/17\\\/tension-en-serbia-autoridades-rechazan-acusaciones-de-uso-de-canones-sonicos-1910\\\/\"]}]},{\"@type\":\"ImageObject\",\"inLanguage\":\"es\",\"@id\":\"https:\\\/\\\/www.eldiario.net\\\/portal\\\/2025\\\/03\\\/17\\\/tension-en-serbia-autoridades-rechazan-acusaciones-de-uso-de-canones-sonicos-1910\\\/#primaryimage\",\"url\":\"https:\\\/\\\/www.eldiario.net\\\/portal\\\/wp-content\\\/uploads\\\/2025\\\/03\\\/serbia-1-e1742253022833.png\",\"contentUrl\":\"https:\\\/\\\/www.eldiario.net\\\/portal\\\/wp-content\\\/uploads\\\/2025\\\/03\\\/serbia-1-e1742253022833.png\",\"width\":400,\"height\":244,\"caption\":\"Foto: RR.SS.\"},{\"@type\":\"BreadcrumbList\",\"@id\":\"https:\\\/\\\/www.eldiario.net\\\/portal\\\/2025\\\/03\\\/17\\\/tension-en-serbia-autoridades-rechazan-acusaciones-de-uso-de-canones-sonicos-1910\\\/#breadcrumb\",\"itemListElement\":[{\"@type\":\"ListItem\",\"position\":1,\"name\":\"Portada\",\"item\":\"https:\\\/\\\/www.eldiario.net\\\/portal\\\/\"},{\"@type\":\"ListItem\",\"position\":2,\"name\":\"Tensi\u00f3n en Serbia: autoridades rechazan acusaciones de uso de ca\u00f1ones s\u00f3nicos. (19:10)\"}]},{\"@type\":\"WebSite\",\"@id\":\"https:\\\/\\\/www.eldiario.net\\\/portal\\\/#website\",\"url\":\"https:\\\/\\\/www.eldiario.net\\\/portal\\\/\",\"name\":\"El Diario - Decano de la prensa nacional\",\"description\":\"El Diario - Decano de la prensa nacional\",\"publisher\":{\"@id\":\"https:\\\/\\\/www.eldiario.net\\\/portal\\\/#organization\"},\"potentialAction\":[{\"@type\":\"SearchAction\",\"target\":{\"@type\":\"EntryPoint\",\"urlTemplate\":\"https:\\\/\\\/www.eldiario.net\\\/portal\\\/?s={search_term_string}\"},\"query-input\":{\"@type\":\"PropertyValueSpecification\",\"valueRequired\":true,\"valueName\":\"search_term_string\"}}],\"inLanguage\":\"es\"},{\"@type\":\"Organization\",\"@id\":\"https:\\\/\\\/www.eldiario.net\\\/portal\\\/#organization\",\"name\":\"El Diario - Decano de la prensa nacional\",\"url\":\"https:\\\/\\\/www.eldiario.net\\\/portal\\\/\",\"logo\":{\"@type\":\"ImageObject\",\"inLanguage\":\"es\",\"@id\":\"https:\\\/\\\/www.eldiario.net\\\/portal\\\/#\\\/schema\\\/logo\\\/image\\\/\",\"url\":\"https:\\\/\\\/www.eldiario.net\\\/portal\\\/wp-content\\\/uploads\\\/2023\\\/07\\\/logo_ED.jpg\",\"contentUrl\":\"https:\\\/\\\/www.eldiario.net\\\/portal\\\/wp-content\\\/uploads\\\/2023\\\/07\\\/logo_ED.jpg\",\"width\":272,\"height\":52,\"caption\":\"El Diario - Decano de la prensa nacional\"},\"image\":{\"@id\":\"https:\\\/\\\/www.eldiario.net\\\/portal\\\/#\\\/schema\\\/logo\\\/image\\\/\"},\"sameAs\":[\"https:\\\/\\\/www.facebook.com\\\/eldiario.bolivia\\\/\",\"https:\\\/\\\/x.com\\\/eldiario_net\"]},{\"@type\":\"Person\",\"@id\":\"https:\\\/\\\/www.eldiario.net\\\/portal\\\/#\\\/schema\\\/person\\\/ba370d92d160f4d3574381f6d9b78fab\",\"name\":\"Viviana Monrroy\",\"image\":{\"@type\":\"ImageObject\",\"inLanguage\":\"es\",\"@id\":\"https:\\\/\\\/secure.gravatar.com\\\/avatar\\\/dfd1611ed5600959a0e5a9754503b6c05d1dcf190010998e0363aee2ad98afca?s=96&d=mm&r=g\",\"url\":\"https:\\\/\\\/secure.gravatar.com\\\/avatar\\\/dfd1611ed5600959a0e5a9754503b6c05d1dcf190010998e0363aee2ad98afca?s=96&d=mm&r=g\",\"contentUrl\":\"https:\\\/\\\/secure.gravatar.com\\\/avatar\\\/dfd1611ed5600959a0e5a9754503b6c05d1dcf190010998e0363aee2ad98afca?s=96&d=mm&r=g\",\"caption\":\"Viviana Monrroy\"},\"sameAs\":[\"http:\\\/\\\/www.eldiario.net\"],\"url\":\"https:\\\/\\\/www.eldiario.net\\\/portal\\\/author\\\/vivianamonrroy\\\/\"}]}<\/script>\n<!-- \/ Yoast SEO plugin. -->","yoast_head_json":{"title":"Tensi\u00f3n en Serbia: autoridades rechazan acusaciones de uso de ca\u00f1ones s\u00f3nicos. (19:10) - El Diario - Bolivia","robots":{"index":"index","follow":"follow","max-snippet":"max-snippet:-1","max-image-preview":"max-image-preview:large","max-video-preview":"max-video-preview:-1"},"canonical":"https:\/\/www.eldiario.net\/portal\/2025\/03\/17\/tension-en-serbia-autoridades-rechazan-acusaciones-de-uso-de-canones-sonicos-1910\/","og_locale":"es_ES","og_type":"article","og_title":"Tensi\u00f3n en Serbia: autoridades rechazan acusaciones de uso de ca\u00f1ones s\u00f3nicos. (19:10) - El Diario - Bolivia","og_description":"Las autoridades serbias han rechazado las acusaciones de que utilizaron ca\u00f1ones s\u00f3nicos contra manifestantes en Belgrado, calificando estas afirmaciones de \u00abmentiras flagrantes\u00bb. La oposici\u00f3n y una ONG financiada por el extranjero hab\u00edan denunciado que las fuerzas de seguridad desplegaron un dispositivo ac\u00fastico de largo alcance (LRAD) para controlar a la multitud, lo que habr\u00eda provocado [&hellip;]","og_url":"https:\/\/www.eldiario.net\/portal\/2025\/03\/17\/tension-en-serbia-autoridades-rechazan-acusaciones-de-uso-de-canones-sonicos-1910\/","og_site_name":"El Diario - Bolivia","article_publisher":"https:\/\/www.facebook.com\/eldiario.bolivia\/","article_published_time":"2025-03-17T23:10:50+00:00","og_image":[{"width":400,"height":244,"url":"https:\/\/www.eldiario.net\/portal\/wp-content\/uploads\/2025\/03\/serbia-1-e1742253022833.png","type":"image\/png"}],"author":"Viviana Monrroy","twitter_card":"summary_large_image","twitter_creator":"@eldiario_net","twitter_site":"@eldiario_net","twitter_misc":{"Escrito por":"Viviana Monrroy","Tiempo de lectura":"1 minuto"},"schema":{"@context":"https:\/\/schema.org","@graph":[{"@type":"Article","@id":"https:\/\/www.eldiario.net\/portal\/2025\/03\/17\/tension-en-serbia-autoridades-rechazan-acusaciones-de-uso-de-canones-sonicos-1910\/#article","isPartOf":{"@id":"https:\/\/www.eldiario.net\/portal\/2025\/03\/17\/tension-en-serbia-autoridades-rechazan-acusaciones-de-uso-de-canones-sonicos-1910\/"},"author":{"name":"Viviana Monrroy","@id":"https:\/\/www.eldiario.net\/portal\/#\/schema\/person\/ba370d92d160f4d3574381f6d9b78fab"},"headline":"Tensi\u00f3n en Serbia: autoridades rechazan acusaciones de uso de ca\u00f1ones s\u00f3nicos. (19:10)","datePublished":"2025-03-17T23:10:50+00:00","mainEntityOfPage":{"@id":"https:\/\/www.eldiario.net\/portal\/2025\/03\/17\/tension-en-serbia-autoridades-rechazan-acusaciones-de-uso-de-canones-sonicos-1910\/"},"wordCount":149,"publisher":{"@id":"https:\/\/www.eldiario.net\/portal\/#organization"},"image":{"@id":"https:\/\/www.eldiario.net\/portal\/2025\/03\/17\/tension-en-serbia-autoridades-rechazan-acusaciones-de-uso-de-canones-sonicos-1910\/#primaryimage"},"thumbnailUrl":"https:\/\/www.eldiario.net\/portal\/wp-content\/uploads\/2025\/03\/serbia-1-e1742253022833.png","articleSection":["\u00daltima Hora"],"inLanguage":"es"},{"@type":"WebPage","@id":"https:\/\/www.eldiario.net\/portal\/2025\/03\/17\/tension-en-serbia-autoridades-rechazan-acusaciones-de-uso-de-canones-sonicos-1910\/","url":"https:\/\/www.eldiario.net\/portal\/2025\/03\/17\/tension-en-serbia-autoridades-rechazan-acusaciones-de-uso-de-canones-sonicos-1910\/","name":"Tensi\u00f3n en Serbia: autoridades rechazan acusaciones de uso de ca\u00f1ones s\u00f3nicos. (19:10) - El Diario - Bolivia","isPartOf":{"@id":"https:\/\/www.eldiario.net\/portal\/#website"},"primaryImageOfPage":{"@id":"https:\/\/www.eldiario.net\/portal\/2025\/03\/17\/tension-en-serbia-autoridades-rechazan-acusaciones-de-uso-de-canones-sonicos-1910\/#primaryimage"},"image":{"@id":"https:\/\/www.eldiario.net\/portal\/2025\/03\/17\/tension-en-serbia-autoridades-rechazan-acusaciones-de-uso-de-canones-sonicos-1910\/#primaryimage"},"thumbnailUrl":"https:\/\/www.eldiario.net\/portal\/wp-content\/uploads\/2025\/03\/serbia-1-e1742253022833.png","datePublished":"2025-03-17T23:10:50+00:00","breadcrumb":{"@id":"https:\/\/www.eldiario.net\/portal\/2025\/03\/17\/tension-en-serbia-autoridades-rechazan-acusaciones-de-uso-de-canones-sonicos-1910\/#breadcrumb"},"inLanguage":"es","potentialAction":[{"@type":"ReadAction","target":["https:\/\/www.eldiario.net\/portal\/2025\/03\/17\/tension-en-serbia-autoridades-rechazan-acusaciones-de-uso-de-canones-sonicos-1910\/"]}]},{"@type":"ImageObject","inLanguage":"es","@id":"https:\/\/www.eldiario.net\/portal\/2025\/03\/17\/tension-en-serbia-autoridades-rechazan-acusaciones-de-uso-de-canones-sonicos-1910\/#primaryimage","url":"https:\/\/www.eldiario.net\/portal\/wp-content\/uploads\/2025\/03\/serbia-1-e1742253022833.png","contentUrl":"https:\/\/www.eldiario.net\/portal\/wp-content\/uploads\/2025\/03\/serbia-1-e1742253022833.png","width":400,"height":244,"caption":"Foto: RR.SS."},{"@type":"BreadcrumbList","@id":"https:\/\/www.eldiario.net\/portal\/2025\/03\/17\/tension-en-serbia-autoridades-rechazan-acusaciones-de-uso-de-canones-sonicos-1910\/#breadcrumb","itemListElement":[{"@type":"ListItem","position":1,"name":"Portada","item":"https:\/\/www.eldiario.net\/portal\/"},{"@type":"ListItem","position":2,"name":"Tensi\u00f3n en Serbia: autoridades rechazan acusaciones de uso de ca\u00f1ones s\u00f3nicos. (19:10)"}]},{"@type":"WebSite","@id":"https:\/\/www.eldiario.net\/portal\/#website","url":"https:\/\/www.eldiario.net\/portal\/","name":"El Diario - Decano de la prensa nacional","description":"El Diario - Decano de la prensa nacional","publisher":{"@id":"https:\/\/www.eldiario.net\/portal\/#organization"},"potentialAction":[{"@type":"SearchAction","target":{"@type":"EntryPoint","urlTemplate":"https:\/\/www.eldiario.net\/portal\/?s={search_term_string}"},"query-input":{"@type":"PropertyValueSpecification","valueRequired":true,"valueName":"search_term_string"}}],"inLanguage":"es"},{"@type":"Organization","@id":"https:\/\/www.eldiario.net\/portal\/#organization","name":"El Diario - Decano de la prensa nacional","url":"https:\/\/www.eldiario.net\/portal\/","logo":{"@type":"ImageObject","inLanguage":"es","@id":"https:\/\/www.eldiario.net\/portal\/#\/schema\/logo\/image\/","url":"https:\/\/www.eldiario.net\/portal\/wp-content\/uploads\/2023\/07\/logo_ED.jpg","contentUrl":"https:\/\/www.eldiario.net\/portal\/wp-content\/uploads\/2023\/07\/logo_ED.jpg","width":272,"height":52,"caption":"El Diario - Decano de la prensa nacional"},"image":{"@id":"https:\/\/www.eldiario.net\/portal\/#\/schema\/logo\/image\/"},"sameAs":["https:\/\/www.facebook.com\/eldiario.bolivia\/","https:\/\/x.com\/eldiario_net"]},{"@type":"Person","@id":"https:\/\/www.eldiario.net\/portal\/#\/schema\/person\/ba370d92d160f4d3574381f6d9b78fab","name":"Viviana Monrroy","image":{"@type":"ImageObject","inLanguage":"es","@id":"https:\/\/secure.gravatar.com\/avatar\/dfd1611ed5600959a0e5a9754503b6c05d1dcf190010998e0363aee2ad98afca?s=96&d=mm&r=g","url":"https:\/\/secure.gravatar.com\/avatar\/dfd1611ed5600959a0e5a9754503b6c05d1dcf190010998e0363aee2ad98afca?s=96&d=mm&r=g","contentUrl":"https:\/\/secure.gravatar.com\/avatar\/dfd1611ed5600959a0e5a9754503b6c05d1dcf190010998e0363aee2ad98afca?s=96&d=mm&r=g","caption":"Viviana Monrroy"},"sameAs":["http:\/\/www.eldiario.net"],"url":"https:\/\/www.eldiario.net\/portal\/author\/vivianamonrroy\/"}]}},"_links":{"self":[{"href":"https:\/\/www.eldiario.net\/portal\/wp-json\/wp\/v2\/posts\/288986","targetHints":{"allow":["GET"]}}],"collection":[{"href":"https:\/\/www.eldiario.net\/portal\/wp-json\/wp\/v2\/posts"}],"about":[{"href":"https:\/\/www.eldiario.net\/portal\/wp-json\/wp\/v2\/types\/post"}],"author":[{"embeddable":true,"href":"https:\/\/www.eldiario.net\/portal\/wp-json\/wp\/v2\/users\/7"}],"replies":[{"embeddable":true,"href":"https:\/\/www.eldiario.net\/portal\/wp-json\/wp\/v2\/comments?post=288986"}],"version-history":[{"count":1,"href":"https:\/\/www.eldiario.net\/portal\/wp-json\/wp\/v2\/posts\/288986\/revisions"}],"predecessor-version":[{"id":288989,"href":"https:\/\/www.eldiario.net\/portal\/wp-json\/wp\/v2\/posts\/288986\/revisions\/288989"}],"wp:featuredmedia":[{"embeddable":true,"href":"https:\/\/www.eldiario.net\/portal\/wp-json\/wp\/v2\/media\/288988"}],"wp:attachment":[{"href":"https:\/\/www.eldiario.net\/portal\/wp-json\/wp\/v2\/media?parent=288986"}],"wp:term":[{"taxonomy":"category","embeddable":true,"href":"https:\/\/www.eldiario.net\/portal\/wp-json\/wp\/v2\/categories?post=288986"},{"taxonomy":"post_tag","embeddable":true,"href":"https:\/\/www.eldiario.net\/portal\/wp-json\/wp\/v2\/tags?post=288986"}],"curies":[{"name":"wp","href":"https:\/\/api.w.org\/{rel}","templated":true}]}}