{"id":288982,"date":"2025-03-17T19:01:59","date_gmt":"2025-03-17T23:01:59","guid":{"rendered":"https:\/\/www.eldiario.net\/portal\/?p=288982"},"modified":"2025-03-17T19:01:59","modified_gmt":"2025-03-17T23:01:59","slug":"papa-francisco-muestra-mejoria-gradual-en-su-salud-1900","status":"publish","type":"post","link":"https:\/\/www.eldiario.net\/portal\/2025\/03\/17\/papa-francisco-muestra-mejoria-gradual-en-su-salud-1900\/","title":{"rendered":"Papa Francisco muestra mejor\u00eda gradual en su salud. (19:00)"},"content":{"rendered":"<p>El papa Francisco, hospitalizado desde el 14 de febrero por problemas respiratorios, puede pasar \u00abbreves momentos\u00bb sin suministro de ox\u00edgeno adicional, seg\u00fan inform\u00f3 la oficina de prensa del Vaticano.<\/p>\n<p>Su estado de salud se mantiene estable, pero a\u00fan necesita continuar con su tratamiento en el hospital. El pont\u00edfice de 88 a\u00f1os ha estado recibiendo fisioterapia respiratoria y motora, y ha combinado esto con momentos de reposo, oraci\u00f3n y trabajo.<\/p>\n<p>La oficina de prensa del Vaticano tambi\u00e9n inform\u00f3 que los m\u00e9dicos han reducido progresivamente el uso de ox\u00edgeno con una mascarilla durante la noche, y tambi\u00e9n han disminuido la intensidad del flujo de ox\u00edgeno administrado durante el d\u00eda con una c\u00e1nula nasal. Esto sugiere que el papa Francisco est\u00e1 recuperando gradualmente su capacidad pulmonar.<\/p>\n","protected":false},"excerpt":{"rendered":"<p>El papa Francisco, hospitalizado desde el 14 de febrero por problemas respiratorios, puede pasar \u00abbreves momentos\u00bb sin suministro de ox\u00edgeno adicional, seg\u00fan inform\u00f3 la oficina de prensa del Vaticano. Su estado de salud se mantiene estable, pero a\u00fan necesita continuar con su tratamiento en el hospital. El pont\u00edfice de 88 a\u00f1os ha estado recibiendo fisioterapia [&hellip;]<\/p>\n","protected":false},"author":7,"featured_media":288983,"comment_status":"closed","ping_status":"open","sticky":false,"template":"","format":"standard","meta":{"_acf_changed":false,"footnotes":""},"categories":[51],"tags":[],"class_list":["post-288982","post","type-post","status-publish","format-standard","has-post-thumbnail","category-ultima-hora"],"acf":{"antetitulo":""},"yoast_head":"<!-- This site is optimized with the Yoast SEO plugin v28.3 - https:\/\/yoast.com\/product\/yoast-seo-wordpress\/ -->\n<title>Papa Francisco muestra mejor\u00eda gradual en su salud. (19:00) - El Diario - Bolivia<\/title>\n<meta name=\"robots\" content=\"index, follow, max-snippet:-1, max-image-preview:large, max-video-preview:-1\" \/>\n<link rel=\"canonical\" href=\"https:\/\/www.eldiario.net\/portal\/2025\/03\/17\/papa-francisco-muestra-mejoria-gradual-en-su-salud-1900\/\" \/>\n<meta property=\"og:locale\" content=\"es_ES\" \/>\n<meta property=\"og:type\" content=\"article\" \/>\n<meta property=\"og:title\" content=\"Papa Francisco muestra mejor\u00eda gradual en su salud. (19:00) - El Diario - Bolivia\" \/>\n<meta property=\"og:description\" content=\"El papa Francisco, hospitalizado desde el 14 de febrero por problemas respiratorios, puede pasar \u00abbreves momentos\u00bb sin suministro de ox\u00edgeno adicional, seg\u00fan inform\u00f3 la oficina de prensa del Vaticano. Su estado de salud se mantiene estable, pero a\u00fan necesita continuar con su tratamiento en el hospital. El pont\u00edfice de 88 a\u00f1os ha estado recibiendo fisioterapia [&hellip;]\" \/>\n<meta property=\"og:url\" content=\"https:\/\/www.eldiario.net\/portal\/2025\/03\/17\/papa-francisco-muestra-mejoria-gradual-en-su-salud-1900\/\" \/>\n<meta property=\"og:site_name\" content=\"El Diario - Bolivia\" \/>\n<meta property=\"article:publisher\" content=\"https:\/\/www.facebook.com\/eldiario.bolivia\/\" \/>\n<meta property=\"article:published_time\" content=\"2025-03-17T23:01:59+00:00\" \/>\n<meta property=\"og:image\" content=\"https:\/\/www.eldiario.net\/portal\/wp-content\/uploads\/2025\/03\/papa-13.03-1-e1742252487262.png\" \/>\n\t<meta property=\"og:image:width\" content=\"450\" \/>\n\t<meta property=\"og:image:height\" content=\"207\" \/>\n\t<meta property=\"og:image:type\" content=\"image\/png\" \/>\n<meta name=\"author\" content=\"Viviana Monrroy\" \/>\n<meta name=\"twitter:card\" content=\"summary_large_image\" \/>\n<meta name=\"twitter:creator\" content=\"@eldiario_net\" \/>\n<meta name=\"twitter:site\" content=\"@eldiario_net\" \/>\n<meta name=\"twitter:label1\" content=\"Escrito por\" \/>\n\t<meta name=\"twitter:data1\" content=\"Viviana Monrroy\" \/>\n\t<meta name=\"twitter:label2\" content=\"Tiempo de lectura\" \/>\n\t<meta name=\"twitter:data2\" content=\"1 minuto\" \/>\n<script type=\"application\/ld+json\" class=\"yoast-schema-graph\">{\"@context\":\"https:\\\/\\\/schema.org\",\"@graph\":[{\"@type\":\"Article\",\"@id\":\"https:\\\/\\\/www.eldiario.net\\\/portal\\\/2025\\\/03\\\/17\\\/papa-francisco-muestra-mejoria-gradual-en-su-salud-1900\\\/#article\",\"isPartOf\":{\"@id\":\"https:\\\/\\\/www.eldiario.net\\\/portal\\\/2025\\\/03\\\/17\\\/papa-francisco-muestra-mejoria-gradual-en-su-salud-1900\\\/\"},\"author\":{\"name\":\"Viviana Monrroy\",\"@id\":\"https:\\\/\\\/www.eldiario.net\\\/portal\\\/#\\\/schema\\\/person\\\/ba370d92d160f4d3574381f6d9b78fab\"},\"headline\":\"Papa Francisco muestra mejor\u00eda gradual en su salud. (19:00)\",\"datePublished\":\"2025-03-17T23:01:59+00:00\",\"mainEntityOfPage\":{\"@id\":\"https:\\\/\\\/www.eldiario.net\\\/portal\\\/2025\\\/03\\\/17\\\/papa-francisco-muestra-mejoria-gradual-en-su-salud-1900\\\/\"},\"wordCount\":143,\"publisher\":{\"@id\":\"https:\\\/\\\/www.eldiario.net\\\/portal\\\/#organization\"},\"image\":{\"@id\":\"https:\\\/\\\/www.eldiario.net\\\/portal\\\/2025\\\/03\\\/17\\\/papa-francisco-muestra-mejoria-gradual-en-su-salud-1900\\\/#primaryimage\"},\"thumbnailUrl\":\"https:\\\/\\\/www.eldiario.net\\\/portal\\\/wp-content\\\/uploads\\\/2025\\\/03\\\/papa-13.03-1-e1742252487262.png\",\"articleSection\":[\"\u00daltima Hora\"],\"inLanguage\":\"es\"},{\"@type\":\"WebPage\",\"@id\":\"https:\\\/\\\/www.eldiario.net\\\/portal\\\/2025\\\/03\\\/17\\\/papa-francisco-muestra-mejoria-gradual-en-su-salud-1900\\\/\",\"url\":\"https:\\\/\\\/www.eldiario.net\\\/portal\\\/2025\\\/03\\\/17\\\/papa-francisco-muestra-mejoria-gradual-en-su-salud-1900\\\/\",\"name\":\"Papa Francisco muestra mejor\u00eda gradual en su salud. (19:00) - El Diario - Bolivia\",\"isPartOf\":{\"@id\":\"https:\\\/\\\/www.eldiario.net\\\/portal\\\/#website\"},\"primaryImageOfPage\":{\"@id\":\"https:\\\/\\\/www.eldiario.net\\\/portal\\\/2025\\\/03\\\/17\\\/papa-francisco-muestra-mejoria-gradual-en-su-salud-1900\\\/#primaryimage\"},\"image\":{\"@id\":\"https:\\\/\\\/www.eldiario.net\\\/portal\\\/2025\\\/03\\\/17\\\/papa-francisco-muestra-mejoria-gradual-en-su-salud-1900\\\/#primaryimage\"},\"thumbnailUrl\":\"https:\\\/\\\/www.eldiario.net\\\/portal\\\/wp-content\\\/uploads\\\/2025\\\/03\\\/papa-13.03-1-e1742252487262.png\",\"datePublished\":\"2025-03-17T23:01:59+00:00\",\"breadcrumb\":{\"@id\":\"https:\\\/\\\/www.eldiario.net\\\/portal\\\/2025\\\/03\\\/17\\\/papa-francisco-muestra-mejoria-gradual-en-su-salud-1900\\\/#breadcrumb\"},\"inLanguage\":\"es\",\"potentialAction\":[{\"@type\":\"ReadAction\",\"target\":[\"https:\\\/\\\/www.eldiario.net\\\/portal\\\/2025\\\/03\\\/17\\\/papa-francisco-muestra-mejoria-gradual-en-su-salud-1900\\\/\"]}]},{\"@type\":\"ImageObject\",\"inLanguage\":\"es\",\"@id\":\"https:\\\/\\\/www.eldiario.net\\\/portal\\\/2025\\\/03\\\/17\\\/papa-francisco-muestra-mejoria-gradual-en-su-salud-1900\\\/#primaryimage\",\"url\":\"https:\\\/\\\/www.eldiario.net\\\/portal\\\/wp-content\\\/uploads\\\/2025\\\/03\\\/papa-13.03-1-e1742252487262.png\",\"contentUrl\":\"https:\\\/\\\/www.eldiario.net\\\/portal\\\/wp-content\\\/uploads\\\/2025\\\/03\\\/papa-13.03-1-e1742252487262.png\",\"width\":450,\"height\":207,\"caption\":\"Foto: Referencial (RR.SS.)\"},{\"@type\":\"BreadcrumbList\",\"@id\":\"https:\\\/\\\/www.eldiario.net\\\/portal\\\/2025\\\/03\\\/17\\\/papa-francisco-muestra-mejoria-gradual-en-su-salud-1900\\\/#breadcrumb\",\"itemListElement\":[{\"@type\":\"ListItem\",\"position\":1,\"name\":\"Portada\",\"item\":\"https:\\\/\\\/www.eldiario.net\\\/portal\\\/\"},{\"@type\":\"ListItem\",\"position\":2,\"name\":\"Papa Francisco muestra mejor\u00eda gradual en su salud. (19:00)\"}]},{\"@type\":\"WebSite\",\"@id\":\"https:\\\/\\\/www.eldiario.net\\\/portal\\\/#website\",\"url\":\"https:\\\/\\\/www.eldiario.net\\\/portal\\\/\",\"name\":\"El Diario - Decano de la prensa nacional\",\"description\":\"El Diario - Decano de la prensa nacional\",\"publisher\":{\"@id\":\"https:\\\/\\\/www.eldiario.net\\\/portal\\\/#organization\"},\"potentialAction\":[{\"@type\":\"SearchAction\",\"target\":{\"@type\":\"EntryPoint\",\"urlTemplate\":\"https:\\\/\\\/www.eldiario.net\\\/portal\\\/?s={search_term_string}\"},\"query-input\":{\"@type\":\"PropertyValueSpecification\",\"valueRequired\":true,\"valueName\":\"search_term_string\"}}],\"inLanguage\":\"es\"},{\"@type\":\"Organization\",\"@id\":\"https:\\\/\\\/www.eldiario.net\\\/portal\\\/#organization\",\"name\":\"El Diario - Decano de la prensa nacional\",\"url\":\"https:\\\/\\\/www.eldiario.net\\\/portal\\\/\",\"logo\":{\"@type\":\"ImageObject\",\"inLanguage\":\"es\",\"@id\":\"https:\\\/\\\/www.eldiario.net\\\/portal\\\/#\\\/schema\\\/logo\\\/image\\\/\",\"url\":\"https:\\\/\\\/www.eldiario.net\\\/portal\\\/wp-content\\\/uploads\\\/2023\\\/07\\\/logo_ED.jpg\",\"contentUrl\":\"https:\\\/\\\/www.eldiario.net\\\/portal\\\/wp-content\\\/uploads\\\/2023\\\/07\\\/logo_ED.jpg\",\"width\":272,\"height\":52,\"caption\":\"El Diario - Decano de la prensa nacional\"},\"image\":{\"@id\":\"https:\\\/\\\/www.eldiario.net\\\/portal\\\/#\\\/schema\\\/logo\\\/image\\\/\"},\"sameAs\":[\"https:\\\/\\\/www.facebook.com\\\/eldiario.bolivia\\\/\",\"https:\\\/\\\/x.com\\\/eldiario_net\"]},{\"@type\":\"Person\",\"@id\":\"https:\\\/\\\/www.eldiario.net\\\/portal\\\/#\\\/schema\\\/person\\\/ba370d92d160f4d3574381f6d9b78fab\",\"name\":\"Viviana Monrroy\",\"image\":{\"@type\":\"ImageObject\",\"inLanguage\":\"es\",\"@id\":\"https:\\\/\\\/secure.gravatar.com\\\/avatar\\\/dfd1611ed5600959a0e5a9754503b6c05d1dcf190010998e0363aee2ad98afca?s=96&d=mm&r=g\",\"url\":\"https:\\\/\\\/secure.gravatar.com\\\/avatar\\\/dfd1611ed5600959a0e5a9754503b6c05d1dcf190010998e0363aee2ad98afca?s=96&d=mm&r=g\",\"contentUrl\":\"https:\\\/\\\/secure.gravatar.com\\\/avatar\\\/dfd1611ed5600959a0e5a9754503b6c05d1dcf190010998e0363aee2ad98afca?s=96&d=mm&r=g\",\"caption\":\"Viviana Monrroy\"},\"sameAs\":[\"http:\\\/\\\/www.eldiario.net\"],\"url\":\"https:\\\/\\\/www.eldiario.net\\\/portal\\\/author\\\/vivianamonrroy\\\/\"}]}<\/script>\n<!-- \/ Yoast SEO plugin. -->","yoast_head_json":{"title":"Papa Francisco muestra mejor\u00eda gradual en su salud. (19:00) - El Diario - Bolivia","robots":{"index":"index","follow":"follow","max-snippet":"max-snippet:-1","max-image-preview":"max-image-preview:large","max-video-preview":"max-video-preview:-1"},"canonical":"https:\/\/www.eldiario.net\/portal\/2025\/03\/17\/papa-francisco-muestra-mejoria-gradual-en-su-salud-1900\/","og_locale":"es_ES","og_type":"article","og_title":"Papa Francisco muestra mejor\u00eda gradual en su salud. (19:00) - El Diario - Bolivia","og_description":"El papa Francisco, hospitalizado desde el 14 de febrero por problemas respiratorios, puede pasar \u00abbreves momentos\u00bb sin suministro de ox\u00edgeno adicional, seg\u00fan inform\u00f3 la oficina de prensa del Vaticano. Su estado de salud se mantiene estable, pero a\u00fan necesita continuar con su tratamiento en el hospital. El pont\u00edfice de 88 a\u00f1os ha estado recibiendo fisioterapia [&hellip;]","og_url":"https:\/\/www.eldiario.net\/portal\/2025\/03\/17\/papa-francisco-muestra-mejoria-gradual-en-su-salud-1900\/","og_site_name":"El Diario - Bolivia","article_publisher":"https:\/\/www.facebook.com\/eldiario.bolivia\/","article_published_time":"2025-03-17T23:01:59+00:00","og_image":[{"width":450,"height":207,"url":"https:\/\/www.eldiario.net\/portal\/wp-content\/uploads\/2025\/03\/papa-13.03-1-e1742252487262.png","type":"image\/png"}],"author":"Viviana Monrroy","twitter_card":"summary_large_image","twitter_creator":"@eldiario_net","twitter_site":"@eldiario_net","twitter_misc":{"Escrito por":"Viviana Monrroy","Tiempo de lectura":"1 minuto"},"schema":{"@context":"https:\/\/schema.org","@graph":[{"@type":"Article","@id":"https:\/\/www.eldiario.net\/portal\/2025\/03\/17\/papa-francisco-muestra-mejoria-gradual-en-su-salud-1900\/#article","isPartOf":{"@id":"https:\/\/www.eldiario.net\/portal\/2025\/03\/17\/papa-francisco-muestra-mejoria-gradual-en-su-salud-1900\/"},"author":{"name":"Viviana Monrroy","@id":"https:\/\/www.eldiario.net\/portal\/#\/schema\/person\/ba370d92d160f4d3574381f6d9b78fab"},"headline":"Papa Francisco muestra mejor\u00eda gradual en su salud. (19:00)","datePublished":"2025-03-17T23:01:59+00:00","mainEntityOfPage":{"@id":"https:\/\/www.eldiario.net\/portal\/2025\/03\/17\/papa-francisco-muestra-mejoria-gradual-en-su-salud-1900\/"},"wordCount":143,"publisher":{"@id":"https:\/\/www.eldiario.net\/portal\/#organization"},"image":{"@id":"https:\/\/www.eldiario.net\/portal\/2025\/03\/17\/papa-francisco-muestra-mejoria-gradual-en-su-salud-1900\/#primaryimage"},"thumbnailUrl":"https:\/\/www.eldiario.net\/portal\/wp-content\/uploads\/2025\/03\/papa-13.03-1-e1742252487262.png","articleSection":["\u00daltima Hora"],"inLanguage":"es"},{"@type":"WebPage","@id":"https:\/\/www.eldiario.net\/portal\/2025\/03\/17\/papa-francisco-muestra-mejoria-gradual-en-su-salud-1900\/","url":"https:\/\/www.eldiario.net\/portal\/2025\/03\/17\/papa-francisco-muestra-mejoria-gradual-en-su-salud-1900\/","name":"Papa Francisco muestra mejor\u00eda gradual en su salud. (19:00) - El Diario - Bolivia","isPartOf":{"@id":"https:\/\/www.eldiario.net\/portal\/#website"},"primaryImageOfPage":{"@id":"https:\/\/www.eldiario.net\/portal\/2025\/03\/17\/papa-francisco-muestra-mejoria-gradual-en-su-salud-1900\/#primaryimage"},"image":{"@id":"https:\/\/www.eldiario.net\/portal\/2025\/03\/17\/papa-francisco-muestra-mejoria-gradual-en-su-salud-1900\/#primaryimage"},"thumbnailUrl":"https:\/\/www.eldiario.net\/portal\/wp-content\/uploads\/2025\/03\/papa-13.03-1-e1742252487262.png","datePublished":"2025-03-17T23:01:59+00:00","breadcrumb":{"@id":"https:\/\/www.eldiario.net\/portal\/2025\/03\/17\/papa-francisco-muestra-mejoria-gradual-en-su-salud-1900\/#breadcrumb"},"inLanguage":"es","potentialAction":[{"@type":"ReadAction","target":["https:\/\/www.eldiario.net\/portal\/2025\/03\/17\/papa-francisco-muestra-mejoria-gradual-en-su-salud-1900\/"]}]},{"@type":"ImageObject","inLanguage":"es","@id":"https:\/\/www.eldiario.net\/portal\/2025\/03\/17\/papa-francisco-muestra-mejoria-gradual-en-su-salud-1900\/#primaryimage","url":"https:\/\/www.eldiario.net\/portal\/wp-content\/uploads\/2025\/03\/papa-13.03-1-e1742252487262.png","contentUrl":"https:\/\/www.eldiario.net\/portal\/wp-content\/uploads\/2025\/03\/papa-13.03-1-e1742252487262.png","width":450,"height":207,"caption":"Foto: Referencial (RR.SS.)"},{"@type":"BreadcrumbList","@id":"https:\/\/www.eldiario.net\/portal\/2025\/03\/17\/papa-francisco-muestra-mejoria-gradual-en-su-salud-1900\/#breadcrumb","itemListElement":[{"@type":"ListItem","position":1,"name":"Portada","item":"https:\/\/www.eldiario.net\/portal\/"},{"@type":"ListItem","position":2,"name":"Papa Francisco muestra mejor\u00eda gradual en su salud. (19:00)"}]},{"@type":"WebSite","@id":"https:\/\/www.eldiario.net\/portal\/#website","url":"https:\/\/www.eldiario.net\/portal\/","name":"El Diario - Decano de la prensa nacional","description":"El Diario - Decano de la prensa nacional","publisher":{"@id":"https:\/\/www.eldiario.net\/portal\/#organization"},"potentialAction":[{"@type":"SearchAction","target":{"@type":"EntryPoint","urlTemplate":"https:\/\/www.eldiario.net\/portal\/?s={search_term_string}"},"query-input":{"@type":"PropertyValueSpecification","valueRequired":true,"valueName":"search_term_string"}}],"inLanguage":"es"},{"@type":"Organization","@id":"https:\/\/www.eldiario.net\/portal\/#organization","name":"El Diario - Decano de la prensa nacional","url":"https:\/\/www.eldiario.net\/portal\/","logo":{"@type":"ImageObject","inLanguage":"es","@id":"https:\/\/www.eldiario.net\/portal\/#\/schema\/logo\/image\/","url":"https:\/\/www.eldiario.net\/portal\/wp-content\/uploads\/2023\/07\/logo_ED.jpg","contentUrl":"https:\/\/www.eldiario.net\/portal\/wp-content\/uploads\/2023\/07\/logo_ED.jpg","width":272,"height":52,"caption":"El Diario - Decano de la prensa nacional"},"image":{"@id":"https:\/\/www.eldiario.net\/portal\/#\/schema\/logo\/image\/"},"sameAs":["https:\/\/www.facebook.com\/eldiario.bolivia\/","https:\/\/x.com\/eldiario_net"]},{"@type":"Person","@id":"https:\/\/www.eldiario.net\/portal\/#\/schema\/person\/ba370d92d160f4d3574381f6d9b78fab","name":"Viviana Monrroy","image":{"@type":"ImageObject","inLanguage":"es","@id":"https:\/\/secure.gravatar.com\/avatar\/dfd1611ed5600959a0e5a9754503b6c05d1dcf190010998e0363aee2ad98afca?s=96&d=mm&r=g","url":"https:\/\/secure.gravatar.com\/avatar\/dfd1611ed5600959a0e5a9754503b6c05d1dcf190010998e0363aee2ad98afca?s=96&d=mm&r=g","contentUrl":"https:\/\/secure.gravatar.com\/avatar\/dfd1611ed5600959a0e5a9754503b6c05d1dcf190010998e0363aee2ad98afca?s=96&d=mm&r=g","caption":"Viviana Monrroy"},"sameAs":["http:\/\/www.eldiario.net"],"url":"https:\/\/www.eldiario.net\/portal\/author\/vivianamonrroy\/"}]}},"_links":{"self":[{"href":"https:\/\/www.eldiario.net\/portal\/wp-json\/wp\/v2\/posts\/288982","targetHints":{"allow":["GET"]}}],"collection":[{"href":"https:\/\/www.eldiario.net\/portal\/wp-json\/wp\/v2\/posts"}],"about":[{"href":"https:\/\/www.eldiario.net\/portal\/wp-json\/wp\/v2\/types\/post"}],"author":[{"embeddable":true,"href":"https:\/\/www.eldiario.net\/portal\/wp-json\/wp\/v2\/users\/7"}],"replies":[{"embeddable":true,"href":"https:\/\/www.eldiario.net\/portal\/wp-json\/wp\/v2\/comments?post=288982"}],"version-history":[{"count":1,"href":"https:\/\/www.eldiario.net\/portal\/wp-json\/wp\/v2\/posts\/288982\/revisions"}],"predecessor-version":[{"id":288984,"href":"https:\/\/www.eldiario.net\/portal\/wp-json\/wp\/v2\/posts\/288982\/revisions\/288984"}],"wp:featuredmedia":[{"embeddable":true,"href":"https:\/\/www.eldiario.net\/portal\/wp-json\/wp\/v2\/media\/288983"}],"wp:attachment":[{"href":"https:\/\/www.eldiario.net\/portal\/wp-json\/wp\/v2\/media?parent=288982"}],"wp:term":[{"taxonomy":"category","embeddable":true,"href":"https:\/\/www.eldiario.net\/portal\/wp-json\/wp\/v2\/categories?post=288982"},{"taxonomy":"post_tag","embeddable":true,"href":"https:\/\/www.eldiario.net\/portal\/wp-json\/wp\/v2\/tags?post=288982"}],"curies":[{"name":"wp","href":"https:\/\/api.w.org\/{rel}","templated":true}]}}