{"id":288967,"date":"2025-03-17T12:59:58","date_gmt":"2025-03-17T16:59:58","guid":{"rendered":"https:\/\/www.eldiario.net\/portal\/?p=288967"},"modified":"2025-03-17T12:59:58","modified_gmt":"2025-03-17T16:59:58","slug":"santa-cruz-mototaxistas-levantan-bloqueo-tras-acuerdo-con-autoridades-1250","status":"publish","type":"post","link":"https:\/\/www.eldiario.net\/portal\/2025\/03\/17\/santa-cruz-mototaxistas-levantan-bloqueo-tras-acuerdo-con-autoridades-1250\/","title":{"rendered":"Santa Cruz: Mototaxistas levantan bloqueo tras acuerdo con autoridades. (12:50)"},"content":{"rendered":"<p>El bloqueo instalado esta ma\u00f1ana en la carretera antigua Santa Cruz-Cochabamba, a la altura del kil\u00f3metro 20, por mototaxistas de La Guardia, fue levantado luego de un acuerdo con las autoridades. Los transportistas protestaban por la reducci\u00f3n del suministro de combustible a la estaci\u00f3n local, que pas\u00f3 de 20.000 a 10.000 litros cuando les llega el carburante.<\/p>\n<p>El acuerdo incluye un suministro m\u00e1s frecuente de gasolina y la creaci\u00f3n de una bomba especial para mototaxistas, lo que permitir\u00e1 una mejor atenci\u00f3n. La protesta termin\u00f3 tras la firma de este acuerdo, en medio de la cuarta semana de escasez de combustible en el pa\u00eds.<\/p>\n","protected":false},"excerpt":{"rendered":"<p>El bloqueo instalado esta ma\u00f1ana en la carretera antigua Santa Cruz-Cochabamba, a la altura del kil\u00f3metro 20, por mototaxistas de La Guardia, fue levantado luego de un acuerdo con las autoridades. Los transportistas protestaban por la reducci\u00f3n del suministro de combustible a la estaci\u00f3n local, que pas\u00f3 de 20.000 a 10.000 litros cuando les llega [&hellip;]<\/p>\n","protected":false},"author":7,"featured_media":288969,"comment_status":"closed","ping_status":"open","sticky":false,"template":"","format":"standard","meta":{"_acf_changed":false,"footnotes":""},"categories":[51],"tags":[],"class_list":["post-288967","post","type-post","status-publish","format-standard","has-post-thumbnail","category-ultima-hora"],"acf":{"antetitulo":""},"yoast_head":"<!-- This site is optimized with the Yoast SEO plugin v28.4 - https:\/\/yoast.com\/product\/yoast-seo-wordpress\/ -->\n<title>Santa Cruz: Mototaxistas levantan bloqueo tras acuerdo con autoridades. (12:50) - El Diario - Bolivia<\/title>\n<meta name=\"robots\" content=\"index, follow, max-snippet:-1, max-image-preview:large, max-video-preview:-1\" \/>\n<link rel=\"canonical\" href=\"https:\/\/www.eldiario.net\/portal\/2025\/03\/17\/santa-cruz-mototaxistas-levantan-bloqueo-tras-acuerdo-con-autoridades-1250\/\" \/>\n<meta property=\"og:locale\" content=\"es_ES\" \/>\n<meta property=\"og:type\" content=\"article\" \/>\n<meta property=\"og:title\" content=\"Santa Cruz: Mototaxistas levantan bloqueo tras acuerdo con autoridades. (12:50) - El Diario - Bolivia\" \/>\n<meta property=\"og:description\" content=\"El bloqueo instalado esta ma\u00f1ana en la carretera antigua Santa Cruz-Cochabamba, a la altura del kil\u00f3metro 20, por mototaxistas de La Guardia, fue levantado luego de un acuerdo con las autoridades. Los transportistas protestaban por la reducci\u00f3n del suministro de combustible a la estaci\u00f3n local, que pas\u00f3 de 20.000 a 10.000 litros cuando les llega [&hellip;]\" \/>\n<meta property=\"og:url\" content=\"https:\/\/www.eldiario.net\/portal\/2025\/03\/17\/santa-cruz-mototaxistas-levantan-bloqueo-tras-acuerdo-con-autoridades-1250\/\" \/>\n<meta property=\"og:site_name\" content=\"El Diario - Bolivia\" \/>\n<meta property=\"article:publisher\" content=\"https:\/\/www.facebook.com\/eldiario.bolivia\/\" \/>\n<meta property=\"article:published_time\" content=\"2025-03-17T16:59:58+00:00\" \/>\n<meta property=\"og:image\" content=\"https:\/\/www.eldiario.net\/portal\/wp-content\/uploads\/2025\/03\/la-guardia-1-e1742230646475.png\" \/>\n\t<meta property=\"og:image:width\" content=\"400\" \/>\n\t<meta property=\"og:image:height\" content=\"207\" \/>\n\t<meta property=\"og:image:type\" content=\"image\/png\" \/>\n<meta name=\"author\" content=\"Viviana Monrroy\" \/>\n<meta name=\"twitter:card\" content=\"summary_large_image\" \/>\n<meta name=\"twitter:creator\" content=\"@eldiario_net\" \/>\n<meta name=\"twitter:site\" content=\"@eldiario_net\" \/>\n<meta name=\"twitter:label1\" content=\"Escrito por\" \/>\n\t<meta name=\"twitter:data1\" content=\"Viviana Monrroy\" \/>\n\t<meta name=\"twitter:label2\" content=\"Tiempo de lectura\" \/>\n\t<meta name=\"twitter:data2\" content=\"1 minuto\" \/>\n<script type=\"application\/ld+json\" class=\"yoast-schema-graph\">{\"@context\":\"https:\\\/\\\/schema.org\",\"@graph\":[{\"@type\":\"Article\",\"@id\":\"https:\\\/\\\/www.eldiario.net\\\/portal\\\/2025\\\/03\\\/17\\\/santa-cruz-mototaxistas-levantan-bloqueo-tras-acuerdo-con-autoridades-1250\\\/#article\",\"isPartOf\":{\"@id\":\"https:\\\/\\\/www.eldiario.net\\\/portal\\\/2025\\\/03\\\/17\\\/santa-cruz-mototaxistas-levantan-bloqueo-tras-acuerdo-con-autoridades-1250\\\/\"},\"author\":{\"name\":\"Viviana Monrroy\",\"@id\":\"https:\\\/\\\/www.eldiario.net\\\/portal\\\/#\\\/schema\\\/person\\\/ba370d92d160f4d3574381f6d9b78fab\"},\"headline\":\"Santa Cruz: Mototaxistas levantan bloqueo tras acuerdo con autoridades. (12:50)\",\"datePublished\":\"2025-03-17T16:59:58+00:00\",\"mainEntityOfPage\":{\"@id\":\"https:\\\/\\\/www.eldiario.net\\\/portal\\\/2025\\\/03\\\/17\\\/santa-cruz-mototaxistas-levantan-bloqueo-tras-acuerdo-con-autoridades-1250\\\/\"},\"wordCount\":117,\"publisher\":{\"@id\":\"https:\\\/\\\/www.eldiario.net\\\/portal\\\/#organization\"},\"image\":{\"@id\":\"https:\\\/\\\/www.eldiario.net\\\/portal\\\/2025\\\/03\\\/17\\\/santa-cruz-mototaxistas-levantan-bloqueo-tras-acuerdo-con-autoridades-1250\\\/#primaryimage\"},\"thumbnailUrl\":\"https:\\\/\\\/www.eldiario.net\\\/portal\\\/wp-content\\\/uploads\\\/2025\\\/03\\\/la-guardia-1-e1742230646475.png\",\"articleSection\":[\"\u00daltima Hora\"],\"inLanguage\":\"es\"},{\"@type\":\"WebPage\",\"@id\":\"https:\\\/\\\/www.eldiario.net\\\/portal\\\/2025\\\/03\\\/17\\\/santa-cruz-mototaxistas-levantan-bloqueo-tras-acuerdo-con-autoridades-1250\\\/\",\"url\":\"https:\\\/\\\/www.eldiario.net\\\/portal\\\/2025\\\/03\\\/17\\\/santa-cruz-mototaxistas-levantan-bloqueo-tras-acuerdo-con-autoridades-1250\\\/\",\"name\":\"Santa Cruz: Mototaxistas levantan bloqueo tras acuerdo con autoridades. (12:50) - El Diario - Bolivia\",\"isPartOf\":{\"@id\":\"https:\\\/\\\/www.eldiario.net\\\/portal\\\/#website\"},\"primaryImageOfPage\":{\"@id\":\"https:\\\/\\\/www.eldiario.net\\\/portal\\\/2025\\\/03\\\/17\\\/santa-cruz-mototaxistas-levantan-bloqueo-tras-acuerdo-con-autoridades-1250\\\/#primaryimage\"},\"image\":{\"@id\":\"https:\\\/\\\/www.eldiario.net\\\/portal\\\/2025\\\/03\\\/17\\\/santa-cruz-mototaxistas-levantan-bloqueo-tras-acuerdo-con-autoridades-1250\\\/#primaryimage\"},\"thumbnailUrl\":\"https:\\\/\\\/www.eldiario.net\\\/portal\\\/wp-content\\\/uploads\\\/2025\\\/03\\\/la-guardia-1-e1742230646475.png\",\"datePublished\":\"2025-03-17T16:59:58+00:00\",\"breadcrumb\":{\"@id\":\"https:\\\/\\\/www.eldiario.net\\\/portal\\\/2025\\\/03\\\/17\\\/santa-cruz-mototaxistas-levantan-bloqueo-tras-acuerdo-con-autoridades-1250\\\/#breadcrumb\"},\"inLanguage\":\"es\",\"potentialAction\":[{\"@type\":\"ReadAction\",\"target\":[\"https:\\\/\\\/www.eldiario.net\\\/portal\\\/2025\\\/03\\\/17\\\/santa-cruz-mototaxistas-levantan-bloqueo-tras-acuerdo-con-autoridades-1250\\\/\"]}]},{\"@type\":\"ImageObject\",\"inLanguage\":\"es\",\"@id\":\"https:\\\/\\\/www.eldiario.net\\\/portal\\\/2025\\\/03\\\/17\\\/santa-cruz-mototaxistas-levantan-bloqueo-tras-acuerdo-con-autoridades-1250\\\/#primaryimage\",\"url\":\"https:\\\/\\\/www.eldiario.net\\\/portal\\\/wp-content\\\/uploads\\\/2025\\\/03\\\/la-guardia-1-e1742230646475.png\",\"contentUrl\":\"https:\\\/\\\/www.eldiario.net\\\/portal\\\/wp-content\\\/uploads\\\/2025\\\/03\\\/la-guardia-1-e1742230646475.png\",\"width\":400,\"height\":207,\"caption\":\"Foto: RR.SS.\"},{\"@type\":\"BreadcrumbList\",\"@id\":\"https:\\\/\\\/www.eldiario.net\\\/portal\\\/2025\\\/03\\\/17\\\/santa-cruz-mototaxistas-levantan-bloqueo-tras-acuerdo-con-autoridades-1250\\\/#breadcrumb\",\"itemListElement\":[{\"@type\":\"ListItem\",\"position\":1,\"name\":\"Portada\",\"item\":\"https:\\\/\\\/www.eldiario.net\\\/portal\\\/\"},{\"@type\":\"ListItem\",\"position\":2,\"name\":\"Santa Cruz: Mototaxistas levantan bloqueo tras acuerdo con autoridades. (12:50)\"}]},{\"@type\":\"WebSite\",\"@id\":\"https:\\\/\\\/www.eldiario.net\\\/portal\\\/#website\",\"url\":\"https:\\\/\\\/www.eldiario.net\\\/portal\\\/\",\"name\":\"El Diario - Decano de la prensa nacional\",\"description\":\"El Diario - Decano de la prensa nacional\",\"publisher\":{\"@id\":\"https:\\\/\\\/www.eldiario.net\\\/portal\\\/#organization\"},\"potentialAction\":[{\"@type\":\"SearchAction\",\"target\":{\"@type\":\"EntryPoint\",\"urlTemplate\":\"https:\\\/\\\/www.eldiario.net\\\/portal\\\/?s={search_term_string}\"},\"query-input\":{\"@type\":\"PropertyValueSpecification\",\"valueRequired\":true,\"valueName\":\"search_term_string\"}}],\"inLanguage\":\"es\"},{\"@type\":\"Organization\",\"@id\":\"https:\\\/\\\/www.eldiario.net\\\/portal\\\/#organization\",\"name\":\"El Diario - Decano de la prensa nacional\",\"url\":\"https:\\\/\\\/www.eldiario.net\\\/portal\\\/\",\"logo\":{\"@type\":\"ImageObject\",\"inLanguage\":\"es\",\"@id\":\"https:\\\/\\\/www.eldiario.net\\\/portal\\\/#\\\/schema\\\/logo\\\/image\\\/\",\"url\":\"https:\\\/\\\/www.eldiario.net\\\/portal\\\/wp-content\\\/uploads\\\/2023\\\/07\\\/logo_ED.jpg\",\"contentUrl\":\"https:\\\/\\\/www.eldiario.net\\\/portal\\\/wp-content\\\/uploads\\\/2023\\\/07\\\/logo_ED.jpg\",\"width\":272,\"height\":52,\"caption\":\"El Diario - Decano de la prensa nacional\"},\"image\":{\"@id\":\"https:\\\/\\\/www.eldiario.net\\\/portal\\\/#\\\/schema\\\/logo\\\/image\\\/\"},\"sameAs\":[\"https:\\\/\\\/www.facebook.com\\\/eldiario.bolivia\\\/\",\"https:\\\/\\\/x.com\\\/eldiario_net\"]},{\"@type\":\"Person\",\"@id\":\"https:\\\/\\\/www.eldiario.net\\\/portal\\\/#\\\/schema\\\/person\\\/ba370d92d160f4d3574381f6d9b78fab\",\"name\":\"Viviana Monrroy\",\"image\":{\"@type\":\"ImageObject\",\"inLanguage\":\"es\",\"@id\":\"https:\\\/\\\/secure.gravatar.com\\\/avatar\\\/dfd1611ed5600959a0e5a9754503b6c05d1dcf190010998e0363aee2ad98afca?s=96&d=mm&r=g\",\"url\":\"https:\\\/\\\/secure.gravatar.com\\\/avatar\\\/dfd1611ed5600959a0e5a9754503b6c05d1dcf190010998e0363aee2ad98afca?s=96&d=mm&r=g\",\"contentUrl\":\"https:\\\/\\\/secure.gravatar.com\\\/avatar\\\/dfd1611ed5600959a0e5a9754503b6c05d1dcf190010998e0363aee2ad98afca?s=96&d=mm&r=g\",\"caption\":\"Viviana Monrroy\"},\"sameAs\":[\"http:\\\/\\\/www.eldiario.net\"],\"url\":\"https:\\\/\\\/www.eldiario.net\\\/portal\\\/author\\\/vivianamonrroy\\\/\"}]}<\/script>\n<!-- \/ Yoast SEO plugin. -->","yoast_head_json":{"title":"Santa Cruz: Mototaxistas levantan bloqueo tras acuerdo con autoridades. (12:50) - El Diario - Bolivia","robots":{"index":"index","follow":"follow","max-snippet":"max-snippet:-1","max-image-preview":"max-image-preview:large","max-video-preview":"max-video-preview:-1"},"canonical":"https:\/\/www.eldiario.net\/portal\/2025\/03\/17\/santa-cruz-mototaxistas-levantan-bloqueo-tras-acuerdo-con-autoridades-1250\/","og_locale":"es_ES","og_type":"article","og_title":"Santa Cruz: Mototaxistas levantan bloqueo tras acuerdo con autoridades. (12:50) - El Diario - Bolivia","og_description":"El bloqueo instalado esta ma\u00f1ana en la carretera antigua Santa Cruz-Cochabamba, a la altura del kil\u00f3metro 20, por mototaxistas de La Guardia, fue levantado luego de un acuerdo con las autoridades. Los transportistas protestaban por la reducci\u00f3n del suministro de combustible a la estaci\u00f3n local, que pas\u00f3 de 20.000 a 10.000 litros cuando les llega [&hellip;]","og_url":"https:\/\/www.eldiario.net\/portal\/2025\/03\/17\/santa-cruz-mototaxistas-levantan-bloqueo-tras-acuerdo-con-autoridades-1250\/","og_site_name":"El Diario - Bolivia","article_publisher":"https:\/\/www.facebook.com\/eldiario.bolivia\/","article_published_time":"2025-03-17T16:59:58+00:00","og_image":[{"width":400,"height":207,"url":"https:\/\/www.eldiario.net\/portal\/wp-content\/uploads\/2025\/03\/la-guardia-1-e1742230646475.png","type":"image\/png"}],"author":"Viviana Monrroy","twitter_card":"summary_large_image","twitter_creator":"@eldiario_net","twitter_site":"@eldiario_net","twitter_misc":{"Escrito por":"Viviana Monrroy","Tiempo de lectura":"1 minuto"},"schema":{"@context":"https:\/\/schema.org","@graph":[{"@type":"Article","@id":"https:\/\/www.eldiario.net\/portal\/2025\/03\/17\/santa-cruz-mototaxistas-levantan-bloqueo-tras-acuerdo-con-autoridades-1250\/#article","isPartOf":{"@id":"https:\/\/www.eldiario.net\/portal\/2025\/03\/17\/santa-cruz-mototaxistas-levantan-bloqueo-tras-acuerdo-con-autoridades-1250\/"},"author":{"name":"Viviana Monrroy","@id":"https:\/\/www.eldiario.net\/portal\/#\/schema\/person\/ba370d92d160f4d3574381f6d9b78fab"},"headline":"Santa Cruz: Mototaxistas levantan bloqueo tras acuerdo con autoridades. (12:50)","datePublished":"2025-03-17T16:59:58+00:00","mainEntityOfPage":{"@id":"https:\/\/www.eldiario.net\/portal\/2025\/03\/17\/santa-cruz-mototaxistas-levantan-bloqueo-tras-acuerdo-con-autoridades-1250\/"},"wordCount":117,"publisher":{"@id":"https:\/\/www.eldiario.net\/portal\/#organization"},"image":{"@id":"https:\/\/www.eldiario.net\/portal\/2025\/03\/17\/santa-cruz-mototaxistas-levantan-bloqueo-tras-acuerdo-con-autoridades-1250\/#primaryimage"},"thumbnailUrl":"https:\/\/www.eldiario.net\/portal\/wp-content\/uploads\/2025\/03\/la-guardia-1-e1742230646475.png","articleSection":["\u00daltima Hora"],"inLanguage":"es"},{"@type":"WebPage","@id":"https:\/\/www.eldiario.net\/portal\/2025\/03\/17\/santa-cruz-mototaxistas-levantan-bloqueo-tras-acuerdo-con-autoridades-1250\/","url":"https:\/\/www.eldiario.net\/portal\/2025\/03\/17\/santa-cruz-mototaxistas-levantan-bloqueo-tras-acuerdo-con-autoridades-1250\/","name":"Santa Cruz: Mototaxistas levantan bloqueo tras acuerdo con autoridades. (12:50) - El Diario - Bolivia","isPartOf":{"@id":"https:\/\/www.eldiario.net\/portal\/#website"},"primaryImageOfPage":{"@id":"https:\/\/www.eldiario.net\/portal\/2025\/03\/17\/santa-cruz-mototaxistas-levantan-bloqueo-tras-acuerdo-con-autoridades-1250\/#primaryimage"},"image":{"@id":"https:\/\/www.eldiario.net\/portal\/2025\/03\/17\/santa-cruz-mototaxistas-levantan-bloqueo-tras-acuerdo-con-autoridades-1250\/#primaryimage"},"thumbnailUrl":"https:\/\/www.eldiario.net\/portal\/wp-content\/uploads\/2025\/03\/la-guardia-1-e1742230646475.png","datePublished":"2025-03-17T16:59:58+00:00","breadcrumb":{"@id":"https:\/\/www.eldiario.net\/portal\/2025\/03\/17\/santa-cruz-mototaxistas-levantan-bloqueo-tras-acuerdo-con-autoridades-1250\/#breadcrumb"},"inLanguage":"es","potentialAction":[{"@type":"ReadAction","target":["https:\/\/www.eldiario.net\/portal\/2025\/03\/17\/santa-cruz-mototaxistas-levantan-bloqueo-tras-acuerdo-con-autoridades-1250\/"]}]},{"@type":"ImageObject","inLanguage":"es","@id":"https:\/\/www.eldiario.net\/portal\/2025\/03\/17\/santa-cruz-mototaxistas-levantan-bloqueo-tras-acuerdo-con-autoridades-1250\/#primaryimage","url":"https:\/\/www.eldiario.net\/portal\/wp-content\/uploads\/2025\/03\/la-guardia-1-e1742230646475.png","contentUrl":"https:\/\/www.eldiario.net\/portal\/wp-content\/uploads\/2025\/03\/la-guardia-1-e1742230646475.png","width":400,"height":207,"caption":"Foto: RR.SS."},{"@type":"BreadcrumbList","@id":"https:\/\/www.eldiario.net\/portal\/2025\/03\/17\/santa-cruz-mototaxistas-levantan-bloqueo-tras-acuerdo-con-autoridades-1250\/#breadcrumb","itemListElement":[{"@type":"ListItem","position":1,"name":"Portada","item":"https:\/\/www.eldiario.net\/portal\/"},{"@type":"ListItem","position":2,"name":"Santa Cruz: Mototaxistas levantan bloqueo tras acuerdo con autoridades. (12:50)"}]},{"@type":"WebSite","@id":"https:\/\/www.eldiario.net\/portal\/#website","url":"https:\/\/www.eldiario.net\/portal\/","name":"El Diario - Decano de la prensa nacional","description":"El Diario - Decano de la prensa nacional","publisher":{"@id":"https:\/\/www.eldiario.net\/portal\/#organization"},"potentialAction":[{"@type":"SearchAction","target":{"@type":"EntryPoint","urlTemplate":"https:\/\/www.eldiario.net\/portal\/?s={search_term_string}"},"query-input":{"@type":"PropertyValueSpecification","valueRequired":true,"valueName":"search_term_string"}}],"inLanguage":"es"},{"@type":"Organization","@id":"https:\/\/www.eldiario.net\/portal\/#organization","name":"El Diario - Decano de la prensa nacional","url":"https:\/\/www.eldiario.net\/portal\/","logo":{"@type":"ImageObject","inLanguage":"es","@id":"https:\/\/www.eldiario.net\/portal\/#\/schema\/logo\/image\/","url":"https:\/\/www.eldiario.net\/portal\/wp-content\/uploads\/2023\/07\/logo_ED.jpg","contentUrl":"https:\/\/www.eldiario.net\/portal\/wp-content\/uploads\/2023\/07\/logo_ED.jpg","width":272,"height":52,"caption":"El Diario - Decano de la prensa nacional"},"image":{"@id":"https:\/\/www.eldiario.net\/portal\/#\/schema\/logo\/image\/"},"sameAs":["https:\/\/www.facebook.com\/eldiario.bolivia\/","https:\/\/x.com\/eldiario_net"]},{"@type":"Person","@id":"https:\/\/www.eldiario.net\/portal\/#\/schema\/person\/ba370d92d160f4d3574381f6d9b78fab","name":"Viviana Monrroy","image":{"@type":"ImageObject","inLanguage":"es","@id":"https:\/\/secure.gravatar.com\/avatar\/dfd1611ed5600959a0e5a9754503b6c05d1dcf190010998e0363aee2ad98afca?s=96&d=mm&r=g","url":"https:\/\/secure.gravatar.com\/avatar\/dfd1611ed5600959a0e5a9754503b6c05d1dcf190010998e0363aee2ad98afca?s=96&d=mm&r=g","contentUrl":"https:\/\/secure.gravatar.com\/avatar\/dfd1611ed5600959a0e5a9754503b6c05d1dcf190010998e0363aee2ad98afca?s=96&d=mm&r=g","caption":"Viviana Monrroy"},"sameAs":["http:\/\/www.eldiario.net"],"url":"https:\/\/www.eldiario.net\/portal\/author\/vivianamonrroy\/"}]}},"_links":{"self":[{"href":"https:\/\/www.eldiario.net\/portal\/wp-json\/wp\/v2\/posts\/288967","targetHints":{"allow":["GET"]}}],"collection":[{"href":"https:\/\/www.eldiario.net\/portal\/wp-json\/wp\/v2\/posts"}],"about":[{"href":"https:\/\/www.eldiario.net\/portal\/wp-json\/wp\/v2\/types\/post"}],"author":[{"embeddable":true,"href":"https:\/\/www.eldiario.net\/portal\/wp-json\/wp\/v2\/users\/7"}],"replies":[{"embeddable":true,"href":"https:\/\/www.eldiario.net\/portal\/wp-json\/wp\/v2\/comments?post=288967"}],"version-history":[{"count":1,"href":"https:\/\/www.eldiario.net\/portal\/wp-json\/wp\/v2\/posts\/288967\/revisions"}],"predecessor-version":[{"id":288970,"href":"https:\/\/www.eldiario.net\/portal\/wp-json\/wp\/v2\/posts\/288967\/revisions\/288970"}],"wp:featuredmedia":[{"embeddable":true,"href":"https:\/\/www.eldiario.net\/portal\/wp-json\/wp\/v2\/media\/288969"}],"wp:attachment":[{"href":"https:\/\/www.eldiario.net\/portal\/wp-json\/wp\/v2\/media?parent=288967"}],"wp:term":[{"taxonomy":"category","embeddable":true,"href":"https:\/\/www.eldiario.net\/portal\/wp-json\/wp\/v2\/categories?post=288967"},{"taxonomy":"post_tag","embeddable":true,"href":"https:\/\/www.eldiario.net\/portal\/wp-json\/wp\/v2\/tags?post=288967"}],"curies":[{"name":"wp","href":"https:\/\/api.w.org\/{rel}","templated":true}]}}