{"id":288962,"date":"2025-03-17T12:03:51","date_gmt":"2025-03-17T16:03:51","guid":{"rendered":"https:\/\/www.eldiario.net\/portal\/?p=288962"},"modified":"2025-03-17T12:03:51","modified_gmt":"2025-03-17T16:03:51","slug":"prestatarios-protestan-en-puertas-de-sucursal-del-banco-mercantil-de-santa-cruz-1200","status":"publish","type":"post","link":"https:\/\/www.eldiario.net\/portal\/2025\/03\/17\/prestatarios-protestan-en-puertas-de-sucursal-del-banco-mercantil-de-santa-cruz-1200\/","title":{"rendered":"Prestatarios protestan en puertas de sucursal del banco Mercantil de Santa Cruz. (12:00)"},"content":{"rendered":"<p>Un grupo de prestatarias lleva a cabo un plant\u00f3n frente a la sucursal del Banco Mercantil de Santa Cruz, ubicada en la avenida Camacho de la ciudad de La Paz, bloqueando el acceso a aquellos clientes que desean realizar transacciones bancarias. Con carteles en mano, exigen un alivio financiero y la condonaci\u00f3n de los intereses acumulados.<\/p>\n<p>Los manifestantes, que en su mayor\u00eda son mujeres, piden una auditor\u00eda a todos los bancos y aseguran que, aunque desean saldar sus deudas, han sido objeto de malos tratos por parte de las entidades financieras. Relatan que las constantes llamadas de acoso por parte de los bancos han incrementado la presi\u00f3n sobre ellas, mientras que las reprogramaciones de deuda no solo no han solucionado el problema, sino que lo han empeorado, aumentando el compromiso de pago a un nivel superior a sus ingresos, lo que les hace imposible cubrir los montos adeudados.<\/p>\n<p>Las afectadas han declarado que mantendr\u00e1n el plant\u00f3n hasta que los gerentes del banco se re\u00fanan con ellas para atender sus solicitudes. Se\u00f1alan que ya han agotado todas las instancias posibles para resolver la situaci\u00f3n sin obtener respuesta.<\/p>\n<p>&nbsp;<\/p>\n","protected":false},"excerpt":{"rendered":"<p>Un grupo de prestatarias lleva a cabo un plant\u00f3n frente a la sucursal del Banco Mercantil de Santa Cruz, ubicada en la avenida Camacho de la ciudad de La Paz, bloqueando el acceso a aquellos clientes que desean realizar transacciones bancarias. Con carteles en mano, exigen un alivio financiero y la condonaci\u00f3n de los intereses [&hellip;]<\/p>\n","protected":false},"author":7,"featured_media":288964,"comment_status":"closed","ping_status":"open","sticky":false,"template":"","format":"standard","meta":{"_acf_changed":false,"footnotes":""},"categories":[51],"tags":[],"class_list":["post-288962","post","type-post","status-publish","format-standard","has-post-thumbnail","category-ultima-hora"],"acf":{"antetitulo":""},"yoast_head":"<!-- This site is optimized with the Yoast SEO plugin v28.4 - https:\/\/yoast.com\/product\/yoast-seo-wordpress\/ -->\n<title>Prestatarios protestan en puertas de sucursal del banco Mercantil de Santa Cruz. (12:00) - El Diario - Bolivia<\/title>\n<meta name=\"robots\" content=\"index, follow, max-snippet:-1, max-image-preview:large, max-video-preview:-1\" \/>\n<link rel=\"canonical\" href=\"https:\/\/www.eldiario.net\/portal\/2025\/03\/17\/prestatarios-protestan-en-puertas-de-sucursal-del-banco-mercantil-de-santa-cruz-1200\/\" \/>\n<meta property=\"og:locale\" content=\"es_ES\" \/>\n<meta property=\"og:type\" content=\"article\" \/>\n<meta property=\"og:title\" content=\"Prestatarios protestan en puertas de sucursal del banco Mercantil de Santa Cruz. (12:00) - El Diario - Bolivia\" \/>\n<meta property=\"og:description\" content=\"Un grupo de prestatarias lleva a cabo un plant\u00f3n frente a la sucursal del Banco Mercantil de Santa Cruz, ubicada en la avenida Camacho de la ciudad de La Paz, bloqueando el acceso a aquellos clientes que desean realizar transacciones bancarias. Con carteles en mano, exigen un alivio financiero y la condonaci\u00f3n de los intereses [&hellip;]\" \/>\n<meta property=\"og:url\" content=\"https:\/\/www.eldiario.net\/portal\/2025\/03\/17\/prestatarios-protestan-en-puertas-de-sucursal-del-banco-mercantil-de-santa-cruz-1200\/\" \/>\n<meta property=\"og:site_name\" content=\"El Diario - Bolivia\" \/>\n<meta property=\"article:publisher\" content=\"https:\/\/www.facebook.com\/eldiario.bolivia\/\" \/>\n<meta property=\"article:published_time\" content=\"2025-03-17T16:03:51+00:00\" \/>\n<meta property=\"og:image\" content=\"https:\/\/www.eldiario.net\/portal\/wp-content\/uploads\/2025\/03\/mercantil-1-scaled-e1742227301372.jpg\" \/>\n\t<meta property=\"og:image:width\" content=\"500\" \/>\n\t<meta property=\"og:image:height\" content=\"225\" \/>\n\t<meta property=\"og:image:type\" content=\"image\/jpeg\" \/>\n<meta name=\"author\" content=\"Viviana Monrroy\" \/>\n<meta name=\"twitter:card\" content=\"summary_large_image\" \/>\n<meta name=\"twitter:creator\" content=\"@eldiario_net\" \/>\n<meta name=\"twitter:site\" content=\"@eldiario_net\" \/>\n<meta name=\"twitter:label1\" content=\"Escrito por\" \/>\n\t<meta name=\"twitter:data1\" content=\"Viviana Monrroy\" \/>\n\t<meta name=\"twitter:label2\" content=\"Tiempo de lectura\" \/>\n\t<meta name=\"twitter:data2\" content=\"2 minutos\" \/>\n<script type=\"application\/ld+json\" class=\"yoast-schema-graph\">{\"@context\":\"https:\\\/\\\/schema.org\",\"@graph\":[{\"@type\":\"Article\",\"@id\":\"https:\\\/\\\/www.eldiario.net\\\/portal\\\/2025\\\/03\\\/17\\\/prestatarios-protestan-en-puertas-de-sucursal-del-banco-mercantil-de-santa-cruz-1200\\\/#article\",\"isPartOf\":{\"@id\":\"https:\\\/\\\/www.eldiario.net\\\/portal\\\/2025\\\/03\\\/17\\\/prestatarios-protestan-en-puertas-de-sucursal-del-banco-mercantil-de-santa-cruz-1200\\\/\"},\"author\":{\"name\":\"Viviana Monrroy\",\"@id\":\"https:\\\/\\\/www.eldiario.net\\\/portal\\\/#\\\/schema\\\/person\\\/ba370d92d160f4d3574381f6d9b78fab\"},\"headline\":\"Prestatarios protestan en puertas de sucursal del banco Mercantil de Santa Cruz. (12:00)\",\"datePublished\":\"2025-03-17T16:03:51+00:00\",\"mainEntityOfPage\":{\"@id\":\"https:\\\/\\\/www.eldiario.net\\\/portal\\\/2025\\\/03\\\/17\\\/prestatarios-protestan-en-puertas-de-sucursal-del-banco-mercantil-de-santa-cruz-1200\\\/\"},\"wordCount\":209,\"publisher\":{\"@id\":\"https:\\\/\\\/www.eldiario.net\\\/portal\\\/#organization\"},\"image\":{\"@id\":\"https:\\\/\\\/www.eldiario.net\\\/portal\\\/2025\\\/03\\\/17\\\/prestatarios-protestan-en-puertas-de-sucursal-del-banco-mercantil-de-santa-cruz-1200\\\/#primaryimage\"},\"thumbnailUrl\":\"https:\\\/\\\/www.eldiario.net\\\/portal\\\/wp-content\\\/uploads\\\/2025\\\/03\\\/mercantil-1-scaled-e1742227301372.jpg\",\"articleSection\":[\"\u00daltima Hora\"],\"inLanguage\":\"es\"},{\"@type\":\"WebPage\",\"@id\":\"https:\\\/\\\/www.eldiario.net\\\/portal\\\/2025\\\/03\\\/17\\\/prestatarios-protestan-en-puertas-de-sucursal-del-banco-mercantil-de-santa-cruz-1200\\\/\",\"url\":\"https:\\\/\\\/www.eldiario.net\\\/portal\\\/2025\\\/03\\\/17\\\/prestatarios-protestan-en-puertas-de-sucursal-del-banco-mercantil-de-santa-cruz-1200\\\/\",\"name\":\"Prestatarios protestan en puertas de sucursal del banco Mercantil de Santa Cruz. (12:00) - El Diario - Bolivia\",\"isPartOf\":{\"@id\":\"https:\\\/\\\/www.eldiario.net\\\/portal\\\/#website\"},\"primaryImageOfPage\":{\"@id\":\"https:\\\/\\\/www.eldiario.net\\\/portal\\\/2025\\\/03\\\/17\\\/prestatarios-protestan-en-puertas-de-sucursal-del-banco-mercantil-de-santa-cruz-1200\\\/#primaryimage\"},\"image\":{\"@id\":\"https:\\\/\\\/www.eldiario.net\\\/portal\\\/2025\\\/03\\\/17\\\/prestatarios-protestan-en-puertas-de-sucursal-del-banco-mercantil-de-santa-cruz-1200\\\/#primaryimage\"},\"thumbnailUrl\":\"https:\\\/\\\/www.eldiario.net\\\/portal\\\/wp-content\\\/uploads\\\/2025\\\/03\\\/mercantil-1-scaled-e1742227301372.jpg\",\"datePublished\":\"2025-03-17T16:03:51+00:00\",\"breadcrumb\":{\"@id\":\"https:\\\/\\\/www.eldiario.net\\\/portal\\\/2025\\\/03\\\/17\\\/prestatarios-protestan-en-puertas-de-sucursal-del-banco-mercantil-de-santa-cruz-1200\\\/#breadcrumb\"},\"inLanguage\":\"es\",\"potentialAction\":[{\"@type\":\"ReadAction\",\"target\":[\"https:\\\/\\\/www.eldiario.net\\\/portal\\\/2025\\\/03\\\/17\\\/prestatarios-protestan-en-puertas-de-sucursal-del-banco-mercantil-de-santa-cruz-1200\\\/\"]}]},{\"@type\":\"ImageObject\",\"inLanguage\":\"es\",\"@id\":\"https:\\\/\\\/www.eldiario.net\\\/portal\\\/2025\\\/03\\\/17\\\/prestatarios-protestan-en-puertas-de-sucursal-del-banco-mercantil-de-santa-cruz-1200\\\/#primaryimage\",\"url\":\"https:\\\/\\\/www.eldiario.net\\\/portal\\\/wp-content\\\/uploads\\\/2025\\\/03\\\/mercantil-1-scaled-e1742227301372.jpg\",\"contentUrl\":\"https:\\\/\\\/www.eldiario.net\\\/portal\\\/wp-content\\\/uploads\\\/2025\\\/03\\\/mercantil-1-scaled-e1742227301372.jpg\",\"width\":500,\"height\":225,\"caption\":\"Foto: El Diario\"},{\"@type\":\"BreadcrumbList\",\"@id\":\"https:\\\/\\\/www.eldiario.net\\\/portal\\\/2025\\\/03\\\/17\\\/prestatarios-protestan-en-puertas-de-sucursal-del-banco-mercantil-de-santa-cruz-1200\\\/#breadcrumb\",\"itemListElement\":[{\"@type\":\"ListItem\",\"position\":1,\"name\":\"Portada\",\"item\":\"https:\\\/\\\/www.eldiario.net\\\/portal\\\/\"},{\"@type\":\"ListItem\",\"position\":2,\"name\":\"Prestatarios protestan en puertas de sucursal del banco Mercantil de Santa Cruz. (12:00)\"}]},{\"@type\":\"WebSite\",\"@id\":\"https:\\\/\\\/www.eldiario.net\\\/portal\\\/#website\",\"url\":\"https:\\\/\\\/www.eldiario.net\\\/portal\\\/\",\"name\":\"El Diario - Decano de la prensa nacional\",\"description\":\"El Diario - Decano de la prensa nacional\",\"publisher\":{\"@id\":\"https:\\\/\\\/www.eldiario.net\\\/portal\\\/#organization\"},\"potentialAction\":[{\"@type\":\"SearchAction\",\"target\":{\"@type\":\"EntryPoint\",\"urlTemplate\":\"https:\\\/\\\/www.eldiario.net\\\/portal\\\/?s={search_term_string}\"},\"query-input\":{\"@type\":\"PropertyValueSpecification\",\"valueRequired\":true,\"valueName\":\"search_term_string\"}}],\"inLanguage\":\"es\"},{\"@type\":\"Organization\",\"@id\":\"https:\\\/\\\/www.eldiario.net\\\/portal\\\/#organization\",\"name\":\"El Diario - Decano de la prensa nacional\",\"url\":\"https:\\\/\\\/www.eldiario.net\\\/portal\\\/\",\"logo\":{\"@type\":\"ImageObject\",\"inLanguage\":\"es\",\"@id\":\"https:\\\/\\\/www.eldiario.net\\\/portal\\\/#\\\/schema\\\/logo\\\/image\\\/\",\"url\":\"https:\\\/\\\/www.eldiario.net\\\/portal\\\/wp-content\\\/uploads\\\/2023\\\/07\\\/logo_ED.jpg\",\"contentUrl\":\"https:\\\/\\\/www.eldiario.net\\\/portal\\\/wp-content\\\/uploads\\\/2023\\\/07\\\/logo_ED.jpg\",\"width\":272,\"height\":52,\"caption\":\"El Diario - Decano de la prensa nacional\"},\"image\":{\"@id\":\"https:\\\/\\\/www.eldiario.net\\\/portal\\\/#\\\/schema\\\/logo\\\/image\\\/\"},\"sameAs\":[\"https:\\\/\\\/www.facebook.com\\\/eldiario.bolivia\\\/\",\"https:\\\/\\\/x.com\\\/eldiario_net\"]},{\"@type\":\"Person\",\"@id\":\"https:\\\/\\\/www.eldiario.net\\\/portal\\\/#\\\/schema\\\/person\\\/ba370d92d160f4d3574381f6d9b78fab\",\"name\":\"Viviana Monrroy\",\"image\":{\"@type\":\"ImageObject\",\"inLanguage\":\"es\",\"@id\":\"https:\\\/\\\/secure.gravatar.com\\\/avatar\\\/dfd1611ed5600959a0e5a9754503b6c05d1dcf190010998e0363aee2ad98afca?s=96&d=mm&r=g\",\"url\":\"https:\\\/\\\/secure.gravatar.com\\\/avatar\\\/dfd1611ed5600959a0e5a9754503b6c05d1dcf190010998e0363aee2ad98afca?s=96&d=mm&r=g\",\"contentUrl\":\"https:\\\/\\\/secure.gravatar.com\\\/avatar\\\/dfd1611ed5600959a0e5a9754503b6c05d1dcf190010998e0363aee2ad98afca?s=96&d=mm&r=g\",\"caption\":\"Viviana Monrroy\"},\"sameAs\":[\"http:\\\/\\\/www.eldiario.net\"],\"url\":\"https:\\\/\\\/www.eldiario.net\\\/portal\\\/author\\\/vivianamonrroy\\\/\"}]}<\/script>\n<!-- \/ Yoast SEO plugin. -->","yoast_head_json":{"title":"Prestatarios protestan en puertas de sucursal del banco Mercantil de Santa Cruz. (12:00) - El Diario - Bolivia","robots":{"index":"index","follow":"follow","max-snippet":"max-snippet:-1","max-image-preview":"max-image-preview:large","max-video-preview":"max-video-preview:-1"},"canonical":"https:\/\/www.eldiario.net\/portal\/2025\/03\/17\/prestatarios-protestan-en-puertas-de-sucursal-del-banco-mercantil-de-santa-cruz-1200\/","og_locale":"es_ES","og_type":"article","og_title":"Prestatarios protestan en puertas de sucursal del banco Mercantil de Santa Cruz. (12:00) - El Diario - Bolivia","og_description":"Un grupo de prestatarias lleva a cabo un plant\u00f3n frente a la sucursal del Banco Mercantil de Santa Cruz, ubicada en la avenida Camacho de la ciudad de La Paz, bloqueando el acceso a aquellos clientes que desean realizar transacciones bancarias. Con carteles en mano, exigen un alivio financiero y la condonaci\u00f3n de los intereses [&hellip;]","og_url":"https:\/\/www.eldiario.net\/portal\/2025\/03\/17\/prestatarios-protestan-en-puertas-de-sucursal-del-banco-mercantil-de-santa-cruz-1200\/","og_site_name":"El Diario - Bolivia","article_publisher":"https:\/\/www.facebook.com\/eldiario.bolivia\/","article_published_time":"2025-03-17T16:03:51+00:00","og_image":[{"width":500,"height":225,"url":"https:\/\/www.eldiario.net\/portal\/wp-content\/uploads\/2025\/03\/mercantil-1-scaled-e1742227301372.jpg","type":"image\/jpeg"}],"author":"Viviana Monrroy","twitter_card":"summary_large_image","twitter_creator":"@eldiario_net","twitter_site":"@eldiario_net","twitter_misc":{"Escrito por":"Viviana Monrroy","Tiempo de lectura":"2 minutos"},"schema":{"@context":"https:\/\/schema.org","@graph":[{"@type":"Article","@id":"https:\/\/www.eldiario.net\/portal\/2025\/03\/17\/prestatarios-protestan-en-puertas-de-sucursal-del-banco-mercantil-de-santa-cruz-1200\/#article","isPartOf":{"@id":"https:\/\/www.eldiario.net\/portal\/2025\/03\/17\/prestatarios-protestan-en-puertas-de-sucursal-del-banco-mercantil-de-santa-cruz-1200\/"},"author":{"name":"Viviana Monrroy","@id":"https:\/\/www.eldiario.net\/portal\/#\/schema\/person\/ba370d92d160f4d3574381f6d9b78fab"},"headline":"Prestatarios protestan en puertas de sucursal del banco Mercantil de Santa Cruz. (12:00)","datePublished":"2025-03-17T16:03:51+00:00","mainEntityOfPage":{"@id":"https:\/\/www.eldiario.net\/portal\/2025\/03\/17\/prestatarios-protestan-en-puertas-de-sucursal-del-banco-mercantil-de-santa-cruz-1200\/"},"wordCount":209,"publisher":{"@id":"https:\/\/www.eldiario.net\/portal\/#organization"},"image":{"@id":"https:\/\/www.eldiario.net\/portal\/2025\/03\/17\/prestatarios-protestan-en-puertas-de-sucursal-del-banco-mercantil-de-santa-cruz-1200\/#primaryimage"},"thumbnailUrl":"https:\/\/www.eldiario.net\/portal\/wp-content\/uploads\/2025\/03\/mercantil-1-scaled-e1742227301372.jpg","articleSection":["\u00daltima Hora"],"inLanguage":"es"},{"@type":"WebPage","@id":"https:\/\/www.eldiario.net\/portal\/2025\/03\/17\/prestatarios-protestan-en-puertas-de-sucursal-del-banco-mercantil-de-santa-cruz-1200\/","url":"https:\/\/www.eldiario.net\/portal\/2025\/03\/17\/prestatarios-protestan-en-puertas-de-sucursal-del-banco-mercantil-de-santa-cruz-1200\/","name":"Prestatarios protestan en puertas de sucursal del banco Mercantil de Santa Cruz. (12:00) - El Diario - Bolivia","isPartOf":{"@id":"https:\/\/www.eldiario.net\/portal\/#website"},"primaryImageOfPage":{"@id":"https:\/\/www.eldiario.net\/portal\/2025\/03\/17\/prestatarios-protestan-en-puertas-de-sucursal-del-banco-mercantil-de-santa-cruz-1200\/#primaryimage"},"image":{"@id":"https:\/\/www.eldiario.net\/portal\/2025\/03\/17\/prestatarios-protestan-en-puertas-de-sucursal-del-banco-mercantil-de-santa-cruz-1200\/#primaryimage"},"thumbnailUrl":"https:\/\/www.eldiario.net\/portal\/wp-content\/uploads\/2025\/03\/mercantil-1-scaled-e1742227301372.jpg","datePublished":"2025-03-17T16:03:51+00:00","breadcrumb":{"@id":"https:\/\/www.eldiario.net\/portal\/2025\/03\/17\/prestatarios-protestan-en-puertas-de-sucursal-del-banco-mercantil-de-santa-cruz-1200\/#breadcrumb"},"inLanguage":"es","potentialAction":[{"@type":"ReadAction","target":["https:\/\/www.eldiario.net\/portal\/2025\/03\/17\/prestatarios-protestan-en-puertas-de-sucursal-del-banco-mercantil-de-santa-cruz-1200\/"]}]},{"@type":"ImageObject","inLanguage":"es","@id":"https:\/\/www.eldiario.net\/portal\/2025\/03\/17\/prestatarios-protestan-en-puertas-de-sucursal-del-banco-mercantil-de-santa-cruz-1200\/#primaryimage","url":"https:\/\/www.eldiario.net\/portal\/wp-content\/uploads\/2025\/03\/mercantil-1-scaled-e1742227301372.jpg","contentUrl":"https:\/\/www.eldiario.net\/portal\/wp-content\/uploads\/2025\/03\/mercantil-1-scaled-e1742227301372.jpg","width":500,"height":225,"caption":"Foto: El Diario"},{"@type":"BreadcrumbList","@id":"https:\/\/www.eldiario.net\/portal\/2025\/03\/17\/prestatarios-protestan-en-puertas-de-sucursal-del-banco-mercantil-de-santa-cruz-1200\/#breadcrumb","itemListElement":[{"@type":"ListItem","position":1,"name":"Portada","item":"https:\/\/www.eldiario.net\/portal\/"},{"@type":"ListItem","position":2,"name":"Prestatarios protestan en puertas de sucursal del banco Mercantil de Santa Cruz. (12:00)"}]},{"@type":"WebSite","@id":"https:\/\/www.eldiario.net\/portal\/#website","url":"https:\/\/www.eldiario.net\/portal\/","name":"El Diario - Decano de la prensa nacional","description":"El Diario - Decano de la prensa nacional","publisher":{"@id":"https:\/\/www.eldiario.net\/portal\/#organization"},"potentialAction":[{"@type":"SearchAction","target":{"@type":"EntryPoint","urlTemplate":"https:\/\/www.eldiario.net\/portal\/?s={search_term_string}"},"query-input":{"@type":"PropertyValueSpecification","valueRequired":true,"valueName":"search_term_string"}}],"inLanguage":"es"},{"@type":"Organization","@id":"https:\/\/www.eldiario.net\/portal\/#organization","name":"El Diario - Decano de la prensa nacional","url":"https:\/\/www.eldiario.net\/portal\/","logo":{"@type":"ImageObject","inLanguage":"es","@id":"https:\/\/www.eldiario.net\/portal\/#\/schema\/logo\/image\/","url":"https:\/\/www.eldiario.net\/portal\/wp-content\/uploads\/2023\/07\/logo_ED.jpg","contentUrl":"https:\/\/www.eldiario.net\/portal\/wp-content\/uploads\/2023\/07\/logo_ED.jpg","width":272,"height":52,"caption":"El Diario - Decano de la prensa nacional"},"image":{"@id":"https:\/\/www.eldiario.net\/portal\/#\/schema\/logo\/image\/"},"sameAs":["https:\/\/www.facebook.com\/eldiario.bolivia\/","https:\/\/x.com\/eldiario_net"]},{"@type":"Person","@id":"https:\/\/www.eldiario.net\/portal\/#\/schema\/person\/ba370d92d160f4d3574381f6d9b78fab","name":"Viviana Monrroy","image":{"@type":"ImageObject","inLanguage":"es","@id":"https:\/\/secure.gravatar.com\/avatar\/dfd1611ed5600959a0e5a9754503b6c05d1dcf190010998e0363aee2ad98afca?s=96&d=mm&r=g","url":"https:\/\/secure.gravatar.com\/avatar\/dfd1611ed5600959a0e5a9754503b6c05d1dcf190010998e0363aee2ad98afca?s=96&d=mm&r=g","contentUrl":"https:\/\/secure.gravatar.com\/avatar\/dfd1611ed5600959a0e5a9754503b6c05d1dcf190010998e0363aee2ad98afca?s=96&d=mm&r=g","caption":"Viviana Monrroy"},"sameAs":["http:\/\/www.eldiario.net"],"url":"https:\/\/www.eldiario.net\/portal\/author\/vivianamonrroy\/"}]}},"_links":{"self":[{"href":"https:\/\/www.eldiario.net\/portal\/wp-json\/wp\/v2\/posts\/288962","targetHints":{"allow":["GET"]}}],"collection":[{"href":"https:\/\/www.eldiario.net\/portal\/wp-json\/wp\/v2\/posts"}],"about":[{"href":"https:\/\/www.eldiario.net\/portal\/wp-json\/wp\/v2\/types\/post"}],"author":[{"embeddable":true,"href":"https:\/\/www.eldiario.net\/portal\/wp-json\/wp\/v2\/users\/7"}],"replies":[{"embeddable":true,"href":"https:\/\/www.eldiario.net\/portal\/wp-json\/wp\/v2\/comments?post=288962"}],"version-history":[{"count":1,"href":"https:\/\/www.eldiario.net\/portal\/wp-json\/wp\/v2\/posts\/288962\/revisions"}],"predecessor-version":[{"id":288965,"href":"https:\/\/www.eldiario.net\/portal\/wp-json\/wp\/v2\/posts\/288962\/revisions\/288965"}],"wp:featuredmedia":[{"embeddable":true,"href":"https:\/\/www.eldiario.net\/portal\/wp-json\/wp\/v2\/media\/288964"}],"wp:attachment":[{"href":"https:\/\/www.eldiario.net\/portal\/wp-json\/wp\/v2\/media?parent=288962"}],"wp:term":[{"taxonomy":"category","embeddable":true,"href":"https:\/\/www.eldiario.net\/portal\/wp-json\/wp\/v2\/categories?post=288962"},{"taxonomy":"post_tag","embeddable":true,"href":"https:\/\/www.eldiario.net\/portal\/wp-json\/wp\/v2\/tags?post=288962"}],"curies":[{"name":"wp","href":"https:\/\/api.w.org\/{rel}","templated":true}]}}