{"id":288955,"date":"2025-03-17T11:25:57","date_gmt":"2025-03-17T15:25:57","guid":{"rendered":"https:\/\/www.eldiario.net\/portal\/?p=288955"},"modified":"2025-03-17T11:25:57","modified_gmt":"2025-03-17T15:25:57","slug":"convivencia-pacifica-un-imperativo-para-china-y-ee-uu","status":"publish","type":"post","link":"https:\/\/www.eldiario.net\/portal\/2025\/03\/17\/convivencia-pacifica-un-imperativo-para-china-y-ee-uu\/","title":{"rendered":"Convivencia pac\u00edfica, un imperativo para China y EE.UU."},"content":{"rendered":"<p>El miembro del Bur\u00f3 Pol\u00edtico del Comit\u00e9 Central del Partido Comunista de China (PCCh) y ministro de Relaciones Exteriores, Wang Yi, dijo, en la Tercera Sesi\u00f3n de la XIV Asamblea Popular Nacional, que el respeto mutuo es una norma b\u00e1sica del relacionamiento interestatal, y una premisa fundamental de las vinculaciones entre China y Estados Unidos. \u201cNing\u00fan pa\u00eds puede guardar la ilusi\u00f3n de reprimir y contener a China mientras desarrolla buenas relaciones con ella. Las acciones de \u2018doble filo\u2019 no favorecen a la estabilidad de los lazos bilaterales, y tampoco favorecen a la construcci\u00f3n de la confianza mutua entre s\u00ed.<\/p>\n<p>Siendo China y Estados Unidos el mayor pa\u00eds en desarrollo y el mayor desarrollado del mundo, respectivamente, van a existir largamente en este planeta, y por eso, deben convivir de manera pac\u00edfica. Tal como indic\u00f3 el presidente Xi Jinping en su conversaci\u00f3n telef\u00f3nica con su hom\u00f3logo Donald Trump a principios de este a\u00f1o, los conflictos y las confrontaciones no deben ser una opci\u00f3n para los dos pa\u00edses. Dados los amplios intereses comunes y el espacio extensivo de cooperaci\u00f3n. China y Estados Unidos pueden ser socios, contribuir al \u00e9xito del otro y fomentar la prosperidad com\u00fan, manifest\u00f3 el Canciller chino.<\/p>\n<p>\u201cRespecto a los tres principios formulados por el Presidente Xi Jinping sobre respeto mutuo, coexistencia pac\u00edfica y cooperaci\u00f3n de ganancias compartidas, China seguir\u00e1 comprometida con el desarrollo estable, sano y sostenible de sus relaciones con Estados Unidos\u201d, apunt\u00f3 Yi, y a\u00f1adi\u00f3 que al mismo tiempo, se espera que Estados Unidos pueda escuchar la voz de ambos pueblos, \u201cser consciente de la tendencia predominante del desarrollo de la historia, visualizar de manera objetiva y razonable el desarrollo de China, realizar proactivamente intercambios pr\u00e1cticos con China, y trabajar juntos para seguir el camino correcto de beneficio mutuo.<\/p>\n<p>INNOVACIONES CIENT\u00cdFICO-TECNOL\u00d3GICAS: DONDE HAY BLOQUEO, HAY AVANCE<\/p>\n<p>Al referirse al \u00e1mbito tecnol\u00f3gico, el Ministro Wang Yi, declar\u00f3 ante los medios internacionales, que las innovaciones cient\u00edfico-tecnol\u00f3gicas de China han venido trascendiendo la imaginaci\u00f3n de la gente. Desde las \u201cdos bombas y un sat\u00e9lite\u201d de hace d\u00e9cadas, a Shenzhou y Chang\u2019e, hasta 5G, la computaci\u00f3n cu\u00e1ntica y DeepSeek. \u201cLos empe\u00f1os de los chinos de generaci\u00f3n en generaci\u00f3n nunca han cesado, y el camino chino hacia un pa\u00eds fuerte en ciencia y tecnolog\u00eda se ha vuelto cada vez m\u00e1s avanzado\u201d.<\/p>\n<p>Yi subray\u00f3 que el camino no es del todo llano. Tanto en las tecnolog\u00edas espaciales como en la fabricaci\u00f3n de chips, las represiones injustificadas externas contra China nunca se han interrumpido. \u201cPero donde hay bloqueo, hay avance; donde hay represi\u00f3n, hay innovaci\u00f3n; y donde hay tempestades m\u00e1s feroces, hay plataforma para el despegue de la ciencia y la tecnolog\u00eda de China. Los peque\u00f1os patios con vallas altas no contendr\u00e1n las ideas innovadoras\u201d.<\/p>\n<p>Finalmente, resalt\u00f3 que la ciencia y la tecnolog\u00eda, en vez de servir como herramientas para tejer una cortina de hierro, deben ser una riqueza beneficiosa y compartida para todos. Para fomentar el desarrollo com\u00fan de la humanidad, \u201cChina viene implementando como es debido la Iniciativa para la Gobernanza Global de la Inteligencia Artificial propuesta por el Presidente Xi Jinping, adem\u00e1s del Plan de Acci\u00f3n para el Desarrollo de Capacidades de Inteligencia Artificial, y ha lanzado junto con Brasil, Sud\u00e1frica y la Uni\u00f3n Africana la Iniciativa sobre Cooperaci\u00f3n Internacional en Ciencia Abierta, llamando as\u00ed a una mayor atenci\u00f3n a la construcci\u00f3n de la capacidad cient\u00edfico-tecnol\u00f3gica del Sur Global sin dejar a ning\u00fan pa\u00eds atr\u00e1s. \u201cEstamos dispuestos a compartir los adelantos de la innovaci\u00f3n con m\u00e1s pa\u00edses y explorar junto con todos las estrellas y los oc\u00e9anos\u201d.<\/p>\n","protected":false},"excerpt":{"rendered":"<p>El miembro del Bur\u00f3 Pol\u00edtico del Comit\u00e9 Central del Partido Comunista de China (PCCh) y ministro de Relaciones Exteriores, Wang Yi, dijo, en la Tercera Sesi\u00f3n de la XIV Asamblea Popular Nacional, que el respeto mutuo es una norma b\u00e1sica del relacionamiento interestatal, y una premisa fundamental de las vinculaciones entre China y Estados Unidos. [&hellip;]<\/p>\n","protected":false},"author":1,"featured_media":288956,"comment_status":"closed","ping_status":"open","sticky":false,"template":"","format":"standard","meta":{"_acf_changed":false,"footnotes":""},"categories":[3],"tags":[],"class_list":["post-288955","post","type-post","status-publish","format-standard","has-post-thumbnail","category-internacional"],"acf":{"antetitulo":""},"yoast_head":"<!-- This site is optimized with the Yoast SEO plugin v28.4 - https:\/\/yoast.com\/product\/yoast-seo-wordpress\/ -->\n<title>Convivencia pac\u00edfica, un imperativo para China y EE.UU. - El Diario - Bolivia<\/title>\n<meta name=\"robots\" content=\"index, follow, max-snippet:-1, max-image-preview:large, max-video-preview:-1\" \/>\n<link rel=\"canonical\" href=\"https:\/\/www.eldiario.net\/portal\/2025\/03\/17\/convivencia-pacifica-un-imperativo-para-china-y-ee-uu\/\" \/>\n<meta property=\"og:locale\" content=\"es_ES\" \/>\n<meta property=\"og:type\" content=\"article\" \/>\n<meta property=\"og:title\" content=\"Convivencia pac\u00edfica, un imperativo para China y EE.UU. - El Diario - Bolivia\" \/>\n<meta property=\"og:description\" content=\"El miembro del Bur\u00f3 Pol\u00edtico del Comit\u00e9 Central del Partido Comunista de China (PCCh) y ministro de Relaciones Exteriores, Wang Yi, dijo, en la Tercera Sesi\u00f3n de la XIV Asamblea Popular Nacional, que el respeto mutuo es una norma b\u00e1sica del relacionamiento interestatal, y una premisa fundamental de las vinculaciones entre China y Estados Unidos. [&hellip;]\" \/>\n<meta property=\"og:url\" content=\"https:\/\/www.eldiario.net\/portal\/2025\/03\/17\/convivencia-pacifica-un-imperativo-para-china-y-ee-uu\/\" \/>\n<meta property=\"og:site_name\" content=\"El Diario - Bolivia\" \/>\n<meta property=\"article:publisher\" content=\"https:\/\/www.facebook.com\/eldiario.bolivia\/\" \/>\n<meta property=\"article:published_time\" content=\"2025-03-17T15:25:57+00:00\" \/>\n<meta property=\"og:image\" content=\"https:\/\/www.eldiario.net\/portal\/wp-content\/uploads\/2025\/03\/IMG-20250316-WA0011.jpg\" \/>\n\t<meta property=\"og:image:width\" content=\"666\" \/>\n\t<meta property=\"og:image:height\" content=\"999\" \/>\n\t<meta property=\"og:image:type\" content=\"image\/jpeg\" \/>\n<meta name=\"author\" content=\"Jeanette\" \/>\n<meta name=\"twitter:card\" content=\"summary_large_image\" \/>\n<meta name=\"twitter:creator\" content=\"@eldiario_net\" \/>\n<meta name=\"twitter:site\" content=\"@eldiario_net\" \/>\n<meta name=\"twitter:label1\" content=\"Escrito por\" \/>\n\t<meta name=\"twitter:data1\" content=\"Jeanette\" \/>\n\t<meta name=\"twitter:label2\" content=\"Tiempo de lectura\" \/>\n\t<meta name=\"twitter:data2\" content=\"3 minutos\" \/>\n<script type=\"application\/ld+json\" class=\"yoast-schema-graph\">{\"@context\":\"https:\\\/\\\/schema.org\",\"@graph\":[{\"@type\":\"Article\",\"@id\":\"https:\\\/\\\/www.eldiario.net\\\/portal\\\/2025\\\/03\\\/17\\\/convivencia-pacifica-un-imperativo-para-china-y-ee-uu\\\/#article\",\"isPartOf\":{\"@id\":\"https:\\\/\\\/www.eldiario.net\\\/portal\\\/2025\\\/03\\\/17\\\/convivencia-pacifica-un-imperativo-para-china-y-ee-uu\\\/\"},\"author\":{\"name\":\"Jeanette\",\"@id\":\"https:\\\/\\\/www.eldiario.net\\\/portal\\\/#\\\/schema\\\/person\\\/f46445640444750d7d753ccd04ae01b7\"},\"headline\":\"Convivencia pac\u00edfica, un imperativo para China y EE.UU.\",\"datePublished\":\"2025-03-17T15:25:57+00:00\",\"mainEntityOfPage\":{\"@id\":\"https:\\\/\\\/www.eldiario.net\\\/portal\\\/2025\\\/03\\\/17\\\/convivencia-pacifica-un-imperativo-para-china-y-ee-uu\\\/\"},\"wordCount\":661,\"publisher\":{\"@id\":\"https:\\\/\\\/www.eldiario.net\\\/portal\\\/#organization\"},\"image\":{\"@id\":\"https:\\\/\\\/www.eldiario.net\\\/portal\\\/2025\\\/03\\\/17\\\/convivencia-pacifica-un-imperativo-para-china-y-ee-uu\\\/#primaryimage\"},\"thumbnailUrl\":\"https:\\\/\\\/www.eldiario.net\\\/portal\\\/wp-content\\\/uploads\\\/2025\\\/03\\\/IMG-20250316-WA0011-e1742225342531.jpg\",\"articleSection\":[\"Internacional\"],\"inLanguage\":\"es\"},{\"@type\":\"WebPage\",\"@id\":\"https:\\\/\\\/www.eldiario.net\\\/portal\\\/2025\\\/03\\\/17\\\/convivencia-pacifica-un-imperativo-para-china-y-ee-uu\\\/\",\"url\":\"https:\\\/\\\/www.eldiario.net\\\/portal\\\/2025\\\/03\\\/17\\\/convivencia-pacifica-un-imperativo-para-china-y-ee-uu\\\/\",\"name\":\"Convivencia pac\u00edfica, un imperativo para China y EE.UU. - El Diario - Bolivia\",\"isPartOf\":{\"@id\":\"https:\\\/\\\/www.eldiario.net\\\/portal\\\/#website\"},\"primaryImageOfPage\":{\"@id\":\"https:\\\/\\\/www.eldiario.net\\\/portal\\\/2025\\\/03\\\/17\\\/convivencia-pacifica-un-imperativo-para-china-y-ee-uu\\\/#primaryimage\"},\"image\":{\"@id\":\"https:\\\/\\\/www.eldiario.net\\\/portal\\\/2025\\\/03\\\/17\\\/convivencia-pacifica-un-imperativo-para-china-y-ee-uu\\\/#primaryimage\"},\"thumbnailUrl\":\"https:\\\/\\\/www.eldiario.net\\\/portal\\\/wp-content\\\/uploads\\\/2025\\\/03\\\/IMG-20250316-WA0011-e1742225342531.jpg\",\"datePublished\":\"2025-03-17T15:25:57+00:00\",\"breadcrumb\":{\"@id\":\"https:\\\/\\\/www.eldiario.net\\\/portal\\\/2025\\\/03\\\/17\\\/convivencia-pacifica-un-imperativo-para-china-y-ee-uu\\\/#breadcrumb\"},\"inLanguage\":\"es\",\"potentialAction\":[{\"@type\":\"ReadAction\",\"target\":[\"https:\\\/\\\/www.eldiario.net\\\/portal\\\/2025\\\/03\\\/17\\\/convivencia-pacifica-un-imperativo-para-china-y-ee-uu\\\/\"]}]},{\"@type\":\"ImageObject\",\"inLanguage\":\"es\",\"@id\":\"https:\\\/\\\/www.eldiario.net\\\/portal\\\/2025\\\/03\\\/17\\\/convivencia-pacifica-un-imperativo-para-china-y-ee-uu\\\/#primaryimage\",\"url\":\"https:\\\/\\\/www.eldiario.net\\\/portal\\\/wp-content\\\/uploads\\\/2025\\\/03\\\/IMG-20250316-WA0011-e1742225342531.jpg\",\"contentUrl\":\"https:\\\/\\\/www.eldiario.net\\\/portal\\\/wp-content\\\/uploads\\\/2025\\\/03\\\/IMG-20250316-WA0011-e1742225342531.jpg\",\"width\":534,\"height\":593},{\"@type\":\"BreadcrumbList\",\"@id\":\"https:\\\/\\\/www.eldiario.net\\\/portal\\\/2025\\\/03\\\/17\\\/convivencia-pacifica-un-imperativo-para-china-y-ee-uu\\\/#breadcrumb\",\"itemListElement\":[{\"@type\":\"ListItem\",\"position\":1,\"name\":\"Portada\",\"item\":\"https:\\\/\\\/www.eldiario.net\\\/portal\\\/\"},{\"@type\":\"ListItem\",\"position\":2,\"name\":\"Convivencia pac\u00edfica, un imperativo para China y EE.UU.\"}]},{\"@type\":\"WebSite\",\"@id\":\"https:\\\/\\\/www.eldiario.net\\\/portal\\\/#website\",\"url\":\"https:\\\/\\\/www.eldiario.net\\\/portal\\\/\",\"name\":\"El Diario - Decano de la prensa nacional\",\"description\":\"El Diario - Decano de la prensa nacional\",\"publisher\":{\"@id\":\"https:\\\/\\\/www.eldiario.net\\\/portal\\\/#organization\"},\"potentialAction\":[{\"@type\":\"SearchAction\",\"target\":{\"@type\":\"EntryPoint\",\"urlTemplate\":\"https:\\\/\\\/www.eldiario.net\\\/portal\\\/?s={search_term_string}\"},\"query-input\":{\"@type\":\"PropertyValueSpecification\",\"valueRequired\":true,\"valueName\":\"search_term_string\"}}],\"inLanguage\":\"es\"},{\"@type\":\"Organization\",\"@id\":\"https:\\\/\\\/www.eldiario.net\\\/portal\\\/#organization\",\"name\":\"El Diario - Decano de la prensa nacional\",\"url\":\"https:\\\/\\\/www.eldiario.net\\\/portal\\\/\",\"logo\":{\"@type\":\"ImageObject\",\"inLanguage\":\"es\",\"@id\":\"https:\\\/\\\/www.eldiario.net\\\/portal\\\/#\\\/schema\\\/logo\\\/image\\\/\",\"url\":\"https:\\\/\\\/www.eldiario.net\\\/portal\\\/wp-content\\\/uploads\\\/2023\\\/07\\\/logo_ED.jpg\",\"contentUrl\":\"https:\\\/\\\/www.eldiario.net\\\/portal\\\/wp-content\\\/uploads\\\/2023\\\/07\\\/logo_ED.jpg\",\"width\":272,\"height\":52,\"caption\":\"El Diario - Decano de la prensa nacional\"},\"image\":{\"@id\":\"https:\\\/\\\/www.eldiario.net\\\/portal\\\/#\\\/schema\\\/logo\\\/image\\\/\"},\"sameAs\":[\"https:\\\/\\\/www.facebook.com\\\/eldiario.bolivia\\\/\",\"https:\\\/\\\/x.com\\\/eldiario_net\"]},{\"@type\":\"Person\",\"@id\":\"https:\\\/\\\/www.eldiario.net\\\/portal\\\/#\\\/schema\\\/person\\\/f46445640444750d7d753ccd04ae01b7\",\"name\":\"Jeanette\",\"image\":{\"@type\":\"ImageObject\",\"inLanguage\":\"es\",\"@id\":\"https:\\\/\\\/secure.gravatar.com\\\/avatar\\\/3ea2118a5f7dad2b7138b1187a6b7ee55f160b9968b66013c3a3ef39dd7e5798?s=96&d=mm&r=g\",\"url\":\"https:\\\/\\\/secure.gravatar.com\\\/avatar\\\/3ea2118a5f7dad2b7138b1187a6b7ee55f160b9968b66013c3a3ef39dd7e5798?s=96&d=mm&r=g\",\"contentUrl\":\"https:\\\/\\\/secure.gravatar.com\\\/avatar\\\/3ea2118a5f7dad2b7138b1187a6b7ee55f160b9968b66013c3a3ef39dd7e5798?s=96&d=mm&r=g\",\"caption\":\"Jeanette\"},\"sameAs\":[\"https:\\\/\\\/www.eldiario.net\\\/portal\"],\"url\":\"https:\\\/\\\/www.eldiario.net\\\/portal\\\/author\\\/jeanette\\\/\"}]}<\/script>\n<!-- \/ Yoast SEO plugin. -->","yoast_head_json":{"title":"Convivencia pac\u00edfica, un imperativo para China y EE.UU. - El Diario - Bolivia","robots":{"index":"index","follow":"follow","max-snippet":"max-snippet:-1","max-image-preview":"max-image-preview:large","max-video-preview":"max-video-preview:-1"},"canonical":"https:\/\/www.eldiario.net\/portal\/2025\/03\/17\/convivencia-pacifica-un-imperativo-para-china-y-ee-uu\/","og_locale":"es_ES","og_type":"article","og_title":"Convivencia pac\u00edfica, un imperativo para China y EE.UU. - El Diario - Bolivia","og_description":"El miembro del Bur\u00f3 Pol\u00edtico del Comit\u00e9 Central del Partido Comunista de China (PCCh) y ministro de Relaciones Exteriores, Wang Yi, dijo, en la Tercera Sesi\u00f3n de la XIV Asamblea Popular Nacional, que el respeto mutuo es una norma b\u00e1sica del relacionamiento interestatal, y una premisa fundamental de las vinculaciones entre China y Estados Unidos. [&hellip;]","og_url":"https:\/\/www.eldiario.net\/portal\/2025\/03\/17\/convivencia-pacifica-un-imperativo-para-china-y-ee-uu\/","og_site_name":"El Diario - Bolivia","article_publisher":"https:\/\/www.facebook.com\/eldiario.bolivia\/","article_published_time":"2025-03-17T15:25:57+00:00","og_image":[{"width":666,"height":999,"url":"https:\/\/www.eldiario.net\/portal\/wp-content\/uploads\/2025\/03\/IMG-20250316-WA0011.jpg","type":"image\/jpeg"}],"author":"Jeanette","twitter_card":"summary_large_image","twitter_creator":"@eldiario_net","twitter_site":"@eldiario_net","twitter_misc":{"Escrito por":"Jeanette","Tiempo de lectura":"3 minutos"},"schema":{"@context":"https:\/\/schema.org","@graph":[{"@type":"Article","@id":"https:\/\/www.eldiario.net\/portal\/2025\/03\/17\/convivencia-pacifica-un-imperativo-para-china-y-ee-uu\/#article","isPartOf":{"@id":"https:\/\/www.eldiario.net\/portal\/2025\/03\/17\/convivencia-pacifica-un-imperativo-para-china-y-ee-uu\/"},"author":{"name":"Jeanette","@id":"https:\/\/www.eldiario.net\/portal\/#\/schema\/person\/f46445640444750d7d753ccd04ae01b7"},"headline":"Convivencia pac\u00edfica, un imperativo para China y EE.UU.","datePublished":"2025-03-17T15:25:57+00:00","mainEntityOfPage":{"@id":"https:\/\/www.eldiario.net\/portal\/2025\/03\/17\/convivencia-pacifica-un-imperativo-para-china-y-ee-uu\/"},"wordCount":661,"publisher":{"@id":"https:\/\/www.eldiario.net\/portal\/#organization"},"image":{"@id":"https:\/\/www.eldiario.net\/portal\/2025\/03\/17\/convivencia-pacifica-un-imperativo-para-china-y-ee-uu\/#primaryimage"},"thumbnailUrl":"https:\/\/www.eldiario.net\/portal\/wp-content\/uploads\/2025\/03\/IMG-20250316-WA0011-e1742225342531.jpg","articleSection":["Internacional"],"inLanguage":"es"},{"@type":"WebPage","@id":"https:\/\/www.eldiario.net\/portal\/2025\/03\/17\/convivencia-pacifica-un-imperativo-para-china-y-ee-uu\/","url":"https:\/\/www.eldiario.net\/portal\/2025\/03\/17\/convivencia-pacifica-un-imperativo-para-china-y-ee-uu\/","name":"Convivencia pac\u00edfica, un imperativo para China y EE.UU. - El Diario - Bolivia","isPartOf":{"@id":"https:\/\/www.eldiario.net\/portal\/#website"},"primaryImageOfPage":{"@id":"https:\/\/www.eldiario.net\/portal\/2025\/03\/17\/convivencia-pacifica-un-imperativo-para-china-y-ee-uu\/#primaryimage"},"image":{"@id":"https:\/\/www.eldiario.net\/portal\/2025\/03\/17\/convivencia-pacifica-un-imperativo-para-china-y-ee-uu\/#primaryimage"},"thumbnailUrl":"https:\/\/www.eldiario.net\/portal\/wp-content\/uploads\/2025\/03\/IMG-20250316-WA0011-e1742225342531.jpg","datePublished":"2025-03-17T15:25:57+00:00","breadcrumb":{"@id":"https:\/\/www.eldiario.net\/portal\/2025\/03\/17\/convivencia-pacifica-un-imperativo-para-china-y-ee-uu\/#breadcrumb"},"inLanguage":"es","potentialAction":[{"@type":"ReadAction","target":["https:\/\/www.eldiario.net\/portal\/2025\/03\/17\/convivencia-pacifica-un-imperativo-para-china-y-ee-uu\/"]}]},{"@type":"ImageObject","inLanguage":"es","@id":"https:\/\/www.eldiario.net\/portal\/2025\/03\/17\/convivencia-pacifica-un-imperativo-para-china-y-ee-uu\/#primaryimage","url":"https:\/\/www.eldiario.net\/portal\/wp-content\/uploads\/2025\/03\/IMG-20250316-WA0011-e1742225342531.jpg","contentUrl":"https:\/\/www.eldiario.net\/portal\/wp-content\/uploads\/2025\/03\/IMG-20250316-WA0011-e1742225342531.jpg","width":534,"height":593},{"@type":"BreadcrumbList","@id":"https:\/\/www.eldiario.net\/portal\/2025\/03\/17\/convivencia-pacifica-un-imperativo-para-china-y-ee-uu\/#breadcrumb","itemListElement":[{"@type":"ListItem","position":1,"name":"Portada","item":"https:\/\/www.eldiario.net\/portal\/"},{"@type":"ListItem","position":2,"name":"Convivencia pac\u00edfica, un imperativo para China y EE.UU."}]},{"@type":"WebSite","@id":"https:\/\/www.eldiario.net\/portal\/#website","url":"https:\/\/www.eldiario.net\/portal\/","name":"El Diario - Decano de la prensa nacional","description":"El Diario - Decano de la prensa nacional","publisher":{"@id":"https:\/\/www.eldiario.net\/portal\/#organization"},"potentialAction":[{"@type":"SearchAction","target":{"@type":"EntryPoint","urlTemplate":"https:\/\/www.eldiario.net\/portal\/?s={search_term_string}"},"query-input":{"@type":"PropertyValueSpecification","valueRequired":true,"valueName":"search_term_string"}}],"inLanguage":"es"},{"@type":"Organization","@id":"https:\/\/www.eldiario.net\/portal\/#organization","name":"El Diario - Decano de la prensa nacional","url":"https:\/\/www.eldiario.net\/portal\/","logo":{"@type":"ImageObject","inLanguage":"es","@id":"https:\/\/www.eldiario.net\/portal\/#\/schema\/logo\/image\/","url":"https:\/\/www.eldiario.net\/portal\/wp-content\/uploads\/2023\/07\/logo_ED.jpg","contentUrl":"https:\/\/www.eldiario.net\/portal\/wp-content\/uploads\/2023\/07\/logo_ED.jpg","width":272,"height":52,"caption":"El Diario - Decano de la prensa nacional"},"image":{"@id":"https:\/\/www.eldiario.net\/portal\/#\/schema\/logo\/image\/"},"sameAs":["https:\/\/www.facebook.com\/eldiario.bolivia\/","https:\/\/x.com\/eldiario_net"]},{"@type":"Person","@id":"https:\/\/www.eldiario.net\/portal\/#\/schema\/person\/f46445640444750d7d753ccd04ae01b7","name":"Jeanette","image":{"@type":"ImageObject","inLanguage":"es","@id":"https:\/\/secure.gravatar.com\/avatar\/3ea2118a5f7dad2b7138b1187a6b7ee55f160b9968b66013c3a3ef39dd7e5798?s=96&d=mm&r=g","url":"https:\/\/secure.gravatar.com\/avatar\/3ea2118a5f7dad2b7138b1187a6b7ee55f160b9968b66013c3a3ef39dd7e5798?s=96&d=mm&r=g","contentUrl":"https:\/\/secure.gravatar.com\/avatar\/3ea2118a5f7dad2b7138b1187a6b7ee55f160b9968b66013c3a3ef39dd7e5798?s=96&d=mm&r=g","caption":"Jeanette"},"sameAs":["https:\/\/www.eldiario.net\/portal"],"url":"https:\/\/www.eldiario.net\/portal\/author\/jeanette\/"}]}},"_links":{"self":[{"href":"https:\/\/www.eldiario.net\/portal\/wp-json\/wp\/v2\/posts\/288955","targetHints":{"allow":["GET"]}}],"collection":[{"href":"https:\/\/www.eldiario.net\/portal\/wp-json\/wp\/v2\/posts"}],"about":[{"href":"https:\/\/www.eldiario.net\/portal\/wp-json\/wp\/v2\/types\/post"}],"author":[{"embeddable":true,"href":"https:\/\/www.eldiario.net\/portal\/wp-json\/wp\/v2\/users\/1"}],"replies":[{"embeddable":true,"href":"https:\/\/www.eldiario.net\/portal\/wp-json\/wp\/v2\/comments?post=288955"}],"version-history":[{"count":1,"href":"https:\/\/www.eldiario.net\/portal\/wp-json\/wp\/v2\/posts\/288955\/revisions"}],"predecessor-version":[{"id":288957,"href":"https:\/\/www.eldiario.net\/portal\/wp-json\/wp\/v2\/posts\/288955\/revisions\/288957"}],"wp:featuredmedia":[{"embeddable":true,"href":"https:\/\/www.eldiario.net\/portal\/wp-json\/wp\/v2\/media\/288956"}],"wp:attachment":[{"href":"https:\/\/www.eldiario.net\/portal\/wp-json\/wp\/v2\/media?parent=288955"}],"wp:term":[{"taxonomy":"category","embeddable":true,"href":"https:\/\/www.eldiario.net\/portal\/wp-json\/wp\/v2\/categories?post=288955"},{"taxonomy":"post_tag","embeddable":true,"href":"https:\/\/www.eldiario.net\/portal\/wp-json\/wp\/v2\/tags?post=288955"}],"curies":[{"name":"wp","href":"https:\/\/api.w.org\/{rel}","templated":true}]}}