{"id":288928,"date":"2025-03-17T06:31:00","date_gmt":"2025-03-17T10:31:00","guid":{"rendered":"https:\/\/www.eldiario.net\/portal\/?p=288928"},"modified":"2025-03-17T06:31:00","modified_gmt":"2025-03-17T10:31:00","slug":"gobernacion-atiende-emergencias-en-zonas-afectadas-por-inundaciones","status":"publish","type":"post","link":"https:\/\/www.eldiario.net\/portal\/2025\/03\/17\/gobernacion-atiende-emergencias-en-zonas-afectadas-por-inundaciones\/","title":{"rendered":"Gobernaci\u00f3n atiende emergencias en zonas afectadas por inundaciones"},"content":{"rendered":"<p>Ante la alerta hidrol\u00f3gica roja, autoridades de la Gobernaci\u00f3n y equipos t\u00e9cnicos han sido desplegados a zonas, cinco regiones est\u00e1n afectadas por inundaciones en el departamento de Cochabamba, inform\u00f3 la secretaria de Medio Ambiente y Recursos H\u00eddricos, Dora Claros.<br \/>\nPersonal de diferentes dependencias de la Gobernaci\u00f3n junto a t\u00e9cnicos de la Unidad de Gesti\u00f3n de Riesgos y Atenci\u00f3n a Desastres (UGRyAD) realizaron una evaluaci\u00f3n preliminar en las regiones del Cono Sur, Tr\u00f3pico, Andina, Ayopaya y Valles.<br \/>\nEn Totora, en la comunidad Coluyo Grande, se entreg\u00f3 ayuda humanitaria a una familia que perdi\u00f3 su casa y sus cultivos.<br \/>\nEl desborde del r\u00edo Caine, en el municipio de Anzaldo, afect\u00f3 la producci\u00f3n agr\u00edcola de las comunidades de Tolahata y Chapini, que perdieron cultivos de camote, man\u00ed, ma\u00edz, tomate, sand\u00eda y ca\u00f1a.<br \/>\nTambi\u00e9n en Mizque, la estructura del Puente Phoqo Mayu fue afectada, el municipio habilit\u00f3 una ruta alterna. De acuerdo a informaci\u00f3n preliminar por las lluvias y la crecida del r\u00edo Mizque, m\u00e1s de mil familias, de al menos 10 comunidades, perdieron sus cultivos.<br \/>\nSin embargo, en Tacopaya 244 familias, de 20 comunidades, perdieron cultivos de papa, ma\u00edz, haba y alfalfa. La Gobernaci\u00f3n se encuentra en permanente coordinaci\u00f3n con los municipios a trav\u00e9s de sus unidades de gesti\u00f3n de riesgos.<br \/>\nSeg\u00fan el Servicio Nacional de Meteorolog\u00eda e Hidrolog\u00eda (Senamhi), la alerta hidrol\u00f3gica nivel rojo, en el departamento de Cochabamba, se extender\u00e1 hasta el 25 de marzo. (Cochabamba, agencias)<\/p>\n<p>&nbsp;<\/p>\n","protected":false},"excerpt":{"rendered":"<p>Ante la alerta hidrol\u00f3gica roja, autoridades de la Gobernaci\u00f3n y equipos t\u00e9cnicos han sido desplegados a zonas, cinco regiones est\u00e1n afectadas por inundaciones en el departamento de Cochabamba, inform\u00f3 la secretaria de Medio Ambiente y Recursos H\u00eddricos, Dora Claros. Personal de diferentes dependencias de la Gobernaci\u00f3n junto a t\u00e9cnicos de la Unidad de Gesti\u00f3n de [&hellip;]<\/p>\n","protected":false},"author":1,"featured_media":288929,"comment_status":"closed","ping_status":"open","sticky":false,"template":"","format":"standard","meta":{"_acf_changed":false,"footnotes":""},"categories":[12],"tags":[],"class_list":["post-288928","post","type-post","status-publish","format-standard","has-post-thumbnail","category-nacional"],"acf":{"antetitulo":"Cochabamba"},"yoast_head":"<!-- This site is optimized with the Yoast SEO plugin v28.4 - https:\/\/yoast.com\/product\/yoast-seo-wordpress\/ -->\n<title>Gobernaci\u00f3n atiende emergencias en zonas afectadas por inundaciones - El Diario - Bolivia<\/title>\n<meta name=\"robots\" content=\"index, follow, max-snippet:-1, max-image-preview:large, max-video-preview:-1\" \/>\n<link rel=\"canonical\" href=\"https:\/\/www.eldiario.net\/portal\/2025\/03\/17\/gobernacion-atiende-emergencias-en-zonas-afectadas-por-inundaciones\/\" \/>\n<meta property=\"og:locale\" content=\"es_ES\" \/>\n<meta property=\"og:type\" content=\"article\" \/>\n<meta property=\"og:title\" content=\"Gobernaci\u00f3n atiende emergencias en zonas afectadas por inundaciones - El Diario - Bolivia\" \/>\n<meta property=\"og:description\" content=\"Ante la alerta hidrol\u00f3gica roja, autoridades de la Gobernaci\u00f3n y equipos t\u00e9cnicos han sido desplegados a zonas, cinco regiones est\u00e1n afectadas por inundaciones en el departamento de Cochabamba, inform\u00f3 la secretaria de Medio Ambiente y Recursos H\u00eddricos, Dora Claros. Personal de diferentes dependencias de la Gobernaci\u00f3n junto a t\u00e9cnicos de la Unidad de Gesti\u00f3n de [&hellip;]\" \/>\n<meta property=\"og:url\" content=\"https:\/\/www.eldiario.net\/portal\/2025\/03\/17\/gobernacion-atiende-emergencias-en-zonas-afectadas-por-inundaciones\/\" \/>\n<meta property=\"og:site_name\" content=\"El Diario - Bolivia\" \/>\n<meta property=\"article:publisher\" content=\"https:\/\/www.facebook.com\/eldiario.bolivia\/\" \/>\n<meta property=\"article:published_time\" content=\"2025-03-17T10:31:00+00:00\" \/>\n<meta property=\"og:image\" content=\"https:\/\/www.eldiario.net\/portal\/wp-content\/uploads\/2025\/03\/12-NAL-1.jpg\" \/>\n\t<meta property=\"og:image:width\" content=\"1200\" \/>\n\t<meta property=\"og:image:height\" content=\"900\" \/>\n\t<meta property=\"og:image:type\" content=\"image\/jpeg\" \/>\n<meta name=\"author\" content=\"Jeanette\" \/>\n<meta name=\"twitter:card\" content=\"summary_large_image\" \/>\n<meta name=\"twitter:creator\" content=\"@eldiario_net\" \/>\n<meta name=\"twitter:site\" content=\"@eldiario_net\" \/>\n<meta name=\"twitter:label1\" content=\"Escrito por\" \/>\n\t<meta name=\"twitter:data1\" content=\"Jeanette\" \/>\n\t<meta name=\"twitter:label2\" content=\"Tiempo de lectura\" \/>\n\t<meta name=\"twitter:data2\" content=\"2 minutos\" \/>\n<script type=\"application\/ld+json\" class=\"yoast-schema-graph\">{\"@context\":\"https:\\\/\\\/schema.org\",\"@graph\":[{\"@type\":\"Article\",\"@id\":\"https:\\\/\\\/www.eldiario.net\\\/portal\\\/2025\\\/03\\\/17\\\/gobernacion-atiende-emergencias-en-zonas-afectadas-por-inundaciones\\\/#article\",\"isPartOf\":{\"@id\":\"https:\\\/\\\/www.eldiario.net\\\/portal\\\/2025\\\/03\\\/17\\\/gobernacion-atiende-emergencias-en-zonas-afectadas-por-inundaciones\\\/\"},\"author\":{\"name\":\"Jeanette\",\"@id\":\"https:\\\/\\\/www.eldiario.net\\\/portal\\\/#\\\/schema\\\/person\\\/f46445640444750d7d753ccd04ae01b7\"},\"headline\":\"Gobernaci\u00f3n atiende emergencias en zonas afectadas por inundaciones\",\"datePublished\":\"2025-03-17T10:31:00+00:00\",\"mainEntityOfPage\":{\"@id\":\"https:\\\/\\\/www.eldiario.net\\\/portal\\\/2025\\\/03\\\/17\\\/gobernacion-atiende-emergencias-en-zonas-afectadas-por-inundaciones\\\/\"},\"wordCount\":272,\"publisher\":{\"@id\":\"https:\\\/\\\/www.eldiario.net\\\/portal\\\/#organization\"},\"image\":{\"@id\":\"https:\\\/\\\/www.eldiario.net\\\/portal\\\/2025\\\/03\\\/17\\\/gobernacion-atiende-emergencias-en-zonas-afectadas-por-inundaciones\\\/#primaryimage\"},\"thumbnailUrl\":\"https:\\\/\\\/www.eldiario.net\\\/portal\\\/wp-content\\\/uploads\\\/2025\\\/03\\\/12-NAL-1.jpg\",\"articleSection\":[\"Nacional\"],\"inLanguage\":\"es\"},{\"@type\":\"WebPage\",\"@id\":\"https:\\\/\\\/www.eldiario.net\\\/portal\\\/2025\\\/03\\\/17\\\/gobernacion-atiende-emergencias-en-zonas-afectadas-por-inundaciones\\\/\",\"url\":\"https:\\\/\\\/www.eldiario.net\\\/portal\\\/2025\\\/03\\\/17\\\/gobernacion-atiende-emergencias-en-zonas-afectadas-por-inundaciones\\\/\",\"name\":\"Gobernaci\u00f3n atiende emergencias en zonas afectadas por inundaciones - El Diario - Bolivia\",\"isPartOf\":{\"@id\":\"https:\\\/\\\/www.eldiario.net\\\/portal\\\/#website\"},\"primaryImageOfPage\":{\"@id\":\"https:\\\/\\\/www.eldiario.net\\\/portal\\\/2025\\\/03\\\/17\\\/gobernacion-atiende-emergencias-en-zonas-afectadas-por-inundaciones\\\/#primaryimage\"},\"image\":{\"@id\":\"https:\\\/\\\/www.eldiario.net\\\/portal\\\/2025\\\/03\\\/17\\\/gobernacion-atiende-emergencias-en-zonas-afectadas-por-inundaciones\\\/#primaryimage\"},\"thumbnailUrl\":\"https:\\\/\\\/www.eldiario.net\\\/portal\\\/wp-content\\\/uploads\\\/2025\\\/03\\\/12-NAL-1.jpg\",\"datePublished\":\"2025-03-17T10:31:00+00:00\",\"breadcrumb\":{\"@id\":\"https:\\\/\\\/www.eldiario.net\\\/portal\\\/2025\\\/03\\\/17\\\/gobernacion-atiende-emergencias-en-zonas-afectadas-por-inundaciones\\\/#breadcrumb\"},\"inLanguage\":\"es\",\"potentialAction\":[{\"@type\":\"ReadAction\",\"target\":[\"https:\\\/\\\/www.eldiario.net\\\/portal\\\/2025\\\/03\\\/17\\\/gobernacion-atiende-emergencias-en-zonas-afectadas-por-inundaciones\\\/\"]}]},{\"@type\":\"ImageObject\",\"inLanguage\":\"es\",\"@id\":\"https:\\\/\\\/www.eldiario.net\\\/portal\\\/2025\\\/03\\\/17\\\/gobernacion-atiende-emergencias-en-zonas-afectadas-por-inundaciones\\\/#primaryimage\",\"url\":\"https:\\\/\\\/www.eldiario.net\\\/portal\\\/wp-content\\\/uploads\\\/2025\\\/03\\\/12-NAL-1.jpg\",\"contentUrl\":\"https:\\\/\\\/www.eldiario.net\\\/portal\\\/wp-content\\\/uploads\\\/2025\\\/03\\\/12-NAL-1.jpg\",\"width\":1200,\"height\":900,\"caption\":\"TRABAJO DE MAQUINARIA PESADA EN UNA DE LAS ZONAS AFECTADAS.\"},{\"@type\":\"BreadcrumbList\",\"@id\":\"https:\\\/\\\/www.eldiario.net\\\/portal\\\/2025\\\/03\\\/17\\\/gobernacion-atiende-emergencias-en-zonas-afectadas-por-inundaciones\\\/#breadcrumb\",\"itemListElement\":[{\"@type\":\"ListItem\",\"position\":1,\"name\":\"Portada\",\"item\":\"https:\\\/\\\/www.eldiario.net\\\/portal\\\/\"},{\"@type\":\"ListItem\",\"position\":2,\"name\":\"Gobernaci\u00f3n atiende emergencias en zonas afectadas por inundaciones\"}]},{\"@type\":\"WebSite\",\"@id\":\"https:\\\/\\\/www.eldiario.net\\\/portal\\\/#website\",\"url\":\"https:\\\/\\\/www.eldiario.net\\\/portal\\\/\",\"name\":\"El Diario - Decano de la prensa nacional\",\"description\":\"El Diario - Decano de la prensa nacional\",\"publisher\":{\"@id\":\"https:\\\/\\\/www.eldiario.net\\\/portal\\\/#organization\"},\"potentialAction\":[{\"@type\":\"SearchAction\",\"target\":{\"@type\":\"EntryPoint\",\"urlTemplate\":\"https:\\\/\\\/www.eldiario.net\\\/portal\\\/?s={search_term_string}\"},\"query-input\":{\"@type\":\"PropertyValueSpecification\",\"valueRequired\":true,\"valueName\":\"search_term_string\"}}],\"inLanguage\":\"es\"},{\"@type\":\"Organization\",\"@id\":\"https:\\\/\\\/www.eldiario.net\\\/portal\\\/#organization\",\"name\":\"El Diario - Decano de la prensa nacional\",\"url\":\"https:\\\/\\\/www.eldiario.net\\\/portal\\\/\",\"logo\":{\"@type\":\"ImageObject\",\"inLanguage\":\"es\",\"@id\":\"https:\\\/\\\/www.eldiario.net\\\/portal\\\/#\\\/schema\\\/logo\\\/image\\\/\",\"url\":\"https:\\\/\\\/www.eldiario.net\\\/portal\\\/wp-content\\\/uploads\\\/2023\\\/07\\\/logo_ED.jpg\",\"contentUrl\":\"https:\\\/\\\/www.eldiario.net\\\/portal\\\/wp-content\\\/uploads\\\/2023\\\/07\\\/logo_ED.jpg\",\"width\":272,\"height\":52,\"caption\":\"El Diario - Decano de la prensa nacional\"},\"image\":{\"@id\":\"https:\\\/\\\/www.eldiario.net\\\/portal\\\/#\\\/schema\\\/logo\\\/image\\\/\"},\"sameAs\":[\"https:\\\/\\\/www.facebook.com\\\/eldiario.bolivia\\\/\",\"https:\\\/\\\/x.com\\\/eldiario_net\"]},{\"@type\":\"Person\",\"@id\":\"https:\\\/\\\/www.eldiario.net\\\/portal\\\/#\\\/schema\\\/person\\\/f46445640444750d7d753ccd04ae01b7\",\"name\":\"Jeanette\",\"image\":{\"@type\":\"ImageObject\",\"inLanguage\":\"es\",\"@id\":\"https:\\\/\\\/secure.gravatar.com\\\/avatar\\\/3ea2118a5f7dad2b7138b1187a6b7ee55f160b9968b66013c3a3ef39dd7e5798?s=96&d=mm&r=g\",\"url\":\"https:\\\/\\\/secure.gravatar.com\\\/avatar\\\/3ea2118a5f7dad2b7138b1187a6b7ee55f160b9968b66013c3a3ef39dd7e5798?s=96&d=mm&r=g\",\"contentUrl\":\"https:\\\/\\\/secure.gravatar.com\\\/avatar\\\/3ea2118a5f7dad2b7138b1187a6b7ee55f160b9968b66013c3a3ef39dd7e5798?s=96&d=mm&r=g\",\"caption\":\"Jeanette\"},\"sameAs\":[\"https:\\\/\\\/www.eldiario.net\\\/portal\"],\"url\":\"https:\\\/\\\/www.eldiario.net\\\/portal\\\/author\\\/jeanette\\\/\"}]}<\/script>\n<!-- \/ Yoast SEO plugin. -->","yoast_head_json":{"title":"Gobernaci\u00f3n atiende emergencias en zonas afectadas por inundaciones - El Diario - Bolivia","robots":{"index":"index","follow":"follow","max-snippet":"max-snippet:-1","max-image-preview":"max-image-preview:large","max-video-preview":"max-video-preview:-1"},"canonical":"https:\/\/www.eldiario.net\/portal\/2025\/03\/17\/gobernacion-atiende-emergencias-en-zonas-afectadas-por-inundaciones\/","og_locale":"es_ES","og_type":"article","og_title":"Gobernaci\u00f3n atiende emergencias en zonas afectadas por inundaciones - El Diario - Bolivia","og_description":"Ante la alerta hidrol\u00f3gica roja, autoridades de la Gobernaci\u00f3n y equipos t\u00e9cnicos han sido desplegados a zonas, cinco regiones est\u00e1n afectadas por inundaciones en el departamento de Cochabamba, inform\u00f3 la secretaria de Medio Ambiente y Recursos H\u00eddricos, Dora Claros. Personal de diferentes dependencias de la Gobernaci\u00f3n junto a t\u00e9cnicos de la Unidad de Gesti\u00f3n de [&hellip;]","og_url":"https:\/\/www.eldiario.net\/portal\/2025\/03\/17\/gobernacion-atiende-emergencias-en-zonas-afectadas-por-inundaciones\/","og_site_name":"El Diario - Bolivia","article_publisher":"https:\/\/www.facebook.com\/eldiario.bolivia\/","article_published_time":"2025-03-17T10:31:00+00:00","og_image":[{"width":1200,"height":900,"url":"https:\/\/www.eldiario.net\/portal\/wp-content\/uploads\/2025\/03\/12-NAL-1.jpg","type":"image\/jpeg"}],"author":"Jeanette","twitter_card":"summary_large_image","twitter_creator":"@eldiario_net","twitter_site":"@eldiario_net","twitter_misc":{"Escrito por":"Jeanette","Tiempo de lectura":"2 minutos"},"schema":{"@context":"https:\/\/schema.org","@graph":[{"@type":"Article","@id":"https:\/\/www.eldiario.net\/portal\/2025\/03\/17\/gobernacion-atiende-emergencias-en-zonas-afectadas-por-inundaciones\/#article","isPartOf":{"@id":"https:\/\/www.eldiario.net\/portal\/2025\/03\/17\/gobernacion-atiende-emergencias-en-zonas-afectadas-por-inundaciones\/"},"author":{"name":"Jeanette","@id":"https:\/\/www.eldiario.net\/portal\/#\/schema\/person\/f46445640444750d7d753ccd04ae01b7"},"headline":"Gobernaci\u00f3n atiende emergencias en zonas afectadas por inundaciones","datePublished":"2025-03-17T10:31:00+00:00","mainEntityOfPage":{"@id":"https:\/\/www.eldiario.net\/portal\/2025\/03\/17\/gobernacion-atiende-emergencias-en-zonas-afectadas-por-inundaciones\/"},"wordCount":272,"publisher":{"@id":"https:\/\/www.eldiario.net\/portal\/#organization"},"image":{"@id":"https:\/\/www.eldiario.net\/portal\/2025\/03\/17\/gobernacion-atiende-emergencias-en-zonas-afectadas-por-inundaciones\/#primaryimage"},"thumbnailUrl":"https:\/\/www.eldiario.net\/portal\/wp-content\/uploads\/2025\/03\/12-NAL-1.jpg","articleSection":["Nacional"],"inLanguage":"es"},{"@type":"WebPage","@id":"https:\/\/www.eldiario.net\/portal\/2025\/03\/17\/gobernacion-atiende-emergencias-en-zonas-afectadas-por-inundaciones\/","url":"https:\/\/www.eldiario.net\/portal\/2025\/03\/17\/gobernacion-atiende-emergencias-en-zonas-afectadas-por-inundaciones\/","name":"Gobernaci\u00f3n atiende emergencias en zonas afectadas por inundaciones - El Diario - Bolivia","isPartOf":{"@id":"https:\/\/www.eldiario.net\/portal\/#website"},"primaryImageOfPage":{"@id":"https:\/\/www.eldiario.net\/portal\/2025\/03\/17\/gobernacion-atiende-emergencias-en-zonas-afectadas-por-inundaciones\/#primaryimage"},"image":{"@id":"https:\/\/www.eldiario.net\/portal\/2025\/03\/17\/gobernacion-atiende-emergencias-en-zonas-afectadas-por-inundaciones\/#primaryimage"},"thumbnailUrl":"https:\/\/www.eldiario.net\/portal\/wp-content\/uploads\/2025\/03\/12-NAL-1.jpg","datePublished":"2025-03-17T10:31:00+00:00","breadcrumb":{"@id":"https:\/\/www.eldiario.net\/portal\/2025\/03\/17\/gobernacion-atiende-emergencias-en-zonas-afectadas-por-inundaciones\/#breadcrumb"},"inLanguage":"es","potentialAction":[{"@type":"ReadAction","target":["https:\/\/www.eldiario.net\/portal\/2025\/03\/17\/gobernacion-atiende-emergencias-en-zonas-afectadas-por-inundaciones\/"]}]},{"@type":"ImageObject","inLanguage":"es","@id":"https:\/\/www.eldiario.net\/portal\/2025\/03\/17\/gobernacion-atiende-emergencias-en-zonas-afectadas-por-inundaciones\/#primaryimage","url":"https:\/\/www.eldiario.net\/portal\/wp-content\/uploads\/2025\/03\/12-NAL-1.jpg","contentUrl":"https:\/\/www.eldiario.net\/portal\/wp-content\/uploads\/2025\/03\/12-NAL-1.jpg","width":1200,"height":900,"caption":"TRABAJO DE MAQUINARIA PESADA EN UNA DE LAS ZONAS AFECTADAS."},{"@type":"BreadcrumbList","@id":"https:\/\/www.eldiario.net\/portal\/2025\/03\/17\/gobernacion-atiende-emergencias-en-zonas-afectadas-por-inundaciones\/#breadcrumb","itemListElement":[{"@type":"ListItem","position":1,"name":"Portada","item":"https:\/\/www.eldiario.net\/portal\/"},{"@type":"ListItem","position":2,"name":"Gobernaci\u00f3n atiende emergencias en zonas afectadas por inundaciones"}]},{"@type":"WebSite","@id":"https:\/\/www.eldiario.net\/portal\/#website","url":"https:\/\/www.eldiario.net\/portal\/","name":"El Diario - Decano de la prensa nacional","description":"El Diario - Decano de la prensa nacional","publisher":{"@id":"https:\/\/www.eldiario.net\/portal\/#organization"},"potentialAction":[{"@type":"SearchAction","target":{"@type":"EntryPoint","urlTemplate":"https:\/\/www.eldiario.net\/portal\/?s={search_term_string}"},"query-input":{"@type":"PropertyValueSpecification","valueRequired":true,"valueName":"search_term_string"}}],"inLanguage":"es"},{"@type":"Organization","@id":"https:\/\/www.eldiario.net\/portal\/#organization","name":"El Diario - Decano de la prensa nacional","url":"https:\/\/www.eldiario.net\/portal\/","logo":{"@type":"ImageObject","inLanguage":"es","@id":"https:\/\/www.eldiario.net\/portal\/#\/schema\/logo\/image\/","url":"https:\/\/www.eldiario.net\/portal\/wp-content\/uploads\/2023\/07\/logo_ED.jpg","contentUrl":"https:\/\/www.eldiario.net\/portal\/wp-content\/uploads\/2023\/07\/logo_ED.jpg","width":272,"height":52,"caption":"El Diario - Decano de la prensa nacional"},"image":{"@id":"https:\/\/www.eldiario.net\/portal\/#\/schema\/logo\/image\/"},"sameAs":["https:\/\/www.facebook.com\/eldiario.bolivia\/","https:\/\/x.com\/eldiario_net"]},{"@type":"Person","@id":"https:\/\/www.eldiario.net\/portal\/#\/schema\/person\/f46445640444750d7d753ccd04ae01b7","name":"Jeanette","image":{"@type":"ImageObject","inLanguage":"es","@id":"https:\/\/secure.gravatar.com\/avatar\/3ea2118a5f7dad2b7138b1187a6b7ee55f160b9968b66013c3a3ef39dd7e5798?s=96&d=mm&r=g","url":"https:\/\/secure.gravatar.com\/avatar\/3ea2118a5f7dad2b7138b1187a6b7ee55f160b9968b66013c3a3ef39dd7e5798?s=96&d=mm&r=g","contentUrl":"https:\/\/secure.gravatar.com\/avatar\/3ea2118a5f7dad2b7138b1187a6b7ee55f160b9968b66013c3a3ef39dd7e5798?s=96&d=mm&r=g","caption":"Jeanette"},"sameAs":["https:\/\/www.eldiario.net\/portal"],"url":"https:\/\/www.eldiario.net\/portal\/author\/jeanette\/"}]}},"_links":{"self":[{"href":"https:\/\/www.eldiario.net\/portal\/wp-json\/wp\/v2\/posts\/288928","targetHints":{"allow":["GET"]}}],"collection":[{"href":"https:\/\/www.eldiario.net\/portal\/wp-json\/wp\/v2\/posts"}],"about":[{"href":"https:\/\/www.eldiario.net\/portal\/wp-json\/wp\/v2\/types\/post"}],"author":[{"embeddable":true,"href":"https:\/\/www.eldiario.net\/portal\/wp-json\/wp\/v2\/users\/1"}],"replies":[{"embeddable":true,"href":"https:\/\/www.eldiario.net\/portal\/wp-json\/wp\/v2\/comments?post=288928"}],"version-history":[{"count":1,"href":"https:\/\/www.eldiario.net\/portal\/wp-json\/wp\/v2\/posts\/288928\/revisions"}],"predecessor-version":[{"id":288930,"href":"https:\/\/www.eldiario.net\/portal\/wp-json\/wp\/v2\/posts\/288928\/revisions\/288930"}],"wp:featuredmedia":[{"embeddable":true,"href":"https:\/\/www.eldiario.net\/portal\/wp-json\/wp\/v2\/media\/288929"}],"wp:attachment":[{"href":"https:\/\/www.eldiario.net\/portal\/wp-json\/wp\/v2\/media?parent=288928"}],"wp:term":[{"taxonomy":"category","embeddable":true,"href":"https:\/\/www.eldiario.net\/portal\/wp-json\/wp\/v2\/categories?post=288928"},{"taxonomy":"post_tag","embeddable":true,"href":"https:\/\/www.eldiario.net\/portal\/wp-json\/wp\/v2\/tags?post=288928"}],"curies":[{"name":"wp","href":"https:\/\/api.w.org\/{rel}","templated":true}]}}