{"id":288924,"date":"2025-03-17T06:29:26","date_gmt":"2025-03-17T10:29:26","guid":{"rendered":"https:\/\/www.eldiario.net\/portal\/?p=288924"},"modified":"2025-03-17T06:29:26","modified_gmt":"2025-03-17T10:29:26","slug":"los-sullus-de-la-politica","status":"publish","type":"post","link":"https:\/\/www.eldiario.net\/portal\/2025\/03\/17\/los-sullus-de-la-politica\/","title":{"rendered":"Los \u201csullus\u201d de la pol\u00edtica"},"content":{"rendered":"<p>Aquello de \u201csullus\u201d corresponde a una adjetivaci\u00f3n con que el vocal del TSE Tahuichi Tahuichi endilg\u00f3 a aquellas organizaciones pol\u00edticas de insignificante convocatoria. Nuestro sistema pol\u00edtico es tan el\u00e1stico, tan excesivamente permisivo, que la viveza criolla de algunos mercachifles de la pol\u00edtica, que se las ingenian para lograr el \u00ednfimo 1,5 por ciento que la ley exige para el reconocimiento de personer\u00edas jur\u00eddicas, hace que en el pa\u00eds los partidos pol\u00edticos cundan como hongos en la maleza. Con documento en mano y sin ninguna posibilidad de acceder al poder en alguna de las jerarqu\u00edas que la estructura del Estado reconoce, su m\u00e1s cara aspiraci\u00f3n es buscar alg\u00fan l\u00edder o personalidad en boga, que no se preocupa en constituir un instrumento capaz de identificarlo como actor pol\u00edtico, porque sabe que nunca le faltar\u00e1n ofertas para, en nombre de alguna sigla, terciar por los m\u00e1s altos cargos del pa\u00eds.<br \/>\nNo importa que la sigla alquilada abrace una ideolog\u00eda parecida al \u201cno ser\u00e1 mejor, pero al menos s\u00ed ser\u00e1 m\u00e1s divertido\u201d adoptada por el Partido de los Amantes de la Cerveza de Polonia \u2014que, por inaudito que parezca, en un tiempo obtuvo 16 esca\u00f1os en el Parlamento de aquel pa\u00eds\u2014, ya que en Bolivia el l\u00edder que alquila la sigla puede defender \u2014como en realidad lo hace\u2014 con u\u00f1as y dientes el programa que pregona y promete aplicar cuando sea gobierno, sin embargo, no le interesa la declaraci\u00f3n de principios de su ocasional casa pol\u00edtica; viendo este, en aqu\u00e9l, su tabla de salvaci\u00f3n para permanecer (y depreciar) la actividad pol\u00edtica y sin la menor verg\u00fcenza conservar una personalidad jur\u00eddica sin tener personalidad moral y como si realmente existieran. No hay necesidad de afinidad program\u00e1tica ni ideol\u00f3gica, lo que hay son intereses rec\u00edprocos porque en pol\u00edtica nada hay gratis. La existencia de estos partidos degrada el sistema y ante sus reducidas militancias anula cualquier posibilidad de constituirse en nexos de la ciudadan\u00eda con el gobierno.<br \/>\nSon trece organizaciones pol\u00edticas, cifra que, sin ser la m\u00e1s alta del historial de partidos pol\u00edticos vigentes en otras \u00e9pocas, sigue siendo extremadamente elevada para un pa\u00eds inculto pol\u00edticamente y desproporcionada para un padr\u00f3n electoral tan reducido como el nuestro. De entre ellas, cuando menos dos terceras partes no tienen la m\u00e1s lejana posibilidad de ganar por s\u00ed solas una elecci\u00f3n nacional. Pocas quiz\u00e1 puedan vencer en alguna contienda electoral subnacional, y el resto \u2014con candidatos propios\u2014, como el Movimiento Tercer Sistema, Frente Para la Victoria, Frente Revolucionario de Izquierda o Pan-Bol, no tiene posibilidades de nada.<br \/>\nSi alguna de las oposiciones actuales logra la victoria en las aun inciertas elecciones generales, el FRI habr\u00e1 no solo salvado su personer\u00eda jur\u00eddica, sino metido uno que otro asamble\u00edsta nacional, en caso de que \u201cTuto\u201d Quiroga sea el candidato del Pacto de Unidad. El FPV, que probablemente sea el instrumento que le permita a Andr\u00f3nico Rodr\u00edguez postularse a la primera magistratura, habr\u00e1 hecho el negocio de su vida, si se considera que, en unas justas electorales limpias, ante la inhabilitaci\u00f3n del d\u00e9spota Morales, de todas maneras, obtendr\u00e1 una significativa bancada sobre todo en diputados, en la que algunos pertenecer\u00e1n a ese taxi-partido cuya ideolog\u00eda no la tienen clara ni sus propios dirigentes.<br \/>\nEl MTS parece haber perdido la oportunidad de arrimarse a alg\u00fan l\u00edder con pretensiones de consideraci\u00f3n, y si no es parte de alguna alianza, el partido de F\u00e9lix Patzi, ADN y otros m\u00e1s est\u00e1n caminando por la cornisa y su existencia legal puede tener una fecha de vencimiento muy pr\u00f3xima.<br \/>\nComo frecuentemente ocurre en el pa\u00eds, por una rara normativa, el 2020, estos \u201csullus\u201d de la pol\u00edtica fueron generosamente exonerados de su desaparici\u00f3n, cuando, conforme a la Ley de Organizaciones Pol\u00edticas, ya deber\u00edan estar enterrados para el \u00e1mbito en que inexplicablemente aun pretenden desenvolverse.<br \/>\nLa pol\u00edtica en definitiva es un arte, y gran parte de ese arte, consiste en convencer a los votantes por un programa de gobierno. En consecuencia, ninguna democracia liberal podr\u00eda entenderse sin partidos pol\u00edticos, pero la atomizaci\u00f3n partidista, deviene partidos sin relevancia; luego, tampoco tienen una estructura s\u00f3lida ni ideolog\u00eda coherente, y est\u00e1n te\u00f1idos con la mancha de la inmoralidad. Estas organizaciones, hoy ya agonizantes, est\u00e1n compelidas a obtener por lo menos el 3 por ciento de los votos, so pena de desaparecer del mapa pol\u00edtico, lo que, en realidad, contribuir\u00eda a la salud de la democracia boliviana.<\/p>\n<p>Augusto Vera Riveros es jurista y escritor.<\/p>\n","protected":false},"excerpt":{"rendered":"<p>Aquello de \u201csullus\u201d corresponde a una adjetivaci\u00f3n con que el vocal del TSE Tahuichi Tahuichi endilg\u00f3 a aquellas organizaciones pol\u00edticas de insignificante convocatoria. Nuestro sistema pol\u00edtico es tan el\u00e1stico, tan excesivamente permisivo, que la viveza criolla de algunos mercachifles de la pol\u00edtica, que se las ingenian para lograr el \u00ednfimo 1,5 por ciento que la [&hellip;]<\/p>\n","protected":false},"author":1,"featured_media":158120,"comment_status":"closed","ping_status":"open","sticky":false,"template":"","format":"standard","meta":{"_acf_changed":false,"footnotes":""},"categories":[9],"tags":[],"class_list":["post-288924","post","type-post","status-publish","format-standard","has-post-thumbnail","category-opinion"],"acf":{"antetitulo":"Contra viento y marea"},"yoast_head":"<!-- This site is optimized with the Yoast SEO plugin v28.4 - https:\/\/yoast.com\/product\/yoast-seo-wordpress\/ -->\n<title>Los \u201csullus\u201d de la pol\u00edtica - El Diario - Bolivia<\/title>\n<meta name=\"robots\" content=\"index, follow, max-snippet:-1, max-image-preview:large, max-video-preview:-1\" \/>\n<link rel=\"canonical\" href=\"https:\/\/www.eldiario.net\/portal\/2025\/03\/17\/los-sullus-de-la-politica\/\" \/>\n<meta property=\"og:locale\" content=\"es_ES\" \/>\n<meta property=\"og:type\" content=\"article\" \/>\n<meta property=\"og:title\" content=\"Los \u201csullus\u201d de la pol\u00edtica - El Diario - Bolivia\" \/>\n<meta property=\"og:description\" content=\"Aquello de \u201csullus\u201d corresponde a una adjetivaci\u00f3n con que el vocal del TSE Tahuichi Tahuichi endilg\u00f3 a aquellas organizaciones pol\u00edticas de insignificante convocatoria. Nuestro sistema pol\u00edtico es tan el\u00e1stico, tan excesivamente permisivo, que la viveza criolla de algunos mercachifles de la pol\u00edtica, que se las ingenian para lograr el \u00ednfimo 1,5 por ciento que la [&hellip;]\" \/>\n<meta property=\"og:url\" content=\"https:\/\/www.eldiario.net\/portal\/2025\/03\/17\/los-sullus-de-la-politica\/\" \/>\n<meta property=\"og:site_name\" content=\"El Diario - Bolivia\" \/>\n<meta property=\"article:publisher\" content=\"https:\/\/www.facebook.com\/eldiario.bolivia\/\" \/>\n<meta property=\"article:published_time\" content=\"2025-03-17T10:29:26+00:00\" \/>\n<meta property=\"og:image\" content=\"https:\/\/www.eldiario.net\/portal\/wp-content\/uploads\/2023\/06\/Augusto-Vera-Riveros.jpg\" \/>\n\t<meta property=\"og:image:width\" content=\"1200\" \/>\n\t<meta property=\"og:image:height\" content=\"628\" \/>\n\t<meta property=\"og:image:type\" content=\"image\/jpeg\" \/>\n<meta name=\"author\" content=\"Jeanette\" \/>\n<meta name=\"twitter:card\" content=\"summary_large_image\" \/>\n<meta name=\"twitter:creator\" content=\"@eldiario_net\" \/>\n<meta name=\"twitter:site\" content=\"@eldiario_net\" \/>\n<meta name=\"twitter:label1\" content=\"Escrito por\" \/>\n\t<meta name=\"twitter:data1\" content=\"Jeanette\" \/>\n\t<meta name=\"twitter:label2\" content=\"Tiempo de lectura\" \/>\n\t<meta name=\"twitter:data2\" content=\"4 minutos\" \/>\n<script type=\"application\/ld+json\" class=\"yoast-schema-graph\">{\"@context\":\"https:\\\/\\\/schema.org\",\"@graph\":[{\"@type\":\"Article\",\"@id\":\"https:\\\/\\\/www.eldiario.net\\\/portal\\\/2025\\\/03\\\/17\\\/los-sullus-de-la-politica\\\/#article\",\"isPartOf\":{\"@id\":\"https:\\\/\\\/www.eldiario.net\\\/portal\\\/2025\\\/03\\\/17\\\/los-sullus-de-la-politica\\\/\"},\"author\":{\"name\":\"Jeanette\",\"@id\":\"https:\\\/\\\/www.eldiario.net\\\/portal\\\/#\\\/schema\\\/person\\\/f46445640444750d7d753ccd04ae01b7\"},\"headline\":\"Los \u201csullus\u201d de la pol\u00edtica\",\"datePublished\":\"2025-03-17T10:29:26+00:00\",\"mainEntityOfPage\":{\"@id\":\"https:\\\/\\\/www.eldiario.net\\\/portal\\\/2025\\\/03\\\/17\\\/los-sullus-de-la-politica\\\/\"},\"wordCount\":808,\"publisher\":{\"@id\":\"https:\\\/\\\/www.eldiario.net\\\/portal\\\/#organization\"},\"image\":{\"@id\":\"https:\\\/\\\/www.eldiario.net\\\/portal\\\/2025\\\/03\\\/17\\\/los-sullus-de-la-politica\\\/#primaryimage\"},\"thumbnailUrl\":\"https:\\\/\\\/www.eldiario.net\\\/portal\\\/wp-content\\\/uploads\\\/2023\\\/06\\\/Augusto-Vera-Riveros.jpg\",\"articleSection\":[\"Opini\u00f3n\"],\"inLanguage\":\"es\"},{\"@type\":\"WebPage\",\"@id\":\"https:\\\/\\\/www.eldiario.net\\\/portal\\\/2025\\\/03\\\/17\\\/los-sullus-de-la-politica\\\/\",\"url\":\"https:\\\/\\\/www.eldiario.net\\\/portal\\\/2025\\\/03\\\/17\\\/los-sullus-de-la-politica\\\/\",\"name\":\"Los \u201csullus\u201d de la pol\u00edtica - El Diario - Bolivia\",\"isPartOf\":{\"@id\":\"https:\\\/\\\/www.eldiario.net\\\/portal\\\/#website\"},\"primaryImageOfPage\":{\"@id\":\"https:\\\/\\\/www.eldiario.net\\\/portal\\\/2025\\\/03\\\/17\\\/los-sullus-de-la-politica\\\/#primaryimage\"},\"image\":{\"@id\":\"https:\\\/\\\/www.eldiario.net\\\/portal\\\/2025\\\/03\\\/17\\\/los-sullus-de-la-politica\\\/#primaryimage\"},\"thumbnailUrl\":\"https:\\\/\\\/www.eldiario.net\\\/portal\\\/wp-content\\\/uploads\\\/2023\\\/06\\\/Augusto-Vera-Riveros.jpg\",\"datePublished\":\"2025-03-17T10:29:26+00:00\",\"breadcrumb\":{\"@id\":\"https:\\\/\\\/www.eldiario.net\\\/portal\\\/2025\\\/03\\\/17\\\/los-sullus-de-la-politica\\\/#breadcrumb\"},\"inLanguage\":\"es\",\"potentialAction\":[{\"@type\":\"ReadAction\",\"target\":[\"https:\\\/\\\/www.eldiario.net\\\/portal\\\/2025\\\/03\\\/17\\\/los-sullus-de-la-politica\\\/\"]}]},{\"@type\":\"ImageObject\",\"inLanguage\":\"es\",\"@id\":\"https:\\\/\\\/www.eldiario.net\\\/portal\\\/2025\\\/03\\\/17\\\/los-sullus-de-la-politica\\\/#primaryimage\",\"url\":\"https:\\\/\\\/www.eldiario.net\\\/portal\\\/wp-content\\\/uploads\\\/2023\\\/06\\\/Augusto-Vera-Riveros.jpg\",\"contentUrl\":\"https:\\\/\\\/www.eldiario.net\\\/portal\\\/wp-content\\\/uploads\\\/2023\\\/06\\\/Augusto-Vera-Riveros.jpg\",\"width\":1200,\"height\":628},{\"@type\":\"BreadcrumbList\",\"@id\":\"https:\\\/\\\/www.eldiario.net\\\/portal\\\/2025\\\/03\\\/17\\\/los-sullus-de-la-politica\\\/#breadcrumb\",\"itemListElement\":[{\"@type\":\"ListItem\",\"position\":1,\"name\":\"Portada\",\"item\":\"https:\\\/\\\/www.eldiario.net\\\/portal\\\/\"},{\"@type\":\"ListItem\",\"position\":2,\"name\":\"Los \u201csullus\u201d de la pol\u00edtica\"}]},{\"@type\":\"WebSite\",\"@id\":\"https:\\\/\\\/www.eldiario.net\\\/portal\\\/#website\",\"url\":\"https:\\\/\\\/www.eldiario.net\\\/portal\\\/\",\"name\":\"El Diario - Decano de la prensa nacional\",\"description\":\"El Diario - Decano de la prensa nacional\",\"publisher\":{\"@id\":\"https:\\\/\\\/www.eldiario.net\\\/portal\\\/#organization\"},\"potentialAction\":[{\"@type\":\"SearchAction\",\"target\":{\"@type\":\"EntryPoint\",\"urlTemplate\":\"https:\\\/\\\/www.eldiario.net\\\/portal\\\/?s={search_term_string}\"},\"query-input\":{\"@type\":\"PropertyValueSpecification\",\"valueRequired\":true,\"valueName\":\"search_term_string\"}}],\"inLanguage\":\"es\"},{\"@type\":\"Organization\",\"@id\":\"https:\\\/\\\/www.eldiario.net\\\/portal\\\/#organization\",\"name\":\"El Diario - Decano de la prensa nacional\",\"url\":\"https:\\\/\\\/www.eldiario.net\\\/portal\\\/\",\"logo\":{\"@type\":\"ImageObject\",\"inLanguage\":\"es\",\"@id\":\"https:\\\/\\\/www.eldiario.net\\\/portal\\\/#\\\/schema\\\/logo\\\/image\\\/\",\"url\":\"https:\\\/\\\/www.eldiario.net\\\/portal\\\/wp-content\\\/uploads\\\/2023\\\/07\\\/logo_ED.jpg\",\"contentUrl\":\"https:\\\/\\\/www.eldiario.net\\\/portal\\\/wp-content\\\/uploads\\\/2023\\\/07\\\/logo_ED.jpg\",\"width\":272,\"height\":52,\"caption\":\"El Diario - Decano de la prensa nacional\"},\"image\":{\"@id\":\"https:\\\/\\\/www.eldiario.net\\\/portal\\\/#\\\/schema\\\/logo\\\/image\\\/\"},\"sameAs\":[\"https:\\\/\\\/www.facebook.com\\\/eldiario.bolivia\\\/\",\"https:\\\/\\\/x.com\\\/eldiario_net\"]},{\"@type\":\"Person\",\"@id\":\"https:\\\/\\\/www.eldiario.net\\\/portal\\\/#\\\/schema\\\/person\\\/f46445640444750d7d753ccd04ae01b7\",\"name\":\"Jeanette\",\"image\":{\"@type\":\"ImageObject\",\"inLanguage\":\"es\",\"@id\":\"https:\\\/\\\/secure.gravatar.com\\\/avatar\\\/3ea2118a5f7dad2b7138b1187a6b7ee55f160b9968b66013c3a3ef39dd7e5798?s=96&d=mm&r=g\",\"url\":\"https:\\\/\\\/secure.gravatar.com\\\/avatar\\\/3ea2118a5f7dad2b7138b1187a6b7ee55f160b9968b66013c3a3ef39dd7e5798?s=96&d=mm&r=g\",\"contentUrl\":\"https:\\\/\\\/secure.gravatar.com\\\/avatar\\\/3ea2118a5f7dad2b7138b1187a6b7ee55f160b9968b66013c3a3ef39dd7e5798?s=96&d=mm&r=g\",\"caption\":\"Jeanette\"},\"sameAs\":[\"https:\\\/\\\/www.eldiario.net\\\/portal\"],\"url\":\"https:\\\/\\\/www.eldiario.net\\\/portal\\\/author\\\/jeanette\\\/\"}]}<\/script>\n<!-- \/ Yoast SEO plugin. -->","yoast_head_json":{"title":"Los \u201csullus\u201d de la pol\u00edtica - El Diario - Bolivia","robots":{"index":"index","follow":"follow","max-snippet":"max-snippet:-1","max-image-preview":"max-image-preview:large","max-video-preview":"max-video-preview:-1"},"canonical":"https:\/\/www.eldiario.net\/portal\/2025\/03\/17\/los-sullus-de-la-politica\/","og_locale":"es_ES","og_type":"article","og_title":"Los \u201csullus\u201d de la pol\u00edtica - El Diario - Bolivia","og_description":"Aquello de \u201csullus\u201d corresponde a una adjetivaci\u00f3n con que el vocal del TSE Tahuichi Tahuichi endilg\u00f3 a aquellas organizaciones pol\u00edticas de insignificante convocatoria. Nuestro sistema pol\u00edtico es tan el\u00e1stico, tan excesivamente permisivo, que la viveza criolla de algunos mercachifles de la pol\u00edtica, que se las ingenian para lograr el \u00ednfimo 1,5 por ciento que la [&hellip;]","og_url":"https:\/\/www.eldiario.net\/portal\/2025\/03\/17\/los-sullus-de-la-politica\/","og_site_name":"El Diario - Bolivia","article_publisher":"https:\/\/www.facebook.com\/eldiario.bolivia\/","article_published_time":"2025-03-17T10:29:26+00:00","og_image":[{"width":1200,"height":628,"url":"https:\/\/www.eldiario.net\/portal\/wp-content\/uploads\/2023\/06\/Augusto-Vera-Riveros.jpg","type":"image\/jpeg"}],"author":"Jeanette","twitter_card":"summary_large_image","twitter_creator":"@eldiario_net","twitter_site":"@eldiario_net","twitter_misc":{"Escrito por":"Jeanette","Tiempo de lectura":"4 minutos"},"schema":{"@context":"https:\/\/schema.org","@graph":[{"@type":"Article","@id":"https:\/\/www.eldiario.net\/portal\/2025\/03\/17\/los-sullus-de-la-politica\/#article","isPartOf":{"@id":"https:\/\/www.eldiario.net\/portal\/2025\/03\/17\/los-sullus-de-la-politica\/"},"author":{"name":"Jeanette","@id":"https:\/\/www.eldiario.net\/portal\/#\/schema\/person\/f46445640444750d7d753ccd04ae01b7"},"headline":"Los \u201csullus\u201d de la pol\u00edtica","datePublished":"2025-03-17T10:29:26+00:00","mainEntityOfPage":{"@id":"https:\/\/www.eldiario.net\/portal\/2025\/03\/17\/los-sullus-de-la-politica\/"},"wordCount":808,"publisher":{"@id":"https:\/\/www.eldiario.net\/portal\/#organization"},"image":{"@id":"https:\/\/www.eldiario.net\/portal\/2025\/03\/17\/los-sullus-de-la-politica\/#primaryimage"},"thumbnailUrl":"https:\/\/www.eldiario.net\/portal\/wp-content\/uploads\/2023\/06\/Augusto-Vera-Riveros.jpg","articleSection":["Opini\u00f3n"],"inLanguage":"es"},{"@type":"WebPage","@id":"https:\/\/www.eldiario.net\/portal\/2025\/03\/17\/los-sullus-de-la-politica\/","url":"https:\/\/www.eldiario.net\/portal\/2025\/03\/17\/los-sullus-de-la-politica\/","name":"Los \u201csullus\u201d de la pol\u00edtica - El Diario - Bolivia","isPartOf":{"@id":"https:\/\/www.eldiario.net\/portal\/#website"},"primaryImageOfPage":{"@id":"https:\/\/www.eldiario.net\/portal\/2025\/03\/17\/los-sullus-de-la-politica\/#primaryimage"},"image":{"@id":"https:\/\/www.eldiario.net\/portal\/2025\/03\/17\/los-sullus-de-la-politica\/#primaryimage"},"thumbnailUrl":"https:\/\/www.eldiario.net\/portal\/wp-content\/uploads\/2023\/06\/Augusto-Vera-Riveros.jpg","datePublished":"2025-03-17T10:29:26+00:00","breadcrumb":{"@id":"https:\/\/www.eldiario.net\/portal\/2025\/03\/17\/los-sullus-de-la-politica\/#breadcrumb"},"inLanguage":"es","potentialAction":[{"@type":"ReadAction","target":["https:\/\/www.eldiario.net\/portal\/2025\/03\/17\/los-sullus-de-la-politica\/"]}]},{"@type":"ImageObject","inLanguage":"es","@id":"https:\/\/www.eldiario.net\/portal\/2025\/03\/17\/los-sullus-de-la-politica\/#primaryimage","url":"https:\/\/www.eldiario.net\/portal\/wp-content\/uploads\/2023\/06\/Augusto-Vera-Riveros.jpg","contentUrl":"https:\/\/www.eldiario.net\/portal\/wp-content\/uploads\/2023\/06\/Augusto-Vera-Riveros.jpg","width":1200,"height":628},{"@type":"BreadcrumbList","@id":"https:\/\/www.eldiario.net\/portal\/2025\/03\/17\/los-sullus-de-la-politica\/#breadcrumb","itemListElement":[{"@type":"ListItem","position":1,"name":"Portada","item":"https:\/\/www.eldiario.net\/portal\/"},{"@type":"ListItem","position":2,"name":"Los \u201csullus\u201d de la pol\u00edtica"}]},{"@type":"WebSite","@id":"https:\/\/www.eldiario.net\/portal\/#website","url":"https:\/\/www.eldiario.net\/portal\/","name":"El Diario - Decano de la prensa nacional","description":"El Diario - Decano de la prensa nacional","publisher":{"@id":"https:\/\/www.eldiario.net\/portal\/#organization"},"potentialAction":[{"@type":"SearchAction","target":{"@type":"EntryPoint","urlTemplate":"https:\/\/www.eldiario.net\/portal\/?s={search_term_string}"},"query-input":{"@type":"PropertyValueSpecification","valueRequired":true,"valueName":"search_term_string"}}],"inLanguage":"es"},{"@type":"Organization","@id":"https:\/\/www.eldiario.net\/portal\/#organization","name":"El Diario - Decano de la prensa nacional","url":"https:\/\/www.eldiario.net\/portal\/","logo":{"@type":"ImageObject","inLanguage":"es","@id":"https:\/\/www.eldiario.net\/portal\/#\/schema\/logo\/image\/","url":"https:\/\/www.eldiario.net\/portal\/wp-content\/uploads\/2023\/07\/logo_ED.jpg","contentUrl":"https:\/\/www.eldiario.net\/portal\/wp-content\/uploads\/2023\/07\/logo_ED.jpg","width":272,"height":52,"caption":"El Diario - Decano de la prensa nacional"},"image":{"@id":"https:\/\/www.eldiario.net\/portal\/#\/schema\/logo\/image\/"},"sameAs":["https:\/\/www.facebook.com\/eldiario.bolivia\/","https:\/\/x.com\/eldiario_net"]},{"@type":"Person","@id":"https:\/\/www.eldiario.net\/portal\/#\/schema\/person\/f46445640444750d7d753ccd04ae01b7","name":"Jeanette","image":{"@type":"ImageObject","inLanguage":"es","@id":"https:\/\/secure.gravatar.com\/avatar\/3ea2118a5f7dad2b7138b1187a6b7ee55f160b9968b66013c3a3ef39dd7e5798?s=96&d=mm&r=g","url":"https:\/\/secure.gravatar.com\/avatar\/3ea2118a5f7dad2b7138b1187a6b7ee55f160b9968b66013c3a3ef39dd7e5798?s=96&d=mm&r=g","contentUrl":"https:\/\/secure.gravatar.com\/avatar\/3ea2118a5f7dad2b7138b1187a6b7ee55f160b9968b66013c3a3ef39dd7e5798?s=96&d=mm&r=g","caption":"Jeanette"},"sameAs":["https:\/\/www.eldiario.net\/portal"],"url":"https:\/\/www.eldiario.net\/portal\/author\/jeanette\/"}]}},"_links":{"self":[{"href":"https:\/\/www.eldiario.net\/portal\/wp-json\/wp\/v2\/posts\/288924","targetHints":{"allow":["GET"]}}],"collection":[{"href":"https:\/\/www.eldiario.net\/portal\/wp-json\/wp\/v2\/posts"}],"about":[{"href":"https:\/\/www.eldiario.net\/portal\/wp-json\/wp\/v2\/types\/post"}],"author":[{"embeddable":true,"href":"https:\/\/www.eldiario.net\/portal\/wp-json\/wp\/v2\/users\/1"}],"replies":[{"embeddable":true,"href":"https:\/\/www.eldiario.net\/portal\/wp-json\/wp\/v2\/comments?post=288924"}],"version-history":[{"count":1,"href":"https:\/\/www.eldiario.net\/portal\/wp-json\/wp\/v2\/posts\/288924\/revisions"}],"predecessor-version":[{"id":288925,"href":"https:\/\/www.eldiario.net\/portal\/wp-json\/wp\/v2\/posts\/288924\/revisions\/288925"}],"wp:featuredmedia":[{"embeddable":true,"href":"https:\/\/www.eldiario.net\/portal\/wp-json\/wp\/v2\/media\/158120"}],"wp:attachment":[{"href":"https:\/\/www.eldiario.net\/portal\/wp-json\/wp\/v2\/media?parent=288924"}],"wp:term":[{"taxonomy":"category","embeddable":true,"href":"https:\/\/www.eldiario.net\/portal\/wp-json\/wp\/v2\/categories?post=288924"},{"taxonomy":"post_tag","embeddable":true,"href":"https:\/\/www.eldiario.net\/portal\/wp-json\/wp\/v2\/tags?post=288924"}],"curies":[{"name":"wp","href":"https:\/\/api.w.org\/{rel}","templated":true}]}}