{"id":288922,"date":"2025-03-17T06:28:52","date_gmt":"2025-03-17T10:28:52","guid":{"rendered":"https:\/\/www.eldiario.net\/portal\/?p=288922"},"modified":"2025-03-17T06:28:52","modified_gmt":"2025-03-17T10:28:52","slug":"el-aprendizaje-basado-en-competencias","status":"publish","type":"post","link":"https:\/\/www.eldiario.net\/portal\/2025\/03\/17\/el-aprendizaje-basado-en-competencias\/","title":{"rendered":"El aprendizaje basado en competencias"},"content":{"rendered":"<p>El aprendizaje basado en competencias es una metodolog\u00eda educativa centrada en el desarrollo de habilidades y competencias que los estudiantes deben adquirir para desempe\u00f1arse de manera efectiva en diversos contextos, tanto acad\u00e9micos como profesionales. Este enfoque se aleja del modelo tradicional de ense\u00f1anza, que pone \u00e9nfasis en la transmisi\u00f3n de conocimientos te\u00f3ricos, y pone su atenci\u00f3n en la capacidad del estudiante para aplicar lo aprendido en situaciones reales.<br \/>\nConcepto y objetivos. El concepto fundamental del aprendizaje basado en competencias es que el aprendizaje debe ser medido por las competencias que el estudiante ha desarrollado. Una competencia se define como la capacidad de movilizar una combinaci\u00f3n de conocimientos, habilidades, actitudes y valores para resolver eficazmente problemas y enfrentar desaf\u00edos en contextos espec\u00edficos. Este enfoque tiene como objetivo asegurar que los estudiantes no solo adquieran informaci\u00f3n, sino que puedan transferir ese conocimiento a situaciones pr\u00e1cticas y complejas.<br \/>\nCaracter\u00edsticas principales. El aprendizaje basado en competencias se distingue por varias caracter\u00edsticas clave:<br \/>\n1. Enfoque en resultados de aprendizaje: El proceso de ense\u00f1anza y aprendizaje se organiza en torno a competencias espec\u00edficas que los estudiantes deben lograr. Estas competencias son definidas claramente y son utilizadas como criterios para evaluar el \u00e9xito del aprendizaje.<br \/>\n2. Evaluaci\u00f3n continua: La evaluaci\u00f3n no se limita a un examen final, sino que es un proceso continuo y formativo. Los estudiantes son evaluados a lo largo del curso mediante tareas, proyectos, simulaciones, pr\u00e1cticas y otros m\u00e9todos que permiten medir el desarrollo de las competencias.<br \/>\n3. Personalizaci\u00f3n del aprendizaje: El ABC permite una mayor personalizaci\u00f3n del aprendizaje, ya que los estudiantes tienen la oportunidad de avanzar con su propio ritmo, dependiendo de su nivel de competencia. Esto fomenta un aprendizaje m\u00e1s flexible y accesible.<br \/>\nDesaf\u00edos en la implementaci\u00f3n. Aunque el aprendizaje basado en competencias ofrece muchas ventajas, tambi\u00e9n presenta ciertos desaf\u00edos. Uno de los mayores retos es la evaluaci\u00f3n de competencias, ya que no siempre es f\u00e1cil medir habilidades complejas, como la creatividad, la empat\u00eda o la toma de decisiones. Adem\u00e1s, el dise\u00f1o de programas educativos centrados en competencias requiere una planificaci\u00f3n detallada y la formaci\u00f3n adecuada de los docentes, quienes deben ser capaces de integrar este enfoque en su ense\u00f1anza.<br \/>\nConclusi\u00f3n. El Aprendizaje Basado en Competencias es un enfoque innovador que pone al estudiante en el centro de su proceso educativo, enfoc\u00e1ndose en las habilidades y capacidades necesarias para enfrentar desaf\u00edos reales. Al promover un aprendizaje m\u00e1s aut\u00f3nomo, pr\u00e1ctico y contextualizado, este enfoque prepara a los estudiantes para tener \u00e9xito en un mundo laboral cada vez m\u00e1s demandante y cambiante. Sin embargo, su implementaci\u00f3n requiere de un cambio significativo en las metodolog\u00edas docentes, la evaluaci\u00f3n y el dise\u00f1o curricular, lo que representa tanto una oportunidad como un reto para los sistemas educativos en todo el mundo.<\/p>\n","protected":false},"excerpt":{"rendered":"<p>El aprendizaje basado en competencias es una metodolog\u00eda educativa centrada en el desarrollo de habilidades y competencias que los estudiantes deben adquirir para desempe\u00f1arse de manera efectiva en diversos contextos, tanto acad\u00e9micos como profesionales. Este enfoque se aleja del modelo tradicional de ense\u00f1anza, que pone \u00e9nfasis en la transmisi\u00f3n de conocimientos te\u00f3ricos, y pone su [&hellip;]<\/p>\n","protected":false},"author":1,"featured_media":194790,"comment_status":"closed","ping_status":"open","sticky":false,"template":"","format":"standard","meta":{"_acf_changed":false,"footnotes":""},"categories":[9],"tags":[],"class_list":["post-288922","post","type-post","status-publish","format-standard","has-post-thumbnail","category-opinion"],"acf":{"antetitulo":""},"yoast_head":"<!-- This site is optimized with the Yoast SEO plugin v28.4 - https:\/\/yoast.com\/product\/yoast-seo-wordpress\/ -->\n<title>El aprendizaje basado en competencias - El Diario - Bolivia<\/title>\n<meta name=\"robots\" content=\"index, follow, max-snippet:-1, max-image-preview:large, max-video-preview:-1\" \/>\n<link rel=\"canonical\" href=\"https:\/\/www.eldiario.net\/portal\/2025\/03\/17\/el-aprendizaje-basado-en-competencias\/\" \/>\n<meta property=\"og:locale\" content=\"es_ES\" \/>\n<meta property=\"og:type\" content=\"article\" \/>\n<meta property=\"og:title\" content=\"El aprendizaje basado en competencias - El Diario - Bolivia\" \/>\n<meta property=\"og:description\" content=\"El aprendizaje basado en competencias es una metodolog\u00eda educativa centrada en el desarrollo de habilidades y competencias que los estudiantes deben adquirir para desempe\u00f1arse de manera efectiva en diversos contextos, tanto acad\u00e9micos como profesionales. Este enfoque se aleja del modelo tradicional de ense\u00f1anza, que pone \u00e9nfasis en la transmisi\u00f3n de conocimientos te\u00f3ricos, y pone su [&hellip;]\" \/>\n<meta property=\"og:url\" content=\"https:\/\/www.eldiario.net\/portal\/2025\/03\/17\/el-aprendizaje-basado-en-competencias\/\" \/>\n<meta property=\"og:site_name\" content=\"El Diario - Bolivia\" \/>\n<meta property=\"article:publisher\" content=\"https:\/\/www.facebook.com\/eldiario.bolivia\/\" \/>\n<meta property=\"article:published_time\" content=\"2025-03-17T10:28:52+00:00\" \/>\n<meta property=\"og:image\" content=\"https:\/\/www.eldiario.net\/portal\/wp-content\/uploads\/2023\/12\/Opinion.jpg\" \/>\n\t<meta property=\"og:image:width\" content=\"800\" \/>\n\t<meta property=\"og:image:height\" content=\"500\" \/>\n\t<meta property=\"og:image:type\" content=\"image\/jpeg\" \/>\n<meta name=\"author\" content=\"Jeanette\" \/>\n<meta name=\"twitter:card\" content=\"summary_large_image\" \/>\n<meta name=\"twitter:creator\" content=\"@eldiario_net\" \/>\n<meta name=\"twitter:site\" content=\"@eldiario_net\" \/>\n<meta name=\"twitter:label1\" content=\"Escrito por\" \/>\n\t<meta name=\"twitter:data1\" content=\"Jeanette\" \/>\n\t<meta name=\"twitter:label2\" content=\"Tiempo de lectura\" \/>\n\t<meta name=\"twitter:data2\" content=\"3 minutos\" \/>\n<script type=\"application\/ld+json\" class=\"yoast-schema-graph\">{\"@context\":\"https:\\\/\\\/schema.org\",\"@graph\":[{\"@type\":\"Article\",\"@id\":\"https:\\\/\\\/www.eldiario.net\\\/portal\\\/2025\\\/03\\\/17\\\/el-aprendizaje-basado-en-competencias\\\/#article\",\"isPartOf\":{\"@id\":\"https:\\\/\\\/www.eldiario.net\\\/portal\\\/2025\\\/03\\\/17\\\/el-aprendizaje-basado-en-competencias\\\/\"},\"author\":{\"name\":\"Jeanette\",\"@id\":\"https:\\\/\\\/www.eldiario.net\\\/portal\\\/#\\\/schema\\\/person\\\/f46445640444750d7d753ccd04ae01b7\"},\"headline\":\"El aprendizaje basado en competencias\",\"datePublished\":\"2025-03-17T10:28:52+00:00\",\"mainEntityOfPage\":{\"@id\":\"https:\\\/\\\/www.eldiario.net\\\/portal\\\/2025\\\/03\\\/17\\\/el-aprendizaje-basado-en-competencias\\\/\"},\"wordCount\":503,\"publisher\":{\"@id\":\"https:\\\/\\\/www.eldiario.net\\\/portal\\\/#organization\"},\"image\":{\"@id\":\"https:\\\/\\\/www.eldiario.net\\\/portal\\\/2025\\\/03\\\/17\\\/el-aprendizaje-basado-en-competencias\\\/#primaryimage\"},\"thumbnailUrl\":\"https:\\\/\\\/www.eldiario.net\\\/portal\\\/wp-content\\\/uploads\\\/2023\\\/12\\\/Opinion.jpg\",\"articleSection\":[\"Opini\u00f3n\"],\"inLanguage\":\"es\"},{\"@type\":\"WebPage\",\"@id\":\"https:\\\/\\\/www.eldiario.net\\\/portal\\\/2025\\\/03\\\/17\\\/el-aprendizaje-basado-en-competencias\\\/\",\"url\":\"https:\\\/\\\/www.eldiario.net\\\/portal\\\/2025\\\/03\\\/17\\\/el-aprendizaje-basado-en-competencias\\\/\",\"name\":\"El aprendizaje basado en competencias - El Diario - Bolivia\",\"isPartOf\":{\"@id\":\"https:\\\/\\\/www.eldiario.net\\\/portal\\\/#website\"},\"primaryImageOfPage\":{\"@id\":\"https:\\\/\\\/www.eldiario.net\\\/portal\\\/2025\\\/03\\\/17\\\/el-aprendizaje-basado-en-competencias\\\/#primaryimage\"},\"image\":{\"@id\":\"https:\\\/\\\/www.eldiario.net\\\/portal\\\/2025\\\/03\\\/17\\\/el-aprendizaje-basado-en-competencias\\\/#primaryimage\"},\"thumbnailUrl\":\"https:\\\/\\\/www.eldiario.net\\\/portal\\\/wp-content\\\/uploads\\\/2023\\\/12\\\/Opinion.jpg\",\"datePublished\":\"2025-03-17T10:28:52+00:00\",\"breadcrumb\":{\"@id\":\"https:\\\/\\\/www.eldiario.net\\\/portal\\\/2025\\\/03\\\/17\\\/el-aprendizaje-basado-en-competencias\\\/#breadcrumb\"},\"inLanguage\":\"es\",\"potentialAction\":[{\"@type\":\"ReadAction\",\"target\":[\"https:\\\/\\\/www.eldiario.net\\\/portal\\\/2025\\\/03\\\/17\\\/el-aprendizaje-basado-en-competencias\\\/\"]}]},{\"@type\":\"ImageObject\",\"inLanguage\":\"es\",\"@id\":\"https:\\\/\\\/www.eldiario.net\\\/portal\\\/2025\\\/03\\\/17\\\/el-aprendizaje-basado-en-competencias\\\/#primaryimage\",\"url\":\"https:\\\/\\\/www.eldiario.net\\\/portal\\\/wp-content\\\/uploads\\\/2023\\\/12\\\/Opinion.jpg\",\"contentUrl\":\"https:\\\/\\\/www.eldiario.net\\\/portal\\\/wp-content\\\/uploads\\\/2023\\\/12\\\/Opinion.jpg\",\"width\":800,\"height\":500},{\"@type\":\"BreadcrumbList\",\"@id\":\"https:\\\/\\\/www.eldiario.net\\\/portal\\\/2025\\\/03\\\/17\\\/el-aprendizaje-basado-en-competencias\\\/#breadcrumb\",\"itemListElement\":[{\"@type\":\"ListItem\",\"position\":1,\"name\":\"Portada\",\"item\":\"https:\\\/\\\/www.eldiario.net\\\/portal\\\/\"},{\"@type\":\"ListItem\",\"position\":2,\"name\":\"El aprendizaje basado en competencias\"}]},{\"@type\":\"WebSite\",\"@id\":\"https:\\\/\\\/www.eldiario.net\\\/portal\\\/#website\",\"url\":\"https:\\\/\\\/www.eldiario.net\\\/portal\\\/\",\"name\":\"El Diario - Decano de la prensa nacional\",\"description\":\"El Diario - Decano de la prensa nacional\",\"publisher\":{\"@id\":\"https:\\\/\\\/www.eldiario.net\\\/portal\\\/#organization\"},\"potentialAction\":[{\"@type\":\"SearchAction\",\"target\":{\"@type\":\"EntryPoint\",\"urlTemplate\":\"https:\\\/\\\/www.eldiario.net\\\/portal\\\/?s={search_term_string}\"},\"query-input\":{\"@type\":\"PropertyValueSpecification\",\"valueRequired\":true,\"valueName\":\"search_term_string\"}}],\"inLanguage\":\"es\"},{\"@type\":\"Organization\",\"@id\":\"https:\\\/\\\/www.eldiario.net\\\/portal\\\/#organization\",\"name\":\"El Diario - Decano de la prensa nacional\",\"url\":\"https:\\\/\\\/www.eldiario.net\\\/portal\\\/\",\"logo\":{\"@type\":\"ImageObject\",\"inLanguage\":\"es\",\"@id\":\"https:\\\/\\\/www.eldiario.net\\\/portal\\\/#\\\/schema\\\/logo\\\/image\\\/\",\"url\":\"https:\\\/\\\/www.eldiario.net\\\/portal\\\/wp-content\\\/uploads\\\/2023\\\/07\\\/logo_ED.jpg\",\"contentUrl\":\"https:\\\/\\\/www.eldiario.net\\\/portal\\\/wp-content\\\/uploads\\\/2023\\\/07\\\/logo_ED.jpg\",\"width\":272,\"height\":52,\"caption\":\"El Diario - Decano de la prensa nacional\"},\"image\":{\"@id\":\"https:\\\/\\\/www.eldiario.net\\\/portal\\\/#\\\/schema\\\/logo\\\/image\\\/\"},\"sameAs\":[\"https:\\\/\\\/www.facebook.com\\\/eldiario.bolivia\\\/\",\"https:\\\/\\\/x.com\\\/eldiario_net\"]},{\"@type\":\"Person\",\"@id\":\"https:\\\/\\\/www.eldiario.net\\\/portal\\\/#\\\/schema\\\/person\\\/f46445640444750d7d753ccd04ae01b7\",\"name\":\"Jeanette\",\"image\":{\"@type\":\"ImageObject\",\"inLanguage\":\"es\",\"@id\":\"https:\\\/\\\/secure.gravatar.com\\\/avatar\\\/3ea2118a5f7dad2b7138b1187a6b7ee55f160b9968b66013c3a3ef39dd7e5798?s=96&d=mm&r=g\",\"url\":\"https:\\\/\\\/secure.gravatar.com\\\/avatar\\\/3ea2118a5f7dad2b7138b1187a6b7ee55f160b9968b66013c3a3ef39dd7e5798?s=96&d=mm&r=g\",\"contentUrl\":\"https:\\\/\\\/secure.gravatar.com\\\/avatar\\\/3ea2118a5f7dad2b7138b1187a6b7ee55f160b9968b66013c3a3ef39dd7e5798?s=96&d=mm&r=g\",\"caption\":\"Jeanette\"},\"sameAs\":[\"https:\\\/\\\/www.eldiario.net\\\/portal\"],\"url\":\"https:\\\/\\\/www.eldiario.net\\\/portal\\\/author\\\/jeanette\\\/\"}]}<\/script>\n<!-- \/ Yoast SEO plugin. -->","yoast_head_json":{"title":"El aprendizaje basado en competencias - El Diario - Bolivia","robots":{"index":"index","follow":"follow","max-snippet":"max-snippet:-1","max-image-preview":"max-image-preview:large","max-video-preview":"max-video-preview:-1"},"canonical":"https:\/\/www.eldiario.net\/portal\/2025\/03\/17\/el-aprendizaje-basado-en-competencias\/","og_locale":"es_ES","og_type":"article","og_title":"El aprendizaje basado en competencias - El Diario - Bolivia","og_description":"El aprendizaje basado en competencias es una metodolog\u00eda educativa centrada en el desarrollo de habilidades y competencias que los estudiantes deben adquirir para desempe\u00f1arse de manera efectiva en diversos contextos, tanto acad\u00e9micos como profesionales. Este enfoque se aleja del modelo tradicional de ense\u00f1anza, que pone \u00e9nfasis en la transmisi\u00f3n de conocimientos te\u00f3ricos, y pone su [&hellip;]","og_url":"https:\/\/www.eldiario.net\/portal\/2025\/03\/17\/el-aprendizaje-basado-en-competencias\/","og_site_name":"El Diario - Bolivia","article_publisher":"https:\/\/www.facebook.com\/eldiario.bolivia\/","article_published_time":"2025-03-17T10:28:52+00:00","og_image":[{"width":800,"height":500,"url":"https:\/\/www.eldiario.net\/portal\/wp-content\/uploads\/2023\/12\/Opinion.jpg","type":"image\/jpeg"}],"author":"Jeanette","twitter_card":"summary_large_image","twitter_creator":"@eldiario_net","twitter_site":"@eldiario_net","twitter_misc":{"Escrito por":"Jeanette","Tiempo de lectura":"3 minutos"},"schema":{"@context":"https:\/\/schema.org","@graph":[{"@type":"Article","@id":"https:\/\/www.eldiario.net\/portal\/2025\/03\/17\/el-aprendizaje-basado-en-competencias\/#article","isPartOf":{"@id":"https:\/\/www.eldiario.net\/portal\/2025\/03\/17\/el-aprendizaje-basado-en-competencias\/"},"author":{"name":"Jeanette","@id":"https:\/\/www.eldiario.net\/portal\/#\/schema\/person\/f46445640444750d7d753ccd04ae01b7"},"headline":"El aprendizaje basado en competencias","datePublished":"2025-03-17T10:28:52+00:00","mainEntityOfPage":{"@id":"https:\/\/www.eldiario.net\/portal\/2025\/03\/17\/el-aprendizaje-basado-en-competencias\/"},"wordCount":503,"publisher":{"@id":"https:\/\/www.eldiario.net\/portal\/#organization"},"image":{"@id":"https:\/\/www.eldiario.net\/portal\/2025\/03\/17\/el-aprendizaje-basado-en-competencias\/#primaryimage"},"thumbnailUrl":"https:\/\/www.eldiario.net\/portal\/wp-content\/uploads\/2023\/12\/Opinion.jpg","articleSection":["Opini\u00f3n"],"inLanguage":"es"},{"@type":"WebPage","@id":"https:\/\/www.eldiario.net\/portal\/2025\/03\/17\/el-aprendizaje-basado-en-competencias\/","url":"https:\/\/www.eldiario.net\/portal\/2025\/03\/17\/el-aprendizaje-basado-en-competencias\/","name":"El aprendizaje basado en competencias - El Diario - Bolivia","isPartOf":{"@id":"https:\/\/www.eldiario.net\/portal\/#website"},"primaryImageOfPage":{"@id":"https:\/\/www.eldiario.net\/portal\/2025\/03\/17\/el-aprendizaje-basado-en-competencias\/#primaryimage"},"image":{"@id":"https:\/\/www.eldiario.net\/portal\/2025\/03\/17\/el-aprendizaje-basado-en-competencias\/#primaryimage"},"thumbnailUrl":"https:\/\/www.eldiario.net\/portal\/wp-content\/uploads\/2023\/12\/Opinion.jpg","datePublished":"2025-03-17T10:28:52+00:00","breadcrumb":{"@id":"https:\/\/www.eldiario.net\/portal\/2025\/03\/17\/el-aprendizaje-basado-en-competencias\/#breadcrumb"},"inLanguage":"es","potentialAction":[{"@type":"ReadAction","target":["https:\/\/www.eldiario.net\/portal\/2025\/03\/17\/el-aprendizaje-basado-en-competencias\/"]}]},{"@type":"ImageObject","inLanguage":"es","@id":"https:\/\/www.eldiario.net\/portal\/2025\/03\/17\/el-aprendizaje-basado-en-competencias\/#primaryimage","url":"https:\/\/www.eldiario.net\/portal\/wp-content\/uploads\/2023\/12\/Opinion.jpg","contentUrl":"https:\/\/www.eldiario.net\/portal\/wp-content\/uploads\/2023\/12\/Opinion.jpg","width":800,"height":500},{"@type":"BreadcrumbList","@id":"https:\/\/www.eldiario.net\/portal\/2025\/03\/17\/el-aprendizaje-basado-en-competencias\/#breadcrumb","itemListElement":[{"@type":"ListItem","position":1,"name":"Portada","item":"https:\/\/www.eldiario.net\/portal\/"},{"@type":"ListItem","position":2,"name":"El aprendizaje basado en competencias"}]},{"@type":"WebSite","@id":"https:\/\/www.eldiario.net\/portal\/#website","url":"https:\/\/www.eldiario.net\/portal\/","name":"El Diario - Decano de la prensa nacional","description":"El Diario - Decano de la prensa nacional","publisher":{"@id":"https:\/\/www.eldiario.net\/portal\/#organization"},"potentialAction":[{"@type":"SearchAction","target":{"@type":"EntryPoint","urlTemplate":"https:\/\/www.eldiario.net\/portal\/?s={search_term_string}"},"query-input":{"@type":"PropertyValueSpecification","valueRequired":true,"valueName":"search_term_string"}}],"inLanguage":"es"},{"@type":"Organization","@id":"https:\/\/www.eldiario.net\/portal\/#organization","name":"El Diario - Decano de la prensa nacional","url":"https:\/\/www.eldiario.net\/portal\/","logo":{"@type":"ImageObject","inLanguage":"es","@id":"https:\/\/www.eldiario.net\/portal\/#\/schema\/logo\/image\/","url":"https:\/\/www.eldiario.net\/portal\/wp-content\/uploads\/2023\/07\/logo_ED.jpg","contentUrl":"https:\/\/www.eldiario.net\/portal\/wp-content\/uploads\/2023\/07\/logo_ED.jpg","width":272,"height":52,"caption":"El Diario - Decano de la prensa nacional"},"image":{"@id":"https:\/\/www.eldiario.net\/portal\/#\/schema\/logo\/image\/"},"sameAs":["https:\/\/www.facebook.com\/eldiario.bolivia\/","https:\/\/x.com\/eldiario_net"]},{"@type":"Person","@id":"https:\/\/www.eldiario.net\/portal\/#\/schema\/person\/f46445640444750d7d753ccd04ae01b7","name":"Jeanette","image":{"@type":"ImageObject","inLanguage":"es","@id":"https:\/\/secure.gravatar.com\/avatar\/3ea2118a5f7dad2b7138b1187a6b7ee55f160b9968b66013c3a3ef39dd7e5798?s=96&d=mm&r=g","url":"https:\/\/secure.gravatar.com\/avatar\/3ea2118a5f7dad2b7138b1187a6b7ee55f160b9968b66013c3a3ef39dd7e5798?s=96&d=mm&r=g","contentUrl":"https:\/\/secure.gravatar.com\/avatar\/3ea2118a5f7dad2b7138b1187a6b7ee55f160b9968b66013c3a3ef39dd7e5798?s=96&d=mm&r=g","caption":"Jeanette"},"sameAs":["https:\/\/www.eldiario.net\/portal"],"url":"https:\/\/www.eldiario.net\/portal\/author\/jeanette\/"}]}},"_links":{"self":[{"href":"https:\/\/www.eldiario.net\/portal\/wp-json\/wp\/v2\/posts\/288922","targetHints":{"allow":["GET"]}}],"collection":[{"href":"https:\/\/www.eldiario.net\/portal\/wp-json\/wp\/v2\/posts"}],"about":[{"href":"https:\/\/www.eldiario.net\/portal\/wp-json\/wp\/v2\/types\/post"}],"author":[{"embeddable":true,"href":"https:\/\/www.eldiario.net\/portal\/wp-json\/wp\/v2\/users\/1"}],"replies":[{"embeddable":true,"href":"https:\/\/www.eldiario.net\/portal\/wp-json\/wp\/v2\/comments?post=288922"}],"version-history":[{"count":1,"href":"https:\/\/www.eldiario.net\/portal\/wp-json\/wp\/v2\/posts\/288922\/revisions"}],"predecessor-version":[{"id":288923,"href":"https:\/\/www.eldiario.net\/portal\/wp-json\/wp\/v2\/posts\/288922\/revisions\/288923"}],"wp:featuredmedia":[{"embeddable":true,"href":"https:\/\/www.eldiario.net\/portal\/wp-json\/wp\/v2\/media\/194790"}],"wp:attachment":[{"href":"https:\/\/www.eldiario.net\/portal\/wp-json\/wp\/v2\/media?parent=288922"}],"wp:term":[{"taxonomy":"category","embeddable":true,"href":"https:\/\/www.eldiario.net\/portal\/wp-json\/wp\/v2\/categories?post=288922"},{"taxonomy":"post_tag","embeddable":true,"href":"https:\/\/www.eldiario.net\/portal\/wp-json\/wp\/v2\/tags?post=288922"}],"curies":[{"name":"wp","href":"https:\/\/api.w.org\/{rel}","templated":true}]}}