{"id":288917,"date":"2025-03-17T06:27:00","date_gmt":"2025-03-17T10:27:00","guid":{"rendered":"https:\/\/www.eldiario.net\/portal\/?p=288917"},"modified":"2025-03-17T06:27:00","modified_gmt":"2025-03-17T10:27:00","slug":"aliviar-la-crisis-depende-de-senales-serias-del-gobierno-para-cambiar","status":"publish","type":"post","link":"https:\/\/www.eldiario.net\/portal\/2025\/03\/17\/aliviar-la-crisis-depende-de-senales-serias-del-gobierno-para-cambiar\/","title":{"rendered":"Aliviar la crisis depende de se\u00f1ales  serias del Gobierno para cambiar"},"content":{"rendered":"<p>La escasez de d\u00f3lares ha provocado la falta de combustible, el incremento del precio de los alimentos, mientras el Gobierno no cambia su modo de gastar en empresas p\u00fablicas que solo provocan d\u00e9ficits. El analista econ\u00f3mico Dar\u00edo Monasterio sostiene que depende del gobierno dar se\u00f1ales serias para cambiar la actual situaci\u00f3n y dejar al sector privado su trabajo, de invertir y generar empleo.<br \/>\nLas medidas anunciadas por el Gobierno la pasada gesti\u00f3n no solucionan el tema, sino todo lo contrario ya que provocan alza del precio de los productos, agio y especulaci\u00f3n, mientras la Empresa de Apoyo a la Producci\u00f3n de Alimentos (Emapa) busca aliviar la demanda con productos del contrabando y vol\u00famenes bajos que no cubren la expectativa de la poblaci\u00f3n.<\/p>\n<p>Industrializaci\u00f3n<br \/>\nPara Monasterio el tema de la industrializaci\u00f3n es una farsa, pues este proceso deber\u00eda haber generado las divisas que necesita el pa\u00eds. Uno de los objetivos de las empresas es la exportaci\u00f3n para traer d\u00f3lares, pero s\u00f3lo genera d\u00e9ficits.<br \/>\nComo se recordar\u00e1, van m\u00e1s de 18 a\u00f1os del Movimiento al Socialismo (MAS) en el Gobierno y unos 10 a\u00f1os en la implementaci\u00f3n de empresas estatales, con el pretexto de industrializar, con inversiones superiores a los 1.000 millones de d\u00f3lares y no cumple ese objetivo de traer divisas al pa\u00eds.<br \/>\nMonasterio recuerda que el tema de la industrializaci\u00f3n por sustituci\u00f3n de importaciones fue una pol\u00edtica impulsada por la Comisi\u00f3n Econ\u00f3mica para Am\u00e9rica Latina y el Caribe (Cepal) a cabo en la d\u00e9cada de los 60, que demostr\u00f3 ser totalmente errada.<br \/>\nLos pa\u00edses tienen ventajas competitivas no comparativas solamente, necesariamente en ciertos productos o servicios, el Gobierno del MAS quiere forzar la situaci\u00f3n y no tenemos el capital necesario para avanzar en esta materia.<br \/>\nExplica que para que las industrias vengan al pa\u00eds, Bolivia tiene que demostrar que cumple condiciones, a trav\u00e9s del riesgo pa\u00eds, del Doing Business. \u201cSomos un pa\u00eds que puede recibir inversi\u00f3n extranjera\u201d, pero las pol\u00edticas erradas frenan la llegada, a esto se suma que el pa\u00eds es peque\u00f1o y la mano de obra es escasa, reflexion\u00f3.<br \/>\nA pesar de ese panorama, se\u00f1ala que tenemos ventajas comparativas en algunos sectores, como joyer\u00eda, agroindustria, textiles, en su momento, sin embargo, el Gobierno forz\u00f3 el proceso en algunas \u00e1reas, como la urea, la leche, que no tienen efecto en la falta de divisas.<br \/>\n\u201cUno de los beneficios sociales de un proyecto es el ingreso de divisas y que la sociedad se beneficie\u201d, sostiene a tiempo de indicar que esta situaci\u00f3n no se presenta con la puesta en marcha de varias empresas estatales.<\/p>\n<p>Se\u00f1ales<br \/>\nEl Gobierno no da se\u00f1ales claras, contrarias a lo que est\u00e1 haciendo ahora. No demuestra bajar el d\u00e9ficit que registra 12 a\u00f1os consecutivos y tampoco controla las cuentas del gasto p\u00fablico, no promueve incentivos para que la iniciativa privada invierta en el pa\u00eds y m\u00e1s bien contin\u00faa con sus proyectos fara\u00f3nicos de industrializaci\u00f3n que no lleva a ninguna parte, apunta.<br \/>\nPor ejemplo, en la planta procesadora de papa, que est\u00e1 ubicada en la ciudad de El Alto, un privado podr\u00eda hacerlo, ya hay peque\u00f1os emprendimientos que incursionaron en esta materia; y lo \u00fanico que hace el Gobierno con esta inversi\u00f3n es quitar una oportunidad a los empresarios, de administrar eficientemente una industria, ya que el p\u00fablico es todo lo contrario, enfatiz\u00f3.<br \/>\nEn el caso del Mut\u00fan tambi\u00e9n podr\u00eda perder terreno en el mercado del hierro, pues al frente, en Brasil est\u00e1 una empresa privada que ya viene operando en la fabricaci\u00f3n de fierros de construcci\u00f3n, tambi\u00e9n Aceros Arequipa est\u00e1 en el departamento de Santa Cruz.<br \/>\nLas se\u00f1ales del gobierno no son claras y peor serias, pues cuando anuncia la liberaci\u00f3n de la importaci\u00f3n y comercializaci\u00f3n de combustibles, lo frena con unos 30 requisitos a cumplir y genera incertidumbre en el inversor.<\/p>\n<p>Deuda externa Vs.importaci\u00f3n<br \/>\nPor otra parte, a la pregunta de que hay la posibilidad que el pa\u00eds ingrese en un default (no pago de deuda externa), Monasterio explica que no, ya que el Gobierno recoge las divisas de Yacimientos Petrol\u00edferos Fiscales Bolivianos (YPFB) por la venta de gas para cumplir con el pago y despu\u00e9s para la compra de combustibles.<br \/>\nEn ese contexto, reitera que el Gobierno debe dar se\u00f1ales claras y muestre un cambio total del sistema econ\u00f3mico para el ingreso de Inversi\u00f3n Extranjera Directa (IED) y liberalizar las importaciones. \u201cEs cuesti\u00f3n de se\u00f1ales. No son claras\u201d, dijo.<\/p>\n<p>Colapso<br \/>\nEntretanto, el exdirector del Banco Central de Bolivia (BCB), Gabriel Espinoza Y., asegura que Bolivia enfrenta un colapso en su econom\u00eda. La crisis de balanza de pagos, junto con la negativa del gobierno de Luis Arce para hacer las correcciones en tiempo y forma, han llevado a una situaci\u00f3n cr\u00edtica de insolvencia.<br \/>\n\u201cLa priorizaci\u00f3n del pago de deuda externa no tiene que ver con una muestra de responsabilidad por parte de Arce, sino con el objetivo simple de seguir manteniendo el canal de endeudamiento para maquillar esta insolvencia. Por eso, tambi\u00e9n, la insistencia en mayores aprobaciones de cr\u00e9ditos a la Asamblea Legislativa\u201d, public\u00f3 Espinoza en X.<\/p>\n<p>Reducci\u00f3n del<br \/>\ndinamismo econ\u00f3mico<br \/>\ny empobrecimiento<br \/>\nMientras tanto, la imposibilidad de pagar los combustibles necesarios para que el pa\u00eds funcione de manera adecuada est\u00e1 generando golpes dur\u00edsimos a la econom\u00eda familiar. En estas \u00faltimas semanas el tiempo disponible para trabajar se ha reducido significativamente, ya sea porque el combustible es un insumo directo para la actividad econ\u00f3mica o porque la oferta de transporte p\u00fablico y\/o las cadenas de suministro de los productos que se comercializan, se van paralizando progresivamente, describe.<br \/>\n\u201cA esto hay que sumarle el car\u00e1cter de las medidas implementadas por Luis Arce, que solo mitigan y buscan reducir el consumo de combustibles, reponiendo medidas vistas en la pandemia como las clases virtuales, el teletrabajo y la reducci\u00f3n del uso de veh\u00edculos p\u00fablicos. Estas medidas deprimen todav\u00eda m\u00e1s la econom\u00eda boliviana\u201d, lamenta.<br \/>\nPero al mismo tiempo, presionan m\u00e1s al alza de precios, asevera y coincide con otros analistas econ\u00f3micos.<br \/>\n\u201cSiempre que hay un movimiento en los sistemas de precios, existe un cambio en la distribuci\u00f3n de la riqueza. Dicho de otra manera: todo lo que ha hecho Luis Arce genera m\u00e1s inflaci\u00f3n, lo que empobrece a muchos, pero beneficia a unos pocos\u201d, sostuvo.<br \/>\nEn definitiva, la falta de respuesta ante una situaci\u00f3n previsible, el empecinamiento en el monopolio estatal sobre la importaci\u00f3n y comercializaci\u00f3n de hidrocarburos, la falta de decisi\u00f3n pol\u00edtica para implementar cambios en las estructuras de precios y una mala lectura de la situaci\u00f3n econ\u00f3mica, est\u00e1n llevando a Bolivia a una crisis de car\u00e1cter social, sin ninguna soluci\u00f3n de corto plazo, advierte a tiempo de se\u00f1alar que era evitable esta situaci\u00f3n.<\/p>\n<p>Social<br \/>\nLas diferentes organizaciones sociales de la sociedad, como gremiales, mineros, pueblos ind\u00edgenas y choferes se han manifestado contra la mala administraci\u00f3n del gobierno del MAS, que deja m\u00e1s pobres a los pobres y m\u00e1s ricos a los militantes del partido en funci\u00f3n de gobierno, por ello anuncian movilizaciones a partir del 19 de marzo exigiendo soluciones a la falta de d\u00f3lares, combustibles y por el alza de precios de los productos de la canasta familiar.<br \/>\nAdem\u00e1s, desconocen al dirigente de la Central Obrera Boliviana (COB), Juan Carlos Guarachi, que se vendi\u00f3 al gobierno de turno, como lo hizo con Evo Morales, Jeanine A\u00f1ez y ahora con Luis Arce.<\/p>\n<p>Observaciones<br \/>\n\u201cSi el gobierno utiliza el cr\u00e9dito externo para importar combustibles, el BCB deber\u00e1 otorgar los recursos para cumplir con el objeto de pr\u00e9stamo, incrementando el cr\u00e9dito interno (la cantidad de dinero). Esto generar\u00e1 mayor presi\u00f3n sobre el tipo de cambio y los precios, advierte el economista Jos\u00e9 Luis Evia en su cuenta @jlaevia.<br \/>\nAsimismo, el analista econ\u00f3mico Gonzalo Ch\u00e1vez \u00c1lvarez escribi\u00f3 en su cuenta @GonzaloCHavezA: \u201cComo dijo Paz Estenssoro: Bolivia se nos muere. Se necesita una transfusi\u00f3n de $us 2000 millones de libre disponibilidad. Y una pol\u00edtica econ\u00f3mica de ajuste integral: corte fiscal, pol\u00edtica monetaria contractiva, cambiaria flexible, libre importaci\u00f3n y de promoci\u00f3n de exportaci\u00f3n\u201d.<br \/>\n\u201c(&#8230;) Qu\u00e9 desastre. Estamos en la lona. Ninguna soluci\u00f3n, esencialmente \u2018no salgan a la calle porque no hay gasolina\u2019\u0085 nada sobre la libre importaci\u00f3n de combustibles, nada de eliminar impuestos, nada de recortar el gasto, nada de nada\u0085 Bolivia se nos muere\u201d, lamenta el doctor en econom\u00eda Antonio Saravia en X.<br \/>\nSin duda la falta de divisas impide importar el combustible necesario, pero \u00bfVamos a importar todo el combustible que consumimos?, \u00bflo vamos a subsidiar eternamente?, cuestiona el analista del sector de hidrocarburos de la Fundaci\u00f3n Jubileo, Ra\u00fal Vel\u00e1squez en su cuenta @RaulVelag.<br \/>\nPlantea que los principales problemas son: pol\u00edtica hidrocarbur\u00edfera rentista y estatista, adem\u00e1s de dependencia energ\u00e9tica y fiscal.<\/p>\n","protected":false},"excerpt":{"rendered":"<p>La escasez de d\u00f3lares ha provocado la falta de combustible, el incremento del precio de los alimentos, mientras el Gobierno no cambia su modo de gastar en empresas p\u00fablicas que solo provocan d\u00e9ficits. El analista econ\u00f3mico Dar\u00edo Monasterio sostiene que depende del gobierno dar se\u00f1ales serias para cambiar la actual situaci\u00f3n y dejar al sector [&hellip;]<\/p>\n","protected":false},"author":1,"featured_media":288918,"comment_status":"closed","ping_status":"open","sticky":false,"template":"","format":"standard","meta":{"_acf_changed":false,"footnotes":""},"categories":[7],"tags":[],"class_list":["post-288917","post","type-post","status-publish","format-standard","has-post-thumbnail","category-economia"],"acf":{"antetitulo":"Bolivia pr\u00f3ximo a una recesi\u00f3n y m\u00e1s inflaci\u00f3n"},"yoast_head":"<!-- This site is optimized with the Yoast SEO plugin v28.4 - https:\/\/yoast.com\/product\/yoast-seo-wordpress\/ -->\n<title>Aliviar la crisis depende de se\u00f1ales serias del Gobierno para cambiar - El Diario - Bolivia<\/title>\n<meta name=\"robots\" content=\"index, follow, max-snippet:-1, max-image-preview:large, max-video-preview:-1\" \/>\n<link rel=\"canonical\" href=\"https:\/\/www.eldiario.net\/portal\/2025\/03\/17\/aliviar-la-crisis-depende-de-senales-serias-del-gobierno-para-cambiar\/\" \/>\n<meta property=\"og:locale\" content=\"es_ES\" \/>\n<meta property=\"og:type\" content=\"article\" \/>\n<meta property=\"og:title\" content=\"Aliviar la crisis depende de se\u00f1ales serias del Gobierno para cambiar - El Diario - Bolivia\" \/>\n<meta property=\"og:description\" content=\"La escasez de d\u00f3lares ha provocado la falta de combustible, el incremento del precio de los alimentos, mientras el Gobierno no cambia su modo de gastar en empresas p\u00fablicas que solo provocan d\u00e9ficits. El analista econ\u00f3mico Dar\u00edo Monasterio sostiene que depende del gobierno dar se\u00f1ales serias para cambiar la actual situaci\u00f3n y dejar al sector [&hellip;]\" \/>\n<meta property=\"og:url\" content=\"https:\/\/www.eldiario.net\/portal\/2025\/03\/17\/aliviar-la-crisis-depende-de-senales-serias-del-gobierno-para-cambiar\/\" \/>\n<meta property=\"og:site_name\" content=\"El Diario - Bolivia\" \/>\n<meta property=\"article:publisher\" content=\"https:\/\/www.facebook.com\/eldiario.bolivia\/\" \/>\n<meta property=\"article:published_time\" content=\"2025-03-17T10:27:00+00:00\" \/>\n<meta property=\"og:image\" content=\"https:\/\/www.eldiario.net\/portal\/wp-content\/uploads\/2025\/03\/boli.jpg\" \/>\n\t<meta property=\"og:image:width\" content=\"1200\" \/>\n\t<meta property=\"og:image:height\" content=\"800\" \/>\n\t<meta property=\"og:image:type\" content=\"image\/jpeg\" \/>\n<meta name=\"author\" content=\"Jeanette\" \/>\n<meta name=\"twitter:card\" content=\"summary_large_image\" \/>\n<meta name=\"twitter:creator\" content=\"@eldiario_net\" \/>\n<meta name=\"twitter:site\" content=\"@eldiario_net\" \/>\n<meta name=\"twitter:label1\" content=\"Escrito por\" \/>\n\t<meta name=\"twitter:data1\" content=\"Jeanette\" \/>\n\t<meta name=\"twitter:label2\" content=\"Tiempo de lectura\" \/>\n\t<meta name=\"twitter:data2\" content=\"7 minutos\" \/>\n<script type=\"application\/ld+json\" class=\"yoast-schema-graph\">{\"@context\":\"https:\\\/\\\/schema.org\",\"@graph\":[{\"@type\":\"Article\",\"@id\":\"https:\\\/\\\/www.eldiario.net\\\/portal\\\/2025\\\/03\\\/17\\\/aliviar-la-crisis-depende-de-senales-serias-del-gobierno-para-cambiar\\\/#article\",\"isPartOf\":{\"@id\":\"https:\\\/\\\/www.eldiario.net\\\/portal\\\/2025\\\/03\\\/17\\\/aliviar-la-crisis-depende-de-senales-serias-del-gobierno-para-cambiar\\\/\"},\"author\":{\"name\":\"Jeanette\",\"@id\":\"https:\\\/\\\/www.eldiario.net\\\/portal\\\/#\\\/schema\\\/person\\\/f46445640444750d7d753ccd04ae01b7\"},\"headline\":\"Aliviar la crisis depende de se\u00f1ales serias del Gobierno para cambiar\",\"datePublished\":\"2025-03-17T10:27:00+00:00\",\"mainEntityOfPage\":{\"@id\":\"https:\\\/\\\/www.eldiario.net\\\/portal\\\/2025\\\/03\\\/17\\\/aliviar-la-crisis-depende-de-senales-serias-del-gobierno-para-cambiar\\\/\"},\"wordCount\":1573,\"publisher\":{\"@id\":\"https:\\\/\\\/www.eldiario.net\\\/portal\\\/#organization\"},\"image\":{\"@id\":\"https:\\\/\\\/www.eldiario.net\\\/portal\\\/2025\\\/03\\\/17\\\/aliviar-la-crisis-depende-de-senales-serias-del-gobierno-para-cambiar\\\/#primaryimage\"},\"thumbnailUrl\":\"https:\\\/\\\/www.eldiario.net\\\/portal\\\/wp-content\\\/uploads\\\/2025\\\/03\\\/boli.jpg\",\"articleSection\":[\"Econom\u00eda\"],\"inLanguage\":\"es\"},{\"@type\":\"WebPage\",\"@id\":\"https:\\\/\\\/www.eldiario.net\\\/portal\\\/2025\\\/03\\\/17\\\/aliviar-la-crisis-depende-de-senales-serias-del-gobierno-para-cambiar\\\/\",\"url\":\"https:\\\/\\\/www.eldiario.net\\\/portal\\\/2025\\\/03\\\/17\\\/aliviar-la-crisis-depende-de-senales-serias-del-gobierno-para-cambiar\\\/\",\"name\":\"Aliviar la crisis depende de se\u00f1ales serias del Gobierno para cambiar - El Diario - Bolivia\",\"isPartOf\":{\"@id\":\"https:\\\/\\\/www.eldiario.net\\\/portal\\\/#website\"},\"primaryImageOfPage\":{\"@id\":\"https:\\\/\\\/www.eldiario.net\\\/portal\\\/2025\\\/03\\\/17\\\/aliviar-la-crisis-depende-de-senales-serias-del-gobierno-para-cambiar\\\/#primaryimage\"},\"image\":{\"@id\":\"https:\\\/\\\/www.eldiario.net\\\/portal\\\/2025\\\/03\\\/17\\\/aliviar-la-crisis-depende-de-senales-serias-del-gobierno-para-cambiar\\\/#primaryimage\"},\"thumbnailUrl\":\"https:\\\/\\\/www.eldiario.net\\\/portal\\\/wp-content\\\/uploads\\\/2025\\\/03\\\/boli.jpg\",\"datePublished\":\"2025-03-17T10:27:00+00:00\",\"breadcrumb\":{\"@id\":\"https:\\\/\\\/www.eldiario.net\\\/portal\\\/2025\\\/03\\\/17\\\/aliviar-la-crisis-depende-de-senales-serias-del-gobierno-para-cambiar\\\/#breadcrumb\"},\"inLanguage\":\"es\",\"potentialAction\":[{\"@type\":\"ReadAction\",\"target\":[\"https:\\\/\\\/www.eldiario.net\\\/portal\\\/2025\\\/03\\\/17\\\/aliviar-la-crisis-depende-de-senales-serias-del-gobierno-para-cambiar\\\/\"]}]},{\"@type\":\"ImageObject\",\"inLanguage\":\"es\",\"@id\":\"https:\\\/\\\/www.eldiario.net\\\/portal\\\/2025\\\/03\\\/17\\\/aliviar-la-crisis-depende-de-senales-serias-del-gobierno-para-cambiar\\\/#primaryimage\",\"url\":\"https:\\\/\\\/www.eldiario.net\\\/portal\\\/wp-content\\\/uploads\\\/2025\\\/03\\\/boli.jpg\",\"contentUrl\":\"https:\\\/\\\/www.eldiario.net\\\/portal\\\/wp-content\\\/uploads\\\/2025\\\/03\\\/boli.jpg\",\"width\":1200,\"height\":800,\"caption\":\"Filas de personas a la espera de comprar alimentos, las im\u00e1genes se repiten de la d\u00e9cada de los 80 y cada vez m\u00e1s similar a lo que sucede en Venezuela y Cuba.\"},{\"@type\":\"BreadcrumbList\",\"@id\":\"https:\\\/\\\/www.eldiario.net\\\/portal\\\/2025\\\/03\\\/17\\\/aliviar-la-crisis-depende-de-senales-serias-del-gobierno-para-cambiar\\\/#breadcrumb\",\"itemListElement\":[{\"@type\":\"ListItem\",\"position\":1,\"name\":\"Portada\",\"item\":\"https:\\\/\\\/www.eldiario.net\\\/portal\\\/\"},{\"@type\":\"ListItem\",\"position\":2,\"name\":\"Aliviar la crisis depende de se\u00f1ales serias del Gobierno para cambiar\"}]},{\"@type\":\"WebSite\",\"@id\":\"https:\\\/\\\/www.eldiario.net\\\/portal\\\/#website\",\"url\":\"https:\\\/\\\/www.eldiario.net\\\/portal\\\/\",\"name\":\"El Diario - Decano de la prensa nacional\",\"description\":\"El Diario - Decano de la prensa nacional\",\"publisher\":{\"@id\":\"https:\\\/\\\/www.eldiario.net\\\/portal\\\/#organization\"},\"potentialAction\":[{\"@type\":\"SearchAction\",\"target\":{\"@type\":\"EntryPoint\",\"urlTemplate\":\"https:\\\/\\\/www.eldiario.net\\\/portal\\\/?s={search_term_string}\"},\"query-input\":{\"@type\":\"PropertyValueSpecification\",\"valueRequired\":true,\"valueName\":\"search_term_string\"}}],\"inLanguage\":\"es\"},{\"@type\":\"Organization\",\"@id\":\"https:\\\/\\\/www.eldiario.net\\\/portal\\\/#organization\",\"name\":\"El Diario - Decano de la prensa nacional\",\"url\":\"https:\\\/\\\/www.eldiario.net\\\/portal\\\/\",\"logo\":{\"@type\":\"ImageObject\",\"inLanguage\":\"es\",\"@id\":\"https:\\\/\\\/www.eldiario.net\\\/portal\\\/#\\\/schema\\\/logo\\\/image\\\/\",\"url\":\"https:\\\/\\\/www.eldiario.net\\\/portal\\\/wp-content\\\/uploads\\\/2023\\\/07\\\/logo_ED.jpg\",\"contentUrl\":\"https:\\\/\\\/www.eldiario.net\\\/portal\\\/wp-content\\\/uploads\\\/2023\\\/07\\\/logo_ED.jpg\",\"width\":272,\"height\":52,\"caption\":\"El Diario - Decano de la prensa nacional\"},\"image\":{\"@id\":\"https:\\\/\\\/www.eldiario.net\\\/portal\\\/#\\\/schema\\\/logo\\\/image\\\/\"},\"sameAs\":[\"https:\\\/\\\/www.facebook.com\\\/eldiario.bolivia\\\/\",\"https:\\\/\\\/x.com\\\/eldiario_net\"]},{\"@type\":\"Person\",\"@id\":\"https:\\\/\\\/www.eldiario.net\\\/portal\\\/#\\\/schema\\\/person\\\/f46445640444750d7d753ccd04ae01b7\",\"name\":\"Jeanette\",\"image\":{\"@type\":\"ImageObject\",\"inLanguage\":\"es\",\"@id\":\"https:\\\/\\\/secure.gravatar.com\\\/avatar\\\/3ea2118a5f7dad2b7138b1187a6b7ee55f160b9968b66013c3a3ef39dd7e5798?s=96&d=mm&r=g\",\"url\":\"https:\\\/\\\/secure.gravatar.com\\\/avatar\\\/3ea2118a5f7dad2b7138b1187a6b7ee55f160b9968b66013c3a3ef39dd7e5798?s=96&d=mm&r=g\",\"contentUrl\":\"https:\\\/\\\/secure.gravatar.com\\\/avatar\\\/3ea2118a5f7dad2b7138b1187a6b7ee55f160b9968b66013c3a3ef39dd7e5798?s=96&d=mm&r=g\",\"caption\":\"Jeanette\"},\"sameAs\":[\"https:\\\/\\\/www.eldiario.net\\\/portal\"],\"url\":\"https:\\\/\\\/www.eldiario.net\\\/portal\\\/author\\\/jeanette\\\/\"}]}<\/script>\n<!-- \/ Yoast SEO plugin. -->","yoast_head_json":{"title":"Aliviar la crisis depende de se\u00f1ales serias del Gobierno para cambiar - El Diario - Bolivia","robots":{"index":"index","follow":"follow","max-snippet":"max-snippet:-1","max-image-preview":"max-image-preview:large","max-video-preview":"max-video-preview:-1"},"canonical":"https:\/\/www.eldiario.net\/portal\/2025\/03\/17\/aliviar-la-crisis-depende-de-senales-serias-del-gobierno-para-cambiar\/","og_locale":"es_ES","og_type":"article","og_title":"Aliviar la crisis depende de se\u00f1ales serias del Gobierno para cambiar - El Diario - Bolivia","og_description":"La escasez de d\u00f3lares ha provocado la falta de combustible, el incremento del precio de los alimentos, mientras el Gobierno no cambia su modo de gastar en empresas p\u00fablicas que solo provocan d\u00e9ficits. El analista econ\u00f3mico Dar\u00edo Monasterio sostiene que depende del gobierno dar se\u00f1ales serias para cambiar la actual situaci\u00f3n y dejar al sector [&hellip;]","og_url":"https:\/\/www.eldiario.net\/portal\/2025\/03\/17\/aliviar-la-crisis-depende-de-senales-serias-del-gobierno-para-cambiar\/","og_site_name":"El Diario - Bolivia","article_publisher":"https:\/\/www.facebook.com\/eldiario.bolivia\/","article_published_time":"2025-03-17T10:27:00+00:00","og_image":[{"width":1200,"height":800,"url":"https:\/\/www.eldiario.net\/portal\/wp-content\/uploads\/2025\/03\/boli.jpg","type":"image\/jpeg"}],"author":"Jeanette","twitter_card":"summary_large_image","twitter_creator":"@eldiario_net","twitter_site":"@eldiario_net","twitter_misc":{"Escrito por":"Jeanette","Tiempo de lectura":"7 minutos"},"schema":{"@context":"https:\/\/schema.org","@graph":[{"@type":"Article","@id":"https:\/\/www.eldiario.net\/portal\/2025\/03\/17\/aliviar-la-crisis-depende-de-senales-serias-del-gobierno-para-cambiar\/#article","isPartOf":{"@id":"https:\/\/www.eldiario.net\/portal\/2025\/03\/17\/aliviar-la-crisis-depende-de-senales-serias-del-gobierno-para-cambiar\/"},"author":{"name":"Jeanette","@id":"https:\/\/www.eldiario.net\/portal\/#\/schema\/person\/f46445640444750d7d753ccd04ae01b7"},"headline":"Aliviar la crisis depende de se\u00f1ales serias del Gobierno para cambiar","datePublished":"2025-03-17T10:27:00+00:00","mainEntityOfPage":{"@id":"https:\/\/www.eldiario.net\/portal\/2025\/03\/17\/aliviar-la-crisis-depende-de-senales-serias-del-gobierno-para-cambiar\/"},"wordCount":1573,"publisher":{"@id":"https:\/\/www.eldiario.net\/portal\/#organization"},"image":{"@id":"https:\/\/www.eldiario.net\/portal\/2025\/03\/17\/aliviar-la-crisis-depende-de-senales-serias-del-gobierno-para-cambiar\/#primaryimage"},"thumbnailUrl":"https:\/\/www.eldiario.net\/portal\/wp-content\/uploads\/2025\/03\/boli.jpg","articleSection":["Econom\u00eda"],"inLanguage":"es"},{"@type":"WebPage","@id":"https:\/\/www.eldiario.net\/portal\/2025\/03\/17\/aliviar-la-crisis-depende-de-senales-serias-del-gobierno-para-cambiar\/","url":"https:\/\/www.eldiario.net\/portal\/2025\/03\/17\/aliviar-la-crisis-depende-de-senales-serias-del-gobierno-para-cambiar\/","name":"Aliviar la crisis depende de se\u00f1ales serias del Gobierno para cambiar - El Diario - Bolivia","isPartOf":{"@id":"https:\/\/www.eldiario.net\/portal\/#website"},"primaryImageOfPage":{"@id":"https:\/\/www.eldiario.net\/portal\/2025\/03\/17\/aliviar-la-crisis-depende-de-senales-serias-del-gobierno-para-cambiar\/#primaryimage"},"image":{"@id":"https:\/\/www.eldiario.net\/portal\/2025\/03\/17\/aliviar-la-crisis-depende-de-senales-serias-del-gobierno-para-cambiar\/#primaryimage"},"thumbnailUrl":"https:\/\/www.eldiario.net\/portal\/wp-content\/uploads\/2025\/03\/boli.jpg","datePublished":"2025-03-17T10:27:00+00:00","breadcrumb":{"@id":"https:\/\/www.eldiario.net\/portal\/2025\/03\/17\/aliviar-la-crisis-depende-de-senales-serias-del-gobierno-para-cambiar\/#breadcrumb"},"inLanguage":"es","potentialAction":[{"@type":"ReadAction","target":["https:\/\/www.eldiario.net\/portal\/2025\/03\/17\/aliviar-la-crisis-depende-de-senales-serias-del-gobierno-para-cambiar\/"]}]},{"@type":"ImageObject","inLanguage":"es","@id":"https:\/\/www.eldiario.net\/portal\/2025\/03\/17\/aliviar-la-crisis-depende-de-senales-serias-del-gobierno-para-cambiar\/#primaryimage","url":"https:\/\/www.eldiario.net\/portal\/wp-content\/uploads\/2025\/03\/boli.jpg","contentUrl":"https:\/\/www.eldiario.net\/portal\/wp-content\/uploads\/2025\/03\/boli.jpg","width":1200,"height":800,"caption":"Filas de personas a la espera de comprar alimentos, las im\u00e1genes se repiten de la d\u00e9cada de los 80 y cada vez m\u00e1s similar a lo que sucede en Venezuela y Cuba."},{"@type":"BreadcrumbList","@id":"https:\/\/www.eldiario.net\/portal\/2025\/03\/17\/aliviar-la-crisis-depende-de-senales-serias-del-gobierno-para-cambiar\/#breadcrumb","itemListElement":[{"@type":"ListItem","position":1,"name":"Portada","item":"https:\/\/www.eldiario.net\/portal\/"},{"@type":"ListItem","position":2,"name":"Aliviar la crisis depende de se\u00f1ales serias del Gobierno para cambiar"}]},{"@type":"WebSite","@id":"https:\/\/www.eldiario.net\/portal\/#website","url":"https:\/\/www.eldiario.net\/portal\/","name":"El Diario - Decano de la prensa nacional","description":"El Diario - Decano de la prensa nacional","publisher":{"@id":"https:\/\/www.eldiario.net\/portal\/#organization"},"potentialAction":[{"@type":"SearchAction","target":{"@type":"EntryPoint","urlTemplate":"https:\/\/www.eldiario.net\/portal\/?s={search_term_string}"},"query-input":{"@type":"PropertyValueSpecification","valueRequired":true,"valueName":"search_term_string"}}],"inLanguage":"es"},{"@type":"Organization","@id":"https:\/\/www.eldiario.net\/portal\/#organization","name":"El Diario - Decano de la prensa nacional","url":"https:\/\/www.eldiario.net\/portal\/","logo":{"@type":"ImageObject","inLanguage":"es","@id":"https:\/\/www.eldiario.net\/portal\/#\/schema\/logo\/image\/","url":"https:\/\/www.eldiario.net\/portal\/wp-content\/uploads\/2023\/07\/logo_ED.jpg","contentUrl":"https:\/\/www.eldiario.net\/portal\/wp-content\/uploads\/2023\/07\/logo_ED.jpg","width":272,"height":52,"caption":"El Diario - Decano de la prensa nacional"},"image":{"@id":"https:\/\/www.eldiario.net\/portal\/#\/schema\/logo\/image\/"},"sameAs":["https:\/\/www.facebook.com\/eldiario.bolivia\/","https:\/\/x.com\/eldiario_net"]},{"@type":"Person","@id":"https:\/\/www.eldiario.net\/portal\/#\/schema\/person\/f46445640444750d7d753ccd04ae01b7","name":"Jeanette","image":{"@type":"ImageObject","inLanguage":"es","@id":"https:\/\/secure.gravatar.com\/avatar\/3ea2118a5f7dad2b7138b1187a6b7ee55f160b9968b66013c3a3ef39dd7e5798?s=96&d=mm&r=g","url":"https:\/\/secure.gravatar.com\/avatar\/3ea2118a5f7dad2b7138b1187a6b7ee55f160b9968b66013c3a3ef39dd7e5798?s=96&d=mm&r=g","contentUrl":"https:\/\/secure.gravatar.com\/avatar\/3ea2118a5f7dad2b7138b1187a6b7ee55f160b9968b66013c3a3ef39dd7e5798?s=96&d=mm&r=g","caption":"Jeanette"},"sameAs":["https:\/\/www.eldiario.net\/portal"],"url":"https:\/\/www.eldiario.net\/portal\/author\/jeanette\/"}]}},"_links":{"self":[{"href":"https:\/\/www.eldiario.net\/portal\/wp-json\/wp\/v2\/posts\/288917","targetHints":{"allow":["GET"]}}],"collection":[{"href":"https:\/\/www.eldiario.net\/portal\/wp-json\/wp\/v2\/posts"}],"about":[{"href":"https:\/\/www.eldiario.net\/portal\/wp-json\/wp\/v2\/types\/post"}],"author":[{"embeddable":true,"href":"https:\/\/www.eldiario.net\/portal\/wp-json\/wp\/v2\/users\/1"}],"replies":[{"embeddable":true,"href":"https:\/\/www.eldiario.net\/portal\/wp-json\/wp\/v2\/comments?post=288917"}],"version-history":[{"count":1,"href":"https:\/\/www.eldiario.net\/portal\/wp-json\/wp\/v2\/posts\/288917\/revisions"}],"predecessor-version":[{"id":288919,"href":"https:\/\/www.eldiario.net\/portal\/wp-json\/wp\/v2\/posts\/288917\/revisions\/288919"}],"wp:featuredmedia":[{"embeddable":true,"href":"https:\/\/www.eldiario.net\/portal\/wp-json\/wp\/v2\/media\/288918"}],"wp:attachment":[{"href":"https:\/\/www.eldiario.net\/portal\/wp-json\/wp\/v2\/media?parent=288917"}],"wp:term":[{"taxonomy":"category","embeddable":true,"href":"https:\/\/www.eldiario.net\/portal\/wp-json\/wp\/v2\/categories?post=288917"},{"taxonomy":"post_tag","embeddable":true,"href":"https:\/\/www.eldiario.net\/portal\/wp-json\/wp\/v2\/tags?post=288917"}],"curies":[{"name":"wp","href":"https:\/\/api.w.org\/{rel}","templated":true}]}}