{"id":288448,"date":"2025-03-15T06:51:25","date_gmt":"2025-03-15T10:51:25","guid":{"rendered":"https:\/\/www.eldiario.net\/portal\/?p=288448"},"modified":"2025-03-15T06:51:25","modified_gmt":"2025-03-15T10:51:25","slug":"semana-determinante-para-la-verde","status":"publish","type":"post","link":"https:\/\/www.eldiario.net\/portal\/2025\/03\/15\/semana-determinante-para-la-verde\/","title":{"rendered":"Semana determinante para LA VERDE"},"content":{"rendered":"<p>La semana que comienza ma\u00f1ana es determinante para las aspiaciones de la Selecci\u00f3n Boliviana de F\u00fatbol, que ayer cumpli\u00f3 el d\u00eda 5\u00b0 de trabajo, despu\u00e9s de la concentraci\u00f3n con miras a las fechas 13 y 14 de la Eliminatoria a la Copa del Mundo 2026.<br \/>\nLos dirigidos por \u00d3scar Villegas se van sumando poco a poco al grupo que se completar\u00e1 totalmente el pr\u00f3ximo martes, ya en tierras peruanas.<br \/>\nUna de las caracter\u00edsticas de este ciclo de entrenamiento es la cantidad de jugadores legionarios que fueron llamados a conformar el conjunto; sin embargo, a decir del propio t\u00e9cnico \u00abya la semilla est\u00e1 plantada y la estrategia est\u00e1 en ejecuci\u00f3n para demostrar que se est\u00e1 trabajando en busca de objetivos\u00bb.<br \/>\nEl combinado verde est\u00e1 ubicado en la zona de repechaje de las posiciones en la eliminatoria, ocupando el puesto 7, con 13 unidades acumuladas durante una campa\u00f1a de los \u00faltimos dos a\u00f1os, que trajo consigo el cambio de Director T\u00e9cnico (de Zago a Villegas) y que al mando de este \u00faltimo, tuvo una evoluci\u00f3n interesante, logrando primero zafarse del \u00faltimo lugar en las valoraciones sudamericanas al sumar puntos en calidad de local y visitante ante rivales fuertes.<br \/>\nDesde el concurso de \u00d3scar Villegas Bolivia super\u00f3 a Venezuela en El Alto (4-0), venci\u00f3 a Colombia (1-0), tambi\u00e9n en La Paz. Consigui\u00f3 un valioso triunfo frente a Chile (2-1) en Santiago, cay\u00f3 visitantado a Argentina (6-0) y en El Alto empat\u00f3 (2-2) con Paraguay.<br \/>\nEn este mes de marzo, el seleccionado se enfrenta ante la tarea de visitar a Per\u00fa (20 de marzo) y recibir a su similar de Uruguay (25 de marzo).<br \/>\nLa tarea inmediata es sacar ventaja frente a Per\u00fa, toda vez que en el partido de ida, disputado el 23 de noviembre de 2023, en La Paz se super\u00f3 a este rival por 2-0.<br \/>\nSin embargo, este contrincante le lleva ventaja a nuestro representativo con 3 victorias de 5 en partidos clasificatorios a la Copa del Mundo.<br \/>\nEl grupo de jugadores, la hinchada, el periodismo y la l\u00f3gica estad\u00edstica apuntan a que a Bolivia, el \u00fanico resultado que le servir\u00eda en Lima es una victoria, para seguir el proceso con miras a clasificar al Mundial 2026.<br \/>\nSi bien Per\u00fa se encuentra en un mal momento futbol\u00edstico, tiene posibilidades de recuperar su sitial, en caso de no perder ni un punto en su reducto en lo que queda de la competencia y por lo menos si saca de uno a tres puntos como visitante.<br \/>\nTRABAJO<br \/>\nEl trabajo concreto de Bolivia ahora, es afinar el perfil t\u00e1ctico que se presentar\u00e1 en Per\u00fa; teniendo como principal fortaleza la juventud talentosa emergente de los nuevos convocados; la velocidad, la efectividad y la intensidad de defensa en la \u00faltima l\u00ednea.<br \/>\nLa inteligencia para plantear el esquema de parte del cuerpo t\u00e9cnico no se lo difunde de manera verbal, m\u00e1s bien se lo exhibe el d\u00eda del partido. Y eso es lo que en general se espera de la Selecci\u00f3n Boliviana en este momento.<\/p>\n<p><em>GHILKA SANABRIA<\/em><\/p>\n","protected":false},"excerpt":{"rendered":"<p>La semana que comienza ma\u00f1ana es determinante para las aspiaciones de la Selecci\u00f3n Boliviana de F\u00fatbol, que ayer cumpli\u00f3 el d\u00eda 5\u00b0 de trabajo, despu\u00e9s de la concentraci\u00f3n con miras a las fechas 13 y 14 de la Eliminatoria a la Copa del Mundo 2026. Los dirigidos por \u00d3scar Villegas se van sumando poco a [&hellip;]<\/p>\n","protected":false},"author":1,"featured_media":288449,"comment_status":"closed","ping_status":"open","sticky":false,"template":"","format":"standard","meta":{"_acf_changed":false,"footnotes":""},"categories":[6],"tags":[],"class_list":["post-288448","post","type-post","status-publish","format-standard","has-post-thumbnail","category-deportes"],"acf":{"antetitulo":""},"yoast_head":"<!-- This site is optimized with the Yoast SEO plugin v28.4 - https:\/\/yoast.com\/product\/yoast-seo-wordpress\/ -->\n<title>Semana determinante para LA VERDE - El Diario - Bolivia<\/title>\n<meta name=\"robots\" content=\"index, follow, max-snippet:-1, max-image-preview:large, max-video-preview:-1\" \/>\n<link rel=\"canonical\" href=\"https:\/\/www.eldiario.net\/portal\/2025\/03\/15\/semana-determinante-para-la-verde\/\" \/>\n<meta property=\"og:locale\" content=\"es_ES\" \/>\n<meta property=\"og:type\" content=\"article\" \/>\n<meta property=\"og:title\" content=\"Semana determinante para LA VERDE - El Diario - Bolivia\" \/>\n<meta property=\"og:description\" content=\"La semana que comienza ma\u00f1ana es determinante para las aspiaciones de la Selecci\u00f3n Boliviana de F\u00fatbol, que ayer cumpli\u00f3 el d\u00eda 5\u00b0 de trabajo, despu\u00e9s de la concentraci\u00f3n con miras a las fechas 13 y 14 de la Eliminatoria a la Copa del Mundo 2026. Los dirigidos por \u00d3scar Villegas se van sumando poco a [&hellip;]\" \/>\n<meta property=\"og:url\" content=\"https:\/\/www.eldiario.net\/portal\/2025\/03\/15\/semana-determinante-para-la-verde\/\" \/>\n<meta property=\"og:site_name\" content=\"El Diario - Bolivia\" \/>\n<meta property=\"article:publisher\" content=\"https:\/\/www.facebook.com\/eldiario.bolivia\/\" \/>\n<meta property=\"article:published_time\" content=\"2025-03-15T10:51:25+00:00\" \/>\n<meta property=\"og:image\" content=\"https:\/\/www.eldiario.net\/portal\/wp-content\/uploads\/2025\/03\/FOTO-10.jpg\" \/>\n\t<meta property=\"og:image:width\" content=\"1200\" \/>\n\t<meta property=\"og:image:height\" content=\"724\" \/>\n\t<meta property=\"og:image:type\" content=\"image\/jpeg\" \/>\n<meta name=\"author\" content=\"Jeanette\" \/>\n<meta name=\"twitter:card\" content=\"summary_large_image\" \/>\n<meta name=\"twitter:creator\" content=\"@eldiario_net\" \/>\n<meta name=\"twitter:site\" content=\"@eldiario_net\" \/>\n<meta name=\"twitter:label1\" content=\"Escrito por\" \/>\n\t<meta name=\"twitter:data1\" content=\"Jeanette\" \/>\n\t<meta name=\"twitter:label2\" content=\"Tiempo de lectura\" \/>\n\t<meta name=\"twitter:data2\" content=\"3 minutos\" \/>\n<script type=\"application\/ld+json\" class=\"yoast-schema-graph\">{\"@context\":\"https:\\\/\\\/schema.org\",\"@graph\":[{\"@type\":\"Article\",\"@id\":\"https:\\\/\\\/www.eldiario.net\\\/portal\\\/2025\\\/03\\\/15\\\/semana-determinante-para-la-verde\\\/#article\",\"isPartOf\":{\"@id\":\"https:\\\/\\\/www.eldiario.net\\\/portal\\\/2025\\\/03\\\/15\\\/semana-determinante-para-la-verde\\\/\"},\"author\":{\"name\":\"Jeanette\",\"@id\":\"https:\\\/\\\/www.eldiario.net\\\/portal\\\/#\\\/schema\\\/person\\\/2c57cf2b7a7ae032e449e4c9b1019eac\"},\"headline\":\"Semana determinante para LA VERDE\",\"datePublished\":\"2025-03-15T10:51:25+00:00\",\"mainEntityOfPage\":{\"@id\":\"https:\\\/\\\/www.eldiario.net\\\/portal\\\/2025\\\/03\\\/15\\\/semana-determinante-para-la-verde\\\/\"},\"wordCount\":517,\"publisher\":{\"@id\":\"https:\\\/\\\/www.eldiario.net\\\/portal\\\/#organization\"},\"image\":{\"@id\":\"https:\\\/\\\/www.eldiario.net\\\/portal\\\/2025\\\/03\\\/15\\\/semana-determinante-para-la-verde\\\/#primaryimage\"},\"thumbnailUrl\":\"https:\\\/\\\/www.eldiario.net\\\/portal\\\/wp-content\\\/uploads\\\/2025\\\/03\\\/FOTO-10.jpg\",\"articleSection\":[\"Deportes\"],\"inLanguage\":\"es\"},{\"@type\":\"WebPage\",\"@id\":\"https:\\\/\\\/www.eldiario.net\\\/portal\\\/2025\\\/03\\\/15\\\/semana-determinante-para-la-verde\\\/\",\"url\":\"https:\\\/\\\/www.eldiario.net\\\/portal\\\/2025\\\/03\\\/15\\\/semana-determinante-para-la-verde\\\/\",\"name\":\"Semana determinante para LA VERDE - El Diario - Bolivia\",\"isPartOf\":{\"@id\":\"https:\\\/\\\/www.eldiario.net\\\/portal\\\/#website\"},\"primaryImageOfPage\":{\"@id\":\"https:\\\/\\\/www.eldiario.net\\\/portal\\\/2025\\\/03\\\/15\\\/semana-determinante-para-la-verde\\\/#primaryimage\"},\"image\":{\"@id\":\"https:\\\/\\\/www.eldiario.net\\\/portal\\\/2025\\\/03\\\/15\\\/semana-determinante-para-la-verde\\\/#primaryimage\"},\"thumbnailUrl\":\"https:\\\/\\\/www.eldiario.net\\\/portal\\\/wp-content\\\/uploads\\\/2025\\\/03\\\/FOTO-10.jpg\",\"datePublished\":\"2025-03-15T10:51:25+00:00\",\"breadcrumb\":{\"@id\":\"https:\\\/\\\/www.eldiario.net\\\/portal\\\/2025\\\/03\\\/15\\\/semana-determinante-para-la-verde\\\/#breadcrumb\"},\"inLanguage\":\"es\",\"potentialAction\":[{\"@type\":\"ReadAction\",\"target\":[\"https:\\\/\\\/www.eldiario.net\\\/portal\\\/2025\\\/03\\\/15\\\/semana-determinante-para-la-verde\\\/\"]}]},{\"@type\":\"ImageObject\",\"inLanguage\":\"es\",\"@id\":\"https:\\\/\\\/www.eldiario.net\\\/portal\\\/2025\\\/03\\\/15\\\/semana-determinante-para-la-verde\\\/#primaryimage\",\"url\":\"https:\\\/\\\/www.eldiario.net\\\/portal\\\/wp-content\\\/uploads\\\/2025\\\/03\\\/FOTO-10.jpg\",\"contentUrl\":\"https:\\\/\\\/www.eldiario.net\\\/portal\\\/wp-content\\\/uploads\\\/2025\\\/03\\\/FOTO-10.jpg\",\"width\":1200,\"height\":724},{\"@type\":\"BreadcrumbList\",\"@id\":\"https:\\\/\\\/www.eldiario.net\\\/portal\\\/2025\\\/03\\\/15\\\/semana-determinante-para-la-verde\\\/#breadcrumb\",\"itemListElement\":[{\"@type\":\"ListItem\",\"position\":1,\"name\":\"Portada\",\"item\":\"https:\\\/\\\/www.eldiario.net\\\/portal\\\/\"},{\"@type\":\"ListItem\",\"position\":2,\"name\":\"Semana determinante para LA VERDE\"}]},{\"@type\":\"WebSite\",\"@id\":\"https:\\\/\\\/www.eldiario.net\\\/portal\\\/#website\",\"url\":\"https:\\\/\\\/www.eldiario.net\\\/portal\\\/\",\"name\":\"El Diario - Decano de la prensa nacional\",\"description\":\"El Diario - Decano de la prensa nacional\",\"publisher\":{\"@id\":\"https:\\\/\\\/www.eldiario.net\\\/portal\\\/#organization\"},\"potentialAction\":[{\"@type\":\"SearchAction\",\"target\":{\"@type\":\"EntryPoint\",\"urlTemplate\":\"https:\\\/\\\/www.eldiario.net\\\/portal\\\/?s={search_term_string}\"},\"query-input\":{\"@type\":\"PropertyValueSpecification\",\"valueRequired\":true,\"valueName\":\"search_term_string\"}}],\"inLanguage\":\"es\"},{\"@type\":\"Organization\",\"@id\":\"https:\\\/\\\/www.eldiario.net\\\/portal\\\/#organization\",\"name\":\"El Diario - Decano de la prensa nacional\",\"url\":\"https:\\\/\\\/www.eldiario.net\\\/portal\\\/\",\"logo\":{\"@type\":\"ImageObject\",\"inLanguage\":\"es\",\"@id\":\"https:\\\/\\\/www.eldiario.net\\\/portal\\\/#\\\/schema\\\/logo\\\/image\\\/\",\"url\":\"https:\\\/\\\/www.eldiario.net\\\/portal\\\/wp-content\\\/uploads\\\/2023\\\/07\\\/logo_ED.jpg\",\"contentUrl\":\"https:\\\/\\\/www.eldiario.net\\\/portal\\\/wp-content\\\/uploads\\\/2023\\\/07\\\/logo_ED.jpg\",\"width\":272,\"height\":52,\"caption\":\"El Diario - Decano de la prensa nacional\"},\"image\":{\"@id\":\"https:\\\/\\\/www.eldiario.net\\\/portal\\\/#\\\/schema\\\/logo\\\/image\\\/\"},\"sameAs\":[\"https:\\\/\\\/www.facebook.com\\\/eldiario.bolivia\\\/\",\"https:\\\/\\\/x.com\\\/eldiario_net\"]},{\"@type\":\"Person\",\"@id\":\"https:\\\/\\\/www.eldiario.net\\\/portal\\\/#\\\/schema\\\/person\\\/2c57cf2b7a7ae032e449e4c9b1019eac\",\"name\":\"Jeanette\",\"image\":{\"@type\":\"ImageObject\",\"inLanguage\":\"es\",\"@id\":\"https:\\\/\\\/secure.gravatar.com\\\/avatar\\\/3ea2118a5f7dad2b7138b1187a6b7ee55f160b9968b66013c3a3ef39dd7e5798?s=96&d=mm&r=g\",\"url\":\"https:\\\/\\\/secure.gravatar.com\\\/avatar\\\/3ea2118a5f7dad2b7138b1187a6b7ee55f160b9968b66013c3a3ef39dd7e5798?s=96&d=mm&r=g\",\"contentUrl\":\"https:\\\/\\\/secure.gravatar.com\\\/avatar\\\/3ea2118a5f7dad2b7138b1187a6b7ee55f160b9968b66013c3a3ef39dd7e5798?s=96&d=mm&r=g\",\"caption\":\"Jeanette\"},\"sameAs\":[\"https:\\\/\\\/www.eldiario.net\\\/portal\"],\"url\":\"https:\\\/\\\/www.eldiario.net\\\/portal\\\/author\\\/jeanette\\\/\"}]}<\/script>\n<!-- \/ Yoast SEO plugin. -->","yoast_head_json":{"title":"Semana determinante para LA VERDE - El Diario - Bolivia","robots":{"index":"index","follow":"follow","max-snippet":"max-snippet:-1","max-image-preview":"max-image-preview:large","max-video-preview":"max-video-preview:-1"},"canonical":"https:\/\/www.eldiario.net\/portal\/2025\/03\/15\/semana-determinante-para-la-verde\/","og_locale":"es_ES","og_type":"article","og_title":"Semana determinante para LA VERDE - El Diario - Bolivia","og_description":"La semana que comienza ma\u00f1ana es determinante para las aspiaciones de la Selecci\u00f3n Boliviana de F\u00fatbol, que ayer cumpli\u00f3 el d\u00eda 5\u00b0 de trabajo, despu\u00e9s de la concentraci\u00f3n con miras a las fechas 13 y 14 de la Eliminatoria a la Copa del Mundo 2026. Los dirigidos por \u00d3scar Villegas se van sumando poco a [&hellip;]","og_url":"https:\/\/www.eldiario.net\/portal\/2025\/03\/15\/semana-determinante-para-la-verde\/","og_site_name":"El Diario - Bolivia","article_publisher":"https:\/\/www.facebook.com\/eldiario.bolivia\/","article_published_time":"2025-03-15T10:51:25+00:00","og_image":[{"width":1200,"height":724,"url":"https:\/\/www.eldiario.net\/portal\/wp-content\/uploads\/2025\/03\/FOTO-10.jpg","type":"image\/jpeg"}],"author":"Jeanette","twitter_card":"summary_large_image","twitter_creator":"@eldiario_net","twitter_site":"@eldiario_net","twitter_misc":{"Escrito por":"Jeanette","Tiempo de lectura":"3 minutos"},"schema":{"@context":"https:\/\/schema.org","@graph":[{"@type":"Article","@id":"https:\/\/www.eldiario.net\/portal\/2025\/03\/15\/semana-determinante-para-la-verde\/#article","isPartOf":{"@id":"https:\/\/www.eldiario.net\/portal\/2025\/03\/15\/semana-determinante-para-la-verde\/"},"author":{"name":"Jeanette","@id":"https:\/\/www.eldiario.net\/portal\/#\/schema\/person\/2c57cf2b7a7ae032e449e4c9b1019eac"},"headline":"Semana determinante para LA VERDE","datePublished":"2025-03-15T10:51:25+00:00","mainEntityOfPage":{"@id":"https:\/\/www.eldiario.net\/portal\/2025\/03\/15\/semana-determinante-para-la-verde\/"},"wordCount":517,"publisher":{"@id":"https:\/\/www.eldiario.net\/portal\/#organization"},"image":{"@id":"https:\/\/www.eldiario.net\/portal\/2025\/03\/15\/semana-determinante-para-la-verde\/#primaryimage"},"thumbnailUrl":"https:\/\/www.eldiario.net\/portal\/wp-content\/uploads\/2025\/03\/FOTO-10.jpg","articleSection":["Deportes"],"inLanguage":"es"},{"@type":"WebPage","@id":"https:\/\/www.eldiario.net\/portal\/2025\/03\/15\/semana-determinante-para-la-verde\/","url":"https:\/\/www.eldiario.net\/portal\/2025\/03\/15\/semana-determinante-para-la-verde\/","name":"Semana determinante para LA VERDE - El Diario - Bolivia","isPartOf":{"@id":"https:\/\/www.eldiario.net\/portal\/#website"},"primaryImageOfPage":{"@id":"https:\/\/www.eldiario.net\/portal\/2025\/03\/15\/semana-determinante-para-la-verde\/#primaryimage"},"image":{"@id":"https:\/\/www.eldiario.net\/portal\/2025\/03\/15\/semana-determinante-para-la-verde\/#primaryimage"},"thumbnailUrl":"https:\/\/www.eldiario.net\/portal\/wp-content\/uploads\/2025\/03\/FOTO-10.jpg","datePublished":"2025-03-15T10:51:25+00:00","breadcrumb":{"@id":"https:\/\/www.eldiario.net\/portal\/2025\/03\/15\/semana-determinante-para-la-verde\/#breadcrumb"},"inLanguage":"es","potentialAction":[{"@type":"ReadAction","target":["https:\/\/www.eldiario.net\/portal\/2025\/03\/15\/semana-determinante-para-la-verde\/"]}]},{"@type":"ImageObject","inLanguage":"es","@id":"https:\/\/www.eldiario.net\/portal\/2025\/03\/15\/semana-determinante-para-la-verde\/#primaryimage","url":"https:\/\/www.eldiario.net\/portal\/wp-content\/uploads\/2025\/03\/FOTO-10.jpg","contentUrl":"https:\/\/www.eldiario.net\/portal\/wp-content\/uploads\/2025\/03\/FOTO-10.jpg","width":1200,"height":724},{"@type":"BreadcrumbList","@id":"https:\/\/www.eldiario.net\/portal\/2025\/03\/15\/semana-determinante-para-la-verde\/#breadcrumb","itemListElement":[{"@type":"ListItem","position":1,"name":"Portada","item":"https:\/\/www.eldiario.net\/portal\/"},{"@type":"ListItem","position":2,"name":"Semana determinante para LA VERDE"}]},{"@type":"WebSite","@id":"https:\/\/www.eldiario.net\/portal\/#website","url":"https:\/\/www.eldiario.net\/portal\/","name":"El Diario - Decano de la prensa nacional","description":"El Diario - Decano de la prensa nacional","publisher":{"@id":"https:\/\/www.eldiario.net\/portal\/#organization"},"potentialAction":[{"@type":"SearchAction","target":{"@type":"EntryPoint","urlTemplate":"https:\/\/www.eldiario.net\/portal\/?s={search_term_string}"},"query-input":{"@type":"PropertyValueSpecification","valueRequired":true,"valueName":"search_term_string"}}],"inLanguage":"es"},{"@type":"Organization","@id":"https:\/\/www.eldiario.net\/portal\/#organization","name":"El Diario - Decano de la prensa nacional","url":"https:\/\/www.eldiario.net\/portal\/","logo":{"@type":"ImageObject","inLanguage":"es","@id":"https:\/\/www.eldiario.net\/portal\/#\/schema\/logo\/image\/","url":"https:\/\/www.eldiario.net\/portal\/wp-content\/uploads\/2023\/07\/logo_ED.jpg","contentUrl":"https:\/\/www.eldiario.net\/portal\/wp-content\/uploads\/2023\/07\/logo_ED.jpg","width":272,"height":52,"caption":"El Diario - Decano de la prensa nacional"},"image":{"@id":"https:\/\/www.eldiario.net\/portal\/#\/schema\/logo\/image\/"},"sameAs":["https:\/\/www.facebook.com\/eldiario.bolivia\/","https:\/\/x.com\/eldiario_net"]},{"@type":"Person","@id":"https:\/\/www.eldiario.net\/portal\/#\/schema\/person\/2c57cf2b7a7ae032e449e4c9b1019eac","name":"Jeanette","image":{"@type":"ImageObject","inLanguage":"es","@id":"https:\/\/secure.gravatar.com\/avatar\/3ea2118a5f7dad2b7138b1187a6b7ee55f160b9968b66013c3a3ef39dd7e5798?s=96&d=mm&r=g","url":"https:\/\/secure.gravatar.com\/avatar\/3ea2118a5f7dad2b7138b1187a6b7ee55f160b9968b66013c3a3ef39dd7e5798?s=96&d=mm&r=g","contentUrl":"https:\/\/secure.gravatar.com\/avatar\/3ea2118a5f7dad2b7138b1187a6b7ee55f160b9968b66013c3a3ef39dd7e5798?s=96&d=mm&r=g","caption":"Jeanette"},"sameAs":["https:\/\/www.eldiario.net\/portal"],"url":"https:\/\/www.eldiario.net\/portal\/author\/jeanette\/"}]}},"_links":{"self":[{"href":"https:\/\/www.eldiario.net\/portal\/wp-json\/wp\/v2\/posts\/288448","targetHints":{"allow":["GET"]}}],"collection":[{"href":"https:\/\/www.eldiario.net\/portal\/wp-json\/wp\/v2\/posts"}],"about":[{"href":"https:\/\/www.eldiario.net\/portal\/wp-json\/wp\/v2\/types\/post"}],"author":[{"embeddable":true,"href":"https:\/\/www.eldiario.net\/portal\/wp-json\/wp\/v2\/users\/1"}],"replies":[{"embeddable":true,"href":"https:\/\/www.eldiario.net\/portal\/wp-json\/wp\/v2\/comments?post=288448"}],"version-history":[{"count":1,"href":"https:\/\/www.eldiario.net\/portal\/wp-json\/wp\/v2\/posts\/288448\/revisions"}],"predecessor-version":[{"id":288450,"href":"https:\/\/www.eldiario.net\/portal\/wp-json\/wp\/v2\/posts\/288448\/revisions\/288450"}],"wp:featuredmedia":[{"embeddable":true,"href":"https:\/\/www.eldiario.net\/portal\/wp-json\/wp\/v2\/media\/288449"}],"wp:attachment":[{"href":"https:\/\/www.eldiario.net\/portal\/wp-json\/wp\/v2\/media?parent=288448"}],"wp:term":[{"taxonomy":"category","embeddable":true,"href":"https:\/\/www.eldiario.net\/portal\/wp-json\/wp\/v2\/categories?post=288448"},{"taxonomy":"post_tag","embeddable":true,"href":"https:\/\/www.eldiario.net\/portal\/wp-json\/wp\/v2\/tags?post=288448"}],"curies":[{"name":"wp","href":"https:\/\/api.w.org\/{rel}","templated":true}]}}