{"id":288439,"date":"2025-03-15T06:49:54","date_gmt":"2025-03-15T10:49:54","guid":{"rendered":"https:\/\/www.eldiario.net\/portal\/?p=288439"},"modified":"2025-03-15T06:49:54","modified_gmt":"2025-03-15T10:49:54","slug":"el-martes-se-completa-la-plantilla","status":"publish","type":"post","link":"https:\/\/www.eldiario.net\/portal\/2025\/03\/15\/el-martes-se-completa-la-plantilla\/","title":{"rendered":"El martes se completa la plantilla"},"content":{"rendered":"<p>El seleccionado boliviano de f\u00fatbol viajar\u00e1 el pr\u00f3ximo 18 a Lima en un vuelo charter, especialmente contratado para la delegaci\u00f3n.<br \/>\nSeg\u00fan se inform\u00f3 desde la Federaci\u00f3n Boliviana de F\u00fatbol (FBF) el equipo cumplir\u00e1 un trabajo de entrenamiento el mismo martes 18 en los predios de Alianza Lima (en Per\u00fa) y esta ser\u00e1 la primera oportunidad en que todos los convocados se encuentren juntos; ya que la \u00ablegi\u00f3n de extranjeros\u00bb reci\u00e9n se completar\u00e1 cuando se integren Gabriel Villamil, Boris C\u00e9pedes, Roberto Carlos Fern\u00e1ndez y Lucas Ch\u00e1vez.<br \/>\nAsimismo, reci\u00e9n desde ayer y lo que resta del fin de semana, se unen a los entrenamientos los convocados de Bol\u00edvar y Blooming que en la noche del jueves jugaron la primera final por la Copa de Verano de la FBF.<br \/>\nQuienes juegan en el extranjero y que lograron el permiso correspondiente de sus clubes para la faena boliviana, son Lucas Macazaga, \u00d3scar L\u00f3pez y Miguel Terceros.<br \/>\n(GS)<\/p>\n","protected":false},"excerpt":{"rendered":"<p>El seleccionado boliviano de f\u00fatbol viajar\u00e1 el pr\u00f3ximo 18 a Lima en un vuelo charter, especialmente contratado para la delegaci\u00f3n. Seg\u00fan se inform\u00f3 desde la Federaci\u00f3n Boliviana de F\u00fatbol (FBF) el equipo cumplir\u00e1 un trabajo de entrenamiento el mismo martes 18 en los predios de Alianza Lima (en Per\u00fa) y esta ser\u00e1 la primera oportunidad [&hellip;]<\/p>\n","protected":false},"author":1,"featured_media":288440,"comment_status":"closed","ping_status":"open","sticky":false,"template":"","format":"standard","meta":{"_acf_changed":false,"footnotes":""},"categories":[6],"tags":[],"class_list":["post-288439","post","type-post","status-publish","format-standard","has-post-thumbnail","category-deportes"],"acf":{"antetitulo":""},"yoast_head":"<!-- This site is optimized with the Yoast SEO plugin v28.4 - https:\/\/yoast.com\/product\/yoast-seo-wordpress\/ -->\n<title>El martes se completa la plantilla - El Diario - Bolivia<\/title>\n<meta name=\"robots\" content=\"index, follow, max-snippet:-1, max-image-preview:large, max-video-preview:-1\" \/>\n<link rel=\"canonical\" href=\"https:\/\/www.eldiario.net\/portal\/2025\/03\/15\/el-martes-se-completa-la-plantilla\/\" \/>\n<meta property=\"og:locale\" content=\"es_ES\" \/>\n<meta property=\"og:type\" content=\"article\" \/>\n<meta property=\"og:title\" content=\"El martes se completa la plantilla - El Diario - Bolivia\" \/>\n<meta property=\"og:description\" content=\"El seleccionado boliviano de f\u00fatbol viajar\u00e1 el pr\u00f3ximo 18 a Lima en un vuelo charter, especialmente contratado para la delegaci\u00f3n. Seg\u00fan se inform\u00f3 desde la Federaci\u00f3n Boliviana de F\u00fatbol (FBF) el equipo cumplir\u00e1 un trabajo de entrenamiento el mismo martes 18 en los predios de Alianza Lima (en Per\u00fa) y esta ser\u00e1 la primera oportunidad [&hellip;]\" \/>\n<meta property=\"og:url\" content=\"https:\/\/www.eldiario.net\/portal\/2025\/03\/15\/el-martes-se-completa-la-plantilla\/\" \/>\n<meta property=\"og:site_name\" content=\"El Diario - Bolivia\" \/>\n<meta property=\"article:publisher\" content=\"https:\/\/www.facebook.com\/eldiario.bolivia\/\" \/>\n<meta property=\"article:published_time\" content=\"2025-03-15T10:49:54+00:00\" \/>\n<meta property=\"og:image\" content=\"https:\/\/www.eldiario.net\/portal\/wp-content\/uploads\/2025\/03\/FOTO-15.jpg\" \/>\n\t<meta property=\"og:image:width\" content=\"690\" \/>\n\t<meta property=\"og:image:height\" content=\"665\" \/>\n\t<meta property=\"og:image:type\" content=\"image\/jpeg\" \/>\n<meta name=\"author\" content=\"Jeanette\" \/>\n<meta name=\"twitter:card\" content=\"summary_large_image\" \/>\n<meta name=\"twitter:creator\" content=\"@eldiario_net\" \/>\n<meta name=\"twitter:site\" content=\"@eldiario_net\" \/>\n<meta name=\"twitter:label1\" content=\"Escrito por\" \/>\n\t<meta name=\"twitter:data1\" content=\"Jeanette\" \/>\n\t<meta name=\"twitter:label2\" content=\"Tiempo de lectura\" \/>\n\t<meta name=\"twitter:data2\" content=\"1 minuto\" \/>\n<script type=\"application\/ld+json\" class=\"yoast-schema-graph\">{\"@context\":\"https:\\\/\\\/schema.org\",\"@graph\":[{\"@type\":\"Article\",\"@id\":\"https:\\\/\\\/www.eldiario.net\\\/portal\\\/2025\\\/03\\\/15\\\/el-martes-se-completa-la-plantilla\\\/#article\",\"isPartOf\":{\"@id\":\"https:\\\/\\\/www.eldiario.net\\\/portal\\\/2025\\\/03\\\/15\\\/el-martes-se-completa-la-plantilla\\\/\"},\"author\":{\"name\":\"Jeanette\",\"@id\":\"https:\\\/\\\/www.eldiario.net\\\/portal\\\/#\\\/schema\\\/person\\\/2c57cf2b7a7ae032e449e4c9b1019eac\"},\"headline\":\"El martes se completa la plantilla\",\"datePublished\":\"2025-03-15T10:49:54+00:00\",\"mainEntityOfPage\":{\"@id\":\"https:\\\/\\\/www.eldiario.net\\\/portal\\\/2025\\\/03\\\/15\\\/el-martes-se-completa-la-plantilla\\\/\"},\"wordCount\":171,\"publisher\":{\"@id\":\"https:\\\/\\\/www.eldiario.net\\\/portal\\\/#organization\"},\"image\":{\"@id\":\"https:\\\/\\\/www.eldiario.net\\\/portal\\\/2025\\\/03\\\/15\\\/el-martes-se-completa-la-plantilla\\\/#primaryimage\"},\"thumbnailUrl\":\"https:\\\/\\\/www.eldiario.net\\\/portal\\\/wp-content\\\/uploads\\\/2025\\\/03\\\/FOTO-15.jpg\",\"articleSection\":[\"Deportes\"],\"inLanguage\":\"es\"},{\"@type\":\"WebPage\",\"@id\":\"https:\\\/\\\/www.eldiario.net\\\/portal\\\/2025\\\/03\\\/15\\\/el-martes-se-completa-la-plantilla\\\/\",\"url\":\"https:\\\/\\\/www.eldiario.net\\\/portal\\\/2025\\\/03\\\/15\\\/el-martes-se-completa-la-plantilla\\\/\",\"name\":\"El martes se completa la plantilla - El Diario - Bolivia\",\"isPartOf\":{\"@id\":\"https:\\\/\\\/www.eldiario.net\\\/portal\\\/#website\"},\"primaryImageOfPage\":{\"@id\":\"https:\\\/\\\/www.eldiario.net\\\/portal\\\/2025\\\/03\\\/15\\\/el-martes-se-completa-la-plantilla\\\/#primaryimage\"},\"image\":{\"@id\":\"https:\\\/\\\/www.eldiario.net\\\/portal\\\/2025\\\/03\\\/15\\\/el-martes-se-completa-la-plantilla\\\/#primaryimage\"},\"thumbnailUrl\":\"https:\\\/\\\/www.eldiario.net\\\/portal\\\/wp-content\\\/uploads\\\/2025\\\/03\\\/FOTO-15.jpg\",\"datePublished\":\"2025-03-15T10:49:54+00:00\",\"breadcrumb\":{\"@id\":\"https:\\\/\\\/www.eldiario.net\\\/portal\\\/2025\\\/03\\\/15\\\/el-martes-se-completa-la-plantilla\\\/#breadcrumb\"},\"inLanguage\":\"es\",\"potentialAction\":[{\"@type\":\"ReadAction\",\"target\":[\"https:\\\/\\\/www.eldiario.net\\\/portal\\\/2025\\\/03\\\/15\\\/el-martes-se-completa-la-plantilla\\\/\"]}]},{\"@type\":\"ImageObject\",\"inLanguage\":\"es\",\"@id\":\"https:\\\/\\\/www.eldiario.net\\\/portal\\\/2025\\\/03\\\/15\\\/el-martes-se-completa-la-plantilla\\\/#primaryimage\",\"url\":\"https:\\\/\\\/www.eldiario.net\\\/portal\\\/wp-content\\\/uploads\\\/2025\\\/03\\\/FOTO-15.jpg\",\"contentUrl\":\"https:\\\/\\\/www.eldiario.net\\\/portal\\\/wp-content\\\/uploads\\\/2025\\\/03\\\/FOTO-15.jpg\",\"width\":690,\"height\":665},{\"@type\":\"BreadcrumbList\",\"@id\":\"https:\\\/\\\/www.eldiario.net\\\/portal\\\/2025\\\/03\\\/15\\\/el-martes-se-completa-la-plantilla\\\/#breadcrumb\",\"itemListElement\":[{\"@type\":\"ListItem\",\"position\":1,\"name\":\"Portada\",\"item\":\"https:\\\/\\\/www.eldiario.net\\\/portal\\\/\"},{\"@type\":\"ListItem\",\"position\":2,\"name\":\"El martes se completa la plantilla\"}]},{\"@type\":\"WebSite\",\"@id\":\"https:\\\/\\\/www.eldiario.net\\\/portal\\\/#website\",\"url\":\"https:\\\/\\\/www.eldiario.net\\\/portal\\\/\",\"name\":\"El Diario - Decano de la prensa nacional\",\"description\":\"El Diario - Decano de la prensa nacional\",\"publisher\":{\"@id\":\"https:\\\/\\\/www.eldiario.net\\\/portal\\\/#organization\"},\"potentialAction\":[{\"@type\":\"SearchAction\",\"target\":{\"@type\":\"EntryPoint\",\"urlTemplate\":\"https:\\\/\\\/www.eldiario.net\\\/portal\\\/?s={search_term_string}\"},\"query-input\":{\"@type\":\"PropertyValueSpecification\",\"valueRequired\":true,\"valueName\":\"search_term_string\"}}],\"inLanguage\":\"es\"},{\"@type\":\"Organization\",\"@id\":\"https:\\\/\\\/www.eldiario.net\\\/portal\\\/#organization\",\"name\":\"El Diario - Decano de la prensa nacional\",\"url\":\"https:\\\/\\\/www.eldiario.net\\\/portal\\\/\",\"logo\":{\"@type\":\"ImageObject\",\"inLanguage\":\"es\",\"@id\":\"https:\\\/\\\/www.eldiario.net\\\/portal\\\/#\\\/schema\\\/logo\\\/image\\\/\",\"url\":\"https:\\\/\\\/www.eldiario.net\\\/portal\\\/wp-content\\\/uploads\\\/2023\\\/07\\\/logo_ED.jpg\",\"contentUrl\":\"https:\\\/\\\/www.eldiario.net\\\/portal\\\/wp-content\\\/uploads\\\/2023\\\/07\\\/logo_ED.jpg\",\"width\":272,\"height\":52,\"caption\":\"El Diario - Decano de la prensa nacional\"},\"image\":{\"@id\":\"https:\\\/\\\/www.eldiario.net\\\/portal\\\/#\\\/schema\\\/logo\\\/image\\\/\"},\"sameAs\":[\"https:\\\/\\\/www.facebook.com\\\/eldiario.bolivia\\\/\",\"https:\\\/\\\/x.com\\\/eldiario_net\"]},{\"@type\":\"Person\",\"@id\":\"https:\\\/\\\/www.eldiario.net\\\/portal\\\/#\\\/schema\\\/person\\\/2c57cf2b7a7ae032e449e4c9b1019eac\",\"name\":\"Jeanette\",\"image\":{\"@type\":\"ImageObject\",\"inLanguage\":\"es\",\"@id\":\"https:\\\/\\\/secure.gravatar.com\\\/avatar\\\/3ea2118a5f7dad2b7138b1187a6b7ee55f160b9968b66013c3a3ef39dd7e5798?s=96&d=mm&r=g\",\"url\":\"https:\\\/\\\/secure.gravatar.com\\\/avatar\\\/3ea2118a5f7dad2b7138b1187a6b7ee55f160b9968b66013c3a3ef39dd7e5798?s=96&d=mm&r=g\",\"contentUrl\":\"https:\\\/\\\/secure.gravatar.com\\\/avatar\\\/3ea2118a5f7dad2b7138b1187a6b7ee55f160b9968b66013c3a3ef39dd7e5798?s=96&d=mm&r=g\",\"caption\":\"Jeanette\"},\"sameAs\":[\"https:\\\/\\\/www.eldiario.net\\\/portal\"],\"url\":\"https:\\\/\\\/www.eldiario.net\\\/portal\\\/author\\\/jeanette\\\/\"}]}<\/script>\n<!-- \/ Yoast SEO plugin. -->","yoast_head_json":{"title":"El martes se completa la plantilla - El Diario - Bolivia","robots":{"index":"index","follow":"follow","max-snippet":"max-snippet:-1","max-image-preview":"max-image-preview:large","max-video-preview":"max-video-preview:-1"},"canonical":"https:\/\/www.eldiario.net\/portal\/2025\/03\/15\/el-martes-se-completa-la-plantilla\/","og_locale":"es_ES","og_type":"article","og_title":"El martes se completa la plantilla - El Diario - Bolivia","og_description":"El seleccionado boliviano de f\u00fatbol viajar\u00e1 el pr\u00f3ximo 18 a Lima en un vuelo charter, especialmente contratado para la delegaci\u00f3n. Seg\u00fan se inform\u00f3 desde la Federaci\u00f3n Boliviana de F\u00fatbol (FBF) el equipo cumplir\u00e1 un trabajo de entrenamiento el mismo martes 18 en los predios de Alianza Lima (en Per\u00fa) y esta ser\u00e1 la primera oportunidad [&hellip;]","og_url":"https:\/\/www.eldiario.net\/portal\/2025\/03\/15\/el-martes-se-completa-la-plantilla\/","og_site_name":"El Diario - Bolivia","article_publisher":"https:\/\/www.facebook.com\/eldiario.bolivia\/","article_published_time":"2025-03-15T10:49:54+00:00","og_image":[{"width":690,"height":665,"url":"https:\/\/www.eldiario.net\/portal\/wp-content\/uploads\/2025\/03\/FOTO-15.jpg","type":"image\/jpeg"}],"author":"Jeanette","twitter_card":"summary_large_image","twitter_creator":"@eldiario_net","twitter_site":"@eldiario_net","twitter_misc":{"Escrito por":"Jeanette","Tiempo de lectura":"1 minuto"},"schema":{"@context":"https:\/\/schema.org","@graph":[{"@type":"Article","@id":"https:\/\/www.eldiario.net\/portal\/2025\/03\/15\/el-martes-se-completa-la-plantilla\/#article","isPartOf":{"@id":"https:\/\/www.eldiario.net\/portal\/2025\/03\/15\/el-martes-se-completa-la-plantilla\/"},"author":{"name":"Jeanette","@id":"https:\/\/www.eldiario.net\/portal\/#\/schema\/person\/2c57cf2b7a7ae032e449e4c9b1019eac"},"headline":"El martes se completa la plantilla","datePublished":"2025-03-15T10:49:54+00:00","mainEntityOfPage":{"@id":"https:\/\/www.eldiario.net\/portal\/2025\/03\/15\/el-martes-se-completa-la-plantilla\/"},"wordCount":171,"publisher":{"@id":"https:\/\/www.eldiario.net\/portal\/#organization"},"image":{"@id":"https:\/\/www.eldiario.net\/portal\/2025\/03\/15\/el-martes-se-completa-la-plantilla\/#primaryimage"},"thumbnailUrl":"https:\/\/www.eldiario.net\/portal\/wp-content\/uploads\/2025\/03\/FOTO-15.jpg","articleSection":["Deportes"],"inLanguage":"es"},{"@type":"WebPage","@id":"https:\/\/www.eldiario.net\/portal\/2025\/03\/15\/el-martes-se-completa-la-plantilla\/","url":"https:\/\/www.eldiario.net\/portal\/2025\/03\/15\/el-martes-se-completa-la-plantilla\/","name":"El martes se completa la plantilla - El Diario - Bolivia","isPartOf":{"@id":"https:\/\/www.eldiario.net\/portal\/#website"},"primaryImageOfPage":{"@id":"https:\/\/www.eldiario.net\/portal\/2025\/03\/15\/el-martes-se-completa-la-plantilla\/#primaryimage"},"image":{"@id":"https:\/\/www.eldiario.net\/portal\/2025\/03\/15\/el-martes-se-completa-la-plantilla\/#primaryimage"},"thumbnailUrl":"https:\/\/www.eldiario.net\/portal\/wp-content\/uploads\/2025\/03\/FOTO-15.jpg","datePublished":"2025-03-15T10:49:54+00:00","breadcrumb":{"@id":"https:\/\/www.eldiario.net\/portal\/2025\/03\/15\/el-martes-se-completa-la-plantilla\/#breadcrumb"},"inLanguage":"es","potentialAction":[{"@type":"ReadAction","target":["https:\/\/www.eldiario.net\/portal\/2025\/03\/15\/el-martes-se-completa-la-plantilla\/"]}]},{"@type":"ImageObject","inLanguage":"es","@id":"https:\/\/www.eldiario.net\/portal\/2025\/03\/15\/el-martes-se-completa-la-plantilla\/#primaryimage","url":"https:\/\/www.eldiario.net\/portal\/wp-content\/uploads\/2025\/03\/FOTO-15.jpg","contentUrl":"https:\/\/www.eldiario.net\/portal\/wp-content\/uploads\/2025\/03\/FOTO-15.jpg","width":690,"height":665},{"@type":"BreadcrumbList","@id":"https:\/\/www.eldiario.net\/portal\/2025\/03\/15\/el-martes-se-completa-la-plantilla\/#breadcrumb","itemListElement":[{"@type":"ListItem","position":1,"name":"Portada","item":"https:\/\/www.eldiario.net\/portal\/"},{"@type":"ListItem","position":2,"name":"El martes se completa la plantilla"}]},{"@type":"WebSite","@id":"https:\/\/www.eldiario.net\/portal\/#website","url":"https:\/\/www.eldiario.net\/portal\/","name":"El Diario - Decano de la prensa nacional","description":"El Diario - Decano de la prensa nacional","publisher":{"@id":"https:\/\/www.eldiario.net\/portal\/#organization"},"potentialAction":[{"@type":"SearchAction","target":{"@type":"EntryPoint","urlTemplate":"https:\/\/www.eldiario.net\/portal\/?s={search_term_string}"},"query-input":{"@type":"PropertyValueSpecification","valueRequired":true,"valueName":"search_term_string"}}],"inLanguage":"es"},{"@type":"Organization","@id":"https:\/\/www.eldiario.net\/portal\/#organization","name":"El Diario - Decano de la prensa nacional","url":"https:\/\/www.eldiario.net\/portal\/","logo":{"@type":"ImageObject","inLanguage":"es","@id":"https:\/\/www.eldiario.net\/portal\/#\/schema\/logo\/image\/","url":"https:\/\/www.eldiario.net\/portal\/wp-content\/uploads\/2023\/07\/logo_ED.jpg","contentUrl":"https:\/\/www.eldiario.net\/portal\/wp-content\/uploads\/2023\/07\/logo_ED.jpg","width":272,"height":52,"caption":"El Diario - Decano de la prensa nacional"},"image":{"@id":"https:\/\/www.eldiario.net\/portal\/#\/schema\/logo\/image\/"},"sameAs":["https:\/\/www.facebook.com\/eldiario.bolivia\/","https:\/\/x.com\/eldiario_net"]},{"@type":"Person","@id":"https:\/\/www.eldiario.net\/portal\/#\/schema\/person\/2c57cf2b7a7ae032e449e4c9b1019eac","name":"Jeanette","image":{"@type":"ImageObject","inLanguage":"es","@id":"https:\/\/secure.gravatar.com\/avatar\/3ea2118a5f7dad2b7138b1187a6b7ee55f160b9968b66013c3a3ef39dd7e5798?s=96&d=mm&r=g","url":"https:\/\/secure.gravatar.com\/avatar\/3ea2118a5f7dad2b7138b1187a6b7ee55f160b9968b66013c3a3ef39dd7e5798?s=96&d=mm&r=g","contentUrl":"https:\/\/secure.gravatar.com\/avatar\/3ea2118a5f7dad2b7138b1187a6b7ee55f160b9968b66013c3a3ef39dd7e5798?s=96&d=mm&r=g","caption":"Jeanette"},"sameAs":["https:\/\/www.eldiario.net\/portal"],"url":"https:\/\/www.eldiario.net\/portal\/author\/jeanette\/"}]}},"_links":{"self":[{"href":"https:\/\/www.eldiario.net\/portal\/wp-json\/wp\/v2\/posts\/288439","targetHints":{"allow":["GET"]}}],"collection":[{"href":"https:\/\/www.eldiario.net\/portal\/wp-json\/wp\/v2\/posts"}],"about":[{"href":"https:\/\/www.eldiario.net\/portal\/wp-json\/wp\/v2\/types\/post"}],"author":[{"embeddable":true,"href":"https:\/\/www.eldiario.net\/portal\/wp-json\/wp\/v2\/users\/1"}],"replies":[{"embeddable":true,"href":"https:\/\/www.eldiario.net\/portal\/wp-json\/wp\/v2\/comments?post=288439"}],"version-history":[{"count":1,"href":"https:\/\/www.eldiario.net\/portal\/wp-json\/wp\/v2\/posts\/288439\/revisions"}],"predecessor-version":[{"id":288441,"href":"https:\/\/www.eldiario.net\/portal\/wp-json\/wp\/v2\/posts\/288439\/revisions\/288441"}],"wp:featuredmedia":[{"embeddable":true,"href":"https:\/\/www.eldiario.net\/portal\/wp-json\/wp\/v2\/media\/288440"}],"wp:attachment":[{"href":"https:\/\/www.eldiario.net\/portal\/wp-json\/wp\/v2\/media?parent=288439"}],"wp:term":[{"taxonomy":"category","embeddable":true,"href":"https:\/\/www.eldiario.net\/portal\/wp-json\/wp\/v2\/categories?post=288439"},{"taxonomy":"post_tag","embeddable":true,"href":"https:\/\/www.eldiario.net\/portal\/wp-json\/wp\/v2\/tags?post=288439"}],"curies":[{"name":"wp","href":"https:\/\/api.w.org\/{rel}","templated":true}]}}