{"id":288428,"date":"2025-03-15T06:45:28","date_gmt":"2025-03-15T10:45:28","guid":{"rendered":"https:\/\/www.eldiario.net\/portal\/?p=288428"},"modified":"2025-03-15T06:45:28","modified_gmt":"2025-03-15T10:45:28","slug":"por-mucho-menos-se-fue-el-goni","status":"publish","type":"post","link":"https:\/\/www.eldiario.net\/portal\/2025\/03\/15\/por-mucho-menos-se-fue-el-goni\/","title":{"rendered":"Por mucho menos se fue el Goni"},"content":{"rendered":"<p>En la \u00e9poca cr\u00edtica que enfrent\u00f3 Bolivia en 2003, durante el Gobierno de S\u00e1nchez de Lozada, yo cursaba el tercero de primaria y ten\u00eda ocho a\u00f1os, pero ya me gustaba escuchar noticias y me daba cuenta de lo que estaba ocurriendo en el pa\u00eds. Me intrigaba \u2014y s\u00e9 que lo que contin\u00faa es pol\u00edticamente incorrecto\u2014 c\u00f3mo personas de un nivel educativo relativamente bajo y, principalmente, que ten\u00edan \u2014como todo el mundo, adem\u00e1s\u2014 intereses sobre todo econ\u00f3micos y de corto plazo pod\u00edan indignarse hasta ese grado por un asunto de pueril nacionalismo; a saber, por la posibilidad de que Bolivia exportase gas por Chile, pa\u00eds que, debido a la guerra del Pac\u00edfico, abri\u00f3 profundas heridas en las sensibilidades del grueso de la naci\u00f3n boliviana (sobre todo del occidente). Me parec\u00eda una raz\u00f3n balad\u00ed, pues deduc\u00eda que los r\u00e9ditos econ\u00f3micos de aquella exportaci\u00f3n gas\u00edfera podr\u00edan ser beneficiosos para el pa\u00eds y para aquellos que armaban barricadas en las calles y se expon\u00edan a la muerte.<br \/>\nObviamente ya con los a\u00f1os me di cuenta de que m\u00e1s all\u00e1 de todo eso hab\u00eda varios otros motivos m\u00e1s para la sedici\u00f3n: un neoliberalismo que hab\u00eda sido corrupto y odiosamente exclusivo (que no hab\u00eda incluido a sectores sociales hist\u00f3ricamente marginados) y un sistema de partidos decadente y que ya estaba en estado de coma; todo eso, comprensiblemente, hab\u00eda terminado cabreando a la sociedad. Lo de la exportaci\u00f3n de gas por Chile deb\u00eda ser, por tanto, solo la punta de un gigantesco iceberg.<br \/>\nSin embargo, considero que la crisis actual supera con creces a aquella de inicios de siglo, pues ahora no hay d\u00f3lares ni carburantes, los precios de la mayor parte de los bienes y servicios se han incrementado (y los pron\u00f3sticos econ\u00f3micos indican que seguir\u00e1n escalando) y muchas operaciones financieras con comercios del exterior ya no pueden realizarse desde este pa\u00eds que ha quedado m\u00e1s aislado. Pero aparte de todo este dif\u00edcil panorama econ\u00f3mico, hay casi 20 a\u00f1os de un r\u00e9gimen que destruy\u00f3 sistem\u00e1ticamente las instituciones, viol\u00f3 reiteradas veces la Constituci\u00f3n que aquel mismo puso en vigencia, rob\u00f3 en cantidades inimaginables y malvers\u00f3 fondos p\u00fablicos como nunca antes en la historia (60 mil millones de d\u00f3lares de la renta petrolera y 20 mil millones de reservas internacionales).<br \/>\nEn este sentido, cualquier persona reflexiva puede leg\u00edtimamente preguntarse a qu\u00e9 se debe este estoicismo, esta pasividad (resiliencia le llaman muchos) social generalizada\u2026 Puede preguntarse, por ejemplo, por qu\u00e9 dos sociedades hist\u00f3ricamente tan levantiscas como la alte\u00f1a y la pace\u00f1a, ahora quedan m\u00e1s o menos indiferentes ante la manifiesta incapacidad del actual r\u00e9gimen. (Digo a prop\u00f3sito \u201cr\u00e9gimen\u201d y no \u201cgobierno\u201d, porque creo que la incapacidad de los operadores pol\u00edticos no es propia solo del gobierno de Arce Catacora, sino de todo el llamado Proceso de Cambio.) O puede preguntarse qu\u00e9 hay de Santa Cruz de la Sierra, aquella ciudad que muchos consideran un basti\u00f3n pol\u00edtico emergente\u2026 \u00bfSer\u00e1 que las masivas protestas ciudadanas que provocaron la ca\u00edda de Evo Morales en 2019 generaron un hast\u00edo cr\u00f3nico en la sociedad, un efecto de cansancio que se prolonga hasta el presente?<br \/>\nL\u00e9ase este art\u00edculo palabra por palabra: no estoy incitando a la sedici\u00f3n ni nada parecido, sino haciendo un an\u00e1lisis cr\u00edtico para dar cuenta de c\u00f3mo las sociedades pueden reaccionar de muy diferentes maneras ante situaciones cr\u00edticas relativamente similares. En 2003 hab\u00eda una crisis pol\u00edtica, social y, en menor grado, econ\u00f3mica, y hubo enfrentamientos sangrientos, decenas de muertes y el derrocamiento de un gobierno. En 2025 hay una crisis multidimensional y galopante: pol\u00edtica, social y, sobre todo, econ\u00f3mica, pero las personas est\u00e1n aparentemente imp\u00e1vidas. \u00bfSe deber\u00e1 esta actitud pasiva y hasta indiferente a la proximidad de las elecciones generales y la consecuente esperanza de que en tal evento se podr\u00e1 elegir un nuevo gobierno e inaugurar un nuevo r\u00e9gimen? \u00bfO la paciencia de las personas estar\u00e1 llegando al l\u00edmite y, por tanto, hay el peligro de un gran levantamiento? En caso de que se llegue a las elecciones de agosto, \u00bfc\u00f3mo se decantar\u00e1n las preferencias en el voto, ahora que se sabe que el tal modelo econ\u00f3mico social comunitario productivo era un fiasco?<br \/>\nAnte la actual reacci\u00f3n pasiva de la sociedad boliviana no tengo respuestas, solo preguntas.<\/p>\n<p>Ignacio Vera de Rada es polit\u00f3logo y comunicador social.<\/p>\n","protected":false},"excerpt":{"rendered":"<p>En la \u00e9poca cr\u00edtica que enfrent\u00f3 Bolivia en 2003, durante el Gobierno de S\u00e1nchez de Lozada, yo cursaba el tercero de primaria y ten\u00eda ocho a\u00f1os, pero ya me gustaba escuchar noticias y me daba cuenta de lo que estaba ocurriendo en el pa\u00eds. Me intrigaba \u2014y s\u00e9 que lo que contin\u00faa es pol\u00edticamente incorrecto\u2014 [&hellip;]<\/p>\n","protected":false},"author":1,"featured_media":158964,"comment_status":"closed","ping_status":"open","sticky":false,"template":"","format":"standard","meta":{"_acf_changed":false,"footnotes":""},"categories":[9],"tags":[],"class_list":["post-288428","post","type-post","status-publish","format-standard","has-post-thumbnail","category-opinion"],"acf":{"antetitulo":"La espada en la palabra"},"yoast_head":"<!-- This site is optimized with the Yoast SEO plugin v28.4 - https:\/\/yoast.com\/product\/yoast-seo-wordpress\/ -->\n<title>Por mucho menos se fue el Goni - El Diario - Bolivia<\/title>\n<meta name=\"robots\" content=\"index, follow, max-snippet:-1, max-image-preview:large, max-video-preview:-1\" \/>\n<link rel=\"canonical\" href=\"https:\/\/www.eldiario.net\/portal\/2025\/03\/15\/por-mucho-menos-se-fue-el-goni\/\" \/>\n<meta property=\"og:locale\" content=\"es_ES\" \/>\n<meta property=\"og:type\" content=\"article\" \/>\n<meta property=\"og:title\" content=\"Por mucho menos se fue el Goni - El Diario - Bolivia\" \/>\n<meta property=\"og:description\" content=\"En la \u00e9poca cr\u00edtica que enfrent\u00f3 Bolivia en 2003, durante el Gobierno de S\u00e1nchez de Lozada, yo cursaba el tercero de primaria y ten\u00eda ocho a\u00f1os, pero ya me gustaba escuchar noticias y me daba cuenta de lo que estaba ocurriendo en el pa\u00eds. Me intrigaba \u2014y s\u00e9 que lo que contin\u00faa es pol\u00edticamente incorrecto\u2014 [&hellip;]\" \/>\n<meta property=\"og:url\" content=\"https:\/\/www.eldiario.net\/portal\/2025\/03\/15\/por-mucho-menos-se-fue-el-goni\/\" \/>\n<meta property=\"og:site_name\" content=\"El Diario - Bolivia\" \/>\n<meta property=\"article:publisher\" content=\"https:\/\/www.facebook.com\/eldiario.bolivia\/\" \/>\n<meta property=\"article:published_time\" content=\"2025-03-15T10:45:28+00:00\" \/>\n<meta property=\"og:image\" content=\"https:\/\/www.eldiario.net\/portal\/wp-content\/uploads\/2023\/06\/Ignacio-Vera-de-Rada-1.jpg\" \/>\n\t<meta property=\"og:image:width\" content=\"1200\" \/>\n\t<meta property=\"og:image:height\" content=\"628\" \/>\n\t<meta property=\"og:image:type\" content=\"image\/jpeg\" \/>\n<meta name=\"author\" content=\"Jeanette\" \/>\n<meta name=\"twitter:card\" content=\"summary_large_image\" \/>\n<meta name=\"twitter:creator\" content=\"@eldiario_net\" \/>\n<meta name=\"twitter:site\" content=\"@eldiario_net\" \/>\n<meta name=\"twitter:label1\" content=\"Escrito por\" \/>\n\t<meta name=\"twitter:data1\" content=\"Jeanette\" \/>\n\t<meta name=\"twitter:label2\" content=\"Tiempo de lectura\" \/>\n\t<meta name=\"twitter:data2\" content=\"4 minutos\" \/>\n<script type=\"application\/ld+json\" class=\"yoast-schema-graph\">{\"@context\":\"https:\\\/\\\/schema.org\",\"@graph\":[{\"@type\":\"Article\",\"@id\":\"https:\\\/\\\/www.eldiario.net\\\/portal\\\/2025\\\/03\\\/15\\\/por-mucho-menos-se-fue-el-goni\\\/#article\",\"isPartOf\":{\"@id\":\"https:\\\/\\\/www.eldiario.net\\\/portal\\\/2025\\\/03\\\/15\\\/por-mucho-menos-se-fue-el-goni\\\/\"},\"author\":{\"name\":\"Jeanette\",\"@id\":\"https:\\\/\\\/www.eldiario.net\\\/portal\\\/#\\\/schema\\\/person\\\/2c57cf2b7a7ae032e449e4c9b1019eac\"},\"headline\":\"Por mucho menos se fue el Goni\",\"datePublished\":\"2025-03-15T10:45:28+00:00\",\"mainEntityOfPage\":{\"@id\":\"https:\\\/\\\/www.eldiario.net\\\/portal\\\/2025\\\/03\\\/15\\\/por-mucho-menos-se-fue-el-goni\\\/\"},\"wordCount\":790,\"publisher\":{\"@id\":\"https:\\\/\\\/www.eldiario.net\\\/portal\\\/#organization\"},\"image\":{\"@id\":\"https:\\\/\\\/www.eldiario.net\\\/portal\\\/2025\\\/03\\\/15\\\/por-mucho-menos-se-fue-el-goni\\\/#primaryimage\"},\"thumbnailUrl\":\"https:\\\/\\\/www.eldiario.net\\\/portal\\\/wp-content\\\/uploads\\\/2023\\\/06\\\/Ignacio-Vera-de-Rada-1.jpg\",\"articleSection\":[\"Opini\u00f3n\"],\"inLanguage\":\"es\"},{\"@type\":\"WebPage\",\"@id\":\"https:\\\/\\\/www.eldiario.net\\\/portal\\\/2025\\\/03\\\/15\\\/por-mucho-menos-se-fue-el-goni\\\/\",\"url\":\"https:\\\/\\\/www.eldiario.net\\\/portal\\\/2025\\\/03\\\/15\\\/por-mucho-menos-se-fue-el-goni\\\/\",\"name\":\"Por mucho menos se fue el Goni - El Diario - Bolivia\",\"isPartOf\":{\"@id\":\"https:\\\/\\\/www.eldiario.net\\\/portal\\\/#website\"},\"primaryImageOfPage\":{\"@id\":\"https:\\\/\\\/www.eldiario.net\\\/portal\\\/2025\\\/03\\\/15\\\/por-mucho-menos-se-fue-el-goni\\\/#primaryimage\"},\"image\":{\"@id\":\"https:\\\/\\\/www.eldiario.net\\\/portal\\\/2025\\\/03\\\/15\\\/por-mucho-menos-se-fue-el-goni\\\/#primaryimage\"},\"thumbnailUrl\":\"https:\\\/\\\/www.eldiario.net\\\/portal\\\/wp-content\\\/uploads\\\/2023\\\/06\\\/Ignacio-Vera-de-Rada-1.jpg\",\"datePublished\":\"2025-03-15T10:45:28+00:00\",\"breadcrumb\":{\"@id\":\"https:\\\/\\\/www.eldiario.net\\\/portal\\\/2025\\\/03\\\/15\\\/por-mucho-menos-se-fue-el-goni\\\/#breadcrumb\"},\"inLanguage\":\"es\",\"potentialAction\":[{\"@type\":\"ReadAction\",\"target\":[\"https:\\\/\\\/www.eldiario.net\\\/portal\\\/2025\\\/03\\\/15\\\/por-mucho-menos-se-fue-el-goni\\\/\"]}]},{\"@type\":\"ImageObject\",\"inLanguage\":\"es\",\"@id\":\"https:\\\/\\\/www.eldiario.net\\\/portal\\\/2025\\\/03\\\/15\\\/por-mucho-menos-se-fue-el-goni\\\/#primaryimage\",\"url\":\"https:\\\/\\\/www.eldiario.net\\\/portal\\\/wp-content\\\/uploads\\\/2023\\\/06\\\/Ignacio-Vera-de-Rada-1.jpg\",\"contentUrl\":\"https:\\\/\\\/www.eldiario.net\\\/portal\\\/wp-content\\\/uploads\\\/2023\\\/06\\\/Ignacio-Vera-de-Rada-1.jpg\",\"width\":1200,\"height\":628,\"caption\":\"Ignacio Vera de Rada\"},{\"@type\":\"BreadcrumbList\",\"@id\":\"https:\\\/\\\/www.eldiario.net\\\/portal\\\/2025\\\/03\\\/15\\\/por-mucho-menos-se-fue-el-goni\\\/#breadcrumb\",\"itemListElement\":[{\"@type\":\"ListItem\",\"position\":1,\"name\":\"Portada\",\"item\":\"https:\\\/\\\/www.eldiario.net\\\/portal\\\/\"},{\"@type\":\"ListItem\",\"position\":2,\"name\":\"Por mucho menos se fue el Goni\"}]},{\"@type\":\"WebSite\",\"@id\":\"https:\\\/\\\/www.eldiario.net\\\/portal\\\/#website\",\"url\":\"https:\\\/\\\/www.eldiario.net\\\/portal\\\/\",\"name\":\"El Diario - Decano de la prensa nacional\",\"description\":\"El Diario - Decano de la prensa nacional\",\"publisher\":{\"@id\":\"https:\\\/\\\/www.eldiario.net\\\/portal\\\/#organization\"},\"potentialAction\":[{\"@type\":\"SearchAction\",\"target\":{\"@type\":\"EntryPoint\",\"urlTemplate\":\"https:\\\/\\\/www.eldiario.net\\\/portal\\\/?s={search_term_string}\"},\"query-input\":{\"@type\":\"PropertyValueSpecification\",\"valueRequired\":true,\"valueName\":\"search_term_string\"}}],\"inLanguage\":\"es\"},{\"@type\":\"Organization\",\"@id\":\"https:\\\/\\\/www.eldiario.net\\\/portal\\\/#organization\",\"name\":\"El Diario - Decano de la prensa nacional\",\"url\":\"https:\\\/\\\/www.eldiario.net\\\/portal\\\/\",\"logo\":{\"@type\":\"ImageObject\",\"inLanguage\":\"es\",\"@id\":\"https:\\\/\\\/www.eldiario.net\\\/portal\\\/#\\\/schema\\\/logo\\\/image\\\/\",\"url\":\"https:\\\/\\\/www.eldiario.net\\\/portal\\\/wp-content\\\/uploads\\\/2023\\\/07\\\/logo_ED.jpg\",\"contentUrl\":\"https:\\\/\\\/www.eldiario.net\\\/portal\\\/wp-content\\\/uploads\\\/2023\\\/07\\\/logo_ED.jpg\",\"width\":272,\"height\":52,\"caption\":\"El Diario - Decano de la prensa nacional\"},\"image\":{\"@id\":\"https:\\\/\\\/www.eldiario.net\\\/portal\\\/#\\\/schema\\\/logo\\\/image\\\/\"},\"sameAs\":[\"https:\\\/\\\/www.facebook.com\\\/eldiario.bolivia\\\/\",\"https:\\\/\\\/x.com\\\/eldiario_net\"]},{\"@type\":\"Person\",\"@id\":\"https:\\\/\\\/www.eldiario.net\\\/portal\\\/#\\\/schema\\\/person\\\/2c57cf2b7a7ae032e449e4c9b1019eac\",\"name\":\"Jeanette\",\"image\":{\"@type\":\"ImageObject\",\"inLanguage\":\"es\",\"@id\":\"https:\\\/\\\/secure.gravatar.com\\\/avatar\\\/3ea2118a5f7dad2b7138b1187a6b7ee55f160b9968b66013c3a3ef39dd7e5798?s=96&d=mm&r=g\",\"url\":\"https:\\\/\\\/secure.gravatar.com\\\/avatar\\\/3ea2118a5f7dad2b7138b1187a6b7ee55f160b9968b66013c3a3ef39dd7e5798?s=96&d=mm&r=g\",\"contentUrl\":\"https:\\\/\\\/secure.gravatar.com\\\/avatar\\\/3ea2118a5f7dad2b7138b1187a6b7ee55f160b9968b66013c3a3ef39dd7e5798?s=96&d=mm&r=g\",\"caption\":\"Jeanette\"},\"sameAs\":[\"https:\\\/\\\/www.eldiario.net\\\/portal\"],\"url\":\"https:\\\/\\\/www.eldiario.net\\\/portal\\\/author\\\/jeanette\\\/\"}]}<\/script>\n<!-- \/ Yoast SEO plugin. -->","yoast_head_json":{"title":"Por mucho menos se fue el Goni - El Diario - Bolivia","robots":{"index":"index","follow":"follow","max-snippet":"max-snippet:-1","max-image-preview":"max-image-preview:large","max-video-preview":"max-video-preview:-1"},"canonical":"https:\/\/www.eldiario.net\/portal\/2025\/03\/15\/por-mucho-menos-se-fue-el-goni\/","og_locale":"es_ES","og_type":"article","og_title":"Por mucho menos se fue el Goni - El Diario - Bolivia","og_description":"En la \u00e9poca cr\u00edtica que enfrent\u00f3 Bolivia en 2003, durante el Gobierno de S\u00e1nchez de Lozada, yo cursaba el tercero de primaria y ten\u00eda ocho a\u00f1os, pero ya me gustaba escuchar noticias y me daba cuenta de lo que estaba ocurriendo en el pa\u00eds. Me intrigaba \u2014y s\u00e9 que lo que contin\u00faa es pol\u00edticamente incorrecto\u2014 [&hellip;]","og_url":"https:\/\/www.eldiario.net\/portal\/2025\/03\/15\/por-mucho-menos-se-fue-el-goni\/","og_site_name":"El Diario - Bolivia","article_publisher":"https:\/\/www.facebook.com\/eldiario.bolivia\/","article_published_time":"2025-03-15T10:45:28+00:00","og_image":[{"width":1200,"height":628,"url":"https:\/\/www.eldiario.net\/portal\/wp-content\/uploads\/2023\/06\/Ignacio-Vera-de-Rada-1.jpg","type":"image\/jpeg"}],"author":"Jeanette","twitter_card":"summary_large_image","twitter_creator":"@eldiario_net","twitter_site":"@eldiario_net","twitter_misc":{"Escrito por":"Jeanette","Tiempo de lectura":"4 minutos"},"schema":{"@context":"https:\/\/schema.org","@graph":[{"@type":"Article","@id":"https:\/\/www.eldiario.net\/portal\/2025\/03\/15\/por-mucho-menos-se-fue-el-goni\/#article","isPartOf":{"@id":"https:\/\/www.eldiario.net\/portal\/2025\/03\/15\/por-mucho-menos-se-fue-el-goni\/"},"author":{"name":"Jeanette","@id":"https:\/\/www.eldiario.net\/portal\/#\/schema\/person\/2c57cf2b7a7ae032e449e4c9b1019eac"},"headline":"Por mucho menos se fue el Goni","datePublished":"2025-03-15T10:45:28+00:00","mainEntityOfPage":{"@id":"https:\/\/www.eldiario.net\/portal\/2025\/03\/15\/por-mucho-menos-se-fue-el-goni\/"},"wordCount":790,"publisher":{"@id":"https:\/\/www.eldiario.net\/portal\/#organization"},"image":{"@id":"https:\/\/www.eldiario.net\/portal\/2025\/03\/15\/por-mucho-menos-se-fue-el-goni\/#primaryimage"},"thumbnailUrl":"https:\/\/www.eldiario.net\/portal\/wp-content\/uploads\/2023\/06\/Ignacio-Vera-de-Rada-1.jpg","articleSection":["Opini\u00f3n"],"inLanguage":"es"},{"@type":"WebPage","@id":"https:\/\/www.eldiario.net\/portal\/2025\/03\/15\/por-mucho-menos-se-fue-el-goni\/","url":"https:\/\/www.eldiario.net\/portal\/2025\/03\/15\/por-mucho-menos-se-fue-el-goni\/","name":"Por mucho menos se fue el Goni - El Diario - Bolivia","isPartOf":{"@id":"https:\/\/www.eldiario.net\/portal\/#website"},"primaryImageOfPage":{"@id":"https:\/\/www.eldiario.net\/portal\/2025\/03\/15\/por-mucho-menos-se-fue-el-goni\/#primaryimage"},"image":{"@id":"https:\/\/www.eldiario.net\/portal\/2025\/03\/15\/por-mucho-menos-se-fue-el-goni\/#primaryimage"},"thumbnailUrl":"https:\/\/www.eldiario.net\/portal\/wp-content\/uploads\/2023\/06\/Ignacio-Vera-de-Rada-1.jpg","datePublished":"2025-03-15T10:45:28+00:00","breadcrumb":{"@id":"https:\/\/www.eldiario.net\/portal\/2025\/03\/15\/por-mucho-menos-se-fue-el-goni\/#breadcrumb"},"inLanguage":"es","potentialAction":[{"@type":"ReadAction","target":["https:\/\/www.eldiario.net\/portal\/2025\/03\/15\/por-mucho-menos-se-fue-el-goni\/"]}]},{"@type":"ImageObject","inLanguage":"es","@id":"https:\/\/www.eldiario.net\/portal\/2025\/03\/15\/por-mucho-menos-se-fue-el-goni\/#primaryimage","url":"https:\/\/www.eldiario.net\/portal\/wp-content\/uploads\/2023\/06\/Ignacio-Vera-de-Rada-1.jpg","contentUrl":"https:\/\/www.eldiario.net\/portal\/wp-content\/uploads\/2023\/06\/Ignacio-Vera-de-Rada-1.jpg","width":1200,"height":628,"caption":"Ignacio Vera de Rada"},{"@type":"BreadcrumbList","@id":"https:\/\/www.eldiario.net\/portal\/2025\/03\/15\/por-mucho-menos-se-fue-el-goni\/#breadcrumb","itemListElement":[{"@type":"ListItem","position":1,"name":"Portada","item":"https:\/\/www.eldiario.net\/portal\/"},{"@type":"ListItem","position":2,"name":"Por mucho menos se fue el Goni"}]},{"@type":"WebSite","@id":"https:\/\/www.eldiario.net\/portal\/#website","url":"https:\/\/www.eldiario.net\/portal\/","name":"El Diario - Decano de la prensa nacional","description":"El Diario - Decano de la prensa nacional","publisher":{"@id":"https:\/\/www.eldiario.net\/portal\/#organization"},"potentialAction":[{"@type":"SearchAction","target":{"@type":"EntryPoint","urlTemplate":"https:\/\/www.eldiario.net\/portal\/?s={search_term_string}"},"query-input":{"@type":"PropertyValueSpecification","valueRequired":true,"valueName":"search_term_string"}}],"inLanguage":"es"},{"@type":"Organization","@id":"https:\/\/www.eldiario.net\/portal\/#organization","name":"El Diario - Decano de la prensa nacional","url":"https:\/\/www.eldiario.net\/portal\/","logo":{"@type":"ImageObject","inLanguage":"es","@id":"https:\/\/www.eldiario.net\/portal\/#\/schema\/logo\/image\/","url":"https:\/\/www.eldiario.net\/portal\/wp-content\/uploads\/2023\/07\/logo_ED.jpg","contentUrl":"https:\/\/www.eldiario.net\/portal\/wp-content\/uploads\/2023\/07\/logo_ED.jpg","width":272,"height":52,"caption":"El Diario - Decano de la prensa nacional"},"image":{"@id":"https:\/\/www.eldiario.net\/portal\/#\/schema\/logo\/image\/"},"sameAs":["https:\/\/www.facebook.com\/eldiario.bolivia\/","https:\/\/x.com\/eldiario_net"]},{"@type":"Person","@id":"https:\/\/www.eldiario.net\/portal\/#\/schema\/person\/2c57cf2b7a7ae032e449e4c9b1019eac","name":"Jeanette","image":{"@type":"ImageObject","inLanguage":"es","@id":"https:\/\/secure.gravatar.com\/avatar\/3ea2118a5f7dad2b7138b1187a6b7ee55f160b9968b66013c3a3ef39dd7e5798?s=96&d=mm&r=g","url":"https:\/\/secure.gravatar.com\/avatar\/3ea2118a5f7dad2b7138b1187a6b7ee55f160b9968b66013c3a3ef39dd7e5798?s=96&d=mm&r=g","contentUrl":"https:\/\/secure.gravatar.com\/avatar\/3ea2118a5f7dad2b7138b1187a6b7ee55f160b9968b66013c3a3ef39dd7e5798?s=96&d=mm&r=g","caption":"Jeanette"},"sameAs":["https:\/\/www.eldiario.net\/portal"],"url":"https:\/\/www.eldiario.net\/portal\/author\/jeanette\/"}]}},"_links":{"self":[{"href":"https:\/\/www.eldiario.net\/portal\/wp-json\/wp\/v2\/posts\/288428","targetHints":{"allow":["GET"]}}],"collection":[{"href":"https:\/\/www.eldiario.net\/portal\/wp-json\/wp\/v2\/posts"}],"about":[{"href":"https:\/\/www.eldiario.net\/portal\/wp-json\/wp\/v2\/types\/post"}],"author":[{"embeddable":true,"href":"https:\/\/www.eldiario.net\/portal\/wp-json\/wp\/v2\/users\/1"}],"replies":[{"embeddable":true,"href":"https:\/\/www.eldiario.net\/portal\/wp-json\/wp\/v2\/comments?post=288428"}],"version-history":[{"count":1,"href":"https:\/\/www.eldiario.net\/portal\/wp-json\/wp\/v2\/posts\/288428\/revisions"}],"predecessor-version":[{"id":288429,"href":"https:\/\/www.eldiario.net\/portal\/wp-json\/wp\/v2\/posts\/288428\/revisions\/288429"}],"wp:featuredmedia":[{"embeddable":true,"href":"https:\/\/www.eldiario.net\/portal\/wp-json\/wp\/v2\/media\/158964"}],"wp:attachment":[{"href":"https:\/\/www.eldiario.net\/portal\/wp-json\/wp\/v2\/media?parent=288428"}],"wp:term":[{"taxonomy":"category","embeddable":true,"href":"https:\/\/www.eldiario.net\/portal\/wp-json\/wp\/v2\/categories?post=288428"},{"taxonomy":"post_tag","embeddable":true,"href":"https:\/\/www.eldiario.net\/portal\/wp-json\/wp\/v2\/tags?post=288428"}],"curies":[{"name":"wp","href":"https:\/\/api.w.org\/{rel}","templated":true}]}}