{"id":288426,"date":"2025-03-15T06:44:55","date_gmt":"2025-03-15T10:44:55","guid":{"rendered":"https:\/\/www.eldiario.net\/portal\/?p=288426"},"modified":"2025-03-15T06:44:55","modified_gmt":"2025-03-15T10:44:55","slug":"el-problema-de-los-carburantes","status":"publish","type":"post","link":"https:\/\/www.eldiario.net\/portal\/2025\/03\/15\/el-problema-de-los-carburantes\/","title":{"rendered":"El problema de los carburantes"},"content":{"rendered":"<p>Los carburantes son un energ\u00e9tico que contiene hidrocarburo, y este es un compuesto resultante de la combinaci\u00f3n de carbono e hidr\u00f3geno, su origen es de car\u00e1cter f\u00f3sil que se encuentra en tierra, generalmente a profundidad al igual que en el fondo de los oc\u00e9anos. Se comenz\u00f3 a utilizar como energ\u00e9tico en el Siglo XIX, luego de la revoluci\u00f3n industrial, m\u00e1s tarde se utiliz\u00f3 en reemplazo del carb\u00f3n, para mover los motores de las maquinarias industriales y de los autom\u00f3viles, trenes, nav\u00edos y aeronaves.<br \/>\nEl carburante se encuentra en estado gaseoso y en estado l\u00edquido, y es extra\u00eddo de los mantos terrestres, con una tecnolog\u00eda costosa, los pa\u00edses que tienen este elemento en su territorio, se han beneficiado de importantes ingresos por su elevado costo, que ha subido constantemente. En nuestro pa\u00eds fueron descubiertos importantes reservorios de petr\u00f3leo y luego gas, aunque \u00e9ste \u00faltimo en un principio se quemaba, pues casi no ten\u00eda demanda, la que se dio, desde las \u00faltimas d\u00e9cadas del pasado Siglo XX.<br \/>\nLa importancia de este recurso energ\u00e9tico es tal, que ha provocado guerras internacionales, como la que sostuvimos con el Paraguay en el Chaco, guerra que fue promovida por los intereses anglo-argentinos. El 13 de marzo de 1937, se cre\u00f3 la empresa estatal boliviana del petr\u00f3leo, con el denominativo de Yacimientos Petrol\u00edferos Fiscales Bolivianos (YPFB), durante el gobierno del coronel David Toro Ruiloba, empresa que ha generado importantes ingresos para el Tesoro P\u00fablico. Y en las \u00faltimas d\u00e9cadas nos convertimos en pa\u00eds gas\u00edfero, con ingresos como nunca antes, debido a los altos precios de los hidrocarburos en el mercado internacional, calcul\u00e1ndose en cerca de cien mil millones de d\u00f3lares en el r\u00e9gimen de gobierno del populismo al socialismo.<br \/>\nEn 2014 descendieron los precios internacionales de los hidrocarburos, afectando los ingresos del Tesoro P\u00fablico boliviano. A su vez, desde ese a\u00f1o fueron bajando los niveles de producci\u00f3n, pues se fueron agotando las reservas de gas, que son un producto no renovable, es decir que termina su volumen, y para reemplazarlo deben hacerse importantes inversiones (se calcula que por cada pozo exploratorio, se debe invertir cerca de 120 millones de d\u00f3lares y para encontrar un pozo se deben perforar diez) para encontrar nuevos reservorios, lo que no se hizo, con el resultado de la crisis energ\u00e9tica que nos afecta en este tiempo.<br \/>\nDe exportadores de gas y petr\u00f3leo, hemos pasado a ser importadores de gasolina y di\u00e9sel y, seg\u00fan informes oficiales, el pasado a\u00f1o el Estado habr\u00eda destinado mil ochocientos millones de d\u00f3lares para importar esos productos. Pero debido a la crisis econ\u00f3mica del Estado, \u00e9ste no cuenta con las divisas necesarias para seguir importando gasolina y di\u00e9sel. Al no tener suficientes ingresos, como los que ten\u00edamos cuando export\u00e1bamos gas, se ha producido un grave d\u00e9ficit en la balanza de pagos y comercial, determinando el riesgo de una par\u00e1lisis en el aparato productivo, que en buena medida requiere de carburantes.<br \/>\nEl mundo actual se desarrolla sobre la base de energ\u00eda, en especial de origen f\u00f3sil, aunque ya se est\u00e1 utilizando energ\u00eda renovable, pues la f\u00f3sil es altamente contaminante del medio ambiente, que ha subido de temperatura debido precisamente a la quema de \u00e9sta. Y si se produce una escasez de energ\u00eda en cualquiera de sus formas, la vida moderna puede interrumpirse y producir un grave estado de caos social, como el que no amenaza si no remediamos el actual problema que nos afecta. Ya en el gobierno de Evo Morales, se intent\u00f3 elevar el precio de los carburantes, pero se dio marcha atr\u00e1s, pero se pudo ir elevando gradualmente el precio, de tal manera de evitar una subida brusca como la que se intent\u00f3. Hoy la soluci\u00f3n requiere que sean tomadas medidas estructurales, es decir que sea cambiada la estructura econ\u00f3mica, que luego de casi dos d\u00e9cadas se ha agotado.<br \/>\nEl pr\u00f3ximo gobierno que asuma el poder pol\u00edtico del Estado, est\u00e1 obligado a tomar medidas urgentes, que son necesarias para enfrentar el cuadro de crisis que desde 2014 ha seguido un curso de deterioro. Y es que el actual gobierno fue negando el cuadro de crisis, lo que ha agudizado el mismo, con el riesgo del colapso econ\u00f3mico-social, que vivimos en 1984.<\/p>\n<p>El autor es Abogado, Polit\u00f3logo, escritor y docente universitario.<\/p>\n","protected":false},"excerpt":{"rendered":"<p>Los carburantes son un energ\u00e9tico que contiene hidrocarburo, y este es un compuesto resultante de la combinaci\u00f3n de carbono e hidr\u00f3geno, su origen es de car\u00e1cter f\u00f3sil que se encuentra en tierra, generalmente a profundidad al igual que en el fondo de los oc\u00e9anos. Se comenz\u00f3 a utilizar como energ\u00e9tico en el Siglo XIX, luego [&hellip;]<\/p>\n","protected":false},"author":1,"featured_media":157872,"comment_status":"closed","ping_status":"open","sticky":false,"template":"","format":"standard","meta":{"_acf_changed":false,"footnotes":""},"categories":[9],"tags":[],"class_list":["post-288426","post","type-post","status-publish","format-standard","has-post-thumbnail","category-opinion"],"acf":{"antetitulo":""},"yoast_head":"<!-- This site is optimized with the Yoast SEO plugin v28.4 - https:\/\/yoast.com\/product\/yoast-seo-wordpress\/ -->\n<title>El problema de los carburantes - El Diario - Bolivia<\/title>\n<meta name=\"robots\" content=\"index, follow, max-snippet:-1, max-image-preview:large, max-video-preview:-1\" \/>\n<link rel=\"canonical\" href=\"https:\/\/www.eldiario.net\/portal\/2025\/03\/15\/el-problema-de-los-carburantes\/\" \/>\n<meta property=\"og:locale\" content=\"es_ES\" \/>\n<meta property=\"og:type\" content=\"article\" \/>\n<meta property=\"og:title\" content=\"El problema de los carburantes - El Diario - Bolivia\" \/>\n<meta property=\"og:description\" content=\"Los carburantes son un energ\u00e9tico que contiene hidrocarburo, y este es un compuesto resultante de la combinaci\u00f3n de carbono e hidr\u00f3geno, su origen es de car\u00e1cter f\u00f3sil que se encuentra en tierra, generalmente a profundidad al igual que en el fondo de los oc\u00e9anos. Se comenz\u00f3 a utilizar como energ\u00e9tico en el Siglo XIX, luego [&hellip;]\" \/>\n<meta property=\"og:url\" content=\"https:\/\/www.eldiario.net\/portal\/2025\/03\/15\/el-problema-de-los-carburantes\/\" \/>\n<meta property=\"og:site_name\" content=\"El Diario - Bolivia\" \/>\n<meta property=\"article:publisher\" content=\"https:\/\/www.facebook.com\/eldiario.bolivia\/\" \/>\n<meta property=\"article:published_time\" content=\"2025-03-15T10:44:55+00:00\" \/>\n<meta property=\"og:image\" content=\"https:\/\/www.eldiario.net\/portal\/wp-content\/uploads\/2023\/06\/Eric-L.-Cardenas-del-Castillo.jpg\" \/>\n\t<meta property=\"og:image:width\" content=\"1200\" \/>\n\t<meta property=\"og:image:height\" content=\"628\" \/>\n\t<meta property=\"og:image:type\" content=\"image\/jpeg\" \/>\n<meta name=\"author\" content=\"Jeanette\" \/>\n<meta name=\"twitter:card\" content=\"summary_large_image\" \/>\n<meta name=\"twitter:creator\" content=\"@eldiario_net\" \/>\n<meta name=\"twitter:site\" content=\"@eldiario_net\" \/>\n<meta name=\"twitter:label1\" content=\"Escrito por\" \/>\n\t<meta name=\"twitter:data1\" content=\"Jeanette\" \/>\n\t<meta name=\"twitter:label2\" content=\"Tiempo de lectura\" \/>\n\t<meta name=\"twitter:data2\" content=\"4 minutos\" \/>\n<script type=\"application\/ld+json\" class=\"yoast-schema-graph\">{\"@context\":\"https:\\\/\\\/schema.org\",\"@graph\":[{\"@type\":\"Article\",\"@id\":\"https:\\\/\\\/www.eldiario.net\\\/portal\\\/2025\\\/03\\\/15\\\/el-problema-de-los-carburantes\\\/#article\",\"isPartOf\":{\"@id\":\"https:\\\/\\\/www.eldiario.net\\\/portal\\\/2025\\\/03\\\/15\\\/el-problema-de-los-carburantes\\\/\"},\"author\":{\"name\":\"Jeanette\",\"@id\":\"https:\\\/\\\/www.eldiario.net\\\/portal\\\/#\\\/schema\\\/person\\\/2c57cf2b7a7ae032e449e4c9b1019eac\"},\"headline\":\"El problema de los carburantes\",\"datePublished\":\"2025-03-15T10:44:55+00:00\",\"mainEntityOfPage\":{\"@id\":\"https:\\\/\\\/www.eldiario.net\\\/portal\\\/2025\\\/03\\\/15\\\/el-problema-de-los-carburantes\\\/\"},\"wordCount\":762,\"publisher\":{\"@id\":\"https:\\\/\\\/www.eldiario.net\\\/portal\\\/#organization\"},\"image\":{\"@id\":\"https:\\\/\\\/www.eldiario.net\\\/portal\\\/2025\\\/03\\\/15\\\/el-problema-de-los-carburantes\\\/#primaryimage\"},\"thumbnailUrl\":\"https:\\\/\\\/www.eldiario.net\\\/portal\\\/wp-content\\\/uploads\\\/2023\\\/06\\\/Eric-L.-Cardenas-del-Castillo.jpg\",\"articleSection\":[\"Opini\u00f3n\"],\"inLanguage\":\"es\"},{\"@type\":\"WebPage\",\"@id\":\"https:\\\/\\\/www.eldiario.net\\\/portal\\\/2025\\\/03\\\/15\\\/el-problema-de-los-carburantes\\\/\",\"url\":\"https:\\\/\\\/www.eldiario.net\\\/portal\\\/2025\\\/03\\\/15\\\/el-problema-de-los-carburantes\\\/\",\"name\":\"El problema de los carburantes - El Diario - Bolivia\",\"isPartOf\":{\"@id\":\"https:\\\/\\\/www.eldiario.net\\\/portal\\\/#website\"},\"primaryImageOfPage\":{\"@id\":\"https:\\\/\\\/www.eldiario.net\\\/portal\\\/2025\\\/03\\\/15\\\/el-problema-de-los-carburantes\\\/#primaryimage\"},\"image\":{\"@id\":\"https:\\\/\\\/www.eldiario.net\\\/portal\\\/2025\\\/03\\\/15\\\/el-problema-de-los-carburantes\\\/#primaryimage\"},\"thumbnailUrl\":\"https:\\\/\\\/www.eldiario.net\\\/portal\\\/wp-content\\\/uploads\\\/2023\\\/06\\\/Eric-L.-Cardenas-del-Castillo.jpg\",\"datePublished\":\"2025-03-15T10:44:55+00:00\",\"breadcrumb\":{\"@id\":\"https:\\\/\\\/www.eldiario.net\\\/portal\\\/2025\\\/03\\\/15\\\/el-problema-de-los-carburantes\\\/#breadcrumb\"},\"inLanguage\":\"es\",\"potentialAction\":[{\"@type\":\"ReadAction\",\"target\":[\"https:\\\/\\\/www.eldiario.net\\\/portal\\\/2025\\\/03\\\/15\\\/el-problema-de-los-carburantes\\\/\"]}]},{\"@type\":\"ImageObject\",\"inLanguage\":\"es\",\"@id\":\"https:\\\/\\\/www.eldiario.net\\\/portal\\\/2025\\\/03\\\/15\\\/el-problema-de-los-carburantes\\\/#primaryimage\",\"url\":\"https:\\\/\\\/www.eldiario.net\\\/portal\\\/wp-content\\\/uploads\\\/2023\\\/06\\\/Eric-L.-Cardenas-del-Castillo.jpg\",\"contentUrl\":\"https:\\\/\\\/www.eldiario.net\\\/portal\\\/wp-content\\\/uploads\\\/2023\\\/06\\\/Eric-L.-Cardenas-del-Castillo.jpg\",\"width\":1200,\"height\":628,\"caption\":\"Eric L. C\u00e1rdenas del Castillo\"},{\"@type\":\"BreadcrumbList\",\"@id\":\"https:\\\/\\\/www.eldiario.net\\\/portal\\\/2025\\\/03\\\/15\\\/el-problema-de-los-carburantes\\\/#breadcrumb\",\"itemListElement\":[{\"@type\":\"ListItem\",\"position\":1,\"name\":\"Portada\",\"item\":\"https:\\\/\\\/www.eldiario.net\\\/portal\\\/\"},{\"@type\":\"ListItem\",\"position\":2,\"name\":\"El problema de los carburantes\"}]},{\"@type\":\"WebSite\",\"@id\":\"https:\\\/\\\/www.eldiario.net\\\/portal\\\/#website\",\"url\":\"https:\\\/\\\/www.eldiario.net\\\/portal\\\/\",\"name\":\"El Diario - Decano de la prensa nacional\",\"description\":\"El Diario - Decano de la prensa nacional\",\"publisher\":{\"@id\":\"https:\\\/\\\/www.eldiario.net\\\/portal\\\/#organization\"},\"potentialAction\":[{\"@type\":\"SearchAction\",\"target\":{\"@type\":\"EntryPoint\",\"urlTemplate\":\"https:\\\/\\\/www.eldiario.net\\\/portal\\\/?s={search_term_string}\"},\"query-input\":{\"@type\":\"PropertyValueSpecification\",\"valueRequired\":true,\"valueName\":\"search_term_string\"}}],\"inLanguage\":\"es\"},{\"@type\":\"Organization\",\"@id\":\"https:\\\/\\\/www.eldiario.net\\\/portal\\\/#organization\",\"name\":\"El Diario - Decano de la prensa nacional\",\"url\":\"https:\\\/\\\/www.eldiario.net\\\/portal\\\/\",\"logo\":{\"@type\":\"ImageObject\",\"inLanguage\":\"es\",\"@id\":\"https:\\\/\\\/www.eldiario.net\\\/portal\\\/#\\\/schema\\\/logo\\\/image\\\/\",\"url\":\"https:\\\/\\\/www.eldiario.net\\\/portal\\\/wp-content\\\/uploads\\\/2023\\\/07\\\/logo_ED.jpg\",\"contentUrl\":\"https:\\\/\\\/www.eldiario.net\\\/portal\\\/wp-content\\\/uploads\\\/2023\\\/07\\\/logo_ED.jpg\",\"width\":272,\"height\":52,\"caption\":\"El Diario - Decano de la prensa nacional\"},\"image\":{\"@id\":\"https:\\\/\\\/www.eldiario.net\\\/portal\\\/#\\\/schema\\\/logo\\\/image\\\/\"},\"sameAs\":[\"https:\\\/\\\/www.facebook.com\\\/eldiario.bolivia\\\/\",\"https:\\\/\\\/x.com\\\/eldiario_net\"]},{\"@type\":\"Person\",\"@id\":\"https:\\\/\\\/www.eldiario.net\\\/portal\\\/#\\\/schema\\\/person\\\/2c57cf2b7a7ae032e449e4c9b1019eac\",\"name\":\"Jeanette\",\"image\":{\"@type\":\"ImageObject\",\"inLanguage\":\"es\",\"@id\":\"https:\\\/\\\/secure.gravatar.com\\\/avatar\\\/3ea2118a5f7dad2b7138b1187a6b7ee55f160b9968b66013c3a3ef39dd7e5798?s=96&d=mm&r=g\",\"url\":\"https:\\\/\\\/secure.gravatar.com\\\/avatar\\\/3ea2118a5f7dad2b7138b1187a6b7ee55f160b9968b66013c3a3ef39dd7e5798?s=96&d=mm&r=g\",\"contentUrl\":\"https:\\\/\\\/secure.gravatar.com\\\/avatar\\\/3ea2118a5f7dad2b7138b1187a6b7ee55f160b9968b66013c3a3ef39dd7e5798?s=96&d=mm&r=g\",\"caption\":\"Jeanette\"},\"sameAs\":[\"https:\\\/\\\/www.eldiario.net\\\/portal\"],\"url\":\"https:\\\/\\\/www.eldiario.net\\\/portal\\\/author\\\/jeanette\\\/\"}]}<\/script>\n<!-- \/ Yoast SEO plugin. -->","yoast_head_json":{"title":"El problema de los carburantes - El Diario - Bolivia","robots":{"index":"index","follow":"follow","max-snippet":"max-snippet:-1","max-image-preview":"max-image-preview:large","max-video-preview":"max-video-preview:-1"},"canonical":"https:\/\/www.eldiario.net\/portal\/2025\/03\/15\/el-problema-de-los-carburantes\/","og_locale":"es_ES","og_type":"article","og_title":"El problema de los carburantes - El Diario - Bolivia","og_description":"Los carburantes son un energ\u00e9tico que contiene hidrocarburo, y este es un compuesto resultante de la combinaci\u00f3n de carbono e hidr\u00f3geno, su origen es de car\u00e1cter f\u00f3sil que se encuentra en tierra, generalmente a profundidad al igual que en el fondo de los oc\u00e9anos. Se comenz\u00f3 a utilizar como energ\u00e9tico en el Siglo XIX, luego [&hellip;]","og_url":"https:\/\/www.eldiario.net\/portal\/2025\/03\/15\/el-problema-de-los-carburantes\/","og_site_name":"El Diario - Bolivia","article_publisher":"https:\/\/www.facebook.com\/eldiario.bolivia\/","article_published_time":"2025-03-15T10:44:55+00:00","og_image":[{"width":1200,"height":628,"url":"https:\/\/www.eldiario.net\/portal\/wp-content\/uploads\/2023\/06\/Eric-L.-Cardenas-del-Castillo.jpg","type":"image\/jpeg"}],"author":"Jeanette","twitter_card":"summary_large_image","twitter_creator":"@eldiario_net","twitter_site":"@eldiario_net","twitter_misc":{"Escrito por":"Jeanette","Tiempo de lectura":"4 minutos"},"schema":{"@context":"https:\/\/schema.org","@graph":[{"@type":"Article","@id":"https:\/\/www.eldiario.net\/portal\/2025\/03\/15\/el-problema-de-los-carburantes\/#article","isPartOf":{"@id":"https:\/\/www.eldiario.net\/portal\/2025\/03\/15\/el-problema-de-los-carburantes\/"},"author":{"name":"Jeanette","@id":"https:\/\/www.eldiario.net\/portal\/#\/schema\/person\/2c57cf2b7a7ae032e449e4c9b1019eac"},"headline":"El problema de los carburantes","datePublished":"2025-03-15T10:44:55+00:00","mainEntityOfPage":{"@id":"https:\/\/www.eldiario.net\/portal\/2025\/03\/15\/el-problema-de-los-carburantes\/"},"wordCount":762,"publisher":{"@id":"https:\/\/www.eldiario.net\/portal\/#organization"},"image":{"@id":"https:\/\/www.eldiario.net\/portal\/2025\/03\/15\/el-problema-de-los-carburantes\/#primaryimage"},"thumbnailUrl":"https:\/\/www.eldiario.net\/portal\/wp-content\/uploads\/2023\/06\/Eric-L.-Cardenas-del-Castillo.jpg","articleSection":["Opini\u00f3n"],"inLanguage":"es"},{"@type":"WebPage","@id":"https:\/\/www.eldiario.net\/portal\/2025\/03\/15\/el-problema-de-los-carburantes\/","url":"https:\/\/www.eldiario.net\/portal\/2025\/03\/15\/el-problema-de-los-carburantes\/","name":"El problema de los carburantes - El Diario - Bolivia","isPartOf":{"@id":"https:\/\/www.eldiario.net\/portal\/#website"},"primaryImageOfPage":{"@id":"https:\/\/www.eldiario.net\/portal\/2025\/03\/15\/el-problema-de-los-carburantes\/#primaryimage"},"image":{"@id":"https:\/\/www.eldiario.net\/portal\/2025\/03\/15\/el-problema-de-los-carburantes\/#primaryimage"},"thumbnailUrl":"https:\/\/www.eldiario.net\/portal\/wp-content\/uploads\/2023\/06\/Eric-L.-Cardenas-del-Castillo.jpg","datePublished":"2025-03-15T10:44:55+00:00","breadcrumb":{"@id":"https:\/\/www.eldiario.net\/portal\/2025\/03\/15\/el-problema-de-los-carburantes\/#breadcrumb"},"inLanguage":"es","potentialAction":[{"@type":"ReadAction","target":["https:\/\/www.eldiario.net\/portal\/2025\/03\/15\/el-problema-de-los-carburantes\/"]}]},{"@type":"ImageObject","inLanguage":"es","@id":"https:\/\/www.eldiario.net\/portal\/2025\/03\/15\/el-problema-de-los-carburantes\/#primaryimage","url":"https:\/\/www.eldiario.net\/portal\/wp-content\/uploads\/2023\/06\/Eric-L.-Cardenas-del-Castillo.jpg","contentUrl":"https:\/\/www.eldiario.net\/portal\/wp-content\/uploads\/2023\/06\/Eric-L.-Cardenas-del-Castillo.jpg","width":1200,"height":628,"caption":"Eric L. C\u00e1rdenas del Castillo"},{"@type":"BreadcrumbList","@id":"https:\/\/www.eldiario.net\/portal\/2025\/03\/15\/el-problema-de-los-carburantes\/#breadcrumb","itemListElement":[{"@type":"ListItem","position":1,"name":"Portada","item":"https:\/\/www.eldiario.net\/portal\/"},{"@type":"ListItem","position":2,"name":"El problema de los carburantes"}]},{"@type":"WebSite","@id":"https:\/\/www.eldiario.net\/portal\/#website","url":"https:\/\/www.eldiario.net\/portal\/","name":"El Diario - Decano de la prensa nacional","description":"El Diario - Decano de la prensa nacional","publisher":{"@id":"https:\/\/www.eldiario.net\/portal\/#organization"},"potentialAction":[{"@type":"SearchAction","target":{"@type":"EntryPoint","urlTemplate":"https:\/\/www.eldiario.net\/portal\/?s={search_term_string}"},"query-input":{"@type":"PropertyValueSpecification","valueRequired":true,"valueName":"search_term_string"}}],"inLanguage":"es"},{"@type":"Organization","@id":"https:\/\/www.eldiario.net\/portal\/#organization","name":"El Diario - Decano de la prensa nacional","url":"https:\/\/www.eldiario.net\/portal\/","logo":{"@type":"ImageObject","inLanguage":"es","@id":"https:\/\/www.eldiario.net\/portal\/#\/schema\/logo\/image\/","url":"https:\/\/www.eldiario.net\/portal\/wp-content\/uploads\/2023\/07\/logo_ED.jpg","contentUrl":"https:\/\/www.eldiario.net\/portal\/wp-content\/uploads\/2023\/07\/logo_ED.jpg","width":272,"height":52,"caption":"El Diario - Decano de la prensa nacional"},"image":{"@id":"https:\/\/www.eldiario.net\/portal\/#\/schema\/logo\/image\/"},"sameAs":["https:\/\/www.facebook.com\/eldiario.bolivia\/","https:\/\/x.com\/eldiario_net"]},{"@type":"Person","@id":"https:\/\/www.eldiario.net\/portal\/#\/schema\/person\/2c57cf2b7a7ae032e449e4c9b1019eac","name":"Jeanette","image":{"@type":"ImageObject","inLanguage":"es","@id":"https:\/\/secure.gravatar.com\/avatar\/3ea2118a5f7dad2b7138b1187a6b7ee55f160b9968b66013c3a3ef39dd7e5798?s=96&d=mm&r=g","url":"https:\/\/secure.gravatar.com\/avatar\/3ea2118a5f7dad2b7138b1187a6b7ee55f160b9968b66013c3a3ef39dd7e5798?s=96&d=mm&r=g","contentUrl":"https:\/\/secure.gravatar.com\/avatar\/3ea2118a5f7dad2b7138b1187a6b7ee55f160b9968b66013c3a3ef39dd7e5798?s=96&d=mm&r=g","caption":"Jeanette"},"sameAs":["https:\/\/www.eldiario.net\/portal"],"url":"https:\/\/www.eldiario.net\/portal\/author\/jeanette\/"}]}},"_links":{"self":[{"href":"https:\/\/www.eldiario.net\/portal\/wp-json\/wp\/v2\/posts\/288426","targetHints":{"allow":["GET"]}}],"collection":[{"href":"https:\/\/www.eldiario.net\/portal\/wp-json\/wp\/v2\/posts"}],"about":[{"href":"https:\/\/www.eldiario.net\/portal\/wp-json\/wp\/v2\/types\/post"}],"author":[{"embeddable":true,"href":"https:\/\/www.eldiario.net\/portal\/wp-json\/wp\/v2\/users\/1"}],"replies":[{"embeddable":true,"href":"https:\/\/www.eldiario.net\/portal\/wp-json\/wp\/v2\/comments?post=288426"}],"version-history":[{"count":1,"href":"https:\/\/www.eldiario.net\/portal\/wp-json\/wp\/v2\/posts\/288426\/revisions"}],"predecessor-version":[{"id":288427,"href":"https:\/\/www.eldiario.net\/portal\/wp-json\/wp\/v2\/posts\/288426\/revisions\/288427"}],"wp:featuredmedia":[{"embeddable":true,"href":"https:\/\/www.eldiario.net\/portal\/wp-json\/wp\/v2\/media\/157872"}],"wp:attachment":[{"href":"https:\/\/www.eldiario.net\/portal\/wp-json\/wp\/v2\/media?parent=288426"}],"wp:term":[{"taxonomy":"category","embeddable":true,"href":"https:\/\/www.eldiario.net\/portal\/wp-json\/wp\/v2\/categories?post=288426"},{"taxonomy":"post_tag","embeddable":true,"href":"https:\/\/www.eldiario.net\/portal\/wp-json\/wp\/v2\/tags?post=288426"}],"curies":[{"name":"wp","href":"https:\/\/api.w.org\/{rel}","templated":true}]}}