{"id":286768,"date":"2025-03-08T07:37:44","date_gmt":"2025-03-08T11:37:44","guid":{"rendered":"https:\/\/www.eldiario.net\/portal\/?p=286768"},"modified":"2025-03-08T07:37:44","modified_gmt":"2025-03-08T11:37:44","slug":"coordinacion-en-educacion-inicial","status":"publish","type":"post","link":"https:\/\/www.eldiario.net\/portal\/2025\/03\/08\/coordinacion-en-educacion-inicial\/","title":{"rendered":"Coordinaci\u00f3n en Educaci\u00f3n Inicial"},"content":{"rendered":"<p>En Educaci\u00f3n Inicial es fundamental fortalecer las habilidades de los ni\u00f1os, pues es una etapa donde ellos aprenden muy r\u00e1pido, abarcando m\u00faltiples \u00e1reas. Entre los planes y programas de Educaci\u00f3n Inicial en Familia Comunitaria Escolarizada est\u00e1 el desarrollo psicomotor. Y la coordinaci\u00f3n din\u00e1mica general est\u00e1 dentro de este desarrollo, tiene un papel crucial en la primera infancia, ya que permite que los estudiantes desarrollen habilidades motoras esenciales para su crecimiento.<br \/>\nPocas veces se escucha sobre coordinaci\u00f3n din\u00e1mica general, pero es muy importante en la primera infancia, pues se refiere a la capacidad de hacer movimientos corporales coordinados, que involucran diferentes partes del cuerpo, de manera armoniosa. Esto incluye actividades que requieren equilibrio, agilidad, fuerza y coordinaci\u00f3n ojo-mano, como correr, saltar, lanzar y atrapar.<br \/>\nFortalecer la coordinaci\u00f3n din\u00e1mica general en Educaci\u00f3n Inicial es fundamental, pues contribuye a mejorar la fuerza muscular, flexibilidad y resistencia de ni\u00f1as y ni\u00f1os. Por otro lado, ayuda en aspectos esenciales para la salud y bienestar general de los estudiantes. Adem\u00e1s, la coordinaci\u00f3n din\u00e1mica general influye en actividades acad\u00e9micas, ya que en Educaci\u00f3n Inicial se pone en pr\u00e1ctica actividades como recortar, colorear y escribir, que dependen de una buena coordinaci\u00f3n ojo-mano y destrezas motoras finas, que se desarrollan a partir del desarrollo psicomotor. Participar en actividades f\u00edsicas en grupo, como juegos y deportes, fomenta la socializaci\u00f3n y el trabajo en equipo, y el \u00e9xito en estas actividades aumenta la autoestima de los estudiantes y, sobre todo, la confianza al realizar distintas actividades dentro y fuera del aula. Promover la actividad f\u00edsica y la coordinaci\u00f3n en la primera infancia tambi\u00e9n puede ayudar a prevenir problemas de salud.<br \/>\nLas estrategias para fortalecer la coordinaci\u00f3n din\u00e1mica general en la Educaci\u00f3n Inicial incluyen fomentar la participaci\u00f3n en juegos al aire libre, como la cuerda, el escondite y el f\u00fatbol, permitiendo a los ni\u00f1os desarrollar habilidades motoras de manera natural y divertida; crear circuitos de actividades dentro del aula o el patio, que incluyan saltar, correr, trepar y lanzar, desafiando a los estudiantes a realizar actividades que requieren el uso de diferentes grupos musculares y mejorar su coordinaci\u00f3n din\u00e1mica general; incluir clases de educaci\u00f3n f\u00edsica en el curr\u00edculo escolar, adaptadas a la edad de los ni\u00f1os, para ense\u00f1ar y practicar movimientos b\u00e1sicos y avanzados; utilizar juegos de imitaci\u00f3n, donde los ni\u00f1os copien movimientos espec\u00edficos, como bailar o imitar a diferentes animales, lo que es excelentes para desarrollar la coordinaci\u00f3n din\u00e1mica general, facilitando movimientos fluidos y controlados.<br \/>\nEn conclusi\u00f3n, fortalecer la coordinaci\u00f3n din\u00e1mica general en Educaci\u00f3n Inicial es fundamental para el desarrollo integral de los ni\u00f1os. No solo ayudar\u00e1 a mejorar la salud f\u00edsica, sino que tambi\u00e9n influye positivamente en actividades acad\u00e9micas, tanto sociales como emocionales. Implementar estrategias y actividades que promuevan la coordinaci\u00f3n din\u00e1mica general, desde la primera infancia, asegura que los ni\u00f1os crezcan de manera equilibrada y sobre todo feliz. Ellos estar\u00e1n preparados para responder a desaf\u00edos futuros con confianza y habilidad.<\/p>\n<p>deysiyanet92@gmail.com<\/p>\n","protected":false},"excerpt":{"rendered":"<p>En Educaci\u00f3n Inicial es fundamental fortalecer las habilidades de los ni\u00f1os, pues es una etapa donde ellos aprenden muy r\u00e1pido, abarcando m\u00faltiples \u00e1reas. Entre los planes y programas de Educaci\u00f3n Inicial en Familia Comunitaria Escolarizada est\u00e1 el desarrollo psicomotor. Y la coordinaci\u00f3n din\u00e1mica general est\u00e1 dentro de este desarrollo, tiene un papel crucial en la [&hellip;]<\/p>\n","protected":false},"author":1,"featured_media":194790,"comment_status":"closed","ping_status":"open","sticky":false,"template":"","format":"standard","meta":{"_acf_changed":false,"footnotes":""},"categories":[9],"tags":[],"class_list":["post-286768","post","type-post","status-publish","format-standard","has-post-thumbnail","category-opinion"],"acf":{"antetitulo":""},"yoast_head":"<!-- This site is optimized with the Yoast SEO plugin v28.3 - https:\/\/yoast.com\/product\/yoast-seo-wordpress\/ -->\n<title>Coordinaci\u00f3n en Educaci\u00f3n Inicial - El Diario - Bolivia<\/title>\n<meta name=\"robots\" content=\"index, follow, max-snippet:-1, max-image-preview:large, max-video-preview:-1\" \/>\n<link rel=\"canonical\" href=\"https:\/\/www.eldiario.net\/portal\/2025\/03\/08\/coordinacion-en-educacion-inicial\/\" \/>\n<meta property=\"og:locale\" content=\"es_ES\" \/>\n<meta property=\"og:type\" content=\"article\" \/>\n<meta property=\"og:title\" content=\"Coordinaci\u00f3n en Educaci\u00f3n Inicial - El Diario - Bolivia\" \/>\n<meta property=\"og:description\" content=\"En Educaci\u00f3n Inicial es fundamental fortalecer las habilidades de los ni\u00f1os, pues es una etapa donde ellos aprenden muy r\u00e1pido, abarcando m\u00faltiples \u00e1reas. Entre los planes y programas de Educaci\u00f3n Inicial en Familia Comunitaria Escolarizada est\u00e1 el desarrollo psicomotor. Y la coordinaci\u00f3n din\u00e1mica general est\u00e1 dentro de este desarrollo, tiene un papel crucial en la [&hellip;]\" \/>\n<meta property=\"og:url\" content=\"https:\/\/www.eldiario.net\/portal\/2025\/03\/08\/coordinacion-en-educacion-inicial\/\" \/>\n<meta property=\"og:site_name\" content=\"El Diario - Bolivia\" \/>\n<meta property=\"article:publisher\" content=\"https:\/\/www.facebook.com\/eldiario.bolivia\/\" \/>\n<meta property=\"article:published_time\" content=\"2025-03-08T11:37:44+00:00\" \/>\n<meta property=\"og:image\" content=\"https:\/\/www.eldiario.net\/portal\/wp-content\/uploads\/2023\/12\/Opinion.jpg\" \/>\n\t<meta property=\"og:image:width\" content=\"800\" \/>\n\t<meta property=\"og:image:height\" content=\"500\" \/>\n\t<meta property=\"og:image:type\" content=\"image\/jpeg\" \/>\n<meta name=\"author\" content=\"Jeanette\" \/>\n<meta name=\"twitter:card\" content=\"summary_large_image\" \/>\n<meta name=\"twitter:creator\" content=\"@eldiario_net\" \/>\n<meta name=\"twitter:site\" content=\"@eldiario_net\" \/>\n<meta name=\"twitter:label1\" content=\"Escrito por\" \/>\n\t<meta name=\"twitter:data1\" content=\"Jeanette\" \/>\n\t<meta name=\"twitter:label2\" content=\"Tiempo de lectura\" \/>\n\t<meta name=\"twitter:data2\" content=\"3 minutos\" \/>\n<script type=\"application\/ld+json\" class=\"yoast-schema-graph\">{\"@context\":\"https:\\\/\\\/schema.org\",\"@graph\":[{\"@type\":\"Article\",\"@id\":\"https:\\\/\\\/www.eldiario.net\\\/portal\\\/2025\\\/03\\\/08\\\/coordinacion-en-educacion-inicial\\\/#article\",\"isPartOf\":{\"@id\":\"https:\\\/\\\/www.eldiario.net\\\/portal\\\/2025\\\/03\\\/08\\\/coordinacion-en-educacion-inicial\\\/\"},\"author\":{\"name\":\"Jeanette\",\"@id\":\"https:\\\/\\\/www.eldiario.net\\\/portal\\\/#\\\/schema\\\/person\\\/f46445640444750d7d753ccd04ae01b7\"},\"headline\":\"Coordinaci\u00f3n en Educaci\u00f3n Inicial\",\"datePublished\":\"2025-03-08T11:37:44+00:00\",\"mainEntityOfPage\":{\"@id\":\"https:\\\/\\\/www.eldiario.net\\\/portal\\\/2025\\\/03\\\/08\\\/coordinacion-en-educacion-inicial\\\/\"},\"wordCount\":549,\"publisher\":{\"@id\":\"https:\\\/\\\/www.eldiario.net\\\/portal\\\/#organization\"},\"image\":{\"@id\":\"https:\\\/\\\/www.eldiario.net\\\/portal\\\/2025\\\/03\\\/08\\\/coordinacion-en-educacion-inicial\\\/#primaryimage\"},\"thumbnailUrl\":\"https:\\\/\\\/www.eldiario.net\\\/portal\\\/wp-content\\\/uploads\\\/2023\\\/12\\\/Opinion.jpg\",\"articleSection\":[\"Opini\u00f3n\"],\"inLanguage\":\"es\"},{\"@type\":\"WebPage\",\"@id\":\"https:\\\/\\\/www.eldiario.net\\\/portal\\\/2025\\\/03\\\/08\\\/coordinacion-en-educacion-inicial\\\/\",\"url\":\"https:\\\/\\\/www.eldiario.net\\\/portal\\\/2025\\\/03\\\/08\\\/coordinacion-en-educacion-inicial\\\/\",\"name\":\"Coordinaci\u00f3n en Educaci\u00f3n Inicial - El Diario - Bolivia\",\"isPartOf\":{\"@id\":\"https:\\\/\\\/www.eldiario.net\\\/portal\\\/#website\"},\"primaryImageOfPage\":{\"@id\":\"https:\\\/\\\/www.eldiario.net\\\/portal\\\/2025\\\/03\\\/08\\\/coordinacion-en-educacion-inicial\\\/#primaryimage\"},\"image\":{\"@id\":\"https:\\\/\\\/www.eldiario.net\\\/portal\\\/2025\\\/03\\\/08\\\/coordinacion-en-educacion-inicial\\\/#primaryimage\"},\"thumbnailUrl\":\"https:\\\/\\\/www.eldiario.net\\\/portal\\\/wp-content\\\/uploads\\\/2023\\\/12\\\/Opinion.jpg\",\"datePublished\":\"2025-03-08T11:37:44+00:00\",\"breadcrumb\":{\"@id\":\"https:\\\/\\\/www.eldiario.net\\\/portal\\\/2025\\\/03\\\/08\\\/coordinacion-en-educacion-inicial\\\/#breadcrumb\"},\"inLanguage\":\"es\",\"potentialAction\":[{\"@type\":\"ReadAction\",\"target\":[\"https:\\\/\\\/www.eldiario.net\\\/portal\\\/2025\\\/03\\\/08\\\/coordinacion-en-educacion-inicial\\\/\"]}]},{\"@type\":\"ImageObject\",\"inLanguage\":\"es\",\"@id\":\"https:\\\/\\\/www.eldiario.net\\\/portal\\\/2025\\\/03\\\/08\\\/coordinacion-en-educacion-inicial\\\/#primaryimage\",\"url\":\"https:\\\/\\\/www.eldiario.net\\\/portal\\\/wp-content\\\/uploads\\\/2023\\\/12\\\/Opinion.jpg\",\"contentUrl\":\"https:\\\/\\\/www.eldiario.net\\\/portal\\\/wp-content\\\/uploads\\\/2023\\\/12\\\/Opinion.jpg\",\"width\":800,\"height\":500},{\"@type\":\"BreadcrumbList\",\"@id\":\"https:\\\/\\\/www.eldiario.net\\\/portal\\\/2025\\\/03\\\/08\\\/coordinacion-en-educacion-inicial\\\/#breadcrumb\",\"itemListElement\":[{\"@type\":\"ListItem\",\"position\":1,\"name\":\"Portada\",\"item\":\"https:\\\/\\\/www.eldiario.net\\\/portal\\\/\"},{\"@type\":\"ListItem\",\"position\":2,\"name\":\"Coordinaci\u00f3n en Educaci\u00f3n Inicial\"}]},{\"@type\":\"WebSite\",\"@id\":\"https:\\\/\\\/www.eldiario.net\\\/portal\\\/#website\",\"url\":\"https:\\\/\\\/www.eldiario.net\\\/portal\\\/\",\"name\":\"El Diario - Decano de la prensa nacional\",\"description\":\"El Diario - Decano de la prensa nacional\",\"publisher\":{\"@id\":\"https:\\\/\\\/www.eldiario.net\\\/portal\\\/#organization\"},\"potentialAction\":[{\"@type\":\"SearchAction\",\"target\":{\"@type\":\"EntryPoint\",\"urlTemplate\":\"https:\\\/\\\/www.eldiario.net\\\/portal\\\/?s={search_term_string}\"},\"query-input\":{\"@type\":\"PropertyValueSpecification\",\"valueRequired\":true,\"valueName\":\"search_term_string\"}}],\"inLanguage\":\"es\"},{\"@type\":\"Organization\",\"@id\":\"https:\\\/\\\/www.eldiario.net\\\/portal\\\/#organization\",\"name\":\"El Diario - Decano de la prensa nacional\",\"url\":\"https:\\\/\\\/www.eldiario.net\\\/portal\\\/\",\"logo\":{\"@type\":\"ImageObject\",\"inLanguage\":\"es\",\"@id\":\"https:\\\/\\\/www.eldiario.net\\\/portal\\\/#\\\/schema\\\/logo\\\/image\\\/\",\"url\":\"https:\\\/\\\/www.eldiario.net\\\/portal\\\/wp-content\\\/uploads\\\/2023\\\/07\\\/logo_ED.jpg\",\"contentUrl\":\"https:\\\/\\\/www.eldiario.net\\\/portal\\\/wp-content\\\/uploads\\\/2023\\\/07\\\/logo_ED.jpg\",\"width\":272,\"height\":52,\"caption\":\"El Diario - Decano de la prensa nacional\"},\"image\":{\"@id\":\"https:\\\/\\\/www.eldiario.net\\\/portal\\\/#\\\/schema\\\/logo\\\/image\\\/\"},\"sameAs\":[\"https:\\\/\\\/www.facebook.com\\\/eldiario.bolivia\\\/\",\"https:\\\/\\\/x.com\\\/eldiario_net\"]},{\"@type\":\"Person\",\"@id\":\"https:\\\/\\\/www.eldiario.net\\\/portal\\\/#\\\/schema\\\/person\\\/f46445640444750d7d753ccd04ae01b7\",\"name\":\"Jeanette\",\"image\":{\"@type\":\"ImageObject\",\"inLanguage\":\"es\",\"@id\":\"https:\\\/\\\/secure.gravatar.com\\\/avatar\\\/3ea2118a5f7dad2b7138b1187a6b7ee55f160b9968b66013c3a3ef39dd7e5798?s=96&d=mm&r=g\",\"url\":\"https:\\\/\\\/secure.gravatar.com\\\/avatar\\\/3ea2118a5f7dad2b7138b1187a6b7ee55f160b9968b66013c3a3ef39dd7e5798?s=96&d=mm&r=g\",\"contentUrl\":\"https:\\\/\\\/secure.gravatar.com\\\/avatar\\\/3ea2118a5f7dad2b7138b1187a6b7ee55f160b9968b66013c3a3ef39dd7e5798?s=96&d=mm&r=g\",\"caption\":\"Jeanette\"},\"sameAs\":[\"https:\\\/\\\/www.eldiario.net\\\/portal\"],\"url\":\"https:\\\/\\\/www.eldiario.net\\\/portal\\\/author\\\/jeanette\\\/\"}]}<\/script>\n<!-- \/ Yoast SEO plugin. -->","yoast_head_json":{"title":"Coordinaci\u00f3n en Educaci\u00f3n Inicial - El Diario - Bolivia","robots":{"index":"index","follow":"follow","max-snippet":"max-snippet:-1","max-image-preview":"max-image-preview:large","max-video-preview":"max-video-preview:-1"},"canonical":"https:\/\/www.eldiario.net\/portal\/2025\/03\/08\/coordinacion-en-educacion-inicial\/","og_locale":"es_ES","og_type":"article","og_title":"Coordinaci\u00f3n en Educaci\u00f3n Inicial - El Diario - Bolivia","og_description":"En Educaci\u00f3n Inicial es fundamental fortalecer las habilidades de los ni\u00f1os, pues es una etapa donde ellos aprenden muy r\u00e1pido, abarcando m\u00faltiples \u00e1reas. Entre los planes y programas de Educaci\u00f3n Inicial en Familia Comunitaria Escolarizada est\u00e1 el desarrollo psicomotor. Y la coordinaci\u00f3n din\u00e1mica general est\u00e1 dentro de este desarrollo, tiene un papel crucial en la [&hellip;]","og_url":"https:\/\/www.eldiario.net\/portal\/2025\/03\/08\/coordinacion-en-educacion-inicial\/","og_site_name":"El Diario - Bolivia","article_publisher":"https:\/\/www.facebook.com\/eldiario.bolivia\/","article_published_time":"2025-03-08T11:37:44+00:00","og_image":[{"width":800,"height":500,"url":"https:\/\/www.eldiario.net\/portal\/wp-content\/uploads\/2023\/12\/Opinion.jpg","type":"image\/jpeg"}],"author":"Jeanette","twitter_card":"summary_large_image","twitter_creator":"@eldiario_net","twitter_site":"@eldiario_net","twitter_misc":{"Escrito por":"Jeanette","Tiempo de lectura":"3 minutos"},"schema":{"@context":"https:\/\/schema.org","@graph":[{"@type":"Article","@id":"https:\/\/www.eldiario.net\/portal\/2025\/03\/08\/coordinacion-en-educacion-inicial\/#article","isPartOf":{"@id":"https:\/\/www.eldiario.net\/portal\/2025\/03\/08\/coordinacion-en-educacion-inicial\/"},"author":{"name":"Jeanette","@id":"https:\/\/www.eldiario.net\/portal\/#\/schema\/person\/f46445640444750d7d753ccd04ae01b7"},"headline":"Coordinaci\u00f3n en Educaci\u00f3n Inicial","datePublished":"2025-03-08T11:37:44+00:00","mainEntityOfPage":{"@id":"https:\/\/www.eldiario.net\/portal\/2025\/03\/08\/coordinacion-en-educacion-inicial\/"},"wordCount":549,"publisher":{"@id":"https:\/\/www.eldiario.net\/portal\/#organization"},"image":{"@id":"https:\/\/www.eldiario.net\/portal\/2025\/03\/08\/coordinacion-en-educacion-inicial\/#primaryimage"},"thumbnailUrl":"https:\/\/www.eldiario.net\/portal\/wp-content\/uploads\/2023\/12\/Opinion.jpg","articleSection":["Opini\u00f3n"],"inLanguage":"es"},{"@type":"WebPage","@id":"https:\/\/www.eldiario.net\/portal\/2025\/03\/08\/coordinacion-en-educacion-inicial\/","url":"https:\/\/www.eldiario.net\/portal\/2025\/03\/08\/coordinacion-en-educacion-inicial\/","name":"Coordinaci\u00f3n en Educaci\u00f3n Inicial - El Diario - Bolivia","isPartOf":{"@id":"https:\/\/www.eldiario.net\/portal\/#website"},"primaryImageOfPage":{"@id":"https:\/\/www.eldiario.net\/portal\/2025\/03\/08\/coordinacion-en-educacion-inicial\/#primaryimage"},"image":{"@id":"https:\/\/www.eldiario.net\/portal\/2025\/03\/08\/coordinacion-en-educacion-inicial\/#primaryimage"},"thumbnailUrl":"https:\/\/www.eldiario.net\/portal\/wp-content\/uploads\/2023\/12\/Opinion.jpg","datePublished":"2025-03-08T11:37:44+00:00","breadcrumb":{"@id":"https:\/\/www.eldiario.net\/portal\/2025\/03\/08\/coordinacion-en-educacion-inicial\/#breadcrumb"},"inLanguage":"es","potentialAction":[{"@type":"ReadAction","target":["https:\/\/www.eldiario.net\/portal\/2025\/03\/08\/coordinacion-en-educacion-inicial\/"]}]},{"@type":"ImageObject","inLanguage":"es","@id":"https:\/\/www.eldiario.net\/portal\/2025\/03\/08\/coordinacion-en-educacion-inicial\/#primaryimage","url":"https:\/\/www.eldiario.net\/portal\/wp-content\/uploads\/2023\/12\/Opinion.jpg","contentUrl":"https:\/\/www.eldiario.net\/portal\/wp-content\/uploads\/2023\/12\/Opinion.jpg","width":800,"height":500},{"@type":"BreadcrumbList","@id":"https:\/\/www.eldiario.net\/portal\/2025\/03\/08\/coordinacion-en-educacion-inicial\/#breadcrumb","itemListElement":[{"@type":"ListItem","position":1,"name":"Portada","item":"https:\/\/www.eldiario.net\/portal\/"},{"@type":"ListItem","position":2,"name":"Coordinaci\u00f3n en Educaci\u00f3n Inicial"}]},{"@type":"WebSite","@id":"https:\/\/www.eldiario.net\/portal\/#website","url":"https:\/\/www.eldiario.net\/portal\/","name":"El Diario - Decano de la prensa nacional","description":"El Diario - Decano de la prensa nacional","publisher":{"@id":"https:\/\/www.eldiario.net\/portal\/#organization"},"potentialAction":[{"@type":"SearchAction","target":{"@type":"EntryPoint","urlTemplate":"https:\/\/www.eldiario.net\/portal\/?s={search_term_string}"},"query-input":{"@type":"PropertyValueSpecification","valueRequired":true,"valueName":"search_term_string"}}],"inLanguage":"es"},{"@type":"Organization","@id":"https:\/\/www.eldiario.net\/portal\/#organization","name":"El Diario - Decano de la prensa nacional","url":"https:\/\/www.eldiario.net\/portal\/","logo":{"@type":"ImageObject","inLanguage":"es","@id":"https:\/\/www.eldiario.net\/portal\/#\/schema\/logo\/image\/","url":"https:\/\/www.eldiario.net\/portal\/wp-content\/uploads\/2023\/07\/logo_ED.jpg","contentUrl":"https:\/\/www.eldiario.net\/portal\/wp-content\/uploads\/2023\/07\/logo_ED.jpg","width":272,"height":52,"caption":"El Diario - Decano de la prensa nacional"},"image":{"@id":"https:\/\/www.eldiario.net\/portal\/#\/schema\/logo\/image\/"},"sameAs":["https:\/\/www.facebook.com\/eldiario.bolivia\/","https:\/\/x.com\/eldiario_net"]},{"@type":"Person","@id":"https:\/\/www.eldiario.net\/portal\/#\/schema\/person\/f46445640444750d7d753ccd04ae01b7","name":"Jeanette","image":{"@type":"ImageObject","inLanguage":"es","@id":"https:\/\/secure.gravatar.com\/avatar\/3ea2118a5f7dad2b7138b1187a6b7ee55f160b9968b66013c3a3ef39dd7e5798?s=96&d=mm&r=g","url":"https:\/\/secure.gravatar.com\/avatar\/3ea2118a5f7dad2b7138b1187a6b7ee55f160b9968b66013c3a3ef39dd7e5798?s=96&d=mm&r=g","contentUrl":"https:\/\/secure.gravatar.com\/avatar\/3ea2118a5f7dad2b7138b1187a6b7ee55f160b9968b66013c3a3ef39dd7e5798?s=96&d=mm&r=g","caption":"Jeanette"},"sameAs":["https:\/\/www.eldiario.net\/portal"],"url":"https:\/\/www.eldiario.net\/portal\/author\/jeanette\/"}]}},"_links":{"self":[{"href":"https:\/\/www.eldiario.net\/portal\/wp-json\/wp\/v2\/posts\/286768","targetHints":{"allow":["GET"]}}],"collection":[{"href":"https:\/\/www.eldiario.net\/portal\/wp-json\/wp\/v2\/posts"}],"about":[{"href":"https:\/\/www.eldiario.net\/portal\/wp-json\/wp\/v2\/types\/post"}],"author":[{"embeddable":true,"href":"https:\/\/www.eldiario.net\/portal\/wp-json\/wp\/v2\/users\/1"}],"replies":[{"embeddable":true,"href":"https:\/\/www.eldiario.net\/portal\/wp-json\/wp\/v2\/comments?post=286768"}],"version-history":[{"count":1,"href":"https:\/\/www.eldiario.net\/portal\/wp-json\/wp\/v2\/posts\/286768\/revisions"}],"predecessor-version":[{"id":286769,"href":"https:\/\/www.eldiario.net\/portal\/wp-json\/wp\/v2\/posts\/286768\/revisions\/286769"}],"wp:featuredmedia":[{"embeddable":true,"href":"https:\/\/www.eldiario.net\/portal\/wp-json\/wp\/v2\/media\/194790"}],"wp:attachment":[{"href":"https:\/\/www.eldiario.net\/portal\/wp-json\/wp\/v2\/media?parent=286768"}],"wp:term":[{"taxonomy":"category","embeddable":true,"href":"https:\/\/www.eldiario.net\/portal\/wp-json\/wp\/v2\/categories?post=286768"},{"taxonomy":"post_tag","embeddable":true,"href":"https:\/\/www.eldiario.net\/portal\/wp-json\/wp\/v2\/tags?post=286768"}],"curies":[{"name":"wp","href":"https:\/\/api.w.org\/{rel}","templated":true}]}}