{"id":286766,"date":"2025-03-08T07:37:02","date_gmt":"2025-03-08T11:37:02","guid":{"rendered":"https:\/\/www.eldiario.net\/portal\/?p=286766"},"modified":"2025-03-08T07:37:02","modified_gmt":"2025-03-08T11:37:02","slug":"herramientas-tecnologicas-en-el-ambito-delictivo","status":"publish","type":"post","link":"https:\/\/www.eldiario.net\/portal\/2025\/03\/08\/herramientas-tecnologicas-en-el-ambito-delictivo\/","title":{"rendered":"Herramientas tecnol\u00f3gicas en el \u00e1mbito delictivo"},"content":{"rendered":"<p>Con la llegada de nuevas tecnolog\u00edas, en diferentes \u00e1mbitos profesionales se han acelerado proyectos o perfeccionados los ya existentes. Nuevas tecnolog\u00edas aplicadas desde colegios, universidades u otras entidades permitieron ofrecer nuevos programas para producir audio, video, entre otros.<br \/>\nPero estas nuevas tecnolog\u00edas, que incluyen la Inteligencia Artificial (IA), tambi\u00e9n llegaron a manos de quienes buscan mecanismos il\u00edcitos para obtener ingresos econ\u00f3micos de manera \u201cf\u00e1cil\u201d. El uso de nuevas tecnolog\u00edas logr\u00f3 cambiar esquemas tradicionales a los que la gente estaba acostumbrada, para evitar ser v\u00edctima de robo, cuento del t\u00edo, cambiazo y otros delitos realizados de manera presencial.<br \/>\nDesde el Observatorio de Delitos Inform\u00e1ticos de Bolivia (ODIB) se alert\u00f3 a la ciudadan\u00eda sobre el uso de m\u00e9todos sofisticados, incluyendo IA, para suplantar medios de comunicaci\u00f3n bolivianos o hacer uso de audios falsos para ofrecer empleos. Esto ocurri\u00f3 el 10 de febrero en La Paz, donde un grupo delictivo usaba la voz del ministro de Educaci\u00f3n, Omar Veliz, para que 19 v\u00edctimas depositar\u00e1n de forma inicial, mediante QR, Bs.3.500, a quienes se les ofreci\u00f3 \u00edtems en el \u00e1rea de educaci\u00f3n.<br \/>\nOrganismos de investigaci\u00f3n nacional e internacional en su momento advirtieron al p\u00fablico que los delincuentes explotan la IA generativa para cometer fraudes a mayor escala, lo que aumenta la credibilidad de sus planes. La IA generativa reduce el tiempo y el esfuerzo que los delincuentes deben dedicar a enga\u00f1ar a sus objetivos. Tal IA toma lo que ha aprendido de los ejemplos ingresados por un usuario y sintetiza algo nuevo en funci\u00f3n de esa informaci\u00f3n. Estas herramientas ayudan con la creaci\u00f3n de contenido y pueden corregir errores humanos que, de otro modo, podr\u00edan servir como advertencias de fraude. La creaci\u00f3n o distribuci\u00f3n de contenido sint\u00e9tico no es inherentemente ilegal; sin embargo, ese contenido puede usarse para facilitar delitos, como el fraude y la extorsi\u00f3n.<br \/>\nLos delincuentes utilizan la IA generativa para crear voluminosos perfiles ficticios en las redes sociales que usan para enga\u00f1ar a las v\u00edctimas, para que les env\u00eden dinero. Crean mensajes para enviarlos a las v\u00edctimas m\u00e1s r\u00e1pidamente, lo que les permite llegar a un p\u00fablico m\u00e1s amplio con contenido cre\u00edble.<br \/>\nLos delincuentes utilizan herramientas de IA generativa para ayudar con las traducciones de idiomas y limitar los errores gramaticales u ortogr\u00e1ficos que cometen los delincuentes extranjeros que tienen como objetivo a v\u00edctimas extranjeras. Tambi\u00e9n generan contenido para sitios web fraudulentos, destinados a realizar fraudes en inversiones en criptomonedas y otros esquemas de inversi\u00f3n.<br \/>\nLos delincuentes incorporan chatbots potenciados por IA en sitios web fraudulentos para incitar a las v\u00edctimas a hacer clic en enlaces maliciosos.<br \/>\nPor lo descrito, hoy m\u00e1s que nunca uno debe verificar el origen de una imagen, un audio y m\u00e1s a\u00fan si se trata de alguna solicitud realizada supuestamente por alg\u00fan familiar, amistad u ofertas laborales, econ\u00f3micas que aparentan ser atractivas y, al final, se convierten en estafas, de gente que utiliza las IAs como herramienta para delinquir.<\/p>\n","protected":false},"excerpt":{"rendered":"<p>Con la llegada de nuevas tecnolog\u00edas, en diferentes \u00e1mbitos profesionales se han acelerado proyectos o perfeccionados los ya existentes. Nuevas tecnolog\u00edas aplicadas desde colegios, universidades u otras entidades permitieron ofrecer nuevos programas para producir audio, video, entre otros. Pero estas nuevas tecnolog\u00edas, que incluyen la Inteligencia Artificial (IA), tambi\u00e9n llegaron a manos de quienes buscan [&hellip;]<\/p>\n","protected":false},"author":1,"featured_media":194790,"comment_status":"closed","ping_status":"open","sticky":false,"template":"","format":"standard","meta":{"_acf_changed":false,"footnotes":""},"categories":[9],"tags":[],"class_list":["post-286766","post","type-post","status-publish","format-standard","has-post-thumbnail","category-opinion"],"acf":{"antetitulo":""},"yoast_head":"<!-- This site is optimized with the Yoast SEO plugin v28.3 - https:\/\/yoast.com\/product\/yoast-seo-wordpress\/ -->\n<title>Herramientas tecnol\u00f3gicas en el \u00e1mbito delictivo - El Diario - Bolivia<\/title>\n<meta name=\"robots\" content=\"index, follow, max-snippet:-1, max-image-preview:large, max-video-preview:-1\" \/>\n<link rel=\"canonical\" href=\"https:\/\/www.eldiario.net\/portal\/2025\/03\/08\/herramientas-tecnologicas-en-el-ambito-delictivo\/\" \/>\n<meta property=\"og:locale\" content=\"es_ES\" \/>\n<meta property=\"og:type\" content=\"article\" \/>\n<meta property=\"og:title\" content=\"Herramientas tecnol\u00f3gicas en el \u00e1mbito delictivo - El Diario - Bolivia\" \/>\n<meta property=\"og:description\" content=\"Con la llegada de nuevas tecnolog\u00edas, en diferentes \u00e1mbitos profesionales se han acelerado proyectos o perfeccionados los ya existentes. Nuevas tecnolog\u00edas aplicadas desde colegios, universidades u otras entidades permitieron ofrecer nuevos programas para producir audio, video, entre otros. Pero estas nuevas tecnolog\u00edas, que incluyen la Inteligencia Artificial (IA), tambi\u00e9n llegaron a manos de quienes buscan [&hellip;]\" \/>\n<meta property=\"og:url\" content=\"https:\/\/www.eldiario.net\/portal\/2025\/03\/08\/herramientas-tecnologicas-en-el-ambito-delictivo\/\" \/>\n<meta property=\"og:site_name\" content=\"El Diario - Bolivia\" \/>\n<meta property=\"article:publisher\" content=\"https:\/\/www.facebook.com\/eldiario.bolivia\/\" \/>\n<meta property=\"article:published_time\" content=\"2025-03-08T11:37:02+00:00\" \/>\n<meta property=\"og:image\" content=\"https:\/\/www.eldiario.net\/portal\/wp-content\/uploads\/2023\/12\/Opinion.jpg\" \/>\n\t<meta property=\"og:image:width\" content=\"800\" \/>\n\t<meta property=\"og:image:height\" content=\"500\" \/>\n\t<meta property=\"og:image:type\" content=\"image\/jpeg\" \/>\n<meta name=\"author\" content=\"Jeanette\" \/>\n<meta name=\"twitter:card\" content=\"summary_large_image\" \/>\n<meta name=\"twitter:creator\" content=\"@eldiario_net\" \/>\n<meta name=\"twitter:site\" content=\"@eldiario_net\" \/>\n<meta name=\"twitter:label1\" content=\"Escrito por\" \/>\n\t<meta name=\"twitter:data1\" content=\"Jeanette\" \/>\n\t<meta name=\"twitter:label2\" content=\"Tiempo de lectura\" \/>\n\t<meta name=\"twitter:data2\" content=\"3 minutos\" \/>\n<script type=\"application\/ld+json\" class=\"yoast-schema-graph\">{\"@context\":\"https:\\\/\\\/schema.org\",\"@graph\":[{\"@type\":\"Article\",\"@id\":\"https:\\\/\\\/www.eldiario.net\\\/portal\\\/2025\\\/03\\\/08\\\/herramientas-tecnologicas-en-el-ambito-delictivo\\\/#article\",\"isPartOf\":{\"@id\":\"https:\\\/\\\/www.eldiario.net\\\/portal\\\/2025\\\/03\\\/08\\\/herramientas-tecnologicas-en-el-ambito-delictivo\\\/\"},\"author\":{\"name\":\"Jeanette\",\"@id\":\"https:\\\/\\\/www.eldiario.net\\\/portal\\\/#\\\/schema\\\/person\\\/f46445640444750d7d753ccd04ae01b7\"},\"headline\":\"Herramientas tecnol\u00f3gicas en el \u00e1mbito delictivo\",\"datePublished\":\"2025-03-08T11:37:02+00:00\",\"mainEntityOfPage\":{\"@id\":\"https:\\\/\\\/www.eldiario.net\\\/portal\\\/2025\\\/03\\\/08\\\/herramientas-tecnologicas-en-el-ambito-delictivo\\\/\"},\"wordCount\":536,\"publisher\":{\"@id\":\"https:\\\/\\\/www.eldiario.net\\\/portal\\\/#organization\"},\"image\":{\"@id\":\"https:\\\/\\\/www.eldiario.net\\\/portal\\\/2025\\\/03\\\/08\\\/herramientas-tecnologicas-en-el-ambito-delictivo\\\/#primaryimage\"},\"thumbnailUrl\":\"https:\\\/\\\/www.eldiario.net\\\/portal\\\/wp-content\\\/uploads\\\/2023\\\/12\\\/Opinion.jpg\",\"articleSection\":[\"Opini\u00f3n\"],\"inLanguage\":\"es\"},{\"@type\":\"WebPage\",\"@id\":\"https:\\\/\\\/www.eldiario.net\\\/portal\\\/2025\\\/03\\\/08\\\/herramientas-tecnologicas-en-el-ambito-delictivo\\\/\",\"url\":\"https:\\\/\\\/www.eldiario.net\\\/portal\\\/2025\\\/03\\\/08\\\/herramientas-tecnologicas-en-el-ambito-delictivo\\\/\",\"name\":\"Herramientas tecnol\u00f3gicas en el \u00e1mbito delictivo - El Diario - Bolivia\",\"isPartOf\":{\"@id\":\"https:\\\/\\\/www.eldiario.net\\\/portal\\\/#website\"},\"primaryImageOfPage\":{\"@id\":\"https:\\\/\\\/www.eldiario.net\\\/portal\\\/2025\\\/03\\\/08\\\/herramientas-tecnologicas-en-el-ambito-delictivo\\\/#primaryimage\"},\"image\":{\"@id\":\"https:\\\/\\\/www.eldiario.net\\\/portal\\\/2025\\\/03\\\/08\\\/herramientas-tecnologicas-en-el-ambito-delictivo\\\/#primaryimage\"},\"thumbnailUrl\":\"https:\\\/\\\/www.eldiario.net\\\/portal\\\/wp-content\\\/uploads\\\/2023\\\/12\\\/Opinion.jpg\",\"datePublished\":\"2025-03-08T11:37:02+00:00\",\"breadcrumb\":{\"@id\":\"https:\\\/\\\/www.eldiario.net\\\/portal\\\/2025\\\/03\\\/08\\\/herramientas-tecnologicas-en-el-ambito-delictivo\\\/#breadcrumb\"},\"inLanguage\":\"es\",\"potentialAction\":[{\"@type\":\"ReadAction\",\"target\":[\"https:\\\/\\\/www.eldiario.net\\\/portal\\\/2025\\\/03\\\/08\\\/herramientas-tecnologicas-en-el-ambito-delictivo\\\/\"]}]},{\"@type\":\"ImageObject\",\"inLanguage\":\"es\",\"@id\":\"https:\\\/\\\/www.eldiario.net\\\/portal\\\/2025\\\/03\\\/08\\\/herramientas-tecnologicas-en-el-ambito-delictivo\\\/#primaryimage\",\"url\":\"https:\\\/\\\/www.eldiario.net\\\/portal\\\/wp-content\\\/uploads\\\/2023\\\/12\\\/Opinion.jpg\",\"contentUrl\":\"https:\\\/\\\/www.eldiario.net\\\/portal\\\/wp-content\\\/uploads\\\/2023\\\/12\\\/Opinion.jpg\",\"width\":800,\"height\":500},{\"@type\":\"BreadcrumbList\",\"@id\":\"https:\\\/\\\/www.eldiario.net\\\/portal\\\/2025\\\/03\\\/08\\\/herramientas-tecnologicas-en-el-ambito-delictivo\\\/#breadcrumb\",\"itemListElement\":[{\"@type\":\"ListItem\",\"position\":1,\"name\":\"Portada\",\"item\":\"https:\\\/\\\/www.eldiario.net\\\/portal\\\/\"},{\"@type\":\"ListItem\",\"position\":2,\"name\":\"Herramientas tecnol\u00f3gicas en el \u00e1mbito delictivo\"}]},{\"@type\":\"WebSite\",\"@id\":\"https:\\\/\\\/www.eldiario.net\\\/portal\\\/#website\",\"url\":\"https:\\\/\\\/www.eldiario.net\\\/portal\\\/\",\"name\":\"El Diario - Decano de la prensa nacional\",\"description\":\"El Diario - Decano de la prensa nacional\",\"publisher\":{\"@id\":\"https:\\\/\\\/www.eldiario.net\\\/portal\\\/#organization\"},\"potentialAction\":[{\"@type\":\"SearchAction\",\"target\":{\"@type\":\"EntryPoint\",\"urlTemplate\":\"https:\\\/\\\/www.eldiario.net\\\/portal\\\/?s={search_term_string}\"},\"query-input\":{\"@type\":\"PropertyValueSpecification\",\"valueRequired\":true,\"valueName\":\"search_term_string\"}}],\"inLanguage\":\"es\"},{\"@type\":\"Organization\",\"@id\":\"https:\\\/\\\/www.eldiario.net\\\/portal\\\/#organization\",\"name\":\"El Diario - Decano de la prensa nacional\",\"url\":\"https:\\\/\\\/www.eldiario.net\\\/portal\\\/\",\"logo\":{\"@type\":\"ImageObject\",\"inLanguage\":\"es\",\"@id\":\"https:\\\/\\\/www.eldiario.net\\\/portal\\\/#\\\/schema\\\/logo\\\/image\\\/\",\"url\":\"https:\\\/\\\/www.eldiario.net\\\/portal\\\/wp-content\\\/uploads\\\/2023\\\/07\\\/logo_ED.jpg\",\"contentUrl\":\"https:\\\/\\\/www.eldiario.net\\\/portal\\\/wp-content\\\/uploads\\\/2023\\\/07\\\/logo_ED.jpg\",\"width\":272,\"height\":52,\"caption\":\"El Diario - Decano de la prensa nacional\"},\"image\":{\"@id\":\"https:\\\/\\\/www.eldiario.net\\\/portal\\\/#\\\/schema\\\/logo\\\/image\\\/\"},\"sameAs\":[\"https:\\\/\\\/www.facebook.com\\\/eldiario.bolivia\\\/\",\"https:\\\/\\\/x.com\\\/eldiario_net\"]},{\"@type\":\"Person\",\"@id\":\"https:\\\/\\\/www.eldiario.net\\\/portal\\\/#\\\/schema\\\/person\\\/f46445640444750d7d753ccd04ae01b7\",\"name\":\"Jeanette\",\"image\":{\"@type\":\"ImageObject\",\"inLanguage\":\"es\",\"@id\":\"https:\\\/\\\/secure.gravatar.com\\\/avatar\\\/3ea2118a5f7dad2b7138b1187a6b7ee55f160b9968b66013c3a3ef39dd7e5798?s=96&d=mm&r=g\",\"url\":\"https:\\\/\\\/secure.gravatar.com\\\/avatar\\\/3ea2118a5f7dad2b7138b1187a6b7ee55f160b9968b66013c3a3ef39dd7e5798?s=96&d=mm&r=g\",\"contentUrl\":\"https:\\\/\\\/secure.gravatar.com\\\/avatar\\\/3ea2118a5f7dad2b7138b1187a6b7ee55f160b9968b66013c3a3ef39dd7e5798?s=96&d=mm&r=g\",\"caption\":\"Jeanette\"},\"sameAs\":[\"https:\\\/\\\/www.eldiario.net\\\/portal\"],\"url\":\"https:\\\/\\\/www.eldiario.net\\\/portal\\\/author\\\/jeanette\\\/\"}]}<\/script>\n<!-- \/ Yoast SEO plugin. -->","yoast_head_json":{"title":"Herramientas tecnol\u00f3gicas en el \u00e1mbito delictivo - El Diario - Bolivia","robots":{"index":"index","follow":"follow","max-snippet":"max-snippet:-1","max-image-preview":"max-image-preview:large","max-video-preview":"max-video-preview:-1"},"canonical":"https:\/\/www.eldiario.net\/portal\/2025\/03\/08\/herramientas-tecnologicas-en-el-ambito-delictivo\/","og_locale":"es_ES","og_type":"article","og_title":"Herramientas tecnol\u00f3gicas en el \u00e1mbito delictivo - El Diario - Bolivia","og_description":"Con la llegada de nuevas tecnolog\u00edas, en diferentes \u00e1mbitos profesionales se han acelerado proyectos o perfeccionados los ya existentes. Nuevas tecnolog\u00edas aplicadas desde colegios, universidades u otras entidades permitieron ofrecer nuevos programas para producir audio, video, entre otros. Pero estas nuevas tecnolog\u00edas, que incluyen la Inteligencia Artificial (IA), tambi\u00e9n llegaron a manos de quienes buscan [&hellip;]","og_url":"https:\/\/www.eldiario.net\/portal\/2025\/03\/08\/herramientas-tecnologicas-en-el-ambito-delictivo\/","og_site_name":"El Diario - Bolivia","article_publisher":"https:\/\/www.facebook.com\/eldiario.bolivia\/","article_published_time":"2025-03-08T11:37:02+00:00","og_image":[{"width":800,"height":500,"url":"https:\/\/www.eldiario.net\/portal\/wp-content\/uploads\/2023\/12\/Opinion.jpg","type":"image\/jpeg"}],"author":"Jeanette","twitter_card":"summary_large_image","twitter_creator":"@eldiario_net","twitter_site":"@eldiario_net","twitter_misc":{"Escrito por":"Jeanette","Tiempo de lectura":"3 minutos"},"schema":{"@context":"https:\/\/schema.org","@graph":[{"@type":"Article","@id":"https:\/\/www.eldiario.net\/portal\/2025\/03\/08\/herramientas-tecnologicas-en-el-ambito-delictivo\/#article","isPartOf":{"@id":"https:\/\/www.eldiario.net\/portal\/2025\/03\/08\/herramientas-tecnologicas-en-el-ambito-delictivo\/"},"author":{"name":"Jeanette","@id":"https:\/\/www.eldiario.net\/portal\/#\/schema\/person\/f46445640444750d7d753ccd04ae01b7"},"headline":"Herramientas tecnol\u00f3gicas en el \u00e1mbito delictivo","datePublished":"2025-03-08T11:37:02+00:00","mainEntityOfPage":{"@id":"https:\/\/www.eldiario.net\/portal\/2025\/03\/08\/herramientas-tecnologicas-en-el-ambito-delictivo\/"},"wordCount":536,"publisher":{"@id":"https:\/\/www.eldiario.net\/portal\/#organization"},"image":{"@id":"https:\/\/www.eldiario.net\/portal\/2025\/03\/08\/herramientas-tecnologicas-en-el-ambito-delictivo\/#primaryimage"},"thumbnailUrl":"https:\/\/www.eldiario.net\/portal\/wp-content\/uploads\/2023\/12\/Opinion.jpg","articleSection":["Opini\u00f3n"],"inLanguage":"es"},{"@type":"WebPage","@id":"https:\/\/www.eldiario.net\/portal\/2025\/03\/08\/herramientas-tecnologicas-en-el-ambito-delictivo\/","url":"https:\/\/www.eldiario.net\/portal\/2025\/03\/08\/herramientas-tecnologicas-en-el-ambito-delictivo\/","name":"Herramientas tecnol\u00f3gicas en el \u00e1mbito delictivo - El Diario - Bolivia","isPartOf":{"@id":"https:\/\/www.eldiario.net\/portal\/#website"},"primaryImageOfPage":{"@id":"https:\/\/www.eldiario.net\/portal\/2025\/03\/08\/herramientas-tecnologicas-en-el-ambito-delictivo\/#primaryimage"},"image":{"@id":"https:\/\/www.eldiario.net\/portal\/2025\/03\/08\/herramientas-tecnologicas-en-el-ambito-delictivo\/#primaryimage"},"thumbnailUrl":"https:\/\/www.eldiario.net\/portal\/wp-content\/uploads\/2023\/12\/Opinion.jpg","datePublished":"2025-03-08T11:37:02+00:00","breadcrumb":{"@id":"https:\/\/www.eldiario.net\/portal\/2025\/03\/08\/herramientas-tecnologicas-en-el-ambito-delictivo\/#breadcrumb"},"inLanguage":"es","potentialAction":[{"@type":"ReadAction","target":["https:\/\/www.eldiario.net\/portal\/2025\/03\/08\/herramientas-tecnologicas-en-el-ambito-delictivo\/"]}]},{"@type":"ImageObject","inLanguage":"es","@id":"https:\/\/www.eldiario.net\/portal\/2025\/03\/08\/herramientas-tecnologicas-en-el-ambito-delictivo\/#primaryimage","url":"https:\/\/www.eldiario.net\/portal\/wp-content\/uploads\/2023\/12\/Opinion.jpg","contentUrl":"https:\/\/www.eldiario.net\/portal\/wp-content\/uploads\/2023\/12\/Opinion.jpg","width":800,"height":500},{"@type":"BreadcrumbList","@id":"https:\/\/www.eldiario.net\/portal\/2025\/03\/08\/herramientas-tecnologicas-en-el-ambito-delictivo\/#breadcrumb","itemListElement":[{"@type":"ListItem","position":1,"name":"Portada","item":"https:\/\/www.eldiario.net\/portal\/"},{"@type":"ListItem","position":2,"name":"Herramientas tecnol\u00f3gicas en el \u00e1mbito delictivo"}]},{"@type":"WebSite","@id":"https:\/\/www.eldiario.net\/portal\/#website","url":"https:\/\/www.eldiario.net\/portal\/","name":"El Diario - Decano de la prensa nacional","description":"El Diario - Decano de la prensa nacional","publisher":{"@id":"https:\/\/www.eldiario.net\/portal\/#organization"},"potentialAction":[{"@type":"SearchAction","target":{"@type":"EntryPoint","urlTemplate":"https:\/\/www.eldiario.net\/portal\/?s={search_term_string}"},"query-input":{"@type":"PropertyValueSpecification","valueRequired":true,"valueName":"search_term_string"}}],"inLanguage":"es"},{"@type":"Organization","@id":"https:\/\/www.eldiario.net\/portal\/#organization","name":"El Diario - Decano de la prensa nacional","url":"https:\/\/www.eldiario.net\/portal\/","logo":{"@type":"ImageObject","inLanguage":"es","@id":"https:\/\/www.eldiario.net\/portal\/#\/schema\/logo\/image\/","url":"https:\/\/www.eldiario.net\/portal\/wp-content\/uploads\/2023\/07\/logo_ED.jpg","contentUrl":"https:\/\/www.eldiario.net\/portal\/wp-content\/uploads\/2023\/07\/logo_ED.jpg","width":272,"height":52,"caption":"El Diario - Decano de la prensa nacional"},"image":{"@id":"https:\/\/www.eldiario.net\/portal\/#\/schema\/logo\/image\/"},"sameAs":["https:\/\/www.facebook.com\/eldiario.bolivia\/","https:\/\/x.com\/eldiario_net"]},{"@type":"Person","@id":"https:\/\/www.eldiario.net\/portal\/#\/schema\/person\/f46445640444750d7d753ccd04ae01b7","name":"Jeanette","image":{"@type":"ImageObject","inLanguage":"es","@id":"https:\/\/secure.gravatar.com\/avatar\/3ea2118a5f7dad2b7138b1187a6b7ee55f160b9968b66013c3a3ef39dd7e5798?s=96&d=mm&r=g","url":"https:\/\/secure.gravatar.com\/avatar\/3ea2118a5f7dad2b7138b1187a6b7ee55f160b9968b66013c3a3ef39dd7e5798?s=96&d=mm&r=g","contentUrl":"https:\/\/secure.gravatar.com\/avatar\/3ea2118a5f7dad2b7138b1187a6b7ee55f160b9968b66013c3a3ef39dd7e5798?s=96&d=mm&r=g","caption":"Jeanette"},"sameAs":["https:\/\/www.eldiario.net\/portal"],"url":"https:\/\/www.eldiario.net\/portal\/author\/jeanette\/"}]}},"_links":{"self":[{"href":"https:\/\/www.eldiario.net\/portal\/wp-json\/wp\/v2\/posts\/286766","targetHints":{"allow":["GET"]}}],"collection":[{"href":"https:\/\/www.eldiario.net\/portal\/wp-json\/wp\/v2\/posts"}],"about":[{"href":"https:\/\/www.eldiario.net\/portal\/wp-json\/wp\/v2\/types\/post"}],"author":[{"embeddable":true,"href":"https:\/\/www.eldiario.net\/portal\/wp-json\/wp\/v2\/users\/1"}],"replies":[{"embeddable":true,"href":"https:\/\/www.eldiario.net\/portal\/wp-json\/wp\/v2\/comments?post=286766"}],"version-history":[{"count":1,"href":"https:\/\/www.eldiario.net\/portal\/wp-json\/wp\/v2\/posts\/286766\/revisions"}],"predecessor-version":[{"id":286767,"href":"https:\/\/www.eldiario.net\/portal\/wp-json\/wp\/v2\/posts\/286766\/revisions\/286767"}],"wp:featuredmedia":[{"embeddable":true,"href":"https:\/\/www.eldiario.net\/portal\/wp-json\/wp\/v2\/media\/194790"}],"wp:attachment":[{"href":"https:\/\/www.eldiario.net\/portal\/wp-json\/wp\/v2\/media?parent=286766"}],"wp:term":[{"taxonomy":"category","embeddable":true,"href":"https:\/\/www.eldiario.net\/portal\/wp-json\/wp\/v2\/categories?post=286766"},{"taxonomy":"post_tag","embeddable":true,"href":"https:\/\/www.eldiario.net\/portal\/wp-json\/wp\/v2\/tags?post=286766"}],"curies":[{"name":"wp","href":"https:\/\/api.w.org\/{rel}","templated":true}]}}