{"id":286637,"date":"2025-03-07T19:27:50","date_gmt":"2025-03-07T23:27:50","guid":{"rendered":"https:\/\/www.eldiario.net\/portal\/?p=286637"},"modified":"2025-03-07T19:27:50","modified_gmt":"2025-03-07T23:27:50","slug":"mas-alla-de-la-lucha-el-verdadero-desafio-de-ser-mujer-1910","status":"publish","type":"post","link":"https:\/\/www.eldiario.net\/portal\/2025\/03\/07\/mas-alla-de-la-lucha-el-verdadero-desafio-de-ser-mujer-1910\/","title":{"rendered":"M\u00e1s all\u00e1 de la lucha: el verdadero desaf\u00edo de ser Mujer. (19:10)"},"content":{"rendered":"<p>En los \u00faltimos tiempos, las mujeres han conquistado derechos fundamentales que les han permitido acceder a espacios antes impensados. Sin embargo, estos avances tambi\u00e9n han tra\u00eddo consigo nuevas responsabilidades, no impuestas, sino derivadas naturalmente de los \u00e1mbitos en los que han logrado posicionarse. Pasar del rol tradicional de encargarse del hogar y la familia a sumar las exigencias del mundo laboral ha significado un aumento en sus actividades, desaf\u00edos y, en algunos casos, cargas adicionales que la sociedad pocas veces reconoce con equidad.<\/p>\n<p>Romantizar la fortaleza femenina como si las mujeres tuvieran un poder extraordinario para afrontar cualquier situaci\u00f3n con m\u00e1s entereza que los hombres no solo es un error, sino tambi\u00e9n una forma de asignarles responsabilidades desproporcionadas. En este D\u00eda Internacional de la Mujer, m\u00e1s que celebrar con discursos vac\u00edos, es fundamental reflexionar sobre su verdadero rol en todos los \u00e1mbitos: familiar, laboral y social. La meta no debe ser luchar para demostrar superioridad, sino construir espacios equitativos donde se ofrezcan soluciones y oportunidades reales. Ser mejores seres humanos, sin distinci\u00f3n de g\u00e9nero, puede ser el verdadero camino hacia una sociedad m\u00e1s justa.<\/p>\n","protected":false},"excerpt":{"rendered":"<p>En los \u00faltimos tiempos, las mujeres han conquistado derechos fundamentales que les han permitido acceder a espacios antes impensados. Sin embargo, estos avances tambi\u00e9n han tra\u00eddo consigo nuevas responsabilidades, no impuestas, sino derivadas naturalmente de los \u00e1mbitos en los que han logrado posicionarse. Pasar del rol tradicional de encargarse del hogar y la familia a [&hellip;]<\/p>\n","protected":false},"author":7,"featured_media":286638,"comment_status":"closed","ping_status":"open","sticky":false,"template":"","format":"standard","meta":{"_acf_changed":false,"footnotes":""},"categories":[51],"tags":[],"class_list":["post-286637","post","type-post","status-publish","format-standard","has-post-thumbnail","category-ultima-hora"],"acf":{"antetitulo":""},"yoast_head":"<!-- This site is optimized with the Yoast SEO plugin v28.4 - https:\/\/yoast.com\/product\/yoast-seo-wordpress\/ -->\n<title>M\u00e1s all\u00e1 de la lucha: el verdadero desaf\u00edo de ser Mujer. (19:10) - El Diario - Bolivia<\/title>\n<meta name=\"robots\" content=\"index, follow, max-snippet:-1, max-image-preview:large, max-video-preview:-1\" \/>\n<link rel=\"canonical\" href=\"https:\/\/www.eldiario.net\/portal\/2025\/03\/07\/mas-alla-de-la-lucha-el-verdadero-desafio-de-ser-mujer-1910\/\" \/>\n<meta property=\"og:locale\" content=\"es_ES\" \/>\n<meta property=\"og:type\" content=\"article\" \/>\n<meta property=\"og:title\" content=\"M\u00e1s all\u00e1 de la lucha: el verdadero desaf\u00edo de ser Mujer. (19:10) - El Diario - Bolivia\" \/>\n<meta property=\"og:description\" content=\"En los \u00faltimos tiempos, las mujeres han conquistado derechos fundamentales que les han permitido acceder a espacios antes impensados. Sin embargo, estos avances tambi\u00e9n han tra\u00eddo consigo nuevas responsabilidades, no impuestas, sino derivadas naturalmente de los \u00e1mbitos en los que han logrado posicionarse. Pasar del rol tradicional de encargarse del hogar y la familia a [&hellip;]\" \/>\n<meta property=\"og:url\" content=\"https:\/\/www.eldiario.net\/portal\/2025\/03\/07\/mas-alla-de-la-lucha-el-verdadero-desafio-de-ser-mujer-1910\/\" \/>\n<meta property=\"og:site_name\" content=\"El Diario - Bolivia\" \/>\n<meta property=\"article:publisher\" content=\"https:\/\/www.facebook.com\/eldiario.bolivia\/\" \/>\n<meta property=\"article:published_time\" content=\"2025-03-07T23:27:50+00:00\" \/>\n<meta property=\"og:image\" content=\"https:\/\/www.eldiario.net\/portal\/wp-content\/uploads\/2025\/03\/mujer-5-e1741389964231.jpeg\" \/>\n\t<meta property=\"og:image:width\" content=\"380\" \/>\n\t<meta property=\"og:image:height\" content=\"223\" \/>\n\t<meta property=\"og:image:type\" content=\"image\/jpeg\" \/>\n<meta name=\"author\" content=\"Viviana Monrroy\" \/>\n<meta name=\"twitter:card\" content=\"summary_large_image\" \/>\n<meta name=\"twitter:creator\" content=\"@eldiario_net\" \/>\n<meta name=\"twitter:site\" content=\"@eldiario_net\" \/>\n<meta name=\"twitter:label1\" content=\"Escrito por\" \/>\n\t<meta name=\"twitter:data1\" content=\"Viviana Monrroy\" \/>\n\t<meta name=\"twitter:label2\" content=\"Tiempo de lectura\" \/>\n\t<meta name=\"twitter:data2\" content=\"2 minutos\" \/>\n<script type=\"application\/ld+json\" class=\"yoast-schema-graph\">{\"@context\":\"https:\\\/\\\/schema.org\",\"@graph\":[{\"@type\":\"Article\",\"@id\":\"https:\\\/\\\/www.eldiario.net\\\/portal\\\/2025\\\/03\\\/07\\\/mas-alla-de-la-lucha-el-verdadero-desafio-de-ser-mujer-1910\\\/#article\",\"isPartOf\":{\"@id\":\"https:\\\/\\\/www.eldiario.net\\\/portal\\\/2025\\\/03\\\/07\\\/mas-alla-de-la-lucha-el-verdadero-desafio-de-ser-mujer-1910\\\/\"},\"author\":{\"name\":\"Viviana Monrroy\",\"@id\":\"https:\\\/\\\/www.eldiario.net\\\/portal\\\/#\\\/schema\\\/person\\\/ba370d92d160f4d3574381f6d9b78fab\"},\"headline\":\"M\u00e1s all\u00e1 de la lucha: el verdadero desaf\u00edo de ser Mujer. (19:10)\",\"datePublished\":\"2025-03-07T23:27:50+00:00\",\"mainEntityOfPage\":{\"@id\":\"https:\\\/\\\/www.eldiario.net\\\/portal\\\/2025\\\/03\\\/07\\\/mas-alla-de-la-lucha-el-verdadero-desafio-de-ser-mujer-1910\\\/\"},\"wordCount\":209,\"publisher\":{\"@id\":\"https:\\\/\\\/www.eldiario.net\\\/portal\\\/#organization\"},\"image\":{\"@id\":\"https:\\\/\\\/www.eldiario.net\\\/portal\\\/2025\\\/03\\\/07\\\/mas-alla-de-la-lucha-el-verdadero-desafio-de-ser-mujer-1910\\\/#primaryimage\"},\"thumbnailUrl\":\"https:\\\/\\\/www.eldiario.net\\\/portal\\\/wp-content\\\/uploads\\\/2025\\\/03\\\/mujer-5-e1741389964231.jpeg\",\"articleSection\":[\"\u00daltima Hora\"],\"inLanguage\":\"es\"},{\"@type\":\"WebPage\",\"@id\":\"https:\\\/\\\/www.eldiario.net\\\/portal\\\/2025\\\/03\\\/07\\\/mas-alla-de-la-lucha-el-verdadero-desafio-de-ser-mujer-1910\\\/\",\"url\":\"https:\\\/\\\/www.eldiario.net\\\/portal\\\/2025\\\/03\\\/07\\\/mas-alla-de-la-lucha-el-verdadero-desafio-de-ser-mujer-1910\\\/\",\"name\":\"M\u00e1s all\u00e1 de la lucha: el verdadero desaf\u00edo de ser Mujer. (19:10) - El Diario - Bolivia\",\"isPartOf\":{\"@id\":\"https:\\\/\\\/www.eldiario.net\\\/portal\\\/#website\"},\"primaryImageOfPage\":{\"@id\":\"https:\\\/\\\/www.eldiario.net\\\/portal\\\/2025\\\/03\\\/07\\\/mas-alla-de-la-lucha-el-verdadero-desafio-de-ser-mujer-1910\\\/#primaryimage\"},\"image\":{\"@id\":\"https:\\\/\\\/www.eldiario.net\\\/portal\\\/2025\\\/03\\\/07\\\/mas-alla-de-la-lucha-el-verdadero-desafio-de-ser-mujer-1910\\\/#primaryimage\"},\"thumbnailUrl\":\"https:\\\/\\\/www.eldiario.net\\\/portal\\\/wp-content\\\/uploads\\\/2025\\\/03\\\/mujer-5-e1741389964231.jpeg\",\"datePublished\":\"2025-03-07T23:27:50+00:00\",\"breadcrumb\":{\"@id\":\"https:\\\/\\\/www.eldiario.net\\\/portal\\\/2025\\\/03\\\/07\\\/mas-alla-de-la-lucha-el-verdadero-desafio-de-ser-mujer-1910\\\/#breadcrumb\"},\"inLanguage\":\"es\",\"potentialAction\":[{\"@type\":\"ReadAction\",\"target\":[\"https:\\\/\\\/www.eldiario.net\\\/portal\\\/2025\\\/03\\\/07\\\/mas-alla-de-la-lucha-el-verdadero-desafio-de-ser-mujer-1910\\\/\"]}]},{\"@type\":\"ImageObject\",\"inLanguage\":\"es\",\"@id\":\"https:\\\/\\\/www.eldiario.net\\\/portal\\\/2025\\\/03\\\/07\\\/mas-alla-de-la-lucha-el-verdadero-desafio-de-ser-mujer-1910\\\/#primaryimage\",\"url\":\"https:\\\/\\\/www.eldiario.net\\\/portal\\\/wp-content\\\/uploads\\\/2025\\\/03\\\/mujer-5-e1741389964231.jpeg\",\"contentUrl\":\"https:\\\/\\\/www.eldiario.net\\\/portal\\\/wp-content\\\/uploads\\\/2025\\\/03\\\/mujer-5-e1741389964231.jpeg\",\"width\":380,\"height\":223,\"caption\":\"Foto: RR.SS.\"},{\"@type\":\"BreadcrumbList\",\"@id\":\"https:\\\/\\\/www.eldiario.net\\\/portal\\\/2025\\\/03\\\/07\\\/mas-alla-de-la-lucha-el-verdadero-desafio-de-ser-mujer-1910\\\/#breadcrumb\",\"itemListElement\":[{\"@type\":\"ListItem\",\"position\":1,\"name\":\"Portada\",\"item\":\"https:\\\/\\\/www.eldiario.net\\\/portal\\\/\"},{\"@type\":\"ListItem\",\"position\":2,\"name\":\"M\u00e1s all\u00e1 de la lucha: el verdadero desaf\u00edo de ser Mujer. (19:10)\"}]},{\"@type\":\"WebSite\",\"@id\":\"https:\\\/\\\/www.eldiario.net\\\/portal\\\/#website\",\"url\":\"https:\\\/\\\/www.eldiario.net\\\/portal\\\/\",\"name\":\"El Diario - Decano de la prensa nacional\",\"description\":\"El Diario - Decano de la prensa nacional\",\"publisher\":{\"@id\":\"https:\\\/\\\/www.eldiario.net\\\/portal\\\/#organization\"},\"potentialAction\":[{\"@type\":\"SearchAction\",\"target\":{\"@type\":\"EntryPoint\",\"urlTemplate\":\"https:\\\/\\\/www.eldiario.net\\\/portal\\\/?s={search_term_string}\"},\"query-input\":{\"@type\":\"PropertyValueSpecification\",\"valueRequired\":true,\"valueName\":\"search_term_string\"}}],\"inLanguage\":\"es\"},{\"@type\":\"Organization\",\"@id\":\"https:\\\/\\\/www.eldiario.net\\\/portal\\\/#organization\",\"name\":\"El Diario - Decano de la prensa nacional\",\"url\":\"https:\\\/\\\/www.eldiario.net\\\/portal\\\/\",\"logo\":{\"@type\":\"ImageObject\",\"inLanguage\":\"es\",\"@id\":\"https:\\\/\\\/www.eldiario.net\\\/portal\\\/#\\\/schema\\\/logo\\\/image\\\/\",\"url\":\"https:\\\/\\\/www.eldiario.net\\\/portal\\\/wp-content\\\/uploads\\\/2023\\\/07\\\/logo_ED.jpg\",\"contentUrl\":\"https:\\\/\\\/www.eldiario.net\\\/portal\\\/wp-content\\\/uploads\\\/2023\\\/07\\\/logo_ED.jpg\",\"width\":272,\"height\":52,\"caption\":\"El Diario - Decano de la prensa nacional\"},\"image\":{\"@id\":\"https:\\\/\\\/www.eldiario.net\\\/portal\\\/#\\\/schema\\\/logo\\\/image\\\/\"},\"sameAs\":[\"https:\\\/\\\/www.facebook.com\\\/eldiario.bolivia\\\/\",\"https:\\\/\\\/x.com\\\/eldiario_net\"]},{\"@type\":\"Person\",\"@id\":\"https:\\\/\\\/www.eldiario.net\\\/portal\\\/#\\\/schema\\\/person\\\/ba370d92d160f4d3574381f6d9b78fab\",\"name\":\"Viviana Monrroy\",\"image\":{\"@type\":\"ImageObject\",\"inLanguage\":\"es\",\"@id\":\"https:\\\/\\\/secure.gravatar.com\\\/avatar\\\/dfd1611ed5600959a0e5a9754503b6c05d1dcf190010998e0363aee2ad98afca?s=96&d=mm&r=g\",\"url\":\"https:\\\/\\\/secure.gravatar.com\\\/avatar\\\/dfd1611ed5600959a0e5a9754503b6c05d1dcf190010998e0363aee2ad98afca?s=96&d=mm&r=g\",\"contentUrl\":\"https:\\\/\\\/secure.gravatar.com\\\/avatar\\\/dfd1611ed5600959a0e5a9754503b6c05d1dcf190010998e0363aee2ad98afca?s=96&d=mm&r=g\",\"caption\":\"Viviana Monrroy\"},\"sameAs\":[\"http:\\\/\\\/www.eldiario.net\"],\"url\":\"https:\\\/\\\/www.eldiario.net\\\/portal\\\/author\\\/vivianamonrroy\\\/\"}]}<\/script>\n<!-- \/ Yoast SEO plugin. -->","yoast_head_json":{"title":"M\u00e1s all\u00e1 de la lucha: el verdadero desaf\u00edo de ser Mujer. (19:10) - El Diario - Bolivia","robots":{"index":"index","follow":"follow","max-snippet":"max-snippet:-1","max-image-preview":"max-image-preview:large","max-video-preview":"max-video-preview:-1"},"canonical":"https:\/\/www.eldiario.net\/portal\/2025\/03\/07\/mas-alla-de-la-lucha-el-verdadero-desafio-de-ser-mujer-1910\/","og_locale":"es_ES","og_type":"article","og_title":"M\u00e1s all\u00e1 de la lucha: el verdadero desaf\u00edo de ser Mujer. (19:10) - El Diario - Bolivia","og_description":"En los \u00faltimos tiempos, las mujeres han conquistado derechos fundamentales que les han permitido acceder a espacios antes impensados. Sin embargo, estos avances tambi\u00e9n han tra\u00eddo consigo nuevas responsabilidades, no impuestas, sino derivadas naturalmente de los \u00e1mbitos en los que han logrado posicionarse. Pasar del rol tradicional de encargarse del hogar y la familia a [&hellip;]","og_url":"https:\/\/www.eldiario.net\/portal\/2025\/03\/07\/mas-alla-de-la-lucha-el-verdadero-desafio-de-ser-mujer-1910\/","og_site_name":"El Diario - Bolivia","article_publisher":"https:\/\/www.facebook.com\/eldiario.bolivia\/","article_published_time":"2025-03-07T23:27:50+00:00","og_image":[{"width":380,"height":223,"url":"https:\/\/www.eldiario.net\/portal\/wp-content\/uploads\/2025\/03\/mujer-5-e1741389964231.jpeg","type":"image\/jpeg"}],"author":"Viviana Monrroy","twitter_card":"summary_large_image","twitter_creator":"@eldiario_net","twitter_site":"@eldiario_net","twitter_misc":{"Escrito por":"Viviana Monrroy","Tiempo de lectura":"2 minutos"},"schema":{"@context":"https:\/\/schema.org","@graph":[{"@type":"Article","@id":"https:\/\/www.eldiario.net\/portal\/2025\/03\/07\/mas-alla-de-la-lucha-el-verdadero-desafio-de-ser-mujer-1910\/#article","isPartOf":{"@id":"https:\/\/www.eldiario.net\/portal\/2025\/03\/07\/mas-alla-de-la-lucha-el-verdadero-desafio-de-ser-mujer-1910\/"},"author":{"name":"Viviana Monrroy","@id":"https:\/\/www.eldiario.net\/portal\/#\/schema\/person\/ba370d92d160f4d3574381f6d9b78fab"},"headline":"M\u00e1s all\u00e1 de la lucha: el verdadero desaf\u00edo de ser Mujer. (19:10)","datePublished":"2025-03-07T23:27:50+00:00","mainEntityOfPage":{"@id":"https:\/\/www.eldiario.net\/portal\/2025\/03\/07\/mas-alla-de-la-lucha-el-verdadero-desafio-de-ser-mujer-1910\/"},"wordCount":209,"publisher":{"@id":"https:\/\/www.eldiario.net\/portal\/#organization"},"image":{"@id":"https:\/\/www.eldiario.net\/portal\/2025\/03\/07\/mas-alla-de-la-lucha-el-verdadero-desafio-de-ser-mujer-1910\/#primaryimage"},"thumbnailUrl":"https:\/\/www.eldiario.net\/portal\/wp-content\/uploads\/2025\/03\/mujer-5-e1741389964231.jpeg","articleSection":["\u00daltima Hora"],"inLanguage":"es"},{"@type":"WebPage","@id":"https:\/\/www.eldiario.net\/portal\/2025\/03\/07\/mas-alla-de-la-lucha-el-verdadero-desafio-de-ser-mujer-1910\/","url":"https:\/\/www.eldiario.net\/portal\/2025\/03\/07\/mas-alla-de-la-lucha-el-verdadero-desafio-de-ser-mujer-1910\/","name":"M\u00e1s all\u00e1 de la lucha: el verdadero desaf\u00edo de ser Mujer. (19:10) - El Diario - Bolivia","isPartOf":{"@id":"https:\/\/www.eldiario.net\/portal\/#website"},"primaryImageOfPage":{"@id":"https:\/\/www.eldiario.net\/portal\/2025\/03\/07\/mas-alla-de-la-lucha-el-verdadero-desafio-de-ser-mujer-1910\/#primaryimage"},"image":{"@id":"https:\/\/www.eldiario.net\/portal\/2025\/03\/07\/mas-alla-de-la-lucha-el-verdadero-desafio-de-ser-mujer-1910\/#primaryimage"},"thumbnailUrl":"https:\/\/www.eldiario.net\/portal\/wp-content\/uploads\/2025\/03\/mujer-5-e1741389964231.jpeg","datePublished":"2025-03-07T23:27:50+00:00","breadcrumb":{"@id":"https:\/\/www.eldiario.net\/portal\/2025\/03\/07\/mas-alla-de-la-lucha-el-verdadero-desafio-de-ser-mujer-1910\/#breadcrumb"},"inLanguage":"es","potentialAction":[{"@type":"ReadAction","target":["https:\/\/www.eldiario.net\/portal\/2025\/03\/07\/mas-alla-de-la-lucha-el-verdadero-desafio-de-ser-mujer-1910\/"]}]},{"@type":"ImageObject","inLanguage":"es","@id":"https:\/\/www.eldiario.net\/portal\/2025\/03\/07\/mas-alla-de-la-lucha-el-verdadero-desafio-de-ser-mujer-1910\/#primaryimage","url":"https:\/\/www.eldiario.net\/portal\/wp-content\/uploads\/2025\/03\/mujer-5-e1741389964231.jpeg","contentUrl":"https:\/\/www.eldiario.net\/portal\/wp-content\/uploads\/2025\/03\/mujer-5-e1741389964231.jpeg","width":380,"height":223,"caption":"Foto: RR.SS."},{"@type":"BreadcrumbList","@id":"https:\/\/www.eldiario.net\/portal\/2025\/03\/07\/mas-alla-de-la-lucha-el-verdadero-desafio-de-ser-mujer-1910\/#breadcrumb","itemListElement":[{"@type":"ListItem","position":1,"name":"Portada","item":"https:\/\/www.eldiario.net\/portal\/"},{"@type":"ListItem","position":2,"name":"M\u00e1s all\u00e1 de la lucha: el verdadero desaf\u00edo de ser Mujer. (19:10)"}]},{"@type":"WebSite","@id":"https:\/\/www.eldiario.net\/portal\/#website","url":"https:\/\/www.eldiario.net\/portal\/","name":"El Diario - Decano de la prensa nacional","description":"El Diario - Decano de la prensa nacional","publisher":{"@id":"https:\/\/www.eldiario.net\/portal\/#organization"},"potentialAction":[{"@type":"SearchAction","target":{"@type":"EntryPoint","urlTemplate":"https:\/\/www.eldiario.net\/portal\/?s={search_term_string}"},"query-input":{"@type":"PropertyValueSpecification","valueRequired":true,"valueName":"search_term_string"}}],"inLanguage":"es"},{"@type":"Organization","@id":"https:\/\/www.eldiario.net\/portal\/#organization","name":"El Diario - Decano de la prensa nacional","url":"https:\/\/www.eldiario.net\/portal\/","logo":{"@type":"ImageObject","inLanguage":"es","@id":"https:\/\/www.eldiario.net\/portal\/#\/schema\/logo\/image\/","url":"https:\/\/www.eldiario.net\/portal\/wp-content\/uploads\/2023\/07\/logo_ED.jpg","contentUrl":"https:\/\/www.eldiario.net\/portal\/wp-content\/uploads\/2023\/07\/logo_ED.jpg","width":272,"height":52,"caption":"El Diario - Decano de la prensa nacional"},"image":{"@id":"https:\/\/www.eldiario.net\/portal\/#\/schema\/logo\/image\/"},"sameAs":["https:\/\/www.facebook.com\/eldiario.bolivia\/","https:\/\/x.com\/eldiario_net"]},{"@type":"Person","@id":"https:\/\/www.eldiario.net\/portal\/#\/schema\/person\/ba370d92d160f4d3574381f6d9b78fab","name":"Viviana Monrroy","image":{"@type":"ImageObject","inLanguage":"es","@id":"https:\/\/secure.gravatar.com\/avatar\/dfd1611ed5600959a0e5a9754503b6c05d1dcf190010998e0363aee2ad98afca?s=96&d=mm&r=g","url":"https:\/\/secure.gravatar.com\/avatar\/dfd1611ed5600959a0e5a9754503b6c05d1dcf190010998e0363aee2ad98afca?s=96&d=mm&r=g","contentUrl":"https:\/\/secure.gravatar.com\/avatar\/dfd1611ed5600959a0e5a9754503b6c05d1dcf190010998e0363aee2ad98afca?s=96&d=mm&r=g","caption":"Viviana Monrroy"},"sameAs":["http:\/\/www.eldiario.net"],"url":"https:\/\/www.eldiario.net\/portal\/author\/vivianamonrroy\/"}]}},"_links":{"self":[{"href":"https:\/\/www.eldiario.net\/portal\/wp-json\/wp\/v2\/posts\/286637","targetHints":{"allow":["GET"]}}],"collection":[{"href":"https:\/\/www.eldiario.net\/portal\/wp-json\/wp\/v2\/posts"}],"about":[{"href":"https:\/\/www.eldiario.net\/portal\/wp-json\/wp\/v2\/types\/post"}],"author":[{"embeddable":true,"href":"https:\/\/www.eldiario.net\/portal\/wp-json\/wp\/v2\/users\/7"}],"replies":[{"embeddable":true,"href":"https:\/\/www.eldiario.net\/portal\/wp-json\/wp\/v2\/comments?post=286637"}],"version-history":[{"count":1,"href":"https:\/\/www.eldiario.net\/portal\/wp-json\/wp\/v2\/posts\/286637\/revisions"}],"predecessor-version":[{"id":286639,"href":"https:\/\/www.eldiario.net\/portal\/wp-json\/wp\/v2\/posts\/286637\/revisions\/286639"}],"wp:featuredmedia":[{"embeddable":true,"href":"https:\/\/www.eldiario.net\/portal\/wp-json\/wp\/v2\/media\/286638"}],"wp:attachment":[{"href":"https:\/\/www.eldiario.net\/portal\/wp-json\/wp\/v2\/media?parent=286637"}],"wp:term":[{"taxonomy":"category","embeddable":true,"href":"https:\/\/www.eldiario.net\/portal\/wp-json\/wp\/v2\/categories?post=286637"},{"taxonomy":"post_tag","embeddable":true,"href":"https:\/\/www.eldiario.net\/portal\/wp-json\/wp\/v2\/tags?post=286637"}],"curies":[{"name":"wp","href":"https:\/\/api.w.org\/{rel}","templated":true}]}}