{"id":286632,"date":"2025-03-07T19:07:52","date_gmt":"2025-03-07T23:07:52","guid":{"rendered":"https:\/\/www.eldiario.net\/portal\/?p=286632"},"modified":"2025-03-07T19:07:52","modified_gmt":"2025-03-07T23:07:52","slug":"noboa-concede-indultos-a-policias-y-militares-tras-ataque-en-guayaquil-1907","status":"publish","type":"post","link":"https:\/\/www.eldiario.net\/portal\/2025\/03\/07\/noboa-concede-indultos-a-policias-y-militares-tras-ataque-en-guayaquil-1907\/","title":{"rendered":"Noboa concede indultos a polic\u00edas y militares tras ataque en Guayaquil. (19:07)"},"content":{"rendered":"<p>El presidente ecuatoriano, Daniel Noboa, concedi\u00f3 indultos preventivos a los polic\u00edas y militares que respondieron a un ataque armado en Guayaquil que dej\u00f3 al menos 22 personas muertas. Noboa justific\u00f3 su decisi\u00f3n asegurando que \u00abnecesitamos que act\u00faen con decisi\u00f3n y sin temor a represalias\u00bb y que \u00abdefiendan al pa\u00eds, yo los defender\u00e9\u00bb.<\/p>\n<p>El ataque en Guayaquil se desarroll\u00f3 en tres lugares de la ciudad y se atribuye a una disputa entre facciones de la banda criminal Los Tiguerones. La medida de Noboa ha generado cr\u00edticas de grupos de derechos humanos, quienes consideran que esta decisi\u00f3n puede fomentar la impunidad y la violencia.<\/p>\n","protected":false},"excerpt":{"rendered":"<p>El presidente ecuatoriano, Daniel Noboa, concedi\u00f3 indultos preventivos a los polic\u00edas y militares que respondieron a un ataque armado en Guayaquil que dej\u00f3 al menos 22 personas muertas. Noboa justific\u00f3 su decisi\u00f3n asegurando que \u00abnecesitamos que act\u00faen con decisi\u00f3n y sin temor a represalias\u00bb y que \u00abdefiendan al pa\u00eds, yo los defender\u00e9\u00bb. El ataque en [&hellip;]<\/p>\n","protected":false},"author":7,"featured_media":286634,"comment_status":"closed","ping_status":"open","sticky":false,"template":"","format":"standard","meta":{"_acf_changed":false,"footnotes":""},"categories":[51],"tags":[],"class_list":["post-286632","post","type-post","status-publish","format-standard","has-post-thumbnail","category-ultima-hora"],"acf":{"antetitulo":""},"yoast_head":"<!-- This site is optimized with the Yoast SEO plugin v28.4 - https:\/\/yoast.com\/product\/yoast-seo-wordpress\/ -->\n<title>Noboa concede indultos a polic\u00edas y militares tras ataque en Guayaquil. (19:07) - El Diario - Bolivia<\/title>\n<meta name=\"robots\" content=\"index, follow, max-snippet:-1, max-image-preview:large, max-video-preview:-1\" \/>\n<link rel=\"canonical\" href=\"https:\/\/www.eldiario.net\/portal\/2025\/03\/07\/noboa-concede-indultos-a-policias-y-militares-tras-ataque-en-guayaquil-1907\/\" \/>\n<meta property=\"og:locale\" content=\"es_ES\" \/>\n<meta property=\"og:type\" content=\"article\" \/>\n<meta property=\"og:title\" content=\"Noboa concede indultos a polic\u00edas y militares tras ataque en Guayaquil. (19:07) - El Diario - Bolivia\" \/>\n<meta property=\"og:description\" content=\"El presidente ecuatoriano, Daniel Noboa, concedi\u00f3 indultos preventivos a los polic\u00edas y militares que respondieron a un ataque armado en Guayaquil que dej\u00f3 al menos 22 personas muertas. Noboa justific\u00f3 su decisi\u00f3n asegurando que \u00abnecesitamos que act\u00faen con decisi\u00f3n y sin temor a represalias\u00bb y que \u00abdefiendan al pa\u00eds, yo los defender\u00e9\u00bb. El ataque en [&hellip;]\" \/>\n<meta property=\"og:url\" content=\"https:\/\/www.eldiario.net\/portal\/2025\/03\/07\/noboa-concede-indultos-a-policias-y-militares-tras-ataque-en-guayaquil-1907\/\" \/>\n<meta property=\"og:site_name\" content=\"El Diario - Bolivia\" \/>\n<meta property=\"article:publisher\" content=\"https:\/\/www.facebook.com\/eldiario.bolivia\/\" \/>\n<meta property=\"article:published_time\" content=\"2025-03-07T23:07:52+00:00\" \/>\n<meta property=\"og:image\" content=\"https:\/\/www.eldiario.net\/portal\/wp-content\/uploads\/2025\/03\/ecuador-2-e1741388833535.png\" \/>\n\t<meta property=\"og:image:width\" content=\"200\" \/>\n\t<meta property=\"og:image:height\" content=\"290\" \/>\n\t<meta property=\"og:image:type\" content=\"image\/png\" \/>\n<meta name=\"author\" content=\"Viviana Monrroy\" \/>\n<meta name=\"twitter:card\" content=\"summary_large_image\" \/>\n<meta name=\"twitter:creator\" content=\"@eldiario_net\" \/>\n<meta name=\"twitter:site\" content=\"@eldiario_net\" \/>\n<meta name=\"twitter:label1\" content=\"Escrito por\" \/>\n\t<meta name=\"twitter:data1\" content=\"Viviana Monrroy\" \/>\n\t<meta name=\"twitter:label2\" content=\"Tiempo de lectura\" \/>\n\t<meta name=\"twitter:data2\" content=\"1 minuto\" \/>\n<script type=\"application\/ld+json\" class=\"yoast-schema-graph\">{\"@context\":\"https:\\\/\\\/schema.org\",\"@graph\":[{\"@type\":\"Article\",\"@id\":\"https:\\\/\\\/www.eldiario.net\\\/portal\\\/2025\\\/03\\\/07\\\/noboa-concede-indultos-a-policias-y-militares-tras-ataque-en-guayaquil-1907\\\/#article\",\"isPartOf\":{\"@id\":\"https:\\\/\\\/www.eldiario.net\\\/portal\\\/2025\\\/03\\\/07\\\/noboa-concede-indultos-a-policias-y-militares-tras-ataque-en-guayaquil-1907\\\/\"},\"author\":{\"name\":\"Viviana Monrroy\",\"@id\":\"https:\\\/\\\/www.eldiario.net\\\/portal\\\/#\\\/schema\\\/person\\\/ba370d92d160f4d3574381f6d9b78fab\"},\"headline\":\"Noboa concede indultos a polic\u00edas y militares tras ataque en Guayaquil. (19:07)\",\"datePublished\":\"2025-03-07T23:07:52+00:00\",\"mainEntityOfPage\":{\"@id\":\"https:\\\/\\\/www.eldiario.net\\\/portal\\\/2025\\\/03\\\/07\\\/noboa-concede-indultos-a-policias-y-militares-tras-ataque-en-guayaquil-1907\\\/\"},\"wordCount\":120,\"publisher\":{\"@id\":\"https:\\\/\\\/www.eldiario.net\\\/portal\\\/#organization\"},\"image\":{\"@id\":\"https:\\\/\\\/www.eldiario.net\\\/portal\\\/2025\\\/03\\\/07\\\/noboa-concede-indultos-a-policias-y-militares-tras-ataque-en-guayaquil-1907\\\/#primaryimage\"},\"thumbnailUrl\":\"https:\\\/\\\/www.eldiario.net\\\/portal\\\/wp-content\\\/uploads\\\/2025\\\/03\\\/ecuador-2-e1741388833535.png\",\"articleSection\":[\"\u00daltima Hora\"],\"inLanguage\":\"es\"},{\"@type\":\"WebPage\",\"@id\":\"https:\\\/\\\/www.eldiario.net\\\/portal\\\/2025\\\/03\\\/07\\\/noboa-concede-indultos-a-policias-y-militares-tras-ataque-en-guayaquil-1907\\\/\",\"url\":\"https:\\\/\\\/www.eldiario.net\\\/portal\\\/2025\\\/03\\\/07\\\/noboa-concede-indultos-a-policias-y-militares-tras-ataque-en-guayaquil-1907\\\/\",\"name\":\"Noboa concede indultos a polic\u00edas y militares tras ataque en Guayaquil. (19:07) - El Diario - Bolivia\",\"isPartOf\":{\"@id\":\"https:\\\/\\\/www.eldiario.net\\\/portal\\\/#website\"},\"primaryImageOfPage\":{\"@id\":\"https:\\\/\\\/www.eldiario.net\\\/portal\\\/2025\\\/03\\\/07\\\/noboa-concede-indultos-a-policias-y-militares-tras-ataque-en-guayaquil-1907\\\/#primaryimage\"},\"image\":{\"@id\":\"https:\\\/\\\/www.eldiario.net\\\/portal\\\/2025\\\/03\\\/07\\\/noboa-concede-indultos-a-policias-y-militares-tras-ataque-en-guayaquil-1907\\\/#primaryimage\"},\"thumbnailUrl\":\"https:\\\/\\\/www.eldiario.net\\\/portal\\\/wp-content\\\/uploads\\\/2025\\\/03\\\/ecuador-2-e1741388833535.png\",\"datePublished\":\"2025-03-07T23:07:52+00:00\",\"breadcrumb\":{\"@id\":\"https:\\\/\\\/www.eldiario.net\\\/portal\\\/2025\\\/03\\\/07\\\/noboa-concede-indultos-a-policias-y-militares-tras-ataque-en-guayaquil-1907\\\/#breadcrumb\"},\"inLanguage\":\"es\",\"potentialAction\":[{\"@type\":\"ReadAction\",\"target\":[\"https:\\\/\\\/www.eldiario.net\\\/portal\\\/2025\\\/03\\\/07\\\/noboa-concede-indultos-a-policias-y-militares-tras-ataque-en-guayaquil-1907\\\/\"]}]},{\"@type\":\"ImageObject\",\"inLanguage\":\"es\",\"@id\":\"https:\\\/\\\/www.eldiario.net\\\/portal\\\/2025\\\/03\\\/07\\\/noboa-concede-indultos-a-policias-y-militares-tras-ataque-en-guayaquil-1907\\\/#primaryimage\",\"url\":\"https:\\\/\\\/www.eldiario.net\\\/portal\\\/wp-content\\\/uploads\\\/2025\\\/03\\\/ecuador-2-e1741388833535.png\",\"contentUrl\":\"https:\\\/\\\/www.eldiario.net\\\/portal\\\/wp-content\\\/uploads\\\/2025\\\/03\\\/ecuador-2-e1741388833535.png\",\"width\":200,\"height\":290,\"caption\":\"Foto: RR.SS.\"},{\"@type\":\"BreadcrumbList\",\"@id\":\"https:\\\/\\\/www.eldiario.net\\\/portal\\\/2025\\\/03\\\/07\\\/noboa-concede-indultos-a-policias-y-militares-tras-ataque-en-guayaquil-1907\\\/#breadcrumb\",\"itemListElement\":[{\"@type\":\"ListItem\",\"position\":1,\"name\":\"Portada\",\"item\":\"https:\\\/\\\/www.eldiario.net\\\/portal\\\/\"},{\"@type\":\"ListItem\",\"position\":2,\"name\":\"Noboa concede indultos a polic\u00edas y militares tras ataque en Guayaquil. (19:07)\"}]},{\"@type\":\"WebSite\",\"@id\":\"https:\\\/\\\/www.eldiario.net\\\/portal\\\/#website\",\"url\":\"https:\\\/\\\/www.eldiario.net\\\/portal\\\/\",\"name\":\"El Diario - Decano de la prensa nacional\",\"description\":\"El Diario - Decano de la prensa nacional\",\"publisher\":{\"@id\":\"https:\\\/\\\/www.eldiario.net\\\/portal\\\/#organization\"},\"potentialAction\":[{\"@type\":\"SearchAction\",\"target\":{\"@type\":\"EntryPoint\",\"urlTemplate\":\"https:\\\/\\\/www.eldiario.net\\\/portal\\\/?s={search_term_string}\"},\"query-input\":{\"@type\":\"PropertyValueSpecification\",\"valueRequired\":true,\"valueName\":\"search_term_string\"}}],\"inLanguage\":\"es\"},{\"@type\":\"Organization\",\"@id\":\"https:\\\/\\\/www.eldiario.net\\\/portal\\\/#organization\",\"name\":\"El Diario - Decano de la prensa nacional\",\"url\":\"https:\\\/\\\/www.eldiario.net\\\/portal\\\/\",\"logo\":{\"@type\":\"ImageObject\",\"inLanguage\":\"es\",\"@id\":\"https:\\\/\\\/www.eldiario.net\\\/portal\\\/#\\\/schema\\\/logo\\\/image\\\/\",\"url\":\"https:\\\/\\\/www.eldiario.net\\\/portal\\\/wp-content\\\/uploads\\\/2023\\\/07\\\/logo_ED.jpg\",\"contentUrl\":\"https:\\\/\\\/www.eldiario.net\\\/portal\\\/wp-content\\\/uploads\\\/2023\\\/07\\\/logo_ED.jpg\",\"width\":272,\"height\":52,\"caption\":\"El Diario - Decano de la prensa nacional\"},\"image\":{\"@id\":\"https:\\\/\\\/www.eldiario.net\\\/portal\\\/#\\\/schema\\\/logo\\\/image\\\/\"},\"sameAs\":[\"https:\\\/\\\/www.facebook.com\\\/eldiario.bolivia\\\/\",\"https:\\\/\\\/x.com\\\/eldiario_net\"]},{\"@type\":\"Person\",\"@id\":\"https:\\\/\\\/www.eldiario.net\\\/portal\\\/#\\\/schema\\\/person\\\/ba370d92d160f4d3574381f6d9b78fab\",\"name\":\"Viviana Monrroy\",\"image\":{\"@type\":\"ImageObject\",\"inLanguage\":\"es\",\"@id\":\"https:\\\/\\\/secure.gravatar.com\\\/avatar\\\/dfd1611ed5600959a0e5a9754503b6c05d1dcf190010998e0363aee2ad98afca?s=96&d=mm&r=g\",\"url\":\"https:\\\/\\\/secure.gravatar.com\\\/avatar\\\/dfd1611ed5600959a0e5a9754503b6c05d1dcf190010998e0363aee2ad98afca?s=96&d=mm&r=g\",\"contentUrl\":\"https:\\\/\\\/secure.gravatar.com\\\/avatar\\\/dfd1611ed5600959a0e5a9754503b6c05d1dcf190010998e0363aee2ad98afca?s=96&d=mm&r=g\",\"caption\":\"Viviana Monrroy\"},\"sameAs\":[\"http:\\\/\\\/www.eldiario.net\"],\"url\":\"https:\\\/\\\/www.eldiario.net\\\/portal\\\/author\\\/vivianamonrroy\\\/\"}]}<\/script>\n<!-- \/ Yoast SEO plugin. -->","yoast_head_json":{"title":"Noboa concede indultos a polic\u00edas y militares tras ataque en Guayaquil. (19:07) - El Diario - Bolivia","robots":{"index":"index","follow":"follow","max-snippet":"max-snippet:-1","max-image-preview":"max-image-preview:large","max-video-preview":"max-video-preview:-1"},"canonical":"https:\/\/www.eldiario.net\/portal\/2025\/03\/07\/noboa-concede-indultos-a-policias-y-militares-tras-ataque-en-guayaquil-1907\/","og_locale":"es_ES","og_type":"article","og_title":"Noboa concede indultos a polic\u00edas y militares tras ataque en Guayaquil. (19:07) - El Diario - Bolivia","og_description":"El presidente ecuatoriano, Daniel Noboa, concedi\u00f3 indultos preventivos a los polic\u00edas y militares que respondieron a un ataque armado en Guayaquil que dej\u00f3 al menos 22 personas muertas. Noboa justific\u00f3 su decisi\u00f3n asegurando que \u00abnecesitamos que act\u00faen con decisi\u00f3n y sin temor a represalias\u00bb y que \u00abdefiendan al pa\u00eds, yo los defender\u00e9\u00bb. El ataque en [&hellip;]","og_url":"https:\/\/www.eldiario.net\/portal\/2025\/03\/07\/noboa-concede-indultos-a-policias-y-militares-tras-ataque-en-guayaquil-1907\/","og_site_name":"El Diario - Bolivia","article_publisher":"https:\/\/www.facebook.com\/eldiario.bolivia\/","article_published_time":"2025-03-07T23:07:52+00:00","og_image":[{"width":200,"height":290,"url":"https:\/\/www.eldiario.net\/portal\/wp-content\/uploads\/2025\/03\/ecuador-2-e1741388833535.png","type":"image\/png"}],"author":"Viviana Monrroy","twitter_card":"summary_large_image","twitter_creator":"@eldiario_net","twitter_site":"@eldiario_net","twitter_misc":{"Escrito por":"Viviana Monrroy","Tiempo de lectura":"1 minuto"},"schema":{"@context":"https:\/\/schema.org","@graph":[{"@type":"Article","@id":"https:\/\/www.eldiario.net\/portal\/2025\/03\/07\/noboa-concede-indultos-a-policias-y-militares-tras-ataque-en-guayaquil-1907\/#article","isPartOf":{"@id":"https:\/\/www.eldiario.net\/portal\/2025\/03\/07\/noboa-concede-indultos-a-policias-y-militares-tras-ataque-en-guayaquil-1907\/"},"author":{"name":"Viviana Monrroy","@id":"https:\/\/www.eldiario.net\/portal\/#\/schema\/person\/ba370d92d160f4d3574381f6d9b78fab"},"headline":"Noboa concede indultos a polic\u00edas y militares tras ataque en Guayaquil. (19:07)","datePublished":"2025-03-07T23:07:52+00:00","mainEntityOfPage":{"@id":"https:\/\/www.eldiario.net\/portal\/2025\/03\/07\/noboa-concede-indultos-a-policias-y-militares-tras-ataque-en-guayaquil-1907\/"},"wordCount":120,"publisher":{"@id":"https:\/\/www.eldiario.net\/portal\/#organization"},"image":{"@id":"https:\/\/www.eldiario.net\/portal\/2025\/03\/07\/noboa-concede-indultos-a-policias-y-militares-tras-ataque-en-guayaquil-1907\/#primaryimage"},"thumbnailUrl":"https:\/\/www.eldiario.net\/portal\/wp-content\/uploads\/2025\/03\/ecuador-2-e1741388833535.png","articleSection":["\u00daltima Hora"],"inLanguage":"es"},{"@type":"WebPage","@id":"https:\/\/www.eldiario.net\/portal\/2025\/03\/07\/noboa-concede-indultos-a-policias-y-militares-tras-ataque-en-guayaquil-1907\/","url":"https:\/\/www.eldiario.net\/portal\/2025\/03\/07\/noboa-concede-indultos-a-policias-y-militares-tras-ataque-en-guayaquil-1907\/","name":"Noboa concede indultos a polic\u00edas y militares tras ataque en Guayaquil. (19:07) - El Diario - Bolivia","isPartOf":{"@id":"https:\/\/www.eldiario.net\/portal\/#website"},"primaryImageOfPage":{"@id":"https:\/\/www.eldiario.net\/portal\/2025\/03\/07\/noboa-concede-indultos-a-policias-y-militares-tras-ataque-en-guayaquil-1907\/#primaryimage"},"image":{"@id":"https:\/\/www.eldiario.net\/portal\/2025\/03\/07\/noboa-concede-indultos-a-policias-y-militares-tras-ataque-en-guayaquil-1907\/#primaryimage"},"thumbnailUrl":"https:\/\/www.eldiario.net\/portal\/wp-content\/uploads\/2025\/03\/ecuador-2-e1741388833535.png","datePublished":"2025-03-07T23:07:52+00:00","breadcrumb":{"@id":"https:\/\/www.eldiario.net\/portal\/2025\/03\/07\/noboa-concede-indultos-a-policias-y-militares-tras-ataque-en-guayaquil-1907\/#breadcrumb"},"inLanguage":"es","potentialAction":[{"@type":"ReadAction","target":["https:\/\/www.eldiario.net\/portal\/2025\/03\/07\/noboa-concede-indultos-a-policias-y-militares-tras-ataque-en-guayaquil-1907\/"]}]},{"@type":"ImageObject","inLanguage":"es","@id":"https:\/\/www.eldiario.net\/portal\/2025\/03\/07\/noboa-concede-indultos-a-policias-y-militares-tras-ataque-en-guayaquil-1907\/#primaryimage","url":"https:\/\/www.eldiario.net\/portal\/wp-content\/uploads\/2025\/03\/ecuador-2-e1741388833535.png","contentUrl":"https:\/\/www.eldiario.net\/portal\/wp-content\/uploads\/2025\/03\/ecuador-2-e1741388833535.png","width":200,"height":290,"caption":"Foto: RR.SS."},{"@type":"BreadcrumbList","@id":"https:\/\/www.eldiario.net\/portal\/2025\/03\/07\/noboa-concede-indultos-a-policias-y-militares-tras-ataque-en-guayaquil-1907\/#breadcrumb","itemListElement":[{"@type":"ListItem","position":1,"name":"Portada","item":"https:\/\/www.eldiario.net\/portal\/"},{"@type":"ListItem","position":2,"name":"Noboa concede indultos a polic\u00edas y militares tras ataque en Guayaquil. (19:07)"}]},{"@type":"WebSite","@id":"https:\/\/www.eldiario.net\/portal\/#website","url":"https:\/\/www.eldiario.net\/portal\/","name":"El Diario - Decano de la prensa nacional","description":"El Diario - Decano de la prensa nacional","publisher":{"@id":"https:\/\/www.eldiario.net\/portal\/#organization"},"potentialAction":[{"@type":"SearchAction","target":{"@type":"EntryPoint","urlTemplate":"https:\/\/www.eldiario.net\/portal\/?s={search_term_string}"},"query-input":{"@type":"PropertyValueSpecification","valueRequired":true,"valueName":"search_term_string"}}],"inLanguage":"es"},{"@type":"Organization","@id":"https:\/\/www.eldiario.net\/portal\/#organization","name":"El Diario - Decano de la prensa nacional","url":"https:\/\/www.eldiario.net\/portal\/","logo":{"@type":"ImageObject","inLanguage":"es","@id":"https:\/\/www.eldiario.net\/portal\/#\/schema\/logo\/image\/","url":"https:\/\/www.eldiario.net\/portal\/wp-content\/uploads\/2023\/07\/logo_ED.jpg","contentUrl":"https:\/\/www.eldiario.net\/portal\/wp-content\/uploads\/2023\/07\/logo_ED.jpg","width":272,"height":52,"caption":"El Diario - Decano de la prensa nacional"},"image":{"@id":"https:\/\/www.eldiario.net\/portal\/#\/schema\/logo\/image\/"},"sameAs":["https:\/\/www.facebook.com\/eldiario.bolivia\/","https:\/\/x.com\/eldiario_net"]},{"@type":"Person","@id":"https:\/\/www.eldiario.net\/portal\/#\/schema\/person\/ba370d92d160f4d3574381f6d9b78fab","name":"Viviana Monrroy","image":{"@type":"ImageObject","inLanguage":"es","@id":"https:\/\/secure.gravatar.com\/avatar\/dfd1611ed5600959a0e5a9754503b6c05d1dcf190010998e0363aee2ad98afca?s=96&d=mm&r=g","url":"https:\/\/secure.gravatar.com\/avatar\/dfd1611ed5600959a0e5a9754503b6c05d1dcf190010998e0363aee2ad98afca?s=96&d=mm&r=g","contentUrl":"https:\/\/secure.gravatar.com\/avatar\/dfd1611ed5600959a0e5a9754503b6c05d1dcf190010998e0363aee2ad98afca?s=96&d=mm&r=g","caption":"Viviana Monrroy"},"sameAs":["http:\/\/www.eldiario.net"],"url":"https:\/\/www.eldiario.net\/portal\/author\/vivianamonrroy\/"}]}},"_links":{"self":[{"href":"https:\/\/www.eldiario.net\/portal\/wp-json\/wp\/v2\/posts\/286632","targetHints":{"allow":["GET"]}}],"collection":[{"href":"https:\/\/www.eldiario.net\/portal\/wp-json\/wp\/v2\/posts"}],"about":[{"href":"https:\/\/www.eldiario.net\/portal\/wp-json\/wp\/v2\/types\/post"}],"author":[{"embeddable":true,"href":"https:\/\/www.eldiario.net\/portal\/wp-json\/wp\/v2\/users\/7"}],"replies":[{"embeddable":true,"href":"https:\/\/www.eldiario.net\/portal\/wp-json\/wp\/v2\/comments?post=286632"}],"version-history":[{"count":1,"href":"https:\/\/www.eldiario.net\/portal\/wp-json\/wp\/v2\/posts\/286632\/revisions"}],"predecessor-version":[{"id":286635,"href":"https:\/\/www.eldiario.net\/portal\/wp-json\/wp\/v2\/posts\/286632\/revisions\/286635"}],"wp:featuredmedia":[{"embeddable":true,"href":"https:\/\/www.eldiario.net\/portal\/wp-json\/wp\/v2\/media\/286634"}],"wp:attachment":[{"href":"https:\/\/www.eldiario.net\/portal\/wp-json\/wp\/v2\/media?parent=286632"}],"wp:term":[{"taxonomy":"category","embeddable":true,"href":"https:\/\/www.eldiario.net\/portal\/wp-json\/wp\/v2\/categories?post=286632"},{"taxonomy":"post_tag","embeddable":true,"href":"https:\/\/www.eldiario.net\/portal\/wp-json\/wp\/v2\/tags?post=286632"}],"curies":[{"name":"wp","href":"https:\/\/api.w.org\/{rel}","templated":true}]}}