{"id":286606,"date":"2025-03-07T16:23:24","date_gmt":"2025-03-07T20:23:24","guid":{"rendered":"https:\/\/www.eldiario.net\/portal\/?p=286606"},"modified":"2025-03-07T16:23:24","modified_gmt":"2025-03-07T20:23:24","slug":"joven-fue-rescatada-tras-colapso-de-muro-de-contencion-en-alto-chijini-1622","status":"publish","type":"post","link":"https:\/\/www.eldiario.net\/portal\/2025\/03\/07\/joven-fue-rescatada-tras-colapso-de-muro-de-contencion-en-alto-chijini-1622\/","title":{"rendered":"Joven fue rescatada tras colapso de muro de contenci\u00f3n en Alto Chijini. (16:22)"},"content":{"rendered":"<p>Una joven fue rescatada con \u00e9xito por los bomberos despu\u00e9s de quedar atrapada en su vivienda debido al colapso de un muro de contenci\u00f3n en el barrio Lindo de Alto Chijini de la ciudad de La Paz.<\/p>\n<p>El deslizamiento ocurri\u00f3 a causa de las fuertes precipitaciones en la ciudad, que provocaron la ca\u00edda del muro y el colapso del pasillo de la vivienda.<\/p>\n<p>Seg\u00fan el director departamental de Bomberos, Pavel Tovar, la familia logr\u00f3 evacuar a tiempo, pero la joven qued\u00f3 atrapada.<\/p>\n<p>Los bomberos acudieron r\u00e1pidamente al lugar y lograron rescatarla sin lesiones. Sin embargo, el riesgo de un deslizamiento mayor persiste en la zona.<\/p>\n<p>En otro incidente relacionado, un segundo muro de contenci\u00f3n colaps\u00f3 en Chijini debido a la acumulaci\u00f3n de humedad, pero afortunadamente no hubo v\u00edctimas. La Alcald\u00eda est\u00e1 trabajando en estabilizar la zona y retirar escombros.<\/p>\n","protected":false},"excerpt":{"rendered":"<p>Una joven fue rescatada con \u00e9xito por los bomberos despu\u00e9s de quedar atrapada en su vivienda debido al colapso de un muro de contenci\u00f3n en el barrio Lindo de Alto Chijini de la ciudad de La Paz. El deslizamiento ocurri\u00f3 a causa de las fuertes precipitaciones en la ciudad, que provocaron la ca\u00edda del muro [&hellip;]<\/p>\n","protected":false},"author":7,"featured_media":286608,"comment_status":"closed","ping_status":"open","sticky":false,"template":"","format":"standard","meta":{"_acf_changed":false,"footnotes":""},"categories":[51],"tags":[],"class_list":["post-286606","post","type-post","status-publish","format-standard","has-post-thumbnail","category-ultima-hora"],"acf":{"antetitulo":""},"yoast_head":"<!-- This site is optimized with the Yoast SEO plugin v28.4 - https:\/\/yoast.com\/product\/yoast-seo-wordpress\/ -->\n<title>Joven fue rescatada tras colapso de muro de contenci\u00f3n en Alto Chijini. (16:22) - El Diario - Bolivia<\/title>\n<meta name=\"robots\" content=\"index, follow, max-snippet:-1, max-image-preview:large, max-video-preview:-1\" \/>\n<link rel=\"canonical\" href=\"https:\/\/www.eldiario.net\/portal\/2025\/03\/07\/joven-fue-rescatada-tras-colapso-de-muro-de-contencion-en-alto-chijini-1622\/\" \/>\n<meta property=\"og:locale\" content=\"es_ES\" \/>\n<meta property=\"og:type\" content=\"article\" \/>\n<meta property=\"og:title\" content=\"Joven fue rescatada tras colapso de muro de contenci\u00f3n en Alto Chijini. (16:22) - El Diario - Bolivia\" \/>\n<meta property=\"og:description\" content=\"Una joven fue rescatada con \u00e9xito por los bomberos despu\u00e9s de quedar atrapada en su vivienda debido al colapso de un muro de contenci\u00f3n en el barrio Lindo de Alto Chijini de la ciudad de La Paz. El deslizamiento ocurri\u00f3 a causa de las fuertes precipitaciones en la ciudad, que provocaron la ca\u00edda del muro [&hellip;]\" \/>\n<meta property=\"og:url\" content=\"https:\/\/www.eldiario.net\/portal\/2025\/03\/07\/joven-fue-rescatada-tras-colapso-de-muro-de-contencion-en-alto-chijini-1622\/\" \/>\n<meta property=\"og:site_name\" content=\"El Diario - Bolivia\" \/>\n<meta property=\"article:publisher\" content=\"https:\/\/www.facebook.com\/eldiario.bolivia\/\" \/>\n<meta property=\"article:published_time\" content=\"2025-03-07T20:23:24+00:00\" \/>\n<meta property=\"og:image\" content=\"https:\/\/www.eldiario.net\/portal\/wp-content\/uploads\/2025\/03\/pavel-tovar-e1741378950506.png\" \/>\n\t<meta property=\"og:image:width\" content=\"350\" \/>\n\t<meta property=\"og:image:height\" content=\"203\" \/>\n\t<meta property=\"og:image:type\" content=\"image\/png\" \/>\n<meta name=\"author\" content=\"Viviana Monrroy\" \/>\n<meta name=\"twitter:card\" content=\"summary_large_image\" \/>\n<meta name=\"twitter:creator\" content=\"@eldiario_net\" \/>\n<meta name=\"twitter:site\" content=\"@eldiario_net\" \/>\n<meta name=\"twitter:label1\" content=\"Escrito por\" \/>\n\t<meta name=\"twitter:data1\" content=\"Viviana Monrroy\" \/>\n\t<meta name=\"twitter:label2\" content=\"Tiempo de lectura\" \/>\n\t<meta name=\"twitter:data2\" content=\"1 minuto\" \/>\n<script type=\"application\/ld+json\" class=\"yoast-schema-graph\">{\"@context\":\"https:\\\/\\\/schema.org\",\"@graph\":[{\"@type\":\"Article\",\"@id\":\"https:\\\/\\\/www.eldiario.net\\\/portal\\\/2025\\\/03\\\/07\\\/joven-fue-rescatada-tras-colapso-de-muro-de-contencion-en-alto-chijini-1622\\\/#article\",\"isPartOf\":{\"@id\":\"https:\\\/\\\/www.eldiario.net\\\/portal\\\/2025\\\/03\\\/07\\\/joven-fue-rescatada-tras-colapso-de-muro-de-contencion-en-alto-chijini-1622\\\/\"},\"author\":{\"name\":\"Viviana Monrroy\",\"@id\":\"https:\\\/\\\/www.eldiario.net\\\/portal\\\/#\\\/schema\\\/person\\\/ba370d92d160f4d3574381f6d9b78fab\"},\"headline\":\"Joven fue rescatada tras colapso de muro de contenci\u00f3n en Alto Chijini. (16:22)\",\"datePublished\":\"2025-03-07T20:23:24+00:00\",\"mainEntityOfPage\":{\"@id\":\"https:\\\/\\\/www.eldiario.net\\\/portal\\\/2025\\\/03\\\/07\\\/joven-fue-rescatada-tras-colapso-de-muro-de-contencion-en-alto-chijini-1622\\\/\"},\"wordCount\":161,\"publisher\":{\"@id\":\"https:\\\/\\\/www.eldiario.net\\\/portal\\\/#organization\"},\"image\":{\"@id\":\"https:\\\/\\\/www.eldiario.net\\\/portal\\\/2025\\\/03\\\/07\\\/joven-fue-rescatada-tras-colapso-de-muro-de-contencion-en-alto-chijini-1622\\\/#primaryimage\"},\"thumbnailUrl\":\"https:\\\/\\\/www.eldiario.net\\\/portal\\\/wp-content\\\/uploads\\\/2025\\\/03\\\/pavel-tovar-e1741378950506.png\",\"articleSection\":[\"\u00daltima Hora\"],\"inLanguage\":\"es\"},{\"@type\":\"WebPage\",\"@id\":\"https:\\\/\\\/www.eldiario.net\\\/portal\\\/2025\\\/03\\\/07\\\/joven-fue-rescatada-tras-colapso-de-muro-de-contencion-en-alto-chijini-1622\\\/\",\"url\":\"https:\\\/\\\/www.eldiario.net\\\/portal\\\/2025\\\/03\\\/07\\\/joven-fue-rescatada-tras-colapso-de-muro-de-contencion-en-alto-chijini-1622\\\/\",\"name\":\"Joven fue rescatada tras colapso de muro de contenci\u00f3n en Alto Chijini. (16:22) - El Diario - Bolivia\",\"isPartOf\":{\"@id\":\"https:\\\/\\\/www.eldiario.net\\\/portal\\\/#website\"},\"primaryImageOfPage\":{\"@id\":\"https:\\\/\\\/www.eldiario.net\\\/portal\\\/2025\\\/03\\\/07\\\/joven-fue-rescatada-tras-colapso-de-muro-de-contencion-en-alto-chijini-1622\\\/#primaryimage\"},\"image\":{\"@id\":\"https:\\\/\\\/www.eldiario.net\\\/portal\\\/2025\\\/03\\\/07\\\/joven-fue-rescatada-tras-colapso-de-muro-de-contencion-en-alto-chijini-1622\\\/#primaryimage\"},\"thumbnailUrl\":\"https:\\\/\\\/www.eldiario.net\\\/portal\\\/wp-content\\\/uploads\\\/2025\\\/03\\\/pavel-tovar-e1741378950506.png\",\"datePublished\":\"2025-03-07T20:23:24+00:00\",\"breadcrumb\":{\"@id\":\"https:\\\/\\\/www.eldiario.net\\\/portal\\\/2025\\\/03\\\/07\\\/joven-fue-rescatada-tras-colapso-de-muro-de-contencion-en-alto-chijini-1622\\\/#breadcrumb\"},\"inLanguage\":\"es\",\"potentialAction\":[{\"@type\":\"ReadAction\",\"target\":[\"https:\\\/\\\/www.eldiario.net\\\/portal\\\/2025\\\/03\\\/07\\\/joven-fue-rescatada-tras-colapso-de-muro-de-contencion-en-alto-chijini-1622\\\/\"]}]},{\"@type\":\"ImageObject\",\"inLanguage\":\"es\",\"@id\":\"https:\\\/\\\/www.eldiario.net\\\/portal\\\/2025\\\/03\\\/07\\\/joven-fue-rescatada-tras-colapso-de-muro-de-contencion-en-alto-chijini-1622\\\/#primaryimage\",\"url\":\"https:\\\/\\\/www.eldiario.net\\\/portal\\\/wp-content\\\/uploads\\\/2025\\\/03\\\/pavel-tovar-e1741378950506.png\",\"contentUrl\":\"https:\\\/\\\/www.eldiario.net\\\/portal\\\/wp-content\\\/uploads\\\/2025\\\/03\\\/pavel-tovar-e1741378950506.png\",\"width\":350,\"height\":203,\"caption\":\"Foto: RR.SS.\"},{\"@type\":\"BreadcrumbList\",\"@id\":\"https:\\\/\\\/www.eldiario.net\\\/portal\\\/2025\\\/03\\\/07\\\/joven-fue-rescatada-tras-colapso-de-muro-de-contencion-en-alto-chijini-1622\\\/#breadcrumb\",\"itemListElement\":[{\"@type\":\"ListItem\",\"position\":1,\"name\":\"Portada\",\"item\":\"https:\\\/\\\/www.eldiario.net\\\/portal\\\/\"},{\"@type\":\"ListItem\",\"position\":2,\"name\":\"Joven fue rescatada tras colapso de muro de contenci\u00f3n en Alto Chijini. (16:22)\"}]},{\"@type\":\"WebSite\",\"@id\":\"https:\\\/\\\/www.eldiario.net\\\/portal\\\/#website\",\"url\":\"https:\\\/\\\/www.eldiario.net\\\/portal\\\/\",\"name\":\"El Diario - Decano de la prensa nacional\",\"description\":\"El Diario - Decano de la prensa nacional\",\"publisher\":{\"@id\":\"https:\\\/\\\/www.eldiario.net\\\/portal\\\/#organization\"},\"potentialAction\":[{\"@type\":\"SearchAction\",\"target\":{\"@type\":\"EntryPoint\",\"urlTemplate\":\"https:\\\/\\\/www.eldiario.net\\\/portal\\\/?s={search_term_string}\"},\"query-input\":{\"@type\":\"PropertyValueSpecification\",\"valueRequired\":true,\"valueName\":\"search_term_string\"}}],\"inLanguage\":\"es\"},{\"@type\":\"Organization\",\"@id\":\"https:\\\/\\\/www.eldiario.net\\\/portal\\\/#organization\",\"name\":\"El Diario - Decano de la prensa nacional\",\"url\":\"https:\\\/\\\/www.eldiario.net\\\/portal\\\/\",\"logo\":{\"@type\":\"ImageObject\",\"inLanguage\":\"es\",\"@id\":\"https:\\\/\\\/www.eldiario.net\\\/portal\\\/#\\\/schema\\\/logo\\\/image\\\/\",\"url\":\"https:\\\/\\\/www.eldiario.net\\\/portal\\\/wp-content\\\/uploads\\\/2023\\\/07\\\/logo_ED.jpg\",\"contentUrl\":\"https:\\\/\\\/www.eldiario.net\\\/portal\\\/wp-content\\\/uploads\\\/2023\\\/07\\\/logo_ED.jpg\",\"width\":272,\"height\":52,\"caption\":\"El Diario - Decano de la prensa nacional\"},\"image\":{\"@id\":\"https:\\\/\\\/www.eldiario.net\\\/portal\\\/#\\\/schema\\\/logo\\\/image\\\/\"},\"sameAs\":[\"https:\\\/\\\/www.facebook.com\\\/eldiario.bolivia\\\/\",\"https:\\\/\\\/x.com\\\/eldiario_net\"]},{\"@type\":\"Person\",\"@id\":\"https:\\\/\\\/www.eldiario.net\\\/portal\\\/#\\\/schema\\\/person\\\/ba370d92d160f4d3574381f6d9b78fab\",\"name\":\"Viviana Monrroy\",\"image\":{\"@type\":\"ImageObject\",\"inLanguage\":\"es\",\"@id\":\"https:\\\/\\\/secure.gravatar.com\\\/avatar\\\/dfd1611ed5600959a0e5a9754503b6c05d1dcf190010998e0363aee2ad98afca?s=96&d=mm&r=g\",\"url\":\"https:\\\/\\\/secure.gravatar.com\\\/avatar\\\/dfd1611ed5600959a0e5a9754503b6c05d1dcf190010998e0363aee2ad98afca?s=96&d=mm&r=g\",\"contentUrl\":\"https:\\\/\\\/secure.gravatar.com\\\/avatar\\\/dfd1611ed5600959a0e5a9754503b6c05d1dcf190010998e0363aee2ad98afca?s=96&d=mm&r=g\",\"caption\":\"Viviana Monrroy\"},\"sameAs\":[\"http:\\\/\\\/www.eldiario.net\"],\"url\":\"https:\\\/\\\/www.eldiario.net\\\/portal\\\/author\\\/vivianamonrroy\\\/\"}]}<\/script>\n<!-- \/ Yoast SEO plugin. -->","yoast_head_json":{"title":"Joven fue rescatada tras colapso de muro de contenci\u00f3n en Alto Chijini. (16:22) - El Diario - Bolivia","robots":{"index":"index","follow":"follow","max-snippet":"max-snippet:-1","max-image-preview":"max-image-preview:large","max-video-preview":"max-video-preview:-1"},"canonical":"https:\/\/www.eldiario.net\/portal\/2025\/03\/07\/joven-fue-rescatada-tras-colapso-de-muro-de-contencion-en-alto-chijini-1622\/","og_locale":"es_ES","og_type":"article","og_title":"Joven fue rescatada tras colapso de muro de contenci\u00f3n en Alto Chijini. (16:22) - El Diario - Bolivia","og_description":"Una joven fue rescatada con \u00e9xito por los bomberos despu\u00e9s de quedar atrapada en su vivienda debido al colapso de un muro de contenci\u00f3n en el barrio Lindo de Alto Chijini de la ciudad de La Paz. El deslizamiento ocurri\u00f3 a causa de las fuertes precipitaciones en la ciudad, que provocaron la ca\u00edda del muro [&hellip;]","og_url":"https:\/\/www.eldiario.net\/portal\/2025\/03\/07\/joven-fue-rescatada-tras-colapso-de-muro-de-contencion-en-alto-chijini-1622\/","og_site_name":"El Diario - Bolivia","article_publisher":"https:\/\/www.facebook.com\/eldiario.bolivia\/","article_published_time":"2025-03-07T20:23:24+00:00","og_image":[{"width":350,"height":203,"url":"https:\/\/www.eldiario.net\/portal\/wp-content\/uploads\/2025\/03\/pavel-tovar-e1741378950506.png","type":"image\/png"}],"author":"Viviana Monrroy","twitter_card":"summary_large_image","twitter_creator":"@eldiario_net","twitter_site":"@eldiario_net","twitter_misc":{"Escrito por":"Viviana Monrroy","Tiempo de lectura":"1 minuto"},"schema":{"@context":"https:\/\/schema.org","@graph":[{"@type":"Article","@id":"https:\/\/www.eldiario.net\/portal\/2025\/03\/07\/joven-fue-rescatada-tras-colapso-de-muro-de-contencion-en-alto-chijini-1622\/#article","isPartOf":{"@id":"https:\/\/www.eldiario.net\/portal\/2025\/03\/07\/joven-fue-rescatada-tras-colapso-de-muro-de-contencion-en-alto-chijini-1622\/"},"author":{"name":"Viviana Monrroy","@id":"https:\/\/www.eldiario.net\/portal\/#\/schema\/person\/ba370d92d160f4d3574381f6d9b78fab"},"headline":"Joven fue rescatada tras colapso de muro de contenci\u00f3n en Alto Chijini. (16:22)","datePublished":"2025-03-07T20:23:24+00:00","mainEntityOfPage":{"@id":"https:\/\/www.eldiario.net\/portal\/2025\/03\/07\/joven-fue-rescatada-tras-colapso-de-muro-de-contencion-en-alto-chijini-1622\/"},"wordCount":161,"publisher":{"@id":"https:\/\/www.eldiario.net\/portal\/#organization"},"image":{"@id":"https:\/\/www.eldiario.net\/portal\/2025\/03\/07\/joven-fue-rescatada-tras-colapso-de-muro-de-contencion-en-alto-chijini-1622\/#primaryimage"},"thumbnailUrl":"https:\/\/www.eldiario.net\/portal\/wp-content\/uploads\/2025\/03\/pavel-tovar-e1741378950506.png","articleSection":["\u00daltima Hora"],"inLanguage":"es"},{"@type":"WebPage","@id":"https:\/\/www.eldiario.net\/portal\/2025\/03\/07\/joven-fue-rescatada-tras-colapso-de-muro-de-contencion-en-alto-chijini-1622\/","url":"https:\/\/www.eldiario.net\/portal\/2025\/03\/07\/joven-fue-rescatada-tras-colapso-de-muro-de-contencion-en-alto-chijini-1622\/","name":"Joven fue rescatada tras colapso de muro de contenci\u00f3n en Alto Chijini. (16:22) - El Diario - Bolivia","isPartOf":{"@id":"https:\/\/www.eldiario.net\/portal\/#website"},"primaryImageOfPage":{"@id":"https:\/\/www.eldiario.net\/portal\/2025\/03\/07\/joven-fue-rescatada-tras-colapso-de-muro-de-contencion-en-alto-chijini-1622\/#primaryimage"},"image":{"@id":"https:\/\/www.eldiario.net\/portal\/2025\/03\/07\/joven-fue-rescatada-tras-colapso-de-muro-de-contencion-en-alto-chijini-1622\/#primaryimage"},"thumbnailUrl":"https:\/\/www.eldiario.net\/portal\/wp-content\/uploads\/2025\/03\/pavel-tovar-e1741378950506.png","datePublished":"2025-03-07T20:23:24+00:00","breadcrumb":{"@id":"https:\/\/www.eldiario.net\/portal\/2025\/03\/07\/joven-fue-rescatada-tras-colapso-de-muro-de-contencion-en-alto-chijini-1622\/#breadcrumb"},"inLanguage":"es","potentialAction":[{"@type":"ReadAction","target":["https:\/\/www.eldiario.net\/portal\/2025\/03\/07\/joven-fue-rescatada-tras-colapso-de-muro-de-contencion-en-alto-chijini-1622\/"]}]},{"@type":"ImageObject","inLanguage":"es","@id":"https:\/\/www.eldiario.net\/portal\/2025\/03\/07\/joven-fue-rescatada-tras-colapso-de-muro-de-contencion-en-alto-chijini-1622\/#primaryimage","url":"https:\/\/www.eldiario.net\/portal\/wp-content\/uploads\/2025\/03\/pavel-tovar-e1741378950506.png","contentUrl":"https:\/\/www.eldiario.net\/portal\/wp-content\/uploads\/2025\/03\/pavel-tovar-e1741378950506.png","width":350,"height":203,"caption":"Foto: RR.SS."},{"@type":"BreadcrumbList","@id":"https:\/\/www.eldiario.net\/portal\/2025\/03\/07\/joven-fue-rescatada-tras-colapso-de-muro-de-contencion-en-alto-chijini-1622\/#breadcrumb","itemListElement":[{"@type":"ListItem","position":1,"name":"Portada","item":"https:\/\/www.eldiario.net\/portal\/"},{"@type":"ListItem","position":2,"name":"Joven fue rescatada tras colapso de muro de contenci\u00f3n en Alto Chijini. (16:22)"}]},{"@type":"WebSite","@id":"https:\/\/www.eldiario.net\/portal\/#website","url":"https:\/\/www.eldiario.net\/portal\/","name":"El Diario - Decano de la prensa nacional","description":"El Diario - Decano de la prensa nacional","publisher":{"@id":"https:\/\/www.eldiario.net\/portal\/#organization"},"potentialAction":[{"@type":"SearchAction","target":{"@type":"EntryPoint","urlTemplate":"https:\/\/www.eldiario.net\/portal\/?s={search_term_string}"},"query-input":{"@type":"PropertyValueSpecification","valueRequired":true,"valueName":"search_term_string"}}],"inLanguage":"es"},{"@type":"Organization","@id":"https:\/\/www.eldiario.net\/portal\/#organization","name":"El Diario - Decano de la prensa nacional","url":"https:\/\/www.eldiario.net\/portal\/","logo":{"@type":"ImageObject","inLanguage":"es","@id":"https:\/\/www.eldiario.net\/portal\/#\/schema\/logo\/image\/","url":"https:\/\/www.eldiario.net\/portal\/wp-content\/uploads\/2023\/07\/logo_ED.jpg","contentUrl":"https:\/\/www.eldiario.net\/portal\/wp-content\/uploads\/2023\/07\/logo_ED.jpg","width":272,"height":52,"caption":"El Diario - Decano de la prensa nacional"},"image":{"@id":"https:\/\/www.eldiario.net\/portal\/#\/schema\/logo\/image\/"},"sameAs":["https:\/\/www.facebook.com\/eldiario.bolivia\/","https:\/\/x.com\/eldiario_net"]},{"@type":"Person","@id":"https:\/\/www.eldiario.net\/portal\/#\/schema\/person\/ba370d92d160f4d3574381f6d9b78fab","name":"Viviana Monrroy","image":{"@type":"ImageObject","inLanguage":"es","@id":"https:\/\/secure.gravatar.com\/avatar\/dfd1611ed5600959a0e5a9754503b6c05d1dcf190010998e0363aee2ad98afca?s=96&d=mm&r=g","url":"https:\/\/secure.gravatar.com\/avatar\/dfd1611ed5600959a0e5a9754503b6c05d1dcf190010998e0363aee2ad98afca?s=96&d=mm&r=g","contentUrl":"https:\/\/secure.gravatar.com\/avatar\/dfd1611ed5600959a0e5a9754503b6c05d1dcf190010998e0363aee2ad98afca?s=96&d=mm&r=g","caption":"Viviana Monrroy"},"sameAs":["http:\/\/www.eldiario.net"],"url":"https:\/\/www.eldiario.net\/portal\/author\/vivianamonrroy\/"}]}},"_links":{"self":[{"href":"https:\/\/www.eldiario.net\/portal\/wp-json\/wp\/v2\/posts\/286606","targetHints":{"allow":["GET"]}}],"collection":[{"href":"https:\/\/www.eldiario.net\/portal\/wp-json\/wp\/v2\/posts"}],"about":[{"href":"https:\/\/www.eldiario.net\/portal\/wp-json\/wp\/v2\/types\/post"}],"author":[{"embeddable":true,"href":"https:\/\/www.eldiario.net\/portal\/wp-json\/wp\/v2\/users\/7"}],"replies":[{"embeddable":true,"href":"https:\/\/www.eldiario.net\/portal\/wp-json\/wp\/v2\/comments?post=286606"}],"version-history":[{"count":1,"href":"https:\/\/www.eldiario.net\/portal\/wp-json\/wp\/v2\/posts\/286606\/revisions"}],"predecessor-version":[{"id":286609,"href":"https:\/\/www.eldiario.net\/portal\/wp-json\/wp\/v2\/posts\/286606\/revisions\/286609"}],"wp:featuredmedia":[{"embeddable":true,"href":"https:\/\/www.eldiario.net\/portal\/wp-json\/wp\/v2\/media\/286608"}],"wp:attachment":[{"href":"https:\/\/www.eldiario.net\/portal\/wp-json\/wp\/v2\/media?parent=286606"}],"wp:term":[{"taxonomy":"category","embeddable":true,"href":"https:\/\/www.eldiario.net\/portal\/wp-json\/wp\/v2\/categories?post=286606"},{"taxonomy":"post_tag","embeddable":true,"href":"https:\/\/www.eldiario.net\/portal\/wp-json\/wp\/v2\/tags?post=286606"}],"curies":[{"name":"wp","href":"https:\/\/api.w.org\/{rel}","templated":true}]}}