{"id":286599,"date":"2025-03-07T13:17:37","date_gmt":"2025-03-07T17:17:37","guid":{"rendered":"https:\/\/www.eldiario.net\/portal\/?p=286599"},"modified":"2025-03-07T13:17:37","modified_gmt":"2025-03-07T17:17:37","slug":"drenaje-deficiente-y-falta-de-muros-agravan-la-situacion-en-la-calle-bedregal-1310","status":"publish","type":"post","link":"https:\/\/www.eldiario.net\/portal\/2025\/03\/07\/drenaje-deficiente-y-falta-de-muros-agravan-la-situacion-en-la-calle-bedregal-1310\/","title":{"rendered":"Drenaje deficiente y falta de muros agravan la situaci\u00f3n en la calle Bedregal. (13:10)"},"content":{"rendered":"<p>La calle Francisco Bedregal de la zona de Sopocachi de la ciudad de La Paz enfrenta un deterioro progresivo debido a la inestabilidad del terreno, agravada por fallas en los sistemas de drenaje y alcantarillado pluvial.<\/p>\n<p>El secretario Municipal de Resiliencia y Gesti\u00f3n de Vulnerabilidades, Juan Pablo Palma, explic\u00f3 que muchas viviendas en el sector carecen de muros de contenci\u00f3n adecuados, lo que ha contribuido a los asentamientos y deformaciones en la v\u00eda. Adem\u00e1s, la infraestructura p\u00fablica y privada ha sufrido da\u00f1os por la falta de mantenimiento y el mal funcionamiento del sistema de sumideros.<\/p>\n<p>Palma se\u00f1al\u00f3 que en febrero la rotura de una tuber\u00eda satur\u00f3 el suelo, acelerando los asentamientos. Actualmente, se realizan trabajos de limpieza y evaluaci\u00f3n de grietas, mientras se estudian soluciones a largo plazo, como la construcci\u00f3n de muros de gaviones y la reposici\u00f3n de estructuras que han cumplido su vida \u00fatil.<\/p>\n","protected":false},"excerpt":{"rendered":"<p>La calle Francisco Bedregal de la zona de Sopocachi de la ciudad de La Paz enfrenta un deterioro progresivo debido a la inestabilidad del terreno, agravada por fallas en los sistemas de drenaje y alcantarillado pluvial. El secretario Municipal de Resiliencia y Gesti\u00f3n de Vulnerabilidades, Juan Pablo Palma, explic\u00f3 que muchas viviendas en el sector [&hellip;]<\/p>\n","protected":false},"author":7,"featured_media":286600,"comment_status":"closed","ping_status":"open","sticky":false,"template":"","format":"standard","meta":{"_acf_changed":false,"footnotes":""},"categories":[51],"tags":[],"class_list":["post-286599","post","type-post","status-publish","format-standard","has-post-thumbnail","category-ultima-hora"],"acf":{"antetitulo":""},"yoast_head":"<!-- This site is optimized with the Yoast SEO plugin v28.3 - https:\/\/yoast.com\/product\/yoast-seo-wordpress\/ -->\n<title>Drenaje deficiente y falta de muros agravan la situaci\u00f3n en la calle Bedregal. (13:10) - El Diario - Bolivia<\/title>\n<meta name=\"robots\" content=\"index, follow, max-snippet:-1, max-image-preview:large, max-video-preview:-1\" \/>\n<link rel=\"canonical\" href=\"https:\/\/www.eldiario.net\/portal\/2025\/03\/07\/drenaje-deficiente-y-falta-de-muros-agravan-la-situacion-en-la-calle-bedregal-1310\/\" \/>\n<meta property=\"og:locale\" content=\"es_ES\" \/>\n<meta property=\"og:type\" content=\"article\" \/>\n<meta property=\"og:title\" content=\"Drenaje deficiente y falta de muros agravan la situaci\u00f3n en la calle Bedregal. (13:10) - El Diario - Bolivia\" \/>\n<meta property=\"og:description\" content=\"La calle Francisco Bedregal de la zona de Sopocachi de la ciudad de La Paz enfrenta un deterioro progresivo debido a la inestabilidad del terreno, agravada por fallas en los sistemas de drenaje y alcantarillado pluvial. El secretario Municipal de Resiliencia y Gesti\u00f3n de Vulnerabilidades, Juan Pablo Palma, explic\u00f3 que muchas viviendas en el sector [&hellip;]\" \/>\n<meta property=\"og:url\" content=\"https:\/\/www.eldiario.net\/portal\/2025\/03\/07\/drenaje-deficiente-y-falta-de-muros-agravan-la-situacion-en-la-calle-bedregal-1310\/\" \/>\n<meta property=\"og:site_name\" content=\"El Diario - Bolivia\" \/>\n<meta property=\"article:publisher\" content=\"https:\/\/www.facebook.com\/eldiario.bolivia\/\" \/>\n<meta property=\"article:published_time\" content=\"2025-03-07T17:17:37+00:00\" \/>\n<meta property=\"og:image\" content=\"https:\/\/www.eldiario.net\/portal\/wp-content\/uploads\/2025\/03\/palma-22-e1741367748559.png\" \/>\n\t<meta property=\"og:image:width\" content=\"200\" \/>\n\t<meta property=\"og:image:height\" content=\"342\" \/>\n\t<meta property=\"og:image:type\" content=\"image\/png\" \/>\n<meta name=\"author\" content=\"Viviana Monrroy\" \/>\n<meta name=\"twitter:card\" content=\"summary_large_image\" \/>\n<meta name=\"twitter:creator\" content=\"@eldiario_net\" \/>\n<meta name=\"twitter:site\" content=\"@eldiario_net\" \/>\n<meta name=\"twitter:label1\" content=\"Escrito por\" \/>\n\t<meta name=\"twitter:data1\" content=\"Viviana Monrroy\" \/>\n\t<meta name=\"twitter:label2\" content=\"Tiempo de lectura\" \/>\n\t<meta name=\"twitter:data2\" content=\"1 minuto\" \/>\n<script type=\"application\/ld+json\" class=\"yoast-schema-graph\">{\"@context\":\"https:\\\/\\\/schema.org\",\"@graph\":[{\"@type\":\"Article\",\"@id\":\"https:\\\/\\\/www.eldiario.net\\\/portal\\\/2025\\\/03\\\/07\\\/drenaje-deficiente-y-falta-de-muros-agravan-la-situacion-en-la-calle-bedregal-1310\\\/#article\",\"isPartOf\":{\"@id\":\"https:\\\/\\\/www.eldiario.net\\\/portal\\\/2025\\\/03\\\/07\\\/drenaje-deficiente-y-falta-de-muros-agravan-la-situacion-en-la-calle-bedregal-1310\\\/\"},\"author\":{\"name\":\"Viviana Monrroy\",\"@id\":\"https:\\\/\\\/www.eldiario.net\\\/portal\\\/#\\\/schema\\\/person\\\/ba370d92d160f4d3574381f6d9b78fab\"},\"headline\":\"Drenaje deficiente y falta de muros agravan la situaci\u00f3n en la calle Bedregal. (13:10)\",\"datePublished\":\"2025-03-07T17:17:37+00:00\",\"mainEntityOfPage\":{\"@id\":\"https:\\\/\\\/www.eldiario.net\\\/portal\\\/2025\\\/03\\\/07\\\/drenaje-deficiente-y-falta-de-muros-agravan-la-situacion-en-la-calle-bedregal-1310\\\/\"},\"wordCount\":171,\"publisher\":{\"@id\":\"https:\\\/\\\/www.eldiario.net\\\/portal\\\/#organization\"},\"image\":{\"@id\":\"https:\\\/\\\/www.eldiario.net\\\/portal\\\/2025\\\/03\\\/07\\\/drenaje-deficiente-y-falta-de-muros-agravan-la-situacion-en-la-calle-bedregal-1310\\\/#primaryimage\"},\"thumbnailUrl\":\"https:\\\/\\\/www.eldiario.net\\\/portal\\\/wp-content\\\/uploads\\\/2025\\\/03\\\/palma-22-e1741367748559.png\",\"articleSection\":[\"\u00daltima Hora\"],\"inLanguage\":\"es\"},{\"@type\":\"WebPage\",\"@id\":\"https:\\\/\\\/www.eldiario.net\\\/portal\\\/2025\\\/03\\\/07\\\/drenaje-deficiente-y-falta-de-muros-agravan-la-situacion-en-la-calle-bedregal-1310\\\/\",\"url\":\"https:\\\/\\\/www.eldiario.net\\\/portal\\\/2025\\\/03\\\/07\\\/drenaje-deficiente-y-falta-de-muros-agravan-la-situacion-en-la-calle-bedregal-1310\\\/\",\"name\":\"Drenaje deficiente y falta de muros agravan la situaci\u00f3n en la calle Bedregal. (13:10) - El Diario - Bolivia\",\"isPartOf\":{\"@id\":\"https:\\\/\\\/www.eldiario.net\\\/portal\\\/#website\"},\"primaryImageOfPage\":{\"@id\":\"https:\\\/\\\/www.eldiario.net\\\/portal\\\/2025\\\/03\\\/07\\\/drenaje-deficiente-y-falta-de-muros-agravan-la-situacion-en-la-calle-bedregal-1310\\\/#primaryimage\"},\"image\":{\"@id\":\"https:\\\/\\\/www.eldiario.net\\\/portal\\\/2025\\\/03\\\/07\\\/drenaje-deficiente-y-falta-de-muros-agravan-la-situacion-en-la-calle-bedregal-1310\\\/#primaryimage\"},\"thumbnailUrl\":\"https:\\\/\\\/www.eldiario.net\\\/portal\\\/wp-content\\\/uploads\\\/2025\\\/03\\\/palma-22-e1741367748559.png\",\"datePublished\":\"2025-03-07T17:17:37+00:00\",\"breadcrumb\":{\"@id\":\"https:\\\/\\\/www.eldiario.net\\\/portal\\\/2025\\\/03\\\/07\\\/drenaje-deficiente-y-falta-de-muros-agravan-la-situacion-en-la-calle-bedregal-1310\\\/#breadcrumb\"},\"inLanguage\":\"es\",\"potentialAction\":[{\"@type\":\"ReadAction\",\"target\":[\"https:\\\/\\\/www.eldiario.net\\\/portal\\\/2025\\\/03\\\/07\\\/drenaje-deficiente-y-falta-de-muros-agravan-la-situacion-en-la-calle-bedregal-1310\\\/\"]}]},{\"@type\":\"ImageObject\",\"inLanguage\":\"es\",\"@id\":\"https:\\\/\\\/www.eldiario.net\\\/portal\\\/2025\\\/03\\\/07\\\/drenaje-deficiente-y-falta-de-muros-agravan-la-situacion-en-la-calle-bedregal-1310\\\/#primaryimage\",\"url\":\"https:\\\/\\\/www.eldiario.net\\\/portal\\\/wp-content\\\/uploads\\\/2025\\\/03\\\/palma-22-e1741367748559.png\",\"contentUrl\":\"https:\\\/\\\/www.eldiario.net\\\/portal\\\/wp-content\\\/uploads\\\/2025\\\/03\\\/palma-22-e1741367748559.png\",\"width\":200,\"height\":342,\"caption\":\"Foto: P\u00e1gina Secretaria Municipal de Resiliencia y Gesti\u00f3n deVulnerabilidades\"},{\"@type\":\"BreadcrumbList\",\"@id\":\"https:\\\/\\\/www.eldiario.net\\\/portal\\\/2025\\\/03\\\/07\\\/drenaje-deficiente-y-falta-de-muros-agravan-la-situacion-en-la-calle-bedregal-1310\\\/#breadcrumb\",\"itemListElement\":[{\"@type\":\"ListItem\",\"position\":1,\"name\":\"Portada\",\"item\":\"https:\\\/\\\/www.eldiario.net\\\/portal\\\/\"},{\"@type\":\"ListItem\",\"position\":2,\"name\":\"Drenaje deficiente y falta de muros agravan la situaci\u00f3n en la calle Bedregal. (13:10)\"}]},{\"@type\":\"WebSite\",\"@id\":\"https:\\\/\\\/www.eldiario.net\\\/portal\\\/#website\",\"url\":\"https:\\\/\\\/www.eldiario.net\\\/portal\\\/\",\"name\":\"El Diario - Decano de la prensa nacional\",\"description\":\"El Diario - Decano de la prensa nacional\",\"publisher\":{\"@id\":\"https:\\\/\\\/www.eldiario.net\\\/portal\\\/#organization\"},\"potentialAction\":[{\"@type\":\"SearchAction\",\"target\":{\"@type\":\"EntryPoint\",\"urlTemplate\":\"https:\\\/\\\/www.eldiario.net\\\/portal\\\/?s={search_term_string}\"},\"query-input\":{\"@type\":\"PropertyValueSpecification\",\"valueRequired\":true,\"valueName\":\"search_term_string\"}}],\"inLanguage\":\"es\"},{\"@type\":\"Organization\",\"@id\":\"https:\\\/\\\/www.eldiario.net\\\/portal\\\/#organization\",\"name\":\"El Diario - Decano de la prensa nacional\",\"url\":\"https:\\\/\\\/www.eldiario.net\\\/portal\\\/\",\"logo\":{\"@type\":\"ImageObject\",\"inLanguage\":\"es\",\"@id\":\"https:\\\/\\\/www.eldiario.net\\\/portal\\\/#\\\/schema\\\/logo\\\/image\\\/\",\"url\":\"https:\\\/\\\/www.eldiario.net\\\/portal\\\/wp-content\\\/uploads\\\/2023\\\/07\\\/logo_ED.jpg\",\"contentUrl\":\"https:\\\/\\\/www.eldiario.net\\\/portal\\\/wp-content\\\/uploads\\\/2023\\\/07\\\/logo_ED.jpg\",\"width\":272,\"height\":52,\"caption\":\"El Diario - Decano de la prensa nacional\"},\"image\":{\"@id\":\"https:\\\/\\\/www.eldiario.net\\\/portal\\\/#\\\/schema\\\/logo\\\/image\\\/\"},\"sameAs\":[\"https:\\\/\\\/www.facebook.com\\\/eldiario.bolivia\\\/\",\"https:\\\/\\\/x.com\\\/eldiario_net\"]},{\"@type\":\"Person\",\"@id\":\"https:\\\/\\\/www.eldiario.net\\\/portal\\\/#\\\/schema\\\/person\\\/ba370d92d160f4d3574381f6d9b78fab\",\"name\":\"Viviana Monrroy\",\"image\":{\"@type\":\"ImageObject\",\"inLanguage\":\"es\",\"@id\":\"https:\\\/\\\/secure.gravatar.com\\\/avatar\\\/dfd1611ed5600959a0e5a9754503b6c05d1dcf190010998e0363aee2ad98afca?s=96&d=mm&r=g\",\"url\":\"https:\\\/\\\/secure.gravatar.com\\\/avatar\\\/dfd1611ed5600959a0e5a9754503b6c05d1dcf190010998e0363aee2ad98afca?s=96&d=mm&r=g\",\"contentUrl\":\"https:\\\/\\\/secure.gravatar.com\\\/avatar\\\/dfd1611ed5600959a0e5a9754503b6c05d1dcf190010998e0363aee2ad98afca?s=96&d=mm&r=g\",\"caption\":\"Viviana Monrroy\"},\"sameAs\":[\"http:\\\/\\\/www.eldiario.net\"],\"url\":\"https:\\\/\\\/www.eldiario.net\\\/portal\\\/author\\\/vivianamonrroy\\\/\"}]}<\/script>\n<!-- \/ Yoast SEO plugin. -->","yoast_head_json":{"title":"Drenaje deficiente y falta de muros agravan la situaci\u00f3n en la calle Bedregal. (13:10) - El Diario - Bolivia","robots":{"index":"index","follow":"follow","max-snippet":"max-snippet:-1","max-image-preview":"max-image-preview:large","max-video-preview":"max-video-preview:-1"},"canonical":"https:\/\/www.eldiario.net\/portal\/2025\/03\/07\/drenaje-deficiente-y-falta-de-muros-agravan-la-situacion-en-la-calle-bedregal-1310\/","og_locale":"es_ES","og_type":"article","og_title":"Drenaje deficiente y falta de muros agravan la situaci\u00f3n en la calle Bedregal. (13:10) - El Diario - Bolivia","og_description":"La calle Francisco Bedregal de la zona de Sopocachi de la ciudad de La Paz enfrenta un deterioro progresivo debido a la inestabilidad del terreno, agravada por fallas en los sistemas de drenaje y alcantarillado pluvial. El secretario Municipal de Resiliencia y Gesti\u00f3n de Vulnerabilidades, Juan Pablo Palma, explic\u00f3 que muchas viviendas en el sector [&hellip;]","og_url":"https:\/\/www.eldiario.net\/portal\/2025\/03\/07\/drenaje-deficiente-y-falta-de-muros-agravan-la-situacion-en-la-calle-bedregal-1310\/","og_site_name":"El Diario - Bolivia","article_publisher":"https:\/\/www.facebook.com\/eldiario.bolivia\/","article_published_time":"2025-03-07T17:17:37+00:00","og_image":[{"width":200,"height":342,"url":"https:\/\/www.eldiario.net\/portal\/wp-content\/uploads\/2025\/03\/palma-22-e1741367748559.png","type":"image\/png"}],"author":"Viviana Monrroy","twitter_card":"summary_large_image","twitter_creator":"@eldiario_net","twitter_site":"@eldiario_net","twitter_misc":{"Escrito por":"Viviana Monrroy","Tiempo de lectura":"1 minuto"},"schema":{"@context":"https:\/\/schema.org","@graph":[{"@type":"Article","@id":"https:\/\/www.eldiario.net\/portal\/2025\/03\/07\/drenaje-deficiente-y-falta-de-muros-agravan-la-situacion-en-la-calle-bedregal-1310\/#article","isPartOf":{"@id":"https:\/\/www.eldiario.net\/portal\/2025\/03\/07\/drenaje-deficiente-y-falta-de-muros-agravan-la-situacion-en-la-calle-bedregal-1310\/"},"author":{"name":"Viviana Monrroy","@id":"https:\/\/www.eldiario.net\/portal\/#\/schema\/person\/ba370d92d160f4d3574381f6d9b78fab"},"headline":"Drenaje deficiente y falta de muros agravan la situaci\u00f3n en la calle Bedregal. (13:10)","datePublished":"2025-03-07T17:17:37+00:00","mainEntityOfPage":{"@id":"https:\/\/www.eldiario.net\/portal\/2025\/03\/07\/drenaje-deficiente-y-falta-de-muros-agravan-la-situacion-en-la-calle-bedregal-1310\/"},"wordCount":171,"publisher":{"@id":"https:\/\/www.eldiario.net\/portal\/#organization"},"image":{"@id":"https:\/\/www.eldiario.net\/portal\/2025\/03\/07\/drenaje-deficiente-y-falta-de-muros-agravan-la-situacion-en-la-calle-bedregal-1310\/#primaryimage"},"thumbnailUrl":"https:\/\/www.eldiario.net\/portal\/wp-content\/uploads\/2025\/03\/palma-22-e1741367748559.png","articleSection":["\u00daltima Hora"],"inLanguage":"es"},{"@type":"WebPage","@id":"https:\/\/www.eldiario.net\/portal\/2025\/03\/07\/drenaje-deficiente-y-falta-de-muros-agravan-la-situacion-en-la-calle-bedregal-1310\/","url":"https:\/\/www.eldiario.net\/portal\/2025\/03\/07\/drenaje-deficiente-y-falta-de-muros-agravan-la-situacion-en-la-calle-bedregal-1310\/","name":"Drenaje deficiente y falta de muros agravan la situaci\u00f3n en la calle Bedregal. (13:10) - El Diario - Bolivia","isPartOf":{"@id":"https:\/\/www.eldiario.net\/portal\/#website"},"primaryImageOfPage":{"@id":"https:\/\/www.eldiario.net\/portal\/2025\/03\/07\/drenaje-deficiente-y-falta-de-muros-agravan-la-situacion-en-la-calle-bedregal-1310\/#primaryimage"},"image":{"@id":"https:\/\/www.eldiario.net\/portal\/2025\/03\/07\/drenaje-deficiente-y-falta-de-muros-agravan-la-situacion-en-la-calle-bedregal-1310\/#primaryimage"},"thumbnailUrl":"https:\/\/www.eldiario.net\/portal\/wp-content\/uploads\/2025\/03\/palma-22-e1741367748559.png","datePublished":"2025-03-07T17:17:37+00:00","breadcrumb":{"@id":"https:\/\/www.eldiario.net\/portal\/2025\/03\/07\/drenaje-deficiente-y-falta-de-muros-agravan-la-situacion-en-la-calle-bedregal-1310\/#breadcrumb"},"inLanguage":"es","potentialAction":[{"@type":"ReadAction","target":["https:\/\/www.eldiario.net\/portal\/2025\/03\/07\/drenaje-deficiente-y-falta-de-muros-agravan-la-situacion-en-la-calle-bedregal-1310\/"]}]},{"@type":"ImageObject","inLanguage":"es","@id":"https:\/\/www.eldiario.net\/portal\/2025\/03\/07\/drenaje-deficiente-y-falta-de-muros-agravan-la-situacion-en-la-calle-bedregal-1310\/#primaryimage","url":"https:\/\/www.eldiario.net\/portal\/wp-content\/uploads\/2025\/03\/palma-22-e1741367748559.png","contentUrl":"https:\/\/www.eldiario.net\/portal\/wp-content\/uploads\/2025\/03\/palma-22-e1741367748559.png","width":200,"height":342,"caption":"Foto: P\u00e1gina Secretaria Municipal de Resiliencia y Gesti\u00f3n deVulnerabilidades"},{"@type":"BreadcrumbList","@id":"https:\/\/www.eldiario.net\/portal\/2025\/03\/07\/drenaje-deficiente-y-falta-de-muros-agravan-la-situacion-en-la-calle-bedregal-1310\/#breadcrumb","itemListElement":[{"@type":"ListItem","position":1,"name":"Portada","item":"https:\/\/www.eldiario.net\/portal\/"},{"@type":"ListItem","position":2,"name":"Drenaje deficiente y falta de muros agravan la situaci\u00f3n en la calle Bedregal. (13:10)"}]},{"@type":"WebSite","@id":"https:\/\/www.eldiario.net\/portal\/#website","url":"https:\/\/www.eldiario.net\/portal\/","name":"El Diario - Decano de la prensa nacional","description":"El Diario - Decano de la prensa nacional","publisher":{"@id":"https:\/\/www.eldiario.net\/portal\/#organization"},"potentialAction":[{"@type":"SearchAction","target":{"@type":"EntryPoint","urlTemplate":"https:\/\/www.eldiario.net\/portal\/?s={search_term_string}"},"query-input":{"@type":"PropertyValueSpecification","valueRequired":true,"valueName":"search_term_string"}}],"inLanguage":"es"},{"@type":"Organization","@id":"https:\/\/www.eldiario.net\/portal\/#organization","name":"El Diario - Decano de la prensa nacional","url":"https:\/\/www.eldiario.net\/portal\/","logo":{"@type":"ImageObject","inLanguage":"es","@id":"https:\/\/www.eldiario.net\/portal\/#\/schema\/logo\/image\/","url":"https:\/\/www.eldiario.net\/portal\/wp-content\/uploads\/2023\/07\/logo_ED.jpg","contentUrl":"https:\/\/www.eldiario.net\/portal\/wp-content\/uploads\/2023\/07\/logo_ED.jpg","width":272,"height":52,"caption":"El Diario - Decano de la prensa nacional"},"image":{"@id":"https:\/\/www.eldiario.net\/portal\/#\/schema\/logo\/image\/"},"sameAs":["https:\/\/www.facebook.com\/eldiario.bolivia\/","https:\/\/x.com\/eldiario_net"]},{"@type":"Person","@id":"https:\/\/www.eldiario.net\/portal\/#\/schema\/person\/ba370d92d160f4d3574381f6d9b78fab","name":"Viviana Monrroy","image":{"@type":"ImageObject","inLanguage":"es","@id":"https:\/\/secure.gravatar.com\/avatar\/dfd1611ed5600959a0e5a9754503b6c05d1dcf190010998e0363aee2ad98afca?s=96&d=mm&r=g","url":"https:\/\/secure.gravatar.com\/avatar\/dfd1611ed5600959a0e5a9754503b6c05d1dcf190010998e0363aee2ad98afca?s=96&d=mm&r=g","contentUrl":"https:\/\/secure.gravatar.com\/avatar\/dfd1611ed5600959a0e5a9754503b6c05d1dcf190010998e0363aee2ad98afca?s=96&d=mm&r=g","caption":"Viviana Monrroy"},"sameAs":["http:\/\/www.eldiario.net"],"url":"https:\/\/www.eldiario.net\/portal\/author\/vivianamonrroy\/"}]}},"_links":{"self":[{"href":"https:\/\/www.eldiario.net\/portal\/wp-json\/wp\/v2\/posts\/286599","targetHints":{"allow":["GET"]}}],"collection":[{"href":"https:\/\/www.eldiario.net\/portal\/wp-json\/wp\/v2\/posts"}],"about":[{"href":"https:\/\/www.eldiario.net\/portal\/wp-json\/wp\/v2\/types\/post"}],"author":[{"embeddable":true,"href":"https:\/\/www.eldiario.net\/portal\/wp-json\/wp\/v2\/users\/7"}],"replies":[{"embeddable":true,"href":"https:\/\/www.eldiario.net\/portal\/wp-json\/wp\/v2\/comments?post=286599"}],"version-history":[{"count":1,"href":"https:\/\/www.eldiario.net\/portal\/wp-json\/wp\/v2\/posts\/286599\/revisions"}],"predecessor-version":[{"id":286601,"href":"https:\/\/www.eldiario.net\/portal\/wp-json\/wp\/v2\/posts\/286599\/revisions\/286601"}],"wp:featuredmedia":[{"embeddable":true,"href":"https:\/\/www.eldiario.net\/portal\/wp-json\/wp\/v2\/media\/286600"}],"wp:attachment":[{"href":"https:\/\/www.eldiario.net\/portal\/wp-json\/wp\/v2\/media?parent=286599"}],"wp:term":[{"taxonomy":"category","embeddable":true,"href":"https:\/\/www.eldiario.net\/portal\/wp-json\/wp\/v2\/categories?post=286599"},{"taxonomy":"post_tag","embeddable":true,"href":"https:\/\/www.eldiario.net\/portal\/wp-json\/wp\/v2\/tags?post=286599"}],"curies":[{"name":"wp","href":"https:\/\/api.w.org\/{rel}","templated":true}]}}