{"id":286571,"date":"2025-03-07T06:13:26","date_gmt":"2025-03-07T10:13:26","guid":{"rendered":"https:\/\/www.eldiario.net\/portal\/?p=286571"},"modified":"2025-03-07T06:13:26","modified_gmt":"2025-03-07T10:13:26","slug":"vision-de-la-religion-en-la-vida-actual-2","status":"publish","type":"post","link":"https:\/\/www.eldiario.net\/portal\/2025\/03\/07\/vision-de-la-religion-en-la-vida-actual-2\/","title":{"rendered":"Visi\u00f3n de la religi\u00f3n en la vida actual"},"content":{"rendered":"<p><strong>Por. Lic. H\u00e9ctor Molina<\/strong><\/p>\n<p>&nbsp;<\/p>\n<p><strong>Recordemos que\u2026<\/strong><\/p>\n<p>&nbsp;<\/p>\n<p>La religi\u00f3n es un fen\u00f3meno complejo y multifac\u00e9tico que ha desempe\u00f1ado un papel fundamental en la historia de la humanidad. No existe una definici\u00f3n \u00fanica y universalmente aceptada, pero a continuaci\u00f3n se presentan algunos elementos clave que suelen estar presentes en las definiciones de religi\u00f3n.<\/p>\n<p>&nbsp;<\/p>\n<p><strong>Elementos clave de la religi\u00f3n<\/strong><\/p>\n<p>&nbsp;<\/p>\n<ul>\n<li>Las religiones suelen basarse en un conjunto de creencias sobre la naturaleza del universo, la existencia de lo sobrenatural y el prop\u00f3sito de la vida. Estas creencias pueden incluir la existencia de dioses, esp\u00edritus, fuerzas trascendentales o principios morales.<\/li>\n<\/ul>\n<p>&nbsp;<\/p>\n<ul>\n<li><strong>Pr\u00e1cticas.<\/strong> Las religiones suelen involucrar una variedad de pr\u00e1cticas rituales, como la oraci\u00f3n, la meditaci\u00f3n, el canto, el ayuno, la peregrinaci\u00f3n y la participaci\u00f3n en ceremonias religiosas. Estas pr\u00e1cticas pueden tener como objetivo conectar a los creyentes con lo sagrado, fortalecer su fe o expresar su devoci\u00f3n.<\/li>\n<\/ul>\n<p>&nbsp;<\/p>\n<ul>\n<li>Muchas religiones proporcionan un marco moral que gu\u00eda el comportamiento de sus seguidores. Este marco puede incluir principios \u00e9ticos, normas sociales y ense\u00f1anzas sobre el bien y el mal.<\/li>\n<\/ul>\n<p>&nbsp;<\/p>\n<ul>\n<li>La religi\u00f3n a menudo fomenta un sentido de comunidad entre sus seguidores, creando v\u00ednculos sociales y proporcionando apoyo mutuo. Las comunidades religiosas pueden organizarse en torno a iglesias, templos, mezquitas u otras instituciones.<\/li>\n<\/ul>\n<p>&nbsp;<\/p>\n<ul>\n<li>La religi\u00f3n puede proporcionar a los individuos experiencias espirituales significativas, como sentimientos de asombro, reverencia, paz interior o conexi\u00f3n con lo divino.<\/li>\n<\/ul>\n<p>&nbsp;<\/p>\n<p><strong>C\u00f3mo se vive la religi\u00f3n en los j\u00f3venes de hoy<\/strong><\/p>\n<p>&nbsp;<\/p>\n<p>La vivencia de la religi\u00f3n en los j\u00f3venes de hoy se caracteriza por la diversidad, la individualizaci\u00f3n y la influencia de la tecnolog\u00eda. Aunque la afiliaci\u00f3n religiosa tradicional est\u00e1 disminuyendo, la b\u00fasqueda de significado, identidad y valores morales sigue siendo relevante para muchos j\u00f3venes.<\/p>\n<p>&nbsp;<\/p>\n<ol>\n<li><strong> Secularizaci\u00f3n y pluralismo<\/strong><\/li>\n<\/ol>\n<p>&nbsp;<\/p>\n<p><strong>Disminuci\u00f3n de la afiliaci\u00f3n tradicional. <\/strong>Se observa una tendencia creciente a la secularizaci\u00f3n, especialmente en sociedades occidentales. Esto significa que la influencia de las instituciones religiosas tradicionales est\u00e1 disminuyendo. Muchos j\u00f3venes se identifican como \u00abespirituales pero no religiosos\u00bb, lo que indica una b\u00fasqueda de significado y trascendencia fuera de los marcos religiosos establecidos.<\/p>\n<p>&nbsp;<\/p>\n<p><strong>Aumento del pluralismo religioso. <\/strong>La globalizaci\u00f3n y la migraci\u00f3n han incrementado la diversidad religiosa en muchas sociedades. Los j\u00f3venes est\u00e1n expuestos a una amplia gama de creencias y pr\u00e1cticas, lo que fomenta la tolerancia y el sincretismo (la mezcla de diferentes tradiciones religiosas).<\/p>\n<p>&nbsp;<\/p>\n<ol start=\"2\">\n<li><strong> Religi\u00f3n e identidad<\/strong><\/li>\n<\/ol>\n<p>&nbsp;<\/p>\n<p><strong>B\u00fasqueda de identidad y pertenencia. <\/strong>Para algunos j\u00f3venes, la religi\u00f3n sigue siendo una fuente importante de identidad y pertenencia. Las comunidades religiosas pueden proporcionar un sentido de conexi\u00f3n y apoyo social. La religi\u00f3n tambi\u00e9n puede desempe\u00f1ar un papel en la formaci\u00f3n de la identidad \u00e9tica y moral de los j\u00f3venes.<\/p>\n<p>&nbsp;<\/p>\n<p><strong>Individualizaci\u00f3n de la fe. <\/strong>Los j\u00f3venes tienden a adoptar un enfoque m\u00e1s individualizado de la religi\u00f3n, seleccionando y combinando elementos de diferentes tradiciones para crear sus propias creencias y pr\u00e1cticas. La tecnolog\u00eda y las redes sociales facilitan la b\u00fasqueda y el intercambio de informaci\u00f3n religiosa, lo que contribuye a esta individualizaci\u00f3n.<\/p>\n<p>&nbsp;<\/p>\n<ol start=\"3\">\n<li><strong> Religi\u00f3n y valores<\/strong><\/li>\n<\/ol>\n<p>&nbsp;<\/p>\n<p><strong>Valores sociales y pol\u00edticos. <\/strong>La religi\u00f3n puede influir en las actitudes y comportamientos de los j\u00f3venes en relaci\u00f3n con temas sociales y pol\u00edticos, como la justicia social, el medio ambiente y los derechos humanos. Sin embargo, las opiniones de los j\u00f3venes sobre estos temas son diversas y no siempre est\u00e1n determinadas por su afiliaci\u00f3n religiosa.<\/p>\n<p>&nbsp;<\/p>\n<p><strong>\u00c9tica y moralidad. <\/strong>Aunque la afiliaci\u00f3n religiosa tradicional est\u00e1 disminuyendo, muchos j\u00f3venes siguen valorando la \u00e9tica y la moralidad. Buscan fuentes alternativas de orientaci\u00f3n moral, como la filosof\u00eda, la ciencia y los valores humanistas.<\/p>\n<p>&nbsp;<\/p>\n<ol start=\"4\">\n<li><strong> El impacto de la tecnolog\u00eda<\/strong><\/li>\n<\/ol>\n<p>&nbsp;<\/p>\n<p><strong>Religi\u00f3n en l\u00ednea. <\/strong>Internet y las redes sociales han transformado la forma en que los j\u00f3venes interact\u00faan con la religi\u00f3n. Pueden acceder a informaci\u00f3n religiosa, participar en comunidades en l\u00ednea y expresar sus creencias a trav\u00e9s de plataformas digitales.<\/p>\n<p>&nbsp;<\/p>\n<p><strong>Desaf\u00edos y oportunidades. <\/strong>La tecnolog\u00eda tambi\u00e9n plantea desaf\u00edos, como la difusi\u00f3n de informaci\u00f3n err\u00f3nea y la polarizaci\u00f3n religiosa. Sin embargo, tambi\u00e9n ofrece oportunidades para el di\u00e1logo interreligioso y la promoci\u00f3n de la tolerancia.<\/p>\n\r\n                <style type=\"text\/css\">\r\n                    \r\n                    #tdi_1  .td-doubleSlider-2 .td-item1 {\r\n                        background: url(https:\/\/www.eldiario.net\/portal\/wp-content\/uploads\/2025\/03\/Socio-Religion-y-valores-80x60.jpg) 0 0 no-repeat;\r\n                    }\r\n                    #tdi_1  .td-doubleSlider-2 .td-item2 {\r\n                        background: url(https:\/\/www.eldiario.net\/portal\/wp-content\/uploads\/2025\/03\/Socio-Secularizacion-y-pluralismo-80x60.jpg) 0 0 no-repeat;\r\n                    }\r\n                <\/style>\r\n\r\n                <div id=\"tdi_1\" class=\"td-gallery td-slide-on-2-columns\">\r\n                    <div class=\"post_td_gallery\">\r\n                        <div class=\"td-gallery-slide-top\">\r\n                           <div class=\"td-gallery-title\"><\/div>\r\n\r\n                            <div class=\"td-gallery-controls-wrapper\">\r\n                                <div class=\"td-gallery-slide-count\"><span class=\"td-gallery-slide-item-focus\">1<\/span> de 2<\/div>\r\n                                <div class=\"td-gallery-slide-prev-next-but\">\r\n                                    <i class = \"td-icon-left doubleSliderPrevButton\"><\/i>\r\n                                    <i class = \"td-icon-right doubleSliderNextButton\"><\/i>\r\n                                <\/div>\r\n                            <\/div>\r\n                        <\/div>\r\n\r\n                        <div class = \"td-doubleSlider-1 \">\r\n                            <div class = \"td-slider\">\r\n                                \r\n                    <div class = \"td-slide-item td-item1\">\r\n                        <figure class=\"td-slide-galery-figure td-slide-popup-gallery\">\r\n                            <a class=\"slide-gallery-image-link\" href=\"https:\/\/www.eldiario.net\/portal\/wp-content\/uploads\/2025\/03\/Socio-Religion-y-valores.jpg\" title=\"Socio - Religi\u00f3n y valores\"  data-caption=\"\"  data-description=\"\">\r\n                                <img decoding=\"async\" src=\"https:\/\/www.eldiario.net\/portal\/wp-content\/uploads\/2025\/03\/Socio-Religion-y-valores-420x420.jpg\" srcset=\"https:\/\/www.eldiario.net\/portal\/wp-content\/uploads\/2025\/03\/Socio-Religion-y-valores-420x420.jpg 420w, https:\/\/www.eldiario.net\/portal\/wp-content\/uploads\/2025\/03\/Socio-Religion-y-valores-300x300.jpg 300w, https:\/\/www.eldiario.net\/portal\/wp-content\/uploads\/2025\/03\/Socio-Religion-y-valores-150x150.jpg 150w, https:\/\/www.eldiario.net\/portal\/wp-content\/uploads\/2025\/03\/Socio-Religion-y-valores.jpg 474w\" sizes=\"(max-width: 420px) 100vw, 420px\" alt=\"\">\r\n                            <\/a>\r\n                            \r\n                        <\/figure>\r\n                    <\/div>\r\n                    <div class = \"td-slide-item td-item2\">\r\n                        <figure class=\"td-slide-galery-figure td-slide-popup-gallery\">\r\n                            <a class=\"slide-gallery-image-link\" href=\"https:\/\/www.eldiario.net\/portal\/wp-content\/uploads\/2025\/03\/Socio-Secularizacion-y-pluralismo.jpg\" title=\"Socio - Secularizaci\u00f3n y pluralismo\"  data-caption=\"\"  data-description=\"\">\r\n                                <img decoding=\"async\" src=\"https:\/\/www.eldiario.net\/portal\/wp-content\/uploads\/2025\/03\/Socio-Secularizacion-y-pluralismo.jpg\" srcset=\"https:\/\/www.eldiario.net\/portal\/wp-content\/uploads\/2025\/03\/Socio-Secularizacion-y-pluralismo.jpg 474w, https:\/\/www.eldiario.net\/portal\/wp-content\/uploads\/2025\/03\/Socio-Secularizacion-y-pluralismo-300x192.jpg 300w\" sizes=\"(max-width: 474px) 100vw, 474px\" alt=\"\">\r\n                            <\/a>\r\n                            \r\n                        <\/figure>\r\n                    <\/div>\r\n                            <\/div>\r\n                        <\/div>\r\n\r\n                        <div class = \"td-doubleSlider-2\">\r\n                            <div class = \"td-slider\">\r\n                                \r\n                    <div class = \"td-button td-item1\">\r\n                        <div class = \"td-border\"><\/div>\r\n                    <\/div>\r\n                    <div class = \"td-button td-item2\">\r\n                        <div class = \"td-border\"><\/div>\r\n                    <\/div>\r\n                            <\/div>\r\n                        <\/div>\r\n\r\n                    <\/div>\r\n\r\n                <\/div>\r\n                \n","protected":false},"excerpt":{"rendered":"<p>Por. Lic. H\u00e9ctor Molina &nbsp; Recordemos que\u2026 &nbsp; La religi\u00f3n es un fen\u00f3meno complejo y multifac\u00e9tico que ha desempe\u00f1ado un papel fundamental en la historia de la humanidad. No existe una definici\u00f3n \u00fanica y universalmente aceptada, pero a continuaci\u00f3n se presentan algunos elementos clave que suelen estar presentes en las definiciones de religi\u00f3n. &nbsp; Elementos [&hellip;]<\/p>\n","protected":false},"author":1,"featured_media":286572,"comment_status":"closed","ping_status":"open","sticky":false,"template":"","format":"standard","meta":{"_acf_changed":false,"footnotes":""},"categories":[43],"tags":[],"class_list":["post-286571","post","type-post","status-publish","format-standard","has-post-thumbnail","category-nuevos-horizontes"],"acf":{"antetitulo":"Segunda Parte"},"yoast_head":"<!-- This site is optimized with the Yoast SEO plugin v28.4 - https:\/\/yoast.com\/product\/yoast-seo-wordpress\/ -->\n<title>Visi\u00f3n de la religi\u00f3n en la vida actual - El Diario - Bolivia<\/title>\n<meta name=\"robots\" content=\"index, follow, max-snippet:-1, max-image-preview:large, max-video-preview:-1\" \/>\n<link rel=\"canonical\" href=\"https:\/\/www.eldiario.net\/portal\/2025\/03\/07\/vision-de-la-religion-en-la-vida-actual-2\/\" \/>\n<meta property=\"og:locale\" content=\"es_ES\" \/>\n<meta property=\"og:type\" content=\"article\" \/>\n<meta property=\"og:title\" content=\"Visi\u00f3n de la religi\u00f3n en la vida actual - El Diario - Bolivia\" \/>\n<meta property=\"og:description\" content=\"Por. Lic. H\u00e9ctor Molina &nbsp; Recordemos que\u2026 &nbsp; La religi\u00f3n es un fen\u00f3meno complejo y multifac\u00e9tico que ha desempe\u00f1ado un papel fundamental en la historia de la humanidad. No existe una definici\u00f3n \u00fanica y universalmente aceptada, pero a continuaci\u00f3n se presentan algunos elementos clave que suelen estar presentes en las definiciones de religi\u00f3n. &nbsp; Elementos [&hellip;]\" \/>\n<meta property=\"og:url\" content=\"https:\/\/www.eldiario.net\/portal\/2025\/03\/07\/vision-de-la-religion-en-la-vida-actual-2\/\" \/>\n<meta property=\"og:site_name\" content=\"El Diario - Bolivia\" \/>\n<meta property=\"article:publisher\" content=\"https:\/\/www.facebook.com\/eldiario.bolivia\/\" \/>\n<meta property=\"article:published_time\" content=\"2025-03-07T10:13:26+00:00\" \/>\n<meta property=\"og:image\" content=\"https:\/\/www.eldiario.net\/portal\/wp-content\/uploads\/2025\/03\/Socio-Religion-y-valores.jpg\" \/>\n\t<meta property=\"og:image:width\" content=\"474\" \/>\n\t<meta property=\"og:image:height\" content=\"474\" \/>\n\t<meta property=\"og:image:type\" content=\"image\/jpeg\" \/>\n<meta name=\"author\" content=\"Jeanette\" \/>\n<meta name=\"twitter:card\" content=\"summary_large_image\" \/>\n<meta name=\"twitter:creator\" content=\"@eldiario_net\" \/>\n<meta name=\"twitter:site\" content=\"@eldiario_net\" \/>\n<meta name=\"twitter:label1\" content=\"Escrito por\" \/>\n\t<meta name=\"twitter:data1\" content=\"Jeanette\" \/>\n\t<meta name=\"twitter:label2\" content=\"Tiempo de lectura\" \/>\n\t<meta name=\"twitter:data2\" content=\"4 minutos\" \/>\n<script type=\"application\/ld+json\" class=\"yoast-schema-graph\">{\"@context\":\"https:\\\/\\\/schema.org\",\"@graph\":[{\"@type\":\"Article\",\"@id\":\"https:\\\/\\\/www.eldiario.net\\\/portal\\\/2025\\\/03\\\/07\\\/vision-de-la-religion-en-la-vida-actual-2\\\/#article\",\"isPartOf\":{\"@id\":\"https:\\\/\\\/www.eldiario.net\\\/portal\\\/2025\\\/03\\\/07\\\/vision-de-la-religion-en-la-vida-actual-2\\\/\"},\"author\":{\"name\":\"Jeanette\",\"@id\":\"https:\\\/\\\/www.eldiario.net\\\/portal\\\/#\\\/schema\\\/person\\\/f46445640444750d7d753ccd04ae01b7\"},\"headline\":\"Visi\u00f3n de la religi\u00f3n en la vida actual\",\"datePublished\":\"2025-03-07T10:13:26+00:00\",\"mainEntityOfPage\":{\"@id\":\"https:\\\/\\\/www.eldiario.net\\\/portal\\\/2025\\\/03\\\/07\\\/vision-de-la-religion-en-la-vida-actual-2\\\/\"},\"wordCount\":791,\"publisher\":{\"@id\":\"https:\\\/\\\/www.eldiario.net\\\/portal\\\/#organization\"},\"image\":{\"@id\":\"https:\\\/\\\/www.eldiario.net\\\/portal\\\/2025\\\/03\\\/07\\\/vision-de-la-religion-en-la-vida-actual-2\\\/#primaryimage\"},\"thumbnailUrl\":\"https:\\\/\\\/www.eldiario.net\\\/portal\\\/wp-content\\\/uploads\\\/2025\\\/03\\\/Socio-Religion-y-valores.jpg\",\"articleSection\":[\"Nuevos Horizontes\"],\"inLanguage\":\"es\"},{\"@type\":\"WebPage\",\"@id\":\"https:\\\/\\\/www.eldiario.net\\\/portal\\\/2025\\\/03\\\/07\\\/vision-de-la-religion-en-la-vida-actual-2\\\/\",\"url\":\"https:\\\/\\\/www.eldiario.net\\\/portal\\\/2025\\\/03\\\/07\\\/vision-de-la-religion-en-la-vida-actual-2\\\/\",\"name\":\"Visi\u00f3n de la religi\u00f3n en la vida actual - El Diario - Bolivia\",\"isPartOf\":{\"@id\":\"https:\\\/\\\/www.eldiario.net\\\/portal\\\/#website\"},\"primaryImageOfPage\":{\"@id\":\"https:\\\/\\\/www.eldiario.net\\\/portal\\\/2025\\\/03\\\/07\\\/vision-de-la-religion-en-la-vida-actual-2\\\/#primaryimage\"},\"image\":{\"@id\":\"https:\\\/\\\/www.eldiario.net\\\/portal\\\/2025\\\/03\\\/07\\\/vision-de-la-religion-en-la-vida-actual-2\\\/#primaryimage\"},\"thumbnailUrl\":\"https:\\\/\\\/www.eldiario.net\\\/portal\\\/wp-content\\\/uploads\\\/2025\\\/03\\\/Socio-Religion-y-valores.jpg\",\"datePublished\":\"2025-03-07T10:13:26+00:00\",\"breadcrumb\":{\"@id\":\"https:\\\/\\\/www.eldiario.net\\\/portal\\\/2025\\\/03\\\/07\\\/vision-de-la-religion-en-la-vida-actual-2\\\/#breadcrumb\"},\"inLanguage\":\"es\",\"potentialAction\":[{\"@type\":\"ReadAction\",\"target\":[\"https:\\\/\\\/www.eldiario.net\\\/portal\\\/2025\\\/03\\\/07\\\/vision-de-la-religion-en-la-vida-actual-2\\\/\"]}]},{\"@type\":\"ImageObject\",\"inLanguage\":\"es\",\"@id\":\"https:\\\/\\\/www.eldiario.net\\\/portal\\\/2025\\\/03\\\/07\\\/vision-de-la-religion-en-la-vida-actual-2\\\/#primaryimage\",\"url\":\"https:\\\/\\\/www.eldiario.net\\\/portal\\\/wp-content\\\/uploads\\\/2025\\\/03\\\/Socio-Religion-y-valores.jpg\",\"contentUrl\":\"https:\\\/\\\/www.eldiario.net\\\/portal\\\/wp-content\\\/uploads\\\/2025\\\/03\\\/Socio-Religion-y-valores.jpg\",\"width\":474,\"height\":474},{\"@type\":\"BreadcrumbList\",\"@id\":\"https:\\\/\\\/www.eldiario.net\\\/portal\\\/2025\\\/03\\\/07\\\/vision-de-la-religion-en-la-vida-actual-2\\\/#breadcrumb\",\"itemListElement\":[{\"@type\":\"ListItem\",\"position\":1,\"name\":\"Portada\",\"item\":\"https:\\\/\\\/www.eldiario.net\\\/portal\\\/\"},{\"@type\":\"ListItem\",\"position\":2,\"name\":\"Visi\u00f3n de la religi\u00f3n en la vida actual\"}]},{\"@type\":\"WebSite\",\"@id\":\"https:\\\/\\\/www.eldiario.net\\\/portal\\\/#website\",\"url\":\"https:\\\/\\\/www.eldiario.net\\\/portal\\\/\",\"name\":\"El Diario - Decano de la prensa nacional\",\"description\":\"El Diario - Decano de la prensa nacional\",\"publisher\":{\"@id\":\"https:\\\/\\\/www.eldiario.net\\\/portal\\\/#organization\"},\"potentialAction\":[{\"@type\":\"SearchAction\",\"target\":{\"@type\":\"EntryPoint\",\"urlTemplate\":\"https:\\\/\\\/www.eldiario.net\\\/portal\\\/?s={search_term_string}\"},\"query-input\":{\"@type\":\"PropertyValueSpecification\",\"valueRequired\":true,\"valueName\":\"search_term_string\"}}],\"inLanguage\":\"es\"},{\"@type\":\"Organization\",\"@id\":\"https:\\\/\\\/www.eldiario.net\\\/portal\\\/#organization\",\"name\":\"El Diario - Decano de la prensa nacional\",\"url\":\"https:\\\/\\\/www.eldiario.net\\\/portal\\\/\",\"logo\":{\"@type\":\"ImageObject\",\"inLanguage\":\"es\",\"@id\":\"https:\\\/\\\/www.eldiario.net\\\/portal\\\/#\\\/schema\\\/logo\\\/image\\\/\",\"url\":\"https:\\\/\\\/www.eldiario.net\\\/portal\\\/wp-content\\\/uploads\\\/2023\\\/07\\\/logo_ED.jpg\",\"contentUrl\":\"https:\\\/\\\/www.eldiario.net\\\/portal\\\/wp-content\\\/uploads\\\/2023\\\/07\\\/logo_ED.jpg\",\"width\":272,\"height\":52,\"caption\":\"El Diario - Decano de la prensa nacional\"},\"image\":{\"@id\":\"https:\\\/\\\/www.eldiario.net\\\/portal\\\/#\\\/schema\\\/logo\\\/image\\\/\"},\"sameAs\":[\"https:\\\/\\\/www.facebook.com\\\/eldiario.bolivia\\\/\",\"https:\\\/\\\/x.com\\\/eldiario_net\"]},{\"@type\":\"Person\",\"@id\":\"https:\\\/\\\/www.eldiario.net\\\/portal\\\/#\\\/schema\\\/person\\\/f46445640444750d7d753ccd04ae01b7\",\"name\":\"Jeanette\",\"image\":{\"@type\":\"ImageObject\",\"inLanguage\":\"es\",\"@id\":\"https:\\\/\\\/secure.gravatar.com\\\/avatar\\\/3ea2118a5f7dad2b7138b1187a6b7ee55f160b9968b66013c3a3ef39dd7e5798?s=96&d=mm&r=g\",\"url\":\"https:\\\/\\\/secure.gravatar.com\\\/avatar\\\/3ea2118a5f7dad2b7138b1187a6b7ee55f160b9968b66013c3a3ef39dd7e5798?s=96&d=mm&r=g\",\"contentUrl\":\"https:\\\/\\\/secure.gravatar.com\\\/avatar\\\/3ea2118a5f7dad2b7138b1187a6b7ee55f160b9968b66013c3a3ef39dd7e5798?s=96&d=mm&r=g\",\"caption\":\"Jeanette\"},\"sameAs\":[\"https:\\\/\\\/www.eldiario.net\\\/portal\"],\"url\":\"https:\\\/\\\/www.eldiario.net\\\/portal\\\/author\\\/jeanette\\\/\"}]}<\/script>\n<!-- \/ Yoast SEO plugin. -->","yoast_head_json":{"title":"Visi\u00f3n de la religi\u00f3n en la vida actual - El Diario - Bolivia","robots":{"index":"index","follow":"follow","max-snippet":"max-snippet:-1","max-image-preview":"max-image-preview:large","max-video-preview":"max-video-preview:-1"},"canonical":"https:\/\/www.eldiario.net\/portal\/2025\/03\/07\/vision-de-la-religion-en-la-vida-actual-2\/","og_locale":"es_ES","og_type":"article","og_title":"Visi\u00f3n de la religi\u00f3n en la vida actual - El Diario - Bolivia","og_description":"Por. Lic. H\u00e9ctor Molina &nbsp; Recordemos que\u2026 &nbsp; La religi\u00f3n es un fen\u00f3meno complejo y multifac\u00e9tico que ha desempe\u00f1ado un papel fundamental en la historia de la humanidad. No existe una definici\u00f3n \u00fanica y universalmente aceptada, pero a continuaci\u00f3n se presentan algunos elementos clave que suelen estar presentes en las definiciones de religi\u00f3n. &nbsp; Elementos [&hellip;]","og_url":"https:\/\/www.eldiario.net\/portal\/2025\/03\/07\/vision-de-la-religion-en-la-vida-actual-2\/","og_site_name":"El Diario - Bolivia","article_publisher":"https:\/\/www.facebook.com\/eldiario.bolivia\/","article_published_time":"2025-03-07T10:13:26+00:00","og_image":[{"width":474,"height":474,"url":"https:\/\/www.eldiario.net\/portal\/wp-content\/uploads\/2025\/03\/Socio-Religion-y-valores.jpg","type":"image\/jpeg"}],"author":"Jeanette","twitter_card":"summary_large_image","twitter_creator":"@eldiario_net","twitter_site":"@eldiario_net","twitter_misc":{"Escrito por":"Jeanette","Tiempo de lectura":"4 minutos"},"schema":{"@context":"https:\/\/schema.org","@graph":[{"@type":"Article","@id":"https:\/\/www.eldiario.net\/portal\/2025\/03\/07\/vision-de-la-religion-en-la-vida-actual-2\/#article","isPartOf":{"@id":"https:\/\/www.eldiario.net\/portal\/2025\/03\/07\/vision-de-la-religion-en-la-vida-actual-2\/"},"author":{"name":"Jeanette","@id":"https:\/\/www.eldiario.net\/portal\/#\/schema\/person\/f46445640444750d7d753ccd04ae01b7"},"headline":"Visi\u00f3n de la religi\u00f3n en la vida actual","datePublished":"2025-03-07T10:13:26+00:00","mainEntityOfPage":{"@id":"https:\/\/www.eldiario.net\/portal\/2025\/03\/07\/vision-de-la-religion-en-la-vida-actual-2\/"},"wordCount":791,"publisher":{"@id":"https:\/\/www.eldiario.net\/portal\/#organization"},"image":{"@id":"https:\/\/www.eldiario.net\/portal\/2025\/03\/07\/vision-de-la-religion-en-la-vida-actual-2\/#primaryimage"},"thumbnailUrl":"https:\/\/www.eldiario.net\/portal\/wp-content\/uploads\/2025\/03\/Socio-Religion-y-valores.jpg","articleSection":["Nuevos Horizontes"],"inLanguage":"es"},{"@type":"WebPage","@id":"https:\/\/www.eldiario.net\/portal\/2025\/03\/07\/vision-de-la-religion-en-la-vida-actual-2\/","url":"https:\/\/www.eldiario.net\/portal\/2025\/03\/07\/vision-de-la-religion-en-la-vida-actual-2\/","name":"Visi\u00f3n de la religi\u00f3n en la vida actual - El Diario - Bolivia","isPartOf":{"@id":"https:\/\/www.eldiario.net\/portal\/#website"},"primaryImageOfPage":{"@id":"https:\/\/www.eldiario.net\/portal\/2025\/03\/07\/vision-de-la-religion-en-la-vida-actual-2\/#primaryimage"},"image":{"@id":"https:\/\/www.eldiario.net\/portal\/2025\/03\/07\/vision-de-la-religion-en-la-vida-actual-2\/#primaryimage"},"thumbnailUrl":"https:\/\/www.eldiario.net\/portal\/wp-content\/uploads\/2025\/03\/Socio-Religion-y-valores.jpg","datePublished":"2025-03-07T10:13:26+00:00","breadcrumb":{"@id":"https:\/\/www.eldiario.net\/portal\/2025\/03\/07\/vision-de-la-religion-en-la-vida-actual-2\/#breadcrumb"},"inLanguage":"es","potentialAction":[{"@type":"ReadAction","target":["https:\/\/www.eldiario.net\/portal\/2025\/03\/07\/vision-de-la-religion-en-la-vida-actual-2\/"]}]},{"@type":"ImageObject","inLanguage":"es","@id":"https:\/\/www.eldiario.net\/portal\/2025\/03\/07\/vision-de-la-religion-en-la-vida-actual-2\/#primaryimage","url":"https:\/\/www.eldiario.net\/portal\/wp-content\/uploads\/2025\/03\/Socio-Religion-y-valores.jpg","contentUrl":"https:\/\/www.eldiario.net\/portal\/wp-content\/uploads\/2025\/03\/Socio-Religion-y-valores.jpg","width":474,"height":474},{"@type":"BreadcrumbList","@id":"https:\/\/www.eldiario.net\/portal\/2025\/03\/07\/vision-de-la-religion-en-la-vida-actual-2\/#breadcrumb","itemListElement":[{"@type":"ListItem","position":1,"name":"Portada","item":"https:\/\/www.eldiario.net\/portal\/"},{"@type":"ListItem","position":2,"name":"Visi\u00f3n de la religi\u00f3n en la vida actual"}]},{"@type":"WebSite","@id":"https:\/\/www.eldiario.net\/portal\/#website","url":"https:\/\/www.eldiario.net\/portal\/","name":"El Diario - Decano de la prensa nacional","description":"El Diario - Decano de la prensa nacional","publisher":{"@id":"https:\/\/www.eldiario.net\/portal\/#organization"},"potentialAction":[{"@type":"SearchAction","target":{"@type":"EntryPoint","urlTemplate":"https:\/\/www.eldiario.net\/portal\/?s={search_term_string}"},"query-input":{"@type":"PropertyValueSpecification","valueRequired":true,"valueName":"search_term_string"}}],"inLanguage":"es"},{"@type":"Organization","@id":"https:\/\/www.eldiario.net\/portal\/#organization","name":"El Diario - Decano de la prensa nacional","url":"https:\/\/www.eldiario.net\/portal\/","logo":{"@type":"ImageObject","inLanguage":"es","@id":"https:\/\/www.eldiario.net\/portal\/#\/schema\/logo\/image\/","url":"https:\/\/www.eldiario.net\/portal\/wp-content\/uploads\/2023\/07\/logo_ED.jpg","contentUrl":"https:\/\/www.eldiario.net\/portal\/wp-content\/uploads\/2023\/07\/logo_ED.jpg","width":272,"height":52,"caption":"El Diario - Decano de la prensa nacional"},"image":{"@id":"https:\/\/www.eldiario.net\/portal\/#\/schema\/logo\/image\/"},"sameAs":["https:\/\/www.facebook.com\/eldiario.bolivia\/","https:\/\/x.com\/eldiario_net"]},{"@type":"Person","@id":"https:\/\/www.eldiario.net\/portal\/#\/schema\/person\/f46445640444750d7d753ccd04ae01b7","name":"Jeanette","image":{"@type":"ImageObject","inLanguage":"es","@id":"https:\/\/secure.gravatar.com\/avatar\/3ea2118a5f7dad2b7138b1187a6b7ee55f160b9968b66013c3a3ef39dd7e5798?s=96&d=mm&r=g","url":"https:\/\/secure.gravatar.com\/avatar\/3ea2118a5f7dad2b7138b1187a6b7ee55f160b9968b66013c3a3ef39dd7e5798?s=96&d=mm&r=g","contentUrl":"https:\/\/secure.gravatar.com\/avatar\/3ea2118a5f7dad2b7138b1187a6b7ee55f160b9968b66013c3a3ef39dd7e5798?s=96&d=mm&r=g","caption":"Jeanette"},"sameAs":["https:\/\/www.eldiario.net\/portal"],"url":"https:\/\/www.eldiario.net\/portal\/author\/jeanette\/"}]}},"_links":{"self":[{"href":"https:\/\/www.eldiario.net\/portal\/wp-json\/wp\/v2\/posts\/286571","targetHints":{"allow":["GET"]}}],"collection":[{"href":"https:\/\/www.eldiario.net\/portal\/wp-json\/wp\/v2\/posts"}],"about":[{"href":"https:\/\/www.eldiario.net\/portal\/wp-json\/wp\/v2\/types\/post"}],"author":[{"embeddable":true,"href":"https:\/\/www.eldiario.net\/portal\/wp-json\/wp\/v2\/users\/1"}],"replies":[{"embeddable":true,"href":"https:\/\/www.eldiario.net\/portal\/wp-json\/wp\/v2\/comments?post=286571"}],"version-history":[{"count":1,"href":"https:\/\/www.eldiario.net\/portal\/wp-json\/wp\/v2\/posts\/286571\/revisions"}],"predecessor-version":[{"id":286574,"href":"https:\/\/www.eldiario.net\/portal\/wp-json\/wp\/v2\/posts\/286571\/revisions\/286574"}],"wp:featuredmedia":[{"embeddable":true,"href":"https:\/\/www.eldiario.net\/portal\/wp-json\/wp\/v2\/media\/286572"}],"wp:attachment":[{"href":"https:\/\/www.eldiario.net\/portal\/wp-json\/wp\/v2\/media?parent=286571"}],"wp:term":[{"taxonomy":"category","embeddable":true,"href":"https:\/\/www.eldiario.net\/portal\/wp-json\/wp\/v2\/categories?post=286571"},{"taxonomy":"post_tag","embeddable":true,"href":"https:\/\/www.eldiario.net\/portal\/wp-json\/wp\/v2\/tags?post=286571"}],"curies":[{"name":"wp","href":"https:\/\/api.w.org\/{rel}","templated":true}]}}