{"id":286562,"date":"2025-03-07T06:11:37","date_gmt":"2025-03-07T10:11:37","guid":{"rendered":"https:\/\/www.eldiario.net\/portal\/?p=286562"},"modified":"2025-03-07T06:11:37","modified_gmt":"2025-03-07T10:11:37","slug":"las-pecas-realidades-y-mitos-2","status":"publish","type":"post","link":"https:\/\/www.eldiario.net\/portal\/2025\/03\/07\/las-pecas-realidades-y-mitos-2\/","title":{"rendered":"Las pecas realidades y mitos"},"content":{"rendered":"<p><strong>Por. Equipo editor<\/strong><\/p>\n<p>&nbsp;<\/p>\n<p><strong>Recordemos que\u2026<\/strong><\/p>\n<p>&nbsp;<\/p>\n<p>Las pecas son peque\u00f1as manchas planas y redondas de color marr\u00f3n claro u oscuro que aparecen en la piel, especialmente en \u00e1reas expuestas al sol como la cara, los brazos, el pecho y la espalda. Son acumulaciones de melanina, el pigmento que da color a la piel, el cabello y los ojos.<\/p>\n<p>&nbsp;<\/p>\n<p><strong>\u00bfPor qu\u00e9 algunas personas gustan de tener pecas?<\/strong><\/p>\n<p>&nbsp;<\/p>\n<p>A algunas personas les gustan las pecas por diversas razones, que a menudo se entrelazan:<\/p>\n<p>&nbsp;<\/p>\n<ul>\n<li><strong>Asociaci\u00f3n con la juventud y la inocencia.<\/strong> Las pecas suelen ser m\u00e1s visibles en la infancia y la adolescencia, lo que puede evocar una sensaci\u00f3n de juventud y frescura.<\/li>\n<\/ul>\n<p>&nbsp;<\/p>\n<ul>\n<li><strong>Signo de singularidad.<\/strong> En un mundo que a menudo valora la uniformidad, las pecas pueden ser vistas como una marca de individualidad y belleza \u00fanica.<\/li>\n<\/ul>\n<p>&nbsp;<\/p>\n<ul>\n<li><strong>Est\u00e9tica considerada atractiva.<\/strong> A lo largo de la historia, las pecas han sido apreciadas en diversas culturas como un rasgo facial encantador y distintivo.<\/li>\n<\/ul>\n<p>&nbsp;<\/p>\n<ul>\n<li><strong>Conexi\u00f3n con la naturaleza.<\/strong> Las pecas suelen ser m\u00e1s prominentes despu\u00e9s de la exposici\u00f3n al sol, lo que puede crear una asociaci\u00f3n con la vida al aire libre y la vitalidad.<\/li>\n<\/ul>\n<p>&nbsp;<\/p>\n<ul>\n<li><strong>Aceptaci\u00f3n personal.<\/strong> Para algunas personas, gustar de sus pecas es simplemente una forma de autoaceptaci\u00f3n y amor propio. Reconocen la belleza en su apariencia natural.<\/li>\n<\/ul>\n<p>&nbsp;<\/p>\n<ul>\n<li><strong>Tendencia de la moda.<\/strong> En los \u00faltimos a\u00f1os, ha habido una creciente tendencia a celebrar las pecas en la industria de la moda y la belleza, lo que ha contribuido a aumentar su popularidad.<\/li>\n<\/ul>\n<p>&nbsp;<\/p>\n<ul>\n<li><strong>Gen\u00e9tica.<\/strong> Las pecas son hereditarias, por lo que a menudo las personas las tienen porque sus padres o familiares tambi\u00e9n las tienen, lo que puede crear un sentido de conexi\u00f3n familiar.<\/li>\n<\/ul>\n<p>&nbsp;<\/p>\n<p><strong>Curiosidades sobre las pecas<\/strong><\/p>\n<p>&nbsp;<\/p>\n<ul>\n<li><strong>Origen gen\u00e9tico.<\/strong> Las pecas son hereditarias y est\u00e1n relacionadas con el gen MC1R, que influye en la producci\u00f3n de melanina, el pigmento que da color a la piel.<\/li>\n<\/ul>\n<p>&nbsp;<\/p>\n<ul>\n<li><strong>Reacci\u00f3n al sol.<\/strong> Las pecas se oscurecen con la exposici\u00f3n al sol debido al aumento de la producci\u00f3n de melanina. En invierno, pueden volverse m\u00e1s claras o incluso desaparecer.<\/li>\n<\/ul>\n<p>&nbsp;<\/p>\n<ul>\n<li><strong>Tipos de pecas.<\/strong> Existen dos tipos principales de pecas. las ef\u00e9lides (las m\u00e1s comunes, peque\u00f1as y planas) y los l\u00e9ntigos (m\u00e1s oscuros y definidos).<\/li>\n<\/ul>\n<p>&nbsp;<\/p>\n<ul>\n<li><strong>No son exclusivas de personas de piel clara.<\/strong> Aunque son m\u00e1s visibles en personas de piel clara, las pecas pueden aparecer en personas de todas las etnias.<\/li>\n<\/ul>\n<p>&nbsp;<\/p>\n<ul>\n<li><strong>Aparici\u00f3n y desaparici\u00f3n.<\/strong> Las pecas suelen aparecer en la infancia y la adolescencia, y pueden disminuir con la edad.<\/li>\n<\/ul>\n<p>&nbsp;<\/p>\n<ul>\n<li><strong>Diferencia con los lunares.<\/strong> A diferencia de los lunares, que son acumulaciones de c\u00e9lulas pigmentadas, las pecas son acumulaciones de pigmento dentro de las c\u00e9lulas.<\/li>\n<\/ul>\n<p>&nbsp;<\/p>\n<ul>\n<li><strong>Mayor riesgo de c\u00e1ncer de piel.<\/strong> Las personas con pecas, especialmente aquellas de piel clara, tienen un mayor riesgo de desarrollar c\u00e1ncer de piel debido a su sensibilidad al sol.<\/li>\n<\/ul>\n\r\n                <style type=\"text\/css\">\r\n                    \r\n                    #tdi_1  .td-doubleSlider-2 .td-item1 {\r\n                        background: url(https:\/\/www.eldiario.net\/portal\/wp-content\/uploads\/2025\/03\/Bio-Protectores-de-las-pecas-80x60.jpg) 0 0 no-repeat;\r\n                    }\r\n                    #tdi_1  .td-doubleSlider-2 .td-item2 {\r\n                        background: url(https:\/\/www.eldiario.net\/portal\/wp-content\/uploads\/2025\/03\/Bio-Reaccion-al-sol-de-las-pecas-80x60.jpg) 0 0 no-repeat;\r\n                    }\r\n                <\/style>\r\n\r\n                <div id=\"tdi_1\" class=\"td-gallery td-slide-on-2-columns\">\r\n                    <div class=\"post_td_gallery\">\r\n                        <div class=\"td-gallery-slide-top\">\r\n                           <div class=\"td-gallery-title\"><\/div>\r\n\r\n                            <div class=\"td-gallery-controls-wrapper\">\r\n                                <div class=\"td-gallery-slide-count\"><span class=\"td-gallery-slide-item-focus\">1<\/span> de 2<\/div>\r\n                                <div class=\"td-gallery-slide-prev-next-but\">\r\n                                    <i class = \"td-icon-left doubleSliderPrevButton\"><\/i>\r\n                                    <i class = \"td-icon-right doubleSliderNextButton\"><\/i>\r\n                                <\/div>\r\n                            <\/div>\r\n                        <\/div>\r\n\r\n                        <div class = \"td-doubleSlider-1 \">\r\n                            <div class = \"td-slider\">\r\n                                \r\n                    <div class = \"td-slide-item td-item1\">\r\n                        <figure class=\"td-slide-galery-figure td-slide-popup-gallery\">\r\n                            <a class=\"slide-gallery-image-link\" href=\"https:\/\/www.eldiario.net\/portal\/wp-content\/uploads\/2025\/03\/Bio-Protectores-de-las-pecas.jpg\" title=\"Bio - Protectores de las pecas\"  data-caption=\"\"  data-description=\"\">\r\n                                <img decoding=\"async\" src=\"https:\/\/www.eldiario.net\/portal\/wp-content\/uploads\/2025\/03\/Bio-Protectores-de-las-pecas-630x420.jpg\" srcset=\"https:\/\/www.eldiario.net\/portal\/wp-content\/uploads\/2025\/03\/Bio-Protectores-de-las-pecas-630x420.jpg 630w, https:\/\/www.eldiario.net\/portal\/wp-content\/uploads\/2025\/03\/Bio-Protectores-de-las-pecas-300x200.jpg 300w, https:\/\/www.eldiario.net\/portal\/wp-content\/uploads\/2025\/03\/Bio-Protectores-de-las-pecas-1024x683.jpg 1024w, https:\/\/www.eldiario.net\/portal\/wp-content\/uploads\/2025\/03\/Bio-Protectores-de-las-pecas-768x512.jpg 768w, https:\/\/www.eldiario.net\/portal\/wp-content\/uploads\/2025\/03\/Bio-Protectores-de-las-pecas-696x464.jpg 696w, https:\/\/www.eldiario.net\/portal\/wp-content\/uploads\/2025\/03\/Bio-Protectores-de-las-pecas-1068x712.jpg 1068w, https:\/\/www.eldiario.net\/portal\/wp-content\/uploads\/2025\/03\/Bio-Protectores-de-las-pecas.jpg 1080w\" sizes=\"(max-width: 630px) 100vw, 630px\" alt=\"\">\r\n                            <\/a>\r\n                            \r\n                        <\/figure>\r\n                    <\/div>\r\n                    <div class = \"td-slide-item td-item2\">\r\n                        <figure class=\"td-slide-galery-figure td-slide-popup-gallery\">\r\n                            <a class=\"slide-gallery-image-link\" href=\"https:\/\/www.eldiario.net\/portal\/wp-content\/uploads\/2025\/03\/Bio-Reaccion-al-sol-de-las-pecas.jpg\" title=\"Bio - Reacci\u00f3n al sol de las pecas\"  data-caption=\"\"  data-description=\"\">\r\n                                <img decoding=\"async\" src=\"https:\/\/www.eldiario.net\/portal\/wp-content\/uploads\/2025\/03\/Bio-Reaccion-al-sol-de-las-pecas-755x420.jpg\" srcset=\"https:\/\/www.eldiario.net\/portal\/wp-content\/uploads\/2025\/03\/Bio-Reaccion-al-sol-de-las-pecas-755x420.jpg 755w, https:\/\/www.eldiario.net\/portal\/wp-content\/uploads\/2025\/03\/Bio-Reaccion-al-sol-de-las-pecas-300x167.jpg 300w, https:\/\/www.eldiario.net\/portal\/wp-content\/uploads\/2025\/03\/Bio-Reaccion-al-sol-de-las-pecas-768x427.jpg 768w, https:\/\/www.eldiario.net\/portal\/wp-content\/uploads\/2025\/03\/Bio-Reaccion-al-sol-de-las-pecas-696x387.jpg 696w, https:\/\/www.eldiario.net\/portal\/wp-content\/uploads\/2025\/03\/Bio-Reaccion-al-sol-de-las-pecas.jpg 800w\" sizes=\"(max-width: 755px) 100vw, 755px\" alt=\"\">\r\n                            <\/a>\r\n                            \r\n                        <\/figure>\r\n                    <\/div>\r\n                            <\/div>\r\n                        <\/div>\r\n\r\n                        <div class = \"td-doubleSlider-2\">\r\n                            <div class = \"td-slider\">\r\n                                \r\n                    <div class = \"td-button td-item1\">\r\n                        <div class = \"td-border\"><\/div>\r\n                    <\/div>\r\n                    <div class = \"td-button td-item2\">\r\n                        <div class = \"td-border\"><\/div>\r\n                    <\/div>\r\n                            <\/div>\r\n                        <\/div>\r\n\r\n                    <\/div>\r\n\r\n                <\/div>\r\n                \n","protected":false},"excerpt":{"rendered":"<p>Por. Equipo editor &nbsp; Recordemos que\u2026 &nbsp; Las pecas son peque\u00f1as manchas planas y redondas de color marr\u00f3n claro u oscuro que aparecen en la piel, especialmente en \u00e1reas expuestas al sol como la cara, los brazos, el pecho y la espalda. Son acumulaciones de melanina, el pigmento que da color a la piel, el [&hellip;]<\/p>\n","protected":false},"author":1,"featured_media":286563,"comment_status":"closed","ping_status":"open","sticky":false,"template":"","format":"standard","meta":{"_acf_changed":false,"footnotes":""},"categories":[43],"tags":[],"class_list":["post-286562","post","type-post","status-publish","format-standard","has-post-thumbnail","category-nuevos-horizontes"],"acf":{"antetitulo":"Segunda Parte"},"yoast_head":"<!-- This site is optimized with the Yoast SEO plugin v28.4 - https:\/\/yoast.com\/product\/yoast-seo-wordpress\/ -->\n<title>Las pecas realidades y mitos - El Diario - Bolivia<\/title>\n<meta name=\"robots\" content=\"index, follow, max-snippet:-1, max-image-preview:large, max-video-preview:-1\" \/>\n<link rel=\"canonical\" href=\"https:\/\/www.eldiario.net\/portal\/2025\/03\/07\/las-pecas-realidades-y-mitos-2\/\" \/>\n<meta property=\"og:locale\" content=\"es_ES\" \/>\n<meta property=\"og:type\" content=\"article\" \/>\n<meta property=\"og:title\" content=\"Las pecas realidades y mitos - El Diario - Bolivia\" \/>\n<meta property=\"og:description\" content=\"Por. Equipo editor &nbsp; Recordemos que\u2026 &nbsp; Las pecas son peque\u00f1as manchas planas y redondas de color marr\u00f3n claro u oscuro que aparecen en la piel, especialmente en \u00e1reas expuestas al sol como la cara, los brazos, el pecho y la espalda. Son acumulaciones de melanina, el pigmento que da color a la piel, el [&hellip;]\" \/>\n<meta property=\"og:url\" content=\"https:\/\/www.eldiario.net\/portal\/2025\/03\/07\/las-pecas-realidades-y-mitos-2\/\" \/>\n<meta property=\"og:site_name\" content=\"El Diario - Bolivia\" \/>\n<meta property=\"article:publisher\" content=\"https:\/\/www.facebook.com\/eldiario.bolivia\/\" \/>\n<meta property=\"article:published_time\" content=\"2025-03-07T10:11:37+00:00\" \/>\n<meta property=\"og:image\" content=\"https:\/\/www.eldiario.net\/portal\/wp-content\/uploads\/2025\/03\/Bio-Protectores-de-las-pecas.jpg\" \/>\n\t<meta property=\"og:image:width\" content=\"1080\" \/>\n\t<meta property=\"og:image:height\" content=\"720\" \/>\n\t<meta property=\"og:image:type\" content=\"image\/jpeg\" \/>\n<meta name=\"author\" content=\"Jeanette\" \/>\n<meta name=\"twitter:card\" content=\"summary_large_image\" \/>\n<meta name=\"twitter:creator\" content=\"@eldiario_net\" \/>\n<meta name=\"twitter:site\" content=\"@eldiario_net\" \/>\n<meta name=\"twitter:label1\" content=\"Escrito por\" \/>\n\t<meta name=\"twitter:data1\" content=\"Jeanette\" \/>\n\t<meta name=\"twitter:label2\" content=\"Tiempo de lectura\" \/>\n\t<meta name=\"twitter:data2\" content=\"3 minutos\" \/>\n<script type=\"application\/ld+json\" class=\"yoast-schema-graph\">{\"@context\":\"https:\\\/\\\/schema.org\",\"@graph\":[{\"@type\":\"Article\",\"@id\":\"https:\\\/\\\/www.eldiario.net\\\/portal\\\/2025\\\/03\\\/07\\\/las-pecas-realidades-y-mitos-2\\\/#article\",\"isPartOf\":{\"@id\":\"https:\\\/\\\/www.eldiario.net\\\/portal\\\/2025\\\/03\\\/07\\\/las-pecas-realidades-y-mitos-2\\\/\"},\"author\":{\"name\":\"Jeanette\",\"@id\":\"https:\\\/\\\/www.eldiario.net\\\/portal\\\/#\\\/schema\\\/person\\\/f46445640444750d7d753ccd04ae01b7\"},\"headline\":\"Las pecas realidades y mitos\",\"datePublished\":\"2025-03-07T10:11:37+00:00\",\"mainEntityOfPage\":{\"@id\":\"https:\\\/\\\/www.eldiario.net\\\/portal\\\/2025\\\/03\\\/07\\\/las-pecas-realidades-y-mitos-2\\\/\"},\"wordCount\":535,\"publisher\":{\"@id\":\"https:\\\/\\\/www.eldiario.net\\\/portal\\\/#organization\"},\"image\":{\"@id\":\"https:\\\/\\\/www.eldiario.net\\\/portal\\\/2025\\\/03\\\/07\\\/las-pecas-realidades-y-mitos-2\\\/#primaryimage\"},\"thumbnailUrl\":\"https:\\\/\\\/www.eldiario.net\\\/portal\\\/wp-content\\\/uploads\\\/2025\\\/03\\\/Bio-Protectores-de-las-pecas.jpg\",\"articleSection\":[\"Nuevos Horizontes\"],\"inLanguage\":\"es\"},{\"@type\":\"WebPage\",\"@id\":\"https:\\\/\\\/www.eldiario.net\\\/portal\\\/2025\\\/03\\\/07\\\/las-pecas-realidades-y-mitos-2\\\/\",\"url\":\"https:\\\/\\\/www.eldiario.net\\\/portal\\\/2025\\\/03\\\/07\\\/las-pecas-realidades-y-mitos-2\\\/\",\"name\":\"Las pecas realidades y mitos - El Diario - Bolivia\",\"isPartOf\":{\"@id\":\"https:\\\/\\\/www.eldiario.net\\\/portal\\\/#website\"},\"primaryImageOfPage\":{\"@id\":\"https:\\\/\\\/www.eldiario.net\\\/portal\\\/2025\\\/03\\\/07\\\/las-pecas-realidades-y-mitos-2\\\/#primaryimage\"},\"image\":{\"@id\":\"https:\\\/\\\/www.eldiario.net\\\/portal\\\/2025\\\/03\\\/07\\\/las-pecas-realidades-y-mitos-2\\\/#primaryimage\"},\"thumbnailUrl\":\"https:\\\/\\\/www.eldiario.net\\\/portal\\\/wp-content\\\/uploads\\\/2025\\\/03\\\/Bio-Protectores-de-las-pecas.jpg\",\"datePublished\":\"2025-03-07T10:11:37+00:00\",\"breadcrumb\":{\"@id\":\"https:\\\/\\\/www.eldiario.net\\\/portal\\\/2025\\\/03\\\/07\\\/las-pecas-realidades-y-mitos-2\\\/#breadcrumb\"},\"inLanguage\":\"es\",\"potentialAction\":[{\"@type\":\"ReadAction\",\"target\":[\"https:\\\/\\\/www.eldiario.net\\\/portal\\\/2025\\\/03\\\/07\\\/las-pecas-realidades-y-mitos-2\\\/\"]}]},{\"@type\":\"ImageObject\",\"inLanguage\":\"es\",\"@id\":\"https:\\\/\\\/www.eldiario.net\\\/portal\\\/2025\\\/03\\\/07\\\/las-pecas-realidades-y-mitos-2\\\/#primaryimage\",\"url\":\"https:\\\/\\\/www.eldiario.net\\\/portal\\\/wp-content\\\/uploads\\\/2025\\\/03\\\/Bio-Protectores-de-las-pecas.jpg\",\"contentUrl\":\"https:\\\/\\\/www.eldiario.net\\\/portal\\\/wp-content\\\/uploads\\\/2025\\\/03\\\/Bio-Protectores-de-las-pecas.jpg\",\"width\":1080,\"height\":720},{\"@type\":\"BreadcrumbList\",\"@id\":\"https:\\\/\\\/www.eldiario.net\\\/portal\\\/2025\\\/03\\\/07\\\/las-pecas-realidades-y-mitos-2\\\/#breadcrumb\",\"itemListElement\":[{\"@type\":\"ListItem\",\"position\":1,\"name\":\"Portada\",\"item\":\"https:\\\/\\\/www.eldiario.net\\\/portal\\\/\"},{\"@type\":\"ListItem\",\"position\":2,\"name\":\"Las pecas realidades y mitos\"}]},{\"@type\":\"WebSite\",\"@id\":\"https:\\\/\\\/www.eldiario.net\\\/portal\\\/#website\",\"url\":\"https:\\\/\\\/www.eldiario.net\\\/portal\\\/\",\"name\":\"El Diario - Decano de la prensa nacional\",\"description\":\"El Diario - Decano de la prensa nacional\",\"publisher\":{\"@id\":\"https:\\\/\\\/www.eldiario.net\\\/portal\\\/#organization\"},\"potentialAction\":[{\"@type\":\"SearchAction\",\"target\":{\"@type\":\"EntryPoint\",\"urlTemplate\":\"https:\\\/\\\/www.eldiario.net\\\/portal\\\/?s={search_term_string}\"},\"query-input\":{\"@type\":\"PropertyValueSpecification\",\"valueRequired\":true,\"valueName\":\"search_term_string\"}}],\"inLanguage\":\"es\"},{\"@type\":\"Organization\",\"@id\":\"https:\\\/\\\/www.eldiario.net\\\/portal\\\/#organization\",\"name\":\"El Diario - Decano de la prensa nacional\",\"url\":\"https:\\\/\\\/www.eldiario.net\\\/portal\\\/\",\"logo\":{\"@type\":\"ImageObject\",\"inLanguage\":\"es\",\"@id\":\"https:\\\/\\\/www.eldiario.net\\\/portal\\\/#\\\/schema\\\/logo\\\/image\\\/\",\"url\":\"https:\\\/\\\/www.eldiario.net\\\/portal\\\/wp-content\\\/uploads\\\/2023\\\/07\\\/logo_ED.jpg\",\"contentUrl\":\"https:\\\/\\\/www.eldiario.net\\\/portal\\\/wp-content\\\/uploads\\\/2023\\\/07\\\/logo_ED.jpg\",\"width\":272,\"height\":52,\"caption\":\"El Diario - Decano de la prensa nacional\"},\"image\":{\"@id\":\"https:\\\/\\\/www.eldiario.net\\\/portal\\\/#\\\/schema\\\/logo\\\/image\\\/\"},\"sameAs\":[\"https:\\\/\\\/www.facebook.com\\\/eldiario.bolivia\\\/\",\"https:\\\/\\\/x.com\\\/eldiario_net\"]},{\"@type\":\"Person\",\"@id\":\"https:\\\/\\\/www.eldiario.net\\\/portal\\\/#\\\/schema\\\/person\\\/f46445640444750d7d753ccd04ae01b7\",\"name\":\"Jeanette\",\"image\":{\"@type\":\"ImageObject\",\"inLanguage\":\"es\",\"@id\":\"https:\\\/\\\/secure.gravatar.com\\\/avatar\\\/3ea2118a5f7dad2b7138b1187a6b7ee55f160b9968b66013c3a3ef39dd7e5798?s=96&d=mm&r=g\",\"url\":\"https:\\\/\\\/secure.gravatar.com\\\/avatar\\\/3ea2118a5f7dad2b7138b1187a6b7ee55f160b9968b66013c3a3ef39dd7e5798?s=96&d=mm&r=g\",\"contentUrl\":\"https:\\\/\\\/secure.gravatar.com\\\/avatar\\\/3ea2118a5f7dad2b7138b1187a6b7ee55f160b9968b66013c3a3ef39dd7e5798?s=96&d=mm&r=g\",\"caption\":\"Jeanette\"},\"sameAs\":[\"https:\\\/\\\/www.eldiario.net\\\/portal\"],\"url\":\"https:\\\/\\\/www.eldiario.net\\\/portal\\\/author\\\/jeanette\\\/\"}]}<\/script>\n<!-- \/ Yoast SEO plugin. -->","yoast_head_json":{"title":"Las pecas realidades y mitos - El Diario - Bolivia","robots":{"index":"index","follow":"follow","max-snippet":"max-snippet:-1","max-image-preview":"max-image-preview:large","max-video-preview":"max-video-preview:-1"},"canonical":"https:\/\/www.eldiario.net\/portal\/2025\/03\/07\/las-pecas-realidades-y-mitos-2\/","og_locale":"es_ES","og_type":"article","og_title":"Las pecas realidades y mitos - El Diario - Bolivia","og_description":"Por. Equipo editor &nbsp; Recordemos que\u2026 &nbsp; Las pecas son peque\u00f1as manchas planas y redondas de color marr\u00f3n claro u oscuro que aparecen en la piel, especialmente en \u00e1reas expuestas al sol como la cara, los brazos, el pecho y la espalda. Son acumulaciones de melanina, el pigmento que da color a la piel, el [&hellip;]","og_url":"https:\/\/www.eldiario.net\/portal\/2025\/03\/07\/las-pecas-realidades-y-mitos-2\/","og_site_name":"El Diario - Bolivia","article_publisher":"https:\/\/www.facebook.com\/eldiario.bolivia\/","article_published_time":"2025-03-07T10:11:37+00:00","og_image":[{"width":1080,"height":720,"url":"https:\/\/www.eldiario.net\/portal\/wp-content\/uploads\/2025\/03\/Bio-Protectores-de-las-pecas.jpg","type":"image\/jpeg"}],"author":"Jeanette","twitter_card":"summary_large_image","twitter_creator":"@eldiario_net","twitter_site":"@eldiario_net","twitter_misc":{"Escrito por":"Jeanette","Tiempo de lectura":"3 minutos"},"schema":{"@context":"https:\/\/schema.org","@graph":[{"@type":"Article","@id":"https:\/\/www.eldiario.net\/portal\/2025\/03\/07\/las-pecas-realidades-y-mitos-2\/#article","isPartOf":{"@id":"https:\/\/www.eldiario.net\/portal\/2025\/03\/07\/las-pecas-realidades-y-mitos-2\/"},"author":{"name":"Jeanette","@id":"https:\/\/www.eldiario.net\/portal\/#\/schema\/person\/f46445640444750d7d753ccd04ae01b7"},"headline":"Las pecas realidades y mitos","datePublished":"2025-03-07T10:11:37+00:00","mainEntityOfPage":{"@id":"https:\/\/www.eldiario.net\/portal\/2025\/03\/07\/las-pecas-realidades-y-mitos-2\/"},"wordCount":535,"publisher":{"@id":"https:\/\/www.eldiario.net\/portal\/#organization"},"image":{"@id":"https:\/\/www.eldiario.net\/portal\/2025\/03\/07\/las-pecas-realidades-y-mitos-2\/#primaryimage"},"thumbnailUrl":"https:\/\/www.eldiario.net\/portal\/wp-content\/uploads\/2025\/03\/Bio-Protectores-de-las-pecas.jpg","articleSection":["Nuevos Horizontes"],"inLanguage":"es"},{"@type":"WebPage","@id":"https:\/\/www.eldiario.net\/portal\/2025\/03\/07\/las-pecas-realidades-y-mitos-2\/","url":"https:\/\/www.eldiario.net\/portal\/2025\/03\/07\/las-pecas-realidades-y-mitos-2\/","name":"Las pecas realidades y mitos - El Diario - Bolivia","isPartOf":{"@id":"https:\/\/www.eldiario.net\/portal\/#website"},"primaryImageOfPage":{"@id":"https:\/\/www.eldiario.net\/portal\/2025\/03\/07\/las-pecas-realidades-y-mitos-2\/#primaryimage"},"image":{"@id":"https:\/\/www.eldiario.net\/portal\/2025\/03\/07\/las-pecas-realidades-y-mitos-2\/#primaryimage"},"thumbnailUrl":"https:\/\/www.eldiario.net\/portal\/wp-content\/uploads\/2025\/03\/Bio-Protectores-de-las-pecas.jpg","datePublished":"2025-03-07T10:11:37+00:00","breadcrumb":{"@id":"https:\/\/www.eldiario.net\/portal\/2025\/03\/07\/las-pecas-realidades-y-mitos-2\/#breadcrumb"},"inLanguage":"es","potentialAction":[{"@type":"ReadAction","target":["https:\/\/www.eldiario.net\/portal\/2025\/03\/07\/las-pecas-realidades-y-mitos-2\/"]}]},{"@type":"ImageObject","inLanguage":"es","@id":"https:\/\/www.eldiario.net\/portal\/2025\/03\/07\/las-pecas-realidades-y-mitos-2\/#primaryimage","url":"https:\/\/www.eldiario.net\/portal\/wp-content\/uploads\/2025\/03\/Bio-Protectores-de-las-pecas.jpg","contentUrl":"https:\/\/www.eldiario.net\/portal\/wp-content\/uploads\/2025\/03\/Bio-Protectores-de-las-pecas.jpg","width":1080,"height":720},{"@type":"BreadcrumbList","@id":"https:\/\/www.eldiario.net\/portal\/2025\/03\/07\/las-pecas-realidades-y-mitos-2\/#breadcrumb","itemListElement":[{"@type":"ListItem","position":1,"name":"Portada","item":"https:\/\/www.eldiario.net\/portal\/"},{"@type":"ListItem","position":2,"name":"Las pecas realidades y mitos"}]},{"@type":"WebSite","@id":"https:\/\/www.eldiario.net\/portal\/#website","url":"https:\/\/www.eldiario.net\/portal\/","name":"El Diario - Decano de la prensa nacional","description":"El Diario - Decano de la prensa nacional","publisher":{"@id":"https:\/\/www.eldiario.net\/portal\/#organization"},"potentialAction":[{"@type":"SearchAction","target":{"@type":"EntryPoint","urlTemplate":"https:\/\/www.eldiario.net\/portal\/?s={search_term_string}"},"query-input":{"@type":"PropertyValueSpecification","valueRequired":true,"valueName":"search_term_string"}}],"inLanguage":"es"},{"@type":"Organization","@id":"https:\/\/www.eldiario.net\/portal\/#organization","name":"El Diario - Decano de la prensa nacional","url":"https:\/\/www.eldiario.net\/portal\/","logo":{"@type":"ImageObject","inLanguage":"es","@id":"https:\/\/www.eldiario.net\/portal\/#\/schema\/logo\/image\/","url":"https:\/\/www.eldiario.net\/portal\/wp-content\/uploads\/2023\/07\/logo_ED.jpg","contentUrl":"https:\/\/www.eldiario.net\/portal\/wp-content\/uploads\/2023\/07\/logo_ED.jpg","width":272,"height":52,"caption":"El Diario - Decano de la prensa nacional"},"image":{"@id":"https:\/\/www.eldiario.net\/portal\/#\/schema\/logo\/image\/"},"sameAs":["https:\/\/www.facebook.com\/eldiario.bolivia\/","https:\/\/x.com\/eldiario_net"]},{"@type":"Person","@id":"https:\/\/www.eldiario.net\/portal\/#\/schema\/person\/f46445640444750d7d753ccd04ae01b7","name":"Jeanette","image":{"@type":"ImageObject","inLanguage":"es","@id":"https:\/\/secure.gravatar.com\/avatar\/3ea2118a5f7dad2b7138b1187a6b7ee55f160b9968b66013c3a3ef39dd7e5798?s=96&d=mm&r=g","url":"https:\/\/secure.gravatar.com\/avatar\/3ea2118a5f7dad2b7138b1187a6b7ee55f160b9968b66013c3a3ef39dd7e5798?s=96&d=mm&r=g","contentUrl":"https:\/\/secure.gravatar.com\/avatar\/3ea2118a5f7dad2b7138b1187a6b7ee55f160b9968b66013c3a3ef39dd7e5798?s=96&d=mm&r=g","caption":"Jeanette"},"sameAs":["https:\/\/www.eldiario.net\/portal"],"url":"https:\/\/www.eldiario.net\/portal\/author\/jeanette\/"}]}},"_links":{"self":[{"href":"https:\/\/www.eldiario.net\/portal\/wp-json\/wp\/v2\/posts\/286562","targetHints":{"allow":["GET"]}}],"collection":[{"href":"https:\/\/www.eldiario.net\/portal\/wp-json\/wp\/v2\/posts"}],"about":[{"href":"https:\/\/www.eldiario.net\/portal\/wp-json\/wp\/v2\/types\/post"}],"author":[{"embeddable":true,"href":"https:\/\/www.eldiario.net\/portal\/wp-json\/wp\/v2\/users\/1"}],"replies":[{"embeddable":true,"href":"https:\/\/www.eldiario.net\/portal\/wp-json\/wp\/v2\/comments?post=286562"}],"version-history":[{"count":1,"href":"https:\/\/www.eldiario.net\/portal\/wp-json\/wp\/v2\/posts\/286562\/revisions"}],"predecessor-version":[{"id":286565,"href":"https:\/\/www.eldiario.net\/portal\/wp-json\/wp\/v2\/posts\/286562\/revisions\/286565"}],"wp:featuredmedia":[{"embeddable":true,"href":"https:\/\/www.eldiario.net\/portal\/wp-json\/wp\/v2\/media\/286563"}],"wp:attachment":[{"href":"https:\/\/www.eldiario.net\/portal\/wp-json\/wp\/v2\/media?parent=286562"}],"wp:term":[{"taxonomy":"category","embeddable":true,"href":"https:\/\/www.eldiario.net\/portal\/wp-json\/wp\/v2\/categories?post=286562"},{"taxonomy":"post_tag","embeddable":true,"href":"https:\/\/www.eldiario.net\/portal\/wp-json\/wp\/v2\/tags?post=286562"}],"curies":[{"name":"wp","href":"https:\/\/api.w.org\/{rel}","templated":true}]}}