{"id":286549,"date":"2025-03-07T06:10:44","date_gmt":"2025-03-07T10:10:44","guid":{"rendered":"https:\/\/www.eldiario.net\/portal\/?p=286549"},"modified":"2025-03-07T06:10:44","modified_gmt":"2025-03-07T10:10:44","slug":"expert-color-y-latex-la-formula-perfecta-de-monopol","status":"publish","type":"post","link":"https:\/\/www.eldiario.net\/portal\/2025\/03\/07\/expert-color-y-latex-la-formula-perfecta-de-monopol\/","title":{"rendered":"Expert Color y L\u00e1tex, la f\u00f3rmula perfecta de Monopol"},"content":{"rendered":"<p>En un movimiento estrat\u00e9gico para consolidar su posici\u00f3n en el mercado de pinturas, Monopol inaugur\u00f3 su nueva tienda de experiencia Expert Color, un espacio interactivo, donde los clientes pueden aprender, experimentar y personalizar sus proyectos, con m\u00e1s de 6.000 colores de pinturas.<br \/>\nAdem\u00e1s, los apasionados de la decoraci\u00f3n tienen a mano la nueva formulaci\u00f3n L\u00e1tex Expert, un producto f\u00e1cil de usar, que est\u00e1 pensado, desde el dise\u00f1o del envase, para que el usuario obtenga resultados profesionales a\u00fan si es un pintor aficionado.<br \/>\n\u00abEn el coraz\u00f3n de Expert Color est\u00e1 su enfoque en la experiencia para el cliente. Desde la elecci\u00f3n de un color especial, hasta el producto preciso para cualquier tipo de aplicaci\u00f3n, cada persona que visite el espacio de ventas recibir\u00e1 asesoramiento personalizado y tendr\u00e1 acceso a recursos interactivos con el uso de inteligencia artificial\u00bb, explic\u00f3 Marcos L\u00f3pez, gerente de L\u00edneas Representadas y Especialidades de Monopol.<\/p>\n\r\n                <style type=\"text\/css\">\r\n                    \r\n                    #tdi_1  .td-doubleSlider-2 .td-item1 {\r\n                        background: url(https:\/\/www.eldiario.net\/portal\/wp-content\/uploads\/2025\/03\/IMG_0613-80x60.jpg) 0 0 no-repeat;\r\n                    }\r\n                    #tdi_1  .td-doubleSlider-2 .td-item2 {\r\n                        background: url(https:\/\/www.eldiario.net\/portal\/wp-content\/uploads\/2025\/03\/IMG_0616-80x60.jpg) 0 0 no-repeat;\r\n                    }\r\n                    #tdi_1  .td-doubleSlider-2 .td-item3 {\r\n                        background: url(https:\/\/www.eldiario.net\/portal\/wp-content\/uploads\/2025\/03\/IMG_0623-80x60.jpg) 0 0 no-repeat;\r\n                    }\r\n                    #tdi_1  .td-doubleSlider-2 .td-item4 {\r\n                        background: url(https:\/\/www.eldiario.net\/portal\/wp-content\/uploads\/2025\/03\/IMG_0627-80x60.jpg) 0 0 no-repeat;\r\n                    }\r\n                    #tdi_1  .td-doubleSlider-2 .td-item5 {\r\n                        background: url(https:\/\/www.eldiario.net\/portal\/wp-content\/uploads\/2025\/03\/IMG_0556-80x60.jpg) 0 0 no-repeat;\r\n                    }\r\n                    #tdi_1  .td-doubleSlider-2 .td-item6 {\r\n                        background: url(https:\/\/www.eldiario.net\/portal\/wp-content\/uploads\/2025\/03\/IMG_0568-80x60.jpg) 0 0 no-repeat;\r\n                    }\r\n                    #tdi_1  .td-doubleSlider-2 .td-item7 {\r\n                        background: url(https:\/\/www.eldiario.net\/portal\/wp-content\/uploads\/2025\/03\/IMG_0584-80x60.jpg) 0 0 no-repeat;\r\n                    }\r\n                    #tdi_1  .td-doubleSlider-2 .td-item8 {\r\n                        background: url(https:\/\/www.eldiario.net\/portal\/wp-content\/uploads\/2025\/03\/IMG_0590-80x60.jpg) 0 0 no-repeat;\r\n                    }\r\n                    #tdi_1  .td-doubleSlider-2 .td-item9 {\r\n                        background: url(https:\/\/www.eldiario.net\/portal\/wp-content\/uploads\/2025\/03\/IMG_0598-80x60.jpg) 0 0 no-repeat;\r\n                    }\r\n                    #tdi_1  .td-doubleSlider-2 .td-item10 {\r\n                        background: url(https:\/\/www.eldiario.net\/portal\/wp-content\/uploads\/2025\/03\/IMG_0602-80x60.jpg) 0 0 no-repeat;\r\n                    }\r\n                    #tdi_1  .td-doubleSlider-2 .td-item11 {\r\n                        background: url(https:\/\/www.eldiario.net\/portal\/wp-content\/uploads\/2025\/03\/IMG_0607-80x60.jpg) 0 0 no-repeat;\r\n                    }\r\n                <\/style>\r\n\r\n                <div id=\"tdi_1\" class=\"td-gallery td-slide-on-2-columns\">\r\n                    <div class=\"post_td_gallery\">\r\n                        <div class=\"td-gallery-slide-top\">\r\n                           <div class=\"td-gallery-title\"><\/div>\r\n\r\n                            <div class=\"td-gallery-controls-wrapper\">\r\n                                <div class=\"td-gallery-slide-count\"><span class=\"td-gallery-slide-item-focus\">1<\/span> de 11<\/div>\r\n                                <div class=\"td-gallery-slide-prev-next-but\">\r\n                                    <i class = \"td-icon-left doubleSliderPrevButton\"><\/i>\r\n                                    <i class = \"td-icon-right doubleSliderNextButton\"><\/i>\r\n                                <\/div>\r\n                            <\/div>\r\n                        <\/div>\r\n\r\n                        <div class = \"td-doubleSlider-1 \">\r\n                            <div class = \"td-slider\">\r\n                                \r\n                    <div class = \"td-slide-item td-item1\">\r\n                        <figure class=\"td-slide-galery-figure td-slide-popup-gallery\">\r\n                            <a class=\"slide-gallery-image-link\" href=\"https:\/\/www.eldiario.net\/portal\/wp-content\/uploads\/2025\/03\/IMG_0613.jpg\" title=\"IMG_0613\"  data-caption=\"LIZETH  MENDOZA, JEFE DE MARCA, Y ZOAR DAZA.\"  data-description=\"\">\r\n                                <img decoding=\"async\" src=\"https:\/\/www.eldiario.net\/portal\/wp-content\/uploads\/2025\/03\/IMG_0613-280x420.jpg\" srcset=\"https:\/\/www.eldiario.net\/portal\/wp-content\/uploads\/2025\/03\/IMG_0613-280x420.jpg 280w, https:\/\/www.eldiario.net\/portal\/wp-content\/uploads\/2025\/03\/IMG_0613-200x300.jpg 200w, https:\/\/www.eldiario.net\/portal\/wp-content\/uploads\/2025\/03\/IMG_0613-683x1024.jpg 683w, https:\/\/www.eldiario.net\/portal\/wp-content\/uploads\/2025\/03\/IMG_0613-768x1152.jpg 768w, https:\/\/www.eldiario.net\/portal\/wp-content\/uploads\/2025\/03\/IMG_0613-1024x1536.jpg 1024w, https:\/\/www.eldiario.net\/portal\/wp-content\/uploads\/2025\/03\/IMG_0613-696x1044.jpg 696w, https:\/\/www.eldiario.net\/portal\/wp-content\/uploads\/2025\/03\/IMG_0613-1068x1602.jpg 1068w, https:\/\/www.eldiario.net\/portal\/wp-content\/uploads\/2025\/03\/IMG_0613.jpg 1200w\" sizes=\"(max-width: 280px) 100vw, 280px\" alt=\"\">\r\n                            <\/a>\r\n                            <figcaption class = \"td-slide-caption td-gallery-slide-content\"><div class = \"td-gallery-slide-copywrite\">LIZETH  MENDOZA, JEFE DE MARCA, Y ZOAR DAZA.<\/div><\/figcaption>\r\n                        <\/figure>\r\n                    <\/div>\r\n                    <div class = \"td-slide-item td-item2\">\r\n                        <figure class=\"td-slide-galery-figure td-slide-popup-gallery\">\r\n                            <a class=\"slide-gallery-image-link\" href=\"https:\/\/www.eldiario.net\/portal\/wp-content\/uploads\/2025\/03\/IMG_0616.jpg\" title=\"IMG_0616\"  data-caption=\"FABIOLA  ESC\u00d3BAR Y  M\u00d3NICA  LARRAZ\u00c1BAL.\"  data-description=\"\">\r\n                                <img decoding=\"async\" src=\"https:\/\/www.eldiario.net\/portal\/wp-content\/uploads\/2025\/03\/IMG_0616-630x420.jpg\" srcset=\"https:\/\/www.eldiario.net\/portal\/wp-content\/uploads\/2025\/03\/IMG_0616-630x420.jpg 630w, https:\/\/www.eldiario.net\/portal\/wp-content\/uploads\/2025\/03\/IMG_0616-300x200.jpg 300w, https:\/\/www.eldiario.net\/portal\/wp-content\/uploads\/2025\/03\/IMG_0616-1024x683.jpg 1024w, https:\/\/www.eldiario.net\/portal\/wp-content\/uploads\/2025\/03\/IMG_0616-768x512.jpg 768w, https:\/\/www.eldiario.net\/portal\/wp-content\/uploads\/2025\/03\/IMG_0616-696x464.jpg 696w, https:\/\/www.eldiario.net\/portal\/wp-content\/uploads\/2025\/03\/IMG_0616-1068x712.jpg 1068w, https:\/\/www.eldiario.net\/portal\/wp-content\/uploads\/2025\/03\/IMG_0616.jpg 1200w\" sizes=\"(max-width: 630px) 100vw, 630px\" alt=\"\">\r\n                            <\/a>\r\n                            <figcaption class = \"td-slide-caption td-gallery-slide-content\"><div class = \"td-gallery-slide-copywrite\">FABIOLA  ESC\u00d3BAR Y  M\u00d3NICA  LARRAZ\u00c1BAL.<\/div><\/figcaption>\r\n                        <\/figure>\r\n                    <\/div>\r\n                    <div class = \"td-slide-item td-item3\">\r\n                        <figure class=\"td-slide-galery-figure td-slide-popup-gallery\">\r\n                            <a class=\"slide-gallery-image-link\" href=\"https:\/\/www.eldiario.net\/portal\/wp-content\/uploads\/2025\/03\/IMG_0623.jpg\" title=\"IMG_0623\"  data-caption=\"CLAUDIA AGUILAR, WENDY LAURA Y MARCELO  AGUILAR.\"  data-description=\"\">\r\n                                <img decoding=\"async\" src=\"https:\/\/www.eldiario.net\/portal\/wp-content\/uploads\/2025\/03\/IMG_0623-630x420.jpg\" srcset=\"https:\/\/www.eldiario.net\/portal\/wp-content\/uploads\/2025\/03\/IMG_0623-630x420.jpg 630w, https:\/\/www.eldiario.net\/portal\/wp-content\/uploads\/2025\/03\/IMG_0623-300x200.jpg 300w, https:\/\/www.eldiario.net\/portal\/wp-content\/uploads\/2025\/03\/IMG_0623-1024x683.jpg 1024w, https:\/\/www.eldiario.net\/portal\/wp-content\/uploads\/2025\/03\/IMG_0623-768x512.jpg 768w, https:\/\/www.eldiario.net\/portal\/wp-content\/uploads\/2025\/03\/IMG_0623-696x464.jpg 696w, https:\/\/www.eldiario.net\/portal\/wp-content\/uploads\/2025\/03\/IMG_0623-1068x712.jpg 1068w, https:\/\/www.eldiario.net\/portal\/wp-content\/uploads\/2025\/03\/IMG_0623.jpg 1200w\" sizes=\"(max-width: 630px) 100vw, 630px\" alt=\"\">\r\n                            <\/a>\r\n                            <figcaption class = \"td-slide-caption td-gallery-slide-content\"><div class = \"td-gallery-slide-copywrite\">CLAUDIA AGUILAR, WENDY LAURA Y MARCELO  AGUILAR.<\/div><\/figcaption>\r\n                        <\/figure>\r\n                    <\/div>\r\n                    <div class = \"td-slide-item td-item4\">\r\n                        <figure class=\"td-slide-galery-figure td-slide-popup-gallery\">\r\n                            <a class=\"slide-gallery-image-link\" href=\"https:\/\/www.eldiario.net\/portal\/wp-content\/uploads\/2025\/03\/IMG_0627.jpg\" title=\"IMG_0627\"  data-caption=\"SERGIO MORAES, JEFE DE  PRODUCCI\u00d3N; FABIOLA ESC\u00d3BAR, JEFE DE  IMPORTACIONES; MAYTE LOZA, ENC. CONTROL DE CALIDAD, Y DAR\u00cdO CABRERA, JEFE DE COMPRAS.\"  data-description=\"\">\r\n                                <img decoding=\"async\" src=\"https:\/\/www.eldiario.net\/portal\/wp-content\/uploads\/2025\/03\/IMG_0627-630x420.jpg\" srcset=\"https:\/\/www.eldiario.net\/portal\/wp-content\/uploads\/2025\/03\/IMG_0627-630x420.jpg 630w, https:\/\/www.eldiario.net\/portal\/wp-content\/uploads\/2025\/03\/IMG_0627-300x200.jpg 300w, https:\/\/www.eldiario.net\/portal\/wp-content\/uploads\/2025\/03\/IMG_0627-1024x683.jpg 1024w, https:\/\/www.eldiario.net\/portal\/wp-content\/uploads\/2025\/03\/IMG_0627-768x512.jpg 768w, https:\/\/www.eldiario.net\/portal\/wp-content\/uploads\/2025\/03\/IMG_0627-696x464.jpg 696w, https:\/\/www.eldiario.net\/portal\/wp-content\/uploads\/2025\/03\/IMG_0627-1068x712.jpg 1068w, https:\/\/www.eldiario.net\/portal\/wp-content\/uploads\/2025\/03\/IMG_0627.jpg 1200w\" sizes=\"(max-width: 630px) 100vw, 630px\" alt=\"\">\r\n                            <\/a>\r\n                            <figcaption class = \"td-slide-caption td-gallery-slide-content\"><div class = \"td-gallery-slide-copywrite\">SERGIO MORAES, JEFE DE  PRODUCCI\u00d3N; FABIOLA ESC\u00d3BAR, JEFE DE  IMPORTACIONES; MAYTE LOZA, ENC. CONTROL DE CALIDAD, Y DAR\u00cdO CABRERA, JEFE DE COMPRAS.<\/div><\/figcaption>\r\n                        <\/figure>\r\n                    <\/div>\r\n                    <div class = \"td-slide-item td-item5\">\r\n                        <figure class=\"td-slide-galery-figure td-slide-popup-gallery\">\r\n                            <a class=\"slide-gallery-image-link\" href=\"https:\/\/www.eldiario.net\/portal\/wp-content\/uploads\/2025\/03\/IMG_0556.jpg\" title=\"IMG_0556\"  data-caption=\"EL ARTE DE PINTAR A CIELO ABIERTO.\"  data-description=\"\">\r\n                                <img decoding=\"async\" src=\"https:\/\/www.eldiario.net\/portal\/wp-content\/uploads\/2025\/03\/IMG_0556-630x420.jpg\" srcset=\"https:\/\/www.eldiario.net\/portal\/wp-content\/uploads\/2025\/03\/IMG_0556-630x420.jpg 630w, https:\/\/www.eldiario.net\/portal\/wp-content\/uploads\/2025\/03\/IMG_0556-300x200.jpg 300w, https:\/\/www.eldiario.net\/portal\/wp-content\/uploads\/2025\/03\/IMG_0556-1024x683.jpg 1024w, https:\/\/www.eldiario.net\/portal\/wp-content\/uploads\/2025\/03\/IMG_0556-768x512.jpg 768w, https:\/\/www.eldiario.net\/portal\/wp-content\/uploads\/2025\/03\/IMG_0556-696x464.jpg 696w, https:\/\/www.eldiario.net\/portal\/wp-content\/uploads\/2025\/03\/IMG_0556-1068x712.jpg 1068w, https:\/\/www.eldiario.net\/portal\/wp-content\/uploads\/2025\/03\/IMG_0556.jpg 1200w\" sizes=\"(max-width: 630px) 100vw, 630px\" alt=\"\">\r\n                            <\/a>\r\n                            <figcaption class = \"td-slide-caption td-gallery-slide-content\"><div class = \"td-gallery-slide-copywrite\">EL ARTE DE PINTAR A CIELO ABIERTO.<\/div><\/figcaption>\r\n                        <\/figure>\r\n                    <\/div>\r\n                    <div class = \"td-slide-item td-item6\">\r\n                        <figure class=\"td-slide-galery-figure td-slide-popup-gallery\">\r\n                            <a class=\"slide-gallery-image-link\" href=\"https:\/\/www.eldiario.net\/portal\/wp-content\/uploads\/2025\/03\/IMG_0568.jpg\" title=\"IMG_0568\"  data-caption=\"MARCOS L\u00d3PEZ.  GEREMTE DE  L\u00cdNEAS  REPRESENTADAS Y ESPECIALIDADES DE MONOPOL.\"  data-description=\"\">\r\n                                <img decoding=\"async\" src=\"https:\/\/www.eldiario.net\/portal\/wp-content\/uploads\/2025\/03\/IMG_0568-630x420.jpg\" srcset=\"https:\/\/www.eldiario.net\/portal\/wp-content\/uploads\/2025\/03\/IMG_0568-630x420.jpg 630w, https:\/\/www.eldiario.net\/portal\/wp-content\/uploads\/2025\/03\/IMG_0568-300x200.jpg 300w, https:\/\/www.eldiario.net\/portal\/wp-content\/uploads\/2025\/03\/IMG_0568-1024x683.jpg 1024w, https:\/\/www.eldiario.net\/portal\/wp-content\/uploads\/2025\/03\/IMG_0568-768x512.jpg 768w, https:\/\/www.eldiario.net\/portal\/wp-content\/uploads\/2025\/03\/IMG_0568-696x464.jpg 696w, https:\/\/www.eldiario.net\/portal\/wp-content\/uploads\/2025\/03\/IMG_0568-1068x712.jpg 1068w, https:\/\/www.eldiario.net\/portal\/wp-content\/uploads\/2025\/03\/IMG_0568.jpg 1200w\" sizes=\"(max-width: 630px) 100vw, 630px\" alt=\"\">\r\n                            <\/a>\r\n                            <figcaption class = \"td-slide-caption td-gallery-slide-content\"><div class = \"td-gallery-slide-copywrite\">MARCOS L\u00d3PEZ.  GEREMTE DE  L\u00cdNEAS  REPRESENTADAS Y ESPECIALIDADES DE MONOPOL.<\/div><\/figcaption>\r\n                        <\/figure>\r\n                    <\/div>\r\n                    <div class = \"td-slide-item td-item7\">\r\n                        <figure class=\"td-slide-galery-figure td-slide-popup-gallery\">\r\n                            <a class=\"slide-gallery-image-link\" href=\"https:\/\/www.eldiario.net\/portal\/wp-content\/uploads\/2025\/03\/IMG_0584.jpg\" title=\"IMG_0584\"  data-caption=\"REN\u00c9 SALINAS, GERENTE DE  OPERACIONES DE MONOPOL.\"  data-description=\"\">\r\n                                <img decoding=\"async\" src=\"https:\/\/www.eldiario.net\/portal\/wp-content\/uploads\/2025\/03\/IMG_0584-630x420.jpg\" srcset=\"https:\/\/www.eldiario.net\/portal\/wp-content\/uploads\/2025\/03\/IMG_0584-630x420.jpg 630w, https:\/\/www.eldiario.net\/portal\/wp-content\/uploads\/2025\/03\/IMG_0584-300x200.jpg 300w, https:\/\/www.eldiario.net\/portal\/wp-content\/uploads\/2025\/03\/IMG_0584-1024x683.jpg 1024w, https:\/\/www.eldiario.net\/portal\/wp-content\/uploads\/2025\/03\/IMG_0584-768x512.jpg 768w, https:\/\/www.eldiario.net\/portal\/wp-content\/uploads\/2025\/03\/IMG_0584-696x464.jpg 696w, https:\/\/www.eldiario.net\/portal\/wp-content\/uploads\/2025\/03\/IMG_0584-1068x712.jpg 1068w, https:\/\/www.eldiario.net\/portal\/wp-content\/uploads\/2025\/03\/IMG_0584.jpg 1200w\" sizes=\"(max-width: 630px) 100vw, 630px\" alt=\"\">\r\n                            <\/a>\r\n                            <figcaption class = \"td-slide-caption td-gallery-slide-content\"><div class = \"td-gallery-slide-copywrite\">REN\u00c9 SALINAS, GERENTE DE  OPERACIONES DE MONOPOL.<\/div><\/figcaption>\r\n                        <\/figure>\r\n                    <\/div>\r\n                    <div class = \"td-slide-item td-item8\">\r\n                        <figure class=\"td-slide-galery-figure td-slide-popup-gallery\">\r\n                            <a class=\"slide-gallery-image-link\" href=\"https:\/\/www.eldiario.net\/portal\/wp-content\/uploads\/2025\/03\/IMG_0590.jpg\" title=\"IMG_0590\"  data-caption=\"CORAL GARC\u00cdA, CLAUDIA MILL\u00c1N, DEBORAH L\u00d3PEZ, JENNY LAFUENTE, XIMENA ITURRI, KARLA LE\u00d3N Y SCARLETH MONTOYA.\"  data-description=\"\">\r\n                                <img decoding=\"async\" src=\"https:\/\/www.eldiario.net\/portal\/wp-content\/uploads\/2025\/03\/IMG_0590-630x420.jpg\" srcset=\"https:\/\/www.eldiario.net\/portal\/wp-content\/uploads\/2025\/03\/IMG_0590-630x420.jpg 630w, https:\/\/www.eldiario.net\/portal\/wp-content\/uploads\/2025\/03\/IMG_0590-300x200.jpg 300w, https:\/\/www.eldiario.net\/portal\/wp-content\/uploads\/2025\/03\/IMG_0590-1024x683.jpg 1024w, https:\/\/www.eldiario.net\/portal\/wp-content\/uploads\/2025\/03\/IMG_0590-768x512.jpg 768w, https:\/\/www.eldiario.net\/portal\/wp-content\/uploads\/2025\/03\/IMG_0590-696x464.jpg 696w, https:\/\/www.eldiario.net\/portal\/wp-content\/uploads\/2025\/03\/IMG_0590-1068x712.jpg 1068w, https:\/\/www.eldiario.net\/portal\/wp-content\/uploads\/2025\/03\/IMG_0590.jpg 1200w\" sizes=\"(max-width: 630px) 100vw, 630px\" alt=\"\">\r\n                            <\/a>\r\n                            <figcaption class = \"td-slide-caption td-gallery-slide-content\"><div class = \"td-gallery-slide-copywrite\">CORAL GARC\u00cdA, CLAUDIA MILL\u00c1N, DEBORAH L\u00d3PEZ, JENNY LAFUENTE, XIMENA ITURRI, KARLA LE\u00d3N Y SCARLETH MONTOYA.<\/div><\/figcaption>\r\n                        <\/figure>\r\n                    <\/div>\r\n                    <div class = \"td-slide-item td-item9\">\r\n                        <figure class=\"td-slide-galery-figure td-slide-popup-gallery\">\r\n                            <a class=\"slide-gallery-image-link\" href=\"https:\/\/www.eldiario.net\/portal\/wp-content\/uploads\/2025\/03\/IMG_0598.jpg\" title=\"IMG_0598\"  data-caption=\"XIMENA ITURRI, SCARLETH MONTOYA, DEBORAH L\u00d3PEZ, KARLA LE\u00d3N, CAROL GARC\u00cdA Y WILLY PAZ.\"  data-description=\"\">\r\n                                <img decoding=\"async\" src=\"https:\/\/www.eldiario.net\/portal\/wp-content\/uploads\/2025\/03\/IMG_0598-630x420.jpg\" srcset=\"https:\/\/www.eldiario.net\/portal\/wp-content\/uploads\/2025\/03\/IMG_0598-630x420.jpg 630w, https:\/\/www.eldiario.net\/portal\/wp-content\/uploads\/2025\/03\/IMG_0598-300x200.jpg 300w, https:\/\/www.eldiario.net\/portal\/wp-content\/uploads\/2025\/03\/IMG_0598-1024x683.jpg 1024w, https:\/\/www.eldiario.net\/portal\/wp-content\/uploads\/2025\/03\/IMG_0598-768x512.jpg 768w, https:\/\/www.eldiario.net\/portal\/wp-content\/uploads\/2025\/03\/IMG_0598-696x464.jpg 696w, https:\/\/www.eldiario.net\/portal\/wp-content\/uploads\/2025\/03\/IMG_0598-1068x712.jpg 1068w, https:\/\/www.eldiario.net\/portal\/wp-content\/uploads\/2025\/03\/IMG_0598.jpg 1200w\" sizes=\"(max-width: 630px) 100vw, 630px\" alt=\"\">\r\n                            <\/a>\r\n                            <figcaption class = \"td-slide-caption td-gallery-slide-content\"><div class = \"td-gallery-slide-copywrite\">XIMENA ITURRI, SCARLETH MONTOYA, DEBORAH L\u00d3PEZ, KARLA LE\u00d3N, CAROL GARC\u00cdA Y WILLY PAZ.<\/div><\/figcaption>\r\n                        <\/figure>\r\n                    <\/div>\r\n                    <div class = \"td-slide-item td-item10\">\r\n                        <figure class=\"td-slide-galery-figure td-slide-popup-gallery\">\r\n                            <a class=\"slide-gallery-image-link\" href=\"https:\/\/www.eldiario.net\/portal\/wp-content\/uploads\/2025\/03\/IMG_0602.jpg\" title=\"IMG_0602\"  data-caption=\"SANTIAGO CHAMBI, RENATO MONTA\u00d1O, KARLA LEON, WILLY PAZ Y CLAUDIA MILL\u00c1N.\"  data-description=\"\">\r\n                                <img decoding=\"async\" src=\"https:\/\/www.eldiario.net\/portal\/wp-content\/uploads\/2025\/03\/IMG_0602-630x420.jpg\" srcset=\"https:\/\/www.eldiario.net\/portal\/wp-content\/uploads\/2025\/03\/IMG_0602-630x420.jpg 630w, https:\/\/www.eldiario.net\/portal\/wp-content\/uploads\/2025\/03\/IMG_0602-300x200.jpg 300w, https:\/\/www.eldiario.net\/portal\/wp-content\/uploads\/2025\/03\/IMG_0602-1024x683.jpg 1024w, https:\/\/www.eldiario.net\/portal\/wp-content\/uploads\/2025\/03\/IMG_0602-768x512.jpg 768w, https:\/\/www.eldiario.net\/portal\/wp-content\/uploads\/2025\/03\/IMG_0602-696x464.jpg 696w, https:\/\/www.eldiario.net\/portal\/wp-content\/uploads\/2025\/03\/IMG_0602-1068x712.jpg 1068w, https:\/\/www.eldiario.net\/portal\/wp-content\/uploads\/2025\/03\/IMG_0602.jpg 1200w\" sizes=\"(max-width: 630px) 100vw, 630px\" alt=\"\">\r\n                            <\/a>\r\n                            <figcaption class = \"td-slide-caption td-gallery-slide-content\"><div class = \"td-gallery-slide-copywrite\">SANTIAGO CHAMBI, RENATO MONTA\u00d1O, KARLA LEON, WILLY PAZ Y CLAUDIA MILL\u00c1N.<\/div><\/figcaption>\r\n                        <\/figure>\r\n                    <\/div>\r\n                    <div class = \"td-slide-item td-item11\">\r\n                        <figure class=\"td-slide-galery-figure td-slide-popup-gallery\">\r\n                            <a class=\"slide-gallery-image-link\" href=\"https:\/\/www.eldiario.net\/portal\/wp-content\/uploads\/2025\/03\/IMG_0607.jpg\" title=\"IMG_0607\"  data-caption=\"SERGIO MORAES, REN\u00c9 SALINAS, MARCOS L\u00d3PEZ, JORGE INOFUENTES\"  data-description=\"\">\r\n                                <img decoding=\"async\" src=\"https:\/\/www.eldiario.net\/portal\/wp-content\/uploads\/2025\/03\/IMG_0607-630x420.jpg\" srcset=\"https:\/\/www.eldiario.net\/portal\/wp-content\/uploads\/2025\/03\/IMG_0607-630x420.jpg 630w, https:\/\/www.eldiario.net\/portal\/wp-content\/uploads\/2025\/03\/IMG_0607-300x200.jpg 300w, https:\/\/www.eldiario.net\/portal\/wp-content\/uploads\/2025\/03\/IMG_0607-1024x683.jpg 1024w, https:\/\/www.eldiario.net\/portal\/wp-content\/uploads\/2025\/03\/IMG_0607-768x512.jpg 768w, https:\/\/www.eldiario.net\/portal\/wp-content\/uploads\/2025\/03\/IMG_0607-696x464.jpg 696w, https:\/\/www.eldiario.net\/portal\/wp-content\/uploads\/2025\/03\/IMG_0607-1068x712.jpg 1068w, https:\/\/www.eldiario.net\/portal\/wp-content\/uploads\/2025\/03\/IMG_0607.jpg 1200w\" sizes=\"(max-width: 630px) 100vw, 630px\" alt=\"\">\r\n                            <\/a>\r\n                            <figcaption class = \"td-slide-caption td-gallery-slide-content\"><div class = \"td-gallery-slide-copywrite\">SERGIO MORAES, REN\u00c9 SALINAS, MARCOS L\u00d3PEZ, JORGE INOFUENTES<\/div><\/figcaption>\r\n                        <\/figure>\r\n                    <\/div>\r\n                            <\/div>\r\n                        <\/div>\r\n\r\n                        <div class = \"td-doubleSlider-2\">\r\n                            <div class = \"td-slider\">\r\n                                \r\n                    <div class = \"td-button td-item1\">\r\n                        <div class = \"td-border\"><\/div>\r\n                    <\/div>\r\n                    <div class = \"td-button td-item2\">\r\n                        <div class = \"td-border\"><\/div>\r\n                    <\/div>\r\n                    <div class = \"td-button td-item3\">\r\n                        <div class = \"td-border\"><\/div>\r\n                    <\/div>\r\n                    <div class = \"td-button td-item4\">\r\n                        <div class = \"td-border\"><\/div>\r\n                    <\/div>\r\n                    <div class = \"td-button td-item5\">\r\n                        <div class = \"td-border\"><\/div>\r\n                    <\/div>\r\n                    <div class = \"td-button td-item6\">\r\n                        <div class = \"td-border\"><\/div>\r\n                    <\/div>\r\n                    <div class = \"td-button td-item7\">\r\n                        <div class = \"td-border\"><\/div>\r\n                    <\/div>\r\n                    <div class = \"td-button td-item8\">\r\n                        <div class = \"td-border\"><\/div>\r\n                    <\/div>\r\n                    <div class = \"td-button td-item9\">\r\n                        <div class = \"td-border\"><\/div>\r\n                    <\/div>\r\n                    <div class = \"td-button td-item10\">\r\n                        <div class = \"td-border\"><\/div>\r\n                    <\/div>\r\n                    <div class = \"td-button td-item11\">\r\n                        <div class = \"td-border\"><\/div>\r\n                    <\/div>\r\n                            <\/div>\r\n                        <\/div>\r\n\r\n                    <\/div>\r\n\r\n                <\/div>\r\n                \n","protected":false},"excerpt":{"rendered":"<p>En un movimiento estrat\u00e9gico para consolidar su posici\u00f3n en el mercado de pinturas, Monopol inaugur\u00f3 su nueva tienda de experiencia Expert Color, un espacio interactivo, donde los clientes pueden aprender, experimentar y personalizar sus proyectos, con m\u00e1s de 6.000 colores de pinturas. Adem\u00e1s, los apasionados de la decoraci\u00f3n tienen a mano la nueva formulaci\u00f3n L\u00e1tex [&hellip;]<\/p>\n","protected":false},"author":1,"featured_media":286560,"comment_status":"closed","ping_status":"open","sticky":false,"template":"","format":"standard","meta":{"_acf_changed":false,"footnotes":""},"categories":[40],"tags":[],"class_list":["post-286549","post","type-post","status-publish","format-standard","has-post-thumbnail","category-sociales"],"acf":{"antetitulo":""},"yoast_head":"<!-- This site is optimized with the Yoast SEO plugin v28.4 - https:\/\/yoast.com\/product\/yoast-seo-wordpress\/ -->\n<title>Expert Color y L\u00e1tex, la f\u00f3rmula perfecta de Monopol - El Diario - Bolivia<\/title>\n<meta name=\"robots\" content=\"index, follow, max-snippet:-1, max-image-preview:large, max-video-preview:-1\" \/>\n<link rel=\"canonical\" href=\"https:\/\/www.eldiario.net\/portal\/2025\/03\/07\/expert-color-y-latex-la-formula-perfecta-de-monopol\/\" \/>\n<meta property=\"og:locale\" content=\"es_ES\" \/>\n<meta property=\"og:type\" content=\"article\" \/>\n<meta property=\"og:title\" content=\"Expert Color y L\u00e1tex, la f\u00f3rmula perfecta de Monopol - El Diario - Bolivia\" \/>\n<meta property=\"og:description\" content=\"En un movimiento estrat\u00e9gico para consolidar su posici\u00f3n en el mercado de pinturas, Monopol inaugur\u00f3 su nueva tienda de experiencia Expert Color, un espacio interactivo, donde los clientes pueden aprender, experimentar y personalizar sus proyectos, con m\u00e1s de 6.000 colores de pinturas. Adem\u00e1s, los apasionados de la decoraci\u00f3n tienen a mano la nueva formulaci\u00f3n L\u00e1tex [&hellip;]\" \/>\n<meta property=\"og:url\" content=\"https:\/\/www.eldiario.net\/portal\/2025\/03\/07\/expert-color-y-latex-la-formula-perfecta-de-monopol\/\" \/>\n<meta property=\"og:site_name\" content=\"El Diario - Bolivia\" \/>\n<meta property=\"article:publisher\" content=\"https:\/\/www.facebook.com\/eldiario.bolivia\/\" \/>\n<meta property=\"article:published_time\" content=\"2025-03-07T10:10:44+00:00\" \/>\n<meta property=\"og:image\" content=\"https:\/\/www.eldiario.net\/portal\/wp-content\/uploads\/2025\/03\/IMG_0607.jpg\" \/>\n\t<meta property=\"og:image:width\" content=\"1200\" \/>\n\t<meta property=\"og:image:height\" content=\"800\" \/>\n\t<meta property=\"og:image:type\" content=\"image\/jpeg\" \/>\n<meta name=\"author\" content=\"Jeanette\" \/>\n<meta name=\"twitter:card\" content=\"summary_large_image\" \/>\n<meta name=\"twitter:creator\" content=\"@eldiario_net\" \/>\n<meta name=\"twitter:site\" content=\"@eldiario_net\" \/>\n<meta name=\"twitter:label1\" content=\"Escrito por\" \/>\n\t<meta name=\"twitter:data1\" content=\"Jeanette\" \/>\n\t<meta name=\"twitter:label2\" content=\"Tiempo de lectura\" \/>\n\t<meta name=\"twitter:data2\" content=\"1 minuto\" \/>\n<script type=\"application\/ld+json\" class=\"yoast-schema-graph\">{\"@context\":\"https:\\\/\\\/schema.org\",\"@graph\":[{\"@type\":\"Article\",\"@id\":\"https:\\\/\\\/www.eldiario.net\\\/portal\\\/2025\\\/03\\\/07\\\/expert-color-y-latex-la-formula-perfecta-de-monopol\\\/#article\",\"isPartOf\":{\"@id\":\"https:\\\/\\\/www.eldiario.net\\\/portal\\\/2025\\\/03\\\/07\\\/expert-color-y-latex-la-formula-perfecta-de-monopol\\\/\"},\"author\":{\"name\":\"Jeanette\",\"@id\":\"https:\\\/\\\/www.eldiario.net\\\/portal\\\/#\\\/schema\\\/person\\\/f46445640444750d7d753ccd04ae01b7\"},\"headline\":\"Expert Color y L\u00e1tex, la f\u00f3rmula perfecta de Monopol\",\"datePublished\":\"2025-03-07T10:10:44+00:00\",\"mainEntityOfPage\":{\"@id\":\"https:\\\/\\\/www.eldiario.net\\\/portal\\\/2025\\\/03\\\/07\\\/expert-color-y-latex-la-formula-perfecta-de-monopol\\\/\"},\"wordCount\":181,\"publisher\":{\"@id\":\"https:\\\/\\\/www.eldiario.net\\\/portal\\\/#organization\"},\"image\":{\"@id\":\"https:\\\/\\\/www.eldiario.net\\\/portal\\\/2025\\\/03\\\/07\\\/expert-color-y-latex-la-formula-perfecta-de-monopol\\\/#primaryimage\"},\"thumbnailUrl\":\"https:\\\/\\\/www.eldiario.net\\\/portal\\\/wp-content\\\/uploads\\\/2025\\\/03\\\/IMG_0607.jpg\",\"articleSection\":[\"Sociales\"],\"inLanguage\":\"es\"},{\"@type\":\"WebPage\",\"@id\":\"https:\\\/\\\/www.eldiario.net\\\/portal\\\/2025\\\/03\\\/07\\\/expert-color-y-latex-la-formula-perfecta-de-monopol\\\/\",\"url\":\"https:\\\/\\\/www.eldiario.net\\\/portal\\\/2025\\\/03\\\/07\\\/expert-color-y-latex-la-formula-perfecta-de-monopol\\\/\",\"name\":\"Expert Color y L\u00e1tex, la f\u00f3rmula perfecta de Monopol - El Diario - Bolivia\",\"isPartOf\":{\"@id\":\"https:\\\/\\\/www.eldiario.net\\\/portal\\\/#website\"},\"primaryImageOfPage\":{\"@id\":\"https:\\\/\\\/www.eldiario.net\\\/portal\\\/2025\\\/03\\\/07\\\/expert-color-y-latex-la-formula-perfecta-de-monopol\\\/#primaryimage\"},\"image\":{\"@id\":\"https:\\\/\\\/www.eldiario.net\\\/portal\\\/2025\\\/03\\\/07\\\/expert-color-y-latex-la-formula-perfecta-de-monopol\\\/#primaryimage\"},\"thumbnailUrl\":\"https:\\\/\\\/www.eldiario.net\\\/portal\\\/wp-content\\\/uploads\\\/2025\\\/03\\\/IMG_0607.jpg\",\"datePublished\":\"2025-03-07T10:10:44+00:00\",\"breadcrumb\":{\"@id\":\"https:\\\/\\\/www.eldiario.net\\\/portal\\\/2025\\\/03\\\/07\\\/expert-color-y-latex-la-formula-perfecta-de-monopol\\\/#breadcrumb\"},\"inLanguage\":\"es\",\"potentialAction\":[{\"@type\":\"ReadAction\",\"target\":[\"https:\\\/\\\/www.eldiario.net\\\/portal\\\/2025\\\/03\\\/07\\\/expert-color-y-latex-la-formula-perfecta-de-monopol\\\/\"]}]},{\"@type\":\"ImageObject\",\"inLanguage\":\"es\",\"@id\":\"https:\\\/\\\/www.eldiario.net\\\/portal\\\/2025\\\/03\\\/07\\\/expert-color-y-latex-la-formula-perfecta-de-monopol\\\/#primaryimage\",\"url\":\"https:\\\/\\\/www.eldiario.net\\\/portal\\\/wp-content\\\/uploads\\\/2025\\\/03\\\/IMG_0607.jpg\",\"contentUrl\":\"https:\\\/\\\/www.eldiario.net\\\/portal\\\/wp-content\\\/uploads\\\/2025\\\/03\\\/IMG_0607.jpg\",\"width\":1200,\"height\":800,\"caption\":\"SERGIO MORAES, REN\u00c9 SALINAS, MARCOS L\u00d3PEZ, JORGE INOFUENTES\"},{\"@type\":\"BreadcrumbList\",\"@id\":\"https:\\\/\\\/www.eldiario.net\\\/portal\\\/2025\\\/03\\\/07\\\/expert-color-y-latex-la-formula-perfecta-de-monopol\\\/#breadcrumb\",\"itemListElement\":[{\"@type\":\"ListItem\",\"position\":1,\"name\":\"Portada\",\"item\":\"https:\\\/\\\/www.eldiario.net\\\/portal\\\/\"},{\"@type\":\"ListItem\",\"position\":2,\"name\":\"Expert Color y L\u00e1tex, la f\u00f3rmula perfecta de Monopol\"}]},{\"@type\":\"WebSite\",\"@id\":\"https:\\\/\\\/www.eldiario.net\\\/portal\\\/#website\",\"url\":\"https:\\\/\\\/www.eldiario.net\\\/portal\\\/\",\"name\":\"El Diario - Decano de la prensa nacional\",\"description\":\"El Diario - Decano de la prensa nacional\",\"publisher\":{\"@id\":\"https:\\\/\\\/www.eldiario.net\\\/portal\\\/#organization\"},\"potentialAction\":[{\"@type\":\"SearchAction\",\"target\":{\"@type\":\"EntryPoint\",\"urlTemplate\":\"https:\\\/\\\/www.eldiario.net\\\/portal\\\/?s={search_term_string}\"},\"query-input\":{\"@type\":\"PropertyValueSpecification\",\"valueRequired\":true,\"valueName\":\"search_term_string\"}}],\"inLanguage\":\"es\"},{\"@type\":\"Organization\",\"@id\":\"https:\\\/\\\/www.eldiario.net\\\/portal\\\/#organization\",\"name\":\"El Diario - Decano de la prensa nacional\",\"url\":\"https:\\\/\\\/www.eldiario.net\\\/portal\\\/\",\"logo\":{\"@type\":\"ImageObject\",\"inLanguage\":\"es\",\"@id\":\"https:\\\/\\\/www.eldiario.net\\\/portal\\\/#\\\/schema\\\/logo\\\/image\\\/\",\"url\":\"https:\\\/\\\/www.eldiario.net\\\/portal\\\/wp-content\\\/uploads\\\/2023\\\/07\\\/logo_ED.jpg\",\"contentUrl\":\"https:\\\/\\\/www.eldiario.net\\\/portal\\\/wp-content\\\/uploads\\\/2023\\\/07\\\/logo_ED.jpg\",\"width\":272,\"height\":52,\"caption\":\"El Diario - Decano de la prensa nacional\"},\"image\":{\"@id\":\"https:\\\/\\\/www.eldiario.net\\\/portal\\\/#\\\/schema\\\/logo\\\/image\\\/\"},\"sameAs\":[\"https:\\\/\\\/www.facebook.com\\\/eldiario.bolivia\\\/\",\"https:\\\/\\\/x.com\\\/eldiario_net\"]},{\"@type\":\"Person\",\"@id\":\"https:\\\/\\\/www.eldiario.net\\\/portal\\\/#\\\/schema\\\/person\\\/f46445640444750d7d753ccd04ae01b7\",\"name\":\"Jeanette\",\"image\":{\"@type\":\"ImageObject\",\"inLanguage\":\"es\",\"@id\":\"https:\\\/\\\/secure.gravatar.com\\\/avatar\\\/3ea2118a5f7dad2b7138b1187a6b7ee55f160b9968b66013c3a3ef39dd7e5798?s=96&d=mm&r=g\",\"url\":\"https:\\\/\\\/secure.gravatar.com\\\/avatar\\\/3ea2118a5f7dad2b7138b1187a6b7ee55f160b9968b66013c3a3ef39dd7e5798?s=96&d=mm&r=g\",\"contentUrl\":\"https:\\\/\\\/secure.gravatar.com\\\/avatar\\\/3ea2118a5f7dad2b7138b1187a6b7ee55f160b9968b66013c3a3ef39dd7e5798?s=96&d=mm&r=g\",\"caption\":\"Jeanette\"},\"sameAs\":[\"https:\\\/\\\/www.eldiario.net\\\/portal\"],\"url\":\"https:\\\/\\\/www.eldiario.net\\\/portal\\\/author\\\/jeanette\\\/\"}]}<\/script>\n<!-- \/ Yoast SEO plugin. -->","yoast_head_json":{"title":"Expert Color y L\u00e1tex, la f\u00f3rmula perfecta de Monopol - El Diario - Bolivia","robots":{"index":"index","follow":"follow","max-snippet":"max-snippet:-1","max-image-preview":"max-image-preview:large","max-video-preview":"max-video-preview:-1"},"canonical":"https:\/\/www.eldiario.net\/portal\/2025\/03\/07\/expert-color-y-latex-la-formula-perfecta-de-monopol\/","og_locale":"es_ES","og_type":"article","og_title":"Expert Color y L\u00e1tex, la f\u00f3rmula perfecta de Monopol - El Diario - Bolivia","og_description":"En un movimiento estrat\u00e9gico para consolidar su posici\u00f3n en el mercado de pinturas, Monopol inaugur\u00f3 su nueva tienda de experiencia Expert Color, un espacio interactivo, donde los clientes pueden aprender, experimentar y personalizar sus proyectos, con m\u00e1s de 6.000 colores de pinturas. Adem\u00e1s, los apasionados de la decoraci\u00f3n tienen a mano la nueva formulaci\u00f3n L\u00e1tex [&hellip;]","og_url":"https:\/\/www.eldiario.net\/portal\/2025\/03\/07\/expert-color-y-latex-la-formula-perfecta-de-monopol\/","og_site_name":"El Diario - Bolivia","article_publisher":"https:\/\/www.facebook.com\/eldiario.bolivia\/","article_published_time":"2025-03-07T10:10:44+00:00","og_image":[{"width":1200,"height":800,"url":"https:\/\/www.eldiario.net\/portal\/wp-content\/uploads\/2025\/03\/IMG_0607.jpg","type":"image\/jpeg"}],"author":"Jeanette","twitter_card":"summary_large_image","twitter_creator":"@eldiario_net","twitter_site":"@eldiario_net","twitter_misc":{"Escrito por":"Jeanette","Tiempo de lectura":"1 minuto"},"schema":{"@context":"https:\/\/schema.org","@graph":[{"@type":"Article","@id":"https:\/\/www.eldiario.net\/portal\/2025\/03\/07\/expert-color-y-latex-la-formula-perfecta-de-monopol\/#article","isPartOf":{"@id":"https:\/\/www.eldiario.net\/portal\/2025\/03\/07\/expert-color-y-latex-la-formula-perfecta-de-monopol\/"},"author":{"name":"Jeanette","@id":"https:\/\/www.eldiario.net\/portal\/#\/schema\/person\/f46445640444750d7d753ccd04ae01b7"},"headline":"Expert Color y L\u00e1tex, la f\u00f3rmula perfecta de Monopol","datePublished":"2025-03-07T10:10:44+00:00","mainEntityOfPage":{"@id":"https:\/\/www.eldiario.net\/portal\/2025\/03\/07\/expert-color-y-latex-la-formula-perfecta-de-monopol\/"},"wordCount":181,"publisher":{"@id":"https:\/\/www.eldiario.net\/portal\/#organization"},"image":{"@id":"https:\/\/www.eldiario.net\/portal\/2025\/03\/07\/expert-color-y-latex-la-formula-perfecta-de-monopol\/#primaryimage"},"thumbnailUrl":"https:\/\/www.eldiario.net\/portal\/wp-content\/uploads\/2025\/03\/IMG_0607.jpg","articleSection":["Sociales"],"inLanguage":"es"},{"@type":"WebPage","@id":"https:\/\/www.eldiario.net\/portal\/2025\/03\/07\/expert-color-y-latex-la-formula-perfecta-de-monopol\/","url":"https:\/\/www.eldiario.net\/portal\/2025\/03\/07\/expert-color-y-latex-la-formula-perfecta-de-monopol\/","name":"Expert Color y L\u00e1tex, la f\u00f3rmula perfecta de Monopol - El Diario - Bolivia","isPartOf":{"@id":"https:\/\/www.eldiario.net\/portal\/#website"},"primaryImageOfPage":{"@id":"https:\/\/www.eldiario.net\/portal\/2025\/03\/07\/expert-color-y-latex-la-formula-perfecta-de-monopol\/#primaryimage"},"image":{"@id":"https:\/\/www.eldiario.net\/portal\/2025\/03\/07\/expert-color-y-latex-la-formula-perfecta-de-monopol\/#primaryimage"},"thumbnailUrl":"https:\/\/www.eldiario.net\/portal\/wp-content\/uploads\/2025\/03\/IMG_0607.jpg","datePublished":"2025-03-07T10:10:44+00:00","breadcrumb":{"@id":"https:\/\/www.eldiario.net\/portal\/2025\/03\/07\/expert-color-y-latex-la-formula-perfecta-de-monopol\/#breadcrumb"},"inLanguage":"es","potentialAction":[{"@type":"ReadAction","target":["https:\/\/www.eldiario.net\/portal\/2025\/03\/07\/expert-color-y-latex-la-formula-perfecta-de-monopol\/"]}]},{"@type":"ImageObject","inLanguage":"es","@id":"https:\/\/www.eldiario.net\/portal\/2025\/03\/07\/expert-color-y-latex-la-formula-perfecta-de-monopol\/#primaryimage","url":"https:\/\/www.eldiario.net\/portal\/wp-content\/uploads\/2025\/03\/IMG_0607.jpg","contentUrl":"https:\/\/www.eldiario.net\/portal\/wp-content\/uploads\/2025\/03\/IMG_0607.jpg","width":1200,"height":800,"caption":"SERGIO MORAES, REN\u00c9 SALINAS, MARCOS L\u00d3PEZ, JORGE INOFUENTES"},{"@type":"BreadcrumbList","@id":"https:\/\/www.eldiario.net\/portal\/2025\/03\/07\/expert-color-y-latex-la-formula-perfecta-de-monopol\/#breadcrumb","itemListElement":[{"@type":"ListItem","position":1,"name":"Portada","item":"https:\/\/www.eldiario.net\/portal\/"},{"@type":"ListItem","position":2,"name":"Expert Color y L\u00e1tex, la f\u00f3rmula perfecta de Monopol"}]},{"@type":"WebSite","@id":"https:\/\/www.eldiario.net\/portal\/#website","url":"https:\/\/www.eldiario.net\/portal\/","name":"El Diario - Decano de la prensa nacional","description":"El Diario - Decano de la prensa nacional","publisher":{"@id":"https:\/\/www.eldiario.net\/portal\/#organization"},"potentialAction":[{"@type":"SearchAction","target":{"@type":"EntryPoint","urlTemplate":"https:\/\/www.eldiario.net\/portal\/?s={search_term_string}"},"query-input":{"@type":"PropertyValueSpecification","valueRequired":true,"valueName":"search_term_string"}}],"inLanguage":"es"},{"@type":"Organization","@id":"https:\/\/www.eldiario.net\/portal\/#organization","name":"El Diario - Decano de la prensa nacional","url":"https:\/\/www.eldiario.net\/portal\/","logo":{"@type":"ImageObject","inLanguage":"es","@id":"https:\/\/www.eldiario.net\/portal\/#\/schema\/logo\/image\/","url":"https:\/\/www.eldiario.net\/portal\/wp-content\/uploads\/2023\/07\/logo_ED.jpg","contentUrl":"https:\/\/www.eldiario.net\/portal\/wp-content\/uploads\/2023\/07\/logo_ED.jpg","width":272,"height":52,"caption":"El Diario - Decano de la prensa nacional"},"image":{"@id":"https:\/\/www.eldiario.net\/portal\/#\/schema\/logo\/image\/"},"sameAs":["https:\/\/www.facebook.com\/eldiario.bolivia\/","https:\/\/x.com\/eldiario_net"]},{"@type":"Person","@id":"https:\/\/www.eldiario.net\/portal\/#\/schema\/person\/f46445640444750d7d753ccd04ae01b7","name":"Jeanette","image":{"@type":"ImageObject","inLanguage":"es","@id":"https:\/\/secure.gravatar.com\/avatar\/3ea2118a5f7dad2b7138b1187a6b7ee55f160b9968b66013c3a3ef39dd7e5798?s=96&d=mm&r=g","url":"https:\/\/secure.gravatar.com\/avatar\/3ea2118a5f7dad2b7138b1187a6b7ee55f160b9968b66013c3a3ef39dd7e5798?s=96&d=mm&r=g","contentUrl":"https:\/\/secure.gravatar.com\/avatar\/3ea2118a5f7dad2b7138b1187a6b7ee55f160b9968b66013c3a3ef39dd7e5798?s=96&d=mm&r=g","caption":"Jeanette"},"sameAs":["https:\/\/www.eldiario.net\/portal"],"url":"https:\/\/www.eldiario.net\/portal\/author\/jeanette\/"}]}},"_links":{"self":[{"href":"https:\/\/www.eldiario.net\/portal\/wp-json\/wp\/v2\/posts\/286549","targetHints":{"allow":["GET"]}}],"collection":[{"href":"https:\/\/www.eldiario.net\/portal\/wp-json\/wp\/v2\/posts"}],"about":[{"href":"https:\/\/www.eldiario.net\/portal\/wp-json\/wp\/v2\/types\/post"}],"author":[{"embeddable":true,"href":"https:\/\/www.eldiario.net\/portal\/wp-json\/wp\/v2\/users\/1"}],"replies":[{"embeddable":true,"href":"https:\/\/www.eldiario.net\/portal\/wp-json\/wp\/v2\/comments?post=286549"}],"version-history":[{"count":1,"href":"https:\/\/www.eldiario.net\/portal\/wp-json\/wp\/v2\/posts\/286549\/revisions"}],"predecessor-version":[{"id":286561,"href":"https:\/\/www.eldiario.net\/portal\/wp-json\/wp\/v2\/posts\/286549\/revisions\/286561"}],"wp:featuredmedia":[{"embeddable":true,"href":"https:\/\/www.eldiario.net\/portal\/wp-json\/wp\/v2\/media\/286560"}],"wp:attachment":[{"href":"https:\/\/www.eldiario.net\/portal\/wp-json\/wp\/v2\/media?parent=286549"}],"wp:term":[{"taxonomy":"category","embeddable":true,"href":"https:\/\/www.eldiario.net\/portal\/wp-json\/wp\/v2\/categories?post=286549"},{"taxonomy":"post_tag","embeddable":true,"href":"https:\/\/www.eldiario.net\/portal\/wp-json\/wp\/v2\/tags?post=286549"}],"curies":[{"name":"wp","href":"https:\/\/api.w.org\/{rel}","templated":true}]}}