{"id":286532,"date":"2025-03-07T06:02:33","date_gmt":"2025-03-07T10:02:33","guid":{"rendered":"https:\/\/www.eldiario.net\/portal\/?p=286532"},"modified":"2025-03-07T06:02:33","modified_gmt":"2025-03-07T10:02:33","slug":"cueca-el-alto-en-la-eternidad-enaltece-a-la-joven-ciudad","status":"publish","type":"post","link":"https:\/\/www.eldiario.net\/portal\/2025\/03\/07\/cueca-el-alto-en-la-eternidad-enaltece-a-la-joven-ciudad\/","title":{"rendered":"Cueca \u201cEl Alto en la eternidad\u201d enaltece a la joven ciudad"},"content":{"rendered":"<p>En el marco del Bicentenario de Bolivia, la ciudad de El Alto celebra su 40 aniversario de historia, cultura vibrante y de un esp\u00edritu indomable. Desde su humilde origen como un barrio de La Paz hasta convertirse en una de las ciudades m\u00e1s pobladas y din\u00e1micas del pa\u00eds, El Alto ha forjado su propia identidad, arraigada en sus tradiciones y proyectada hacia un futuro prometedor.<\/p>\n<p>La historia de esta joven ciudad est\u00e1 marcada por la valent\u00eda de su gente, que ha luchado por sus derechos y por los de todo un pa\u00eds, con el firme objetivo de un futuro mejor. En este aniversario, es importante recordar y honrar esas luchas, y la canci\u00f3n \u00abEl Alto en la eternidad\u00bb, del cantautor alte\u00f1o Mauricio Segalez, se convierte en un homenaje a esa historia.<\/p>\n<p>En la gesti\u00f3n 2024, el Gobierno Aut\u00f3nomo Municipal de El Alto (GAMEA) junto a la Fundaci\u00f3n Cultural Cueca Boliviana &#8211; Willy Claure convocaron a autores y compositores de todo el pa\u00eds para participar en el 1er. Concurso Nacional de Composici\u00f3n Po\u00e9tico y Musical de Cueca Alte\u00f1a con el af\u00e1n de brindarle a esta ciudad nuevas creaciones que se inspiren en ella y puedan convertirse en futuros himnos que llenen de orgullo a sus habitantes.<\/p>\n<p>Por la convocatoria fueron recibidas 43 cuecas dedicadas a esta ciudad y entre ellas tres fueron premiadas con un incentivo econ\u00f3mico. El primer lugar le correspondi\u00f3 al cantautor Christian Ben\u00edtez, el segundo a Mauricio Segalez y el tercer premio lo recibi\u00f3 la reconocida maestra de la canci\u00f3n Jenny C\u00e1rdenas.<\/p>\n<p>\u201cAmanece cerca al cielo la m\u00e1s valerosa ciudad, la juventud es destello que ilumina su inmensidad\u201d, son las versos que entona la cueca de Mauricio, a quien conoceremos hoy. \u00c9l es un m\u00fasico, guitarrista y cantante alte\u00f1o, dedicado exclusivamente a este arte y en especial a la uni\u00f3n entre letra y melod\u00eda, lo que \u00e9l llama el g\u00e9nero canci\u00f3n. En este 40 aniversario de El Alto, Mauricio nos presenta su canci\u00f3n ganadora, acompa\u00f1ada de un videoclip, en el que nos da un paseo por murales que se encuentran en la zona de Senkata, que se convierten en una muestra de su historia y en una muestra de la inmensidad de su ciudad. \u201cEspero que esta cuequita pueda enorgullecer y representar a todas y todos los Alte\u00f1os\u2026\u201d, afirma el autor.<\/p>\n<p>La letra de la canci\u00f3n enaltece las cualidades y la majestuosidad de la ciudad que se alza sobre La Paz. Cada verso est\u00e1 impregnado de amor y orgullo por una ciudad que, a pesar de las adversidades, sigue adelante con fuerza y determinaci\u00f3n.<\/p>\n<p>La quimba de la canci\u00f3n nos menciona: \u201cCon la esperanza en el pecho le da cara a la adversidad, ante el ocaso m\u00e1s cruento, brilla El Alto en la eternidad\u201d.<\/p>\n<p>La creaci\u00f3n de \u00abEl Alto en la eternidad\u00bb no fue un proceso sencillo. \u201cFue muy dif\u00edcil para m\u00ed resumir todo lo que significa esta ciudad. La canci\u00f3n naci\u00f3 del hecho de despertar cada d\u00eda aqu\u00ed, intent\u00e9 plasmar la fuerza y valent\u00eda de su gente y, por supuesto, de su cultura. Intent\u00e9 tambi\u00e9n ser muy honesto, ya que si bien tenemos muchas cualidades tambi\u00e9n tenemos muchas cosas que mejorar\u201d, coment\u00f3 Mauricio.<\/p>\n<p><strong>P: \u00bfC\u00f3mo fue tu encuentro con el mayor representarte de la cueca boliviana, el maestro Willy Claure?<\/strong><\/p>\n<p>R: Afortunadamente pude chocar en varias ocasiones con el maestro. Se sorprendi\u00f3 al reconocerme y saber que yo era uno de los ganadores. Hoy el maestro se ha convertido en un referente de la m\u00fasica boliviana y lo admiro como guitarrista y tambi\u00e9n admiro su constancia y su perseverancia.<\/p>\n<p><strong>P: \u00bfQu\u00e9 nos cuentas sobre los otros ganadores, Christian Ben\u00edtez y Jenny C\u00e1rdenas?<\/strong><\/p>\n<p>R: Trabaj\u00e9 bastantes a\u00f1os como guitarrista y en ese tiempo puede acompa\u00f1ar en la guitarra tanto al D\u00fao Negro y Blanco, al que pertenece Christian, como al proyecto de la maestra Jenny C\u00e1rdenas. Siempre fue mi objetivo rodearme de personas que admiro y as\u00ed poder aprender de ellas. Dentro de la canci\u00f3n boliviana, ellos son grandes representantes, es una fortuna estar a su lado.<\/p>\n<p><strong>P: Cu\u00e9ntanos sobre tu trabajo como cantautor.<\/strong><\/p>\n<p>R: En 2016 lanc\u00e9 un disco llamado <em>Segalez, guitarra en mano<\/em>, que contiene composiciones propias e interpretaciones de autores contempor\u00e1neos bolivianos. Planeo reeditar este disco, adem\u00e1s de culminar la producci\u00f3n de otros 3 discos que he estado guardando. Este a\u00f1o sacar\u00e9 muchas canciones de todos estos trabajos. Uno de ellos dedicado a Bolivia a trav\u00e9s de una canci\u00f3n infantil.<\/p>\n<p><strong>APOYO A TALENTOS EMERGENTES<\/strong><\/p>\n<p>En un mundo digital saturado de distracciones, es crucial impulsar a los talentos emergentes como Mauricio, que \u00a0ofrece m\u00fasica y tem\u00e1tica diferente. Fomentar la creatividad y originalidad enriquece la diversidad musical y cultural, garantizando un futuro para la m\u00fasica boliviana.<\/p>\n<p>Felicidades, ciudad de El Alto. Que estas cuecas puedan resonar en el alma de sus habitantes y de quienes han hecho de El Alto su hogar.<\/p>\n\r\n                <style type=\"text\/css\">\r\n                    \r\n                    #tdi_1  .td-doubleSlider-2 .td-item1 {\r\n                        background: url(https:\/\/www.eldiario.net\/portal\/wp-content\/uploads\/2025\/03\/1-PRINCIPAL-1-80x60.jpg) 0 0 no-repeat;\r\n                    }\r\n                    #tdi_1  .td-doubleSlider-2 .td-item2 {\r\n                        background: url(https:\/\/www.eldiario.net\/portal\/wp-content\/uploads\/2025\/03\/2-1-80x60.jpeg) 0 0 no-repeat;\r\n                    }\r\n                    #tdi_1  .td-doubleSlider-2 .td-item3 {\r\n                        background: url(https:\/\/www.eldiario.net\/portal\/wp-content\/uploads\/2025\/03\/3-1-80x60.jpeg) 0 0 no-repeat;\r\n                    }\r\n                    #tdi_1  .td-doubleSlider-2 .td-item4 {\r\n                        background: url(https:\/\/www.eldiario.net\/portal\/wp-content\/uploads\/2025\/03\/4-1-80x60.jpeg) 0 0 no-repeat;\r\n                    }\r\n                    #tdi_1  .td-doubleSlider-2 .td-item5 {\r\n                        background: url(https:\/\/www.eldiario.net\/portal\/wp-content\/uploads\/2025\/03\/5-1-80x60.jpeg) 0 0 no-repeat;\r\n                    }\r\n                    #tdi_1  .td-doubleSlider-2 .td-item6 {\r\n                        background: url(https:\/\/www.eldiario.net\/portal\/wp-content\/uploads\/2025\/03\/6-1-80x60.jpeg) 0 0 no-repeat;\r\n                    }\r\n                <\/style>\r\n\r\n                <div id=\"tdi_1\" class=\"td-gallery td-slide-on-2-columns\">\r\n                    <div class=\"post_td_gallery\">\r\n                        <div class=\"td-gallery-slide-top\">\r\n                           <div class=\"td-gallery-title\"><\/div>\r\n\r\n                            <div class=\"td-gallery-controls-wrapper\">\r\n                                <div class=\"td-gallery-slide-count\"><span class=\"td-gallery-slide-item-focus\">1<\/span> de 6<\/div>\r\n                                <div class=\"td-gallery-slide-prev-next-but\">\r\n                                    <i class = \"td-icon-left doubleSliderPrevButton\"><\/i>\r\n                                    <i class = \"td-icon-right doubleSliderNextButton\"><\/i>\r\n                                <\/div>\r\n                            <\/div>\r\n                        <\/div>\r\n\r\n                        <div class = \"td-doubleSlider-1 \">\r\n                            <div class = \"td-slider\">\r\n                                \r\n                    <div class = \"td-slide-item td-item1\">\r\n                        <figure class=\"td-slide-galery-figure td-slide-popup-gallery\">\r\n                            <a class=\"slide-gallery-image-link\" href=\"https:\/\/www.eldiario.net\/portal\/wp-content\/uploads\/2025\/03\/1-PRINCIPAL-1.jpg\" title=\"1-PRINCIPAL\"  data-caption=\"\"  data-description=\"\">\r\n                                <img decoding=\"async\" src=\"https:\/\/www.eldiario.net\/portal\/wp-content\/uploads\/2025\/03\/1-PRINCIPAL-1-222x420.jpg\" srcset=\"https:\/\/www.eldiario.net\/portal\/wp-content\/uploads\/2025\/03\/1-PRINCIPAL-1-222x420.jpg 222w, https:\/\/www.eldiario.net\/portal\/wp-content\/uploads\/2025\/03\/1-PRINCIPAL-1-158x300.jpg 158w, https:\/\/www.eldiario.net\/portal\/wp-content\/uploads\/2025\/03\/1-PRINCIPAL-1-541x1024.jpg 541w, https:\/\/www.eldiario.net\/portal\/wp-content\/uploads\/2025\/03\/1-PRINCIPAL-1-768x1454.jpg 768w, https:\/\/www.eldiario.net\/portal\/wp-content\/uploads\/2025\/03\/1-PRINCIPAL-1-811x1536.jpg 811w, https:\/\/www.eldiario.net\/portal\/wp-content\/uploads\/2025\/03\/1-PRINCIPAL-1-696x1318.jpg 696w, https:\/\/www.eldiario.net\/portal\/wp-content\/uploads\/2025\/03\/1-PRINCIPAL-1.jpg 845w\" sizes=\"(max-width: 222px) 100vw, 222px\" alt=\"\">\r\n                            <\/a>\r\n                            \r\n                        <\/figure>\r\n                    <\/div>\r\n                    <div class = \"td-slide-item td-item2\">\r\n                        <figure class=\"td-slide-galery-figure td-slide-popup-gallery\">\r\n                            <a class=\"slide-gallery-image-link\" href=\"https:\/\/www.eldiario.net\/portal\/wp-content\/uploads\/2025\/03\/2-1.jpeg\" title=\"2\"  data-caption=\"\"  data-description=\"\">\r\n                                <img decoding=\"async\" src=\"https:\/\/www.eldiario.net\/portal\/wp-content\/uploads\/2025\/03\/2-1-630x420.jpeg\" srcset=\"https:\/\/www.eldiario.net\/portal\/wp-content\/uploads\/2025\/03\/2-1-630x420.jpeg 630w, https:\/\/www.eldiario.net\/portal\/wp-content\/uploads\/2025\/03\/2-1-300x200.jpeg 300w, https:\/\/www.eldiario.net\/portal\/wp-content\/uploads\/2025\/03\/2-1-1024x682.jpeg 1024w, https:\/\/www.eldiario.net\/portal\/wp-content\/uploads\/2025\/03\/2-1-768x512.jpeg 768w, https:\/\/www.eldiario.net\/portal\/wp-content\/uploads\/2025\/03\/2-1-1536x1023.jpeg 1536w, https:\/\/www.eldiario.net\/portal\/wp-content\/uploads\/2025\/03\/2-1-696x464.jpeg 696w, https:\/\/www.eldiario.net\/portal\/wp-content\/uploads\/2025\/03\/2-1-1068x712.jpeg 1068w, https:\/\/www.eldiario.net\/portal\/wp-content\/uploads\/2025\/03\/2-1.jpeg 1600w\" sizes=\"(max-width: 630px) 100vw, 630px\" alt=\"\">\r\n                            <\/a>\r\n                            \r\n                        <\/figure>\r\n                    <\/div>\r\n                    <div class = \"td-slide-item td-item3\">\r\n                        <figure class=\"td-slide-galery-figure td-slide-popup-gallery\">\r\n                            <a class=\"slide-gallery-image-link\" href=\"https:\/\/www.eldiario.net\/portal\/wp-content\/uploads\/2025\/03\/3-1.jpeg\" title=\"3\"  data-caption=\"\"  data-description=\"\">\r\n                                <img decoding=\"async\" src=\"https:\/\/www.eldiario.net\/portal\/wp-content\/uploads\/2025\/03\/3-1-270x420.jpeg\" srcset=\"https:\/\/www.eldiario.net\/portal\/wp-content\/uploads\/2025\/03\/3-1-270x420.jpeg 270w, https:\/\/www.eldiario.net\/portal\/wp-content\/uploads\/2025\/03\/3-1-193x300.jpeg 193w, https:\/\/www.eldiario.net\/portal\/wp-content\/uploads\/2025\/03\/3-1-658x1024.jpeg 658w, https:\/\/www.eldiario.net\/portal\/wp-content\/uploads\/2025\/03\/3-1-768x1195.jpeg 768w, https:\/\/www.eldiario.net\/portal\/wp-content\/uploads\/2025\/03\/3-1-987x1536.jpeg 987w, https:\/\/www.eldiario.net\/portal\/wp-content\/uploads\/2025\/03\/3-1-696x1083.jpeg 696w, https:\/\/www.eldiario.net\/portal\/wp-content\/uploads\/2025\/03\/3-1.jpeg 1028w\" sizes=\"(max-width: 270px) 100vw, 270px\" alt=\"\">\r\n                            <\/a>\r\n                            \r\n                        <\/figure>\r\n                    <\/div>\r\n                    <div class = \"td-slide-item td-item4\">\r\n                        <figure class=\"td-slide-galery-figure td-slide-popup-gallery\">\r\n                            <a class=\"slide-gallery-image-link\" href=\"https:\/\/www.eldiario.net\/portal\/wp-content\/uploads\/2025\/03\/4-1.jpeg\" title=\"4\"  data-caption=\"\"  data-description=\"\">\r\n                                <img decoding=\"async\" src=\"https:\/\/www.eldiario.net\/portal\/wp-content\/uploads\/2025\/03\/4-1-828x420.jpeg\" srcset=\"https:\/\/www.eldiario.net\/portal\/wp-content\/uploads\/2025\/03\/4-1-828x420.jpeg 828w, https:\/\/www.eldiario.net\/portal\/wp-content\/uploads\/2025\/03\/4-1-300x152.jpeg 300w, https:\/\/www.eldiario.net\/portal\/wp-content\/uploads\/2025\/03\/4-1-1024x520.jpeg 1024w, https:\/\/www.eldiario.net\/portal\/wp-content\/uploads\/2025\/03\/4-1-768x390.jpeg 768w, https:\/\/www.eldiario.net\/portal\/wp-content\/uploads\/2025\/03\/4-1-1536x780.jpeg 1536w, https:\/\/www.eldiario.net\/portal\/wp-content\/uploads\/2025\/03\/4-1-696x353.jpeg 696w, https:\/\/www.eldiario.net\/portal\/wp-content\/uploads\/2025\/03\/4-1-1068x542.jpeg 1068w, https:\/\/www.eldiario.net\/portal\/wp-content\/uploads\/2025\/03\/4-1.jpeg 1600w\" sizes=\"(max-width: 828px) 100vw, 828px\" alt=\"\">\r\n                            <\/a>\r\n                            \r\n                        <\/figure>\r\n                    <\/div>\r\n                    <div class = \"td-slide-item td-item5\">\r\n                        <figure class=\"td-slide-galery-figure td-slide-popup-gallery\">\r\n                            <a class=\"slide-gallery-image-link\" href=\"https:\/\/www.eldiario.net\/portal\/wp-content\/uploads\/2025\/03\/5-1.jpeg\" title=\"5\"  data-caption=\"\"  data-description=\"\">\r\n                                <img decoding=\"async\" src=\"https:\/\/www.eldiario.net\/portal\/wp-content\/uploads\/2025\/03\/5-1-280x420.jpeg\" srcset=\"https:\/\/www.eldiario.net\/portal\/wp-content\/uploads\/2025\/03\/5-1-280x420.jpeg 280w, https:\/\/www.eldiario.net\/portal\/wp-content\/uploads\/2025\/03\/5-1-200x300.jpeg 200w, https:\/\/www.eldiario.net\/portal\/wp-content\/uploads\/2025\/03\/5-1-682x1024.jpeg 682w, https:\/\/www.eldiario.net\/portal\/wp-content\/uploads\/2025\/03\/5-1-768x1153.jpeg 768w, https:\/\/www.eldiario.net\/portal\/wp-content\/uploads\/2025\/03\/5-1-1023x1536.jpeg 1023w, https:\/\/www.eldiario.net\/portal\/wp-content\/uploads\/2025\/03\/5-1-696x1045.jpeg 696w, https:\/\/www.eldiario.net\/portal\/wp-content\/uploads\/2025\/03\/5-1.jpeg 1066w\" sizes=\"(max-width: 280px) 100vw, 280px\" alt=\"\">\r\n                            <\/a>\r\n                            \r\n                        <\/figure>\r\n                    <\/div>\r\n                    <div class = \"td-slide-item td-item6\">\r\n                        <figure class=\"td-slide-galery-figure td-slide-popup-gallery\">\r\n                            <a class=\"slide-gallery-image-link\" href=\"https:\/\/www.eldiario.net\/portal\/wp-content\/uploads\/2025\/03\/6-1.jpeg\" title=\"6\"  data-caption=\"\"  data-description=\"\">\r\n                                <img decoding=\"async\" src=\"https:\/\/www.eldiario.net\/portal\/wp-content\/uploads\/2025\/03\/6-1-285x420.jpeg\" srcset=\"https:\/\/www.eldiario.net\/portal\/wp-content\/uploads\/2025\/03\/6-1-285x420.jpeg 285w, https:\/\/www.eldiario.net\/portal\/wp-content\/uploads\/2025\/03\/6-1-204x300.jpeg 204w, https:\/\/www.eldiario.net\/portal\/wp-content\/uploads\/2025\/03\/6-1-696x1024.jpeg 696w, https:\/\/www.eldiario.net\/portal\/wp-content\/uploads\/2025\/03\/6-1-768x1130.jpeg 768w, https:\/\/www.eldiario.net\/portal\/wp-content\/uploads\/2025\/03\/6-1-1044x1536.jpeg 1044w, https:\/\/www.eldiario.net\/portal\/wp-content\/uploads\/2025\/03\/6-1-1068x1572.jpeg 1068w, https:\/\/www.eldiario.net\/portal\/wp-content\/uploads\/2025\/03\/6-1.jpeg 1087w\" sizes=\"(max-width: 285px) 100vw, 285px\" alt=\"\">\r\n                            <\/a>\r\n                            \r\n                        <\/figure>\r\n                    <\/div>\r\n                            <\/div>\r\n                        <\/div>\r\n\r\n                        <div class = \"td-doubleSlider-2\">\r\n                            <div class = \"td-slider\">\r\n                                \r\n                    <div class = \"td-button td-item1\">\r\n                        <div class = \"td-border\"><\/div>\r\n                    <\/div>\r\n                    <div class = \"td-button td-item2\">\r\n                        <div class = \"td-border\"><\/div>\r\n                    <\/div>\r\n                    <div class = \"td-button td-item3\">\r\n                        <div class = \"td-border\"><\/div>\r\n                    <\/div>\r\n                    <div class = \"td-button td-item4\">\r\n                        <div class = \"td-border\"><\/div>\r\n                    <\/div>\r\n                    <div class = \"td-button td-item5\">\r\n                        <div class = \"td-border\"><\/div>\r\n                    <\/div>\r\n                    <div class = \"td-button td-item6\">\r\n                        <div class = \"td-border\"><\/div>\r\n                    <\/div>\r\n                            <\/div>\r\n                        <\/div>\r\n\r\n                    <\/div>\r\n\r\n                <\/div>\r\n                \n","protected":false},"excerpt":{"rendered":"<p>En el marco del Bicentenario de Bolivia, la ciudad de El Alto celebra su 40 aniversario de historia, cultura vibrante y de un esp\u00edritu indomable. Desde su humilde origen como un barrio de La Paz hasta convertirse en una de las ciudades m\u00e1s pobladas y din\u00e1micas del pa\u00eds, El Alto ha forjado su propia identidad, [&hellip;]<\/p>\n","protected":false},"author":1,"featured_media":286533,"comment_status":"closed","ping_status":"open","sticky":false,"template":"","format":"standard","meta":{"_acf_changed":false,"footnotes":""},"categories":[41],"tags":[],"class_list":["post-286532","post","type-post","status-publish","format-standard","has-post-thumbnail","category-la-guia"],"acf":{"antetitulo":""},"yoast_head":"<!-- This site is optimized with the Yoast SEO plugin v28.3 - https:\/\/yoast.com\/product\/yoast-seo-wordpress\/ -->\n<title>Cueca \u201cEl Alto en la eternidad\u201d enaltece a la joven ciudad - El Diario - Bolivia<\/title>\n<meta name=\"robots\" content=\"index, follow, max-snippet:-1, max-image-preview:large, max-video-preview:-1\" \/>\n<link rel=\"canonical\" href=\"https:\/\/www.eldiario.net\/portal\/2025\/03\/07\/cueca-el-alto-en-la-eternidad-enaltece-a-la-joven-ciudad\/\" \/>\n<meta property=\"og:locale\" content=\"es_ES\" \/>\n<meta property=\"og:type\" content=\"article\" \/>\n<meta property=\"og:title\" content=\"Cueca \u201cEl Alto en la eternidad\u201d enaltece a la joven ciudad - El Diario - Bolivia\" \/>\n<meta property=\"og:description\" content=\"En el marco del Bicentenario de Bolivia, la ciudad de El Alto celebra su 40 aniversario de historia, cultura vibrante y de un esp\u00edritu indomable. Desde su humilde origen como un barrio de La Paz hasta convertirse en una de las ciudades m\u00e1s pobladas y din\u00e1micas del pa\u00eds, El Alto ha forjado su propia identidad, [&hellip;]\" \/>\n<meta property=\"og:url\" content=\"https:\/\/www.eldiario.net\/portal\/2025\/03\/07\/cueca-el-alto-en-la-eternidad-enaltece-a-la-joven-ciudad\/\" \/>\n<meta property=\"og:site_name\" content=\"El Diario - Bolivia\" \/>\n<meta property=\"article:publisher\" content=\"https:\/\/www.facebook.com\/eldiario.bolivia\/\" \/>\n<meta property=\"article:published_time\" content=\"2025-03-07T10:02:33+00:00\" \/>\n<meta property=\"og:image\" content=\"https:\/\/www.eldiario.net\/portal\/wp-content\/uploads\/2025\/03\/1-PRINCIPAL-1.jpg\" \/>\n\t<meta property=\"og:image:width\" content=\"845\" \/>\n\t<meta property=\"og:image:height\" content=\"1600\" \/>\n\t<meta property=\"og:image:type\" content=\"image\/jpeg\" \/>\n<meta name=\"author\" content=\"Jeanette\" \/>\n<meta name=\"twitter:card\" content=\"summary_large_image\" \/>\n<meta name=\"twitter:creator\" content=\"@eldiario_net\" \/>\n<meta name=\"twitter:site\" content=\"@eldiario_net\" \/>\n<meta name=\"twitter:label1\" content=\"Escrito por\" \/>\n\t<meta name=\"twitter:data1\" content=\"Jeanette\" \/>\n\t<meta name=\"twitter:label2\" content=\"Tiempo de lectura\" \/>\n\t<meta name=\"twitter:data2\" content=\"4 minutos\" \/>\n<script type=\"application\/ld+json\" class=\"yoast-schema-graph\">{\"@context\":\"https:\\\/\\\/schema.org\",\"@graph\":[{\"@type\":\"Article\",\"@id\":\"https:\\\/\\\/www.eldiario.net\\\/portal\\\/2025\\\/03\\\/07\\\/cueca-el-alto-en-la-eternidad-enaltece-a-la-joven-ciudad\\\/#article\",\"isPartOf\":{\"@id\":\"https:\\\/\\\/www.eldiario.net\\\/portal\\\/2025\\\/03\\\/07\\\/cueca-el-alto-en-la-eternidad-enaltece-a-la-joven-ciudad\\\/\"},\"author\":{\"name\":\"Jeanette\",\"@id\":\"https:\\\/\\\/www.eldiario.net\\\/portal\\\/#\\\/schema\\\/person\\\/f46445640444750d7d753ccd04ae01b7\"},\"headline\":\"Cueca \u201cEl Alto en la eternidad\u201d enaltece a la joven ciudad\",\"datePublished\":\"2025-03-07T10:02:33+00:00\",\"mainEntityOfPage\":{\"@id\":\"https:\\\/\\\/www.eldiario.net\\\/portal\\\/2025\\\/03\\\/07\\\/cueca-el-alto-en-la-eternidad-enaltece-a-la-joven-ciudad\\\/\"},\"wordCount\":880,\"publisher\":{\"@id\":\"https:\\\/\\\/www.eldiario.net\\\/portal\\\/#organization\"},\"image\":{\"@id\":\"https:\\\/\\\/www.eldiario.net\\\/portal\\\/2025\\\/03\\\/07\\\/cueca-el-alto-en-la-eternidad-enaltece-a-la-joven-ciudad\\\/#primaryimage\"},\"thumbnailUrl\":\"https:\\\/\\\/www.eldiario.net\\\/portal\\\/wp-content\\\/uploads\\\/2025\\\/03\\\/1-PRINCIPAL-1.jpg\",\"articleSection\":[\"La Gu\u00eda\"],\"inLanguage\":\"es\"},{\"@type\":\"WebPage\",\"@id\":\"https:\\\/\\\/www.eldiario.net\\\/portal\\\/2025\\\/03\\\/07\\\/cueca-el-alto-en-la-eternidad-enaltece-a-la-joven-ciudad\\\/\",\"url\":\"https:\\\/\\\/www.eldiario.net\\\/portal\\\/2025\\\/03\\\/07\\\/cueca-el-alto-en-la-eternidad-enaltece-a-la-joven-ciudad\\\/\",\"name\":\"Cueca \u201cEl Alto en la eternidad\u201d enaltece a la joven ciudad - El Diario - Bolivia\",\"isPartOf\":{\"@id\":\"https:\\\/\\\/www.eldiario.net\\\/portal\\\/#website\"},\"primaryImageOfPage\":{\"@id\":\"https:\\\/\\\/www.eldiario.net\\\/portal\\\/2025\\\/03\\\/07\\\/cueca-el-alto-en-la-eternidad-enaltece-a-la-joven-ciudad\\\/#primaryimage\"},\"image\":{\"@id\":\"https:\\\/\\\/www.eldiario.net\\\/portal\\\/2025\\\/03\\\/07\\\/cueca-el-alto-en-la-eternidad-enaltece-a-la-joven-ciudad\\\/#primaryimage\"},\"thumbnailUrl\":\"https:\\\/\\\/www.eldiario.net\\\/portal\\\/wp-content\\\/uploads\\\/2025\\\/03\\\/1-PRINCIPAL-1.jpg\",\"datePublished\":\"2025-03-07T10:02:33+00:00\",\"breadcrumb\":{\"@id\":\"https:\\\/\\\/www.eldiario.net\\\/portal\\\/2025\\\/03\\\/07\\\/cueca-el-alto-en-la-eternidad-enaltece-a-la-joven-ciudad\\\/#breadcrumb\"},\"inLanguage\":\"es\",\"potentialAction\":[{\"@type\":\"ReadAction\",\"target\":[\"https:\\\/\\\/www.eldiario.net\\\/portal\\\/2025\\\/03\\\/07\\\/cueca-el-alto-en-la-eternidad-enaltece-a-la-joven-ciudad\\\/\"]}]},{\"@type\":\"ImageObject\",\"inLanguage\":\"es\",\"@id\":\"https:\\\/\\\/www.eldiario.net\\\/portal\\\/2025\\\/03\\\/07\\\/cueca-el-alto-en-la-eternidad-enaltece-a-la-joven-ciudad\\\/#primaryimage\",\"url\":\"https:\\\/\\\/www.eldiario.net\\\/portal\\\/wp-content\\\/uploads\\\/2025\\\/03\\\/1-PRINCIPAL-1.jpg\",\"contentUrl\":\"https:\\\/\\\/www.eldiario.net\\\/portal\\\/wp-content\\\/uploads\\\/2025\\\/03\\\/1-PRINCIPAL-1.jpg\",\"width\":845,\"height\":1600},{\"@type\":\"BreadcrumbList\",\"@id\":\"https:\\\/\\\/www.eldiario.net\\\/portal\\\/2025\\\/03\\\/07\\\/cueca-el-alto-en-la-eternidad-enaltece-a-la-joven-ciudad\\\/#breadcrumb\",\"itemListElement\":[{\"@type\":\"ListItem\",\"position\":1,\"name\":\"Portada\",\"item\":\"https:\\\/\\\/www.eldiario.net\\\/portal\\\/\"},{\"@type\":\"ListItem\",\"position\":2,\"name\":\"Cueca \u201cEl Alto en la eternidad\u201d enaltece a la joven ciudad\"}]},{\"@type\":\"WebSite\",\"@id\":\"https:\\\/\\\/www.eldiario.net\\\/portal\\\/#website\",\"url\":\"https:\\\/\\\/www.eldiario.net\\\/portal\\\/\",\"name\":\"El Diario - Decano de la prensa nacional\",\"description\":\"El Diario - Decano de la prensa nacional\",\"publisher\":{\"@id\":\"https:\\\/\\\/www.eldiario.net\\\/portal\\\/#organization\"},\"potentialAction\":[{\"@type\":\"SearchAction\",\"target\":{\"@type\":\"EntryPoint\",\"urlTemplate\":\"https:\\\/\\\/www.eldiario.net\\\/portal\\\/?s={search_term_string}\"},\"query-input\":{\"@type\":\"PropertyValueSpecification\",\"valueRequired\":true,\"valueName\":\"search_term_string\"}}],\"inLanguage\":\"es\"},{\"@type\":\"Organization\",\"@id\":\"https:\\\/\\\/www.eldiario.net\\\/portal\\\/#organization\",\"name\":\"El Diario - Decano de la prensa nacional\",\"url\":\"https:\\\/\\\/www.eldiario.net\\\/portal\\\/\",\"logo\":{\"@type\":\"ImageObject\",\"inLanguage\":\"es\",\"@id\":\"https:\\\/\\\/www.eldiario.net\\\/portal\\\/#\\\/schema\\\/logo\\\/image\\\/\",\"url\":\"https:\\\/\\\/www.eldiario.net\\\/portal\\\/wp-content\\\/uploads\\\/2023\\\/07\\\/logo_ED.jpg\",\"contentUrl\":\"https:\\\/\\\/www.eldiario.net\\\/portal\\\/wp-content\\\/uploads\\\/2023\\\/07\\\/logo_ED.jpg\",\"width\":272,\"height\":52,\"caption\":\"El Diario - Decano de la prensa nacional\"},\"image\":{\"@id\":\"https:\\\/\\\/www.eldiario.net\\\/portal\\\/#\\\/schema\\\/logo\\\/image\\\/\"},\"sameAs\":[\"https:\\\/\\\/www.facebook.com\\\/eldiario.bolivia\\\/\",\"https:\\\/\\\/x.com\\\/eldiario_net\"]},{\"@type\":\"Person\",\"@id\":\"https:\\\/\\\/www.eldiario.net\\\/portal\\\/#\\\/schema\\\/person\\\/f46445640444750d7d753ccd04ae01b7\",\"name\":\"Jeanette\",\"image\":{\"@type\":\"ImageObject\",\"inLanguage\":\"es\",\"@id\":\"https:\\\/\\\/secure.gravatar.com\\\/avatar\\\/3ea2118a5f7dad2b7138b1187a6b7ee55f160b9968b66013c3a3ef39dd7e5798?s=96&d=mm&r=g\",\"url\":\"https:\\\/\\\/secure.gravatar.com\\\/avatar\\\/3ea2118a5f7dad2b7138b1187a6b7ee55f160b9968b66013c3a3ef39dd7e5798?s=96&d=mm&r=g\",\"contentUrl\":\"https:\\\/\\\/secure.gravatar.com\\\/avatar\\\/3ea2118a5f7dad2b7138b1187a6b7ee55f160b9968b66013c3a3ef39dd7e5798?s=96&d=mm&r=g\",\"caption\":\"Jeanette\"},\"sameAs\":[\"https:\\\/\\\/www.eldiario.net\\\/portal\"],\"url\":\"https:\\\/\\\/www.eldiario.net\\\/portal\\\/author\\\/jeanette\\\/\"}]}<\/script>\n<!-- \/ Yoast SEO plugin. -->","yoast_head_json":{"title":"Cueca \u201cEl Alto en la eternidad\u201d enaltece a la joven ciudad - El Diario - Bolivia","robots":{"index":"index","follow":"follow","max-snippet":"max-snippet:-1","max-image-preview":"max-image-preview:large","max-video-preview":"max-video-preview:-1"},"canonical":"https:\/\/www.eldiario.net\/portal\/2025\/03\/07\/cueca-el-alto-en-la-eternidad-enaltece-a-la-joven-ciudad\/","og_locale":"es_ES","og_type":"article","og_title":"Cueca \u201cEl Alto en la eternidad\u201d enaltece a la joven ciudad - El Diario - Bolivia","og_description":"En el marco del Bicentenario de Bolivia, la ciudad de El Alto celebra su 40 aniversario de historia, cultura vibrante y de un esp\u00edritu indomable. Desde su humilde origen como un barrio de La Paz hasta convertirse en una de las ciudades m\u00e1s pobladas y din\u00e1micas del pa\u00eds, El Alto ha forjado su propia identidad, [&hellip;]","og_url":"https:\/\/www.eldiario.net\/portal\/2025\/03\/07\/cueca-el-alto-en-la-eternidad-enaltece-a-la-joven-ciudad\/","og_site_name":"El Diario - Bolivia","article_publisher":"https:\/\/www.facebook.com\/eldiario.bolivia\/","article_published_time":"2025-03-07T10:02:33+00:00","og_image":[{"width":845,"height":1600,"url":"https:\/\/www.eldiario.net\/portal\/wp-content\/uploads\/2025\/03\/1-PRINCIPAL-1.jpg","type":"image\/jpeg"}],"author":"Jeanette","twitter_card":"summary_large_image","twitter_creator":"@eldiario_net","twitter_site":"@eldiario_net","twitter_misc":{"Escrito por":"Jeanette","Tiempo de lectura":"4 minutos"},"schema":{"@context":"https:\/\/schema.org","@graph":[{"@type":"Article","@id":"https:\/\/www.eldiario.net\/portal\/2025\/03\/07\/cueca-el-alto-en-la-eternidad-enaltece-a-la-joven-ciudad\/#article","isPartOf":{"@id":"https:\/\/www.eldiario.net\/portal\/2025\/03\/07\/cueca-el-alto-en-la-eternidad-enaltece-a-la-joven-ciudad\/"},"author":{"name":"Jeanette","@id":"https:\/\/www.eldiario.net\/portal\/#\/schema\/person\/f46445640444750d7d753ccd04ae01b7"},"headline":"Cueca \u201cEl Alto en la eternidad\u201d enaltece a la joven ciudad","datePublished":"2025-03-07T10:02:33+00:00","mainEntityOfPage":{"@id":"https:\/\/www.eldiario.net\/portal\/2025\/03\/07\/cueca-el-alto-en-la-eternidad-enaltece-a-la-joven-ciudad\/"},"wordCount":880,"publisher":{"@id":"https:\/\/www.eldiario.net\/portal\/#organization"},"image":{"@id":"https:\/\/www.eldiario.net\/portal\/2025\/03\/07\/cueca-el-alto-en-la-eternidad-enaltece-a-la-joven-ciudad\/#primaryimage"},"thumbnailUrl":"https:\/\/www.eldiario.net\/portal\/wp-content\/uploads\/2025\/03\/1-PRINCIPAL-1.jpg","articleSection":["La Gu\u00eda"],"inLanguage":"es"},{"@type":"WebPage","@id":"https:\/\/www.eldiario.net\/portal\/2025\/03\/07\/cueca-el-alto-en-la-eternidad-enaltece-a-la-joven-ciudad\/","url":"https:\/\/www.eldiario.net\/portal\/2025\/03\/07\/cueca-el-alto-en-la-eternidad-enaltece-a-la-joven-ciudad\/","name":"Cueca \u201cEl Alto en la eternidad\u201d enaltece a la joven ciudad - El Diario - Bolivia","isPartOf":{"@id":"https:\/\/www.eldiario.net\/portal\/#website"},"primaryImageOfPage":{"@id":"https:\/\/www.eldiario.net\/portal\/2025\/03\/07\/cueca-el-alto-en-la-eternidad-enaltece-a-la-joven-ciudad\/#primaryimage"},"image":{"@id":"https:\/\/www.eldiario.net\/portal\/2025\/03\/07\/cueca-el-alto-en-la-eternidad-enaltece-a-la-joven-ciudad\/#primaryimage"},"thumbnailUrl":"https:\/\/www.eldiario.net\/portal\/wp-content\/uploads\/2025\/03\/1-PRINCIPAL-1.jpg","datePublished":"2025-03-07T10:02:33+00:00","breadcrumb":{"@id":"https:\/\/www.eldiario.net\/portal\/2025\/03\/07\/cueca-el-alto-en-la-eternidad-enaltece-a-la-joven-ciudad\/#breadcrumb"},"inLanguage":"es","potentialAction":[{"@type":"ReadAction","target":["https:\/\/www.eldiario.net\/portal\/2025\/03\/07\/cueca-el-alto-en-la-eternidad-enaltece-a-la-joven-ciudad\/"]}]},{"@type":"ImageObject","inLanguage":"es","@id":"https:\/\/www.eldiario.net\/portal\/2025\/03\/07\/cueca-el-alto-en-la-eternidad-enaltece-a-la-joven-ciudad\/#primaryimage","url":"https:\/\/www.eldiario.net\/portal\/wp-content\/uploads\/2025\/03\/1-PRINCIPAL-1.jpg","contentUrl":"https:\/\/www.eldiario.net\/portal\/wp-content\/uploads\/2025\/03\/1-PRINCIPAL-1.jpg","width":845,"height":1600},{"@type":"BreadcrumbList","@id":"https:\/\/www.eldiario.net\/portal\/2025\/03\/07\/cueca-el-alto-en-la-eternidad-enaltece-a-la-joven-ciudad\/#breadcrumb","itemListElement":[{"@type":"ListItem","position":1,"name":"Portada","item":"https:\/\/www.eldiario.net\/portal\/"},{"@type":"ListItem","position":2,"name":"Cueca \u201cEl Alto en la eternidad\u201d enaltece a la joven ciudad"}]},{"@type":"WebSite","@id":"https:\/\/www.eldiario.net\/portal\/#website","url":"https:\/\/www.eldiario.net\/portal\/","name":"El Diario - Decano de la prensa nacional","description":"El Diario - Decano de la prensa nacional","publisher":{"@id":"https:\/\/www.eldiario.net\/portal\/#organization"},"potentialAction":[{"@type":"SearchAction","target":{"@type":"EntryPoint","urlTemplate":"https:\/\/www.eldiario.net\/portal\/?s={search_term_string}"},"query-input":{"@type":"PropertyValueSpecification","valueRequired":true,"valueName":"search_term_string"}}],"inLanguage":"es"},{"@type":"Organization","@id":"https:\/\/www.eldiario.net\/portal\/#organization","name":"El Diario - Decano de la prensa nacional","url":"https:\/\/www.eldiario.net\/portal\/","logo":{"@type":"ImageObject","inLanguage":"es","@id":"https:\/\/www.eldiario.net\/portal\/#\/schema\/logo\/image\/","url":"https:\/\/www.eldiario.net\/portal\/wp-content\/uploads\/2023\/07\/logo_ED.jpg","contentUrl":"https:\/\/www.eldiario.net\/portal\/wp-content\/uploads\/2023\/07\/logo_ED.jpg","width":272,"height":52,"caption":"El Diario - Decano de la prensa nacional"},"image":{"@id":"https:\/\/www.eldiario.net\/portal\/#\/schema\/logo\/image\/"},"sameAs":["https:\/\/www.facebook.com\/eldiario.bolivia\/","https:\/\/x.com\/eldiario_net"]},{"@type":"Person","@id":"https:\/\/www.eldiario.net\/portal\/#\/schema\/person\/f46445640444750d7d753ccd04ae01b7","name":"Jeanette","image":{"@type":"ImageObject","inLanguage":"es","@id":"https:\/\/secure.gravatar.com\/avatar\/3ea2118a5f7dad2b7138b1187a6b7ee55f160b9968b66013c3a3ef39dd7e5798?s=96&d=mm&r=g","url":"https:\/\/secure.gravatar.com\/avatar\/3ea2118a5f7dad2b7138b1187a6b7ee55f160b9968b66013c3a3ef39dd7e5798?s=96&d=mm&r=g","contentUrl":"https:\/\/secure.gravatar.com\/avatar\/3ea2118a5f7dad2b7138b1187a6b7ee55f160b9968b66013c3a3ef39dd7e5798?s=96&d=mm&r=g","caption":"Jeanette"},"sameAs":["https:\/\/www.eldiario.net\/portal"],"url":"https:\/\/www.eldiario.net\/portal\/author\/jeanette\/"}]}},"_links":{"self":[{"href":"https:\/\/www.eldiario.net\/portal\/wp-json\/wp\/v2\/posts\/286532","targetHints":{"allow":["GET"]}}],"collection":[{"href":"https:\/\/www.eldiario.net\/portal\/wp-json\/wp\/v2\/posts"}],"about":[{"href":"https:\/\/www.eldiario.net\/portal\/wp-json\/wp\/v2\/types\/post"}],"author":[{"embeddable":true,"href":"https:\/\/www.eldiario.net\/portal\/wp-json\/wp\/v2\/users\/1"}],"replies":[{"embeddable":true,"href":"https:\/\/www.eldiario.net\/portal\/wp-json\/wp\/v2\/comments?post=286532"}],"version-history":[{"count":1,"href":"https:\/\/www.eldiario.net\/portal\/wp-json\/wp\/v2\/posts\/286532\/revisions"}],"predecessor-version":[{"id":286539,"href":"https:\/\/www.eldiario.net\/portal\/wp-json\/wp\/v2\/posts\/286532\/revisions\/286539"}],"wp:featuredmedia":[{"embeddable":true,"href":"https:\/\/www.eldiario.net\/portal\/wp-json\/wp\/v2\/media\/286533"}],"wp:attachment":[{"href":"https:\/\/www.eldiario.net\/portal\/wp-json\/wp\/v2\/media?parent=286532"}],"wp:term":[{"taxonomy":"category","embeddable":true,"href":"https:\/\/www.eldiario.net\/portal\/wp-json\/wp\/v2\/categories?post=286532"},{"taxonomy":"post_tag","embeddable":true,"href":"https:\/\/www.eldiario.net\/portal\/wp-json\/wp\/v2\/tags?post=286532"}],"curies":[{"name":"wp","href":"https:\/\/api.w.org\/{rel}","templated":true}]}}