{"id":286506,"date":"2025-03-07T05:53:16","date_gmt":"2025-03-07T09:53:16","guid":{"rendered":"https:\/\/www.eldiario.net\/portal\/?p=286506"},"modified":"2025-03-07T05:53:16","modified_gmt":"2025-03-07T09:53:16","slug":"fesirmes-solicita-audiencia-con-alcalde-a-su-retorno-de-miami","status":"publish","type":"post","link":"https:\/\/www.eldiario.net\/portal\/2025\/03\/07\/fesirmes-solicita-audiencia-con-alcalde-a-su-retorno-de-miami\/","title":{"rendered":"Fesirmes solicita audiencia con  Alcalde a su retorno de Miami"},"content":{"rendered":"<p>Con la finalidad de regularizar el subsidio y tratar los procesos administrativos en curso, contra el personal que ten\u00eda pendiente la presentaci\u00f3n de su libreta de servicio militar, los dirigentes de la Federaci\u00f3n de Sindicatos de Ramas M\u00e9dicas de Salud P\u00fablica (Fesirmes) solicitaron una audiencia con el alcalde Jhonny Fern\u00e1ndez, a su retorno de Miami.<br \/>\n\u201cNecesitamos sentarnos y analizar t\u00e9cnicamente cada una de nuestras problem\u00e1ticas\u201d, a tiempo de recordar que entre los temas a tratar est\u00e1n los procesos administrativos que a\u00fan se le sigue al personal por sus libretas de servicio militar.<br \/>\nIndic\u00f3 que hace semanas se conoci\u00f3 que cientos de funcionarios fueron alejados de sus fuentes de empleo por no cumplir con este requisito en la funci\u00f3n p\u00fablica. Sin embargo, desde el Fesirmes, aseguraron que gran parte ya cumpli\u00f3 con la presentaci\u00f3n de este documento y, a pesar de ello, el proceso sigue adelante. A ello, se suma el pedido de regularizaci\u00f3n de subsidio, que seg\u00fan sostienen, tiene un retraso significativo.<br \/>\n\u201cHace m\u00e1s de 23 a\u00f1os que no se ve\u00eda que un gobernador est\u00e9 atacando a su gente, a sus m\u00e9dicos. Lo \u00fanico que estamos pidiendo es mejores condiciones de trabajo y que se cumpla la ley, se cancelen los sueldos del mes de diciembre, el escalaf\u00f3n y categor\u00eda\u201d, asever\u00f3.<br \/>\nEn tanto, el representante pidi\u00f3 a la poblaci\u00f3n que se una a su lucha para exigir a las autoridades que cumplan lo que se\u00f1ala la norma, dar insumos, medicamentos y reactivos. \u201cNuestro Gobernador y director del Sedes, al estilo lineal, centralista, \u2018masista\u2019, nos ataca y est\u00e1 feliz con una limosna de 30 \u00edtems para Santa Cruz, siendo que tenemos una deuda hist\u00f3rica de m\u00e1s de 16.000 \u00edtems\u201d, manifest\u00f3.<br \/>\nPor otra parte, explic\u00f3 que la falta de \u00edtems afecta diversos servicios y hospitales. Por ejemplo, en el tercer nivel, donde ya se estaba programando cirug\u00edas (turno tarde), est\u00e1n siendo suspendidas. Est\u00e1n disminuyendo la cantidad de camas en emergencia en el hospital \u201cSan Juan de Dios\u201d porque no hay personal adecuado en esa \u00e1rea. En el Hospital del Ni\u00f1o, la sala de infectolog\u00eda est\u00e1 cerrada y disminuy\u00f3 la atenci\u00f3n de vacunas. (Agencias)<\/p>\n","protected":false},"excerpt":{"rendered":"<p>Con la finalidad de regularizar el subsidio y tratar los procesos administrativos en curso, contra el personal que ten\u00eda pendiente la presentaci\u00f3n de su libreta de servicio militar, los dirigentes de la Federaci\u00f3n de Sindicatos de Ramas M\u00e9dicas de Salud P\u00fablica (Fesirmes) solicitaron una audiencia con el alcalde Jhonny Fern\u00e1ndez, a su retorno de Miami. [&hellip;]<\/p>\n","protected":false},"author":1,"featured_media":286507,"comment_status":"closed","ping_status":"open","sticky":false,"template":"","format":"standard","meta":{"_acf_changed":false,"footnotes":""},"categories":[12],"tags":[],"class_list":["post-286506","post","type-post","status-publish","format-standard","has-post-thumbnail","category-nacional"],"acf":{"antetitulo":"Santa Cruz"},"yoast_head":"<!-- This site is optimized with the Yoast SEO plugin v28.4 - https:\/\/yoast.com\/product\/yoast-seo-wordpress\/ -->\n<title>Fesirmes solicita audiencia con Alcalde a su retorno de Miami - El Diario - Bolivia<\/title>\n<meta name=\"robots\" content=\"index, follow, max-snippet:-1, max-image-preview:large, max-video-preview:-1\" \/>\n<link rel=\"canonical\" href=\"https:\/\/www.eldiario.net\/portal\/2025\/03\/07\/fesirmes-solicita-audiencia-con-alcalde-a-su-retorno-de-miami\/\" \/>\n<meta property=\"og:locale\" content=\"es_ES\" \/>\n<meta property=\"og:type\" content=\"article\" \/>\n<meta property=\"og:title\" content=\"Fesirmes solicita audiencia con Alcalde a su retorno de Miami - El Diario - Bolivia\" \/>\n<meta property=\"og:description\" content=\"Con la finalidad de regularizar el subsidio y tratar los procesos administrativos en curso, contra el personal que ten\u00eda pendiente la presentaci\u00f3n de su libreta de servicio militar, los dirigentes de la Federaci\u00f3n de Sindicatos de Ramas M\u00e9dicas de Salud P\u00fablica (Fesirmes) solicitaron una audiencia con el alcalde Jhonny Fern\u00e1ndez, a su retorno de Miami. [&hellip;]\" \/>\n<meta property=\"og:url\" content=\"https:\/\/www.eldiario.net\/portal\/2025\/03\/07\/fesirmes-solicita-audiencia-con-alcalde-a-su-retorno-de-miami\/\" \/>\n<meta property=\"og:site_name\" content=\"El Diario - Bolivia\" \/>\n<meta property=\"article:publisher\" content=\"https:\/\/www.facebook.com\/eldiario.bolivia\/\" \/>\n<meta property=\"article:published_time\" content=\"2025-03-07T09:53:16+00:00\" \/>\n<meta property=\"og:image\" content=\"https:\/\/www.eldiario.net\/portal\/wp-content\/uploads\/2025\/03\/FESIRMES-06.jpg\" \/>\n\t<meta property=\"og:image:width\" content=\"1024\" \/>\n\t<meta property=\"og:image:height\" content=\"512\" \/>\n\t<meta property=\"og:image:type\" content=\"image\/jpeg\" \/>\n<meta name=\"author\" content=\"Jeanette\" \/>\n<meta name=\"twitter:card\" content=\"summary_large_image\" \/>\n<meta name=\"twitter:creator\" content=\"@eldiario_net\" \/>\n<meta name=\"twitter:site\" content=\"@eldiario_net\" \/>\n<meta name=\"twitter:label1\" content=\"Escrito por\" \/>\n\t<meta name=\"twitter:data1\" content=\"Jeanette\" \/>\n\t<meta name=\"twitter:label2\" content=\"Tiempo de lectura\" \/>\n\t<meta name=\"twitter:data2\" content=\"2 minutos\" \/>\n<script type=\"application\/ld+json\" class=\"yoast-schema-graph\">{\"@context\":\"https:\\\/\\\/schema.org\",\"@graph\":[{\"@type\":\"Article\",\"@id\":\"https:\\\/\\\/www.eldiario.net\\\/portal\\\/2025\\\/03\\\/07\\\/fesirmes-solicita-audiencia-con-alcalde-a-su-retorno-de-miami\\\/#article\",\"isPartOf\":{\"@id\":\"https:\\\/\\\/www.eldiario.net\\\/portal\\\/2025\\\/03\\\/07\\\/fesirmes-solicita-audiencia-con-alcalde-a-su-retorno-de-miami\\\/\"},\"author\":{\"name\":\"Jeanette\",\"@id\":\"https:\\\/\\\/www.eldiario.net\\\/portal\\\/#\\\/schema\\\/person\\\/2c57cf2b7a7ae032e449e4c9b1019eac\"},\"headline\":\"Fesirmes solicita audiencia con Alcalde a su retorno de Miami\",\"datePublished\":\"2025-03-07T09:53:16+00:00\",\"mainEntityOfPage\":{\"@id\":\"https:\\\/\\\/www.eldiario.net\\\/portal\\\/2025\\\/03\\\/07\\\/fesirmes-solicita-audiencia-con-alcalde-a-su-retorno-de-miami\\\/\"},\"wordCount\":389,\"publisher\":{\"@id\":\"https:\\\/\\\/www.eldiario.net\\\/portal\\\/#organization\"},\"image\":{\"@id\":\"https:\\\/\\\/www.eldiario.net\\\/portal\\\/2025\\\/03\\\/07\\\/fesirmes-solicita-audiencia-con-alcalde-a-su-retorno-de-miami\\\/#primaryimage\"},\"thumbnailUrl\":\"https:\\\/\\\/www.eldiario.net\\\/portal\\\/wp-content\\\/uploads\\\/2025\\\/03\\\/FESIRMES-06.jpg\",\"articleSection\":[\"Nacional\"],\"inLanguage\":\"es\"},{\"@type\":\"WebPage\",\"@id\":\"https:\\\/\\\/www.eldiario.net\\\/portal\\\/2025\\\/03\\\/07\\\/fesirmes-solicita-audiencia-con-alcalde-a-su-retorno-de-miami\\\/\",\"url\":\"https:\\\/\\\/www.eldiario.net\\\/portal\\\/2025\\\/03\\\/07\\\/fesirmes-solicita-audiencia-con-alcalde-a-su-retorno-de-miami\\\/\",\"name\":\"Fesirmes solicita audiencia con Alcalde a su retorno de Miami - El Diario - Bolivia\",\"isPartOf\":{\"@id\":\"https:\\\/\\\/www.eldiario.net\\\/portal\\\/#website\"},\"primaryImageOfPage\":{\"@id\":\"https:\\\/\\\/www.eldiario.net\\\/portal\\\/2025\\\/03\\\/07\\\/fesirmes-solicita-audiencia-con-alcalde-a-su-retorno-de-miami\\\/#primaryimage\"},\"image\":{\"@id\":\"https:\\\/\\\/www.eldiario.net\\\/portal\\\/2025\\\/03\\\/07\\\/fesirmes-solicita-audiencia-con-alcalde-a-su-retorno-de-miami\\\/#primaryimage\"},\"thumbnailUrl\":\"https:\\\/\\\/www.eldiario.net\\\/portal\\\/wp-content\\\/uploads\\\/2025\\\/03\\\/FESIRMES-06.jpg\",\"datePublished\":\"2025-03-07T09:53:16+00:00\",\"breadcrumb\":{\"@id\":\"https:\\\/\\\/www.eldiario.net\\\/portal\\\/2025\\\/03\\\/07\\\/fesirmes-solicita-audiencia-con-alcalde-a-su-retorno-de-miami\\\/#breadcrumb\"},\"inLanguage\":\"es\",\"potentialAction\":[{\"@type\":\"ReadAction\",\"target\":[\"https:\\\/\\\/www.eldiario.net\\\/portal\\\/2025\\\/03\\\/07\\\/fesirmes-solicita-audiencia-con-alcalde-a-su-retorno-de-miami\\\/\"]}]},{\"@type\":\"ImageObject\",\"inLanguage\":\"es\",\"@id\":\"https:\\\/\\\/www.eldiario.net\\\/portal\\\/2025\\\/03\\\/07\\\/fesirmes-solicita-audiencia-con-alcalde-a-su-retorno-de-miami\\\/#primaryimage\",\"url\":\"https:\\\/\\\/www.eldiario.net\\\/portal\\\/wp-content\\\/uploads\\\/2025\\\/03\\\/FESIRMES-06.jpg\",\"contentUrl\":\"https:\\\/\\\/www.eldiario.net\\\/portal\\\/wp-content\\\/uploads\\\/2025\\\/03\\\/FESIRMES-06.jpg\",\"width\":1024,\"height\":512},{\"@type\":\"BreadcrumbList\",\"@id\":\"https:\\\/\\\/www.eldiario.net\\\/portal\\\/2025\\\/03\\\/07\\\/fesirmes-solicita-audiencia-con-alcalde-a-su-retorno-de-miami\\\/#breadcrumb\",\"itemListElement\":[{\"@type\":\"ListItem\",\"position\":1,\"name\":\"Portada\",\"item\":\"https:\\\/\\\/www.eldiario.net\\\/portal\\\/\"},{\"@type\":\"ListItem\",\"position\":2,\"name\":\"Fesirmes solicita audiencia con Alcalde a su retorno de Miami\"}]},{\"@type\":\"WebSite\",\"@id\":\"https:\\\/\\\/www.eldiario.net\\\/portal\\\/#website\",\"url\":\"https:\\\/\\\/www.eldiario.net\\\/portal\\\/\",\"name\":\"El Diario - Decano de la prensa nacional\",\"description\":\"El Diario - Decano de la prensa nacional\",\"publisher\":{\"@id\":\"https:\\\/\\\/www.eldiario.net\\\/portal\\\/#organization\"},\"potentialAction\":[{\"@type\":\"SearchAction\",\"target\":{\"@type\":\"EntryPoint\",\"urlTemplate\":\"https:\\\/\\\/www.eldiario.net\\\/portal\\\/?s={search_term_string}\"},\"query-input\":{\"@type\":\"PropertyValueSpecification\",\"valueRequired\":true,\"valueName\":\"search_term_string\"}}],\"inLanguage\":\"es\"},{\"@type\":\"Organization\",\"@id\":\"https:\\\/\\\/www.eldiario.net\\\/portal\\\/#organization\",\"name\":\"El Diario - Decano de la prensa nacional\",\"url\":\"https:\\\/\\\/www.eldiario.net\\\/portal\\\/\",\"logo\":{\"@type\":\"ImageObject\",\"inLanguage\":\"es\",\"@id\":\"https:\\\/\\\/www.eldiario.net\\\/portal\\\/#\\\/schema\\\/logo\\\/image\\\/\",\"url\":\"https:\\\/\\\/www.eldiario.net\\\/portal\\\/wp-content\\\/uploads\\\/2023\\\/07\\\/logo_ED.jpg\",\"contentUrl\":\"https:\\\/\\\/www.eldiario.net\\\/portal\\\/wp-content\\\/uploads\\\/2023\\\/07\\\/logo_ED.jpg\",\"width\":272,\"height\":52,\"caption\":\"El Diario - Decano de la prensa nacional\"},\"image\":{\"@id\":\"https:\\\/\\\/www.eldiario.net\\\/portal\\\/#\\\/schema\\\/logo\\\/image\\\/\"},\"sameAs\":[\"https:\\\/\\\/www.facebook.com\\\/eldiario.bolivia\\\/\",\"https:\\\/\\\/x.com\\\/eldiario_net\"]},{\"@type\":\"Person\",\"@id\":\"https:\\\/\\\/www.eldiario.net\\\/portal\\\/#\\\/schema\\\/person\\\/2c57cf2b7a7ae032e449e4c9b1019eac\",\"name\":\"Jeanette\",\"image\":{\"@type\":\"ImageObject\",\"inLanguage\":\"es\",\"@id\":\"https:\\\/\\\/secure.gravatar.com\\\/avatar\\\/3ea2118a5f7dad2b7138b1187a6b7ee55f160b9968b66013c3a3ef39dd7e5798?s=96&d=mm&r=g\",\"url\":\"https:\\\/\\\/secure.gravatar.com\\\/avatar\\\/3ea2118a5f7dad2b7138b1187a6b7ee55f160b9968b66013c3a3ef39dd7e5798?s=96&d=mm&r=g\",\"contentUrl\":\"https:\\\/\\\/secure.gravatar.com\\\/avatar\\\/3ea2118a5f7dad2b7138b1187a6b7ee55f160b9968b66013c3a3ef39dd7e5798?s=96&d=mm&r=g\",\"caption\":\"Jeanette\"},\"sameAs\":[\"https:\\\/\\\/www.eldiario.net\\\/portal\"],\"url\":\"https:\\\/\\\/www.eldiario.net\\\/portal\\\/author\\\/jeanette\\\/\"}]}<\/script>\n<!-- \/ Yoast SEO plugin. -->","yoast_head_json":{"title":"Fesirmes solicita audiencia con Alcalde a su retorno de Miami - El Diario - Bolivia","robots":{"index":"index","follow":"follow","max-snippet":"max-snippet:-1","max-image-preview":"max-image-preview:large","max-video-preview":"max-video-preview:-1"},"canonical":"https:\/\/www.eldiario.net\/portal\/2025\/03\/07\/fesirmes-solicita-audiencia-con-alcalde-a-su-retorno-de-miami\/","og_locale":"es_ES","og_type":"article","og_title":"Fesirmes solicita audiencia con Alcalde a su retorno de Miami - El Diario - Bolivia","og_description":"Con la finalidad de regularizar el subsidio y tratar los procesos administrativos en curso, contra el personal que ten\u00eda pendiente la presentaci\u00f3n de su libreta de servicio militar, los dirigentes de la Federaci\u00f3n de Sindicatos de Ramas M\u00e9dicas de Salud P\u00fablica (Fesirmes) solicitaron una audiencia con el alcalde Jhonny Fern\u00e1ndez, a su retorno de Miami. [&hellip;]","og_url":"https:\/\/www.eldiario.net\/portal\/2025\/03\/07\/fesirmes-solicita-audiencia-con-alcalde-a-su-retorno-de-miami\/","og_site_name":"El Diario - Bolivia","article_publisher":"https:\/\/www.facebook.com\/eldiario.bolivia\/","article_published_time":"2025-03-07T09:53:16+00:00","og_image":[{"width":1024,"height":512,"url":"https:\/\/www.eldiario.net\/portal\/wp-content\/uploads\/2025\/03\/FESIRMES-06.jpg","type":"image\/jpeg"}],"author":"Jeanette","twitter_card":"summary_large_image","twitter_creator":"@eldiario_net","twitter_site":"@eldiario_net","twitter_misc":{"Escrito por":"Jeanette","Tiempo de lectura":"2 minutos"},"schema":{"@context":"https:\/\/schema.org","@graph":[{"@type":"Article","@id":"https:\/\/www.eldiario.net\/portal\/2025\/03\/07\/fesirmes-solicita-audiencia-con-alcalde-a-su-retorno-de-miami\/#article","isPartOf":{"@id":"https:\/\/www.eldiario.net\/portal\/2025\/03\/07\/fesirmes-solicita-audiencia-con-alcalde-a-su-retorno-de-miami\/"},"author":{"name":"Jeanette","@id":"https:\/\/www.eldiario.net\/portal\/#\/schema\/person\/2c57cf2b7a7ae032e449e4c9b1019eac"},"headline":"Fesirmes solicita audiencia con Alcalde a su retorno de Miami","datePublished":"2025-03-07T09:53:16+00:00","mainEntityOfPage":{"@id":"https:\/\/www.eldiario.net\/portal\/2025\/03\/07\/fesirmes-solicita-audiencia-con-alcalde-a-su-retorno-de-miami\/"},"wordCount":389,"publisher":{"@id":"https:\/\/www.eldiario.net\/portal\/#organization"},"image":{"@id":"https:\/\/www.eldiario.net\/portal\/2025\/03\/07\/fesirmes-solicita-audiencia-con-alcalde-a-su-retorno-de-miami\/#primaryimage"},"thumbnailUrl":"https:\/\/www.eldiario.net\/portal\/wp-content\/uploads\/2025\/03\/FESIRMES-06.jpg","articleSection":["Nacional"],"inLanguage":"es"},{"@type":"WebPage","@id":"https:\/\/www.eldiario.net\/portal\/2025\/03\/07\/fesirmes-solicita-audiencia-con-alcalde-a-su-retorno-de-miami\/","url":"https:\/\/www.eldiario.net\/portal\/2025\/03\/07\/fesirmes-solicita-audiencia-con-alcalde-a-su-retorno-de-miami\/","name":"Fesirmes solicita audiencia con Alcalde a su retorno de Miami - El Diario - Bolivia","isPartOf":{"@id":"https:\/\/www.eldiario.net\/portal\/#website"},"primaryImageOfPage":{"@id":"https:\/\/www.eldiario.net\/portal\/2025\/03\/07\/fesirmes-solicita-audiencia-con-alcalde-a-su-retorno-de-miami\/#primaryimage"},"image":{"@id":"https:\/\/www.eldiario.net\/portal\/2025\/03\/07\/fesirmes-solicita-audiencia-con-alcalde-a-su-retorno-de-miami\/#primaryimage"},"thumbnailUrl":"https:\/\/www.eldiario.net\/portal\/wp-content\/uploads\/2025\/03\/FESIRMES-06.jpg","datePublished":"2025-03-07T09:53:16+00:00","breadcrumb":{"@id":"https:\/\/www.eldiario.net\/portal\/2025\/03\/07\/fesirmes-solicita-audiencia-con-alcalde-a-su-retorno-de-miami\/#breadcrumb"},"inLanguage":"es","potentialAction":[{"@type":"ReadAction","target":["https:\/\/www.eldiario.net\/portal\/2025\/03\/07\/fesirmes-solicita-audiencia-con-alcalde-a-su-retorno-de-miami\/"]}]},{"@type":"ImageObject","inLanguage":"es","@id":"https:\/\/www.eldiario.net\/portal\/2025\/03\/07\/fesirmes-solicita-audiencia-con-alcalde-a-su-retorno-de-miami\/#primaryimage","url":"https:\/\/www.eldiario.net\/portal\/wp-content\/uploads\/2025\/03\/FESIRMES-06.jpg","contentUrl":"https:\/\/www.eldiario.net\/portal\/wp-content\/uploads\/2025\/03\/FESIRMES-06.jpg","width":1024,"height":512},{"@type":"BreadcrumbList","@id":"https:\/\/www.eldiario.net\/portal\/2025\/03\/07\/fesirmes-solicita-audiencia-con-alcalde-a-su-retorno-de-miami\/#breadcrumb","itemListElement":[{"@type":"ListItem","position":1,"name":"Portada","item":"https:\/\/www.eldiario.net\/portal\/"},{"@type":"ListItem","position":2,"name":"Fesirmes solicita audiencia con Alcalde a su retorno de Miami"}]},{"@type":"WebSite","@id":"https:\/\/www.eldiario.net\/portal\/#website","url":"https:\/\/www.eldiario.net\/portal\/","name":"El Diario - Decano de la prensa nacional","description":"El Diario - Decano de la prensa nacional","publisher":{"@id":"https:\/\/www.eldiario.net\/portal\/#organization"},"potentialAction":[{"@type":"SearchAction","target":{"@type":"EntryPoint","urlTemplate":"https:\/\/www.eldiario.net\/portal\/?s={search_term_string}"},"query-input":{"@type":"PropertyValueSpecification","valueRequired":true,"valueName":"search_term_string"}}],"inLanguage":"es"},{"@type":"Organization","@id":"https:\/\/www.eldiario.net\/portal\/#organization","name":"El Diario - Decano de la prensa nacional","url":"https:\/\/www.eldiario.net\/portal\/","logo":{"@type":"ImageObject","inLanguage":"es","@id":"https:\/\/www.eldiario.net\/portal\/#\/schema\/logo\/image\/","url":"https:\/\/www.eldiario.net\/portal\/wp-content\/uploads\/2023\/07\/logo_ED.jpg","contentUrl":"https:\/\/www.eldiario.net\/portal\/wp-content\/uploads\/2023\/07\/logo_ED.jpg","width":272,"height":52,"caption":"El Diario - Decano de la prensa nacional"},"image":{"@id":"https:\/\/www.eldiario.net\/portal\/#\/schema\/logo\/image\/"},"sameAs":["https:\/\/www.facebook.com\/eldiario.bolivia\/","https:\/\/x.com\/eldiario_net"]},{"@type":"Person","@id":"https:\/\/www.eldiario.net\/portal\/#\/schema\/person\/2c57cf2b7a7ae032e449e4c9b1019eac","name":"Jeanette","image":{"@type":"ImageObject","inLanguage":"es","@id":"https:\/\/secure.gravatar.com\/avatar\/3ea2118a5f7dad2b7138b1187a6b7ee55f160b9968b66013c3a3ef39dd7e5798?s=96&d=mm&r=g","url":"https:\/\/secure.gravatar.com\/avatar\/3ea2118a5f7dad2b7138b1187a6b7ee55f160b9968b66013c3a3ef39dd7e5798?s=96&d=mm&r=g","contentUrl":"https:\/\/secure.gravatar.com\/avatar\/3ea2118a5f7dad2b7138b1187a6b7ee55f160b9968b66013c3a3ef39dd7e5798?s=96&d=mm&r=g","caption":"Jeanette"},"sameAs":["https:\/\/www.eldiario.net\/portal"],"url":"https:\/\/www.eldiario.net\/portal\/author\/jeanette\/"}]}},"_links":{"self":[{"href":"https:\/\/www.eldiario.net\/portal\/wp-json\/wp\/v2\/posts\/286506","targetHints":{"allow":["GET"]}}],"collection":[{"href":"https:\/\/www.eldiario.net\/portal\/wp-json\/wp\/v2\/posts"}],"about":[{"href":"https:\/\/www.eldiario.net\/portal\/wp-json\/wp\/v2\/types\/post"}],"author":[{"embeddable":true,"href":"https:\/\/www.eldiario.net\/portal\/wp-json\/wp\/v2\/users\/1"}],"replies":[{"embeddable":true,"href":"https:\/\/www.eldiario.net\/portal\/wp-json\/wp\/v2\/comments?post=286506"}],"version-history":[{"count":1,"href":"https:\/\/www.eldiario.net\/portal\/wp-json\/wp\/v2\/posts\/286506\/revisions"}],"predecessor-version":[{"id":286508,"href":"https:\/\/www.eldiario.net\/portal\/wp-json\/wp\/v2\/posts\/286506\/revisions\/286508"}],"wp:featuredmedia":[{"embeddable":true,"href":"https:\/\/www.eldiario.net\/portal\/wp-json\/wp\/v2\/media\/286507"}],"wp:attachment":[{"href":"https:\/\/www.eldiario.net\/portal\/wp-json\/wp\/v2\/media?parent=286506"}],"wp:term":[{"taxonomy":"category","embeddable":true,"href":"https:\/\/www.eldiario.net\/portal\/wp-json\/wp\/v2\/categories?post=286506"},{"taxonomy":"post_tag","embeddable":true,"href":"https:\/\/www.eldiario.net\/portal\/wp-json\/wp\/v2\/tags?post=286506"}],"curies":[{"name":"wp","href":"https:\/\/api.w.org\/{rel}","templated":true}]}}