{"id":286501,"date":"2025-03-07T05:51:42","date_gmt":"2025-03-07T09:51:42","guid":{"rendered":"https:\/\/www.eldiario.net\/portal\/?p=286501"},"modified":"2025-03-07T05:51:42","modified_gmt":"2025-03-07T09:51:42","slug":"el-ucraniano-desnudo-2","status":"publish","type":"post","link":"https:\/\/www.eldiario.net\/portal\/2025\/03\/07\/el-ucraniano-desnudo-2\/","title":{"rendered":"El ucraniano desnudo"},"content":{"rendered":"<p>Si Zelensky, h\u00e1bil en las artes esc\u00e9nicas, hubiera sido, adem\u00e1s, un nigromante adivinador, se hubiera presentado en calzoncillos en la Casa Blanca. Pero, sin serlo, no pod\u00eda ni sospechar de la \u201chuaica\u201d que le esperaba en su reuni\u00f3n con Trump. Desde luego que Trump no lo habr\u00eda dejado entrar en calzoncillos; entonces en la puerta, en ese horroroso fr\u00edo de Washington, se hubiera producido la discusi\u00f3n, ante la vista de toda la prensa mundial. El impacto publicitario habr\u00eda sido m\u00e1s demoledor, si cabe, para Trump. Ser\u00eda lo m\u00e1s pat\u00e9tico que habr\u00eda visto el planeta: el gringo con abrigo y el ucraniano desnudo.<br \/>\nDebo reconocer que a lo largo de mis a\u00f1os \u2013muchos dedicados a la diplomacia\u2013 jam\u00e1s hab\u00eda visto lo que mostr\u00f3 la televisi\u00f3n en la Sala Oval de la capital norteamericana. Ni nuestro referente en cuanto a supina ordinariez, Evo Morales, hizo nada que se pareciera a la terrible actuaci\u00f3n de este presidente gringo, claro que en Evo se pod\u00eda justificar la malacrianza, pero no en el millonario neoyorquino. Esto confirma lo que siempre hemos dicho: que el cholaje es una conducta, una actitud, que hay cholos rubios que son muy peligrosos porque enga\u00f1an con su apariencia.<br \/>\nZelensky desnudo, temblando en el invierno washingtoniano, defendiendo a su patria y hel\u00e1ndose en el umbral del confort y del calor con Trump impidi\u00e9ndole el paso, hubiera sido grandioso. Aunque ya fue conmovedor que defendiera a Ucrania con su ropa de soldado, digno de un pa\u00eds en guerra, frente al hombre m\u00e1s poderoso del mundo. Traducidos al perraje: un callejero frente a un pitbull con mala uva. \u00bfC\u00f3mo no le advirtieron a Zelensky que estaba yendo a territorio enemigo? \u00bfC\u00f3mo iba a creer Zelensky que su mayor aliado iba a traicionarlo tan pronto? \u00bfEn qu\u00e9 hab\u00eda fallado Ucrania para que al cabo de unas semanas EEUU se volcara a favor de Putin?<br \/>\nA Zelensky le queda la amistad leal de los pa\u00edses europeos o que Trump se d\u00e9 cuenta de su estupidez. Tal vez no ser\u00e1 suficiente para ganarle la guerra a Mosc\u00fa, pero s\u00ed para detener a Putin en su demencial prop\u00f3sito de expandirse. Stalin ocup\u00f3 media Europa, pero con el precio de una guerra salvaje que cost\u00f3 50 millones de vidas. Las fronteras de la UE y de la OTAN colindan con Ucrania porque es parte de Europa y quiere integrarse en su seno plenamente. El peso de d\u00e9cadas gobernada desde el Kremlin debi\u00f3 ser mortal.<br \/>\nPreocupa, por eso, el encuentro de Zelensky y Trump, porque rein\u00f3 la incomprensi\u00f3n, la intolerancia, la mala educaci\u00f3n. El norteamericano ten\u00eda listo el libreto para recitarlo sin ninguna interrupci\u00f3n. El presidente ucraniano opinaba, defend\u00eda a su patria, y eso irritaba a Trump, que no quer\u00eda ni escuchar su voz. Trump fue grosero en el sentido estricto de la palabra. Fue abusivo en su propia casa, mientras que el ucraniano demostr\u00f3 serenidad y coraje. Si no nos hemos equivocado por lo que escuchamos y los gestos que vimos en la televisi\u00f3n, lo \u00fanico que quer\u00eda Trump era que Zelensky firmara y se marchara. Estaba cobr\u00e1ndole favores pasados y quer\u00eda que nada discutiera, enardeci\u00e9ndose cada vez m\u00e1s, ante un Zelensky que fracasaba justamente donde ten\u00eda depositadas la mayor de sus esperanzas. El vicepresidente Vance abr\u00eda la boca solo para insistir en tonter\u00edas y no mostr\u00f3 talento alguno para que la reuni\u00f3n no naufragara. Agobiado, el heroico ucraniano opt\u00f3 por retirarse con las manos vac\u00edas. Pero, adem\u00e1s, extorsionado en plena guerra; chantajeado no solo para que entregara las zonas ya ocupadas por los rusos, sino que tambi\u00e9n, aparentemente, cediera tierras \u201craras\u201d (mineras) para empresas norteamericanas. Averg\u00fcenza el surgimiento de TRUMPUTIN S.R.L. en Kiev.<br \/>\n\u00bfSoy enemigo de los EEUU? Jam\u00e1s lo he sido. Al contrario, me parece una naci\u00f3n formidable y envidiable. Imagen de democracia y libertad. \u00bfPero qu\u00e9 sucede con su presidente? No sabemos. Nadie lo sabe. No es el mismo de su primera gesti\u00f3n. Est\u00e1 exultante, se ha desmelenado. O est\u00e1 aterrorizado. Algo pasa que no encaja. Dice cosas que hielan la sangre y al parecer en el Gabinete nadie opina. Se ha alejado del sentido com\u00fan, de la realidad. Hemos o\u00eddo todos que quiere rehacer algo en Gaza, se me ocurre que similar a los Jardines de Babilonia. \u00a1En Gaza! Y que quiere comprar o alquilar Groenlandia al reino de Dinamarca. Y sorber a una parte de Canad\u00e1, adem\u00e1s de aplicarle altos aranceles; como tambi\u00e9n a M\u00e9xico, justamente sus socios comerciales. Y que quiere recuperar el Canal de Panam\u00e1, dizque para que los chinos no se apoderen de sus instalaciones. \u00bfC\u00f3mo recuperarlo? Tom\u00e1ndolo con los \u201cmarines\u201d, obviamente.<br \/>\nEstos son los ex\u00f3ticos entremeses que est\u00e1 ofreciendo Trump en las primeras semanas de su administraci\u00f3n. Veremos con qu\u00e9 nuevas iniciativas nos sorprende. Pero hay que cuidarse de lo que haga. De momento nos defrauda lo de Ucrania, pero nos sorprende que con el dictador Maduro contin\u00fae tibio, irresoluto, tolerante, con una de cal y otra de arena. \u00bfEstar\u00e1 Maduro dentro de lo que preparan en TRUMPUTIN S.R.L.? Ser\u00eda una ofensa para la democracia, pero, aparentemente, la democracia le importa poco al se\u00f1or Trump y solo le interesa jugar tiro al blanco contra quien le es antip\u00e1tico.<br \/>\n\u00bfAlgo de Bolivia? Apuesto doble contra sencillo que no sabe ni en qu\u00e9 continente estamos. Bolivia le debe sonar a coca, pero no sabe si en Sudam\u00e9rica, Asia, \u00c1frica u Ocean\u00eda. Mejor que no se entere de nada m\u00e1s, no sea que nos resulte \u201cmasista\u201d.<\/p>\n","protected":false},"excerpt":{"rendered":"<p>Si Zelensky, h\u00e1bil en las artes esc\u00e9nicas, hubiera sido, adem\u00e1s, un nigromante adivinador, se hubiera presentado en calzoncillos en la Casa Blanca. Pero, sin serlo, no pod\u00eda ni sospechar de la \u201chuaica\u201d que le esperaba en su reuni\u00f3n con Trump. Desde luego que Trump no lo habr\u00eda dejado entrar en calzoncillos; entonces en la puerta, [&hellip;]<\/p>\n","protected":false},"author":1,"featured_media":157472,"comment_status":"closed","ping_status":"open","sticky":false,"template":"","format":"standard","meta":{"_acf_changed":false,"footnotes":""},"categories":[9],"tags":[],"class_list":["post-286501","post","type-post","status-publish","format-standard","has-post-thumbnail","category-opinion"],"acf":{"antetitulo":""},"yoast_head":"<!-- This site is optimized with the Yoast SEO plugin v28.4 - https:\/\/yoast.com\/product\/yoast-seo-wordpress\/ -->\n<title>El ucraniano desnudo - El Diario - Bolivia<\/title>\n<meta name=\"robots\" content=\"index, follow, max-snippet:-1, max-image-preview:large, max-video-preview:-1\" \/>\n<link rel=\"canonical\" href=\"https:\/\/www.eldiario.net\/portal\/2025\/03\/07\/el-ucraniano-desnudo-2\/\" \/>\n<meta property=\"og:locale\" content=\"es_ES\" \/>\n<meta property=\"og:type\" content=\"article\" \/>\n<meta property=\"og:title\" content=\"El ucraniano desnudo - El Diario - Bolivia\" \/>\n<meta property=\"og:description\" content=\"Si Zelensky, h\u00e1bil en las artes esc\u00e9nicas, hubiera sido, adem\u00e1s, un nigromante adivinador, se hubiera presentado en calzoncillos en la Casa Blanca. Pero, sin serlo, no pod\u00eda ni sospechar de la \u201chuaica\u201d que le esperaba en su reuni\u00f3n con Trump. Desde luego que Trump no lo habr\u00eda dejado entrar en calzoncillos; entonces en la puerta, [&hellip;]\" \/>\n<meta property=\"og:url\" content=\"https:\/\/www.eldiario.net\/portal\/2025\/03\/07\/el-ucraniano-desnudo-2\/\" \/>\n<meta property=\"og:site_name\" content=\"El Diario - Bolivia\" \/>\n<meta property=\"article:publisher\" content=\"https:\/\/www.facebook.com\/eldiario.bolivia\/\" \/>\n<meta property=\"article:published_time\" content=\"2025-03-07T09:51:42+00:00\" \/>\n<meta property=\"og:image\" content=\"https:\/\/www.eldiario.net\/portal\/wp-content\/uploads\/2023\/06\/Manfredo-Kempff-Suarez.jpg\" \/>\n\t<meta property=\"og:image:width\" content=\"1200\" \/>\n\t<meta property=\"og:image:height\" content=\"628\" \/>\n\t<meta property=\"og:image:type\" content=\"image\/jpeg\" \/>\n<meta name=\"author\" content=\"Jeanette\" \/>\n<meta name=\"twitter:card\" content=\"summary_large_image\" \/>\n<meta name=\"twitter:creator\" content=\"@eldiario_net\" \/>\n<meta name=\"twitter:site\" content=\"@eldiario_net\" \/>\n<meta name=\"twitter:label1\" content=\"Escrito por\" \/>\n\t<meta name=\"twitter:data1\" content=\"Jeanette\" \/>\n\t<meta name=\"twitter:label2\" content=\"Tiempo de lectura\" \/>\n\t<meta name=\"twitter:data2\" content=\"5 minutos\" \/>\n<script type=\"application\/ld+json\" class=\"yoast-schema-graph\">{\"@context\":\"https:\\\/\\\/schema.org\",\"@graph\":[{\"@type\":\"Article\",\"@id\":\"https:\\\/\\\/www.eldiario.net\\\/portal\\\/2025\\\/03\\\/07\\\/el-ucraniano-desnudo-2\\\/#article\",\"isPartOf\":{\"@id\":\"https:\\\/\\\/www.eldiario.net\\\/portal\\\/2025\\\/03\\\/07\\\/el-ucraniano-desnudo-2\\\/\"},\"author\":{\"name\":\"Jeanette\",\"@id\":\"https:\\\/\\\/www.eldiario.net\\\/portal\\\/#\\\/schema\\\/person\\\/f46445640444750d7d753ccd04ae01b7\"},\"headline\":\"El ucraniano desnudo\",\"datePublished\":\"2025-03-07T09:51:42+00:00\",\"mainEntityOfPage\":{\"@id\":\"https:\\\/\\\/www.eldiario.net\\\/portal\\\/2025\\\/03\\\/07\\\/el-ucraniano-desnudo-2\\\/\"},\"wordCount\":980,\"publisher\":{\"@id\":\"https:\\\/\\\/www.eldiario.net\\\/portal\\\/#organization\"},\"image\":{\"@id\":\"https:\\\/\\\/www.eldiario.net\\\/portal\\\/2025\\\/03\\\/07\\\/el-ucraniano-desnudo-2\\\/#primaryimage\"},\"thumbnailUrl\":\"https:\\\/\\\/www.eldiario.net\\\/portal\\\/wp-content\\\/uploads\\\/2023\\\/06\\\/Manfredo-Kempff-Suarez.jpg\",\"articleSection\":[\"Opini\u00f3n\"],\"inLanguage\":\"es\"},{\"@type\":\"WebPage\",\"@id\":\"https:\\\/\\\/www.eldiario.net\\\/portal\\\/2025\\\/03\\\/07\\\/el-ucraniano-desnudo-2\\\/\",\"url\":\"https:\\\/\\\/www.eldiario.net\\\/portal\\\/2025\\\/03\\\/07\\\/el-ucraniano-desnudo-2\\\/\",\"name\":\"El ucraniano desnudo - El Diario - Bolivia\",\"isPartOf\":{\"@id\":\"https:\\\/\\\/www.eldiario.net\\\/portal\\\/#website\"},\"primaryImageOfPage\":{\"@id\":\"https:\\\/\\\/www.eldiario.net\\\/portal\\\/2025\\\/03\\\/07\\\/el-ucraniano-desnudo-2\\\/#primaryimage\"},\"image\":{\"@id\":\"https:\\\/\\\/www.eldiario.net\\\/portal\\\/2025\\\/03\\\/07\\\/el-ucraniano-desnudo-2\\\/#primaryimage\"},\"thumbnailUrl\":\"https:\\\/\\\/www.eldiario.net\\\/portal\\\/wp-content\\\/uploads\\\/2023\\\/06\\\/Manfredo-Kempff-Suarez.jpg\",\"datePublished\":\"2025-03-07T09:51:42+00:00\",\"breadcrumb\":{\"@id\":\"https:\\\/\\\/www.eldiario.net\\\/portal\\\/2025\\\/03\\\/07\\\/el-ucraniano-desnudo-2\\\/#breadcrumb\"},\"inLanguage\":\"es\",\"potentialAction\":[{\"@type\":\"ReadAction\",\"target\":[\"https:\\\/\\\/www.eldiario.net\\\/portal\\\/2025\\\/03\\\/07\\\/el-ucraniano-desnudo-2\\\/\"]}]},{\"@type\":\"ImageObject\",\"inLanguage\":\"es\",\"@id\":\"https:\\\/\\\/www.eldiario.net\\\/portal\\\/2025\\\/03\\\/07\\\/el-ucraniano-desnudo-2\\\/#primaryimage\",\"url\":\"https:\\\/\\\/www.eldiario.net\\\/portal\\\/wp-content\\\/uploads\\\/2023\\\/06\\\/Manfredo-Kempff-Suarez.jpg\",\"contentUrl\":\"https:\\\/\\\/www.eldiario.net\\\/portal\\\/wp-content\\\/uploads\\\/2023\\\/06\\\/Manfredo-Kempff-Suarez.jpg\",\"width\":1200,\"height\":628},{\"@type\":\"BreadcrumbList\",\"@id\":\"https:\\\/\\\/www.eldiario.net\\\/portal\\\/2025\\\/03\\\/07\\\/el-ucraniano-desnudo-2\\\/#breadcrumb\",\"itemListElement\":[{\"@type\":\"ListItem\",\"position\":1,\"name\":\"Portada\",\"item\":\"https:\\\/\\\/www.eldiario.net\\\/portal\\\/\"},{\"@type\":\"ListItem\",\"position\":2,\"name\":\"El ucraniano desnudo\"}]},{\"@type\":\"WebSite\",\"@id\":\"https:\\\/\\\/www.eldiario.net\\\/portal\\\/#website\",\"url\":\"https:\\\/\\\/www.eldiario.net\\\/portal\\\/\",\"name\":\"El Diario - Decano de la prensa nacional\",\"description\":\"El Diario - Decano de la prensa nacional\",\"publisher\":{\"@id\":\"https:\\\/\\\/www.eldiario.net\\\/portal\\\/#organization\"},\"potentialAction\":[{\"@type\":\"SearchAction\",\"target\":{\"@type\":\"EntryPoint\",\"urlTemplate\":\"https:\\\/\\\/www.eldiario.net\\\/portal\\\/?s={search_term_string}\"},\"query-input\":{\"@type\":\"PropertyValueSpecification\",\"valueRequired\":true,\"valueName\":\"search_term_string\"}}],\"inLanguage\":\"es\"},{\"@type\":\"Organization\",\"@id\":\"https:\\\/\\\/www.eldiario.net\\\/portal\\\/#organization\",\"name\":\"El Diario - Decano de la prensa nacional\",\"url\":\"https:\\\/\\\/www.eldiario.net\\\/portal\\\/\",\"logo\":{\"@type\":\"ImageObject\",\"inLanguage\":\"es\",\"@id\":\"https:\\\/\\\/www.eldiario.net\\\/portal\\\/#\\\/schema\\\/logo\\\/image\\\/\",\"url\":\"https:\\\/\\\/www.eldiario.net\\\/portal\\\/wp-content\\\/uploads\\\/2023\\\/07\\\/logo_ED.jpg\",\"contentUrl\":\"https:\\\/\\\/www.eldiario.net\\\/portal\\\/wp-content\\\/uploads\\\/2023\\\/07\\\/logo_ED.jpg\",\"width\":272,\"height\":52,\"caption\":\"El Diario - Decano de la prensa nacional\"},\"image\":{\"@id\":\"https:\\\/\\\/www.eldiario.net\\\/portal\\\/#\\\/schema\\\/logo\\\/image\\\/\"},\"sameAs\":[\"https:\\\/\\\/www.facebook.com\\\/eldiario.bolivia\\\/\",\"https:\\\/\\\/x.com\\\/eldiario_net\"]},{\"@type\":\"Person\",\"@id\":\"https:\\\/\\\/www.eldiario.net\\\/portal\\\/#\\\/schema\\\/person\\\/f46445640444750d7d753ccd04ae01b7\",\"name\":\"Jeanette\",\"image\":{\"@type\":\"ImageObject\",\"inLanguage\":\"es\",\"@id\":\"https:\\\/\\\/secure.gravatar.com\\\/avatar\\\/3ea2118a5f7dad2b7138b1187a6b7ee55f160b9968b66013c3a3ef39dd7e5798?s=96&d=mm&r=g\",\"url\":\"https:\\\/\\\/secure.gravatar.com\\\/avatar\\\/3ea2118a5f7dad2b7138b1187a6b7ee55f160b9968b66013c3a3ef39dd7e5798?s=96&d=mm&r=g\",\"contentUrl\":\"https:\\\/\\\/secure.gravatar.com\\\/avatar\\\/3ea2118a5f7dad2b7138b1187a6b7ee55f160b9968b66013c3a3ef39dd7e5798?s=96&d=mm&r=g\",\"caption\":\"Jeanette\"},\"sameAs\":[\"https:\\\/\\\/www.eldiario.net\\\/portal\"],\"url\":\"https:\\\/\\\/www.eldiario.net\\\/portal\\\/author\\\/jeanette\\\/\"}]}<\/script>\n<!-- \/ Yoast SEO plugin. -->","yoast_head_json":{"title":"El ucraniano desnudo - El Diario - Bolivia","robots":{"index":"index","follow":"follow","max-snippet":"max-snippet:-1","max-image-preview":"max-image-preview:large","max-video-preview":"max-video-preview:-1"},"canonical":"https:\/\/www.eldiario.net\/portal\/2025\/03\/07\/el-ucraniano-desnudo-2\/","og_locale":"es_ES","og_type":"article","og_title":"El ucraniano desnudo - El Diario - Bolivia","og_description":"Si Zelensky, h\u00e1bil en las artes esc\u00e9nicas, hubiera sido, adem\u00e1s, un nigromante adivinador, se hubiera presentado en calzoncillos en la Casa Blanca. Pero, sin serlo, no pod\u00eda ni sospechar de la \u201chuaica\u201d que le esperaba en su reuni\u00f3n con Trump. Desde luego que Trump no lo habr\u00eda dejado entrar en calzoncillos; entonces en la puerta, [&hellip;]","og_url":"https:\/\/www.eldiario.net\/portal\/2025\/03\/07\/el-ucraniano-desnudo-2\/","og_site_name":"El Diario - Bolivia","article_publisher":"https:\/\/www.facebook.com\/eldiario.bolivia\/","article_published_time":"2025-03-07T09:51:42+00:00","og_image":[{"width":1200,"height":628,"url":"https:\/\/www.eldiario.net\/portal\/wp-content\/uploads\/2023\/06\/Manfredo-Kempff-Suarez.jpg","type":"image\/jpeg"}],"author":"Jeanette","twitter_card":"summary_large_image","twitter_creator":"@eldiario_net","twitter_site":"@eldiario_net","twitter_misc":{"Escrito por":"Jeanette","Tiempo de lectura":"5 minutos"},"schema":{"@context":"https:\/\/schema.org","@graph":[{"@type":"Article","@id":"https:\/\/www.eldiario.net\/portal\/2025\/03\/07\/el-ucraniano-desnudo-2\/#article","isPartOf":{"@id":"https:\/\/www.eldiario.net\/portal\/2025\/03\/07\/el-ucraniano-desnudo-2\/"},"author":{"name":"Jeanette","@id":"https:\/\/www.eldiario.net\/portal\/#\/schema\/person\/f46445640444750d7d753ccd04ae01b7"},"headline":"El ucraniano desnudo","datePublished":"2025-03-07T09:51:42+00:00","mainEntityOfPage":{"@id":"https:\/\/www.eldiario.net\/portal\/2025\/03\/07\/el-ucraniano-desnudo-2\/"},"wordCount":980,"publisher":{"@id":"https:\/\/www.eldiario.net\/portal\/#organization"},"image":{"@id":"https:\/\/www.eldiario.net\/portal\/2025\/03\/07\/el-ucraniano-desnudo-2\/#primaryimage"},"thumbnailUrl":"https:\/\/www.eldiario.net\/portal\/wp-content\/uploads\/2023\/06\/Manfredo-Kempff-Suarez.jpg","articleSection":["Opini\u00f3n"],"inLanguage":"es"},{"@type":"WebPage","@id":"https:\/\/www.eldiario.net\/portal\/2025\/03\/07\/el-ucraniano-desnudo-2\/","url":"https:\/\/www.eldiario.net\/portal\/2025\/03\/07\/el-ucraniano-desnudo-2\/","name":"El ucraniano desnudo - El Diario - Bolivia","isPartOf":{"@id":"https:\/\/www.eldiario.net\/portal\/#website"},"primaryImageOfPage":{"@id":"https:\/\/www.eldiario.net\/portal\/2025\/03\/07\/el-ucraniano-desnudo-2\/#primaryimage"},"image":{"@id":"https:\/\/www.eldiario.net\/portal\/2025\/03\/07\/el-ucraniano-desnudo-2\/#primaryimage"},"thumbnailUrl":"https:\/\/www.eldiario.net\/portal\/wp-content\/uploads\/2023\/06\/Manfredo-Kempff-Suarez.jpg","datePublished":"2025-03-07T09:51:42+00:00","breadcrumb":{"@id":"https:\/\/www.eldiario.net\/portal\/2025\/03\/07\/el-ucraniano-desnudo-2\/#breadcrumb"},"inLanguage":"es","potentialAction":[{"@type":"ReadAction","target":["https:\/\/www.eldiario.net\/portal\/2025\/03\/07\/el-ucraniano-desnudo-2\/"]}]},{"@type":"ImageObject","inLanguage":"es","@id":"https:\/\/www.eldiario.net\/portal\/2025\/03\/07\/el-ucraniano-desnudo-2\/#primaryimage","url":"https:\/\/www.eldiario.net\/portal\/wp-content\/uploads\/2023\/06\/Manfredo-Kempff-Suarez.jpg","contentUrl":"https:\/\/www.eldiario.net\/portal\/wp-content\/uploads\/2023\/06\/Manfredo-Kempff-Suarez.jpg","width":1200,"height":628},{"@type":"BreadcrumbList","@id":"https:\/\/www.eldiario.net\/portal\/2025\/03\/07\/el-ucraniano-desnudo-2\/#breadcrumb","itemListElement":[{"@type":"ListItem","position":1,"name":"Portada","item":"https:\/\/www.eldiario.net\/portal\/"},{"@type":"ListItem","position":2,"name":"El ucraniano desnudo"}]},{"@type":"WebSite","@id":"https:\/\/www.eldiario.net\/portal\/#website","url":"https:\/\/www.eldiario.net\/portal\/","name":"El Diario - Decano de la prensa nacional","description":"El Diario - Decano de la prensa nacional","publisher":{"@id":"https:\/\/www.eldiario.net\/portal\/#organization"},"potentialAction":[{"@type":"SearchAction","target":{"@type":"EntryPoint","urlTemplate":"https:\/\/www.eldiario.net\/portal\/?s={search_term_string}"},"query-input":{"@type":"PropertyValueSpecification","valueRequired":true,"valueName":"search_term_string"}}],"inLanguage":"es"},{"@type":"Organization","@id":"https:\/\/www.eldiario.net\/portal\/#organization","name":"El Diario - Decano de la prensa nacional","url":"https:\/\/www.eldiario.net\/portal\/","logo":{"@type":"ImageObject","inLanguage":"es","@id":"https:\/\/www.eldiario.net\/portal\/#\/schema\/logo\/image\/","url":"https:\/\/www.eldiario.net\/portal\/wp-content\/uploads\/2023\/07\/logo_ED.jpg","contentUrl":"https:\/\/www.eldiario.net\/portal\/wp-content\/uploads\/2023\/07\/logo_ED.jpg","width":272,"height":52,"caption":"El Diario - Decano de la prensa nacional"},"image":{"@id":"https:\/\/www.eldiario.net\/portal\/#\/schema\/logo\/image\/"},"sameAs":["https:\/\/www.facebook.com\/eldiario.bolivia\/","https:\/\/x.com\/eldiario_net"]},{"@type":"Person","@id":"https:\/\/www.eldiario.net\/portal\/#\/schema\/person\/f46445640444750d7d753ccd04ae01b7","name":"Jeanette","image":{"@type":"ImageObject","inLanguage":"es","@id":"https:\/\/secure.gravatar.com\/avatar\/3ea2118a5f7dad2b7138b1187a6b7ee55f160b9968b66013c3a3ef39dd7e5798?s=96&d=mm&r=g","url":"https:\/\/secure.gravatar.com\/avatar\/3ea2118a5f7dad2b7138b1187a6b7ee55f160b9968b66013c3a3ef39dd7e5798?s=96&d=mm&r=g","contentUrl":"https:\/\/secure.gravatar.com\/avatar\/3ea2118a5f7dad2b7138b1187a6b7ee55f160b9968b66013c3a3ef39dd7e5798?s=96&d=mm&r=g","caption":"Jeanette"},"sameAs":["https:\/\/www.eldiario.net\/portal"],"url":"https:\/\/www.eldiario.net\/portal\/author\/jeanette\/"}]}},"_links":{"self":[{"href":"https:\/\/www.eldiario.net\/portal\/wp-json\/wp\/v2\/posts\/286501","targetHints":{"allow":["GET"]}}],"collection":[{"href":"https:\/\/www.eldiario.net\/portal\/wp-json\/wp\/v2\/posts"}],"about":[{"href":"https:\/\/www.eldiario.net\/portal\/wp-json\/wp\/v2\/types\/post"}],"author":[{"embeddable":true,"href":"https:\/\/www.eldiario.net\/portal\/wp-json\/wp\/v2\/users\/1"}],"replies":[{"embeddable":true,"href":"https:\/\/www.eldiario.net\/portal\/wp-json\/wp\/v2\/comments?post=286501"}],"version-history":[{"count":1,"href":"https:\/\/www.eldiario.net\/portal\/wp-json\/wp\/v2\/posts\/286501\/revisions"}],"predecessor-version":[{"id":286502,"href":"https:\/\/www.eldiario.net\/portal\/wp-json\/wp\/v2\/posts\/286501\/revisions\/286502"}],"wp:featuredmedia":[{"embeddable":true,"href":"https:\/\/www.eldiario.net\/portal\/wp-json\/wp\/v2\/media\/157472"}],"wp:attachment":[{"href":"https:\/\/www.eldiario.net\/portal\/wp-json\/wp\/v2\/media?parent=286501"}],"wp:term":[{"taxonomy":"category","embeddable":true,"href":"https:\/\/www.eldiario.net\/portal\/wp-json\/wp\/v2\/categories?post=286501"},{"taxonomy":"post_tag","embeddable":true,"href":"https:\/\/www.eldiario.net\/portal\/wp-json\/wp\/v2\/tags?post=286501"}],"curies":[{"name":"wp","href":"https:\/\/api.w.org\/{rel}","templated":true}]}}