{"id":286497,"date":"2025-03-07T05:50:52","date_gmt":"2025-03-07T09:50:52","guid":{"rendered":"https:\/\/www.eldiario.net\/portal\/?p=286497"},"modified":"2025-03-07T05:50:52","modified_gmt":"2025-03-07T09:50:52","slug":"a-quien-beneficia-la-suspension-de-las-exportaciones-de-carne","status":"publish","type":"post","link":"https:\/\/www.eldiario.net\/portal\/2025\/03\/07\/a-quien-beneficia-la-suspension-de-las-exportaciones-de-carne\/","title":{"rendered":"\u00bfA qui\u00e9n beneficia la suspensi\u00f3n de las exportaciones de carne?"},"content":{"rendered":"<p>La decisi\u00f3n desacertada del Gobierno de suspender las exportaciones de carne ha generado un intenso debate. La medida implementada y justificada como un intento por controlar los precios internos y garantizar el abastecimiento local, ha sido recibida con desconfianza y cr\u00edticas por parte del sector ganadero y exportador. \u00bfRealmente esta pol\u00edtica beneficia al pa\u00eds, o es un tiro al pie que afectar\u00e1 a largo plazo?<br \/>\nEs importante por eso entender que, las exportaciones de carne representan solo el 12% de la producci\u00f3n total. Esto significa que el problema de los precios internos no radica en la exportaci\u00f3n, sino en otros factores, como la especulaci\u00f3n de la cadena de intermediarios y el contrabando. Al suspender las exportaciones, el Gobierno no solo pone en riesgo mercados clave como China, Hong Kong y Per\u00fa, sino que tambi\u00e9n desincentiva la inversi\u00f3n en el sector ganadero, lo que podr\u00eda llevar a una disminuci\u00f3n de la producci\u00f3n y, parad\u00f3jicamente, a un aumento de los precios.<br \/>\nPor lo dem\u00e1s, las exportaciones de carne han sido un motor importante para la econom\u00eda boliviana. En 2024, gener\u00f3 m\u00e1s de 220 millones de d\u00f3lares, consolid\u00e1ndose como fuente vital de divisas. El crecimiento exponencial de las exportaciones, que superaron las 43.000 toneladas en 2024, es el resultado de a\u00f1os de esfuerzo del sector privado por cumplir con los est\u00e1ndares internacionales y mejorar la calidad del producto. La suspensi\u00f3n no solo afecta a los grandes exportadores, sino tambi\u00e9n a miles de familias que dependen de esta actividad en regiones como el Beni y Santa Cruz.<br \/>\nLa falta de di\u00e1logo con el sector productivo es otro punto preocupante. En lugar de imponer restricciones, el Gobierno deber\u00eda trabajar en pol\u00edticas que fomenten la producci\u00f3n y la competitividad, como el acceso a insumos y tecnolog\u00edas. Combatir el contrabando y regular toda la cadena de intermediarios, ser\u00edan medidas m\u00e1s efectivas para controlar los precios internos, sin sacrificar los logros alcanzados en los mercados internacionales.<br \/>\nLa suspensi\u00f3n de las exportaciones de carne es una medida cortoplacista que no resuelve el problema de fondo. En lugar de limitar al sector ganadero, el Gobierno deber\u00eda apoyarlo para que siga siendo un pilar de la econom\u00eda boliviana. Las exportaciones no son el enemigo. Son una oportunidad para generar empleo, divisas y desarrollo. Y por todo esto pregunto: \u00bfRealmente queremos perder eso?<br \/>\n\u00a1La uni\u00f3n es la fuerza!<\/p>\n","protected":false},"excerpt":{"rendered":"<p>La decisi\u00f3n desacertada del Gobierno de suspender las exportaciones de carne ha generado un intenso debate. La medida implementada y justificada como un intento por controlar los precios internos y garantizar el abastecimiento local, ha sido recibida con desconfianza y cr\u00edticas por parte del sector ganadero y exportador. \u00bfRealmente esta pol\u00edtica beneficia al pa\u00eds, o [&hellip;]<\/p>\n","protected":false},"author":1,"featured_media":169888,"comment_status":"closed","ping_status":"open","sticky":false,"template":"","format":"standard","meta":{"_acf_changed":false,"footnotes":""},"categories":[9],"tags":[],"class_list":["post-286497","post","type-post","status-publish","format-standard","has-post-thumbnail","category-opinion"],"acf":{"antetitulo":""},"yoast_head":"<!-- This site is optimized with the Yoast SEO plugin v28.4 - https:\/\/yoast.com\/product\/yoast-seo-wordpress\/ -->\n<title>\u00bfA qui\u00e9n beneficia la suspensi\u00f3n de las exportaciones de carne? - El Diario - Bolivia<\/title>\n<meta name=\"robots\" content=\"index, follow, max-snippet:-1, max-image-preview:large, max-video-preview:-1\" \/>\n<link rel=\"canonical\" href=\"https:\/\/www.eldiario.net\/portal\/2025\/03\/07\/a-quien-beneficia-la-suspension-de-las-exportaciones-de-carne\/\" \/>\n<meta property=\"og:locale\" content=\"es_ES\" \/>\n<meta property=\"og:type\" content=\"article\" \/>\n<meta property=\"og:title\" content=\"\u00bfA qui\u00e9n beneficia la suspensi\u00f3n de las exportaciones de carne? - El Diario - Bolivia\" \/>\n<meta property=\"og:description\" content=\"La decisi\u00f3n desacertada del Gobierno de suspender las exportaciones de carne ha generado un intenso debate. La medida implementada y justificada como un intento por controlar los precios internos y garantizar el abastecimiento local, ha sido recibida con desconfianza y cr\u00edticas por parte del sector ganadero y exportador. \u00bfRealmente esta pol\u00edtica beneficia al pa\u00eds, o [&hellip;]\" \/>\n<meta property=\"og:url\" content=\"https:\/\/www.eldiario.net\/portal\/2025\/03\/07\/a-quien-beneficia-la-suspension-de-las-exportaciones-de-carne\/\" \/>\n<meta property=\"og:site_name\" content=\"El Diario - Bolivia\" \/>\n<meta property=\"article:publisher\" content=\"https:\/\/www.facebook.com\/eldiario.bolivia\/\" \/>\n<meta property=\"article:published_time\" content=\"2025-03-07T09:50:52+00:00\" \/>\n<meta property=\"og:image\" content=\"https:\/\/www.eldiario.net\/portal\/wp-content\/uploads\/2023\/08\/Raul-Ruiz-Roca.jpg\" \/>\n\t<meta property=\"og:image:width\" content=\"1200\" \/>\n\t<meta property=\"og:image:height\" content=\"628\" \/>\n\t<meta property=\"og:image:type\" content=\"image\/jpeg\" \/>\n<meta name=\"author\" content=\"Jeanette\" \/>\n<meta name=\"twitter:card\" content=\"summary_large_image\" \/>\n<meta name=\"twitter:creator\" content=\"@eldiario_net\" \/>\n<meta name=\"twitter:site\" content=\"@eldiario_net\" \/>\n<meta name=\"twitter:label1\" content=\"Escrito por\" \/>\n\t<meta name=\"twitter:data1\" content=\"Jeanette\" \/>\n\t<meta name=\"twitter:label2\" content=\"Tiempo de lectura\" \/>\n\t<meta name=\"twitter:data2\" content=\"2 minutos\" \/>\n<script type=\"application\/ld+json\" class=\"yoast-schema-graph\">{\"@context\":\"https:\\\/\\\/schema.org\",\"@graph\":[{\"@type\":\"Article\",\"@id\":\"https:\\\/\\\/www.eldiario.net\\\/portal\\\/2025\\\/03\\\/07\\\/a-quien-beneficia-la-suspension-de-las-exportaciones-de-carne\\\/#article\",\"isPartOf\":{\"@id\":\"https:\\\/\\\/www.eldiario.net\\\/portal\\\/2025\\\/03\\\/07\\\/a-quien-beneficia-la-suspension-de-las-exportaciones-de-carne\\\/\"},\"author\":{\"name\":\"Jeanette\",\"@id\":\"https:\\\/\\\/www.eldiario.net\\\/portal\\\/#\\\/schema\\\/person\\\/f46445640444750d7d753ccd04ae01b7\"},\"headline\":\"\u00bfA qui\u00e9n beneficia la suspensi\u00f3n de las exportaciones de carne?\",\"datePublished\":\"2025-03-07T09:50:52+00:00\",\"mainEntityOfPage\":{\"@id\":\"https:\\\/\\\/www.eldiario.net\\\/portal\\\/2025\\\/03\\\/07\\\/a-quien-beneficia-la-suspension-de-las-exportaciones-de-carne\\\/\"},\"wordCount\":426,\"publisher\":{\"@id\":\"https:\\\/\\\/www.eldiario.net\\\/portal\\\/#organization\"},\"image\":{\"@id\":\"https:\\\/\\\/www.eldiario.net\\\/portal\\\/2025\\\/03\\\/07\\\/a-quien-beneficia-la-suspension-de-las-exportaciones-de-carne\\\/#primaryimage\"},\"thumbnailUrl\":\"https:\\\/\\\/www.eldiario.net\\\/portal\\\/wp-content\\\/uploads\\\/2023\\\/08\\\/Raul-Ruiz-Roca.jpg\",\"articleSection\":[\"Opini\u00f3n\"],\"inLanguage\":\"es\"},{\"@type\":\"WebPage\",\"@id\":\"https:\\\/\\\/www.eldiario.net\\\/portal\\\/2025\\\/03\\\/07\\\/a-quien-beneficia-la-suspension-de-las-exportaciones-de-carne\\\/\",\"url\":\"https:\\\/\\\/www.eldiario.net\\\/portal\\\/2025\\\/03\\\/07\\\/a-quien-beneficia-la-suspension-de-las-exportaciones-de-carne\\\/\",\"name\":\"\u00bfA qui\u00e9n beneficia la suspensi\u00f3n de las exportaciones de carne? - El Diario - Bolivia\",\"isPartOf\":{\"@id\":\"https:\\\/\\\/www.eldiario.net\\\/portal\\\/#website\"},\"primaryImageOfPage\":{\"@id\":\"https:\\\/\\\/www.eldiario.net\\\/portal\\\/2025\\\/03\\\/07\\\/a-quien-beneficia-la-suspension-de-las-exportaciones-de-carne\\\/#primaryimage\"},\"image\":{\"@id\":\"https:\\\/\\\/www.eldiario.net\\\/portal\\\/2025\\\/03\\\/07\\\/a-quien-beneficia-la-suspension-de-las-exportaciones-de-carne\\\/#primaryimage\"},\"thumbnailUrl\":\"https:\\\/\\\/www.eldiario.net\\\/portal\\\/wp-content\\\/uploads\\\/2023\\\/08\\\/Raul-Ruiz-Roca.jpg\",\"datePublished\":\"2025-03-07T09:50:52+00:00\",\"breadcrumb\":{\"@id\":\"https:\\\/\\\/www.eldiario.net\\\/portal\\\/2025\\\/03\\\/07\\\/a-quien-beneficia-la-suspension-de-las-exportaciones-de-carne\\\/#breadcrumb\"},\"inLanguage\":\"es\",\"potentialAction\":[{\"@type\":\"ReadAction\",\"target\":[\"https:\\\/\\\/www.eldiario.net\\\/portal\\\/2025\\\/03\\\/07\\\/a-quien-beneficia-la-suspension-de-las-exportaciones-de-carne\\\/\"]}]},{\"@type\":\"ImageObject\",\"inLanguage\":\"es\",\"@id\":\"https:\\\/\\\/www.eldiario.net\\\/portal\\\/2025\\\/03\\\/07\\\/a-quien-beneficia-la-suspension-de-las-exportaciones-de-carne\\\/#primaryimage\",\"url\":\"https:\\\/\\\/www.eldiario.net\\\/portal\\\/wp-content\\\/uploads\\\/2023\\\/08\\\/Raul-Ruiz-Roca.jpg\",\"contentUrl\":\"https:\\\/\\\/www.eldiario.net\\\/portal\\\/wp-content\\\/uploads\\\/2023\\\/08\\\/Raul-Ruiz-Roca.jpg\",\"width\":1200,\"height\":628},{\"@type\":\"BreadcrumbList\",\"@id\":\"https:\\\/\\\/www.eldiario.net\\\/portal\\\/2025\\\/03\\\/07\\\/a-quien-beneficia-la-suspension-de-las-exportaciones-de-carne\\\/#breadcrumb\",\"itemListElement\":[{\"@type\":\"ListItem\",\"position\":1,\"name\":\"Portada\",\"item\":\"https:\\\/\\\/www.eldiario.net\\\/portal\\\/\"},{\"@type\":\"ListItem\",\"position\":2,\"name\":\"\u00bfA qui\u00e9n beneficia la suspensi\u00f3n de las exportaciones de carne?\"}]},{\"@type\":\"WebSite\",\"@id\":\"https:\\\/\\\/www.eldiario.net\\\/portal\\\/#website\",\"url\":\"https:\\\/\\\/www.eldiario.net\\\/portal\\\/\",\"name\":\"El Diario - Decano de la prensa nacional\",\"description\":\"El Diario - Decano de la prensa nacional\",\"publisher\":{\"@id\":\"https:\\\/\\\/www.eldiario.net\\\/portal\\\/#organization\"},\"potentialAction\":[{\"@type\":\"SearchAction\",\"target\":{\"@type\":\"EntryPoint\",\"urlTemplate\":\"https:\\\/\\\/www.eldiario.net\\\/portal\\\/?s={search_term_string}\"},\"query-input\":{\"@type\":\"PropertyValueSpecification\",\"valueRequired\":true,\"valueName\":\"search_term_string\"}}],\"inLanguage\":\"es\"},{\"@type\":\"Organization\",\"@id\":\"https:\\\/\\\/www.eldiario.net\\\/portal\\\/#organization\",\"name\":\"El Diario - Decano de la prensa nacional\",\"url\":\"https:\\\/\\\/www.eldiario.net\\\/portal\\\/\",\"logo\":{\"@type\":\"ImageObject\",\"inLanguage\":\"es\",\"@id\":\"https:\\\/\\\/www.eldiario.net\\\/portal\\\/#\\\/schema\\\/logo\\\/image\\\/\",\"url\":\"https:\\\/\\\/www.eldiario.net\\\/portal\\\/wp-content\\\/uploads\\\/2023\\\/07\\\/logo_ED.jpg\",\"contentUrl\":\"https:\\\/\\\/www.eldiario.net\\\/portal\\\/wp-content\\\/uploads\\\/2023\\\/07\\\/logo_ED.jpg\",\"width\":272,\"height\":52,\"caption\":\"El Diario - Decano de la prensa nacional\"},\"image\":{\"@id\":\"https:\\\/\\\/www.eldiario.net\\\/portal\\\/#\\\/schema\\\/logo\\\/image\\\/\"},\"sameAs\":[\"https:\\\/\\\/www.facebook.com\\\/eldiario.bolivia\\\/\",\"https:\\\/\\\/x.com\\\/eldiario_net\"]},{\"@type\":\"Person\",\"@id\":\"https:\\\/\\\/www.eldiario.net\\\/portal\\\/#\\\/schema\\\/person\\\/f46445640444750d7d753ccd04ae01b7\",\"name\":\"Jeanette\",\"image\":{\"@type\":\"ImageObject\",\"inLanguage\":\"es\",\"@id\":\"https:\\\/\\\/secure.gravatar.com\\\/avatar\\\/3ea2118a5f7dad2b7138b1187a6b7ee55f160b9968b66013c3a3ef39dd7e5798?s=96&d=mm&r=g\",\"url\":\"https:\\\/\\\/secure.gravatar.com\\\/avatar\\\/3ea2118a5f7dad2b7138b1187a6b7ee55f160b9968b66013c3a3ef39dd7e5798?s=96&d=mm&r=g\",\"contentUrl\":\"https:\\\/\\\/secure.gravatar.com\\\/avatar\\\/3ea2118a5f7dad2b7138b1187a6b7ee55f160b9968b66013c3a3ef39dd7e5798?s=96&d=mm&r=g\",\"caption\":\"Jeanette\"},\"sameAs\":[\"https:\\\/\\\/www.eldiario.net\\\/portal\"],\"url\":\"https:\\\/\\\/www.eldiario.net\\\/portal\\\/author\\\/jeanette\\\/\"}]}<\/script>\n<!-- \/ Yoast SEO plugin. -->","yoast_head_json":{"title":"\u00bfA qui\u00e9n beneficia la suspensi\u00f3n de las exportaciones de carne? - El Diario - Bolivia","robots":{"index":"index","follow":"follow","max-snippet":"max-snippet:-1","max-image-preview":"max-image-preview:large","max-video-preview":"max-video-preview:-1"},"canonical":"https:\/\/www.eldiario.net\/portal\/2025\/03\/07\/a-quien-beneficia-la-suspension-de-las-exportaciones-de-carne\/","og_locale":"es_ES","og_type":"article","og_title":"\u00bfA qui\u00e9n beneficia la suspensi\u00f3n de las exportaciones de carne? - El Diario - Bolivia","og_description":"La decisi\u00f3n desacertada del Gobierno de suspender las exportaciones de carne ha generado un intenso debate. La medida implementada y justificada como un intento por controlar los precios internos y garantizar el abastecimiento local, ha sido recibida con desconfianza y cr\u00edticas por parte del sector ganadero y exportador. \u00bfRealmente esta pol\u00edtica beneficia al pa\u00eds, o [&hellip;]","og_url":"https:\/\/www.eldiario.net\/portal\/2025\/03\/07\/a-quien-beneficia-la-suspension-de-las-exportaciones-de-carne\/","og_site_name":"El Diario - Bolivia","article_publisher":"https:\/\/www.facebook.com\/eldiario.bolivia\/","article_published_time":"2025-03-07T09:50:52+00:00","og_image":[{"width":1200,"height":628,"url":"https:\/\/www.eldiario.net\/portal\/wp-content\/uploads\/2023\/08\/Raul-Ruiz-Roca.jpg","type":"image\/jpeg"}],"author":"Jeanette","twitter_card":"summary_large_image","twitter_creator":"@eldiario_net","twitter_site":"@eldiario_net","twitter_misc":{"Escrito por":"Jeanette","Tiempo de lectura":"2 minutos"},"schema":{"@context":"https:\/\/schema.org","@graph":[{"@type":"Article","@id":"https:\/\/www.eldiario.net\/portal\/2025\/03\/07\/a-quien-beneficia-la-suspension-de-las-exportaciones-de-carne\/#article","isPartOf":{"@id":"https:\/\/www.eldiario.net\/portal\/2025\/03\/07\/a-quien-beneficia-la-suspension-de-las-exportaciones-de-carne\/"},"author":{"name":"Jeanette","@id":"https:\/\/www.eldiario.net\/portal\/#\/schema\/person\/f46445640444750d7d753ccd04ae01b7"},"headline":"\u00bfA qui\u00e9n beneficia la suspensi\u00f3n de las exportaciones de carne?","datePublished":"2025-03-07T09:50:52+00:00","mainEntityOfPage":{"@id":"https:\/\/www.eldiario.net\/portal\/2025\/03\/07\/a-quien-beneficia-la-suspension-de-las-exportaciones-de-carne\/"},"wordCount":426,"publisher":{"@id":"https:\/\/www.eldiario.net\/portal\/#organization"},"image":{"@id":"https:\/\/www.eldiario.net\/portal\/2025\/03\/07\/a-quien-beneficia-la-suspension-de-las-exportaciones-de-carne\/#primaryimage"},"thumbnailUrl":"https:\/\/www.eldiario.net\/portal\/wp-content\/uploads\/2023\/08\/Raul-Ruiz-Roca.jpg","articleSection":["Opini\u00f3n"],"inLanguage":"es"},{"@type":"WebPage","@id":"https:\/\/www.eldiario.net\/portal\/2025\/03\/07\/a-quien-beneficia-la-suspension-de-las-exportaciones-de-carne\/","url":"https:\/\/www.eldiario.net\/portal\/2025\/03\/07\/a-quien-beneficia-la-suspension-de-las-exportaciones-de-carne\/","name":"\u00bfA qui\u00e9n beneficia la suspensi\u00f3n de las exportaciones de carne? - El Diario - Bolivia","isPartOf":{"@id":"https:\/\/www.eldiario.net\/portal\/#website"},"primaryImageOfPage":{"@id":"https:\/\/www.eldiario.net\/portal\/2025\/03\/07\/a-quien-beneficia-la-suspension-de-las-exportaciones-de-carne\/#primaryimage"},"image":{"@id":"https:\/\/www.eldiario.net\/portal\/2025\/03\/07\/a-quien-beneficia-la-suspension-de-las-exportaciones-de-carne\/#primaryimage"},"thumbnailUrl":"https:\/\/www.eldiario.net\/portal\/wp-content\/uploads\/2023\/08\/Raul-Ruiz-Roca.jpg","datePublished":"2025-03-07T09:50:52+00:00","breadcrumb":{"@id":"https:\/\/www.eldiario.net\/portal\/2025\/03\/07\/a-quien-beneficia-la-suspension-de-las-exportaciones-de-carne\/#breadcrumb"},"inLanguage":"es","potentialAction":[{"@type":"ReadAction","target":["https:\/\/www.eldiario.net\/portal\/2025\/03\/07\/a-quien-beneficia-la-suspension-de-las-exportaciones-de-carne\/"]}]},{"@type":"ImageObject","inLanguage":"es","@id":"https:\/\/www.eldiario.net\/portal\/2025\/03\/07\/a-quien-beneficia-la-suspension-de-las-exportaciones-de-carne\/#primaryimage","url":"https:\/\/www.eldiario.net\/portal\/wp-content\/uploads\/2023\/08\/Raul-Ruiz-Roca.jpg","contentUrl":"https:\/\/www.eldiario.net\/portal\/wp-content\/uploads\/2023\/08\/Raul-Ruiz-Roca.jpg","width":1200,"height":628},{"@type":"BreadcrumbList","@id":"https:\/\/www.eldiario.net\/portal\/2025\/03\/07\/a-quien-beneficia-la-suspension-de-las-exportaciones-de-carne\/#breadcrumb","itemListElement":[{"@type":"ListItem","position":1,"name":"Portada","item":"https:\/\/www.eldiario.net\/portal\/"},{"@type":"ListItem","position":2,"name":"\u00bfA qui\u00e9n beneficia la suspensi\u00f3n de las exportaciones de carne?"}]},{"@type":"WebSite","@id":"https:\/\/www.eldiario.net\/portal\/#website","url":"https:\/\/www.eldiario.net\/portal\/","name":"El Diario - Decano de la prensa nacional","description":"El Diario - Decano de la prensa nacional","publisher":{"@id":"https:\/\/www.eldiario.net\/portal\/#organization"},"potentialAction":[{"@type":"SearchAction","target":{"@type":"EntryPoint","urlTemplate":"https:\/\/www.eldiario.net\/portal\/?s={search_term_string}"},"query-input":{"@type":"PropertyValueSpecification","valueRequired":true,"valueName":"search_term_string"}}],"inLanguage":"es"},{"@type":"Organization","@id":"https:\/\/www.eldiario.net\/portal\/#organization","name":"El Diario - Decano de la prensa nacional","url":"https:\/\/www.eldiario.net\/portal\/","logo":{"@type":"ImageObject","inLanguage":"es","@id":"https:\/\/www.eldiario.net\/portal\/#\/schema\/logo\/image\/","url":"https:\/\/www.eldiario.net\/portal\/wp-content\/uploads\/2023\/07\/logo_ED.jpg","contentUrl":"https:\/\/www.eldiario.net\/portal\/wp-content\/uploads\/2023\/07\/logo_ED.jpg","width":272,"height":52,"caption":"El Diario - Decano de la prensa nacional"},"image":{"@id":"https:\/\/www.eldiario.net\/portal\/#\/schema\/logo\/image\/"},"sameAs":["https:\/\/www.facebook.com\/eldiario.bolivia\/","https:\/\/x.com\/eldiario_net"]},{"@type":"Person","@id":"https:\/\/www.eldiario.net\/portal\/#\/schema\/person\/f46445640444750d7d753ccd04ae01b7","name":"Jeanette","image":{"@type":"ImageObject","inLanguage":"es","@id":"https:\/\/secure.gravatar.com\/avatar\/3ea2118a5f7dad2b7138b1187a6b7ee55f160b9968b66013c3a3ef39dd7e5798?s=96&d=mm&r=g","url":"https:\/\/secure.gravatar.com\/avatar\/3ea2118a5f7dad2b7138b1187a6b7ee55f160b9968b66013c3a3ef39dd7e5798?s=96&d=mm&r=g","contentUrl":"https:\/\/secure.gravatar.com\/avatar\/3ea2118a5f7dad2b7138b1187a6b7ee55f160b9968b66013c3a3ef39dd7e5798?s=96&d=mm&r=g","caption":"Jeanette"},"sameAs":["https:\/\/www.eldiario.net\/portal"],"url":"https:\/\/www.eldiario.net\/portal\/author\/jeanette\/"}]}},"_links":{"self":[{"href":"https:\/\/www.eldiario.net\/portal\/wp-json\/wp\/v2\/posts\/286497","targetHints":{"allow":["GET"]}}],"collection":[{"href":"https:\/\/www.eldiario.net\/portal\/wp-json\/wp\/v2\/posts"}],"about":[{"href":"https:\/\/www.eldiario.net\/portal\/wp-json\/wp\/v2\/types\/post"}],"author":[{"embeddable":true,"href":"https:\/\/www.eldiario.net\/portal\/wp-json\/wp\/v2\/users\/1"}],"replies":[{"embeddable":true,"href":"https:\/\/www.eldiario.net\/portal\/wp-json\/wp\/v2\/comments?post=286497"}],"version-history":[{"count":1,"href":"https:\/\/www.eldiario.net\/portal\/wp-json\/wp\/v2\/posts\/286497\/revisions"}],"predecessor-version":[{"id":286498,"href":"https:\/\/www.eldiario.net\/portal\/wp-json\/wp\/v2\/posts\/286497\/revisions\/286498"}],"wp:featuredmedia":[{"embeddable":true,"href":"https:\/\/www.eldiario.net\/portal\/wp-json\/wp\/v2\/media\/169888"}],"wp:attachment":[{"href":"https:\/\/www.eldiario.net\/portal\/wp-json\/wp\/v2\/media?parent=286497"}],"wp:term":[{"taxonomy":"category","embeddable":true,"href":"https:\/\/www.eldiario.net\/portal\/wp-json\/wp\/v2\/categories?post=286497"},{"taxonomy":"post_tag","embeddable":true,"href":"https:\/\/www.eldiario.net\/portal\/wp-json\/wp\/v2\/tags?post=286497"}],"curies":[{"name":"wp","href":"https:\/\/api.w.org\/{rel}","templated":true}]}}