{"id":284569,"date":"2025-02-26T06:04:20","date_gmt":"2025-02-26T10:04:20","guid":{"rendered":"https:\/\/www.eldiario.net\/portal\/?p=284569"},"modified":"2025-02-26T06:04:20","modified_gmt":"2025-02-26T10:04:20","slug":"paczek","status":"publish","type":"post","link":"https:\/\/www.eldiario.net\/portal\/2025\/02\/26\/paczek\/","title":{"rendered":"P\u0104CZEK"},"content":{"rendered":"<p>Queridos lectores, el Carnaval, que hoy asociamos con desfiles, disfraces y festines, tiene ra\u00edces que van mucho m\u00e1s all\u00e1 del cristianismo. Su origen se encuentra en las antiguas festividades paganas romanas, como las Saturnales y Lupercales, donde la gente celebraba la fertilidad, la abundancia y el fin del invierno con grandes banquetes y permisividad social.<\/p>\n<p>Con la llegada del cristianismo, la Iglesia absorbi\u00f3 estas festividades y las transform\u00f3 en una celebraci\u00f3n previa a la Cuaresma, el periodo de 40 d\u00edas de ayuno y penitencia antes de la Pascua. As\u00ed naci\u00f3 el martes de Carnaval o Mardi Gras, tambi\u00e9n conocido en Polonia como T\u0142usty Czwartek o \u00abJueves Gordo\u00bb, la \u00faltima oportunidad para disfrutar de alimentos ricos en grasa y az\u00facar antes de las restricciones cuaresmales. Continuando nuestro viaje culinario, nos vamos justamente hasta Polonia.<\/p>\n<p>Cuando se acerca el Carnaval, las calles de Polonia se llenan de un aroma inconfundible: el de los p\u0105czki, esos deliciosos bollos fritos, dorados y rellenos de mermelada que marcan la \u00faltima gran celebraci\u00f3n antes de la Cuaresma. Aunque hoy en d\u00eda se disfrutan en diversas partes del mundo, especialmente en comunidades polacas de Estados Unidos como Chicago y Detroit, su historia se remonta a siglos atr\u00e1s, ligada a una tradici\u00f3n de indulgencia antes del tiempo de penitencia.<\/p>\n<p>Los p\u0105czki tienen una historia que se remonta a la Edad Media. Originalmente, eran bollos salados, rellenos de carne o grasa de cerdo, consumidos en las cortes y aldeas polacas como s\u00edmbolo de prosperidad. Sin embargo, con la llegada del az\u00facar y la influencia de la reposter\u00eda francesa en los siglos XVI y XVII, la receta evolucion\u00f3 hacia una versi\u00f3n dulce, m\u00e1s parecida a la que conocemos hoy.<\/p>\n<p>El refinamiento definitivo de los p\u0105czki se dio en el siglo XVIII, cuando los panaderos comenzaron a elaborarlos con masas m\u00e1s esponjosas, gracias a la incorporaci\u00f3n de levadura y mantequilla. Adem\u00e1s, se populariz\u00f3 el relleno de marmolada z dzikiej r\u00f3\u017cy (mermelada de rosas silvestres), un toque distintivo que sigue siendo el m\u00e1s tradicional.<\/p>\n<p>En Polonia, la creencia popular dice que quien no coma al menos un p\u0105czek durante el T\u0142usty Czwartek tendr\u00e1 mala suerte el resto del a\u00f1o. Por ello, las panader\u00edas se llenan de largas filas de personas que buscan estos dulces, que hoy en d\u00eda pueden encontrarse en una gran variedad de sabores: desde mermelada de ciruela hasta crema de vainilla, chocolate o dulce de leche.<\/p>\n<p>Con el tiempo, los p\u0105czki trascendieron fronteras y se convirtieron en un s\u00edmbolo de la comunidad polaca en el extranjero, especialmente en Estados Unidos, donde cada \u00abFat Thursday\u00bb o \u00abFat Tuesday\u00bb es motivo de grandes celebraciones en ciudades con alta poblaci\u00f3n polaca.<\/p>\n<p>As\u00ed que, queridos lectores, cada vez que muerdan un p\u0105czek, al terminar la receta de hoy, no solo disfrutar\u00e1n de un postre delicioso, sino que tambi\u00e9n formar\u00e1n parte de una tradici\u00f3n centenaria que une la historia, la indulgencia y la cultura de Polonia. Un verdadero fest\u00edn antes de la llegada del ayuno.<\/p>\n<p>Buen provecho o como se dir\u00eda en polaco \u00a1smacznego!<\/p>\n<p>&nbsp;<\/p>\n<p><strong>P\u0104CZEK<\/strong><\/p>\n<p>(Polonia)<\/p>\n<p><strong>Ingredientes:<\/strong><\/p>\n<p><strong>\u00a0<\/strong><\/p>\n<p>(Para 12-15 p\u0105czki)<\/p>\n<p>&nbsp;<\/p>\n<p><strong>Para la masa:<\/strong><\/p>\n<p>500 gr de harina de trigo<\/p>\n<p>7 gr de levadura seca (o 20 gr de levadura fresca)<\/p>\n<p>250 ml de leche tibia<\/p>\n<p>80 gr de az\u00facar<\/p>\n<p>80 gr de mantequilla derretida<\/p>\n<p>2 yemas de huevo + 1 huevo entero<\/p>\n<p>1 cucharilla de esencia de vainilla<\/p>\n<p>1 cucharilla de ron (opcional, ayuda a que absorban menos aceite)<\/p>\n<p>1 pizca de sal<\/p>\n<p>&nbsp;<\/p>\n<p><strong>Para el relleno (opcional):<\/strong><\/p>\n<p><strong>\u00a0<\/strong><\/p>\n<p>Mermelada de rosas silvestres (tradicional) o de ciruela, fresa o frambuesa<\/p>\n<p>Crema pastelera o chocolate (para versiones m\u00e1s modernas)<\/p>\n<p>&nbsp;<\/p>\n<p><strong>Para fre\u00edr y decorar:<\/strong><\/p>\n<p><strong>\u00a0<\/strong><\/p>\n<p>Aceite de girasol (suficiente para fre\u00edr)<\/p>\n<p>Az\u00facar glas para espolvorear<\/p>\n<p>&nbsp;<\/p>\n<p><strong>Preparaci\u00f3n:<\/strong><\/p>\n<p>&nbsp;<\/p>\n<p>En un bowl grande, mezclar la levadura con la leche tibia y una cucharilla de az\u00facar. Dejar reposar 10 minutos hasta que burbujee.<\/p>\n<p>&nbsp;<\/p>\n<p>A\u00f1adir el az\u00facar restante, las yemas, el huevo, la vainilla y el ron. Mezclar bien. Incorporar la harina poco a poco y amasar hasta que la mezcla sea homog\u00e9nea. Agregar la mantequilla derretida y la sal. Continuar amasando hasta obtener una masa el\u00e1stica y suave.<\/p>\n<p>&nbsp;<\/p>\n<p>Cubrir con un pa\u00f1o limpio y dejar reposar en un lugar c\u00e1lido durante 1-1.5 horas, hasta que doble su tama\u00f1o.<\/p>\n<p>&nbsp;<\/p>\n<p>Sobre una superficie enharinada, extender la masa hasta que tenga 1.5 cm de grosor. Usar un vaso o cortador redondo para formar discos de unos 6-8 cm de di\u00e1metro.<\/p>\n<p>&nbsp;<\/p>\n<p>Si quiere rellenarlos antes de fre\u00edr, colocar una cucharilla de mermelada en el centro de la mitad de los discos y cubrirlos con otra capa de masa, sellando bien los bordes. Si prefiere rellenarlos despu\u00e9s, fre\u00edrlos sin relleno y usar una manga pastelera para inyectarlo una vez fr\u00edos.<\/p>\n<p>Colocar los p\u0105czki en una bandeja enharinada y dejar reposar otros 30-40 minutos hasta que aumenten su tama\u00f1o.<\/p>\n<p>&nbsp;<\/p>\n<p>Calentar el aceite en una sart\u00e9n profunda a 170-175\u00b0C. Fr\u00eda los p\u0105czki en tandas de 2-3 minutos por lado, hasta que est\u00e9n dorados y esponjosos. Usar una espumadera para retirarlos y colocarlos sobre papel absorbente.<\/p>\n<p>&nbsp;<\/p>\n<p><strong>Servir:<\/strong><\/p>\n<p><strong>\u00a0<\/strong><\/p>\n<p>Cuando est\u00e9n tibios, espolvorear con az\u00facar glas o cubrirlos con un ligero glaseado de az\u00facar.<\/p>\n<p><strong>Nota:<\/strong><\/p>\n<p>Para que queden m\u00e1s esponjosos, aseg\u00farese de respetar los tiempos de levado y no a\u00f1adir demasiada harina al amasar.<\/p>\n<p>Si prefiere hornearlos, que sea a 180\u00b0C durante 15-18 minutos y pincelarlos con mantequilla derretida antes de espolvorear el az\u00facar.<\/p>\n<p><strong>Otros rellenos deliciosos:<\/strong>\u00a0 dulce de leche, crema de vainilla o incluso compotas caseras.<\/p>\n<p>&nbsp;<\/p>\n<p>\u00a1Disfruten de estos aut\u00e9nticos p\u0105czki y celebren el Carnaval con el mejor sabor de Polonia!<\/p>\n<p>&nbsp;<\/p>\n<p>Queridos lectores hasta la pr\u00f3xima cucharada de sabidur\u00eda gastron\u00f3mica y no olviden que:<\/p>\n<p>\u201cLa gastronom\u00eda hecha con amor, f\u00edsica, qu\u00edmica y biol\u00f3gicamente sabe mejor\u201d<\/p>\n<p>&nbsp;<\/p>\n<p>Chef Franz R. Arandia Belmonte<\/p>\n<p>Gastr\u00f3nomo Profesional e Investigador Gastron\u00f3mico<\/p>\n<p>&nbsp;<\/p>\n<p>&nbsp;<\/p>\n<p>Facebook Fan Page: Chef Ara\u00f1a<\/p>\n<p>Facebook: Paladar Mundial Un Gusto Surreal<\/p>\n<p>Blog: Gastrobiologia.wordpress.com<\/p>\n<p>Instagram: Arana_del_monte<\/p>\n<p>Tik tok: chef.aranha<\/p>\n\r\n                <style type=\"text\/css\">\r\n                    \r\n                    #tdi_1  .td-doubleSlider-2 .td-item1 {\r\n                        background: url(https:\/\/www.eldiario.net\/portal\/wp-content\/uploads\/2025\/02\/NOTA-4-FOTO-1-1-80x60.jpg) 0 0 no-repeat;\r\n                    }\r\n                    #tdi_1  .td-doubleSlider-2 .td-item2 {\r\n                        background: url(https:\/\/www.eldiario.net\/portal\/wp-content\/uploads\/2025\/02\/NOTA-4-FOTO-2-1-80x60.jpeg) 0 0 no-repeat;\r\n                    }\r\n                <\/style>\r\n\r\n                <div id=\"tdi_1\" class=\"td-gallery td-slide-on-2-columns\">\r\n                    <div class=\"post_td_gallery\">\r\n                        <div class=\"td-gallery-slide-top\">\r\n                           <div class=\"td-gallery-title\"><\/div>\r\n\r\n                            <div class=\"td-gallery-controls-wrapper\">\r\n                                <div class=\"td-gallery-slide-count\"><span class=\"td-gallery-slide-item-focus\">1<\/span> de 2<\/div>\r\n                                <div class=\"td-gallery-slide-prev-next-but\">\r\n                                    <i class = \"td-icon-left doubleSliderPrevButton\"><\/i>\r\n                                    <i class = \"td-icon-right doubleSliderNextButton\"><\/i>\r\n                                <\/div>\r\n                            <\/div>\r\n                        <\/div>\r\n\r\n                        <div class = \"td-doubleSlider-1 \">\r\n                            <div class = \"td-slider\">\r\n                                \r\n                    <div class = \"td-slide-item td-item1\">\r\n                        <figure class=\"td-slide-galery-figure td-slide-popup-gallery\">\r\n                            <a class=\"slide-gallery-image-link\" href=\"https:\/\/www.eldiario.net\/portal\/wp-content\/uploads\/2025\/02\/NOTA-4-FOTO-1-1.jpg\" title=\"NOTA 4 FOTO 1\"  data-caption=\"P\u0104CZKI\"  data-description=\"\">\r\n                                <img decoding=\"async\" src=\"https:\/\/www.eldiario.net\/portal\/wp-content\/uploads\/2025\/02\/NOTA-4-FOTO-1-1-748x420.jpg\" srcset=\"https:\/\/www.eldiario.net\/portal\/wp-content\/uploads\/2025\/02\/NOTA-4-FOTO-1-1-748x420.jpg 748w, https:\/\/www.eldiario.net\/portal\/wp-content\/uploads\/2025\/02\/NOTA-4-FOTO-1-1-300x168.jpg 300w, https:\/\/www.eldiario.net\/portal\/wp-content\/uploads\/2025\/02\/NOTA-4-FOTO-1-1-768x431.jpg 768w, https:\/\/www.eldiario.net\/portal\/wp-content\/uploads\/2025\/02\/NOTA-4-FOTO-1-1-696x391.jpg 696w, https:\/\/www.eldiario.net\/portal\/wp-content\/uploads\/2025\/02\/NOTA-4-FOTO-1-1.jpg 780w\" sizes=\"(max-width: 748px) 100vw, 748px\" alt=\"\">\r\n                            <\/a>\r\n                            <figcaption class = \"td-slide-caption td-gallery-slide-content\"><div class = \"td-gallery-slide-copywrite\">P\u0104CZKI<\/div><\/figcaption>\r\n                        <\/figure>\r\n                    <\/div>\r\n                    <div class = \"td-slide-item td-item2\">\r\n                        <figure class=\"td-slide-galery-figure td-slide-popup-gallery\">\r\n                            <a class=\"slide-gallery-image-link\" href=\"https:\/\/www.eldiario.net\/portal\/wp-content\/uploads\/2025\/02\/NOTA-4-FOTO-2-1.jpeg\" title=\"NOTA 4 FOTO 2\"  data-caption=\"CHEF FRANZ ARANDIA\"  data-description=\"\">\r\n                                <img decoding=\"async\" src=\"https:\/\/www.eldiario.net\/portal\/wp-content\/uploads\/2025\/02\/NOTA-4-FOTO-2-1-420x420.jpeg\" srcset=\"https:\/\/www.eldiario.net\/portal\/wp-content\/uploads\/2025\/02\/NOTA-4-FOTO-2-1-420x420.jpeg 420w, https:\/\/www.eldiario.net\/portal\/wp-content\/uploads\/2025\/02\/NOTA-4-FOTO-2-1-300x300.jpeg 300w, https:\/\/www.eldiario.net\/portal\/wp-content\/uploads\/2025\/02\/NOTA-4-FOTO-2-1-150x150.jpeg 150w, https:\/\/www.eldiario.net\/portal\/wp-content\/uploads\/2025\/02\/NOTA-4-FOTO-2-1.jpeg 612w\" sizes=\"(max-width: 420px) 100vw, 420px\" alt=\"\">\r\n                            <\/a>\r\n                            <figcaption class = \"td-slide-caption td-gallery-slide-content\"><div class = \"td-gallery-slide-copywrite\">CHEF FRANZ ARANDIA<\/div><\/figcaption>\r\n                        <\/figure>\r\n                    <\/div>\r\n                            <\/div>\r\n                        <\/div>\r\n\r\n                        <div class = \"td-doubleSlider-2\">\r\n                            <div class = \"td-slider\">\r\n                                \r\n                    <div class = \"td-button td-item1\">\r\n                        <div class = \"td-border\"><\/div>\r\n                    <\/div>\r\n                    <div class = \"td-button td-item2\">\r\n                        <div class = \"td-border\"><\/div>\r\n                    <\/div>\r\n                            <\/div>\r\n                        <\/div>\r\n\r\n                    <\/div>\r\n\r\n                <\/div>\r\n                \n","protected":false},"excerpt":{"rendered":"<p>Queridos lectores, el Carnaval, que hoy asociamos con desfiles, disfraces y festines, tiene ra\u00edces que van mucho m\u00e1s all\u00e1 del cristianismo. Su origen se encuentra en las antiguas festividades paganas romanas, como las Saturnales y Lupercales, donde la gente celebraba la fertilidad, la abundancia y el fin del invierno con grandes banquetes y permisividad social. [&hellip;]<\/p>\n","protected":false},"author":1,"featured_media":284570,"comment_status":"closed","ping_status":"open","sticky":false,"template":"","format":"standard","meta":{"_acf_changed":false,"footnotes":""},"categories":[42],"tags":[],"class_list":["post-284569","post","type-post","status-publish","format-standard","has-post-thumbnail","category-femenina"],"acf":{"antetitulo":"Gastronom\u00eda"},"yoast_head":"<!-- This site is optimized with the Yoast SEO plugin v28.4 - https:\/\/yoast.com\/product\/yoast-seo-wordpress\/ -->\n<title>P\u0104CZEK - El Diario - Bolivia<\/title>\n<meta name=\"robots\" content=\"index, follow, max-snippet:-1, max-image-preview:large, max-video-preview:-1\" \/>\n<link rel=\"canonical\" href=\"https:\/\/www.eldiario.net\/portal\/2025\/02\/26\/paczek\/\" \/>\n<meta property=\"og:locale\" content=\"es_ES\" \/>\n<meta property=\"og:type\" content=\"article\" \/>\n<meta property=\"og:title\" content=\"P\u0104CZEK - El Diario - Bolivia\" \/>\n<meta property=\"og:description\" content=\"Queridos lectores, el Carnaval, que hoy asociamos con desfiles, disfraces y festines, tiene ra\u00edces que van mucho m\u00e1s all\u00e1 del cristianismo. Su origen se encuentra en las antiguas festividades paganas romanas, como las Saturnales y Lupercales, donde la gente celebraba la fertilidad, la abundancia y el fin del invierno con grandes banquetes y permisividad social. [&hellip;]\" \/>\n<meta property=\"og:url\" content=\"https:\/\/www.eldiario.net\/portal\/2025\/02\/26\/paczek\/\" \/>\n<meta property=\"og:site_name\" content=\"El Diario - Bolivia\" \/>\n<meta property=\"article:publisher\" content=\"https:\/\/www.facebook.com\/eldiario.bolivia\/\" \/>\n<meta property=\"article:published_time\" content=\"2025-02-26T10:04:20+00:00\" \/>\n<meta property=\"og:image\" content=\"https:\/\/www.eldiario.net\/portal\/wp-content\/uploads\/2025\/02\/NOTA-4-FOTO-1-1.jpg\" \/>\n\t<meta property=\"og:image:width\" content=\"780\" \/>\n\t<meta property=\"og:image:height\" content=\"438\" \/>\n\t<meta property=\"og:image:type\" content=\"image\/jpeg\" \/>\n<meta name=\"author\" content=\"Jeanette\" \/>\n<meta name=\"twitter:card\" content=\"summary_large_image\" \/>\n<meta name=\"twitter:creator\" content=\"@eldiario_net\" \/>\n<meta name=\"twitter:site\" content=\"@eldiario_net\" \/>\n<meta name=\"twitter:label1\" content=\"Escrito por\" \/>\n\t<meta name=\"twitter:data1\" content=\"Jeanette\" \/>\n\t<meta name=\"twitter:label2\" content=\"Tiempo de lectura\" \/>\n\t<meta name=\"twitter:data2\" content=\"5 minutos\" \/>\n<script type=\"application\/ld+json\" class=\"yoast-schema-graph\">{\"@context\":\"https:\\\/\\\/schema.org\",\"@graph\":[{\"@type\":\"Article\",\"@id\":\"https:\\\/\\\/www.eldiario.net\\\/portal\\\/2025\\\/02\\\/26\\\/paczek\\\/#article\",\"isPartOf\":{\"@id\":\"https:\\\/\\\/www.eldiario.net\\\/portal\\\/2025\\\/02\\\/26\\\/paczek\\\/\"},\"author\":{\"name\":\"Jeanette\",\"@id\":\"https:\\\/\\\/www.eldiario.net\\\/portal\\\/#\\\/schema\\\/person\\\/2c57cf2b7a7ae032e449e4c9b1019eac\"},\"headline\":\"P\u0104CZEK\",\"datePublished\":\"2025-02-26T10:04:20+00:00\",\"mainEntityOfPage\":{\"@id\":\"https:\\\/\\\/www.eldiario.net\\\/portal\\\/2025\\\/02\\\/26\\\/paczek\\\/\"},\"wordCount\":1065,\"publisher\":{\"@id\":\"https:\\\/\\\/www.eldiario.net\\\/portal\\\/#organization\"},\"image\":{\"@id\":\"https:\\\/\\\/www.eldiario.net\\\/portal\\\/2025\\\/02\\\/26\\\/paczek\\\/#primaryimage\"},\"thumbnailUrl\":\"https:\\\/\\\/www.eldiario.net\\\/portal\\\/wp-content\\\/uploads\\\/2025\\\/02\\\/NOTA-4-FOTO-1-1.jpg\",\"articleSection\":[\"Femenina\"],\"inLanguage\":\"es\"},{\"@type\":\"WebPage\",\"@id\":\"https:\\\/\\\/www.eldiario.net\\\/portal\\\/2025\\\/02\\\/26\\\/paczek\\\/\",\"url\":\"https:\\\/\\\/www.eldiario.net\\\/portal\\\/2025\\\/02\\\/26\\\/paczek\\\/\",\"name\":\"P\u0104CZEK - El Diario - Bolivia\",\"isPartOf\":{\"@id\":\"https:\\\/\\\/www.eldiario.net\\\/portal\\\/#website\"},\"primaryImageOfPage\":{\"@id\":\"https:\\\/\\\/www.eldiario.net\\\/portal\\\/2025\\\/02\\\/26\\\/paczek\\\/#primaryimage\"},\"image\":{\"@id\":\"https:\\\/\\\/www.eldiario.net\\\/portal\\\/2025\\\/02\\\/26\\\/paczek\\\/#primaryimage\"},\"thumbnailUrl\":\"https:\\\/\\\/www.eldiario.net\\\/portal\\\/wp-content\\\/uploads\\\/2025\\\/02\\\/NOTA-4-FOTO-1-1.jpg\",\"datePublished\":\"2025-02-26T10:04:20+00:00\",\"breadcrumb\":{\"@id\":\"https:\\\/\\\/www.eldiario.net\\\/portal\\\/2025\\\/02\\\/26\\\/paczek\\\/#breadcrumb\"},\"inLanguage\":\"es\",\"potentialAction\":[{\"@type\":\"ReadAction\",\"target\":[\"https:\\\/\\\/www.eldiario.net\\\/portal\\\/2025\\\/02\\\/26\\\/paczek\\\/\"]}]},{\"@type\":\"ImageObject\",\"inLanguage\":\"es\",\"@id\":\"https:\\\/\\\/www.eldiario.net\\\/portal\\\/2025\\\/02\\\/26\\\/paczek\\\/#primaryimage\",\"url\":\"https:\\\/\\\/www.eldiario.net\\\/portal\\\/wp-content\\\/uploads\\\/2025\\\/02\\\/NOTA-4-FOTO-1-1.jpg\",\"contentUrl\":\"https:\\\/\\\/www.eldiario.net\\\/portal\\\/wp-content\\\/uploads\\\/2025\\\/02\\\/NOTA-4-FOTO-1-1.jpg\",\"width\":780,\"height\":438,\"caption\":\"P\u0104CZKI\"},{\"@type\":\"BreadcrumbList\",\"@id\":\"https:\\\/\\\/www.eldiario.net\\\/portal\\\/2025\\\/02\\\/26\\\/paczek\\\/#breadcrumb\",\"itemListElement\":[{\"@type\":\"ListItem\",\"position\":1,\"name\":\"Portada\",\"item\":\"https:\\\/\\\/www.eldiario.net\\\/portal\\\/\"},{\"@type\":\"ListItem\",\"position\":2,\"name\":\"P\u0104CZEK\"}]},{\"@type\":\"WebSite\",\"@id\":\"https:\\\/\\\/www.eldiario.net\\\/portal\\\/#website\",\"url\":\"https:\\\/\\\/www.eldiario.net\\\/portal\\\/\",\"name\":\"El Diario - Decano de la prensa nacional\",\"description\":\"El Diario - Decano de la prensa nacional\",\"publisher\":{\"@id\":\"https:\\\/\\\/www.eldiario.net\\\/portal\\\/#organization\"},\"potentialAction\":[{\"@type\":\"SearchAction\",\"target\":{\"@type\":\"EntryPoint\",\"urlTemplate\":\"https:\\\/\\\/www.eldiario.net\\\/portal\\\/?s={search_term_string}\"},\"query-input\":{\"@type\":\"PropertyValueSpecification\",\"valueRequired\":true,\"valueName\":\"search_term_string\"}}],\"inLanguage\":\"es\"},{\"@type\":\"Organization\",\"@id\":\"https:\\\/\\\/www.eldiario.net\\\/portal\\\/#organization\",\"name\":\"El Diario - Decano de la prensa nacional\",\"url\":\"https:\\\/\\\/www.eldiario.net\\\/portal\\\/\",\"logo\":{\"@type\":\"ImageObject\",\"inLanguage\":\"es\",\"@id\":\"https:\\\/\\\/www.eldiario.net\\\/portal\\\/#\\\/schema\\\/logo\\\/image\\\/\",\"url\":\"https:\\\/\\\/www.eldiario.net\\\/portal\\\/wp-content\\\/uploads\\\/2023\\\/07\\\/logo_ED.jpg\",\"contentUrl\":\"https:\\\/\\\/www.eldiario.net\\\/portal\\\/wp-content\\\/uploads\\\/2023\\\/07\\\/logo_ED.jpg\",\"width\":272,\"height\":52,\"caption\":\"El Diario - Decano de la prensa nacional\"},\"image\":{\"@id\":\"https:\\\/\\\/www.eldiario.net\\\/portal\\\/#\\\/schema\\\/logo\\\/image\\\/\"},\"sameAs\":[\"https:\\\/\\\/www.facebook.com\\\/eldiario.bolivia\\\/\",\"https:\\\/\\\/x.com\\\/eldiario_net\"]},{\"@type\":\"Person\",\"@id\":\"https:\\\/\\\/www.eldiario.net\\\/portal\\\/#\\\/schema\\\/person\\\/2c57cf2b7a7ae032e449e4c9b1019eac\",\"name\":\"Jeanette\",\"image\":{\"@type\":\"ImageObject\",\"inLanguage\":\"es\",\"@id\":\"https:\\\/\\\/secure.gravatar.com\\\/avatar\\\/3ea2118a5f7dad2b7138b1187a6b7ee55f160b9968b66013c3a3ef39dd7e5798?s=96&d=mm&r=g\",\"url\":\"https:\\\/\\\/secure.gravatar.com\\\/avatar\\\/3ea2118a5f7dad2b7138b1187a6b7ee55f160b9968b66013c3a3ef39dd7e5798?s=96&d=mm&r=g\",\"contentUrl\":\"https:\\\/\\\/secure.gravatar.com\\\/avatar\\\/3ea2118a5f7dad2b7138b1187a6b7ee55f160b9968b66013c3a3ef39dd7e5798?s=96&d=mm&r=g\",\"caption\":\"Jeanette\"},\"sameAs\":[\"https:\\\/\\\/www.eldiario.net\\\/portal\"],\"url\":\"https:\\\/\\\/www.eldiario.net\\\/portal\\\/author\\\/jeanette\\\/\"}]}<\/script>\n<!-- \/ Yoast SEO plugin. -->","yoast_head_json":{"title":"P\u0104CZEK - El Diario - Bolivia","robots":{"index":"index","follow":"follow","max-snippet":"max-snippet:-1","max-image-preview":"max-image-preview:large","max-video-preview":"max-video-preview:-1"},"canonical":"https:\/\/www.eldiario.net\/portal\/2025\/02\/26\/paczek\/","og_locale":"es_ES","og_type":"article","og_title":"P\u0104CZEK - El Diario - Bolivia","og_description":"Queridos lectores, el Carnaval, que hoy asociamos con desfiles, disfraces y festines, tiene ra\u00edces que van mucho m\u00e1s all\u00e1 del cristianismo. Su origen se encuentra en las antiguas festividades paganas romanas, como las Saturnales y Lupercales, donde la gente celebraba la fertilidad, la abundancia y el fin del invierno con grandes banquetes y permisividad social. [&hellip;]","og_url":"https:\/\/www.eldiario.net\/portal\/2025\/02\/26\/paczek\/","og_site_name":"El Diario - Bolivia","article_publisher":"https:\/\/www.facebook.com\/eldiario.bolivia\/","article_published_time":"2025-02-26T10:04:20+00:00","og_image":[{"width":780,"height":438,"url":"https:\/\/www.eldiario.net\/portal\/wp-content\/uploads\/2025\/02\/NOTA-4-FOTO-1-1.jpg","type":"image\/jpeg"}],"author":"Jeanette","twitter_card":"summary_large_image","twitter_creator":"@eldiario_net","twitter_site":"@eldiario_net","twitter_misc":{"Escrito por":"Jeanette","Tiempo de lectura":"5 minutos"},"schema":{"@context":"https:\/\/schema.org","@graph":[{"@type":"Article","@id":"https:\/\/www.eldiario.net\/portal\/2025\/02\/26\/paczek\/#article","isPartOf":{"@id":"https:\/\/www.eldiario.net\/portal\/2025\/02\/26\/paczek\/"},"author":{"name":"Jeanette","@id":"https:\/\/www.eldiario.net\/portal\/#\/schema\/person\/2c57cf2b7a7ae032e449e4c9b1019eac"},"headline":"P\u0104CZEK","datePublished":"2025-02-26T10:04:20+00:00","mainEntityOfPage":{"@id":"https:\/\/www.eldiario.net\/portal\/2025\/02\/26\/paczek\/"},"wordCount":1065,"publisher":{"@id":"https:\/\/www.eldiario.net\/portal\/#organization"},"image":{"@id":"https:\/\/www.eldiario.net\/portal\/2025\/02\/26\/paczek\/#primaryimage"},"thumbnailUrl":"https:\/\/www.eldiario.net\/portal\/wp-content\/uploads\/2025\/02\/NOTA-4-FOTO-1-1.jpg","articleSection":["Femenina"],"inLanguage":"es"},{"@type":"WebPage","@id":"https:\/\/www.eldiario.net\/portal\/2025\/02\/26\/paczek\/","url":"https:\/\/www.eldiario.net\/portal\/2025\/02\/26\/paczek\/","name":"P\u0104CZEK - El Diario - Bolivia","isPartOf":{"@id":"https:\/\/www.eldiario.net\/portal\/#website"},"primaryImageOfPage":{"@id":"https:\/\/www.eldiario.net\/portal\/2025\/02\/26\/paczek\/#primaryimage"},"image":{"@id":"https:\/\/www.eldiario.net\/portal\/2025\/02\/26\/paczek\/#primaryimage"},"thumbnailUrl":"https:\/\/www.eldiario.net\/portal\/wp-content\/uploads\/2025\/02\/NOTA-4-FOTO-1-1.jpg","datePublished":"2025-02-26T10:04:20+00:00","breadcrumb":{"@id":"https:\/\/www.eldiario.net\/portal\/2025\/02\/26\/paczek\/#breadcrumb"},"inLanguage":"es","potentialAction":[{"@type":"ReadAction","target":["https:\/\/www.eldiario.net\/portal\/2025\/02\/26\/paczek\/"]}]},{"@type":"ImageObject","inLanguage":"es","@id":"https:\/\/www.eldiario.net\/portal\/2025\/02\/26\/paczek\/#primaryimage","url":"https:\/\/www.eldiario.net\/portal\/wp-content\/uploads\/2025\/02\/NOTA-4-FOTO-1-1.jpg","contentUrl":"https:\/\/www.eldiario.net\/portal\/wp-content\/uploads\/2025\/02\/NOTA-4-FOTO-1-1.jpg","width":780,"height":438,"caption":"P\u0104CZKI"},{"@type":"BreadcrumbList","@id":"https:\/\/www.eldiario.net\/portal\/2025\/02\/26\/paczek\/#breadcrumb","itemListElement":[{"@type":"ListItem","position":1,"name":"Portada","item":"https:\/\/www.eldiario.net\/portal\/"},{"@type":"ListItem","position":2,"name":"P\u0104CZEK"}]},{"@type":"WebSite","@id":"https:\/\/www.eldiario.net\/portal\/#website","url":"https:\/\/www.eldiario.net\/portal\/","name":"El Diario - Decano de la prensa nacional","description":"El Diario - Decano de la prensa nacional","publisher":{"@id":"https:\/\/www.eldiario.net\/portal\/#organization"},"potentialAction":[{"@type":"SearchAction","target":{"@type":"EntryPoint","urlTemplate":"https:\/\/www.eldiario.net\/portal\/?s={search_term_string}"},"query-input":{"@type":"PropertyValueSpecification","valueRequired":true,"valueName":"search_term_string"}}],"inLanguage":"es"},{"@type":"Organization","@id":"https:\/\/www.eldiario.net\/portal\/#organization","name":"El Diario - Decano de la prensa nacional","url":"https:\/\/www.eldiario.net\/portal\/","logo":{"@type":"ImageObject","inLanguage":"es","@id":"https:\/\/www.eldiario.net\/portal\/#\/schema\/logo\/image\/","url":"https:\/\/www.eldiario.net\/portal\/wp-content\/uploads\/2023\/07\/logo_ED.jpg","contentUrl":"https:\/\/www.eldiario.net\/portal\/wp-content\/uploads\/2023\/07\/logo_ED.jpg","width":272,"height":52,"caption":"El Diario - Decano de la prensa nacional"},"image":{"@id":"https:\/\/www.eldiario.net\/portal\/#\/schema\/logo\/image\/"},"sameAs":["https:\/\/www.facebook.com\/eldiario.bolivia\/","https:\/\/x.com\/eldiario_net"]},{"@type":"Person","@id":"https:\/\/www.eldiario.net\/portal\/#\/schema\/person\/2c57cf2b7a7ae032e449e4c9b1019eac","name":"Jeanette","image":{"@type":"ImageObject","inLanguage":"es","@id":"https:\/\/secure.gravatar.com\/avatar\/3ea2118a5f7dad2b7138b1187a6b7ee55f160b9968b66013c3a3ef39dd7e5798?s=96&d=mm&r=g","url":"https:\/\/secure.gravatar.com\/avatar\/3ea2118a5f7dad2b7138b1187a6b7ee55f160b9968b66013c3a3ef39dd7e5798?s=96&d=mm&r=g","contentUrl":"https:\/\/secure.gravatar.com\/avatar\/3ea2118a5f7dad2b7138b1187a6b7ee55f160b9968b66013c3a3ef39dd7e5798?s=96&d=mm&r=g","caption":"Jeanette"},"sameAs":["https:\/\/www.eldiario.net\/portal"],"url":"https:\/\/www.eldiario.net\/portal\/author\/jeanette\/"}]}},"_links":{"self":[{"href":"https:\/\/www.eldiario.net\/portal\/wp-json\/wp\/v2\/posts\/284569","targetHints":{"allow":["GET"]}}],"collection":[{"href":"https:\/\/www.eldiario.net\/portal\/wp-json\/wp\/v2\/posts"}],"about":[{"href":"https:\/\/www.eldiario.net\/portal\/wp-json\/wp\/v2\/types\/post"}],"author":[{"embeddable":true,"href":"https:\/\/www.eldiario.net\/portal\/wp-json\/wp\/v2\/users\/1"}],"replies":[{"embeddable":true,"href":"https:\/\/www.eldiario.net\/portal\/wp-json\/wp\/v2\/comments?post=284569"}],"version-history":[{"count":1,"href":"https:\/\/www.eldiario.net\/portal\/wp-json\/wp\/v2\/posts\/284569\/revisions"}],"predecessor-version":[{"id":284572,"href":"https:\/\/www.eldiario.net\/portal\/wp-json\/wp\/v2\/posts\/284569\/revisions\/284572"}],"wp:featuredmedia":[{"embeddable":true,"href":"https:\/\/www.eldiario.net\/portal\/wp-json\/wp\/v2\/media\/284570"}],"wp:attachment":[{"href":"https:\/\/www.eldiario.net\/portal\/wp-json\/wp\/v2\/media?parent=284569"}],"wp:term":[{"taxonomy":"category","embeddable":true,"href":"https:\/\/www.eldiario.net\/portal\/wp-json\/wp\/v2\/categories?post=284569"},{"taxonomy":"post_tag","embeddable":true,"href":"https:\/\/www.eldiario.net\/portal\/wp-json\/wp\/v2\/tags?post=284569"}],"curies":[{"name":"wp","href":"https:\/\/api.w.org\/{rel}","templated":true}]}}