{"id":284145,"date":"2025-02-24T16:45:29","date_gmt":"2025-02-24T20:45:29","guid":{"rendered":"https:\/\/www.eldiario.net\/portal\/?p=284145"},"modified":"2025-02-24T16:45:29","modified_gmt":"2025-02-24T20:45:29","slug":"marcas-de-espumas-autorizadas-en-la-ciudad-de-el-alto-1645","status":"publish","type":"post","link":"https:\/\/www.eldiario.net\/portal\/2025\/02\/24\/marcas-de-espumas-autorizadas-en-la-ciudad-de-el-alto-1645\/","title":{"rendered":"Marcas de espumas autorizadas en la ciudad de El Alto. (16:45)"},"content":{"rendered":"<p>La Alcald\u00eda de El Alto ha publicado, en sus redes sociales, \u00a0la lista de siete marcas de espuma autorizadas para su venta en el municipio, con el fin de garantizar la seguridad de los ciudadanos durante el Carnaval.<\/p>\n<p>Las marcas autorizadas son Fiesta, Loco Loco, Reina Mora, Alegr\u00eda Carnavalera, Rey Momo, Cosminieve y Rey Kiko.<\/p>\n<p>Es importante tener en cuenta que, adem\u00e1s de la marca, los compradores deben verificar que la lata no est\u00e9 abollada, que tengan el precinto de seguridad superior y un distintivo con la bandera boliviana, as\u00ed como las fechas de elaboraci\u00f3n y vencimiento.<\/p>\n<p>La municipalidad recomienda evitar el contacto directo con la espuma y anunci\u00f3 que los controles para precautelar la venta de productos no autorizados seguir\u00e1n en otros centros de abasto de esa urbe.<\/p>\n","protected":false},"excerpt":{"rendered":"<p>La Alcald\u00eda de El Alto ha publicado, en sus redes sociales, \u00a0la lista de siete marcas de espuma autorizadas para su venta en el municipio, con el fin de garantizar la seguridad de los ciudadanos durante el Carnaval. Las marcas autorizadas son Fiesta, Loco Loco, Reina Mora, Alegr\u00eda Carnavalera, Rey Momo, Cosminieve y Rey Kiko. [&hellip;]<\/p>\n","protected":false},"author":7,"featured_media":284146,"comment_status":"closed","ping_status":"open","sticky":false,"template":"","format":"standard","meta":{"_acf_changed":false,"footnotes":""},"categories":[51],"tags":[],"class_list":["post-284145","post","type-post","status-publish","format-standard","has-post-thumbnail","category-ultima-hora"],"acf":{"antetitulo":""},"yoast_head":"<!-- This site is optimized with the Yoast SEO plugin v28.3 - https:\/\/yoast.com\/product\/yoast-seo-wordpress\/ -->\n<title>Marcas de espumas autorizadas en la ciudad de El Alto. (16:45) - El Diario - Bolivia<\/title>\n<meta name=\"robots\" content=\"index, follow, max-snippet:-1, max-image-preview:large, max-video-preview:-1\" \/>\n<link rel=\"canonical\" href=\"https:\/\/www.eldiario.net\/portal\/2025\/02\/24\/marcas-de-espumas-autorizadas-en-la-ciudad-de-el-alto-1645\/\" \/>\n<meta property=\"og:locale\" content=\"es_ES\" \/>\n<meta property=\"og:type\" content=\"article\" \/>\n<meta property=\"og:title\" content=\"Marcas de espumas autorizadas en la ciudad de El Alto. (16:45) - El Diario - Bolivia\" \/>\n<meta property=\"og:description\" content=\"La Alcald\u00eda de El Alto ha publicado, en sus redes sociales, \u00a0la lista de siete marcas de espuma autorizadas para su venta en el municipio, con el fin de garantizar la seguridad de los ciudadanos durante el Carnaval. Las marcas autorizadas son Fiesta, Loco Loco, Reina Mora, Alegr\u00eda Carnavalera, Rey Momo, Cosminieve y Rey Kiko. [&hellip;]\" \/>\n<meta property=\"og:url\" content=\"https:\/\/www.eldiario.net\/portal\/2025\/02\/24\/marcas-de-espumas-autorizadas-en-la-ciudad-de-el-alto-1645\/\" \/>\n<meta property=\"og:site_name\" content=\"El Diario - Bolivia\" \/>\n<meta property=\"article:publisher\" content=\"https:\/\/www.facebook.com\/eldiario.bolivia\/\" \/>\n<meta property=\"article:published_time\" content=\"2025-02-24T20:45:29+00:00\" \/>\n<meta property=\"og:image\" content=\"https:\/\/www.eldiario.net\/portal\/wp-content\/uploads\/2025\/02\/espumas-el-alto-e1740429805103.jpg\" \/>\n\t<meta property=\"og:image:width\" content=\"250\" \/>\n\t<meta property=\"og:image:height\" content=\"250\" \/>\n\t<meta property=\"og:image:type\" content=\"image\/jpeg\" \/>\n<meta name=\"author\" content=\"Viviana Monrroy\" \/>\n<meta name=\"twitter:card\" content=\"summary_large_image\" \/>\n<meta name=\"twitter:creator\" content=\"@eldiario_net\" \/>\n<meta name=\"twitter:site\" content=\"@eldiario_net\" \/>\n<meta name=\"twitter:label1\" content=\"Escrito por\" \/>\n\t<meta name=\"twitter:data1\" content=\"Viviana Monrroy\" \/>\n\t<meta name=\"twitter:label2\" content=\"Tiempo de lectura\" \/>\n\t<meta name=\"twitter:data2\" content=\"1 minuto\" \/>\n<script type=\"application\/ld+json\" class=\"yoast-schema-graph\">{\"@context\":\"https:\\\/\\\/schema.org\",\"@graph\":[{\"@type\":\"Article\",\"@id\":\"https:\\\/\\\/www.eldiario.net\\\/portal\\\/2025\\\/02\\\/24\\\/marcas-de-espumas-autorizadas-en-la-ciudad-de-el-alto-1645\\\/#article\",\"isPartOf\":{\"@id\":\"https:\\\/\\\/www.eldiario.net\\\/portal\\\/2025\\\/02\\\/24\\\/marcas-de-espumas-autorizadas-en-la-ciudad-de-el-alto-1645\\\/\"},\"author\":{\"name\":\"Viviana Monrroy\",\"@id\":\"https:\\\/\\\/www.eldiario.net\\\/portal\\\/#\\\/schema\\\/person\\\/ba370d92d160f4d3574381f6d9b78fab\"},\"headline\":\"Marcas de espumas autorizadas en la ciudad de El Alto. (16:45)\",\"datePublished\":\"2025-02-24T20:45:29+00:00\",\"mainEntityOfPage\":{\"@id\":\"https:\\\/\\\/www.eldiario.net\\\/portal\\\/2025\\\/02\\\/24\\\/marcas-de-espumas-autorizadas-en-la-ciudad-de-el-alto-1645\\\/\"},\"wordCount\":144,\"publisher\":{\"@id\":\"https:\\\/\\\/www.eldiario.net\\\/portal\\\/#organization\"},\"image\":{\"@id\":\"https:\\\/\\\/www.eldiario.net\\\/portal\\\/2025\\\/02\\\/24\\\/marcas-de-espumas-autorizadas-en-la-ciudad-de-el-alto-1645\\\/#primaryimage\"},\"thumbnailUrl\":\"https:\\\/\\\/www.eldiario.net\\\/portal\\\/wp-content\\\/uploads\\\/2025\\\/02\\\/espumas-el-alto-e1740429805103.jpg\",\"articleSection\":[\"\u00daltima Hora\"],\"inLanguage\":\"es\"},{\"@type\":\"WebPage\",\"@id\":\"https:\\\/\\\/www.eldiario.net\\\/portal\\\/2025\\\/02\\\/24\\\/marcas-de-espumas-autorizadas-en-la-ciudad-de-el-alto-1645\\\/\",\"url\":\"https:\\\/\\\/www.eldiario.net\\\/portal\\\/2025\\\/02\\\/24\\\/marcas-de-espumas-autorizadas-en-la-ciudad-de-el-alto-1645\\\/\",\"name\":\"Marcas de espumas autorizadas en la ciudad de El Alto. (16:45) - El Diario - Bolivia\",\"isPartOf\":{\"@id\":\"https:\\\/\\\/www.eldiario.net\\\/portal\\\/#website\"},\"primaryImageOfPage\":{\"@id\":\"https:\\\/\\\/www.eldiario.net\\\/portal\\\/2025\\\/02\\\/24\\\/marcas-de-espumas-autorizadas-en-la-ciudad-de-el-alto-1645\\\/#primaryimage\"},\"image\":{\"@id\":\"https:\\\/\\\/www.eldiario.net\\\/portal\\\/2025\\\/02\\\/24\\\/marcas-de-espumas-autorizadas-en-la-ciudad-de-el-alto-1645\\\/#primaryimage\"},\"thumbnailUrl\":\"https:\\\/\\\/www.eldiario.net\\\/portal\\\/wp-content\\\/uploads\\\/2025\\\/02\\\/espumas-el-alto-e1740429805103.jpg\",\"datePublished\":\"2025-02-24T20:45:29+00:00\",\"breadcrumb\":{\"@id\":\"https:\\\/\\\/www.eldiario.net\\\/portal\\\/2025\\\/02\\\/24\\\/marcas-de-espumas-autorizadas-en-la-ciudad-de-el-alto-1645\\\/#breadcrumb\"},\"inLanguage\":\"es\",\"potentialAction\":[{\"@type\":\"ReadAction\",\"target\":[\"https:\\\/\\\/www.eldiario.net\\\/portal\\\/2025\\\/02\\\/24\\\/marcas-de-espumas-autorizadas-en-la-ciudad-de-el-alto-1645\\\/\"]}]},{\"@type\":\"ImageObject\",\"inLanguage\":\"es\",\"@id\":\"https:\\\/\\\/www.eldiario.net\\\/portal\\\/2025\\\/02\\\/24\\\/marcas-de-espumas-autorizadas-en-la-ciudad-de-el-alto-1645\\\/#primaryimage\",\"url\":\"https:\\\/\\\/www.eldiario.net\\\/portal\\\/wp-content\\\/uploads\\\/2025\\\/02\\\/espumas-el-alto-e1740429805103.jpg\",\"contentUrl\":\"https:\\\/\\\/www.eldiario.net\\\/portal\\\/wp-content\\\/uploads\\\/2025\\\/02\\\/espumas-el-alto-e1740429805103.jpg\",\"width\":250,\"height\":250,\"caption\":\"Foto: G.A.M.E.A. (RR.SS.)\"},{\"@type\":\"BreadcrumbList\",\"@id\":\"https:\\\/\\\/www.eldiario.net\\\/portal\\\/2025\\\/02\\\/24\\\/marcas-de-espumas-autorizadas-en-la-ciudad-de-el-alto-1645\\\/#breadcrumb\",\"itemListElement\":[{\"@type\":\"ListItem\",\"position\":1,\"name\":\"Portada\",\"item\":\"https:\\\/\\\/www.eldiario.net\\\/portal\\\/\"},{\"@type\":\"ListItem\",\"position\":2,\"name\":\"Marcas de espumas autorizadas en la ciudad de El Alto. (16:45)\"}]},{\"@type\":\"WebSite\",\"@id\":\"https:\\\/\\\/www.eldiario.net\\\/portal\\\/#website\",\"url\":\"https:\\\/\\\/www.eldiario.net\\\/portal\\\/\",\"name\":\"El Diario - Decano de la prensa nacional\",\"description\":\"El Diario - Decano de la prensa nacional\",\"publisher\":{\"@id\":\"https:\\\/\\\/www.eldiario.net\\\/portal\\\/#organization\"},\"potentialAction\":[{\"@type\":\"SearchAction\",\"target\":{\"@type\":\"EntryPoint\",\"urlTemplate\":\"https:\\\/\\\/www.eldiario.net\\\/portal\\\/?s={search_term_string}\"},\"query-input\":{\"@type\":\"PropertyValueSpecification\",\"valueRequired\":true,\"valueName\":\"search_term_string\"}}],\"inLanguage\":\"es\"},{\"@type\":\"Organization\",\"@id\":\"https:\\\/\\\/www.eldiario.net\\\/portal\\\/#organization\",\"name\":\"El Diario - Decano de la prensa nacional\",\"url\":\"https:\\\/\\\/www.eldiario.net\\\/portal\\\/\",\"logo\":{\"@type\":\"ImageObject\",\"inLanguage\":\"es\",\"@id\":\"https:\\\/\\\/www.eldiario.net\\\/portal\\\/#\\\/schema\\\/logo\\\/image\\\/\",\"url\":\"https:\\\/\\\/www.eldiario.net\\\/portal\\\/wp-content\\\/uploads\\\/2023\\\/07\\\/logo_ED.jpg\",\"contentUrl\":\"https:\\\/\\\/www.eldiario.net\\\/portal\\\/wp-content\\\/uploads\\\/2023\\\/07\\\/logo_ED.jpg\",\"width\":272,\"height\":52,\"caption\":\"El Diario - Decano de la prensa nacional\"},\"image\":{\"@id\":\"https:\\\/\\\/www.eldiario.net\\\/portal\\\/#\\\/schema\\\/logo\\\/image\\\/\"},\"sameAs\":[\"https:\\\/\\\/www.facebook.com\\\/eldiario.bolivia\\\/\",\"https:\\\/\\\/x.com\\\/eldiario_net\"]},{\"@type\":\"Person\",\"@id\":\"https:\\\/\\\/www.eldiario.net\\\/portal\\\/#\\\/schema\\\/person\\\/ba370d92d160f4d3574381f6d9b78fab\",\"name\":\"Viviana Monrroy\",\"image\":{\"@type\":\"ImageObject\",\"inLanguage\":\"es\",\"@id\":\"https:\\\/\\\/secure.gravatar.com\\\/avatar\\\/dfd1611ed5600959a0e5a9754503b6c05d1dcf190010998e0363aee2ad98afca?s=96&d=mm&r=g\",\"url\":\"https:\\\/\\\/secure.gravatar.com\\\/avatar\\\/dfd1611ed5600959a0e5a9754503b6c05d1dcf190010998e0363aee2ad98afca?s=96&d=mm&r=g\",\"contentUrl\":\"https:\\\/\\\/secure.gravatar.com\\\/avatar\\\/dfd1611ed5600959a0e5a9754503b6c05d1dcf190010998e0363aee2ad98afca?s=96&d=mm&r=g\",\"caption\":\"Viviana Monrroy\"},\"sameAs\":[\"http:\\\/\\\/www.eldiario.net\"],\"url\":\"https:\\\/\\\/www.eldiario.net\\\/portal\\\/author\\\/vivianamonrroy\\\/\"}]}<\/script>\n<!-- \/ Yoast SEO plugin. -->","yoast_head_json":{"title":"Marcas de espumas autorizadas en la ciudad de El Alto. (16:45) - El Diario - Bolivia","robots":{"index":"index","follow":"follow","max-snippet":"max-snippet:-1","max-image-preview":"max-image-preview:large","max-video-preview":"max-video-preview:-1"},"canonical":"https:\/\/www.eldiario.net\/portal\/2025\/02\/24\/marcas-de-espumas-autorizadas-en-la-ciudad-de-el-alto-1645\/","og_locale":"es_ES","og_type":"article","og_title":"Marcas de espumas autorizadas en la ciudad de El Alto. (16:45) - El Diario - Bolivia","og_description":"La Alcald\u00eda de El Alto ha publicado, en sus redes sociales, \u00a0la lista de siete marcas de espuma autorizadas para su venta en el municipio, con el fin de garantizar la seguridad de los ciudadanos durante el Carnaval. Las marcas autorizadas son Fiesta, Loco Loco, Reina Mora, Alegr\u00eda Carnavalera, Rey Momo, Cosminieve y Rey Kiko. [&hellip;]","og_url":"https:\/\/www.eldiario.net\/portal\/2025\/02\/24\/marcas-de-espumas-autorizadas-en-la-ciudad-de-el-alto-1645\/","og_site_name":"El Diario - Bolivia","article_publisher":"https:\/\/www.facebook.com\/eldiario.bolivia\/","article_published_time":"2025-02-24T20:45:29+00:00","og_image":[{"width":250,"height":250,"url":"https:\/\/www.eldiario.net\/portal\/wp-content\/uploads\/2025\/02\/espumas-el-alto-e1740429805103.jpg","type":"image\/jpeg"}],"author":"Viviana Monrroy","twitter_card":"summary_large_image","twitter_creator":"@eldiario_net","twitter_site":"@eldiario_net","twitter_misc":{"Escrito por":"Viviana Monrroy","Tiempo de lectura":"1 minuto"},"schema":{"@context":"https:\/\/schema.org","@graph":[{"@type":"Article","@id":"https:\/\/www.eldiario.net\/portal\/2025\/02\/24\/marcas-de-espumas-autorizadas-en-la-ciudad-de-el-alto-1645\/#article","isPartOf":{"@id":"https:\/\/www.eldiario.net\/portal\/2025\/02\/24\/marcas-de-espumas-autorizadas-en-la-ciudad-de-el-alto-1645\/"},"author":{"name":"Viviana Monrroy","@id":"https:\/\/www.eldiario.net\/portal\/#\/schema\/person\/ba370d92d160f4d3574381f6d9b78fab"},"headline":"Marcas de espumas autorizadas en la ciudad de El Alto. (16:45)","datePublished":"2025-02-24T20:45:29+00:00","mainEntityOfPage":{"@id":"https:\/\/www.eldiario.net\/portal\/2025\/02\/24\/marcas-de-espumas-autorizadas-en-la-ciudad-de-el-alto-1645\/"},"wordCount":144,"publisher":{"@id":"https:\/\/www.eldiario.net\/portal\/#organization"},"image":{"@id":"https:\/\/www.eldiario.net\/portal\/2025\/02\/24\/marcas-de-espumas-autorizadas-en-la-ciudad-de-el-alto-1645\/#primaryimage"},"thumbnailUrl":"https:\/\/www.eldiario.net\/portal\/wp-content\/uploads\/2025\/02\/espumas-el-alto-e1740429805103.jpg","articleSection":["\u00daltima Hora"],"inLanguage":"es"},{"@type":"WebPage","@id":"https:\/\/www.eldiario.net\/portal\/2025\/02\/24\/marcas-de-espumas-autorizadas-en-la-ciudad-de-el-alto-1645\/","url":"https:\/\/www.eldiario.net\/portal\/2025\/02\/24\/marcas-de-espumas-autorizadas-en-la-ciudad-de-el-alto-1645\/","name":"Marcas de espumas autorizadas en la ciudad de El Alto. (16:45) - El Diario - Bolivia","isPartOf":{"@id":"https:\/\/www.eldiario.net\/portal\/#website"},"primaryImageOfPage":{"@id":"https:\/\/www.eldiario.net\/portal\/2025\/02\/24\/marcas-de-espumas-autorizadas-en-la-ciudad-de-el-alto-1645\/#primaryimage"},"image":{"@id":"https:\/\/www.eldiario.net\/portal\/2025\/02\/24\/marcas-de-espumas-autorizadas-en-la-ciudad-de-el-alto-1645\/#primaryimage"},"thumbnailUrl":"https:\/\/www.eldiario.net\/portal\/wp-content\/uploads\/2025\/02\/espumas-el-alto-e1740429805103.jpg","datePublished":"2025-02-24T20:45:29+00:00","breadcrumb":{"@id":"https:\/\/www.eldiario.net\/portal\/2025\/02\/24\/marcas-de-espumas-autorizadas-en-la-ciudad-de-el-alto-1645\/#breadcrumb"},"inLanguage":"es","potentialAction":[{"@type":"ReadAction","target":["https:\/\/www.eldiario.net\/portal\/2025\/02\/24\/marcas-de-espumas-autorizadas-en-la-ciudad-de-el-alto-1645\/"]}]},{"@type":"ImageObject","inLanguage":"es","@id":"https:\/\/www.eldiario.net\/portal\/2025\/02\/24\/marcas-de-espumas-autorizadas-en-la-ciudad-de-el-alto-1645\/#primaryimage","url":"https:\/\/www.eldiario.net\/portal\/wp-content\/uploads\/2025\/02\/espumas-el-alto-e1740429805103.jpg","contentUrl":"https:\/\/www.eldiario.net\/portal\/wp-content\/uploads\/2025\/02\/espumas-el-alto-e1740429805103.jpg","width":250,"height":250,"caption":"Foto: G.A.M.E.A. (RR.SS.)"},{"@type":"BreadcrumbList","@id":"https:\/\/www.eldiario.net\/portal\/2025\/02\/24\/marcas-de-espumas-autorizadas-en-la-ciudad-de-el-alto-1645\/#breadcrumb","itemListElement":[{"@type":"ListItem","position":1,"name":"Portada","item":"https:\/\/www.eldiario.net\/portal\/"},{"@type":"ListItem","position":2,"name":"Marcas de espumas autorizadas en la ciudad de El Alto. (16:45)"}]},{"@type":"WebSite","@id":"https:\/\/www.eldiario.net\/portal\/#website","url":"https:\/\/www.eldiario.net\/portal\/","name":"El Diario - Decano de la prensa nacional","description":"El Diario - Decano de la prensa nacional","publisher":{"@id":"https:\/\/www.eldiario.net\/portal\/#organization"},"potentialAction":[{"@type":"SearchAction","target":{"@type":"EntryPoint","urlTemplate":"https:\/\/www.eldiario.net\/portal\/?s={search_term_string}"},"query-input":{"@type":"PropertyValueSpecification","valueRequired":true,"valueName":"search_term_string"}}],"inLanguage":"es"},{"@type":"Organization","@id":"https:\/\/www.eldiario.net\/portal\/#organization","name":"El Diario - Decano de la prensa nacional","url":"https:\/\/www.eldiario.net\/portal\/","logo":{"@type":"ImageObject","inLanguage":"es","@id":"https:\/\/www.eldiario.net\/portal\/#\/schema\/logo\/image\/","url":"https:\/\/www.eldiario.net\/portal\/wp-content\/uploads\/2023\/07\/logo_ED.jpg","contentUrl":"https:\/\/www.eldiario.net\/portal\/wp-content\/uploads\/2023\/07\/logo_ED.jpg","width":272,"height":52,"caption":"El Diario - Decano de la prensa nacional"},"image":{"@id":"https:\/\/www.eldiario.net\/portal\/#\/schema\/logo\/image\/"},"sameAs":["https:\/\/www.facebook.com\/eldiario.bolivia\/","https:\/\/x.com\/eldiario_net"]},{"@type":"Person","@id":"https:\/\/www.eldiario.net\/portal\/#\/schema\/person\/ba370d92d160f4d3574381f6d9b78fab","name":"Viviana Monrroy","image":{"@type":"ImageObject","inLanguage":"es","@id":"https:\/\/secure.gravatar.com\/avatar\/dfd1611ed5600959a0e5a9754503b6c05d1dcf190010998e0363aee2ad98afca?s=96&d=mm&r=g","url":"https:\/\/secure.gravatar.com\/avatar\/dfd1611ed5600959a0e5a9754503b6c05d1dcf190010998e0363aee2ad98afca?s=96&d=mm&r=g","contentUrl":"https:\/\/secure.gravatar.com\/avatar\/dfd1611ed5600959a0e5a9754503b6c05d1dcf190010998e0363aee2ad98afca?s=96&d=mm&r=g","caption":"Viviana Monrroy"},"sameAs":["http:\/\/www.eldiario.net"],"url":"https:\/\/www.eldiario.net\/portal\/author\/vivianamonrroy\/"}]}},"_links":{"self":[{"href":"https:\/\/www.eldiario.net\/portal\/wp-json\/wp\/v2\/posts\/284145","targetHints":{"allow":["GET"]}}],"collection":[{"href":"https:\/\/www.eldiario.net\/portal\/wp-json\/wp\/v2\/posts"}],"about":[{"href":"https:\/\/www.eldiario.net\/portal\/wp-json\/wp\/v2\/types\/post"}],"author":[{"embeddable":true,"href":"https:\/\/www.eldiario.net\/portal\/wp-json\/wp\/v2\/users\/7"}],"replies":[{"embeddable":true,"href":"https:\/\/www.eldiario.net\/portal\/wp-json\/wp\/v2\/comments?post=284145"}],"version-history":[{"count":1,"href":"https:\/\/www.eldiario.net\/portal\/wp-json\/wp\/v2\/posts\/284145\/revisions"}],"predecessor-version":[{"id":284147,"href":"https:\/\/www.eldiario.net\/portal\/wp-json\/wp\/v2\/posts\/284145\/revisions\/284147"}],"wp:featuredmedia":[{"embeddable":true,"href":"https:\/\/www.eldiario.net\/portal\/wp-json\/wp\/v2\/media\/284146"}],"wp:attachment":[{"href":"https:\/\/www.eldiario.net\/portal\/wp-json\/wp\/v2\/media?parent=284145"}],"wp:term":[{"taxonomy":"category","embeddable":true,"href":"https:\/\/www.eldiario.net\/portal\/wp-json\/wp\/v2\/categories?post=284145"},{"taxonomy":"post_tag","embeddable":true,"href":"https:\/\/www.eldiario.net\/portal\/wp-json\/wp\/v2\/tags?post=284145"}],"curies":[{"name":"wp","href":"https:\/\/api.w.org\/{rel}","templated":true}]}}