{"id":282638,"date":"2025-02-18T05:27:57","date_gmt":"2025-02-18T09:27:57","guid":{"rendered":"https:\/\/www.eldiario.net\/portal\/?p=282638"},"modified":"2025-02-18T05:27:57","modified_gmt":"2025-02-18T09:27:57","slug":"imputan-por-feminicidio-a-pareja-de-mujer-que-murio-tras-caer-de-edificio","status":"publish","type":"post","link":"https:\/\/www.eldiario.net\/portal\/2025\/02\/18\/imputan-por-feminicidio-a-pareja-de-mujer-que-murio-tras-caer-de-edificio\/","title":{"rendered":"Imputan por feminicidio a pareja de mujer que muri\u00f3 tras caer de edificio"},"content":{"rendered":"<p>Gabriel R. Q. V., de 31 a\u00f1os, pareja de la mujer que muri\u00f3 tras caer de un edificio en la avenida 6 de Agosto en La Paz el s\u00e1bado en horas de la madrugada, fue imputado por feminicidio.<\/p>\n<p>El fiscal departamental de La Paz, Luis Carlos Torrez, inform\u00f3 que el Ministerio P\u00fablico imput\u00f3 al sujeto por el presunto delito de feminicidio, tras ser se\u00f1alado como sospechoso por la violenta muerte de Heydi N. T. O., de 28 a\u00f1os, quien cay\u00f3 del cuarto piso de un edificio tras una discusi\u00f3n y una \u201cpelea por celos\u201d alrededor de las 02:00 del 15 de febrero.<\/p>\n<p>\u201cTenemos los suficientes elementos de convicci\u00f3n que sustentan la imputaci\u00f3n en contra del sujeto, como el acta de acci\u00f3n directa, el muestrario fotogr\u00e1fico, declaraciones de testigos que afirman que hubo una discusi\u00f3n y pelea antes de la ca\u00edda\u201d, inform\u00f3 Torrez, citado por ABI.<\/p>\n<p>El examen m\u00e9dico forense del Instituto de Investigaciones Forenses (IDIF) determin\u00f3 que la mujer muri\u00f3 por un traumatismo cr\u00e1neo-encef\u00e1lico abierto por ca\u00edda de altura. Asimismo, el certificado m\u00e9dico forense estableci\u00f3 que el imputado presenta lesiones en el rostro y el brazo derecho.<\/p>\n","protected":false},"excerpt":{"rendered":"<p>Gabriel R. Q. V., de 31 a\u00f1os, pareja de la mujer que muri\u00f3 tras caer de un edificio en la avenida 6 de Agosto en La Paz el s\u00e1bado en horas de la madrugada, fue imputado por feminicidio. El fiscal departamental de La Paz, Luis Carlos Torrez, inform\u00f3 que el Ministerio P\u00fablico imput\u00f3 al sujeto [&hellip;]<\/p>\n","protected":false},"author":1,"featured_media":282639,"comment_status":"closed","ping_status":"open","sticky":false,"template":"","format":"standard","meta":{"_acf_changed":false,"footnotes":""},"categories":[39],"tags":[],"class_list":["post-282638","post","type-post","status-publish","format-standard","has-post-thumbnail","category-sociedad"],"acf":{"antetitulo":""},"yoast_head":"<!-- This site is optimized with the Yoast SEO plugin v28.3 - https:\/\/yoast.com\/product\/yoast-seo-wordpress\/ -->\n<title>Imputan por feminicidio a pareja de mujer que muri\u00f3 tras caer de edificio - El Diario - Bolivia<\/title>\n<meta name=\"robots\" content=\"index, follow, max-snippet:-1, max-image-preview:large, max-video-preview:-1\" \/>\n<link rel=\"canonical\" href=\"https:\/\/www.eldiario.net\/portal\/2025\/02\/18\/imputan-por-feminicidio-a-pareja-de-mujer-que-murio-tras-caer-de-edificio\/\" \/>\n<meta property=\"og:locale\" content=\"es_ES\" \/>\n<meta property=\"og:type\" content=\"article\" \/>\n<meta property=\"og:title\" content=\"Imputan por feminicidio a pareja de mujer que muri\u00f3 tras caer de edificio - El Diario - Bolivia\" \/>\n<meta property=\"og:description\" content=\"Gabriel R. Q. V., de 31 a\u00f1os, pareja de la mujer que muri\u00f3 tras caer de un edificio en la avenida 6 de Agosto en La Paz el s\u00e1bado en horas de la madrugada, fue imputado por feminicidio. El fiscal departamental de La Paz, Luis Carlos Torrez, inform\u00f3 que el Ministerio P\u00fablico imput\u00f3 al sujeto [&hellip;]\" \/>\n<meta property=\"og:url\" content=\"https:\/\/www.eldiario.net\/portal\/2025\/02\/18\/imputan-por-feminicidio-a-pareja-de-mujer-que-murio-tras-caer-de-edificio\/\" \/>\n<meta property=\"og:site_name\" content=\"El Diario - Bolivia\" \/>\n<meta property=\"article:publisher\" content=\"https:\/\/www.facebook.com\/eldiario.bolivia\/\" \/>\n<meta property=\"article:published_time\" content=\"2025-02-18T09:27:57+00:00\" \/>\n<meta property=\"og:image\" content=\"https:\/\/www.eldiario.net\/portal\/wp-content\/uploads\/2025\/02\/FEMIN-FOTO.jpg\" \/>\n\t<meta property=\"og:image:width\" content=\"720\" \/>\n\t<meta property=\"og:image:height\" content=\"399\" \/>\n\t<meta property=\"og:image:type\" content=\"image\/jpeg\" \/>\n<meta name=\"author\" content=\"Jeanette\" \/>\n<meta name=\"twitter:card\" content=\"summary_large_image\" \/>\n<meta name=\"twitter:creator\" content=\"@eldiario_net\" \/>\n<meta name=\"twitter:site\" content=\"@eldiario_net\" \/>\n<meta name=\"twitter:label1\" content=\"Escrito por\" \/>\n\t<meta name=\"twitter:data1\" content=\"Jeanette\" \/>\n\t<meta name=\"twitter:label2\" content=\"Tiempo de lectura\" \/>\n\t<meta name=\"twitter:data2\" content=\"2 minutos\" \/>\n<script type=\"application\/ld+json\" class=\"yoast-schema-graph\">{\"@context\":\"https:\\\/\\\/schema.org\",\"@graph\":[{\"@type\":\"Article\",\"@id\":\"https:\\\/\\\/www.eldiario.net\\\/portal\\\/2025\\\/02\\\/18\\\/imputan-por-feminicidio-a-pareja-de-mujer-que-murio-tras-caer-de-edificio\\\/#article\",\"isPartOf\":{\"@id\":\"https:\\\/\\\/www.eldiario.net\\\/portal\\\/2025\\\/02\\\/18\\\/imputan-por-feminicidio-a-pareja-de-mujer-que-murio-tras-caer-de-edificio\\\/\"},\"author\":{\"name\":\"Jeanette\",\"@id\":\"https:\\\/\\\/www.eldiario.net\\\/portal\\\/#\\\/schema\\\/person\\\/f46445640444750d7d753ccd04ae01b7\"},\"headline\":\"Imputan por feminicidio a pareja de mujer que muri\u00f3 tras caer de edificio\",\"datePublished\":\"2025-02-18T09:27:57+00:00\",\"mainEntityOfPage\":{\"@id\":\"https:\\\/\\\/www.eldiario.net\\\/portal\\\/2025\\\/02\\\/18\\\/imputan-por-feminicidio-a-pareja-de-mujer-que-murio-tras-caer-de-edificio\\\/\"},\"wordCount\":212,\"publisher\":{\"@id\":\"https:\\\/\\\/www.eldiario.net\\\/portal\\\/#organization\"},\"image\":{\"@id\":\"https:\\\/\\\/www.eldiario.net\\\/portal\\\/2025\\\/02\\\/18\\\/imputan-por-feminicidio-a-pareja-de-mujer-que-murio-tras-caer-de-edificio\\\/#primaryimage\"},\"thumbnailUrl\":\"https:\\\/\\\/www.eldiario.net\\\/portal\\\/wp-content\\\/uploads\\\/2025\\\/02\\\/FEMIN-FOTO.jpg\",\"articleSection\":[\"Sociedad - Seguridad\"],\"inLanguage\":\"es\"},{\"@type\":\"WebPage\",\"@id\":\"https:\\\/\\\/www.eldiario.net\\\/portal\\\/2025\\\/02\\\/18\\\/imputan-por-feminicidio-a-pareja-de-mujer-que-murio-tras-caer-de-edificio\\\/\",\"url\":\"https:\\\/\\\/www.eldiario.net\\\/portal\\\/2025\\\/02\\\/18\\\/imputan-por-feminicidio-a-pareja-de-mujer-que-murio-tras-caer-de-edificio\\\/\",\"name\":\"Imputan por feminicidio a pareja de mujer que muri\u00f3 tras caer de edificio - El Diario - Bolivia\",\"isPartOf\":{\"@id\":\"https:\\\/\\\/www.eldiario.net\\\/portal\\\/#website\"},\"primaryImageOfPage\":{\"@id\":\"https:\\\/\\\/www.eldiario.net\\\/portal\\\/2025\\\/02\\\/18\\\/imputan-por-feminicidio-a-pareja-de-mujer-que-murio-tras-caer-de-edificio\\\/#primaryimage\"},\"image\":{\"@id\":\"https:\\\/\\\/www.eldiario.net\\\/portal\\\/2025\\\/02\\\/18\\\/imputan-por-feminicidio-a-pareja-de-mujer-que-murio-tras-caer-de-edificio\\\/#primaryimage\"},\"thumbnailUrl\":\"https:\\\/\\\/www.eldiario.net\\\/portal\\\/wp-content\\\/uploads\\\/2025\\\/02\\\/FEMIN-FOTO.jpg\",\"datePublished\":\"2025-02-18T09:27:57+00:00\",\"breadcrumb\":{\"@id\":\"https:\\\/\\\/www.eldiario.net\\\/portal\\\/2025\\\/02\\\/18\\\/imputan-por-feminicidio-a-pareja-de-mujer-que-murio-tras-caer-de-edificio\\\/#breadcrumb\"},\"inLanguage\":\"es\",\"potentialAction\":[{\"@type\":\"ReadAction\",\"target\":[\"https:\\\/\\\/www.eldiario.net\\\/portal\\\/2025\\\/02\\\/18\\\/imputan-por-feminicidio-a-pareja-de-mujer-que-murio-tras-caer-de-edificio\\\/\"]}]},{\"@type\":\"ImageObject\",\"inLanguage\":\"es\",\"@id\":\"https:\\\/\\\/www.eldiario.net\\\/portal\\\/2025\\\/02\\\/18\\\/imputan-por-feminicidio-a-pareja-de-mujer-que-murio-tras-caer-de-edificio\\\/#primaryimage\",\"url\":\"https:\\\/\\\/www.eldiario.net\\\/portal\\\/wp-content\\\/uploads\\\/2025\\\/02\\\/FEMIN-FOTO.jpg\",\"contentUrl\":\"https:\\\/\\\/www.eldiario.net\\\/portal\\\/wp-content\\\/uploads\\\/2025\\\/02\\\/FEMIN-FOTO.jpg\",\"width\":720,\"height\":399,\"caption\":\"El cuerpo de Heydi fue enterrado en el Cementerio General. Cr\u00e9ditos: RRSS\"},{\"@type\":\"BreadcrumbList\",\"@id\":\"https:\\\/\\\/www.eldiario.net\\\/portal\\\/2025\\\/02\\\/18\\\/imputan-por-feminicidio-a-pareja-de-mujer-que-murio-tras-caer-de-edificio\\\/#breadcrumb\",\"itemListElement\":[{\"@type\":\"ListItem\",\"position\":1,\"name\":\"Portada\",\"item\":\"https:\\\/\\\/www.eldiario.net\\\/portal\\\/\"},{\"@type\":\"ListItem\",\"position\":2,\"name\":\"Imputan por feminicidio a pareja de mujer que muri\u00f3 tras caer de edificio\"}]},{\"@type\":\"WebSite\",\"@id\":\"https:\\\/\\\/www.eldiario.net\\\/portal\\\/#website\",\"url\":\"https:\\\/\\\/www.eldiario.net\\\/portal\\\/\",\"name\":\"El Diario - Decano de la prensa nacional\",\"description\":\"El Diario - Decano de la prensa nacional\",\"publisher\":{\"@id\":\"https:\\\/\\\/www.eldiario.net\\\/portal\\\/#organization\"},\"potentialAction\":[{\"@type\":\"SearchAction\",\"target\":{\"@type\":\"EntryPoint\",\"urlTemplate\":\"https:\\\/\\\/www.eldiario.net\\\/portal\\\/?s={search_term_string}\"},\"query-input\":{\"@type\":\"PropertyValueSpecification\",\"valueRequired\":true,\"valueName\":\"search_term_string\"}}],\"inLanguage\":\"es\"},{\"@type\":\"Organization\",\"@id\":\"https:\\\/\\\/www.eldiario.net\\\/portal\\\/#organization\",\"name\":\"El Diario - Decano de la prensa nacional\",\"url\":\"https:\\\/\\\/www.eldiario.net\\\/portal\\\/\",\"logo\":{\"@type\":\"ImageObject\",\"inLanguage\":\"es\",\"@id\":\"https:\\\/\\\/www.eldiario.net\\\/portal\\\/#\\\/schema\\\/logo\\\/image\\\/\",\"url\":\"https:\\\/\\\/www.eldiario.net\\\/portal\\\/wp-content\\\/uploads\\\/2023\\\/07\\\/logo_ED.jpg\",\"contentUrl\":\"https:\\\/\\\/www.eldiario.net\\\/portal\\\/wp-content\\\/uploads\\\/2023\\\/07\\\/logo_ED.jpg\",\"width\":272,\"height\":52,\"caption\":\"El Diario - Decano de la prensa nacional\"},\"image\":{\"@id\":\"https:\\\/\\\/www.eldiario.net\\\/portal\\\/#\\\/schema\\\/logo\\\/image\\\/\"},\"sameAs\":[\"https:\\\/\\\/www.facebook.com\\\/eldiario.bolivia\\\/\",\"https:\\\/\\\/x.com\\\/eldiario_net\"]},{\"@type\":\"Person\",\"@id\":\"https:\\\/\\\/www.eldiario.net\\\/portal\\\/#\\\/schema\\\/person\\\/f46445640444750d7d753ccd04ae01b7\",\"name\":\"Jeanette\",\"image\":{\"@type\":\"ImageObject\",\"inLanguage\":\"es\",\"@id\":\"https:\\\/\\\/secure.gravatar.com\\\/avatar\\\/3ea2118a5f7dad2b7138b1187a6b7ee55f160b9968b66013c3a3ef39dd7e5798?s=96&d=mm&r=g\",\"url\":\"https:\\\/\\\/secure.gravatar.com\\\/avatar\\\/3ea2118a5f7dad2b7138b1187a6b7ee55f160b9968b66013c3a3ef39dd7e5798?s=96&d=mm&r=g\",\"contentUrl\":\"https:\\\/\\\/secure.gravatar.com\\\/avatar\\\/3ea2118a5f7dad2b7138b1187a6b7ee55f160b9968b66013c3a3ef39dd7e5798?s=96&d=mm&r=g\",\"caption\":\"Jeanette\"},\"sameAs\":[\"https:\\\/\\\/www.eldiario.net\\\/portal\"],\"url\":\"https:\\\/\\\/www.eldiario.net\\\/portal\\\/author\\\/jeanette\\\/\"}]}<\/script>\n<!-- \/ Yoast SEO plugin. -->","yoast_head_json":{"title":"Imputan por feminicidio a pareja de mujer que muri\u00f3 tras caer de edificio - El Diario - Bolivia","robots":{"index":"index","follow":"follow","max-snippet":"max-snippet:-1","max-image-preview":"max-image-preview:large","max-video-preview":"max-video-preview:-1"},"canonical":"https:\/\/www.eldiario.net\/portal\/2025\/02\/18\/imputan-por-feminicidio-a-pareja-de-mujer-que-murio-tras-caer-de-edificio\/","og_locale":"es_ES","og_type":"article","og_title":"Imputan por feminicidio a pareja de mujer que muri\u00f3 tras caer de edificio - El Diario - Bolivia","og_description":"Gabriel R. Q. V., de 31 a\u00f1os, pareja de la mujer que muri\u00f3 tras caer de un edificio en la avenida 6 de Agosto en La Paz el s\u00e1bado en horas de la madrugada, fue imputado por feminicidio. El fiscal departamental de La Paz, Luis Carlos Torrez, inform\u00f3 que el Ministerio P\u00fablico imput\u00f3 al sujeto [&hellip;]","og_url":"https:\/\/www.eldiario.net\/portal\/2025\/02\/18\/imputan-por-feminicidio-a-pareja-de-mujer-que-murio-tras-caer-de-edificio\/","og_site_name":"El Diario - Bolivia","article_publisher":"https:\/\/www.facebook.com\/eldiario.bolivia\/","article_published_time":"2025-02-18T09:27:57+00:00","og_image":[{"width":720,"height":399,"url":"https:\/\/www.eldiario.net\/portal\/wp-content\/uploads\/2025\/02\/FEMIN-FOTO.jpg","type":"image\/jpeg"}],"author":"Jeanette","twitter_card":"summary_large_image","twitter_creator":"@eldiario_net","twitter_site":"@eldiario_net","twitter_misc":{"Escrito por":"Jeanette","Tiempo de lectura":"2 minutos"},"schema":{"@context":"https:\/\/schema.org","@graph":[{"@type":"Article","@id":"https:\/\/www.eldiario.net\/portal\/2025\/02\/18\/imputan-por-feminicidio-a-pareja-de-mujer-que-murio-tras-caer-de-edificio\/#article","isPartOf":{"@id":"https:\/\/www.eldiario.net\/portal\/2025\/02\/18\/imputan-por-feminicidio-a-pareja-de-mujer-que-murio-tras-caer-de-edificio\/"},"author":{"name":"Jeanette","@id":"https:\/\/www.eldiario.net\/portal\/#\/schema\/person\/f46445640444750d7d753ccd04ae01b7"},"headline":"Imputan por feminicidio a pareja de mujer que muri\u00f3 tras caer de edificio","datePublished":"2025-02-18T09:27:57+00:00","mainEntityOfPage":{"@id":"https:\/\/www.eldiario.net\/portal\/2025\/02\/18\/imputan-por-feminicidio-a-pareja-de-mujer-que-murio-tras-caer-de-edificio\/"},"wordCount":212,"publisher":{"@id":"https:\/\/www.eldiario.net\/portal\/#organization"},"image":{"@id":"https:\/\/www.eldiario.net\/portal\/2025\/02\/18\/imputan-por-feminicidio-a-pareja-de-mujer-que-murio-tras-caer-de-edificio\/#primaryimage"},"thumbnailUrl":"https:\/\/www.eldiario.net\/portal\/wp-content\/uploads\/2025\/02\/FEMIN-FOTO.jpg","articleSection":["Sociedad - Seguridad"],"inLanguage":"es"},{"@type":"WebPage","@id":"https:\/\/www.eldiario.net\/portal\/2025\/02\/18\/imputan-por-feminicidio-a-pareja-de-mujer-que-murio-tras-caer-de-edificio\/","url":"https:\/\/www.eldiario.net\/portal\/2025\/02\/18\/imputan-por-feminicidio-a-pareja-de-mujer-que-murio-tras-caer-de-edificio\/","name":"Imputan por feminicidio a pareja de mujer que muri\u00f3 tras caer de edificio - El Diario - Bolivia","isPartOf":{"@id":"https:\/\/www.eldiario.net\/portal\/#website"},"primaryImageOfPage":{"@id":"https:\/\/www.eldiario.net\/portal\/2025\/02\/18\/imputan-por-feminicidio-a-pareja-de-mujer-que-murio-tras-caer-de-edificio\/#primaryimage"},"image":{"@id":"https:\/\/www.eldiario.net\/portal\/2025\/02\/18\/imputan-por-feminicidio-a-pareja-de-mujer-que-murio-tras-caer-de-edificio\/#primaryimage"},"thumbnailUrl":"https:\/\/www.eldiario.net\/portal\/wp-content\/uploads\/2025\/02\/FEMIN-FOTO.jpg","datePublished":"2025-02-18T09:27:57+00:00","breadcrumb":{"@id":"https:\/\/www.eldiario.net\/portal\/2025\/02\/18\/imputan-por-feminicidio-a-pareja-de-mujer-que-murio-tras-caer-de-edificio\/#breadcrumb"},"inLanguage":"es","potentialAction":[{"@type":"ReadAction","target":["https:\/\/www.eldiario.net\/portal\/2025\/02\/18\/imputan-por-feminicidio-a-pareja-de-mujer-que-murio-tras-caer-de-edificio\/"]}]},{"@type":"ImageObject","inLanguage":"es","@id":"https:\/\/www.eldiario.net\/portal\/2025\/02\/18\/imputan-por-feminicidio-a-pareja-de-mujer-que-murio-tras-caer-de-edificio\/#primaryimage","url":"https:\/\/www.eldiario.net\/portal\/wp-content\/uploads\/2025\/02\/FEMIN-FOTO.jpg","contentUrl":"https:\/\/www.eldiario.net\/portal\/wp-content\/uploads\/2025\/02\/FEMIN-FOTO.jpg","width":720,"height":399,"caption":"El cuerpo de Heydi fue enterrado en el Cementerio General. Cr\u00e9ditos: RRSS"},{"@type":"BreadcrumbList","@id":"https:\/\/www.eldiario.net\/portal\/2025\/02\/18\/imputan-por-feminicidio-a-pareja-de-mujer-que-murio-tras-caer-de-edificio\/#breadcrumb","itemListElement":[{"@type":"ListItem","position":1,"name":"Portada","item":"https:\/\/www.eldiario.net\/portal\/"},{"@type":"ListItem","position":2,"name":"Imputan por feminicidio a pareja de mujer que muri\u00f3 tras caer de edificio"}]},{"@type":"WebSite","@id":"https:\/\/www.eldiario.net\/portal\/#website","url":"https:\/\/www.eldiario.net\/portal\/","name":"El Diario - Decano de la prensa nacional","description":"El Diario - Decano de la prensa nacional","publisher":{"@id":"https:\/\/www.eldiario.net\/portal\/#organization"},"potentialAction":[{"@type":"SearchAction","target":{"@type":"EntryPoint","urlTemplate":"https:\/\/www.eldiario.net\/portal\/?s={search_term_string}"},"query-input":{"@type":"PropertyValueSpecification","valueRequired":true,"valueName":"search_term_string"}}],"inLanguage":"es"},{"@type":"Organization","@id":"https:\/\/www.eldiario.net\/portal\/#organization","name":"El Diario - Decano de la prensa nacional","url":"https:\/\/www.eldiario.net\/portal\/","logo":{"@type":"ImageObject","inLanguage":"es","@id":"https:\/\/www.eldiario.net\/portal\/#\/schema\/logo\/image\/","url":"https:\/\/www.eldiario.net\/portal\/wp-content\/uploads\/2023\/07\/logo_ED.jpg","contentUrl":"https:\/\/www.eldiario.net\/portal\/wp-content\/uploads\/2023\/07\/logo_ED.jpg","width":272,"height":52,"caption":"El Diario - Decano de la prensa nacional"},"image":{"@id":"https:\/\/www.eldiario.net\/portal\/#\/schema\/logo\/image\/"},"sameAs":["https:\/\/www.facebook.com\/eldiario.bolivia\/","https:\/\/x.com\/eldiario_net"]},{"@type":"Person","@id":"https:\/\/www.eldiario.net\/portal\/#\/schema\/person\/f46445640444750d7d753ccd04ae01b7","name":"Jeanette","image":{"@type":"ImageObject","inLanguage":"es","@id":"https:\/\/secure.gravatar.com\/avatar\/3ea2118a5f7dad2b7138b1187a6b7ee55f160b9968b66013c3a3ef39dd7e5798?s=96&d=mm&r=g","url":"https:\/\/secure.gravatar.com\/avatar\/3ea2118a5f7dad2b7138b1187a6b7ee55f160b9968b66013c3a3ef39dd7e5798?s=96&d=mm&r=g","contentUrl":"https:\/\/secure.gravatar.com\/avatar\/3ea2118a5f7dad2b7138b1187a6b7ee55f160b9968b66013c3a3ef39dd7e5798?s=96&d=mm&r=g","caption":"Jeanette"},"sameAs":["https:\/\/www.eldiario.net\/portal"],"url":"https:\/\/www.eldiario.net\/portal\/author\/jeanette\/"}]}},"_links":{"self":[{"href":"https:\/\/www.eldiario.net\/portal\/wp-json\/wp\/v2\/posts\/282638","targetHints":{"allow":["GET"]}}],"collection":[{"href":"https:\/\/www.eldiario.net\/portal\/wp-json\/wp\/v2\/posts"}],"about":[{"href":"https:\/\/www.eldiario.net\/portal\/wp-json\/wp\/v2\/types\/post"}],"author":[{"embeddable":true,"href":"https:\/\/www.eldiario.net\/portal\/wp-json\/wp\/v2\/users\/1"}],"replies":[{"embeddable":true,"href":"https:\/\/www.eldiario.net\/portal\/wp-json\/wp\/v2\/comments?post=282638"}],"version-history":[{"count":1,"href":"https:\/\/www.eldiario.net\/portal\/wp-json\/wp\/v2\/posts\/282638\/revisions"}],"predecessor-version":[{"id":282640,"href":"https:\/\/www.eldiario.net\/portal\/wp-json\/wp\/v2\/posts\/282638\/revisions\/282640"}],"wp:featuredmedia":[{"embeddable":true,"href":"https:\/\/www.eldiario.net\/portal\/wp-json\/wp\/v2\/media\/282639"}],"wp:attachment":[{"href":"https:\/\/www.eldiario.net\/portal\/wp-json\/wp\/v2\/media?parent=282638"}],"wp:term":[{"taxonomy":"category","embeddable":true,"href":"https:\/\/www.eldiario.net\/portal\/wp-json\/wp\/v2\/categories?post=282638"},{"taxonomy":"post_tag","embeddable":true,"href":"https:\/\/www.eldiario.net\/portal\/wp-json\/wp\/v2\/tags?post=282638"}],"curies":[{"name":"wp","href":"https:\/\/api.w.org\/{rel}","templated":true}]}}