{"id":282632,"date":"2025-02-18T05:26:37","date_gmt":"2025-02-18T09:26:37","guid":{"rendered":"https:\/\/www.eldiario.net\/portal\/?p=282632"},"modified":"2025-02-18T05:26:37","modified_gmt":"2025-02-18T09:26:37","slug":"carcel-para-joven-que-confeso-asesinato-de-indigena-marupa","status":"publish","type":"post","link":"https:\/\/www.eldiario.net\/portal\/2025\/02\/18\/carcel-para-joven-que-confeso-asesinato-de-indigena-marupa\/","title":{"rendered":"C\u00e1rcel para joven que confes\u00f3 asesinato de ind\u00edgena Marupa"},"content":{"rendered":"<p>La justicia env\u00edo a la c\u00e1rcel de San Pedro por cinco meses con detenci\u00f3n preventiva al joven de 20 a\u00f1os que confes\u00f3 haber quitado la vida al dirigente ind\u00edgena de la comunidad Torehua e integrante de la Central Ind\u00edgena del Pueblo Leco de Apolo (Cipla), Francisco Marupa, de 67 a\u00f1os.<\/p>\n<p>\u201cLa autoridad jurisdiccional, mediante resoluci\u00f3n fundamentada, determin\u00f3 la existencia de suficientes elementos de convicci\u00f3n que se\u00f1alan a Julio L. T. como autor del delito de homicidio\u201d, se\u00f1ala un comunicado del Ministerio de Justicia.<\/p>\n<p>Aunque varias organizaciones ambientalistas denunciaron que el caso podr\u00eda relacionarse con la miner\u00eda ilegal, el ministro de Gobierno, Eduardo Del Castillo, descart\u00f3 esta versi\u00f3n y aclar\u00f3 que el crimen tuvo m\u00f3viles personales por una rencilla entre la v\u00edctima y el presunto homicida.<\/p>\n<p>La Polic\u00eda se\u00f1al\u00f3 que el joven confes\u00f3 haber asesinado a Marupa por diferencias personales, pues el dirigente lo habr\u00eda encontrado robando en sus sembrad\u00edos. El comandante de la fuerza anticrimen, Walter Sossa, detall\u00f3 que Julio cometi\u00f3 el crimen luego de que Marupa lo encontrara robando otra vez y lo amenazara para que no vuelva.<\/p>\n<p>\u201cEste joven de 20 a\u00f1os est\u00e1 vinculado en el asesinato de esta persona.\u00a0En una entrevista, esta persona nos manifiesta que fue sorprendida en dos oportunidades en el domicilio de la v\u00edctima, por lo cual fue echado y amenazado para que no retorne, (lo que) deriv\u00f3 en el asesinato\u201d, inform\u00f3 Sossa.<\/p>\n<p>La Polic\u00eda contin\u00faa investigando el caso y se indagar\u00e1 la participaci\u00f3n de otras personas en este crimen, registrado el 14 de febrero en la localidad de Torehua, en la provincia Abel Iturralde al norte de La Paz.<\/p>\n<p>Tras el asesinato, circularon versiones que relacionaron el hecho con un ajuste de cuentas o con la miner\u00eda ilegal. El presunto autor fue capturado\u00a0 por los propios comunarios al d\u00eda siguiente del hallazgo del cuerpo.<\/p>\n","protected":false},"excerpt":{"rendered":"<p>La justicia env\u00edo a la c\u00e1rcel de San Pedro por cinco meses con detenci\u00f3n preventiva al joven de 20 a\u00f1os que confes\u00f3 haber quitado la vida al dirigente ind\u00edgena de la comunidad Torehua e integrante de la Central Ind\u00edgena del Pueblo Leco de Apolo (Cipla), Francisco Marupa, de 67 a\u00f1os. \u201cLa autoridad jurisdiccional, mediante resoluci\u00f3n [&hellip;]<\/p>\n","protected":false},"author":1,"featured_media":282633,"comment_status":"closed","ping_status":"open","sticky":false,"template":"","format":"standard","meta":{"_acf_changed":false,"footnotes":""},"categories":[39],"tags":[],"class_list":["post-282632","post","type-post","status-publish","format-standard","has-post-thumbnail","category-sociedad"],"acf":{"antetitulo":"Por cinco meses"},"yoast_head":"<!-- This site is optimized with the Yoast SEO plugin v28.4 - https:\/\/yoast.com\/product\/yoast-seo-wordpress\/ -->\n<title>C\u00e1rcel para joven que confes\u00f3 asesinato de ind\u00edgena Marupa - El Diario - Bolivia<\/title>\n<meta name=\"robots\" content=\"index, follow, max-snippet:-1, max-image-preview:large, max-video-preview:-1\" \/>\n<link rel=\"canonical\" href=\"https:\/\/www.eldiario.net\/portal\/2025\/02\/18\/carcel-para-joven-que-confeso-asesinato-de-indigena-marupa\/\" \/>\n<meta property=\"og:locale\" content=\"es_ES\" \/>\n<meta property=\"og:type\" content=\"article\" \/>\n<meta property=\"og:title\" content=\"C\u00e1rcel para joven que confes\u00f3 asesinato de ind\u00edgena Marupa - El Diario - Bolivia\" \/>\n<meta property=\"og:description\" content=\"La justicia env\u00edo a la c\u00e1rcel de San Pedro por cinco meses con detenci\u00f3n preventiva al joven de 20 a\u00f1os que confes\u00f3 haber quitado la vida al dirigente ind\u00edgena de la comunidad Torehua e integrante de la Central Ind\u00edgena del Pueblo Leco de Apolo (Cipla), Francisco Marupa, de 67 a\u00f1os. \u201cLa autoridad jurisdiccional, mediante resoluci\u00f3n [&hellip;]\" \/>\n<meta property=\"og:url\" content=\"https:\/\/www.eldiario.net\/portal\/2025\/02\/18\/carcel-para-joven-que-confeso-asesinato-de-indigena-marupa\/\" \/>\n<meta property=\"og:site_name\" content=\"El Diario - Bolivia\" \/>\n<meta property=\"article:publisher\" content=\"https:\/\/www.facebook.com\/eldiario.bolivia\/\" \/>\n<meta property=\"article:published_time\" content=\"2025-02-18T09:26:37+00:00\" \/>\n<meta property=\"og:image\" content=\"https:\/\/www.eldiario.net\/portal\/wp-content\/uploads\/2025\/02\/MARUPA-FOTO.jpg\" \/>\n\t<meta property=\"og:image:width\" content=\"900\" \/>\n\t<meta property=\"og:image:height\" content=\"501\" \/>\n\t<meta property=\"og:image:type\" content=\"image\/jpeg\" \/>\n<meta name=\"author\" content=\"Jeanette\" \/>\n<meta name=\"twitter:card\" content=\"summary_large_image\" \/>\n<meta name=\"twitter:creator\" content=\"@eldiario_net\" \/>\n<meta name=\"twitter:site\" content=\"@eldiario_net\" \/>\n<meta name=\"twitter:label1\" content=\"Escrito por\" \/>\n\t<meta name=\"twitter:data1\" content=\"Jeanette\" \/>\n\t<meta name=\"twitter:label2\" content=\"Tiempo de lectura\" \/>\n\t<meta name=\"twitter:data2\" content=\"2 minutos\" \/>\n<script type=\"application\/ld+json\" class=\"yoast-schema-graph\">{\"@context\":\"https:\\\/\\\/schema.org\",\"@graph\":[{\"@type\":\"Article\",\"@id\":\"https:\\\/\\\/www.eldiario.net\\\/portal\\\/2025\\\/02\\\/18\\\/carcel-para-joven-que-confeso-asesinato-de-indigena-marupa\\\/#article\",\"isPartOf\":{\"@id\":\"https:\\\/\\\/www.eldiario.net\\\/portal\\\/2025\\\/02\\\/18\\\/carcel-para-joven-que-confeso-asesinato-de-indigena-marupa\\\/\"},\"author\":{\"name\":\"Jeanette\",\"@id\":\"https:\\\/\\\/www.eldiario.net\\\/portal\\\/#\\\/schema\\\/person\\\/f46445640444750d7d753ccd04ae01b7\"},\"headline\":\"C\u00e1rcel para joven que confes\u00f3 asesinato de ind\u00edgena Marupa\",\"datePublished\":\"2025-02-18T09:26:37+00:00\",\"mainEntityOfPage\":{\"@id\":\"https:\\\/\\\/www.eldiario.net\\\/portal\\\/2025\\\/02\\\/18\\\/carcel-para-joven-que-confeso-asesinato-de-indigena-marupa\\\/\"},\"wordCount\":336,\"publisher\":{\"@id\":\"https:\\\/\\\/www.eldiario.net\\\/portal\\\/#organization\"},\"image\":{\"@id\":\"https:\\\/\\\/www.eldiario.net\\\/portal\\\/2025\\\/02\\\/18\\\/carcel-para-joven-que-confeso-asesinato-de-indigena-marupa\\\/#primaryimage\"},\"thumbnailUrl\":\"https:\\\/\\\/www.eldiario.net\\\/portal\\\/wp-content\\\/uploads\\\/2025\\\/02\\\/MARUPA-FOTO.jpg\",\"articleSection\":[\"Sociedad - Seguridad\"],\"inLanguage\":\"es\"},{\"@type\":\"WebPage\",\"@id\":\"https:\\\/\\\/www.eldiario.net\\\/portal\\\/2025\\\/02\\\/18\\\/carcel-para-joven-que-confeso-asesinato-de-indigena-marupa\\\/\",\"url\":\"https:\\\/\\\/www.eldiario.net\\\/portal\\\/2025\\\/02\\\/18\\\/carcel-para-joven-que-confeso-asesinato-de-indigena-marupa\\\/\",\"name\":\"C\u00e1rcel para joven que confes\u00f3 asesinato de ind\u00edgena Marupa - El Diario - Bolivia\",\"isPartOf\":{\"@id\":\"https:\\\/\\\/www.eldiario.net\\\/portal\\\/#website\"},\"primaryImageOfPage\":{\"@id\":\"https:\\\/\\\/www.eldiario.net\\\/portal\\\/2025\\\/02\\\/18\\\/carcel-para-joven-que-confeso-asesinato-de-indigena-marupa\\\/#primaryimage\"},\"image\":{\"@id\":\"https:\\\/\\\/www.eldiario.net\\\/portal\\\/2025\\\/02\\\/18\\\/carcel-para-joven-que-confeso-asesinato-de-indigena-marupa\\\/#primaryimage\"},\"thumbnailUrl\":\"https:\\\/\\\/www.eldiario.net\\\/portal\\\/wp-content\\\/uploads\\\/2025\\\/02\\\/MARUPA-FOTO.jpg\",\"datePublished\":\"2025-02-18T09:26:37+00:00\",\"breadcrumb\":{\"@id\":\"https:\\\/\\\/www.eldiario.net\\\/portal\\\/2025\\\/02\\\/18\\\/carcel-para-joven-que-confeso-asesinato-de-indigena-marupa\\\/#breadcrumb\"},\"inLanguage\":\"es\",\"potentialAction\":[{\"@type\":\"ReadAction\",\"target\":[\"https:\\\/\\\/www.eldiario.net\\\/portal\\\/2025\\\/02\\\/18\\\/carcel-para-joven-que-confeso-asesinato-de-indigena-marupa\\\/\"]}]},{\"@type\":\"ImageObject\",\"inLanguage\":\"es\",\"@id\":\"https:\\\/\\\/www.eldiario.net\\\/portal\\\/2025\\\/02\\\/18\\\/carcel-para-joven-que-confeso-asesinato-de-indigena-marupa\\\/#primaryimage\",\"url\":\"https:\\\/\\\/www.eldiario.net\\\/portal\\\/wp-content\\\/uploads\\\/2025\\\/02\\\/MARUPA-FOTO.jpg\",\"contentUrl\":\"https:\\\/\\\/www.eldiario.net\\\/portal\\\/wp-content\\\/uploads\\\/2025\\\/02\\\/MARUPA-FOTO.jpg\",\"width\":900,\"height\":501,\"caption\":\"Autoridades recogieron el cuerpo tras el crimen. Cr\u00e9ditos: Cpilap\"},{\"@type\":\"BreadcrumbList\",\"@id\":\"https:\\\/\\\/www.eldiario.net\\\/portal\\\/2025\\\/02\\\/18\\\/carcel-para-joven-que-confeso-asesinato-de-indigena-marupa\\\/#breadcrumb\",\"itemListElement\":[{\"@type\":\"ListItem\",\"position\":1,\"name\":\"Portada\",\"item\":\"https:\\\/\\\/www.eldiario.net\\\/portal\\\/\"},{\"@type\":\"ListItem\",\"position\":2,\"name\":\"C\u00e1rcel para joven que confes\u00f3 asesinato de ind\u00edgena Marupa\"}]},{\"@type\":\"WebSite\",\"@id\":\"https:\\\/\\\/www.eldiario.net\\\/portal\\\/#website\",\"url\":\"https:\\\/\\\/www.eldiario.net\\\/portal\\\/\",\"name\":\"El Diario - Decano de la prensa nacional\",\"description\":\"El Diario - Decano de la prensa nacional\",\"publisher\":{\"@id\":\"https:\\\/\\\/www.eldiario.net\\\/portal\\\/#organization\"},\"potentialAction\":[{\"@type\":\"SearchAction\",\"target\":{\"@type\":\"EntryPoint\",\"urlTemplate\":\"https:\\\/\\\/www.eldiario.net\\\/portal\\\/?s={search_term_string}\"},\"query-input\":{\"@type\":\"PropertyValueSpecification\",\"valueRequired\":true,\"valueName\":\"search_term_string\"}}],\"inLanguage\":\"es\"},{\"@type\":\"Organization\",\"@id\":\"https:\\\/\\\/www.eldiario.net\\\/portal\\\/#organization\",\"name\":\"El Diario - Decano de la prensa nacional\",\"url\":\"https:\\\/\\\/www.eldiario.net\\\/portal\\\/\",\"logo\":{\"@type\":\"ImageObject\",\"inLanguage\":\"es\",\"@id\":\"https:\\\/\\\/www.eldiario.net\\\/portal\\\/#\\\/schema\\\/logo\\\/image\\\/\",\"url\":\"https:\\\/\\\/www.eldiario.net\\\/portal\\\/wp-content\\\/uploads\\\/2023\\\/07\\\/logo_ED.jpg\",\"contentUrl\":\"https:\\\/\\\/www.eldiario.net\\\/portal\\\/wp-content\\\/uploads\\\/2023\\\/07\\\/logo_ED.jpg\",\"width\":272,\"height\":52,\"caption\":\"El Diario - Decano de la prensa nacional\"},\"image\":{\"@id\":\"https:\\\/\\\/www.eldiario.net\\\/portal\\\/#\\\/schema\\\/logo\\\/image\\\/\"},\"sameAs\":[\"https:\\\/\\\/www.facebook.com\\\/eldiario.bolivia\\\/\",\"https:\\\/\\\/x.com\\\/eldiario_net\"]},{\"@type\":\"Person\",\"@id\":\"https:\\\/\\\/www.eldiario.net\\\/portal\\\/#\\\/schema\\\/person\\\/f46445640444750d7d753ccd04ae01b7\",\"name\":\"Jeanette\",\"image\":{\"@type\":\"ImageObject\",\"inLanguage\":\"es\",\"@id\":\"https:\\\/\\\/secure.gravatar.com\\\/avatar\\\/3ea2118a5f7dad2b7138b1187a6b7ee55f160b9968b66013c3a3ef39dd7e5798?s=96&d=mm&r=g\",\"url\":\"https:\\\/\\\/secure.gravatar.com\\\/avatar\\\/3ea2118a5f7dad2b7138b1187a6b7ee55f160b9968b66013c3a3ef39dd7e5798?s=96&d=mm&r=g\",\"contentUrl\":\"https:\\\/\\\/secure.gravatar.com\\\/avatar\\\/3ea2118a5f7dad2b7138b1187a6b7ee55f160b9968b66013c3a3ef39dd7e5798?s=96&d=mm&r=g\",\"caption\":\"Jeanette\"},\"sameAs\":[\"https:\\\/\\\/www.eldiario.net\\\/portal\"],\"url\":\"https:\\\/\\\/www.eldiario.net\\\/portal\\\/author\\\/jeanette\\\/\"}]}<\/script>\n<!-- \/ Yoast SEO plugin. -->","yoast_head_json":{"title":"C\u00e1rcel para joven que confes\u00f3 asesinato de ind\u00edgena Marupa - El Diario - Bolivia","robots":{"index":"index","follow":"follow","max-snippet":"max-snippet:-1","max-image-preview":"max-image-preview:large","max-video-preview":"max-video-preview:-1"},"canonical":"https:\/\/www.eldiario.net\/portal\/2025\/02\/18\/carcel-para-joven-que-confeso-asesinato-de-indigena-marupa\/","og_locale":"es_ES","og_type":"article","og_title":"C\u00e1rcel para joven que confes\u00f3 asesinato de ind\u00edgena Marupa - El Diario - Bolivia","og_description":"La justicia env\u00edo a la c\u00e1rcel de San Pedro por cinco meses con detenci\u00f3n preventiva al joven de 20 a\u00f1os que confes\u00f3 haber quitado la vida al dirigente ind\u00edgena de la comunidad Torehua e integrante de la Central Ind\u00edgena del Pueblo Leco de Apolo (Cipla), Francisco Marupa, de 67 a\u00f1os. \u201cLa autoridad jurisdiccional, mediante resoluci\u00f3n [&hellip;]","og_url":"https:\/\/www.eldiario.net\/portal\/2025\/02\/18\/carcel-para-joven-que-confeso-asesinato-de-indigena-marupa\/","og_site_name":"El Diario - Bolivia","article_publisher":"https:\/\/www.facebook.com\/eldiario.bolivia\/","article_published_time":"2025-02-18T09:26:37+00:00","og_image":[{"width":900,"height":501,"url":"https:\/\/www.eldiario.net\/portal\/wp-content\/uploads\/2025\/02\/MARUPA-FOTO.jpg","type":"image\/jpeg"}],"author":"Jeanette","twitter_card":"summary_large_image","twitter_creator":"@eldiario_net","twitter_site":"@eldiario_net","twitter_misc":{"Escrito por":"Jeanette","Tiempo de lectura":"2 minutos"},"schema":{"@context":"https:\/\/schema.org","@graph":[{"@type":"Article","@id":"https:\/\/www.eldiario.net\/portal\/2025\/02\/18\/carcel-para-joven-que-confeso-asesinato-de-indigena-marupa\/#article","isPartOf":{"@id":"https:\/\/www.eldiario.net\/portal\/2025\/02\/18\/carcel-para-joven-que-confeso-asesinato-de-indigena-marupa\/"},"author":{"name":"Jeanette","@id":"https:\/\/www.eldiario.net\/portal\/#\/schema\/person\/f46445640444750d7d753ccd04ae01b7"},"headline":"C\u00e1rcel para joven que confes\u00f3 asesinato de ind\u00edgena Marupa","datePublished":"2025-02-18T09:26:37+00:00","mainEntityOfPage":{"@id":"https:\/\/www.eldiario.net\/portal\/2025\/02\/18\/carcel-para-joven-que-confeso-asesinato-de-indigena-marupa\/"},"wordCount":336,"publisher":{"@id":"https:\/\/www.eldiario.net\/portal\/#organization"},"image":{"@id":"https:\/\/www.eldiario.net\/portal\/2025\/02\/18\/carcel-para-joven-que-confeso-asesinato-de-indigena-marupa\/#primaryimage"},"thumbnailUrl":"https:\/\/www.eldiario.net\/portal\/wp-content\/uploads\/2025\/02\/MARUPA-FOTO.jpg","articleSection":["Sociedad - Seguridad"],"inLanguage":"es"},{"@type":"WebPage","@id":"https:\/\/www.eldiario.net\/portal\/2025\/02\/18\/carcel-para-joven-que-confeso-asesinato-de-indigena-marupa\/","url":"https:\/\/www.eldiario.net\/portal\/2025\/02\/18\/carcel-para-joven-que-confeso-asesinato-de-indigena-marupa\/","name":"C\u00e1rcel para joven que confes\u00f3 asesinato de ind\u00edgena Marupa - El Diario - Bolivia","isPartOf":{"@id":"https:\/\/www.eldiario.net\/portal\/#website"},"primaryImageOfPage":{"@id":"https:\/\/www.eldiario.net\/portal\/2025\/02\/18\/carcel-para-joven-que-confeso-asesinato-de-indigena-marupa\/#primaryimage"},"image":{"@id":"https:\/\/www.eldiario.net\/portal\/2025\/02\/18\/carcel-para-joven-que-confeso-asesinato-de-indigena-marupa\/#primaryimage"},"thumbnailUrl":"https:\/\/www.eldiario.net\/portal\/wp-content\/uploads\/2025\/02\/MARUPA-FOTO.jpg","datePublished":"2025-02-18T09:26:37+00:00","breadcrumb":{"@id":"https:\/\/www.eldiario.net\/portal\/2025\/02\/18\/carcel-para-joven-que-confeso-asesinato-de-indigena-marupa\/#breadcrumb"},"inLanguage":"es","potentialAction":[{"@type":"ReadAction","target":["https:\/\/www.eldiario.net\/portal\/2025\/02\/18\/carcel-para-joven-que-confeso-asesinato-de-indigena-marupa\/"]}]},{"@type":"ImageObject","inLanguage":"es","@id":"https:\/\/www.eldiario.net\/portal\/2025\/02\/18\/carcel-para-joven-que-confeso-asesinato-de-indigena-marupa\/#primaryimage","url":"https:\/\/www.eldiario.net\/portal\/wp-content\/uploads\/2025\/02\/MARUPA-FOTO.jpg","contentUrl":"https:\/\/www.eldiario.net\/portal\/wp-content\/uploads\/2025\/02\/MARUPA-FOTO.jpg","width":900,"height":501,"caption":"Autoridades recogieron el cuerpo tras el crimen. Cr\u00e9ditos: Cpilap"},{"@type":"BreadcrumbList","@id":"https:\/\/www.eldiario.net\/portal\/2025\/02\/18\/carcel-para-joven-que-confeso-asesinato-de-indigena-marupa\/#breadcrumb","itemListElement":[{"@type":"ListItem","position":1,"name":"Portada","item":"https:\/\/www.eldiario.net\/portal\/"},{"@type":"ListItem","position":2,"name":"C\u00e1rcel para joven que confes\u00f3 asesinato de ind\u00edgena Marupa"}]},{"@type":"WebSite","@id":"https:\/\/www.eldiario.net\/portal\/#website","url":"https:\/\/www.eldiario.net\/portal\/","name":"El Diario - Decano de la prensa nacional","description":"El Diario - Decano de la prensa nacional","publisher":{"@id":"https:\/\/www.eldiario.net\/portal\/#organization"},"potentialAction":[{"@type":"SearchAction","target":{"@type":"EntryPoint","urlTemplate":"https:\/\/www.eldiario.net\/portal\/?s={search_term_string}"},"query-input":{"@type":"PropertyValueSpecification","valueRequired":true,"valueName":"search_term_string"}}],"inLanguage":"es"},{"@type":"Organization","@id":"https:\/\/www.eldiario.net\/portal\/#organization","name":"El Diario - Decano de la prensa nacional","url":"https:\/\/www.eldiario.net\/portal\/","logo":{"@type":"ImageObject","inLanguage":"es","@id":"https:\/\/www.eldiario.net\/portal\/#\/schema\/logo\/image\/","url":"https:\/\/www.eldiario.net\/portal\/wp-content\/uploads\/2023\/07\/logo_ED.jpg","contentUrl":"https:\/\/www.eldiario.net\/portal\/wp-content\/uploads\/2023\/07\/logo_ED.jpg","width":272,"height":52,"caption":"El Diario - Decano de la prensa nacional"},"image":{"@id":"https:\/\/www.eldiario.net\/portal\/#\/schema\/logo\/image\/"},"sameAs":["https:\/\/www.facebook.com\/eldiario.bolivia\/","https:\/\/x.com\/eldiario_net"]},{"@type":"Person","@id":"https:\/\/www.eldiario.net\/portal\/#\/schema\/person\/f46445640444750d7d753ccd04ae01b7","name":"Jeanette","image":{"@type":"ImageObject","inLanguage":"es","@id":"https:\/\/secure.gravatar.com\/avatar\/3ea2118a5f7dad2b7138b1187a6b7ee55f160b9968b66013c3a3ef39dd7e5798?s=96&d=mm&r=g","url":"https:\/\/secure.gravatar.com\/avatar\/3ea2118a5f7dad2b7138b1187a6b7ee55f160b9968b66013c3a3ef39dd7e5798?s=96&d=mm&r=g","contentUrl":"https:\/\/secure.gravatar.com\/avatar\/3ea2118a5f7dad2b7138b1187a6b7ee55f160b9968b66013c3a3ef39dd7e5798?s=96&d=mm&r=g","caption":"Jeanette"},"sameAs":["https:\/\/www.eldiario.net\/portal"],"url":"https:\/\/www.eldiario.net\/portal\/author\/jeanette\/"}]}},"_links":{"self":[{"href":"https:\/\/www.eldiario.net\/portal\/wp-json\/wp\/v2\/posts\/282632","targetHints":{"allow":["GET"]}}],"collection":[{"href":"https:\/\/www.eldiario.net\/portal\/wp-json\/wp\/v2\/posts"}],"about":[{"href":"https:\/\/www.eldiario.net\/portal\/wp-json\/wp\/v2\/types\/post"}],"author":[{"embeddable":true,"href":"https:\/\/www.eldiario.net\/portal\/wp-json\/wp\/v2\/users\/1"}],"replies":[{"embeddable":true,"href":"https:\/\/www.eldiario.net\/portal\/wp-json\/wp\/v2\/comments?post=282632"}],"version-history":[{"count":1,"href":"https:\/\/www.eldiario.net\/portal\/wp-json\/wp\/v2\/posts\/282632\/revisions"}],"predecessor-version":[{"id":282634,"href":"https:\/\/www.eldiario.net\/portal\/wp-json\/wp\/v2\/posts\/282632\/revisions\/282634"}],"wp:featuredmedia":[{"embeddable":true,"href":"https:\/\/www.eldiario.net\/portal\/wp-json\/wp\/v2\/media\/282633"}],"wp:attachment":[{"href":"https:\/\/www.eldiario.net\/portal\/wp-json\/wp\/v2\/media?parent=282632"}],"wp:term":[{"taxonomy":"category","embeddable":true,"href":"https:\/\/www.eldiario.net\/portal\/wp-json\/wp\/v2\/categories?post=282632"},{"taxonomy":"post_tag","embeddable":true,"href":"https:\/\/www.eldiario.net\/portal\/wp-json\/wp\/v2\/tags?post=282632"}],"curies":[{"name":"wp","href":"https:\/\/api.w.org\/{rel}","templated":true}]}}