{"id":282622,"date":"2025-02-18T05:24:30","date_gmt":"2025-02-18T09:24:30","guid":{"rendered":"https:\/\/www.eldiario.net\/portal\/?p=282622"},"modified":"2025-02-18T05:24:30","modified_gmt":"2025-02-18T09:24:30","slug":"incautan-136-kilos-de-cocaina-en-la-paz-y-detienen-a-dos-personas","status":"publish","type":"post","link":"https:\/\/www.eldiario.net\/portal\/2025\/02\/18\/incautan-136-kilos-de-cocaina-en-la-paz-y-detienen-a-dos-personas\/","title":{"rendered":"Incautan 136 kilos de coca\u00edna en  La Paz y detienen a dos personas"},"content":{"rendered":"<p>La Fuerza Especial de Lucha contra el Narcotr\u00e1fico (Felcn) ejecut\u00f3 dos operativos en el departamento de La Paz e incaut\u00f3 136,2 kilos de clorhidrato de coca\u00edna, presuntamente de origen peruano. El viceministro de Defensa Social y Sustancias Controladas, Jaime Mamani, inform\u00f3 que la droga, valuada en m\u00e1s de 500.000 d\u00f3lares, ten\u00eda como destino final las ciudades de Tarija y Santa Cruz.<\/p>\n<p>El primer operativo se llev\u00f3 a cabo en la ciudad de El Alto, donde la Felcn intercept\u00f3 un veh\u00edculo con compartimientos ocultos que conten\u00edan 83 kilos de coca\u00edna en paquetes tipo ladrillo, adem\u00e1s de un arma de fuego. En la intervenci\u00f3n, se detuvo a un hombre de 62 a\u00f1os con antecedentes por narcotr\u00e1fico. La afectaci\u00f3n econ\u00f3mica a las organizaciones criminales por esta incautaci\u00f3n asciende a 412.000 d\u00f3lares.<\/p>\n<p>El segundo operativo se realiz\u00f3 en la zona de Achica Arriba, donde los agentes antinarc\u00f3ticos identificaron un microb\u00fas que transportaba 53 kilos de coca\u00edna. Seg\u00fan las investigaciones, la droga ten\u00eda como destino Santa Cruz, desde donde ser\u00eda enviada a Brasil y Paraguay. El valor de esta carga se estima en 135.000 d\u00f3lares.<\/p>\n<p>Adem\u00e1s de la droga, la Felcn secuestr\u00f3 tres viviendas, tres veh\u00edculos y varios tel\u00e9fonos celulares, elementos que ser\u00e1n analizados para determinar conexiones con redes de narcotr\u00e1fico.\u00a0 (Br\u00fajula Digital)<\/p>\n","protected":false},"excerpt":{"rendered":"<p>La Fuerza Especial de Lucha contra el Narcotr\u00e1fico (Felcn) ejecut\u00f3 dos operativos en el departamento de La Paz e incaut\u00f3 136,2 kilos de clorhidrato de coca\u00edna, presuntamente de origen peruano. El viceministro de Defensa Social y Sustancias Controladas, Jaime Mamani, inform\u00f3 que la droga, valuada en m\u00e1s de 500.000 d\u00f3lares, ten\u00eda como destino final las [&hellip;]<\/p>\n","protected":false},"author":1,"featured_media":282623,"comment_status":"closed","ping_status":"open","sticky":false,"template":"","format":"standard","meta":{"_acf_changed":false,"footnotes":""},"categories":[39],"tags":[],"class_list":["post-282622","post","type-post","status-publish","format-standard","has-post-thumbnail","category-sociedad"],"acf":{"antetitulo":""},"yoast_head":"<!-- This site is optimized with the Yoast SEO plugin v28.3 - https:\/\/yoast.com\/product\/yoast-seo-wordpress\/ -->\n<title>Incautan 136 kilos de coca\u00edna en La Paz y detienen a dos personas - El Diario - Bolivia<\/title>\n<meta name=\"robots\" content=\"index, follow, max-snippet:-1, max-image-preview:large, max-video-preview:-1\" \/>\n<link rel=\"canonical\" href=\"https:\/\/www.eldiario.net\/portal\/2025\/02\/18\/incautan-136-kilos-de-cocaina-en-la-paz-y-detienen-a-dos-personas\/\" \/>\n<meta property=\"og:locale\" content=\"es_ES\" \/>\n<meta property=\"og:type\" content=\"article\" \/>\n<meta property=\"og:title\" content=\"Incautan 136 kilos de coca\u00edna en La Paz y detienen a dos personas - El Diario - Bolivia\" \/>\n<meta property=\"og:description\" content=\"La Fuerza Especial de Lucha contra el Narcotr\u00e1fico (Felcn) ejecut\u00f3 dos operativos en el departamento de La Paz e incaut\u00f3 136,2 kilos de clorhidrato de coca\u00edna, presuntamente de origen peruano. El viceministro de Defensa Social y Sustancias Controladas, Jaime Mamani, inform\u00f3 que la droga, valuada en m\u00e1s de 500.000 d\u00f3lares, ten\u00eda como destino final las [&hellip;]\" \/>\n<meta property=\"og:url\" content=\"https:\/\/www.eldiario.net\/portal\/2025\/02\/18\/incautan-136-kilos-de-cocaina-en-la-paz-y-detienen-a-dos-personas\/\" \/>\n<meta property=\"og:site_name\" content=\"El Diario - Bolivia\" \/>\n<meta property=\"article:publisher\" content=\"https:\/\/www.facebook.com\/eldiario.bolivia\/\" \/>\n<meta property=\"article:published_time\" content=\"2025-02-18T09:24:30+00:00\" \/>\n<meta property=\"og:image\" content=\"https:\/\/www.eldiario.net\/portal\/wp-content\/uploads\/2025\/02\/SUCHA-FOTO.jpeg\" \/>\n\t<meta property=\"og:image:width\" content=\"720\" \/>\n\t<meta property=\"og:image:height\" content=\"399\" \/>\n\t<meta property=\"og:image:type\" content=\"image\/jpeg\" \/>\n<meta name=\"author\" content=\"Jeanette\" \/>\n<meta name=\"twitter:card\" content=\"summary_large_image\" \/>\n<meta name=\"twitter:creator\" content=\"@eldiario_net\" \/>\n<meta name=\"twitter:site\" content=\"@eldiario_net\" \/>\n<meta name=\"twitter:label1\" content=\"Escrito por\" \/>\n\t<meta name=\"twitter:data1\" content=\"Jeanette\" \/>\n\t<meta name=\"twitter:label2\" content=\"Tiempo de lectura\" \/>\n\t<meta name=\"twitter:data2\" content=\"2 minutos\" \/>\n<script type=\"application\/ld+json\" class=\"yoast-schema-graph\">{\"@context\":\"https:\\\/\\\/schema.org\",\"@graph\":[{\"@type\":\"Article\",\"@id\":\"https:\\\/\\\/www.eldiario.net\\\/portal\\\/2025\\\/02\\\/18\\\/incautan-136-kilos-de-cocaina-en-la-paz-y-detienen-a-dos-personas\\\/#article\",\"isPartOf\":{\"@id\":\"https:\\\/\\\/www.eldiario.net\\\/portal\\\/2025\\\/02\\\/18\\\/incautan-136-kilos-de-cocaina-en-la-paz-y-detienen-a-dos-personas\\\/\"},\"author\":{\"name\":\"Jeanette\",\"@id\":\"https:\\\/\\\/www.eldiario.net\\\/portal\\\/#\\\/schema\\\/person\\\/f46445640444750d7d753ccd04ae01b7\"},\"headline\":\"Incautan 136 kilos de coca\u00edna en La Paz y detienen a dos personas\",\"datePublished\":\"2025-02-18T09:24:30+00:00\",\"mainEntityOfPage\":{\"@id\":\"https:\\\/\\\/www.eldiario.net\\\/portal\\\/2025\\\/02\\\/18\\\/incautan-136-kilos-de-cocaina-en-la-paz-y-detienen-a-dos-personas\\\/\"},\"wordCount\":243,\"publisher\":{\"@id\":\"https:\\\/\\\/www.eldiario.net\\\/portal\\\/#organization\"},\"image\":{\"@id\":\"https:\\\/\\\/www.eldiario.net\\\/portal\\\/2025\\\/02\\\/18\\\/incautan-136-kilos-de-cocaina-en-la-paz-y-detienen-a-dos-personas\\\/#primaryimage\"},\"thumbnailUrl\":\"https:\\\/\\\/www.eldiario.net\\\/portal\\\/wp-content\\\/uploads\\\/2025\\\/02\\\/SUCHA-FOTO.jpeg\",\"articleSection\":[\"Sociedad - Seguridad\"],\"inLanguage\":\"es\"},{\"@type\":\"WebPage\",\"@id\":\"https:\\\/\\\/www.eldiario.net\\\/portal\\\/2025\\\/02\\\/18\\\/incautan-136-kilos-de-cocaina-en-la-paz-y-detienen-a-dos-personas\\\/\",\"url\":\"https:\\\/\\\/www.eldiario.net\\\/portal\\\/2025\\\/02\\\/18\\\/incautan-136-kilos-de-cocaina-en-la-paz-y-detienen-a-dos-personas\\\/\",\"name\":\"Incautan 136 kilos de coca\u00edna en La Paz y detienen a dos personas - El Diario - Bolivia\",\"isPartOf\":{\"@id\":\"https:\\\/\\\/www.eldiario.net\\\/portal\\\/#website\"},\"primaryImageOfPage\":{\"@id\":\"https:\\\/\\\/www.eldiario.net\\\/portal\\\/2025\\\/02\\\/18\\\/incautan-136-kilos-de-cocaina-en-la-paz-y-detienen-a-dos-personas\\\/#primaryimage\"},\"image\":{\"@id\":\"https:\\\/\\\/www.eldiario.net\\\/portal\\\/2025\\\/02\\\/18\\\/incautan-136-kilos-de-cocaina-en-la-paz-y-detienen-a-dos-personas\\\/#primaryimage\"},\"thumbnailUrl\":\"https:\\\/\\\/www.eldiario.net\\\/portal\\\/wp-content\\\/uploads\\\/2025\\\/02\\\/SUCHA-FOTO.jpeg\",\"datePublished\":\"2025-02-18T09:24:30+00:00\",\"breadcrumb\":{\"@id\":\"https:\\\/\\\/www.eldiario.net\\\/portal\\\/2025\\\/02\\\/18\\\/incautan-136-kilos-de-cocaina-en-la-paz-y-detienen-a-dos-personas\\\/#breadcrumb\"},\"inLanguage\":\"es\",\"potentialAction\":[{\"@type\":\"ReadAction\",\"target\":[\"https:\\\/\\\/www.eldiario.net\\\/portal\\\/2025\\\/02\\\/18\\\/incautan-136-kilos-de-cocaina-en-la-paz-y-detienen-a-dos-personas\\\/\"]}]},{\"@type\":\"ImageObject\",\"inLanguage\":\"es\",\"@id\":\"https:\\\/\\\/www.eldiario.net\\\/portal\\\/2025\\\/02\\\/18\\\/incautan-136-kilos-de-cocaina-en-la-paz-y-detienen-a-dos-personas\\\/#primaryimage\",\"url\":\"https:\\\/\\\/www.eldiario.net\\\/portal\\\/wp-content\\\/uploads\\\/2025\\\/02\\\/SUCHA-FOTO.jpeg\",\"contentUrl\":\"https:\\\/\\\/www.eldiario.net\\\/portal\\\/wp-content\\\/uploads\\\/2025\\\/02\\\/SUCHA-FOTO.jpeg\",\"width\":720,\"height\":399,\"caption\":\"El viceministro de Defensa Social y Sustancias Controladas, Jaime Mamani. Foto: ABI\"},{\"@type\":\"BreadcrumbList\",\"@id\":\"https:\\\/\\\/www.eldiario.net\\\/portal\\\/2025\\\/02\\\/18\\\/incautan-136-kilos-de-cocaina-en-la-paz-y-detienen-a-dos-personas\\\/#breadcrumb\",\"itemListElement\":[{\"@type\":\"ListItem\",\"position\":1,\"name\":\"Portada\",\"item\":\"https:\\\/\\\/www.eldiario.net\\\/portal\\\/\"},{\"@type\":\"ListItem\",\"position\":2,\"name\":\"Incautan 136 kilos de coca\u00edna en La Paz y detienen a dos personas\"}]},{\"@type\":\"WebSite\",\"@id\":\"https:\\\/\\\/www.eldiario.net\\\/portal\\\/#website\",\"url\":\"https:\\\/\\\/www.eldiario.net\\\/portal\\\/\",\"name\":\"El Diario - Decano de la prensa nacional\",\"description\":\"El Diario - Decano de la prensa nacional\",\"publisher\":{\"@id\":\"https:\\\/\\\/www.eldiario.net\\\/portal\\\/#organization\"},\"potentialAction\":[{\"@type\":\"SearchAction\",\"target\":{\"@type\":\"EntryPoint\",\"urlTemplate\":\"https:\\\/\\\/www.eldiario.net\\\/portal\\\/?s={search_term_string}\"},\"query-input\":{\"@type\":\"PropertyValueSpecification\",\"valueRequired\":true,\"valueName\":\"search_term_string\"}}],\"inLanguage\":\"es\"},{\"@type\":\"Organization\",\"@id\":\"https:\\\/\\\/www.eldiario.net\\\/portal\\\/#organization\",\"name\":\"El Diario - Decano de la prensa nacional\",\"url\":\"https:\\\/\\\/www.eldiario.net\\\/portal\\\/\",\"logo\":{\"@type\":\"ImageObject\",\"inLanguage\":\"es\",\"@id\":\"https:\\\/\\\/www.eldiario.net\\\/portal\\\/#\\\/schema\\\/logo\\\/image\\\/\",\"url\":\"https:\\\/\\\/www.eldiario.net\\\/portal\\\/wp-content\\\/uploads\\\/2023\\\/07\\\/logo_ED.jpg\",\"contentUrl\":\"https:\\\/\\\/www.eldiario.net\\\/portal\\\/wp-content\\\/uploads\\\/2023\\\/07\\\/logo_ED.jpg\",\"width\":272,\"height\":52,\"caption\":\"El Diario - Decano de la prensa nacional\"},\"image\":{\"@id\":\"https:\\\/\\\/www.eldiario.net\\\/portal\\\/#\\\/schema\\\/logo\\\/image\\\/\"},\"sameAs\":[\"https:\\\/\\\/www.facebook.com\\\/eldiario.bolivia\\\/\",\"https:\\\/\\\/x.com\\\/eldiario_net\"]},{\"@type\":\"Person\",\"@id\":\"https:\\\/\\\/www.eldiario.net\\\/portal\\\/#\\\/schema\\\/person\\\/f46445640444750d7d753ccd04ae01b7\",\"name\":\"Jeanette\",\"image\":{\"@type\":\"ImageObject\",\"inLanguage\":\"es\",\"@id\":\"https:\\\/\\\/secure.gravatar.com\\\/avatar\\\/3ea2118a5f7dad2b7138b1187a6b7ee55f160b9968b66013c3a3ef39dd7e5798?s=96&d=mm&r=g\",\"url\":\"https:\\\/\\\/secure.gravatar.com\\\/avatar\\\/3ea2118a5f7dad2b7138b1187a6b7ee55f160b9968b66013c3a3ef39dd7e5798?s=96&d=mm&r=g\",\"contentUrl\":\"https:\\\/\\\/secure.gravatar.com\\\/avatar\\\/3ea2118a5f7dad2b7138b1187a6b7ee55f160b9968b66013c3a3ef39dd7e5798?s=96&d=mm&r=g\",\"caption\":\"Jeanette\"},\"sameAs\":[\"https:\\\/\\\/www.eldiario.net\\\/portal\"],\"url\":\"https:\\\/\\\/www.eldiario.net\\\/portal\\\/author\\\/jeanette\\\/\"}]}<\/script>\n<!-- \/ Yoast SEO plugin. -->","yoast_head_json":{"title":"Incautan 136 kilos de coca\u00edna en La Paz y detienen a dos personas - El Diario - Bolivia","robots":{"index":"index","follow":"follow","max-snippet":"max-snippet:-1","max-image-preview":"max-image-preview:large","max-video-preview":"max-video-preview:-1"},"canonical":"https:\/\/www.eldiario.net\/portal\/2025\/02\/18\/incautan-136-kilos-de-cocaina-en-la-paz-y-detienen-a-dos-personas\/","og_locale":"es_ES","og_type":"article","og_title":"Incautan 136 kilos de coca\u00edna en La Paz y detienen a dos personas - El Diario - Bolivia","og_description":"La Fuerza Especial de Lucha contra el Narcotr\u00e1fico (Felcn) ejecut\u00f3 dos operativos en el departamento de La Paz e incaut\u00f3 136,2 kilos de clorhidrato de coca\u00edna, presuntamente de origen peruano. El viceministro de Defensa Social y Sustancias Controladas, Jaime Mamani, inform\u00f3 que la droga, valuada en m\u00e1s de 500.000 d\u00f3lares, ten\u00eda como destino final las [&hellip;]","og_url":"https:\/\/www.eldiario.net\/portal\/2025\/02\/18\/incautan-136-kilos-de-cocaina-en-la-paz-y-detienen-a-dos-personas\/","og_site_name":"El Diario - Bolivia","article_publisher":"https:\/\/www.facebook.com\/eldiario.bolivia\/","article_published_time":"2025-02-18T09:24:30+00:00","og_image":[{"width":720,"height":399,"url":"https:\/\/www.eldiario.net\/portal\/wp-content\/uploads\/2025\/02\/SUCHA-FOTO.jpeg","type":"image\/jpeg"}],"author":"Jeanette","twitter_card":"summary_large_image","twitter_creator":"@eldiario_net","twitter_site":"@eldiario_net","twitter_misc":{"Escrito por":"Jeanette","Tiempo de lectura":"2 minutos"},"schema":{"@context":"https:\/\/schema.org","@graph":[{"@type":"Article","@id":"https:\/\/www.eldiario.net\/portal\/2025\/02\/18\/incautan-136-kilos-de-cocaina-en-la-paz-y-detienen-a-dos-personas\/#article","isPartOf":{"@id":"https:\/\/www.eldiario.net\/portal\/2025\/02\/18\/incautan-136-kilos-de-cocaina-en-la-paz-y-detienen-a-dos-personas\/"},"author":{"name":"Jeanette","@id":"https:\/\/www.eldiario.net\/portal\/#\/schema\/person\/f46445640444750d7d753ccd04ae01b7"},"headline":"Incautan 136 kilos de coca\u00edna en La Paz y detienen a dos personas","datePublished":"2025-02-18T09:24:30+00:00","mainEntityOfPage":{"@id":"https:\/\/www.eldiario.net\/portal\/2025\/02\/18\/incautan-136-kilos-de-cocaina-en-la-paz-y-detienen-a-dos-personas\/"},"wordCount":243,"publisher":{"@id":"https:\/\/www.eldiario.net\/portal\/#organization"},"image":{"@id":"https:\/\/www.eldiario.net\/portal\/2025\/02\/18\/incautan-136-kilos-de-cocaina-en-la-paz-y-detienen-a-dos-personas\/#primaryimage"},"thumbnailUrl":"https:\/\/www.eldiario.net\/portal\/wp-content\/uploads\/2025\/02\/SUCHA-FOTO.jpeg","articleSection":["Sociedad - Seguridad"],"inLanguage":"es"},{"@type":"WebPage","@id":"https:\/\/www.eldiario.net\/portal\/2025\/02\/18\/incautan-136-kilos-de-cocaina-en-la-paz-y-detienen-a-dos-personas\/","url":"https:\/\/www.eldiario.net\/portal\/2025\/02\/18\/incautan-136-kilos-de-cocaina-en-la-paz-y-detienen-a-dos-personas\/","name":"Incautan 136 kilos de coca\u00edna en La Paz y detienen a dos personas - El Diario - Bolivia","isPartOf":{"@id":"https:\/\/www.eldiario.net\/portal\/#website"},"primaryImageOfPage":{"@id":"https:\/\/www.eldiario.net\/portal\/2025\/02\/18\/incautan-136-kilos-de-cocaina-en-la-paz-y-detienen-a-dos-personas\/#primaryimage"},"image":{"@id":"https:\/\/www.eldiario.net\/portal\/2025\/02\/18\/incautan-136-kilos-de-cocaina-en-la-paz-y-detienen-a-dos-personas\/#primaryimage"},"thumbnailUrl":"https:\/\/www.eldiario.net\/portal\/wp-content\/uploads\/2025\/02\/SUCHA-FOTO.jpeg","datePublished":"2025-02-18T09:24:30+00:00","breadcrumb":{"@id":"https:\/\/www.eldiario.net\/portal\/2025\/02\/18\/incautan-136-kilos-de-cocaina-en-la-paz-y-detienen-a-dos-personas\/#breadcrumb"},"inLanguage":"es","potentialAction":[{"@type":"ReadAction","target":["https:\/\/www.eldiario.net\/portal\/2025\/02\/18\/incautan-136-kilos-de-cocaina-en-la-paz-y-detienen-a-dos-personas\/"]}]},{"@type":"ImageObject","inLanguage":"es","@id":"https:\/\/www.eldiario.net\/portal\/2025\/02\/18\/incautan-136-kilos-de-cocaina-en-la-paz-y-detienen-a-dos-personas\/#primaryimage","url":"https:\/\/www.eldiario.net\/portal\/wp-content\/uploads\/2025\/02\/SUCHA-FOTO.jpeg","contentUrl":"https:\/\/www.eldiario.net\/portal\/wp-content\/uploads\/2025\/02\/SUCHA-FOTO.jpeg","width":720,"height":399,"caption":"El viceministro de Defensa Social y Sustancias Controladas, Jaime Mamani. Foto: ABI"},{"@type":"BreadcrumbList","@id":"https:\/\/www.eldiario.net\/portal\/2025\/02\/18\/incautan-136-kilos-de-cocaina-en-la-paz-y-detienen-a-dos-personas\/#breadcrumb","itemListElement":[{"@type":"ListItem","position":1,"name":"Portada","item":"https:\/\/www.eldiario.net\/portal\/"},{"@type":"ListItem","position":2,"name":"Incautan 136 kilos de coca\u00edna en La Paz y detienen a dos personas"}]},{"@type":"WebSite","@id":"https:\/\/www.eldiario.net\/portal\/#website","url":"https:\/\/www.eldiario.net\/portal\/","name":"El Diario - Decano de la prensa nacional","description":"El Diario - Decano de la prensa nacional","publisher":{"@id":"https:\/\/www.eldiario.net\/portal\/#organization"},"potentialAction":[{"@type":"SearchAction","target":{"@type":"EntryPoint","urlTemplate":"https:\/\/www.eldiario.net\/portal\/?s={search_term_string}"},"query-input":{"@type":"PropertyValueSpecification","valueRequired":true,"valueName":"search_term_string"}}],"inLanguage":"es"},{"@type":"Organization","@id":"https:\/\/www.eldiario.net\/portal\/#organization","name":"El Diario - Decano de la prensa nacional","url":"https:\/\/www.eldiario.net\/portal\/","logo":{"@type":"ImageObject","inLanguage":"es","@id":"https:\/\/www.eldiario.net\/portal\/#\/schema\/logo\/image\/","url":"https:\/\/www.eldiario.net\/portal\/wp-content\/uploads\/2023\/07\/logo_ED.jpg","contentUrl":"https:\/\/www.eldiario.net\/portal\/wp-content\/uploads\/2023\/07\/logo_ED.jpg","width":272,"height":52,"caption":"El Diario - Decano de la prensa nacional"},"image":{"@id":"https:\/\/www.eldiario.net\/portal\/#\/schema\/logo\/image\/"},"sameAs":["https:\/\/www.facebook.com\/eldiario.bolivia\/","https:\/\/x.com\/eldiario_net"]},{"@type":"Person","@id":"https:\/\/www.eldiario.net\/portal\/#\/schema\/person\/f46445640444750d7d753ccd04ae01b7","name":"Jeanette","image":{"@type":"ImageObject","inLanguage":"es","@id":"https:\/\/secure.gravatar.com\/avatar\/3ea2118a5f7dad2b7138b1187a6b7ee55f160b9968b66013c3a3ef39dd7e5798?s=96&d=mm&r=g","url":"https:\/\/secure.gravatar.com\/avatar\/3ea2118a5f7dad2b7138b1187a6b7ee55f160b9968b66013c3a3ef39dd7e5798?s=96&d=mm&r=g","contentUrl":"https:\/\/secure.gravatar.com\/avatar\/3ea2118a5f7dad2b7138b1187a6b7ee55f160b9968b66013c3a3ef39dd7e5798?s=96&d=mm&r=g","caption":"Jeanette"},"sameAs":["https:\/\/www.eldiario.net\/portal"],"url":"https:\/\/www.eldiario.net\/portal\/author\/jeanette\/"}]}},"_links":{"self":[{"href":"https:\/\/www.eldiario.net\/portal\/wp-json\/wp\/v2\/posts\/282622","targetHints":{"allow":["GET"]}}],"collection":[{"href":"https:\/\/www.eldiario.net\/portal\/wp-json\/wp\/v2\/posts"}],"about":[{"href":"https:\/\/www.eldiario.net\/portal\/wp-json\/wp\/v2\/types\/post"}],"author":[{"embeddable":true,"href":"https:\/\/www.eldiario.net\/portal\/wp-json\/wp\/v2\/users\/1"}],"replies":[{"embeddable":true,"href":"https:\/\/www.eldiario.net\/portal\/wp-json\/wp\/v2\/comments?post=282622"}],"version-history":[{"count":1,"href":"https:\/\/www.eldiario.net\/portal\/wp-json\/wp\/v2\/posts\/282622\/revisions"}],"predecessor-version":[{"id":282624,"href":"https:\/\/www.eldiario.net\/portal\/wp-json\/wp\/v2\/posts\/282622\/revisions\/282624"}],"wp:featuredmedia":[{"embeddable":true,"href":"https:\/\/www.eldiario.net\/portal\/wp-json\/wp\/v2\/media\/282623"}],"wp:attachment":[{"href":"https:\/\/www.eldiario.net\/portal\/wp-json\/wp\/v2\/media?parent=282622"}],"wp:term":[{"taxonomy":"category","embeddable":true,"href":"https:\/\/www.eldiario.net\/portal\/wp-json\/wp\/v2\/categories?post=282622"},{"taxonomy":"post_tag","embeddable":true,"href":"https:\/\/www.eldiario.net\/portal\/wp-json\/wp\/v2\/tags?post=282622"}],"curies":[{"name":"wp","href":"https:\/\/api.w.org\/{rel}","templated":true}]}}