{"id":282619,"date":"2025-02-18T05:24:02","date_gmt":"2025-02-18T09:24:02","guid":{"rendered":"https:\/\/www.eldiario.net\/portal\/?p=282619"},"modified":"2025-02-18T05:24:02","modified_gmt":"2025-02-18T09:24:02","slug":"alcalde-de-luribay-detenido-preventivamente-por-presunto-desvio-de-bs-189-mil","status":"publish","type":"post","link":"https:\/\/www.eldiario.net\/portal\/2025\/02\/18\/alcalde-de-luribay-detenido-preventivamente-por-presunto-desvio-de-bs-189-mil\/","title":{"rendered":"Alcalde de Luribay detenido preventivamente  por presunto desv\u00edo de Bs 189 mil"},"content":{"rendered":"<p>El alcalde de Luribay, Mario C\u00e1ceres Calle, fue enviado al penal de Patacamaya, en calidad de detenido preventivo por dos meses, en un proceso judicial que fue abierto en su contra por la presunta comisi\u00f3n de los delitos de peculado y malversaci\u00f3n de unos Bs 189 mil.<\/p>\n<p>\u201cEl Juzgado S\u00e9ptimo de Instrucci\u00f3n en lo Penal de La Paz env\u00edo al se\u00f1or Mario C\u00e1ceres Calle, alcalde del municipio de Luribay, a la c\u00e1rcel de Patacamaya por dos meses, por delitos de peculado y malversaci\u00f3n de fondos\u201d, inform\u00f3 el concejal Zenobio Villa.<\/p>\n<p>Seg\u00fan reportes period\u00edsticos, en mayo de 2024, C\u00e1ceres fue denunciado por Villa, quien afirm\u00f3 que el Alcalde de Luribay utiliz\u00f3 los Bs 189 mil, de fondos ediles, para el pago de una deuda personal, acci\u00f3n en la que tambi\u00e9n estar\u00edan implicados otros empleados de ese gobierno local.<\/p>\n<p>Seg\u00fan la denuncia, C\u00e1ceres ten\u00eda una empresa constructora que se adjudic\u00f3 obras ediles. Luego, una vez que asumi\u00f3 la titularidad de la Alcald\u00eda de Luribay, trabajadores de su empresa le demandaron por el incumplimiento de pago de beneficios sociales, motivo por el que fue enviado a la c\u00e1rcel.<\/p>\n<p>Despu\u00e9s de unos d\u00edas, C\u00e1ceres hab\u00eda recobrado su libertad, debido a que habr\u00eda pagado los beneficios sociales de sus trabajadores con Bs 189 mil, de fondos ediles. (Br\u00fajula Digital)<\/p>\n","protected":false},"excerpt":{"rendered":"<p>El alcalde de Luribay, Mario C\u00e1ceres Calle, fue enviado al penal de Patacamaya, en calidad de detenido preventivo por dos meses, en un proceso judicial que fue abierto en su contra por la presunta comisi\u00f3n de los delitos de peculado y malversaci\u00f3n de unos Bs 189 mil. \u201cEl Juzgado S\u00e9ptimo de Instrucci\u00f3n en lo Penal [&hellip;]<\/p>\n","protected":false},"author":1,"featured_media":282620,"comment_status":"closed","ping_status":"open","sticky":false,"template":"","format":"standard","meta":{"_acf_changed":false,"footnotes":""},"categories":[39],"tags":[],"class_list":["post-282619","post","type-post","status-publish","format-standard","has-post-thumbnail","category-sociedad"],"acf":{"antetitulo":""},"yoast_head":"<!-- This site is optimized with the Yoast SEO plugin v28.3 - https:\/\/yoast.com\/product\/yoast-seo-wordpress\/ -->\n<title>Alcalde de Luribay detenido preventivamente por presunto desv\u00edo de Bs 189 mil - El Diario - Bolivia<\/title>\n<meta name=\"robots\" content=\"index, follow, max-snippet:-1, max-image-preview:large, max-video-preview:-1\" \/>\n<link rel=\"canonical\" href=\"https:\/\/www.eldiario.net\/portal\/2025\/02\/18\/alcalde-de-luribay-detenido-preventivamente-por-presunto-desvio-de-bs-189-mil\/\" \/>\n<meta property=\"og:locale\" content=\"es_ES\" \/>\n<meta property=\"og:type\" content=\"article\" \/>\n<meta property=\"og:title\" content=\"Alcalde de Luribay detenido preventivamente por presunto desv\u00edo de Bs 189 mil - El Diario - Bolivia\" \/>\n<meta property=\"og:description\" content=\"El alcalde de Luribay, Mario C\u00e1ceres Calle, fue enviado al penal de Patacamaya, en calidad de detenido preventivo por dos meses, en un proceso judicial que fue abierto en su contra por la presunta comisi\u00f3n de los delitos de peculado y malversaci\u00f3n de unos Bs 189 mil. \u201cEl Juzgado S\u00e9ptimo de Instrucci\u00f3n en lo Penal [&hellip;]\" \/>\n<meta property=\"og:url\" content=\"https:\/\/www.eldiario.net\/portal\/2025\/02\/18\/alcalde-de-luribay-detenido-preventivamente-por-presunto-desvio-de-bs-189-mil\/\" \/>\n<meta property=\"og:site_name\" content=\"El Diario - Bolivia\" \/>\n<meta property=\"article:publisher\" content=\"https:\/\/www.facebook.com\/eldiario.bolivia\/\" \/>\n<meta property=\"article:published_time\" content=\"2025-02-18T09:24:02+00:00\" \/>\n<meta property=\"og:image\" content=\"https:\/\/www.eldiario.net\/portal\/wp-content\/uploads\/2025\/02\/VAY-FOTO.jpg\" \/>\n\t<meta property=\"og:image:width\" content=\"720\" \/>\n\t<meta property=\"og:image:height\" content=\"399\" \/>\n\t<meta property=\"og:image:type\" content=\"image\/jpeg\" \/>\n<meta name=\"author\" content=\"Jeanette\" \/>\n<meta name=\"twitter:card\" content=\"summary_large_image\" \/>\n<meta name=\"twitter:creator\" content=\"@eldiario_net\" \/>\n<meta name=\"twitter:site\" content=\"@eldiario_net\" \/>\n<meta name=\"twitter:label1\" content=\"Escrito por\" \/>\n\t<meta name=\"twitter:data1\" content=\"Jeanette\" \/>\n\t<meta name=\"twitter:label2\" content=\"Tiempo de lectura\" \/>\n\t<meta name=\"twitter:data2\" content=\"2 minutos\" \/>\n<script type=\"application\/ld+json\" class=\"yoast-schema-graph\">{\"@context\":\"https:\\\/\\\/schema.org\",\"@graph\":[{\"@type\":\"Article\",\"@id\":\"https:\\\/\\\/www.eldiario.net\\\/portal\\\/2025\\\/02\\\/18\\\/alcalde-de-luribay-detenido-preventivamente-por-presunto-desvio-de-bs-189-mil\\\/#article\",\"isPartOf\":{\"@id\":\"https:\\\/\\\/www.eldiario.net\\\/portal\\\/2025\\\/02\\\/18\\\/alcalde-de-luribay-detenido-preventivamente-por-presunto-desvio-de-bs-189-mil\\\/\"},\"author\":{\"name\":\"Jeanette\",\"@id\":\"https:\\\/\\\/www.eldiario.net\\\/portal\\\/#\\\/schema\\\/person\\\/f46445640444750d7d753ccd04ae01b7\"},\"headline\":\"Alcalde de Luribay detenido preventivamente por presunto desv\u00edo de Bs 189 mil\",\"datePublished\":\"2025-02-18T09:24:02+00:00\",\"mainEntityOfPage\":{\"@id\":\"https:\\\/\\\/www.eldiario.net\\\/portal\\\/2025\\\/02\\\/18\\\/alcalde-de-luribay-detenido-preventivamente-por-presunto-desvio-de-bs-189-mil\\\/\"},\"wordCount\":249,\"publisher\":{\"@id\":\"https:\\\/\\\/www.eldiario.net\\\/portal\\\/#organization\"},\"image\":{\"@id\":\"https:\\\/\\\/www.eldiario.net\\\/portal\\\/2025\\\/02\\\/18\\\/alcalde-de-luribay-detenido-preventivamente-por-presunto-desvio-de-bs-189-mil\\\/#primaryimage\"},\"thumbnailUrl\":\"https:\\\/\\\/www.eldiario.net\\\/portal\\\/wp-content\\\/uploads\\\/2025\\\/02\\\/VAY-FOTO.jpg\",\"articleSection\":[\"Sociedad - Seguridad\"],\"inLanguage\":\"es\"},{\"@type\":\"WebPage\",\"@id\":\"https:\\\/\\\/www.eldiario.net\\\/portal\\\/2025\\\/02\\\/18\\\/alcalde-de-luribay-detenido-preventivamente-por-presunto-desvio-de-bs-189-mil\\\/\",\"url\":\"https:\\\/\\\/www.eldiario.net\\\/portal\\\/2025\\\/02\\\/18\\\/alcalde-de-luribay-detenido-preventivamente-por-presunto-desvio-de-bs-189-mil\\\/\",\"name\":\"Alcalde de Luribay detenido preventivamente por presunto desv\u00edo de Bs 189 mil - El Diario - Bolivia\",\"isPartOf\":{\"@id\":\"https:\\\/\\\/www.eldiario.net\\\/portal\\\/#website\"},\"primaryImageOfPage\":{\"@id\":\"https:\\\/\\\/www.eldiario.net\\\/portal\\\/2025\\\/02\\\/18\\\/alcalde-de-luribay-detenido-preventivamente-por-presunto-desvio-de-bs-189-mil\\\/#primaryimage\"},\"image\":{\"@id\":\"https:\\\/\\\/www.eldiario.net\\\/portal\\\/2025\\\/02\\\/18\\\/alcalde-de-luribay-detenido-preventivamente-por-presunto-desvio-de-bs-189-mil\\\/#primaryimage\"},\"thumbnailUrl\":\"https:\\\/\\\/www.eldiario.net\\\/portal\\\/wp-content\\\/uploads\\\/2025\\\/02\\\/VAY-FOTO.jpg\",\"datePublished\":\"2025-02-18T09:24:02+00:00\",\"breadcrumb\":{\"@id\":\"https:\\\/\\\/www.eldiario.net\\\/portal\\\/2025\\\/02\\\/18\\\/alcalde-de-luribay-detenido-preventivamente-por-presunto-desvio-de-bs-189-mil\\\/#breadcrumb\"},\"inLanguage\":\"es\",\"potentialAction\":[{\"@type\":\"ReadAction\",\"target\":[\"https:\\\/\\\/www.eldiario.net\\\/portal\\\/2025\\\/02\\\/18\\\/alcalde-de-luribay-detenido-preventivamente-por-presunto-desvio-de-bs-189-mil\\\/\"]}]},{\"@type\":\"ImageObject\",\"inLanguage\":\"es\",\"@id\":\"https:\\\/\\\/www.eldiario.net\\\/portal\\\/2025\\\/02\\\/18\\\/alcalde-de-luribay-detenido-preventivamente-por-presunto-desvio-de-bs-189-mil\\\/#primaryimage\",\"url\":\"https:\\\/\\\/www.eldiario.net\\\/portal\\\/wp-content\\\/uploads\\\/2025\\\/02\\\/VAY-FOTO.jpg\",\"contentUrl\":\"https:\\\/\\\/www.eldiario.net\\\/portal\\\/wp-content\\\/uploads\\\/2025\\\/02\\\/VAY-FOTO.jpg\",\"width\":720,\"height\":399,\"caption\":\"El alcalde de Luribay, Mario C\u00e1ceres, investigado por presunto peculado y malversaci\u00f3n de fondos. Foto: RRSS\"},{\"@type\":\"BreadcrumbList\",\"@id\":\"https:\\\/\\\/www.eldiario.net\\\/portal\\\/2025\\\/02\\\/18\\\/alcalde-de-luribay-detenido-preventivamente-por-presunto-desvio-de-bs-189-mil\\\/#breadcrumb\",\"itemListElement\":[{\"@type\":\"ListItem\",\"position\":1,\"name\":\"Portada\",\"item\":\"https:\\\/\\\/www.eldiario.net\\\/portal\\\/\"},{\"@type\":\"ListItem\",\"position\":2,\"name\":\"Alcalde de Luribay detenido preventivamente por presunto desv\u00edo de Bs 189 mil\"}]},{\"@type\":\"WebSite\",\"@id\":\"https:\\\/\\\/www.eldiario.net\\\/portal\\\/#website\",\"url\":\"https:\\\/\\\/www.eldiario.net\\\/portal\\\/\",\"name\":\"El Diario - Decano de la prensa nacional\",\"description\":\"El Diario - Decano de la prensa nacional\",\"publisher\":{\"@id\":\"https:\\\/\\\/www.eldiario.net\\\/portal\\\/#organization\"},\"potentialAction\":[{\"@type\":\"SearchAction\",\"target\":{\"@type\":\"EntryPoint\",\"urlTemplate\":\"https:\\\/\\\/www.eldiario.net\\\/portal\\\/?s={search_term_string}\"},\"query-input\":{\"@type\":\"PropertyValueSpecification\",\"valueRequired\":true,\"valueName\":\"search_term_string\"}}],\"inLanguage\":\"es\"},{\"@type\":\"Organization\",\"@id\":\"https:\\\/\\\/www.eldiario.net\\\/portal\\\/#organization\",\"name\":\"El Diario - Decano de la prensa nacional\",\"url\":\"https:\\\/\\\/www.eldiario.net\\\/portal\\\/\",\"logo\":{\"@type\":\"ImageObject\",\"inLanguage\":\"es\",\"@id\":\"https:\\\/\\\/www.eldiario.net\\\/portal\\\/#\\\/schema\\\/logo\\\/image\\\/\",\"url\":\"https:\\\/\\\/www.eldiario.net\\\/portal\\\/wp-content\\\/uploads\\\/2023\\\/07\\\/logo_ED.jpg\",\"contentUrl\":\"https:\\\/\\\/www.eldiario.net\\\/portal\\\/wp-content\\\/uploads\\\/2023\\\/07\\\/logo_ED.jpg\",\"width\":272,\"height\":52,\"caption\":\"El Diario - Decano de la prensa nacional\"},\"image\":{\"@id\":\"https:\\\/\\\/www.eldiario.net\\\/portal\\\/#\\\/schema\\\/logo\\\/image\\\/\"},\"sameAs\":[\"https:\\\/\\\/www.facebook.com\\\/eldiario.bolivia\\\/\",\"https:\\\/\\\/x.com\\\/eldiario_net\"]},{\"@type\":\"Person\",\"@id\":\"https:\\\/\\\/www.eldiario.net\\\/portal\\\/#\\\/schema\\\/person\\\/f46445640444750d7d753ccd04ae01b7\",\"name\":\"Jeanette\",\"image\":{\"@type\":\"ImageObject\",\"inLanguage\":\"es\",\"@id\":\"https:\\\/\\\/secure.gravatar.com\\\/avatar\\\/3ea2118a5f7dad2b7138b1187a6b7ee55f160b9968b66013c3a3ef39dd7e5798?s=96&d=mm&r=g\",\"url\":\"https:\\\/\\\/secure.gravatar.com\\\/avatar\\\/3ea2118a5f7dad2b7138b1187a6b7ee55f160b9968b66013c3a3ef39dd7e5798?s=96&d=mm&r=g\",\"contentUrl\":\"https:\\\/\\\/secure.gravatar.com\\\/avatar\\\/3ea2118a5f7dad2b7138b1187a6b7ee55f160b9968b66013c3a3ef39dd7e5798?s=96&d=mm&r=g\",\"caption\":\"Jeanette\"},\"sameAs\":[\"https:\\\/\\\/www.eldiario.net\\\/portal\"],\"url\":\"https:\\\/\\\/www.eldiario.net\\\/portal\\\/author\\\/jeanette\\\/\"}]}<\/script>\n<!-- \/ Yoast SEO plugin. -->","yoast_head_json":{"title":"Alcalde de Luribay detenido preventivamente por presunto desv\u00edo de Bs 189 mil - El Diario - Bolivia","robots":{"index":"index","follow":"follow","max-snippet":"max-snippet:-1","max-image-preview":"max-image-preview:large","max-video-preview":"max-video-preview:-1"},"canonical":"https:\/\/www.eldiario.net\/portal\/2025\/02\/18\/alcalde-de-luribay-detenido-preventivamente-por-presunto-desvio-de-bs-189-mil\/","og_locale":"es_ES","og_type":"article","og_title":"Alcalde de Luribay detenido preventivamente por presunto desv\u00edo de Bs 189 mil - El Diario - Bolivia","og_description":"El alcalde de Luribay, Mario C\u00e1ceres Calle, fue enviado al penal de Patacamaya, en calidad de detenido preventivo por dos meses, en un proceso judicial que fue abierto en su contra por la presunta comisi\u00f3n de los delitos de peculado y malversaci\u00f3n de unos Bs 189 mil. \u201cEl Juzgado S\u00e9ptimo de Instrucci\u00f3n en lo Penal [&hellip;]","og_url":"https:\/\/www.eldiario.net\/portal\/2025\/02\/18\/alcalde-de-luribay-detenido-preventivamente-por-presunto-desvio-de-bs-189-mil\/","og_site_name":"El Diario - Bolivia","article_publisher":"https:\/\/www.facebook.com\/eldiario.bolivia\/","article_published_time":"2025-02-18T09:24:02+00:00","og_image":[{"width":720,"height":399,"url":"https:\/\/www.eldiario.net\/portal\/wp-content\/uploads\/2025\/02\/VAY-FOTO.jpg","type":"image\/jpeg"}],"author":"Jeanette","twitter_card":"summary_large_image","twitter_creator":"@eldiario_net","twitter_site":"@eldiario_net","twitter_misc":{"Escrito por":"Jeanette","Tiempo de lectura":"2 minutos"},"schema":{"@context":"https:\/\/schema.org","@graph":[{"@type":"Article","@id":"https:\/\/www.eldiario.net\/portal\/2025\/02\/18\/alcalde-de-luribay-detenido-preventivamente-por-presunto-desvio-de-bs-189-mil\/#article","isPartOf":{"@id":"https:\/\/www.eldiario.net\/portal\/2025\/02\/18\/alcalde-de-luribay-detenido-preventivamente-por-presunto-desvio-de-bs-189-mil\/"},"author":{"name":"Jeanette","@id":"https:\/\/www.eldiario.net\/portal\/#\/schema\/person\/f46445640444750d7d753ccd04ae01b7"},"headline":"Alcalde de Luribay detenido preventivamente por presunto desv\u00edo de Bs 189 mil","datePublished":"2025-02-18T09:24:02+00:00","mainEntityOfPage":{"@id":"https:\/\/www.eldiario.net\/portal\/2025\/02\/18\/alcalde-de-luribay-detenido-preventivamente-por-presunto-desvio-de-bs-189-mil\/"},"wordCount":249,"publisher":{"@id":"https:\/\/www.eldiario.net\/portal\/#organization"},"image":{"@id":"https:\/\/www.eldiario.net\/portal\/2025\/02\/18\/alcalde-de-luribay-detenido-preventivamente-por-presunto-desvio-de-bs-189-mil\/#primaryimage"},"thumbnailUrl":"https:\/\/www.eldiario.net\/portal\/wp-content\/uploads\/2025\/02\/VAY-FOTO.jpg","articleSection":["Sociedad - Seguridad"],"inLanguage":"es"},{"@type":"WebPage","@id":"https:\/\/www.eldiario.net\/portal\/2025\/02\/18\/alcalde-de-luribay-detenido-preventivamente-por-presunto-desvio-de-bs-189-mil\/","url":"https:\/\/www.eldiario.net\/portal\/2025\/02\/18\/alcalde-de-luribay-detenido-preventivamente-por-presunto-desvio-de-bs-189-mil\/","name":"Alcalde de Luribay detenido preventivamente por presunto desv\u00edo de Bs 189 mil - El Diario - Bolivia","isPartOf":{"@id":"https:\/\/www.eldiario.net\/portal\/#website"},"primaryImageOfPage":{"@id":"https:\/\/www.eldiario.net\/portal\/2025\/02\/18\/alcalde-de-luribay-detenido-preventivamente-por-presunto-desvio-de-bs-189-mil\/#primaryimage"},"image":{"@id":"https:\/\/www.eldiario.net\/portal\/2025\/02\/18\/alcalde-de-luribay-detenido-preventivamente-por-presunto-desvio-de-bs-189-mil\/#primaryimage"},"thumbnailUrl":"https:\/\/www.eldiario.net\/portal\/wp-content\/uploads\/2025\/02\/VAY-FOTO.jpg","datePublished":"2025-02-18T09:24:02+00:00","breadcrumb":{"@id":"https:\/\/www.eldiario.net\/portal\/2025\/02\/18\/alcalde-de-luribay-detenido-preventivamente-por-presunto-desvio-de-bs-189-mil\/#breadcrumb"},"inLanguage":"es","potentialAction":[{"@type":"ReadAction","target":["https:\/\/www.eldiario.net\/portal\/2025\/02\/18\/alcalde-de-luribay-detenido-preventivamente-por-presunto-desvio-de-bs-189-mil\/"]}]},{"@type":"ImageObject","inLanguage":"es","@id":"https:\/\/www.eldiario.net\/portal\/2025\/02\/18\/alcalde-de-luribay-detenido-preventivamente-por-presunto-desvio-de-bs-189-mil\/#primaryimage","url":"https:\/\/www.eldiario.net\/portal\/wp-content\/uploads\/2025\/02\/VAY-FOTO.jpg","contentUrl":"https:\/\/www.eldiario.net\/portal\/wp-content\/uploads\/2025\/02\/VAY-FOTO.jpg","width":720,"height":399,"caption":"El alcalde de Luribay, Mario C\u00e1ceres, investigado por presunto peculado y malversaci\u00f3n de fondos. Foto: RRSS"},{"@type":"BreadcrumbList","@id":"https:\/\/www.eldiario.net\/portal\/2025\/02\/18\/alcalde-de-luribay-detenido-preventivamente-por-presunto-desvio-de-bs-189-mil\/#breadcrumb","itemListElement":[{"@type":"ListItem","position":1,"name":"Portada","item":"https:\/\/www.eldiario.net\/portal\/"},{"@type":"ListItem","position":2,"name":"Alcalde de Luribay detenido preventivamente por presunto desv\u00edo de Bs 189 mil"}]},{"@type":"WebSite","@id":"https:\/\/www.eldiario.net\/portal\/#website","url":"https:\/\/www.eldiario.net\/portal\/","name":"El Diario - Decano de la prensa nacional","description":"El Diario - Decano de la prensa nacional","publisher":{"@id":"https:\/\/www.eldiario.net\/portal\/#organization"},"potentialAction":[{"@type":"SearchAction","target":{"@type":"EntryPoint","urlTemplate":"https:\/\/www.eldiario.net\/portal\/?s={search_term_string}"},"query-input":{"@type":"PropertyValueSpecification","valueRequired":true,"valueName":"search_term_string"}}],"inLanguage":"es"},{"@type":"Organization","@id":"https:\/\/www.eldiario.net\/portal\/#organization","name":"El Diario - Decano de la prensa nacional","url":"https:\/\/www.eldiario.net\/portal\/","logo":{"@type":"ImageObject","inLanguage":"es","@id":"https:\/\/www.eldiario.net\/portal\/#\/schema\/logo\/image\/","url":"https:\/\/www.eldiario.net\/portal\/wp-content\/uploads\/2023\/07\/logo_ED.jpg","contentUrl":"https:\/\/www.eldiario.net\/portal\/wp-content\/uploads\/2023\/07\/logo_ED.jpg","width":272,"height":52,"caption":"El Diario - Decano de la prensa nacional"},"image":{"@id":"https:\/\/www.eldiario.net\/portal\/#\/schema\/logo\/image\/"},"sameAs":["https:\/\/www.facebook.com\/eldiario.bolivia\/","https:\/\/x.com\/eldiario_net"]},{"@type":"Person","@id":"https:\/\/www.eldiario.net\/portal\/#\/schema\/person\/f46445640444750d7d753ccd04ae01b7","name":"Jeanette","image":{"@type":"ImageObject","inLanguage":"es","@id":"https:\/\/secure.gravatar.com\/avatar\/3ea2118a5f7dad2b7138b1187a6b7ee55f160b9968b66013c3a3ef39dd7e5798?s=96&d=mm&r=g","url":"https:\/\/secure.gravatar.com\/avatar\/3ea2118a5f7dad2b7138b1187a6b7ee55f160b9968b66013c3a3ef39dd7e5798?s=96&d=mm&r=g","contentUrl":"https:\/\/secure.gravatar.com\/avatar\/3ea2118a5f7dad2b7138b1187a6b7ee55f160b9968b66013c3a3ef39dd7e5798?s=96&d=mm&r=g","caption":"Jeanette"},"sameAs":["https:\/\/www.eldiario.net\/portal"],"url":"https:\/\/www.eldiario.net\/portal\/author\/jeanette\/"}]}},"_links":{"self":[{"href":"https:\/\/www.eldiario.net\/portal\/wp-json\/wp\/v2\/posts\/282619","targetHints":{"allow":["GET"]}}],"collection":[{"href":"https:\/\/www.eldiario.net\/portal\/wp-json\/wp\/v2\/posts"}],"about":[{"href":"https:\/\/www.eldiario.net\/portal\/wp-json\/wp\/v2\/types\/post"}],"author":[{"embeddable":true,"href":"https:\/\/www.eldiario.net\/portal\/wp-json\/wp\/v2\/users\/1"}],"replies":[{"embeddable":true,"href":"https:\/\/www.eldiario.net\/portal\/wp-json\/wp\/v2\/comments?post=282619"}],"version-history":[{"count":1,"href":"https:\/\/www.eldiario.net\/portal\/wp-json\/wp\/v2\/posts\/282619\/revisions"}],"predecessor-version":[{"id":282621,"href":"https:\/\/www.eldiario.net\/portal\/wp-json\/wp\/v2\/posts\/282619\/revisions\/282621"}],"wp:featuredmedia":[{"embeddable":true,"href":"https:\/\/www.eldiario.net\/portal\/wp-json\/wp\/v2\/media\/282620"}],"wp:attachment":[{"href":"https:\/\/www.eldiario.net\/portal\/wp-json\/wp\/v2\/media?parent=282619"}],"wp:term":[{"taxonomy":"category","embeddable":true,"href":"https:\/\/www.eldiario.net\/portal\/wp-json\/wp\/v2\/categories?post=282619"},{"taxonomy":"post_tag","embeddable":true,"href":"https:\/\/www.eldiario.net\/portal\/wp-json\/wp\/v2\/tags?post=282619"}],"curies":[{"name":"wp","href":"https:\/\/api.w.org\/{rel}","templated":true}]}}