{"id":282617,"date":"2025-02-18T05:22:38","date_gmt":"2025-02-18T09:22:38","guid":{"rendered":"https:\/\/www.eldiario.net\/portal\/?p=282617"},"modified":"2025-02-18T05:22:38","modified_gmt":"2025-02-18T09:22:38","slug":"la-constitucion-sigue-siendo-violada","status":"publish","type":"post","link":"https:\/\/www.eldiario.net\/portal\/2025\/02\/18\/la-constitucion-sigue-siendo-violada\/","title":{"rendered":"La Constituci\u00f3n sigue siendo violada"},"content":{"rendered":"<p><em>Desde hace casi veinte a\u00f1os, el gobierno del Movimiento al Socialismo (MAS) ha violado la Constituci\u00f3n Pol\u00edtica del Estado Plurinacional m\u00e1s de una vez y actualmente est\u00e1 empe\u00f1ado en seguir cometiendo ese delito, pese a que conoce las funestas consecuencias que tuvo que soportar la mayor\u00eda de la poblaci\u00f3n, en varias oportunidades y con alt\u00edsimo costo.<\/em><\/p>\n<p><em>Sin embargo, pese a las dolorosas experiencias que significaron esos actos cometidos de manera consciente, los c\u00edrculos conservadores del partido MAS, insisten en pisotear la Carta Magna (a la que consideran como una \u201cFarsa Magna\u201d). Es decir que, contin\u00faan en la misma actitud, lo cual significa que el masismo no aprende las lecciones que da la historia. Un recuento de esa conducta, confirma que a los infractores no les interesa respetar, ni mucho menos, lo que dictaron por propia voluntad y que juraron cumplir y hacer cumplir.<\/em><\/p>\n<p><em>Primero fue el caso de hacer adquisiciones estatales y obras sin la previa convocatoria a licitaci\u00f3n, lo cual sirvi\u00f3 para hacer gastos onerosos y derroches ilimitados. Por ello aparecieron en gran cantidad empresas p\u00fablicas, consideradas, por ser deficitarias, como \u201celefantes blancos\u201d, en otras palabras, sin dejar beneficio para el pa\u00eds. Y las compras sin previa evaluaci\u00f3n fueron por miles de millones de d\u00f3lares. Es m\u00e1s, esa forma de gobernar fue explicada por Evo Morales Ayma, al decir \u201cyo le meto nom\u00e1s. Despu\u00e9s que arreglen mis abogados. Para eso les pago\u201d.<\/em><\/p>\n<p><em>Enseguida, Morales convoc\u00f3 al refer\u00e9ndum del 21 de febrero de 2016, esperando que la poblaci\u00f3n respalde su decisi\u00f3n de ser reelegido para gobernar nuevamente. Lo peor es que jur\u00f3 que cumplir\u00eda con el resultado de esa consulta popular, lo que no hizo. Es que, como el resultado de esa elecci\u00f3n no lo benefici\u00f3, lo rechaz\u00f3 sin el menor escr\u00fapulo, de plano dijo que era \u201cmentira\u201d. Es m\u00e1s, apoyado en una determinaci\u00f3n del Tribunal Constitucional Plurinacional que establec\u00eda que Morales ten\u00eda el \u201cderecho humano\u201d a ser reelegido, se present\u00f3 como candidato y recurri\u00f3 al fraude electoral para hacer cumplir su voluntad. Como as\u00ed Morales quiso quedarse en la silla presidencial, una insurrecci\u00f3n popular lo expuls\u00f3 del poder y lo puso en fuga hacia M\u00e9xico.<\/em><\/p>\n<p><em>No obstante, el actual gobierno del MAS, presidido por Luis Arce Catacora, sigue intentando ultrajar la Constituci\u00f3n Pol\u00edtica, dictando decretos violatorios de los derechos humanos, antidemocr\u00e1ticos y otros y act\u00faa como Evo Morales, lo que recuerda una sabia sentencia: \u201cTanto va el c\u00e1ntaro al r\u00edo que por fin se rompe\u201d.<\/em><\/p>\n","protected":false},"excerpt":{"rendered":"<p>Desde hace casi veinte a\u00f1os, el gobierno del Movimiento al Socialismo (MAS) ha violado la Constituci\u00f3n Pol\u00edtica del Estado Plurinacional m\u00e1s de una vez y actualmente est\u00e1 empe\u00f1ado en seguir cometiendo ese delito, pese a que conoce las funestas consecuencias que tuvo que soportar la mayor\u00eda de la poblaci\u00f3n, en varias oportunidades y con alt\u00edsimo [&hellip;]<\/p>\n","protected":false},"author":1,"featured_media":194776,"comment_status":"closed","ping_status":"open","sticky":false,"template":"","format":"standard","meta":{"_acf_changed":false,"footnotes":""},"categories":[4],"tags":[],"class_list":["post-282617","post","type-post","status-publish","format-standard","has-post-thumbnail","category-editorial"],"acf":{"antetitulo":""},"yoast_head":"<!-- This site is optimized with the Yoast SEO plugin v28.3 - https:\/\/yoast.com\/product\/yoast-seo-wordpress\/ -->\n<title>La Constituci\u00f3n sigue siendo violada - El Diario - Bolivia<\/title>\n<meta name=\"robots\" content=\"index, follow, max-snippet:-1, max-image-preview:large, max-video-preview:-1\" \/>\n<link rel=\"canonical\" href=\"https:\/\/www.eldiario.net\/portal\/2025\/02\/18\/la-constitucion-sigue-siendo-violada\/\" \/>\n<meta property=\"og:locale\" content=\"es_ES\" \/>\n<meta property=\"og:type\" content=\"article\" \/>\n<meta property=\"og:title\" content=\"La Constituci\u00f3n sigue siendo violada - El Diario - Bolivia\" \/>\n<meta property=\"og:description\" content=\"Desde hace casi veinte a\u00f1os, el gobierno del Movimiento al Socialismo (MAS) ha violado la Constituci\u00f3n Pol\u00edtica del Estado Plurinacional m\u00e1s de una vez y actualmente est\u00e1 empe\u00f1ado en seguir cometiendo ese delito, pese a que conoce las funestas consecuencias que tuvo que soportar la mayor\u00eda de la poblaci\u00f3n, en varias oportunidades y con alt\u00edsimo [&hellip;]\" \/>\n<meta property=\"og:url\" content=\"https:\/\/www.eldiario.net\/portal\/2025\/02\/18\/la-constitucion-sigue-siendo-violada\/\" \/>\n<meta property=\"og:site_name\" content=\"El Diario - Bolivia\" \/>\n<meta property=\"article:publisher\" content=\"https:\/\/www.facebook.com\/eldiario.bolivia\/\" \/>\n<meta property=\"article:published_time\" content=\"2025-02-18T09:22:38+00:00\" \/>\n<meta property=\"og:image\" content=\"https:\/\/www.eldiario.net\/portal\/wp-content\/uploads\/2023\/12\/Editorial.jpg\" \/>\n\t<meta property=\"og:image:width\" content=\"800\" \/>\n\t<meta property=\"og:image:height\" content=\"500\" \/>\n\t<meta property=\"og:image:type\" content=\"image\/jpeg\" \/>\n<meta name=\"author\" content=\"Jeanette\" \/>\n<meta name=\"twitter:card\" content=\"summary_large_image\" \/>\n<meta name=\"twitter:creator\" content=\"@eldiario_net\" \/>\n<meta name=\"twitter:site\" content=\"@eldiario_net\" \/>\n<meta name=\"twitter:label1\" content=\"Escrito por\" \/>\n\t<meta name=\"twitter:data1\" content=\"Jeanette\" \/>\n\t<meta name=\"twitter:label2\" content=\"Tiempo de lectura\" \/>\n\t<meta name=\"twitter:data2\" content=\"2 minutos\" \/>\n<script type=\"application\/ld+json\" class=\"yoast-schema-graph\">{\"@context\":\"https:\\\/\\\/schema.org\",\"@graph\":[{\"@type\":\"Article\",\"@id\":\"https:\\\/\\\/www.eldiario.net\\\/portal\\\/2025\\\/02\\\/18\\\/la-constitucion-sigue-siendo-violada\\\/#article\",\"isPartOf\":{\"@id\":\"https:\\\/\\\/www.eldiario.net\\\/portal\\\/2025\\\/02\\\/18\\\/la-constitucion-sigue-siendo-violada\\\/\"},\"author\":{\"name\":\"Jeanette\",\"@id\":\"https:\\\/\\\/www.eldiario.net\\\/portal\\\/#\\\/schema\\\/person\\\/f46445640444750d7d753ccd04ae01b7\"},\"headline\":\"La Constituci\u00f3n sigue siendo violada\",\"datePublished\":\"2025-02-18T09:22:38+00:00\",\"mainEntityOfPage\":{\"@id\":\"https:\\\/\\\/www.eldiario.net\\\/portal\\\/2025\\\/02\\\/18\\\/la-constitucion-sigue-siendo-violada\\\/\"},\"wordCount\":446,\"publisher\":{\"@id\":\"https:\\\/\\\/www.eldiario.net\\\/portal\\\/#organization\"},\"image\":{\"@id\":\"https:\\\/\\\/www.eldiario.net\\\/portal\\\/2025\\\/02\\\/18\\\/la-constitucion-sigue-siendo-violada\\\/#primaryimage\"},\"thumbnailUrl\":\"https:\\\/\\\/www.eldiario.net\\\/portal\\\/wp-content\\\/uploads\\\/2023\\\/12\\\/Editorial.jpg\",\"articleSection\":[\"Editorial\"],\"inLanguage\":\"es\"},{\"@type\":\"WebPage\",\"@id\":\"https:\\\/\\\/www.eldiario.net\\\/portal\\\/2025\\\/02\\\/18\\\/la-constitucion-sigue-siendo-violada\\\/\",\"url\":\"https:\\\/\\\/www.eldiario.net\\\/portal\\\/2025\\\/02\\\/18\\\/la-constitucion-sigue-siendo-violada\\\/\",\"name\":\"La Constituci\u00f3n sigue siendo violada - El Diario - Bolivia\",\"isPartOf\":{\"@id\":\"https:\\\/\\\/www.eldiario.net\\\/portal\\\/#website\"},\"primaryImageOfPage\":{\"@id\":\"https:\\\/\\\/www.eldiario.net\\\/portal\\\/2025\\\/02\\\/18\\\/la-constitucion-sigue-siendo-violada\\\/#primaryimage\"},\"image\":{\"@id\":\"https:\\\/\\\/www.eldiario.net\\\/portal\\\/2025\\\/02\\\/18\\\/la-constitucion-sigue-siendo-violada\\\/#primaryimage\"},\"thumbnailUrl\":\"https:\\\/\\\/www.eldiario.net\\\/portal\\\/wp-content\\\/uploads\\\/2023\\\/12\\\/Editorial.jpg\",\"datePublished\":\"2025-02-18T09:22:38+00:00\",\"breadcrumb\":{\"@id\":\"https:\\\/\\\/www.eldiario.net\\\/portal\\\/2025\\\/02\\\/18\\\/la-constitucion-sigue-siendo-violada\\\/#breadcrumb\"},\"inLanguage\":\"es\",\"potentialAction\":[{\"@type\":\"ReadAction\",\"target\":[\"https:\\\/\\\/www.eldiario.net\\\/portal\\\/2025\\\/02\\\/18\\\/la-constitucion-sigue-siendo-violada\\\/\"]}]},{\"@type\":\"ImageObject\",\"inLanguage\":\"es\",\"@id\":\"https:\\\/\\\/www.eldiario.net\\\/portal\\\/2025\\\/02\\\/18\\\/la-constitucion-sigue-siendo-violada\\\/#primaryimage\",\"url\":\"https:\\\/\\\/www.eldiario.net\\\/portal\\\/wp-content\\\/uploads\\\/2023\\\/12\\\/Editorial.jpg\",\"contentUrl\":\"https:\\\/\\\/www.eldiario.net\\\/portal\\\/wp-content\\\/uploads\\\/2023\\\/12\\\/Editorial.jpg\",\"width\":800,\"height\":500},{\"@type\":\"BreadcrumbList\",\"@id\":\"https:\\\/\\\/www.eldiario.net\\\/portal\\\/2025\\\/02\\\/18\\\/la-constitucion-sigue-siendo-violada\\\/#breadcrumb\",\"itemListElement\":[{\"@type\":\"ListItem\",\"position\":1,\"name\":\"Portada\",\"item\":\"https:\\\/\\\/www.eldiario.net\\\/portal\\\/\"},{\"@type\":\"ListItem\",\"position\":2,\"name\":\"La Constituci\u00f3n sigue siendo violada\"}]},{\"@type\":\"WebSite\",\"@id\":\"https:\\\/\\\/www.eldiario.net\\\/portal\\\/#website\",\"url\":\"https:\\\/\\\/www.eldiario.net\\\/portal\\\/\",\"name\":\"El Diario - Decano de la prensa nacional\",\"description\":\"El Diario - Decano de la prensa nacional\",\"publisher\":{\"@id\":\"https:\\\/\\\/www.eldiario.net\\\/portal\\\/#organization\"},\"potentialAction\":[{\"@type\":\"SearchAction\",\"target\":{\"@type\":\"EntryPoint\",\"urlTemplate\":\"https:\\\/\\\/www.eldiario.net\\\/portal\\\/?s={search_term_string}\"},\"query-input\":{\"@type\":\"PropertyValueSpecification\",\"valueRequired\":true,\"valueName\":\"search_term_string\"}}],\"inLanguage\":\"es\"},{\"@type\":\"Organization\",\"@id\":\"https:\\\/\\\/www.eldiario.net\\\/portal\\\/#organization\",\"name\":\"El Diario - Decano de la prensa nacional\",\"url\":\"https:\\\/\\\/www.eldiario.net\\\/portal\\\/\",\"logo\":{\"@type\":\"ImageObject\",\"inLanguage\":\"es\",\"@id\":\"https:\\\/\\\/www.eldiario.net\\\/portal\\\/#\\\/schema\\\/logo\\\/image\\\/\",\"url\":\"https:\\\/\\\/www.eldiario.net\\\/portal\\\/wp-content\\\/uploads\\\/2023\\\/07\\\/logo_ED.jpg\",\"contentUrl\":\"https:\\\/\\\/www.eldiario.net\\\/portal\\\/wp-content\\\/uploads\\\/2023\\\/07\\\/logo_ED.jpg\",\"width\":272,\"height\":52,\"caption\":\"El Diario - Decano de la prensa nacional\"},\"image\":{\"@id\":\"https:\\\/\\\/www.eldiario.net\\\/portal\\\/#\\\/schema\\\/logo\\\/image\\\/\"},\"sameAs\":[\"https:\\\/\\\/www.facebook.com\\\/eldiario.bolivia\\\/\",\"https:\\\/\\\/x.com\\\/eldiario_net\"]},{\"@type\":\"Person\",\"@id\":\"https:\\\/\\\/www.eldiario.net\\\/portal\\\/#\\\/schema\\\/person\\\/f46445640444750d7d753ccd04ae01b7\",\"name\":\"Jeanette\",\"image\":{\"@type\":\"ImageObject\",\"inLanguage\":\"es\",\"@id\":\"https:\\\/\\\/secure.gravatar.com\\\/avatar\\\/3ea2118a5f7dad2b7138b1187a6b7ee55f160b9968b66013c3a3ef39dd7e5798?s=96&d=mm&r=g\",\"url\":\"https:\\\/\\\/secure.gravatar.com\\\/avatar\\\/3ea2118a5f7dad2b7138b1187a6b7ee55f160b9968b66013c3a3ef39dd7e5798?s=96&d=mm&r=g\",\"contentUrl\":\"https:\\\/\\\/secure.gravatar.com\\\/avatar\\\/3ea2118a5f7dad2b7138b1187a6b7ee55f160b9968b66013c3a3ef39dd7e5798?s=96&d=mm&r=g\",\"caption\":\"Jeanette\"},\"sameAs\":[\"https:\\\/\\\/www.eldiario.net\\\/portal\"],\"url\":\"https:\\\/\\\/www.eldiario.net\\\/portal\\\/author\\\/jeanette\\\/\"}]}<\/script>\n<!-- \/ Yoast SEO plugin. -->","yoast_head_json":{"title":"La Constituci\u00f3n sigue siendo violada - El Diario - Bolivia","robots":{"index":"index","follow":"follow","max-snippet":"max-snippet:-1","max-image-preview":"max-image-preview:large","max-video-preview":"max-video-preview:-1"},"canonical":"https:\/\/www.eldiario.net\/portal\/2025\/02\/18\/la-constitucion-sigue-siendo-violada\/","og_locale":"es_ES","og_type":"article","og_title":"La Constituci\u00f3n sigue siendo violada - El Diario - Bolivia","og_description":"Desde hace casi veinte a\u00f1os, el gobierno del Movimiento al Socialismo (MAS) ha violado la Constituci\u00f3n Pol\u00edtica del Estado Plurinacional m\u00e1s de una vez y actualmente est\u00e1 empe\u00f1ado en seguir cometiendo ese delito, pese a que conoce las funestas consecuencias que tuvo que soportar la mayor\u00eda de la poblaci\u00f3n, en varias oportunidades y con alt\u00edsimo [&hellip;]","og_url":"https:\/\/www.eldiario.net\/portal\/2025\/02\/18\/la-constitucion-sigue-siendo-violada\/","og_site_name":"El Diario - Bolivia","article_publisher":"https:\/\/www.facebook.com\/eldiario.bolivia\/","article_published_time":"2025-02-18T09:22:38+00:00","og_image":[{"width":800,"height":500,"url":"https:\/\/www.eldiario.net\/portal\/wp-content\/uploads\/2023\/12\/Editorial.jpg","type":"image\/jpeg"}],"author":"Jeanette","twitter_card":"summary_large_image","twitter_creator":"@eldiario_net","twitter_site":"@eldiario_net","twitter_misc":{"Escrito por":"Jeanette","Tiempo de lectura":"2 minutos"},"schema":{"@context":"https:\/\/schema.org","@graph":[{"@type":"Article","@id":"https:\/\/www.eldiario.net\/portal\/2025\/02\/18\/la-constitucion-sigue-siendo-violada\/#article","isPartOf":{"@id":"https:\/\/www.eldiario.net\/portal\/2025\/02\/18\/la-constitucion-sigue-siendo-violada\/"},"author":{"name":"Jeanette","@id":"https:\/\/www.eldiario.net\/portal\/#\/schema\/person\/f46445640444750d7d753ccd04ae01b7"},"headline":"La Constituci\u00f3n sigue siendo violada","datePublished":"2025-02-18T09:22:38+00:00","mainEntityOfPage":{"@id":"https:\/\/www.eldiario.net\/portal\/2025\/02\/18\/la-constitucion-sigue-siendo-violada\/"},"wordCount":446,"publisher":{"@id":"https:\/\/www.eldiario.net\/portal\/#organization"},"image":{"@id":"https:\/\/www.eldiario.net\/portal\/2025\/02\/18\/la-constitucion-sigue-siendo-violada\/#primaryimage"},"thumbnailUrl":"https:\/\/www.eldiario.net\/portal\/wp-content\/uploads\/2023\/12\/Editorial.jpg","articleSection":["Editorial"],"inLanguage":"es"},{"@type":"WebPage","@id":"https:\/\/www.eldiario.net\/portal\/2025\/02\/18\/la-constitucion-sigue-siendo-violada\/","url":"https:\/\/www.eldiario.net\/portal\/2025\/02\/18\/la-constitucion-sigue-siendo-violada\/","name":"La Constituci\u00f3n sigue siendo violada - El Diario - Bolivia","isPartOf":{"@id":"https:\/\/www.eldiario.net\/portal\/#website"},"primaryImageOfPage":{"@id":"https:\/\/www.eldiario.net\/portal\/2025\/02\/18\/la-constitucion-sigue-siendo-violada\/#primaryimage"},"image":{"@id":"https:\/\/www.eldiario.net\/portal\/2025\/02\/18\/la-constitucion-sigue-siendo-violada\/#primaryimage"},"thumbnailUrl":"https:\/\/www.eldiario.net\/portal\/wp-content\/uploads\/2023\/12\/Editorial.jpg","datePublished":"2025-02-18T09:22:38+00:00","breadcrumb":{"@id":"https:\/\/www.eldiario.net\/portal\/2025\/02\/18\/la-constitucion-sigue-siendo-violada\/#breadcrumb"},"inLanguage":"es","potentialAction":[{"@type":"ReadAction","target":["https:\/\/www.eldiario.net\/portal\/2025\/02\/18\/la-constitucion-sigue-siendo-violada\/"]}]},{"@type":"ImageObject","inLanguage":"es","@id":"https:\/\/www.eldiario.net\/portal\/2025\/02\/18\/la-constitucion-sigue-siendo-violada\/#primaryimage","url":"https:\/\/www.eldiario.net\/portal\/wp-content\/uploads\/2023\/12\/Editorial.jpg","contentUrl":"https:\/\/www.eldiario.net\/portal\/wp-content\/uploads\/2023\/12\/Editorial.jpg","width":800,"height":500},{"@type":"BreadcrumbList","@id":"https:\/\/www.eldiario.net\/portal\/2025\/02\/18\/la-constitucion-sigue-siendo-violada\/#breadcrumb","itemListElement":[{"@type":"ListItem","position":1,"name":"Portada","item":"https:\/\/www.eldiario.net\/portal\/"},{"@type":"ListItem","position":2,"name":"La Constituci\u00f3n sigue siendo violada"}]},{"@type":"WebSite","@id":"https:\/\/www.eldiario.net\/portal\/#website","url":"https:\/\/www.eldiario.net\/portal\/","name":"El Diario - Decano de la prensa nacional","description":"El Diario - Decano de la prensa nacional","publisher":{"@id":"https:\/\/www.eldiario.net\/portal\/#organization"},"potentialAction":[{"@type":"SearchAction","target":{"@type":"EntryPoint","urlTemplate":"https:\/\/www.eldiario.net\/portal\/?s={search_term_string}"},"query-input":{"@type":"PropertyValueSpecification","valueRequired":true,"valueName":"search_term_string"}}],"inLanguage":"es"},{"@type":"Organization","@id":"https:\/\/www.eldiario.net\/portal\/#organization","name":"El Diario - Decano de la prensa nacional","url":"https:\/\/www.eldiario.net\/portal\/","logo":{"@type":"ImageObject","inLanguage":"es","@id":"https:\/\/www.eldiario.net\/portal\/#\/schema\/logo\/image\/","url":"https:\/\/www.eldiario.net\/portal\/wp-content\/uploads\/2023\/07\/logo_ED.jpg","contentUrl":"https:\/\/www.eldiario.net\/portal\/wp-content\/uploads\/2023\/07\/logo_ED.jpg","width":272,"height":52,"caption":"El Diario - Decano de la prensa nacional"},"image":{"@id":"https:\/\/www.eldiario.net\/portal\/#\/schema\/logo\/image\/"},"sameAs":["https:\/\/www.facebook.com\/eldiario.bolivia\/","https:\/\/x.com\/eldiario_net"]},{"@type":"Person","@id":"https:\/\/www.eldiario.net\/portal\/#\/schema\/person\/f46445640444750d7d753ccd04ae01b7","name":"Jeanette","image":{"@type":"ImageObject","inLanguage":"es","@id":"https:\/\/secure.gravatar.com\/avatar\/3ea2118a5f7dad2b7138b1187a6b7ee55f160b9968b66013c3a3ef39dd7e5798?s=96&d=mm&r=g","url":"https:\/\/secure.gravatar.com\/avatar\/3ea2118a5f7dad2b7138b1187a6b7ee55f160b9968b66013c3a3ef39dd7e5798?s=96&d=mm&r=g","contentUrl":"https:\/\/secure.gravatar.com\/avatar\/3ea2118a5f7dad2b7138b1187a6b7ee55f160b9968b66013c3a3ef39dd7e5798?s=96&d=mm&r=g","caption":"Jeanette"},"sameAs":["https:\/\/www.eldiario.net\/portal"],"url":"https:\/\/www.eldiario.net\/portal\/author\/jeanette\/"}]}},"_links":{"self":[{"href":"https:\/\/www.eldiario.net\/portal\/wp-json\/wp\/v2\/posts\/282617","targetHints":{"allow":["GET"]}}],"collection":[{"href":"https:\/\/www.eldiario.net\/portal\/wp-json\/wp\/v2\/posts"}],"about":[{"href":"https:\/\/www.eldiario.net\/portal\/wp-json\/wp\/v2\/types\/post"}],"author":[{"embeddable":true,"href":"https:\/\/www.eldiario.net\/portal\/wp-json\/wp\/v2\/users\/1"}],"replies":[{"embeddable":true,"href":"https:\/\/www.eldiario.net\/portal\/wp-json\/wp\/v2\/comments?post=282617"}],"version-history":[{"count":1,"href":"https:\/\/www.eldiario.net\/portal\/wp-json\/wp\/v2\/posts\/282617\/revisions"}],"predecessor-version":[{"id":282618,"href":"https:\/\/www.eldiario.net\/portal\/wp-json\/wp\/v2\/posts\/282617\/revisions\/282618"}],"wp:featuredmedia":[{"embeddable":true,"href":"https:\/\/www.eldiario.net\/portal\/wp-json\/wp\/v2\/media\/194776"}],"wp:attachment":[{"href":"https:\/\/www.eldiario.net\/portal\/wp-json\/wp\/v2\/media?parent=282617"}],"wp:term":[{"taxonomy":"category","embeddable":true,"href":"https:\/\/www.eldiario.net\/portal\/wp-json\/wp\/v2\/categories?post=282617"},{"taxonomy":"post_tag","embeddable":true,"href":"https:\/\/www.eldiario.net\/portal\/wp-json\/wp\/v2\/tags?post=282617"}],"curies":[{"name":"wp","href":"https:\/\/api.w.org\/{rel}","templated":true}]}}