{"id":282103,"date":"2025-02-16T06:21:39","date_gmt":"2025-02-16T10:21:39","guid":{"rendered":"https:\/\/www.eldiario.net\/portal\/?p=282103"},"modified":"2025-02-16T06:21:39","modified_gmt":"2025-02-16T10:21:39","slug":"en-la-paz-cochabamba-y-potosi-se-vive-el-carnaval","status":"publish","type":"post","link":"https:\/\/www.eldiario.net\/portal\/2025\/02\/16\/en-la-paz-cochabamba-y-potosi-se-vive-el-carnaval\/","title":{"rendered":"En La Paz, Cochabamba y  Potos\u00ed se vive el Carnaval"},"content":{"rendered":"<p>El Carnaval 2025 ya comenz\u00f3 en las ciudades de La Paz, Cochabamba y Potos\u00ed, donde ayer tuvieron lugar diferentes demostraciones folkl\u00f3ricas.<br \/>\nEn La Paz se llev\u00f3 adelante el lanzamiento del Carnaval y la Vendimia del Bicentenario, actividad que fue organizada por el Ministerio de Culturas.<br \/>\nCon un despliegue de color, m\u00fasica y tradici\u00f3n, Cochabamba vivi\u00f3 la Precarnavalera 2025, un evento que reuni\u00f3 a m\u00e1s de 70 fraternidades y marc\u00f3 el inicio de la recta final hacia el esperado \u201cbroche de oro\u201d, el Gran Corso de Corsos del s\u00e1bado 8 de marzo.<br \/>\nLa jornada comenz\u00f3 a las 14:00 horas en el parque La Torre y recorri\u00f3 la avenida Ram\u00f3n Rivero hasta el puente Antezana.<br \/>\nFinalmente, en Potos\u00ed tuvo lugar la entrada del Carnaval Minero que recorri\u00f3 varias calles de la ciudad.<\/p>\n<figure id=\"attachment_282105\" aria-describedby=\"caption-attachment-282105\" style=\"width: 1200px\" class=\"wp-caption alignleft\"><img loading=\"lazy\" decoding=\"async\" class=\"size-full wp-image-282105\" src=\"https:\/\/www.eldiario.net\/portal\/wp-content\/uploads\/2025\/02\/P-3-2.jpg\" alt=\"\" width=\"1200\" height=\"800\" srcset=\"https:\/\/www.eldiario.net\/portal\/wp-content\/uploads\/2025\/02\/P-3-2.jpg 1200w, https:\/\/www.eldiario.net\/portal\/wp-content\/uploads\/2025\/02\/P-3-2-300x200.jpg 300w, https:\/\/www.eldiario.net\/portal\/wp-content\/uploads\/2025\/02\/P-3-2-1024x683.jpg 1024w, https:\/\/www.eldiario.net\/portal\/wp-content\/uploads\/2025\/02\/P-3-2-768x512.jpg 768w, https:\/\/www.eldiario.net\/portal\/wp-content\/uploads\/2025\/02\/P-3-2-630x420.jpg 630w, https:\/\/www.eldiario.net\/portal\/wp-content\/uploads\/2025\/02\/P-3-2-696x464.jpg 696w, https:\/\/www.eldiario.net\/portal\/wp-content\/uploads\/2025\/02\/P-3-2-1068x712.jpg 1068w\" sizes=\"auto, (max-width: 1200px) 100vw, 1200px\" \/><figcaption id=\"caption-attachment-282105\" class=\"wp-caption-text\">POTOS\u00cd AYER TAMBI\u00c9N ESTUVO DE FIESTA.<\/figcaption><\/figure>\n","protected":false},"excerpt":{"rendered":"<p>El Carnaval 2025 ya comenz\u00f3 en las ciudades de La Paz, Cochabamba y Potos\u00ed, donde ayer tuvieron lugar diferentes demostraciones folkl\u00f3ricas. En La Paz se llev\u00f3 adelante el lanzamiento del Carnaval y la Vendimia del Bicentenario, actividad que fue organizada por el Ministerio de Culturas. Con un despliegue de color, m\u00fasica y tradici\u00f3n, Cochabamba vivi\u00f3 [&hellip;]<\/p>\n","protected":false},"author":1,"featured_media":282104,"comment_status":"closed","ping_status":"open","sticky":false,"template":"","format":"standard","meta":{"_acf_changed":false,"footnotes":""},"categories":[15],"tags":[],"class_list":["post-282103","post","type-post","status-publish","format-standard","has-post-thumbnail","category-portada"],"acf":{"antetitulo":""},"yoast_head":"<!-- This site is optimized with the Yoast SEO plugin v28.4 - https:\/\/yoast.com\/product\/yoast-seo-wordpress\/ -->\n<title>En La Paz, Cochabamba y Potos\u00ed se vive el Carnaval - El Diario - Bolivia<\/title>\n<meta name=\"robots\" content=\"index, follow, max-snippet:-1, max-image-preview:large, max-video-preview:-1\" \/>\n<link rel=\"canonical\" href=\"https:\/\/www.eldiario.net\/portal\/2025\/02\/16\/en-la-paz-cochabamba-y-potosi-se-vive-el-carnaval\/\" \/>\n<meta property=\"og:locale\" content=\"es_ES\" \/>\n<meta property=\"og:type\" content=\"article\" \/>\n<meta property=\"og:title\" content=\"En La Paz, Cochabamba y Potos\u00ed se vive el Carnaval - El Diario - Bolivia\" \/>\n<meta property=\"og:description\" content=\"El Carnaval 2025 ya comenz\u00f3 en las ciudades de La Paz, Cochabamba y Potos\u00ed, donde ayer tuvieron lugar diferentes demostraciones folkl\u00f3ricas. En La Paz se llev\u00f3 adelante el lanzamiento del Carnaval y la Vendimia del Bicentenario, actividad que fue organizada por el Ministerio de Culturas. Con un despliegue de color, m\u00fasica y tradici\u00f3n, Cochabamba vivi\u00f3 [&hellip;]\" \/>\n<meta property=\"og:url\" content=\"https:\/\/www.eldiario.net\/portal\/2025\/02\/16\/en-la-paz-cochabamba-y-potosi-se-vive-el-carnaval\/\" \/>\n<meta property=\"og:site_name\" content=\"El Diario - Bolivia\" \/>\n<meta property=\"article:publisher\" content=\"https:\/\/www.facebook.com\/eldiario.bolivia\/\" \/>\n<meta property=\"article:published_time\" content=\"2025-02-16T10:21:39+00:00\" \/>\n<meta property=\"og:image\" content=\"https:\/\/www.eldiario.net\/portal\/wp-content\/uploads\/2025\/02\/P-2-1.jpg\" \/>\n\t<meta property=\"og:image:width\" content=\"1280\" \/>\n\t<meta property=\"og:image:height\" content=\"852\" \/>\n\t<meta property=\"og:image:type\" content=\"image\/jpeg\" \/>\n<meta name=\"author\" content=\"Jeanette\" \/>\n<meta name=\"twitter:card\" content=\"summary_large_image\" \/>\n<meta name=\"twitter:creator\" content=\"@eldiario_net\" \/>\n<meta name=\"twitter:site\" content=\"@eldiario_net\" \/>\n<meta name=\"twitter:label1\" content=\"Escrito por\" \/>\n\t<meta name=\"twitter:data1\" content=\"Jeanette\" \/>\n\t<meta name=\"twitter:label2\" content=\"Tiempo de lectura\" \/>\n\t<meta name=\"twitter:data2\" content=\"2 minutos\" \/>\n<script type=\"application\/ld+json\" class=\"yoast-schema-graph\">{\"@context\":\"https:\\\/\\\/schema.org\",\"@graph\":[{\"@type\":\"Article\",\"@id\":\"https:\\\/\\\/www.eldiario.net\\\/portal\\\/2025\\\/02\\\/16\\\/en-la-paz-cochabamba-y-potosi-se-vive-el-carnaval\\\/#article\",\"isPartOf\":{\"@id\":\"https:\\\/\\\/www.eldiario.net\\\/portal\\\/2025\\\/02\\\/16\\\/en-la-paz-cochabamba-y-potosi-se-vive-el-carnaval\\\/\"},\"author\":{\"name\":\"Jeanette\",\"@id\":\"https:\\\/\\\/www.eldiario.net\\\/portal\\\/#\\\/schema\\\/person\\\/2c57cf2b7a7ae032e449e4c9b1019eac\"},\"headline\":\"En La Paz, Cochabamba y Potos\u00ed se vive el Carnaval\",\"datePublished\":\"2025-02-16T10:21:39+00:00\",\"mainEntityOfPage\":{\"@id\":\"https:\\\/\\\/www.eldiario.net\\\/portal\\\/2025\\\/02\\\/16\\\/en-la-paz-cochabamba-y-potosi-se-vive-el-carnaval\\\/\"},\"wordCount\":155,\"publisher\":{\"@id\":\"https:\\\/\\\/www.eldiario.net\\\/portal\\\/#organization\"},\"image\":{\"@id\":\"https:\\\/\\\/www.eldiario.net\\\/portal\\\/2025\\\/02\\\/16\\\/en-la-paz-cochabamba-y-potosi-se-vive-el-carnaval\\\/#primaryimage\"},\"thumbnailUrl\":\"https:\\\/\\\/www.eldiario.net\\\/portal\\\/wp-content\\\/uploads\\\/2025\\\/02\\\/P-2-1.jpg\",\"articleSection\":[\"Portada\"],\"inLanguage\":\"es\"},{\"@type\":\"WebPage\",\"@id\":\"https:\\\/\\\/www.eldiario.net\\\/portal\\\/2025\\\/02\\\/16\\\/en-la-paz-cochabamba-y-potosi-se-vive-el-carnaval\\\/\",\"url\":\"https:\\\/\\\/www.eldiario.net\\\/portal\\\/2025\\\/02\\\/16\\\/en-la-paz-cochabamba-y-potosi-se-vive-el-carnaval\\\/\",\"name\":\"En La Paz, Cochabamba y Potos\u00ed se vive el Carnaval - El Diario - Bolivia\",\"isPartOf\":{\"@id\":\"https:\\\/\\\/www.eldiario.net\\\/portal\\\/#website\"},\"primaryImageOfPage\":{\"@id\":\"https:\\\/\\\/www.eldiario.net\\\/portal\\\/2025\\\/02\\\/16\\\/en-la-paz-cochabamba-y-potosi-se-vive-el-carnaval\\\/#primaryimage\"},\"image\":{\"@id\":\"https:\\\/\\\/www.eldiario.net\\\/portal\\\/2025\\\/02\\\/16\\\/en-la-paz-cochabamba-y-potosi-se-vive-el-carnaval\\\/#primaryimage\"},\"thumbnailUrl\":\"https:\\\/\\\/www.eldiario.net\\\/portal\\\/wp-content\\\/uploads\\\/2025\\\/02\\\/P-2-1.jpg\",\"datePublished\":\"2025-02-16T10:21:39+00:00\",\"breadcrumb\":{\"@id\":\"https:\\\/\\\/www.eldiario.net\\\/portal\\\/2025\\\/02\\\/16\\\/en-la-paz-cochabamba-y-potosi-se-vive-el-carnaval\\\/#breadcrumb\"},\"inLanguage\":\"es\",\"potentialAction\":[{\"@type\":\"ReadAction\",\"target\":[\"https:\\\/\\\/www.eldiario.net\\\/portal\\\/2025\\\/02\\\/16\\\/en-la-paz-cochabamba-y-potosi-se-vive-el-carnaval\\\/\"]}]},{\"@type\":\"ImageObject\",\"inLanguage\":\"es\",\"@id\":\"https:\\\/\\\/www.eldiario.net\\\/portal\\\/2025\\\/02\\\/16\\\/en-la-paz-cochabamba-y-potosi-se-vive-el-carnaval\\\/#primaryimage\",\"url\":\"https:\\\/\\\/www.eldiario.net\\\/portal\\\/wp-content\\\/uploads\\\/2025\\\/02\\\/P-2-1.jpg\",\"contentUrl\":\"https:\\\/\\\/www.eldiario.net\\\/portal\\\/wp-content\\\/uploads\\\/2025\\\/02\\\/P-2-1.jpg\",\"width\":1280,\"height\":852,\"caption\":\"LA PRECARNAVALERA QUE TUVO LUGAR EN COCHABAMBA.\"},{\"@type\":\"BreadcrumbList\",\"@id\":\"https:\\\/\\\/www.eldiario.net\\\/portal\\\/2025\\\/02\\\/16\\\/en-la-paz-cochabamba-y-potosi-se-vive-el-carnaval\\\/#breadcrumb\",\"itemListElement\":[{\"@type\":\"ListItem\",\"position\":1,\"name\":\"Portada\",\"item\":\"https:\\\/\\\/www.eldiario.net\\\/portal\\\/\"},{\"@type\":\"ListItem\",\"position\":2,\"name\":\"En La Paz, Cochabamba y Potos\u00ed se vive el Carnaval\"}]},{\"@type\":\"WebSite\",\"@id\":\"https:\\\/\\\/www.eldiario.net\\\/portal\\\/#website\",\"url\":\"https:\\\/\\\/www.eldiario.net\\\/portal\\\/\",\"name\":\"El Diario - Decano de la prensa nacional\",\"description\":\"El Diario - Decano de la prensa nacional\",\"publisher\":{\"@id\":\"https:\\\/\\\/www.eldiario.net\\\/portal\\\/#organization\"},\"potentialAction\":[{\"@type\":\"SearchAction\",\"target\":{\"@type\":\"EntryPoint\",\"urlTemplate\":\"https:\\\/\\\/www.eldiario.net\\\/portal\\\/?s={search_term_string}\"},\"query-input\":{\"@type\":\"PropertyValueSpecification\",\"valueRequired\":true,\"valueName\":\"search_term_string\"}}],\"inLanguage\":\"es\"},{\"@type\":\"Organization\",\"@id\":\"https:\\\/\\\/www.eldiario.net\\\/portal\\\/#organization\",\"name\":\"El Diario - Decano de la prensa nacional\",\"url\":\"https:\\\/\\\/www.eldiario.net\\\/portal\\\/\",\"logo\":{\"@type\":\"ImageObject\",\"inLanguage\":\"es\",\"@id\":\"https:\\\/\\\/www.eldiario.net\\\/portal\\\/#\\\/schema\\\/logo\\\/image\\\/\",\"url\":\"https:\\\/\\\/www.eldiario.net\\\/portal\\\/wp-content\\\/uploads\\\/2023\\\/07\\\/logo_ED.jpg\",\"contentUrl\":\"https:\\\/\\\/www.eldiario.net\\\/portal\\\/wp-content\\\/uploads\\\/2023\\\/07\\\/logo_ED.jpg\",\"width\":272,\"height\":52,\"caption\":\"El Diario - Decano de la prensa nacional\"},\"image\":{\"@id\":\"https:\\\/\\\/www.eldiario.net\\\/portal\\\/#\\\/schema\\\/logo\\\/image\\\/\"},\"sameAs\":[\"https:\\\/\\\/www.facebook.com\\\/eldiario.bolivia\\\/\",\"https:\\\/\\\/x.com\\\/eldiario_net\"]},{\"@type\":\"Person\",\"@id\":\"https:\\\/\\\/www.eldiario.net\\\/portal\\\/#\\\/schema\\\/person\\\/2c57cf2b7a7ae032e449e4c9b1019eac\",\"name\":\"Jeanette\",\"image\":{\"@type\":\"ImageObject\",\"inLanguage\":\"es\",\"@id\":\"https:\\\/\\\/secure.gravatar.com\\\/avatar\\\/3ea2118a5f7dad2b7138b1187a6b7ee55f160b9968b66013c3a3ef39dd7e5798?s=96&d=mm&r=g\",\"url\":\"https:\\\/\\\/secure.gravatar.com\\\/avatar\\\/3ea2118a5f7dad2b7138b1187a6b7ee55f160b9968b66013c3a3ef39dd7e5798?s=96&d=mm&r=g\",\"contentUrl\":\"https:\\\/\\\/secure.gravatar.com\\\/avatar\\\/3ea2118a5f7dad2b7138b1187a6b7ee55f160b9968b66013c3a3ef39dd7e5798?s=96&d=mm&r=g\",\"caption\":\"Jeanette\"},\"sameAs\":[\"https:\\\/\\\/www.eldiario.net\\\/portal\"],\"url\":\"https:\\\/\\\/www.eldiario.net\\\/portal\\\/author\\\/jeanette\\\/\"}]}<\/script>\n<!-- \/ Yoast SEO plugin. -->","yoast_head_json":{"title":"En La Paz, Cochabamba y Potos\u00ed se vive el Carnaval - El Diario - Bolivia","robots":{"index":"index","follow":"follow","max-snippet":"max-snippet:-1","max-image-preview":"max-image-preview:large","max-video-preview":"max-video-preview:-1"},"canonical":"https:\/\/www.eldiario.net\/portal\/2025\/02\/16\/en-la-paz-cochabamba-y-potosi-se-vive-el-carnaval\/","og_locale":"es_ES","og_type":"article","og_title":"En La Paz, Cochabamba y Potos\u00ed se vive el Carnaval - El Diario - Bolivia","og_description":"El Carnaval 2025 ya comenz\u00f3 en las ciudades de La Paz, Cochabamba y Potos\u00ed, donde ayer tuvieron lugar diferentes demostraciones folkl\u00f3ricas. En La Paz se llev\u00f3 adelante el lanzamiento del Carnaval y la Vendimia del Bicentenario, actividad que fue organizada por el Ministerio de Culturas. Con un despliegue de color, m\u00fasica y tradici\u00f3n, Cochabamba vivi\u00f3 [&hellip;]","og_url":"https:\/\/www.eldiario.net\/portal\/2025\/02\/16\/en-la-paz-cochabamba-y-potosi-se-vive-el-carnaval\/","og_site_name":"El Diario - Bolivia","article_publisher":"https:\/\/www.facebook.com\/eldiario.bolivia\/","article_published_time":"2025-02-16T10:21:39+00:00","og_image":[{"width":1280,"height":852,"url":"https:\/\/www.eldiario.net\/portal\/wp-content\/uploads\/2025\/02\/P-2-1.jpg","type":"image\/jpeg"}],"author":"Jeanette","twitter_card":"summary_large_image","twitter_creator":"@eldiario_net","twitter_site":"@eldiario_net","twitter_misc":{"Escrito por":"Jeanette","Tiempo de lectura":"2 minutos"},"schema":{"@context":"https:\/\/schema.org","@graph":[{"@type":"Article","@id":"https:\/\/www.eldiario.net\/portal\/2025\/02\/16\/en-la-paz-cochabamba-y-potosi-se-vive-el-carnaval\/#article","isPartOf":{"@id":"https:\/\/www.eldiario.net\/portal\/2025\/02\/16\/en-la-paz-cochabamba-y-potosi-se-vive-el-carnaval\/"},"author":{"name":"Jeanette","@id":"https:\/\/www.eldiario.net\/portal\/#\/schema\/person\/2c57cf2b7a7ae032e449e4c9b1019eac"},"headline":"En La Paz, Cochabamba y Potos\u00ed se vive el Carnaval","datePublished":"2025-02-16T10:21:39+00:00","mainEntityOfPage":{"@id":"https:\/\/www.eldiario.net\/portal\/2025\/02\/16\/en-la-paz-cochabamba-y-potosi-se-vive-el-carnaval\/"},"wordCount":155,"publisher":{"@id":"https:\/\/www.eldiario.net\/portal\/#organization"},"image":{"@id":"https:\/\/www.eldiario.net\/portal\/2025\/02\/16\/en-la-paz-cochabamba-y-potosi-se-vive-el-carnaval\/#primaryimage"},"thumbnailUrl":"https:\/\/www.eldiario.net\/portal\/wp-content\/uploads\/2025\/02\/P-2-1.jpg","articleSection":["Portada"],"inLanguage":"es"},{"@type":"WebPage","@id":"https:\/\/www.eldiario.net\/portal\/2025\/02\/16\/en-la-paz-cochabamba-y-potosi-se-vive-el-carnaval\/","url":"https:\/\/www.eldiario.net\/portal\/2025\/02\/16\/en-la-paz-cochabamba-y-potosi-se-vive-el-carnaval\/","name":"En La Paz, Cochabamba y Potos\u00ed se vive el Carnaval - El Diario - Bolivia","isPartOf":{"@id":"https:\/\/www.eldiario.net\/portal\/#website"},"primaryImageOfPage":{"@id":"https:\/\/www.eldiario.net\/portal\/2025\/02\/16\/en-la-paz-cochabamba-y-potosi-se-vive-el-carnaval\/#primaryimage"},"image":{"@id":"https:\/\/www.eldiario.net\/portal\/2025\/02\/16\/en-la-paz-cochabamba-y-potosi-se-vive-el-carnaval\/#primaryimage"},"thumbnailUrl":"https:\/\/www.eldiario.net\/portal\/wp-content\/uploads\/2025\/02\/P-2-1.jpg","datePublished":"2025-02-16T10:21:39+00:00","breadcrumb":{"@id":"https:\/\/www.eldiario.net\/portal\/2025\/02\/16\/en-la-paz-cochabamba-y-potosi-se-vive-el-carnaval\/#breadcrumb"},"inLanguage":"es","potentialAction":[{"@type":"ReadAction","target":["https:\/\/www.eldiario.net\/portal\/2025\/02\/16\/en-la-paz-cochabamba-y-potosi-se-vive-el-carnaval\/"]}]},{"@type":"ImageObject","inLanguage":"es","@id":"https:\/\/www.eldiario.net\/portal\/2025\/02\/16\/en-la-paz-cochabamba-y-potosi-se-vive-el-carnaval\/#primaryimage","url":"https:\/\/www.eldiario.net\/portal\/wp-content\/uploads\/2025\/02\/P-2-1.jpg","contentUrl":"https:\/\/www.eldiario.net\/portal\/wp-content\/uploads\/2025\/02\/P-2-1.jpg","width":1280,"height":852,"caption":"LA PRECARNAVALERA QUE TUVO LUGAR EN COCHABAMBA."},{"@type":"BreadcrumbList","@id":"https:\/\/www.eldiario.net\/portal\/2025\/02\/16\/en-la-paz-cochabamba-y-potosi-se-vive-el-carnaval\/#breadcrumb","itemListElement":[{"@type":"ListItem","position":1,"name":"Portada","item":"https:\/\/www.eldiario.net\/portal\/"},{"@type":"ListItem","position":2,"name":"En La Paz, Cochabamba y Potos\u00ed se vive el Carnaval"}]},{"@type":"WebSite","@id":"https:\/\/www.eldiario.net\/portal\/#website","url":"https:\/\/www.eldiario.net\/portal\/","name":"El Diario - Decano de la prensa nacional","description":"El Diario - Decano de la prensa nacional","publisher":{"@id":"https:\/\/www.eldiario.net\/portal\/#organization"},"potentialAction":[{"@type":"SearchAction","target":{"@type":"EntryPoint","urlTemplate":"https:\/\/www.eldiario.net\/portal\/?s={search_term_string}"},"query-input":{"@type":"PropertyValueSpecification","valueRequired":true,"valueName":"search_term_string"}}],"inLanguage":"es"},{"@type":"Organization","@id":"https:\/\/www.eldiario.net\/portal\/#organization","name":"El Diario - Decano de la prensa nacional","url":"https:\/\/www.eldiario.net\/portal\/","logo":{"@type":"ImageObject","inLanguage":"es","@id":"https:\/\/www.eldiario.net\/portal\/#\/schema\/logo\/image\/","url":"https:\/\/www.eldiario.net\/portal\/wp-content\/uploads\/2023\/07\/logo_ED.jpg","contentUrl":"https:\/\/www.eldiario.net\/portal\/wp-content\/uploads\/2023\/07\/logo_ED.jpg","width":272,"height":52,"caption":"El Diario - Decano de la prensa nacional"},"image":{"@id":"https:\/\/www.eldiario.net\/portal\/#\/schema\/logo\/image\/"},"sameAs":["https:\/\/www.facebook.com\/eldiario.bolivia\/","https:\/\/x.com\/eldiario_net"]},{"@type":"Person","@id":"https:\/\/www.eldiario.net\/portal\/#\/schema\/person\/2c57cf2b7a7ae032e449e4c9b1019eac","name":"Jeanette","image":{"@type":"ImageObject","inLanguage":"es","@id":"https:\/\/secure.gravatar.com\/avatar\/3ea2118a5f7dad2b7138b1187a6b7ee55f160b9968b66013c3a3ef39dd7e5798?s=96&d=mm&r=g","url":"https:\/\/secure.gravatar.com\/avatar\/3ea2118a5f7dad2b7138b1187a6b7ee55f160b9968b66013c3a3ef39dd7e5798?s=96&d=mm&r=g","contentUrl":"https:\/\/secure.gravatar.com\/avatar\/3ea2118a5f7dad2b7138b1187a6b7ee55f160b9968b66013c3a3ef39dd7e5798?s=96&d=mm&r=g","caption":"Jeanette"},"sameAs":["https:\/\/www.eldiario.net\/portal"],"url":"https:\/\/www.eldiario.net\/portal\/author\/jeanette\/"}]}},"_links":{"self":[{"href":"https:\/\/www.eldiario.net\/portal\/wp-json\/wp\/v2\/posts\/282103","targetHints":{"allow":["GET"]}}],"collection":[{"href":"https:\/\/www.eldiario.net\/portal\/wp-json\/wp\/v2\/posts"}],"about":[{"href":"https:\/\/www.eldiario.net\/portal\/wp-json\/wp\/v2\/types\/post"}],"author":[{"embeddable":true,"href":"https:\/\/www.eldiario.net\/portal\/wp-json\/wp\/v2\/users\/1"}],"replies":[{"embeddable":true,"href":"https:\/\/www.eldiario.net\/portal\/wp-json\/wp\/v2\/comments?post=282103"}],"version-history":[{"count":1,"href":"https:\/\/www.eldiario.net\/portal\/wp-json\/wp\/v2\/posts\/282103\/revisions"}],"predecessor-version":[{"id":282106,"href":"https:\/\/www.eldiario.net\/portal\/wp-json\/wp\/v2\/posts\/282103\/revisions\/282106"}],"wp:featuredmedia":[{"embeddable":true,"href":"https:\/\/www.eldiario.net\/portal\/wp-json\/wp\/v2\/media\/282104"}],"wp:attachment":[{"href":"https:\/\/www.eldiario.net\/portal\/wp-json\/wp\/v2\/media?parent=282103"}],"wp:term":[{"taxonomy":"category","embeddable":true,"href":"https:\/\/www.eldiario.net\/portal\/wp-json\/wp\/v2\/categories?post=282103"},{"taxonomy":"post_tag","embeddable":true,"href":"https:\/\/www.eldiario.net\/portal\/wp-json\/wp\/v2\/tags?post=282103"}],"curies":[{"name":"wp","href":"https:\/\/api.w.org\/{rel}","templated":true}]}}