{"id":282100,"date":"2025-02-16T06:20:34","date_gmt":"2025-02-16T10:20:34","guid":{"rendered":"https:\/\/www.eldiario.net\/portal\/?p=282100"},"modified":"2025-02-16T06:20:34","modified_gmt":"2025-02-16T10:20:34","slug":"emiten-alerta-naranja-por-lluvias-y-tormentas-electricas-en-4-regiones","status":"publish","type":"post","link":"https:\/\/www.eldiario.net\/portal\/2025\/02\/16\/emiten-alerta-naranja-por-lluvias-y-tormentas-electricas-en-4-regiones\/","title":{"rendered":"Emiten alerta naranja por lluvias y  tormentas el\u00e9ctricas en 4 regiones"},"content":{"rendered":"<p>El Servicio Nacional de Meteorolog\u00eda e Hidrolog\u00eda (Senamhi) emiti\u00f3 alerta naranja por lluvias con tormentas el\u00e9ctricas en los departamentos de: La Paz, Oruro, Cochabamba y Beni.<br \/>\nLa Paz, donde entre la noche del viernes y ayer llovi\u00f3 de manera continua por casi 16 horas, se prev\u00e9 que permanecer\u00e1 con temporales fuertes.<br \/>\nBeni es otro de los departamentos afectados por el mal tiempo, especialmente en las provincias: Marb\u00e1n, Cercado, Moxos, Yacuma, Ballivi\u00e1n, Itenez y Mamor\u00e9.<br \/>\nEn las provincias cochabambinas de: Chapare, Tiraque, Jos\u00e9 Carrasco, Ayopaya, Quillacollo, Cercado y Campero tambi\u00e9n se ver\u00e1n afectadas por el temporal.<br \/>\nEn la regi\u00f3n de Oruro, se reportaron lluvias acumuladas de entre 20 y 40 mil\u00edmetros, el temporal alcanzar\u00e1 a las provincias: Nor Carangas, Carangas, Sur Carangas, Saucar\u00ed, Tom\u00e1s Barr\u00f3n, Cercado, Dalance, Poop\u00f3, Abaroa, Sajama y Litoral.<br \/>\nEl viceministro de Defensa Civil, Juan Carlos Calvimontes, inform\u00f3 que, desde el inicio de la temporada de lluvias en noviembre del a\u00f1o pasado, 28 personas han muerto. Adem\u00e1s, report\u00f3 la desaparici\u00f3n de cuatro personas.<\/p>\n","protected":false},"excerpt":{"rendered":"<p>El Servicio Nacional de Meteorolog\u00eda e Hidrolog\u00eda (Senamhi) emiti\u00f3 alerta naranja por lluvias con tormentas el\u00e9ctricas en los departamentos de: La Paz, Oruro, Cochabamba y Beni. La Paz, donde entre la noche del viernes y ayer llovi\u00f3 de manera continua por casi 16 horas, se prev\u00e9 que permanecer\u00e1 con temporales fuertes. Beni es otro de [&hellip;]<\/p>\n","protected":false},"author":1,"featured_media":282101,"comment_status":"closed","ping_status":"open","sticky":false,"template":"","format":"standard","meta":{"_acf_changed":false,"footnotes":""},"categories":[15],"tags":[],"class_list":["post-282100","post","type-post","status-publish","format-standard","has-post-thumbnail","category-portada"],"acf":{"antetitulo":""},"yoast_head":"<!-- This site is optimized with the Yoast SEO plugin v28.4 - https:\/\/yoast.com\/product\/yoast-seo-wordpress\/ -->\n<title>Emiten alerta naranja por lluvias y tormentas el\u00e9ctricas en 4 regiones - El Diario - Bolivia<\/title>\n<meta name=\"robots\" content=\"index, follow, max-snippet:-1, max-image-preview:large, max-video-preview:-1\" \/>\n<link rel=\"canonical\" href=\"https:\/\/www.eldiario.net\/portal\/2025\/02\/16\/emiten-alerta-naranja-por-lluvias-y-tormentas-electricas-en-4-regiones\/\" \/>\n<meta property=\"og:locale\" content=\"es_ES\" \/>\n<meta property=\"og:type\" content=\"article\" \/>\n<meta property=\"og:title\" content=\"Emiten alerta naranja por lluvias y tormentas el\u00e9ctricas en 4 regiones - El Diario - Bolivia\" \/>\n<meta property=\"og:description\" content=\"El Servicio Nacional de Meteorolog\u00eda e Hidrolog\u00eda (Senamhi) emiti\u00f3 alerta naranja por lluvias con tormentas el\u00e9ctricas en los departamentos de: La Paz, Oruro, Cochabamba y Beni. La Paz, donde entre la noche del viernes y ayer llovi\u00f3 de manera continua por casi 16 horas, se prev\u00e9 que permanecer\u00e1 con temporales fuertes. Beni es otro de [&hellip;]\" \/>\n<meta property=\"og:url\" content=\"https:\/\/www.eldiario.net\/portal\/2025\/02\/16\/emiten-alerta-naranja-por-lluvias-y-tormentas-electricas-en-4-regiones\/\" \/>\n<meta property=\"og:site_name\" content=\"El Diario - Bolivia\" \/>\n<meta property=\"article:publisher\" content=\"https:\/\/www.facebook.com\/eldiario.bolivia\/\" \/>\n<meta property=\"article:published_time\" content=\"2025-02-16T10:20:34+00:00\" \/>\n<meta property=\"og:image\" content=\"https:\/\/www.eldiario.net\/portal\/wp-content\/uploads\/2025\/02\/P-5-2.jpg\" \/>\n\t<meta property=\"og:image:width\" content=\"960\" \/>\n\t<meta property=\"og:image:height\" content=\"654\" \/>\n\t<meta property=\"og:image:type\" content=\"image\/jpeg\" \/>\n<meta name=\"author\" content=\"Jeanette\" \/>\n<meta name=\"twitter:card\" content=\"summary_large_image\" \/>\n<meta name=\"twitter:creator\" content=\"@eldiario_net\" \/>\n<meta name=\"twitter:site\" content=\"@eldiario_net\" \/>\n<meta name=\"twitter:label1\" content=\"Escrito por\" \/>\n\t<meta name=\"twitter:data1\" content=\"Jeanette\" \/>\n\t<meta name=\"twitter:label2\" content=\"Tiempo de lectura\" \/>\n\t<meta name=\"twitter:data2\" content=\"1 minuto\" \/>\n<script type=\"application\/ld+json\" class=\"yoast-schema-graph\">{\"@context\":\"https:\\\/\\\/schema.org\",\"@graph\":[{\"@type\":\"Article\",\"@id\":\"https:\\\/\\\/www.eldiario.net\\\/portal\\\/2025\\\/02\\\/16\\\/emiten-alerta-naranja-por-lluvias-y-tormentas-electricas-en-4-regiones\\\/#article\",\"isPartOf\":{\"@id\":\"https:\\\/\\\/www.eldiario.net\\\/portal\\\/2025\\\/02\\\/16\\\/emiten-alerta-naranja-por-lluvias-y-tormentas-electricas-en-4-regiones\\\/\"},\"author\":{\"name\":\"Jeanette\",\"@id\":\"https:\\\/\\\/www.eldiario.net\\\/portal\\\/#\\\/schema\\\/person\\\/f46445640444750d7d753ccd04ae01b7\"},\"headline\":\"Emiten alerta naranja por lluvias y tormentas el\u00e9ctricas en 4 regiones\",\"datePublished\":\"2025-02-16T10:20:34+00:00\",\"mainEntityOfPage\":{\"@id\":\"https:\\\/\\\/www.eldiario.net\\\/portal\\\/2025\\\/02\\\/16\\\/emiten-alerta-naranja-por-lluvias-y-tormentas-electricas-en-4-regiones\\\/\"},\"wordCount\":186,\"publisher\":{\"@id\":\"https:\\\/\\\/www.eldiario.net\\\/portal\\\/#organization\"},\"image\":{\"@id\":\"https:\\\/\\\/www.eldiario.net\\\/portal\\\/2025\\\/02\\\/16\\\/emiten-alerta-naranja-por-lluvias-y-tormentas-electricas-en-4-regiones\\\/#primaryimage\"},\"thumbnailUrl\":\"https:\\\/\\\/www.eldiario.net\\\/portal\\\/wp-content\\\/uploads\\\/2025\\\/02\\\/P-5-2.jpg\",\"articleSection\":[\"Portada\"],\"inLanguage\":\"es\"},{\"@type\":\"WebPage\",\"@id\":\"https:\\\/\\\/www.eldiario.net\\\/portal\\\/2025\\\/02\\\/16\\\/emiten-alerta-naranja-por-lluvias-y-tormentas-electricas-en-4-regiones\\\/\",\"url\":\"https:\\\/\\\/www.eldiario.net\\\/portal\\\/2025\\\/02\\\/16\\\/emiten-alerta-naranja-por-lluvias-y-tormentas-electricas-en-4-regiones\\\/\",\"name\":\"Emiten alerta naranja por lluvias y tormentas el\u00e9ctricas en 4 regiones - El Diario - Bolivia\",\"isPartOf\":{\"@id\":\"https:\\\/\\\/www.eldiario.net\\\/portal\\\/#website\"},\"primaryImageOfPage\":{\"@id\":\"https:\\\/\\\/www.eldiario.net\\\/portal\\\/2025\\\/02\\\/16\\\/emiten-alerta-naranja-por-lluvias-y-tormentas-electricas-en-4-regiones\\\/#primaryimage\"},\"image\":{\"@id\":\"https:\\\/\\\/www.eldiario.net\\\/portal\\\/2025\\\/02\\\/16\\\/emiten-alerta-naranja-por-lluvias-y-tormentas-electricas-en-4-regiones\\\/#primaryimage\"},\"thumbnailUrl\":\"https:\\\/\\\/www.eldiario.net\\\/portal\\\/wp-content\\\/uploads\\\/2025\\\/02\\\/P-5-2.jpg\",\"datePublished\":\"2025-02-16T10:20:34+00:00\",\"breadcrumb\":{\"@id\":\"https:\\\/\\\/www.eldiario.net\\\/portal\\\/2025\\\/02\\\/16\\\/emiten-alerta-naranja-por-lluvias-y-tormentas-electricas-en-4-regiones\\\/#breadcrumb\"},\"inLanguage\":\"es\",\"potentialAction\":[{\"@type\":\"ReadAction\",\"target\":[\"https:\\\/\\\/www.eldiario.net\\\/portal\\\/2025\\\/02\\\/16\\\/emiten-alerta-naranja-por-lluvias-y-tormentas-electricas-en-4-regiones\\\/\"]}]},{\"@type\":\"ImageObject\",\"inLanguage\":\"es\",\"@id\":\"https:\\\/\\\/www.eldiario.net\\\/portal\\\/2025\\\/02\\\/16\\\/emiten-alerta-naranja-por-lluvias-y-tormentas-electricas-en-4-regiones\\\/#primaryimage\",\"url\":\"https:\\\/\\\/www.eldiario.net\\\/portal\\\/wp-content\\\/uploads\\\/2025\\\/02\\\/P-5-2.jpg\",\"contentUrl\":\"https:\\\/\\\/www.eldiario.net\\\/portal\\\/wp-content\\\/uploads\\\/2025\\\/02\\\/P-5-2.jpg\",\"width\":960,\"height\":654,\"caption\":\"Una calle anegada por las lluvias en Cochabamba.\"},{\"@type\":\"BreadcrumbList\",\"@id\":\"https:\\\/\\\/www.eldiario.net\\\/portal\\\/2025\\\/02\\\/16\\\/emiten-alerta-naranja-por-lluvias-y-tormentas-electricas-en-4-regiones\\\/#breadcrumb\",\"itemListElement\":[{\"@type\":\"ListItem\",\"position\":1,\"name\":\"Portada\",\"item\":\"https:\\\/\\\/www.eldiario.net\\\/portal\\\/\"},{\"@type\":\"ListItem\",\"position\":2,\"name\":\"Emiten alerta naranja por lluvias y tormentas el\u00e9ctricas en 4 regiones\"}]},{\"@type\":\"WebSite\",\"@id\":\"https:\\\/\\\/www.eldiario.net\\\/portal\\\/#website\",\"url\":\"https:\\\/\\\/www.eldiario.net\\\/portal\\\/\",\"name\":\"El Diario - Decano de la prensa nacional\",\"description\":\"El Diario - Decano de la prensa nacional\",\"publisher\":{\"@id\":\"https:\\\/\\\/www.eldiario.net\\\/portal\\\/#organization\"},\"potentialAction\":[{\"@type\":\"SearchAction\",\"target\":{\"@type\":\"EntryPoint\",\"urlTemplate\":\"https:\\\/\\\/www.eldiario.net\\\/portal\\\/?s={search_term_string}\"},\"query-input\":{\"@type\":\"PropertyValueSpecification\",\"valueRequired\":true,\"valueName\":\"search_term_string\"}}],\"inLanguage\":\"es\"},{\"@type\":\"Organization\",\"@id\":\"https:\\\/\\\/www.eldiario.net\\\/portal\\\/#organization\",\"name\":\"El Diario - Decano de la prensa nacional\",\"url\":\"https:\\\/\\\/www.eldiario.net\\\/portal\\\/\",\"logo\":{\"@type\":\"ImageObject\",\"inLanguage\":\"es\",\"@id\":\"https:\\\/\\\/www.eldiario.net\\\/portal\\\/#\\\/schema\\\/logo\\\/image\\\/\",\"url\":\"https:\\\/\\\/www.eldiario.net\\\/portal\\\/wp-content\\\/uploads\\\/2023\\\/07\\\/logo_ED.jpg\",\"contentUrl\":\"https:\\\/\\\/www.eldiario.net\\\/portal\\\/wp-content\\\/uploads\\\/2023\\\/07\\\/logo_ED.jpg\",\"width\":272,\"height\":52,\"caption\":\"El Diario - Decano de la prensa nacional\"},\"image\":{\"@id\":\"https:\\\/\\\/www.eldiario.net\\\/portal\\\/#\\\/schema\\\/logo\\\/image\\\/\"},\"sameAs\":[\"https:\\\/\\\/www.facebook.com\\\/eldiario.bolivia\\\/\",\"https:\\\/\\\/x.com\\\/eldiario_net\"]},{\"@type\":\"Person\",\"@id\":\"https:\\\/\\\/www.eldiario.net\\\/portal\\\/#\\\/schema\\\/person\\\/f46445640444750d7d753ccd04ae01b7\",\"name\":\"Jeanette\",\"image\":{\"@type\":\"ImageObject\",\"inLanguage\":\"es\",\"@id\":\"https:\\\/\\\/secure.gravatar.com\\\/avatar\\\/3ea2118a5f7dad2b7138b1187a6b7ee55f160b9968b66013c3a3ef39dd7e5798?s=96&d=mm&r=g\",\"url\":\"https:\\\/\\\/secure.gravatar.com\\\/avatar\\\/3ea2118a5f7dad2b7138b1187a6b7ee55f160b9968b66013c3a3ef39dd7e5798?s=96&d=mm&r=g\",\"contentUrl\":\"https:\\\/\\\/secure.gravatar.com\\\/avatar\\\/3ea2118a5f7dad2b7138b1187a6b7ee55f160b9968b66013c3a3ef39dd7e5798?s=96&d=mm&r=g\",\"caption\":\"Jeanette\"},\"sameAs\":[\"https:\\\/\\\/www.eldiario.net\\\/portal\"],\"url\":\"https:\\\/\\\/www.eldiario.net\\\/portal\\\/author\\\/jeanette\\\/\"}]}<\/script>\n<!-- \/ Yoast SEO plugin. -->","yoast_head_json":{"title":"Emiten alerta naranja por lluvias y tormentas el\u00e9ctricas en 4 regiones - El Diario - Bolivia","robots":{"index":"index","follow":"follow","max-snippet":"max-snippet:-1","max-image-preview":"max-image-preview:large","max-video-preview":"max-video-preview:-1"},"canonical":"https:\/\/www.eldiario.net\/portal\/2025\/02\/16\/emiten-alerta-naranja-por-lluvias-y-tormentas-electricas-en-4-regiones\/","og_locale":"es_ES","og_type":"article","og_title":"Emiten alerta naranja por lluvias y tormentas el\u00e9ctricas en 4 regiones - El Diario - Bolivia","og_description":"El Servicio Nacional de Meteorolog\u00eda e Hidrolog\u00eda (Senamhi) emiti\u00f3 alerta naranja por lluvias con tormentas el\u00e9ctricas en los departamentos de: La Paz, Oruro, Cochabamba y Beni. La Paz, donde entre la noche del viernes y ayer llovi\u00f3 de manera continua por casi 16 horas, se prev\u00e9 que permanecer\u00e1 con temporales fuertes. Beni es otro de [&hellip;]","og_url":"https:\/\/www.eldiario.net\/portal\/2025\/02\/16\/emiten-alerta-naranja-por-lluvias-y-tormentas-electricas-en-4-regiones\/","og_site_name":"El Diario - Bolivia","article_publisher":"https:\/\/www.facebook.com\/eldiario.bolivia\/","article_published_time":"2025-02-16T10:20:34+00:00","og_image":[{"width":960,"height":654,"url":"https:\/\/www.eldiario.net\/portal\/wp-content\/uploads\/2025\/02\/P-5-2.jpg","type":"image\/jpeg"}],"author":"Jeanette","twitter_card":"summary_large_image","twitter_creator":"@eldiario_net","twitter_site":"@eldiario_net","twitter_misc":{"Escrito por":"Jeanette","Tiempo de lectura":"1 minuto"},"schema":{"@context":"https:\/\/schema.org","@graph":[{"@type":"Article","@id":"https:\/\/www.eldiario.net\/portal\/2025\/02\/16\/emiten-alerta-naranja-por-lluvias-y-tormentas-electricas-en-4-regiones\/#article","isPartOf":{"@id":"https:\/\/www.eldiario.net\/portal\/2025\/02\/16\/emiten-alerta-naranja-por-lluvias-y-tormentas-electricas-en-4-regiones\/"},"author":{"name":"Jeanette","@id":"https:\/\/www.eldiario.net\/portal\/#\/schema\/person\/f46445640444750d7d753ccd04ae01b7"},"headline":"Emiten alerta naranja por lluvias y tormentas el\u00e9ctricas en 4 regiones","datePublished":"2025-02-16T10:20:34+00:00","mainEntityOfPage":{"@id":"https:\/\/www.eldiario.net\/portal\/2025\/02\/16\/emiten-alerta-naranja-por-lluvias-y-tormentas-electricas-en-4-regiones\/"},"wordCount":186,"publisher":{"@id":"https:\/\/www.eldiario.net\/portal\/#organization"},"image":{"@id":"https:\/\/www.eldiario.net\/portal\/2025\/02\/16\/emiten-alerta-naranja-por-lluvias-y-tormentas-electricas-en-4-regiones\/#primaryimage"},"thumbnailUrl":"https:\/\/www.eldiario.net\/portal\/wp-content\/uploads\/2025\/02\/P-5-2.jpg","articleSection":["Portada"],"inLanguage":"es"},{"@type":"WebPage","@id":"https:\/\/www.eldiario.net\/portal\/2025\/02\/16\/emiten-alerta-naranja-por-lluvias-y-tormentas-electricas-en-4-regiones\/","url":"https:\/\/www.eldiario.net\/portal\/2025\/02\/16\/emiten-alerta-naranja-por-lluvias-y-tormentas-electricas-en-4-regiones\/","name":"Emiten alerta naranja por lluvias y tormentas el\u00e9ctricas en 4 regiones - El Diario - Bolivia","isPartOf":{"@id":"https:\/\/www.eldiario.net\/portal\/#website"},"primaryImageOfPage":{"@id":"https:\/\/www.eldiario.net\/portal\/2025\/02\/16\/emiten-alerta-naranja-por-lluvias-y-tormentas-electricas-en-4-regiones\/#primaryimage"},"image":{"@id":"https:\/\/www.eldiario.net\/portal\/2025\/02\/16\/emiten-alerta-naranja-por-lluvias-y-tormentas-electricas-en-4-regiones\/#primaryimage"},"thumbnailUrl":"https:\/\/www.eldiario.net\/portal\/wp-content\/uploads\/2025\/02\/P-5-2.jpg","datePublished":"2025-02-16T10:20:34+00:00","breadcrumb":{"@id":"https:\/\/www.eldiario.net\/portal\/2025\/02\/16\/emiten-alerta-naranja-por-lluvias-y-tormentas-electricas-en-4-regiones\/#breadcrumb"},"inLanguage":"es","potentialAction":[{"@type":"ReadAction","target":["https:\/\/www.eldiario.net\/portal\/2025\/02\/16\/emiten-alerta-naranja-por-lluvias-y-tormentas-electricas-en-4-regiones\/"]}]},{"@type":"ImageObject","inLanguage":"es","@id":"https:\/\/www.eldiario.net\/portal\/2025\/02\/16\/emiten-alerta-naranja-por-lluvias-y-tormentas-electricas-en-4-regiones\/#primaryimage","url":"https:\/\/www.eldiario.net\/portal\/wp-content\/uploads\/2025\/02\/P-5-2.jpg","contentUrl":"https:\/\/www.eldiario.net\/portal\/wp-content\/uploads\/2025\/02\/P-5-2.jpg","width":960,"height":654,"caption":"Una calle anegada por las lluvias en Cochabamba."},{"@type":"BreadcrumbList","@id":"https:\/\/www.eldiario.net\/portal\/2025\/02\/16\/emiten-alerta-naranja-por-lluvias-y-tormentas-electricas-en-4-regiones\/#breadcrumb","itemListElement":[{"@type":"ListItem","position":1,"name":"Portada","item":"https:\/\/www.eldiario.net\/portal\/"},{"@type":"ListItem","position":2,"name":"Emiten alerta naranja por lluvias y tormentas el\u00e9ctricas en 4 regiones"}]},{"@type":"WebSite","@id":"https:\/\/www.eldiario.net\/portal\/#website","url":"https:\/\/www.eldiario.net\/portal\/","name":"El Diario - Decano de la prensa nacional","description":"El Diario - Decano de la prensa nacional","publisher":{"@id":"https:\/\/www.eldiario.net\/portal\/#organization"},"potentialAction":[{"@type":"SearchAction","target":{"@type":"EntryPoint","urlTemplate":"https:\/\/www.eldiario.net\/portal\/?s={search_term_string}"},"query-input":{"@type":"PropertyValueSpecification","valueRequired":true,"valueName":"search_term_string"}}],"inLanguage":"es"},{"@type":"Organization","@id":"https:\/\/www.eldiario.net\/portal\/#organization","name":"El Diario - Decano de la prensa nacional","url":"https:\/\/www.eldiario.net\/portal\/","logo":{"@type":"ImageObject","inLanguage":"es","@id":"https:\/\/www.eldiario.net\/portal\/#\/schema\/logo\/image\/","url":"https:\/\/www.eldiario.net\/portal\/wp-content\/uploads\/2023\/07\/logo_ED.jpg","contentUrl":"https:\/\/www.eldiario.net\/portal\/wp-content\/uploads\/2023\/07\/logo_ED.jpg","width":272,"height":52,"caption":"El Diario - Decano de la prensa nacional"},"image":{"@id":"https:\/\/www.eldiario.net\/portal\/#\/schema\/logo\/image\/"},"sameAs":["https:\/\/www.facebook.com\/eldiario.bolivia\/","https:\/\/x.com\/eldiario_net"]},{"@type":"Person","@id":"https:\/\/www.eldiario.net\/portal\/#\/schema\/person\/f46445640444750d7d753ccd04ae01b7","name":"Jeanette","image":{"@type":"ImageObject","inLanguage":"es","@id":"https:\/\/secure.gravatar.com\/avatar\/3ea2118a5f7dad2b7138b1187a6b7ee55f160b9968b66013c3a3ef39dd7e5798?s=96&d=mm&r=g","url":"https:\/\/secure.gravatar.com\/avatar\/3ea2118a5f7dad2b7138b1187a6b7ee55f160b9968b66013c3a3ef39dd7e5798?s=96&d=mm&r=g","contentUrl":"https:\/\/secure.gravatar.com\/avatar\/3ea2118a5f7dad2b7138b1187a6b7ee55f160b9968b66013c3a3ef39dd7e5798?s=96&d=mm&r=g","caption":"Jeanette"},"sameAs":["https:\/\/www.eldiario.net\/portal"],"url":"https:\/\/www.eldiario.net\/portal\/author\/jeanette\/"}]}},"_links":{"self":[{"href":"https:\/\/www.eldiario.net\/portal\/wp-json\/wp\/v2\/posts\/282100","targetHints":{"allow":["GET"]}}],"collection":[{"href":"https:\/\/www.eldiario.net\/portal\/wp-json\/wp\/v2\/posts"}],"about":[{"href":"https:\/\/www.eldiario.net\/portal\/wp-json\/wp\/v2\/types\/post"}],"author":[{"embeddable":true,"href":"https:\/\/www.eldiario.net\/portal\/wp-json\/wp\/v2\/users\/1"}],"replies":[{"embeddable":true,"href":"https:\/\/www.eldiario.net\/portal\/wp-json\/wp\/v2\/comments?post=282100"}],"version-history":[{"count":1,"href":"https:\/\/www.eldiario.net\/portal\/wp-json\/wp\/v2\/posts\/282100\/revisions"}],"predecessor-version":[{"id":282102,"href":"https:\/\/www.eldiario.net\/portal\/wp-json\/wp\/v2\/posts\/282100\/revisions\/282102"}],"wp:featuredmedia":[{"embeddable":true,"href":"https:\/\/www.eldiario.net\/portal\/wp-json\/wp\/v2\/media\/282101"}],"wp:attachment":[{"href":"https:\/\/www.eldiario.net\/portal\/wp-json\/wp\/v2\/media?parent=282100"}],"wp:term":[{"taxonomy":"category","embeddable":true,"href":"https:\/\/www.eldiario.net\/portal\/wp-json\/wp\/v2\/categories?post=282100"},{"taxonomy":"post_tag","embeddable":true,"href":"https:\/\/www.eldiario.net\/portal\/wp-json\/wp\/v2\/tags?post=282100"}],"curies":[{"name":"wp","href":"https:\/\/api.w.org\/{rel}","templated":true}]}}