{"id":282094,"date":"2025-02-16T06:19:17","date_gmt":"2025-02-16T10:19:17","guid":{"rendered":"https:\/\/www.eldiario.net\/portal\/?p=282094"},"modified":"2025-02-16T06:19:17","modified_gmt":"2025-02-16T10:19:17","slug":"diputado-vega-boa-trabaja-con-sobras-de-otras-aerolineas","status":"publish","type":"post","link":"https:\/\/www.eldiario.net\/portal\/2025\/02\/16\/diputado-vega-boa-trabaja-con-sobras-de-otras-aerolineas\/","title":{"rendered":"Diputado Vega: BoA trabaja  con sobras de otras aerol\u00edneas"},"content":{"rendered":"<p>El diputado por Comunidad Ciudadana (CC), Adri\u00e1n Vega, cuestion\u00f3 que la estatal Boliviana de Aviaci\u00f3n (BoA) opere con naves descartadas por otras aerol\u00edneas, poniendo en riesgo la seguridad de los pasajeros.<br \/>\nExpres\u00f3 sus cuestionamientos sobre la seguridad que pueda brindar la aerol\u00ednea \u201cbandera de los bolivianos\u201d, tomando en cuenta la antig\u00fcedad de las aeronaves y el recorrido de las mismas.<br \/>\nPara el diputado Vega, la estatal a\u00e9rea viene incumpliendo la Ley 165 de Transporte, que establece que las aerol\u00edneas no deben operar en territorio nacional con aviones por encima de los 25 a\u00f1os de antig\u00fcedad.<br \/>\nPrecis\u00f3 que BoA no solo incumple esta norma, sino que tambi\u00e9n cuenta con 15 aviones, con m\u00e1s de 20 a\u00f1os de funcionamiento y otros cinco que superan los 25 a\u00f1os, de una flota compuesta de 23 aeronaves.<\/p>\n","protected":false},"excerpt":{"rendered":"<p>El diputado por Comunidad Ciudadana (CC), Adri\u00e1n Vega, cuestion\u00f3 que la estatal Boliviana de Aviaci\u00f3n (BoA) opere con naves descartadas por otras aerol\u00edneas, poniendo en riesgo la seguridad de los pasajeros. Expres\u00f3 sus cuestionamientos sobre la seguridad que pueda brindar la aerol\u00ednea \u201cbandera de los bolivianos\u201d, tomando en cuenta la antig\u00fcedad de las aeronaves y [&hellip;]<\/p>\n","protected":false},"author":1,"featured_media":282095,"comment_status":"closed","ping_status":"open","sticky":false,"template":"","format":"standard","meta":{"_acf_changed":false,"footnotes":""},"categories":[15],"tags":[],"class_list":["post-282094","post","type-post","status-publish","format-standard","has-post-thumbnail","category-portada"],"acf":{"antetitulo":""},"yoast_head":"<!-- This site is optimized with the Yoast SEO plugin v28.4 - https:\/\/yoast.com\/product\/yoast-seo-wordpress\/ -->\n<title>Diputado Vega: BoA trabaja con sobras de otras aerol\u00edneas - El Diario - Bolivia<\/title>\n<meta name=\"robots\" content=\"index, follow, max-snippet:-1, max-image-preview:large, max-video-preview:-1\" \/>\n<link rel=\"canonical\" href=\"https:\/\/www.eldiario.net\/portal\/2025\/02\/16\/diputado-vega-boa-trabaja-con-sobras-de-otras-aerolineas\/\" \/>\n<meta property=\"og:locale\" content=\"es_ES\" \/>\n<meta property=\"og:type\" content=\"article\" \/>\n<meta property=\"og:title\" content=\"Diputado Vega: BoA trabaja con sobras de otras aerol\u00edneas - El Diario - Bolivia\" \/>\n<meta property=\"og:description\" content=\"El diputado por Comunidad Ciudadana (CC), Adri\u00e1n Vega, cuestion\u00f3 que la estatal Boliviana de Aviaci\u00f3n (BoA) opere con naves descartadas por otras aerol\u00edneas, poniendo en riesgo la seguridad de los pasajeros. Expres\u00f3 sus cuestionamientos sobre la seguridad que pueda brindar la aerol\u00ednea \u201cbandera de los bolivianos\u201d, tomando en cuenta la antig\u00fcedad de las aeronaves y [&hellip;]\" \/>\n<meta property=\"og:url\" content=\"https:\/\/www.eldiario.net\/portal\/2025\/02\/16\/diputado-vega-boa-trabaja-con-sobras-de-otras-aerolineas\/\" \/>\n<meta property=\"og:site_name\" content=\"El Diario - Bolivia\" \/>\n<meta property=\"article:publisher\" content=\"https:\/\/www.facebook.com\/eldiario.bolivia\/\" \/>\n<meta property=\"article:published_time\" content=\"2025-02-16T10:19:17+00:00\" \/>\n<meta property=\"og:image\" content=\"https:\/\/www.eldiario.net\/portal\/wp-content\/uploads\/2025\/02\/P-6-1.jpg\" \/>\n\t<meta property=\"og:image:width\" content=\"1280\" \/>\n\t<meta property=\"og:image:height\" content=\"545\" \/>\n\t<meta property=\"og:image:type\" content=\"image\/jpeg\" \/>\n<meta name=\"author\" content=\"Jeanette\" \/>\n<meta name=\"twitter:card\" content=\"summary_large_image\" \/>\n<meta name=\"twitter:creator\" content=\"@eldiario_net\" \/>\n<meta name=\"twitter:site\" content=\"@eldiario_net\" \/>\n<meta name=\"twitter:label1\" content=\"Escrito por\" \/>\n\t<meta name=\"twitter:data1\" content=\"Jeanette\" \/>\n\t<meta name=\"twitter:label2\" content=\"Tiempo de lectura\" \/>\n\t<meta name=\"twitter:data2\" content=\"1 minuto\" \/>\n<script type=\"application\/ld+json\" class=\"yoast-schema-graph\">{\"@context\":\"https:\\\/\\\/schema.org\",\"@graph\":[{\"@type\":\"Article\",\"@id\":\"https:\\\/\\\/www.eldiario.net\\\/portal\\\/2025\\\/02\\\/16\\\/diputado-vega-boa-trabaja-con-sobras-de-otras-aerolineas\\\/#article\",\"isPartOf\":{\"@id\":\"https:\\\/\\\/www.eldiario.net\\\/portal\\\/2025\\\/02\\\/16\\\/diputado-vega-boa-trabaja-con-sobras-de-otras-aerolineas\\\/\"},\"author\":{\"name\":\"Jeanette\",\"@id\":\"https:\\\/\\\/www.eldiario.net\\\/portal\\\/#\\\/schema\\\/person\\\/f46445640444750d7d753ccd04ae01b7\"},\"headline\":\"Diputado Vega: BoA trabaja con sobras de otras aerol\u00edneas\",\"datePublished\":\"2025-02-16T10:19:17+00:00\",\"mainEntityOfPage\":{\"@id\":\"https:\\\/\\\/www.eldiario.net\\\/portal\\\/2025\\\/02\\\/16\\\/diputado-vega-boa-trabaja-con-sobras-de-otras-aerolineas\\\/\"},\"wordCount\":149,\"publisher\":{\"@id\":\"https:\\\/\\\/www.eldiario.net\\\/portal\\\/#organization\"},\"image\":{\"@id\":\"https:\\\/\\\/www.eldiario.net\\\/portal\\\/2025\\\/02\\\/16\\\/diputado-vega-boa-trabaja-con-sobras-de-otras-aerolineas\\\/#primaryimage\"},\"thumbnailUrl\":\"https:\\\/\\\/www.eldiario.net\\\/portal\\\/wp-content\\\/uploads\\\/2025\\\/02\\\/P-6-1.jpg\",\"articleSection\":[\"Portada\"],\"inLanguage\":\"es\"},{\"@type\":\"WebPage\",\"@id\":\"https:\\\/\\\/www.eldiario.net\\\/portal\\\/2025\\\/02\\\/16\\\/diputado-vega-boa-trabaja-con-sobras-de-otras-aerolineas\\\/\",\"url\":\"https:\\\/\\\/www.eldiario.net\\\/portal\\\/2025\\\/02\\\/16\\\/diputado-vega-boa-trabaja-con-sobras-de-otras-aerolineas\\\/\",\"name\":\"Diputado Vega: BoA trabaja con sobras de otras aerol\u00edneas - El Diario - Bolivia\",\"isPartOf\":{\"@id\":\"https:\\\/\\\/www.eldiario.net\\\/portal\\\/#website\"},\"primaryImageOfPage\":{\"@id\":\"https:\\\/\\\/www.eldiario.net\\\/portal\\\/2025\\\/02\\\/16\\\/diputado-vega-boa-trabaja-con-sobras-de-otras-aerolineas\\\/#primaryimage\"},\"image\":{\"@id\":\"https:\\\/\\\/www.eldiario.net\\\/portal\\\/2025\\\/02\\\/16\\\/diputado-vega-boa-trabaja-con-sobras-de-otras-aerolineas\\\/#primaryimage\"},\"thumbnailUrl\":\"https:\\\/\\\/www.eldiario.net\\\/portal\\\/wp-content\\\/uploads\\\/2025\\\/02\\\/P-6-1.jpg\",\"datePublished\":\"2025-02-16T10:19:17+00:00\",\"breadcrumb\":{\"@id\":\"https:\\\/\\\/www.eldiario.net\\\/portal\\\/2025\\\/02\\\/16\\\/diputado-vega-boa-trabaja-con-sobras-de-otras-aerolineas\\\/#breadcrumb\"},\"inLanguage\":\"es\",\"potentialAction\":[{\"@type\":\"ReadAction\",\"target\":[\"https:\\\/\\\/www.eldiario.net\\\/portal\\\/2025\\\/02\\\/16\\\/diputado-vega-boa-trabaja-con-sobras-de-otras-aerolineas\\\/\"]}]},{\"@type\":\"ImageObject\",\"inLanguage\":\"es\",\"@id\":\"https:\\\/\\\/www.eldiario.net\\\/portal\\\/2025\\\/02\\\/16\\\/diputado-vega-boa-trabaja-con-sobras-de-otras-aerolineas\\\/#primaryimage\",\"url\":\"https:\\\/\\\/www.eldiario.net\\\/portal\\\/wp-content\\\/uploads\\\/2025\\\/02\\\/P-6-1.jpg\",\"contentUrl\":\"https:\\\/\\\/www.eldiario.net\\\/portal\\\/wp-content\\\/uploads\\\/2025\\\/02\\\/P-6-1.jpg\",\"width\":1280,\"height\":545,\"caption\":\"BoA ejerce el monopolio de la aviaci\u00f3n comercial en Bolivia.\"},{\"@type\":\"BreadcrumbList\",\"@id\":\"https:\\\/\\\/www.eldiario.net\\\/portal\\\/2025\\\/02\\\/16\\\/diputado-vega-boa-trabaja-con-sobras-de-otras-aerolineas\\\/#breadcrumb\",\"itemListElement\":[{\"@type\":\"ListItem\",\"position\":1,\"name\":\"Portada\",\"item\":\"https:\\\/\\\/www.eldiario.net\\\/portal\\\/\"},{\"@type\":\"ListItem\",\"position\":2,\"name\":\"Diputado Vega: BoA trabaja con sobras de otras aerol\u00edneas\"}]},{\"@type\":\"WebSite\",\"@id\":\"https:\\\/\\\/www.eldiario.net\\\/portal\\\/#website\",\"url\":\"https:\\\/\\\/www.eldiario.net\\\/portal\\\/\",\"name\":\"El Diario - Decano de la prensa nacional\",\"description\":\"El Diario - Decano de la prensa nacional\",\"publisher\":{\"@id\":\"https:\\\/\\\/www.eldiario.net\\\/portal\\\/#organization\"},\"potentialAction\":[{\"@type\":\"SearchAction\",\"target\":{\"@type\":\"EntryPoint\",\"urlTemplate\":\"https:\\\/\\\/www.eldiario.net\\\/portal\\\/?s={search_term_string}\"},\"query-input\":{\"@type\":\"PropertyValueSpecification\",\"valueRequired\":true,\"valueName\":\"search_term_string\"}}],\"inLanguage\":\"es\"},{\"@type\":\"Organization\",\"@id\":\"https:\\\/\\\/www.eldiario.net\\\/portal\\\/#organization\",\"name\":\"El Diario - Decano de la prensa nacional\",\"url\":\"https:\\\/\\\/www.eldiario.net\\\/portal\\\/\",\"logo\":{\"@type\":\"ImageObject\",\"inLanguage\":\"es\",\"@id\":\"https:\\\/\\\/www.eldiario.net\\\/portal\\\/#\\\/schema\\\/logo\\\/image\\\/\",\"url\":\"https:\\\/\\\/www.eldiario.net\\\/portal\\\/wp-content\\\/uploads\\\/2023\\\/07\\\/logo_ED.jpg\",\"contentUrl\":\"https:\\\/\\\/www.eldiario.net\\\/portal\\\/wp-content\\\/uploads\\\/2023\\\/07\\\/logo_ED.jpg\",\"width\":272,\"height\":52,\"caption\":\"El Diario - Decano de la prensa nacional\"},\"image\":{\"@id\":\"https:\\\/\\\/www.eldiario.net\\\/portal\\\/#\\\/schema\\\/logo\\\/image\\\/\"},\"sameAs\":[\"https:\\\/\\\/www.facebook.com\\\/eldiario.bolivia\\\/\",\"https:\\\/\\\/x.com\\\/eldiario_net\"]},{\"@type\":\"Person\",\"@id\":\"https:\\\/\\\/www.eldiario.net\\\/portal\\\/#\\\/schema\\\/person\\\/f46445640444750d7d753ccd04ae01b7\",\"name\":\"Jeanette\",\"image\":{\"@type\":\"ImageObject\",\"inLanguage\":\"es\",\"@id\":\"https:\\\/\\\/secure.gravatar.com\\\/avatar\\\/3ea2118a5f7dad2b7138b1187a6b7ee55f160b9968b66013c3a3ef39dd7e5798?s=96&d=mm&r=g\",\"url\":\"https:\\\/\\\/secure.gravatar.com\\\/avatar\\\/3ea2118a5f7dad2b7138b1187a6b7ee55f160b9968b66013c3a3ef39dd7e5798?s=96&d=mm&r=g\",\"contentUrl\":\"https:\\\/\\\/secure.gravatar.com\\\/avatar\\\/3ea2118a5f7dad2b7138b1187a6b7ee55f160b9968b66013c3a3ef39dd7e5798?s=96&d=mm&r=g\",\"caption\":\"Jeanette\"},\"sameAs\":[\"https:\\\/\\\/www.eldiario.net\\\/portal\"],\"url\":\"https:\\\/\\\/www.eldiario.net\\\/portal\\\/author\\\/jeanette\\\/\"}]}<\/script>\n<!-- \/ Yoast SEO plugin. -->","yoast_head_json":{"title":"Diputado Vega: BoA trabaja con sobras de otras aerol\u00edneas - El Diario - Bolivia","robots":{"index":"index","follow":"follow","max-snippet":"max-snippet:-1","max-image-preview":"max-image-preview:large","max-video-preview":"max-video-preview:-1"},"canonical":"https:\/\/www.eldiario.net\/portal\/2025\/02\/16\/diputado-vega-boa-trabaja-con-sobras-de-otras-aerolineas\/","og_locale":"es_ES","og_type":"article","og_title":"Diputado Vega: BoA trabaja con sobras de otras aerol\u00edneas - El Diario - Bolivia","og_description":"El diputado por Comunidad Ciudadana (CC), Adri\u00e1n Vega, cuestion\u00f3 que la estatal Boliviana de Aviaci\u00f3n (BoA) opere con naves descartadas por otras aerol\u00edneas, poniendo en riesgo la seguridad de los pasajeros. Expres\u00f3 sus cuestionamientos sobre la seguridad que pueda brindar la aerol\u00ednea \u201cbandera de los bolivianos\u201d, tomando en cuenta la antig\u00fcedad de las aeronaves y [&hellip;]","og_url":"https:\/\/www.eldiario.net\/portal\/2025\/02\/16\/diputado-vega-boa-trabaja-con-sobras-de-otras-aerolineas\/","og_site_name":"El Diario - Bolivia","article_publisher":"https:\/\/www.facebook.com\/eldiario.bolivia\/","article_published_time":"2025-02-16T10:19:17+00:00","og_image":[{"width":1280,"height":545,"url":"https:\/\/www.eldiario.net\/portal\/wp-content\/uploads\/2025\/02\/P-6-1.jpg","type":"image\/jpeg"}],"author":"Jeanette","twitter_card":"summary_large_image","twitter_creator":"@eldiario_net","twitter_site":"@eldiario_net","twitter_misc":{"Escrito por":"Jeanette","Tiempo de lectura":"1 minuto"},"schema":{"@context":"https:\/\/schema.org","@graph":[{"@type":"Article","@id":"https:\/\/www.eldiario.net\/portal\/2025\/02\/16\/diputado-vega-boa-trabaja-con-sobras-de-otras-aerolineas\/#article","isPartOf":{"@id":"https:\/\/www.eldiario.net\/portal\/2025\/02\/16\/diputado-vega-boa-trabaja-con-sobras-de-otras-aerolineas\/"},"author":{"name":"Jeanette","@id":"https:\/\/www.eldiario.net\/portal\/#\/schema\/person\/f46445640444750d7d753ccd04ae01b7"},"headline":"Diputado Vega: BoA trabaja con sobras de otras aerol\u00edneas","datePublished":"2025-02-16T10:19:17+00:00","mainEntityOfPage":{"@id":"https:\/\/www.eldiario.net\/portal\/2025\/02\/16\/diputado-vega-boa-trabaja-con-sobras-de-otras-aerolineas\/"},"wordCount":149,"publisher":{"@id":"https:\/\/www.eldiario.net\/portal\/#organization"},"image":{"@id":"https:\/\/www.eldiario.net\/portal\/2025\/02\/16\/diputado-vega-boa-trabaja-con-sobras-de-otras-aerolineas\/#primaryimage"},"thumbnailUrl":"https:\/\/www.eldiario.net\/portal\/wp-content\/uploads\/2025\/02\/P-6-1.jpg","articleSection":["Portada"],"inLanguage":"es"},{"@type":"WebPage","@id":"https:\/\/www.eldiario.net\/portal\/2025\/02\/16\/diputado-vega-boa-trabaja-con-sobras-de-otras-aerolineas\/","url":"https:\/\/www.eldiario.net\/portal\/2025\/02\/16\/diputado-vega-boa-trabaja-con-sobras-de-otras-aerolineas\/","name":"Diputado Vega: BoA trabaja con sobras de otras aerol\u00edneas - El Diario - Bolivia","isPartOf":{"@id":"https:\/\/www.eldiario.net\/portal\/#website"},"primaryImageOfPage":{"@id":"https:\/\/www.eldiario.net\/portal\/2025\/02\/16\/diputado-vega-boa-trabaja-con-sobras-de-otras-aerolineas\/#primaryimage"},"image":{"@id":"https:\/\/www.eldiario.net\/portal\/2025\/02\/16\/diputado-vega-boa-trabaja-con-sobras-de-otras-aerolineas\/#primaryimage"},"thumbnailUrl":"https:\/\/www.eldiario.net\/portal\/wp-content\/uploads\/2025\/02\/P-6-1.jpg","datePublished":"2025-02-16T10:19:17+00:00","breadcrumb":{"@id":"https:\/\/www.eldiario.net\/portal\/2025\/02\/16\/diputado-vega-boa-trabaja-con-sobras-de-otras-aerolineas\/#breadcrumb"},"inLanguage":"es","potentialAction":[{"@type":"ReadAction","target":["https:\/\/www.eldiario.net\/portal\/2025\/02\/16\/diputado-vega-boa-trabaja-con-sobras-de-otras-aerolineas\/"]}]},{"@type":"ImageObject","inLanguage":"es","@id":"https:\/\/www.eldiario.net\/portal\/2025\/02\/16\/diputado-vega-boa-trabaja-con-sobras-de-otras-aerolineas\/#primaryimage","url":"https:\/\/www.eldiario.net\/portal\/wp-content\/uploads\/2025\/02\/P-6-1.jpg","contentUrl":"https:\/\/www.eldiario.net\/portal\/wp-content\/uploads\/2025\/02\/P-6-1.jpg","width":1280,"height":545,"caption":"BoA ejerce el monopolio de la aviaci\u00f3n comercial en Bolivia."},{"@type":"BreadcrumbList","@id":"https:\/\/www.eldiario.net\/portal\/2025\/02\/16\/diputado-vega-boa-trabaja-con-sobras-de-otras-aerolineas\/#breadcrumb","itemListElement":[{"@type":"ListItem","position":1,"name":"Portada","item":"https:\/\/www.eldiario.net\/portal\/"},{"@type":"ListItem","position":2,"name":"Diputado Vega: BoA trabaja con sobras de otras aerol\u00edneas"}]},{"@type":"WebSite","@id":"https:\/\/www.eldiario.net\/portal\/#website","url":"https:\/\/www.eldiario.net\/portal\/","name":"El Diario - Decano de la prensa nacional","description":"El Diario - Decano de la prensa nacional","publisher":{"@id":"https:\/\/www.eldiario.net\/portal\/#organization"},"potentialAction":[{"@type":"SearchAction","target":{"@type":"EntryPoint","urlTemplate":"https:\/\/www.eldiario.net\/portal\/?s={search_term_string}"},"query-input":{"@type":"PropertyValueSpecification","valueRequired":true,"valueName":"search_term_string"}}],"inLanguage":"es"},{"@type":"Organization","@id":"https:\/\/www.eldiario.net\/portal\/#organization","name":"El Diario - Decano de la prensa nacional","url":"https:\/\/www.eldiario.net\/portal\/","logo":{"@type":"ImageObject","inLanguage":"es","@id":"https:\/\/www.eldiario.net\/portal\/#\/schema\/logo\/image\/","url":"https:\/\/www.eldiario.net\/portal\/wp-content\/uploads\/2023\/07\/logo_ED.jpg","contentUrl":"https:\/\/www.eldiario.net\/portal\/wp-content\/uploads\/2023\/07\/logo_ED.jpg","width":272,"height":52,"caption":"El Diario - Decano de la prensa nacional"},"image":{"@id":"https:\/\/www.eldiario.net\/portal\/#\/schema\/logo\/image\/"},"sameAs":["https:\/\/www.facebook.com\/eldiario.bolivia\/","https:\/\/x.com\/eldiario_net"]},{"@type":"Person","@id":"https:\/\/www.eldiario.net\/portal\/#\/schema\/person\/f46445640444750d7d753ccd04ae01b7","name":"Jeanette","image":{"@type":"ImageObject","inLanguage":"es","@id":"https:\/\/secure.gravatar.com\/avatar\/3ea2118a5f7dad2b7138b1187a6b7ee55f160b9968b66013c3a3ef39dd7e5798?s=96&d=mm&r=g","url":"https:\/\/secure.gravatar.com\/avatar\/3ea2118a5f7dad2b7138b1187a6b7ee55f160b9968b66013c3a3ef39dd7e5798?s=96&d=mm&r=g","contentUrl":"https:\/\/secure.gravatar.com\/avatar\/3ea2118a5f7dad2b7138b1187a6b7ee55f160b9968b66013c3a3ef39dd7e5798?s=96&d=mm&r=g","caption":"Jeanette"},"sameAs":["https:\/\/www.eldiario.net\/portal"],"url":"https:\/\/www.eldiario.net\/portal\/author\/jeanette\/"}]}},"_links":{"self":[{"href":"https:\/\/www.eldiario.net\/portal\/wp-json\/wp\/v2\/posts\/282094","targetHints":{"allow":["GET"]}}],"collection":[{"href":"https:\/\/www.eldiario.net\/portal\/wp-json\/wp\/v2\/posts"}],"about":[{"href":"https:\/\/www.eldiario.net\/portal\/wp-json\/wp\/v2\/types\/post"}],"author":[{"embeddable":true,"href":"https:\/\/www.eldiario.net\/portal\/wp-json\/wp\/v2\/users\/1"}],"replies":[{"embeddable":true,"href":"https:\/\/www.eldiario.net\/portal\/wp-json\/wp\/v2\/comments?post=282094"}],"version-history":[{"count":1,"href":"https:\/\/www.eldiario.net\/portal\/wp-json\/wp\/v2\/posts\/282094\/revisions"}],"predecessor-version":[{"id":282096,"href":"https:\/\/www.eldiario.net\/portal\/wp-json\/wp\/v2\/posts\/282094\/revisions\/282096"}],"wp:featuredmedia":[{"embeddable":true,"href":"https:\/\/www.eldiario.net\/portal\/wp-json\/wp\/v2\/media\/282095"}],"wp:attachment":[{"href":"https:\/\/www.eldiario.net\/portal\/wp-json\/wp\/v2\/media?parent=282094"}],"wp:term":[{"taxonomy":"category","embeddable":true,"href":"https:\/\/www.eldiario.net\/portal\/wp-json\/wp\/v2\/categories?post=282094"},{"taxonomy":"post_tag","embeddable":true,"href":"https:\/\/www.eldiario.net\/portal\/wp-json\/wp\/v2\/tags?post=282094"}],"curies":[{"name":"wp","href":"https:\/\/api.w.org\/{rel}","templated":true}]}}