{"id":282077,"date":"2025-02-15T05:58:12","date_gmt":"2025-02-15T09:58:12","guid":{"rendered":"https:\/\/www.eldiario.net\/portal\/?p=282077"},"modified":"2025-02-15T08:37:04","modified_gmt":"2025-02-15T12:37:04","slug":"mas-de-700-jovenes-impulsan-la-innovacion-en-bolivia-con-formacion-tecnologica-de-huawei","status":"publish","type":"post","link":"https:\/\/www.eldiario.net\/portal\/2025\/02\/15\/mas-de-700-jovenes-impulsan-la-innovacion-en-bolivia-con-formacion-tecnologica-de-huawei\/","title":{"rendered":"M\u00e1s de 700 j\u00f3venes impulsan la innovaci\u00f3n en Bolivia con formaci\u00f3n tecnol\u00f3gica de Huawei"},"content":{"rendered":"<p>Huawei Technologies, en alianza con Banco Uni\u00f3n y la Fundaci\u00f3n Emprender Futuro, fortalece su compromiso con el desarrollo tecnol\u00f3gico en Bolivia a trav\u00e9s del programa \u201cIncubaUni\u00f3n Tecnol\u00f3gico\u201d. Esta iniciativa ha logrado convocar a m\u00e1s de 6.000 postulantes, de los cuales 735 j\u00f3venes fueron admitidos para recibir formaci\u00f3n especializada en tecnolog\u00edas emergentes como Cloud Computing, Inteligencia Artificial (IA), %G, IoT y Digital Power.<\/p>\n<p>&nbsp;<\/p>\n<p>\u00abLa tecnolog\u00eda es la clave para el desarrollo sostenible, y en Huawei creemos que invertir en el talento joven es fundamental para el futuro del pa\u00eds. A trav\u00e9s de esta iniciativa, apoyamos a emprendedores en etapas iniciales, brind\u00e1ndoles recursos, mentor\u00eda y conexiones para desarrollar y escalar sus innovaciones. Nuestro objetivo es que los estudiantes conviertan sus ideas en soluciones tecnol\u00f3gicas con impacto real, abordando problem\u00e1ticas sociales, econ\u00f3micas y ambientales, porque creemos que el futuro radica ah\u00ed\u201d, afirm\u00f3 Cristhian Landivar, especialista de Relaciones P\u00fablicas y encargado de ecosistemas de Huawei Bolivia.<\/p>\n<p>&nbsp;<\/p>\n<p>La empresa ofreci\u00f3 el curso de manera virtual, con la participaci\u00f3n de tres expertos locales de Huawei Bolivia. Las capacitaciones fueron dise\u00f1adas para ayudar a los estudiantes a comprender c\u00f3mo la tecnolog\u00eda ha evolucionado a lo largo de las revoluciones industriales y a sopesar su impacto en la actualidad. \u00a0Durante las sesiones, se abordaron temas clave como: Cloud Computing, Inteligencia Artificial, 5G, IoT y Digital Power, proporcionando una visi\u00f3n integral sobre estas tecnolog\u00edas emergentes. \u00a0Tambi\u00e9n se discuti\u00f3 c\u00f3mo estas innovaciones est\u00e1n siendo implementadas en la industria y qu\u00e9 proyecciones tienen a futuro.<\/p>\n<p>&nbsp;<\/p>\n<p>&nbsp;<\/p>\n<p>El programa IncubaUni\u00f3n Tecnol\u00f3gico se desarrolla en tres etapas fundamentales:\u00a0 Capacitaci\u00f3n, donde Huawei proporcion\u00f3 formaci\u00f3n especializada a los participantes en tecnolog\u00eda; una fase de Bootcamp, en la que se seleccionaron las ideas m\u00e1s innovadoras y los equipos trabajar\u00e1n en prototipos funcionales con el apoyo de mentores. Finalmente, durante el Torneo Nacional se expondr\u00e1n las 10 mejores propuestas para que 5 de ellos puedan ganar Bs. 48.000 que deben ser utilizados para impulsar sus proyectos.<\/p>\n<p>&nbsp;<\/p>\n<p>La fase de capacitaci\u00f3n, liderada por Huawei, cont\u00f3 con la participaci\u00f3n de j\u00f3venes provenientes de los nueve departamentos de Bolivia, con La Paz, Cochabamba y Santa Cruz como las regiones con el mayor n\u00famero de inscritos. Del total de admitidos, 576 participantes completaron exitosamente la formaci\u00f3n, alcanzando un 78% de finalizaci\u00f3n, mientras que 395 ya han obtenido su certificaci\u00f3n (68.58%), con plazo hasta el 16 de febrero para el resto de los graduados. Adem\u00e1s, se destaca una significativa presencia femenina en tecnolog\u00eda, con el 30.34% de los participantes siendo mujeres y el 69.66% hombres, reflejando una creciente inclusi\u00f3n en el sector.<\/p>\n<p>&nbsp;<\/p>\n<p>Adem\u00e1s, los proyectos seleccionados no solo recibir\u00e1n financiamiento, sino que ser\u00e1n promovidos para su implementaci\u00f3n en el ecosistema tecnol\u00f3gico boliviano, ampliando su impacto a largo plazo.<\/p>\n<p>&nbsp;<\/p>\n<p>IncubaUni\u00f3n nace como un Proyecto de Responsabilidad Social de Banco Uni\u00f3n, \u201cQueremos brindar herramientas y oportunidades a diferentes sectores de la poblaci\u00f3n externa al Banco, sentimos mucho orgullo al ver la cantidad de participaci\u00f3n de los j\u00f3venes bolivianos tomando oportunidades que los ayudar\u00e1 a crecer en su vida personal y profesional, gracias a Huawei pudimos ver como el conocimiento tecnol\u00f3gico viene acompa\u00f1ada de crecimiento econ\u00f3mico\u201d coment\u00f3 Paola Flores Sald\u00edas Jefe Nacional de RSE de Banco Uni\u00f3n S.A.<\/p>\n<p>&nbsp;<\/p>\n<p>Con este respaldo Huawei reafirma su liderazgo en innovaci\u00f3n y educaci\u00f3n digital, consolid\u00e1ndose como un actor clave en la transformaci\u00f3n tecnol\u00f3gica del pa\u00eds. Gracias a iniciativas como IncubaUni\u00f3n Tecnol\u00f3gico, la empresa fortalece el ecosistema de emprendimiento, brindando a los j\u00f3venes las herramientas necesarias para liderar la revoluci\u00f3n digital.<\/p>\n<p>&nbsp;<\/p>\n<p>\u201cInvertir en educaci\u00f3n y tecnolog\u00eda es fundamental para construir una econom\u00eda digital sostenible. En Huawei estamos convencidos de que Bolivia tiene el talento para innovar y liderar el futuro tecnol\u00f3gico de la regi\u00f3n, y estamos comprometidos a apoyarlos en este desaf\u00edo\u201d, concluy\u00f3 Landivar.<\/p>\n<p>&nbsp;<\/p>\n<p>Con la participaci\u00f3n de m\u00e1s de 700 j\u00f3venes emprendedores y el respaldo de Huawei, Bolivia avanza hacia un futuro digital m\u00e1s inclusivo e innovador. \/\/\/<\/p>\n\r\n                <style type=\"text\/css\">\r\n                    \r\n                    #tdi_1  .td-doubleSlider-2 .td-item1 {\r\n                        background: url(https:\/\/www.eldiario.net\/portal\/wp-content\/uploads\/2025\/02\/WhatsApp-Image-2025-02-14-at-7.48.27-PM-80x60.jpeg) 0 0 no-repeat;\r\n                    }\r\n                    #tdi_1  .td-doubleSlider-2 .td-item2 {\r\n                        background: url(https:\/\/www.eldiario.net\/portal\/wp-content\/uploads\/2025\/02\/WhatsApp-Image-2025-02-14-at-7.48.26-PM-1-80x60.jpeg) 0 0 no-repeat;\r\n                    }\r\n                    #tdi_1  .td-doubleSlider-2 .td-item3 {\r\n                        background: url(https:\/\/www.eldiario.net\/portal\/wp-content\/uploads\/2025\/02\/WhatsApp-Image-2025-02-14-at-7.48.26-PM-80x60.jpeg) 0 0 no-repeat;\r\n                    }\r\n                <\/style>\r\n\r\n                <div id=\"tdi_1\" class=\"td-gallery td-slide-on-2-columns\">\r\n                    <div class=\"post_td_gallery\">\r\n                        <div class=\"td-gallery-slide-top\">\r\n                           <div class=\"td-gallery-title\"><\/div>\r\n\r\n                            <div class=\"td-gallery-controls-wrapper\">\r\n                                <div class=\"td-gallery-slide-count\"><span class=\"td-gallery-slide-item-focus\">1<\/span> de 3<\/div>\r\n                                <div class=\"td-gallery-slide-prev-next-but\">\r\n                                    <i class = \"td-icon-left doubleSliderPrevButton\"><\/i>\r\n                                    <i class = \"td-icon-right doubleSliderNextButton\"><\/i>\r\n                                <\/div>\r\n                            <\/div>\r\n                        <\/div>\r\n\r\n                        <div class = \"td-doubleSlider-1 \">\r\n                            <div class = \"td-slider\">\r\n                                \r\n                    <div class = \"td-slide-item td-item1\">\r\n                        <figure class=\"td-slide-galery-figure td-slide-popup-gallery\">\r\n                            <a class=\"slide-gallery-image-link\" href=\"https:\/\/www.eldiario.net\/portal\/wp-content\/uploads\/2025\/02\/WhatsApp-Image-2025-02-14-at-7.48.27-PM.jpeg\" title=\"WhatsApp Image 2025-02-14 at 7.48.27 PM\"  data-caption=\"\"  data-description=\"\">\r\n                                <img decoding=\"async\" src=\"https:\/\/www.eldiario.net\/portal\/wp-content\/uploads\/2025\/02\/WhatsApp-Image-2025-02-14-at-7.48.27-PM-756x420.jpeg\" srcset=\"https:\/\/www.eldiario.net\/portal\/wp-content\/uploads\/2025\/02\/WhatsApp-Image-2025-02-14-at-7.48.27-PM-756x420.jpeg 756w, https:\/\/www.eldiario.net\/portal\/wp-content\/uploads\/2025\/02\/WhatsApp-Image-2025-02-14-at-7.48.27-PM-300x167.jpeg 300w, https:\/\/www.eldiario.net\/portal\/wp-content\/uploads\/2025\/02\/WhatsApp-Image-2025-02-14-at-7.48.27-PM-768x426.jpeg 768w, https:\/\/www.eldiario.net\/portal\/wp-content\/uploads\/2025\/02\/WhatsApp-Image-2025-02-14-at-7.48.27-PM-696x386.jpeg 696w, https:\/\/www.eldiario.net\/portal\/wp-content\/uploads\/2025\/02\/WhatsApp-Image-2025-02-14-at-7.48.27-PM.jpeg 904w\" sizes=\"(max-width: 756px) 100vw, 756px\" alt=\"\">\r\n                            <\/a>\r\n                            \r\n                        <\/figure>\r\n                    <\/div>\r\n                    <div class = \"td-slide-item td-item2\">\r\n                        <figure class=\"td-slide-galery-figure td-slide-popup-gallery\">\r\n                            <a class=\"slide-gallery-image-link\" href=\"https:\/\/www.eldiario.net\/portal\/wp-content\/uploads\/2025\/02\/WhatsApp-Image-2025-02-14-at-7.48.26-PM-1.jpeg\" title=\"WhatsApp Image 2025-02-14 at 7.48.26 PM (1)\"  data-caption=\"\"  data-description=\"\">\r\n                                <img decoding=\"async\" src=\"https:\/\/www.eldiario.net\/portal\/wp-content\/uploads\/2025\/02\/WhatsApp-Image-2025-02-14-at-7.48.26-PM-1-747x420.jpeg\" srcset=\"https:\/\/www.eldiario.net\/portal\/wp-content\/uploads\/2025\/02\/WhatsApp-Image-2025-02-14-at-7.48.26-PM-1-747x420.jpeg 747w, https:\/\/www.eldiario.net\/portal\/wp-content\/uploads\/2025\/02\/WhatsApp-Image-2025-02-14-at-7.48.26-PM-1-300x169.jpeg 300w, https:\/\/www.eldiario.net\/portal\/wp-content\/uploads\/2025\/02\/WhatsApp-Image-2025-02-14-at-7.48.26-PM-1-1024x575.jpeg 1024w, https:\/\/www.eldiario.net\/portal\/wp-content\/uploads\/2025\/02\/WhatsApp-Image-2025-02-14-at-7.48.26-PM-1-768x432.jpeg 768w, https:\/\/www.eldiario.net\/portal\/wp-content\/uploads\/2025\/02\/WhatsApp-Image-2025-02-14-at-7.48.26-PM-1-1536x863.jpeg 1536w, https:\/\/www.eldiario.net\/portal\/wp-content\/uploads\/2025\/02\/WhatsApp-Image-2025-02-14-at-7.48.26-PM-1-696x391.jpeg 696w, https:\/\/www.eldiario.net\/portal\/wp-content\/uploads\/2025\/02\/WhatsApp-Image-2025-02-14-at-7.48.26-PM-1-1068x600.jpeg 1068w, https:\/\/www.eldiario.net\/portal\/wp-content\/uploads\/2025\/02\/WhatsApp-Image-2025-02-14-at-7.48.26-PM-1.jpeg 1600w\" sizes=\"(max-width: 747px) 100vw, 747px\" alt=\"\">\r\n                            <\/a>\r\n                            \r\n                        <\/figure>\r\n                    <\/div>\r\n                    <div class = \"td-slide-item td-item3\">\r\n                        <figure class=\"td-slide-galery-figure td-slide-popup-gallery\">\r\n                            <a class=\"slide-gallery-image-link\" href=\"https:\/\/www.eldiario.net\/portal\/wp-content\/uploads\/2025\/02\/WhatsApp-Image-2025-02-14-at-7.48.26-PM.jpeg\" title=\"WhatsApp Image 2025-02-14 at 7.48.26 PM\"  data-caption=\"\"  data-description=\"\">\r\n                                <img decoding=\"async\" src=\"https:\/\/www.eldiario.net\/portal\/wp-content\/uploads\/2025\/02\/WhatsApp-Image-2025-02-14-at-7.48.26-PM-732x420.jpeg\" srcset=\"https:\/\/www.eldiario.net\/portal\/wp-content\/uploads\/2025\/02\/WhatsApp-Image-2025-02-14-at-7.48.26-PM-732x420.jpeg 732w, https:\/\/www.eldiario.net\/portal\/wp-content\/uploads\/2025\/02\/WhatsApp-Image-2025-02-14-at-7.48.26-PM-300x172.jpeg 300w, https:\/\/www.eldiario.net\/portal\/wp-content\/uploads\/2025\/02\/WhatsApp-Image-2025-02-14-at-7.48.26-PM-1024x588.jpeg 1024w, https:\/\/www.eldiario.net\/portal\/wp-content\/uploads\/2025\/02\/WhatsApp-Image-2025-02-14-at-7.48.26-PM-768x441.jpeg 768w, https:\/\/www.eldiario.net\/portal\/wp-content\/uploads\/2025\/02\/WhatsApp-Image-2025-02-14-at-7.48.26-PM-1536x881.jpeg 1536w, https:\/\/www.eldiario.net\/portal\/wp-content\/uploads\/2025\/02\/WhatsApp-Image-2025-02-14-at-7.48.26-PM-696x399.jpeg 696w, https:\/\/www.eldiario.net\/portal\/wp-content\/uploads\/2025\/02\/WhatsApp-Image-2025-02-14-at-7.48.26-PM-1068x613.jpeg 1068w, https:\/\/www.eldiario.net\/portal\/wp-content\/uploads\/2025\/02\/WhatsApp-Image-2025-02-14-at-7.48.26-PM.jpeg 1600w\" sizes=\"(max-width: 732px) 100vw, 732px\" alt=\"\">\r\n                            <\/a>\r\n                            \r\n                        <\/figure>\r\n                    <\/div>\r\n                            <\/div>\r\n                        <\/div>\r\n\r\n                        <div class = \"td-doubleSlider-2\">\r\n                            <div class = \"td-slider\">\r\n                                \r\n                    <div class = \"td-button td-item1\">\r\n                        <div class = \"td-border\"><\/div>\r\n                    <\/div>\r\n                    <div class = \"td-button td-item2\">\r\n                        <div class = \"td-border\"><\/div>\r\n                    <\/div>\r\n                    <div class = \"td-button td-item3\">\r\n                        <div class = \"td-border\"><\/div>\r\n                    <\/div>\r\n                            <\/div>\r\n                        <\/div>\r\n\r\n                    <\/div>\r\n\r\n                <\/div>\r\n                \n","protected":false},"excerpt":{"rendered":"<p>Huawei Technologies, en alianza con Banco Uni\u00f3n y la Fundaci\u00f3n Emprender Futuro, fortalece su compromiso con el desarrollo tecnol\u00f3gico en Bolivia a trav\u00e9s del programa \u201cIncubaUni\u00f3n Tecnol\u00f3gico\u201d. Esta iniciativa ha logrado convocar a m\u00e1s de 6.000 postulantes, de los cuales 735 j\u00f3venes fueron admitidos para recibir formaci\u00f3n especializada en tecnolog\u00edas emergentes como Cloud Computing, Inteligencia [&hellip;]<\/p>\n","protected":false},"author":1,"featured_media":282078,"comment_status":"closed","ping_status":"open","sticky":false,"template":"","format":"standard","meta":{"_acf_changed":false,"footnotes":""},"categories":[15],"tags":[],"class_list":["post-282077","post","type-post","status-publish","format-standard","has-post-thumbnail","category-portada"],"acf":{"antetitulo":""},"yoast_head":"<!-- This site is optimized with the Yoast SEO plugin v28.3 - https:\/\/yoast.com\/product\/yoast-seo-wordpress\/ -->\n<title>M\u00e1s de 700 j\u00f3venes impulsan la innovaci\u00f3n en Bolivia con formaci\u00f3n tecnol\u00f3gica de Huawei - El Diario - Bolivia<\/title>\n<meta name=\"robots\" content=\"index, follow, max-snippet:-1, max-image-preview:large, max-video-preview:-1\" \/>\n<link rel=\"canonical\" href=\"https:\/\/www.eldiario.net\/portal\/2025\/02\/15\/mas-de-700-jovenes-impulsan-la-innovacion-en-bolivia-con-formacion-tecnologica-de-huawei\/\" \/>\n<meta property=\"og:locale\" content=\"es_ES\" \/>\n<meta property=\"og:type\" content=\"article\" \/>\n<meta property=\"og:title\" content=\"M\u00e1s de 700 j\u00f3venes impulsan la innovaci\u00f3n en Bolivia con formaci\u00f3n tecnol\u00f3gica de Huawei - El Diario - Bolivia\" \/>\n<meta property=\"og:description\" content=\"Huawei Technologies, en alianza con Banco Uni\u00f3n y la Fundaci\u00f3n Emprender Futuro, fortalece su compromiso con el desarrollo tecnol\u00f3gico en Bolivia a trav\u00e9s del programa \u201cIncubaUni\u00f3n Tecnol\u00f3gico\u201d. Esta iniciativa ha logrado convocar a m\u00e1s de 6.000 postulantes, de los cuales 735 j\u00f3venes fueron admitidos para recibir formaci\u00f3n especializada en tecnolog\u00edas emergentes como Cloud Computing, Inteligencia [&hellip;]\" \/>\n<meta property=\"og:url\" content=\"https:\/\/www.eldiario.net\/portal\/2025\/02\/15\/mas-de-700-jovenes-impulsan-la-innovacion-en-bolivia-con-formacion-tecnologica-de-huawei\/\" \/>\n<meta property=\"og:site_name\" content=\"El Diario - Bolivia\" \/>\n<meta property=\"article:publisher\" content=\"https:\/\/www.facebook.com\/eldiario.bolivia\/\" \/>\n<meta property=\"article:published_time\" content=\"2025-02-15T09:58:12+00:00\" \/>\n<meta property=\"article:modified_time\" content=\"2025-02-15T12:37:04+00:00\" \/>\n<meta property=\"og:image\" content=\"https:\/\/www.eldiario.net\/portal\/wp-content\/uploads\/2025\/02\/WhatsApp-Image-2025-02-14-at-7.48.27-PM.jpeg\" \/>\n\t<meta property=\"og:image:width\" content=\"904\" \/>\n\t<meta property=\"og:image:height\" content=\"502\" \/>\n\t<meta property=\"og:image:type\" content=\"image\/jpeg\" \/>\n<meta name=\"author\" content=\"Jeanette\" \/>\n<meta name=\"twitter:card\" content=\"summary_large_image\" \/>\n<meta name=\"twitter:creator\" content=\"@eldiario_net\" \/>\n<meta name=\"twitter:site\" content=\"@eldiario_net\" \/>\n<meta name=\"twitter:label1\" content=\"Escrito por\" \/>\n\t<meta name=\"twitter:data1\" content=\"Jeanette\" \/>\n\t<meta name=\"twitter:label2\" content=\"Tiempo de lectura\" \/>\n\t<meta name=\"twitter:data2\" content=\"4 minutos\" \/>\n<script type=\"application\/ld+json\" class=\"yoast-schema-graph\">{\"@context\":\"https:\\\/\\\/schema.org\",\"@graph\":[{\"@type\":\"Article\",\"@id\":\"https:\\\/\\\/www.eldiario.net\\\/portal\\\/2025\\\/02\\\/15\\\/mas-de-700-jovenes-impulsan-la-innovacion-en-bolivia-con-formacion-tecnologica-de-huawei\\\/#article\",\"isPartOf\":{\"@id\":\"https:\\\/\\\/www.eldiario.net\\\/portal\\\/2025\\\/02\\\/15\\\/mas-de-700-jovenes-impulsan-la-innovacion-en-bolivia-con-formacion-tecnologica-de-huawei\\\/\"},\"author\":{\"name\":\"Jeanette\",\"@id\":\"https:\\\/\\\/www.eldiario.net\\\/portal\\\/#\\\/schema\\\/person\\\/f46445640444750d7d753ccd04ae01b7\"},\"headline\":\"M\u00e1s de 700 j\u00f3venes impulsan la innovaci\u00f3n en Bolivia con formaci\u00f3n tecnol\u00f3gica de Huawei\",\"datePublished\":\"2025-02-15T09:58:12+00:00\",\"dateModified\":\"2025-02-15T12:37:04+00:00\",\"mainEntityOfPage\":{\"@id\":\"https:\\\/\\\/www.eldiario.net\\\/portal\\\/2025\\\/02\\\/15\\\/mas-de-700-jovenes-impulsan-la-innovacion-en-bolivia-con-formacion-tecnologica-de-huawei\\\/\"},\"wordCount\":743,\"publisher\":{\"@id\":\"https:\\\/\\\/www.eldiario.net\\\/portal\\\/#organization\"},\"image\":{\"@id\":\"https:\\\/\\\/www.eldiario.net\\\/portal\\\/2025\\\/02\\\/15\\\/mas-de-700-jovenes-impulsan-la-innovacion-en-bolivia-con-formacion-tecnologica-de-huawei\\\/#primaryimage\"},\"thumbnailUrl\":\"https:\\\/\\\/www.eldiario.net\\\/portal\\\/wp-content\\\/uploads\\\/2025\\\/02\\\/WhatsApp-Image-2025-02-14-at-7.48.27-PM.jpeg\",\"articleSection\":[\"Portada\"],\"inLanguage\":\"es\"},{\"@type\":\"WebPage\",\"@id\":\"https:\\\/\\\/www.eldiario.net\\\/portal\\\/2025\\\/02\\\/15\\\/mas-de-700-jovenes-impulsan-la-innovacion-en-bolivia-con-formacion-tecnologica-de-huawei\\\/\",\"url\":\"https:\\\/\\\/www.eldiario.net\\\/portal\\\/2025\\\/02\\\/15\\\/mas-de-700-jovenes-impulsan-la-innovacion-en-bolivia-con-formacion-tecnologica-de-huawei\\\/\",\"name\":\"M\u00e1s de 700 j\u00f3venes impulsan la innovaci\u00f3n en Bolivia con formaci\u00f3n tecnol\u00f3gica de Huawei - El Diario - Bolivia\",\"isPartOf\":{\"@id\":\"https:\\\/\\\/www.eldiario.net\\\/portal\\\/#website\"},\"primaryImageOfPage\":{\"@id\":\"https:\\\/\\\/www.eldiario.net\\\/portal\\\/2025\\\/02\\\/15\\\/mas-de-700-jovenes-impulsan-la-innovacion-en-bolivia-con-formacion-tecnologica-de-huawei\\\/#primaryimage\"},\"image\":{\"@id\":\"https:\\\/\\\/www.eldiario.net\\\/portal\\\/2025\\\/02\\\/15\\\/mas-de-700-jovenes-impulsan-la-innovacion-en-bolivia-con-formacion-tecnologica-de-huawei\\\/#primaryimage\"},\"thumbnailUrl\":\"https:\\\/\\\/www.eldiario.net\\\/portal\\\/wp-content\\\/uploads\\\/2025\\\/02\\\/WhatsApp-Image-2025-02-14-at-7.48.27-PM.jpeg\",\"datePublished\":\"2025-02-15T09:58:12+00:00\",\"dateModified\":\"2025-02-15T12:37:04+00:00\",\"breadcrumb\":{\"@id\":\"https:\\\/\\\/www.eldiario.net\\\/portal\\\/2025\\\/02\\\/15\\\/mas-de-700-jovenes-impulsan-la-innovacion-en-bolivia-con-formacion-tecnologica-de-huawei\\\/#breadcrumb\"},\"inLanguage\":\"es\",\"potentialAction\":[{\"@type\":\"ReadAction\",\"target\":[\"https:\\\/\\\/www.eldiario.net\\\/portal\\\/2025\\\/02\\\/15\\\/mas-de-700-jovenes-impulsan-la-innovacion-en-bolivia-con-formacion-tecnologica-de-huawei\\\/\"]}]},{\"@type\":\"ImageObject\",\"inLanguage\":\"es\",\"@id\":\"https:\\\/\\\/www.eldiario.net\\\/portal\\\/2025\\\/02\\\/15\\\/mas-de-700-jovenes-impulsan-la-innovacion-en-bolivia-con-formacion-tecnologica-de-huawei\\\/#primaryimage\",\"url\":\"https:\\\/\\\/www.eldiario.net\\\/portal\\\/wp-content\\\/uploads\\\/2025\\\/02\\\/WhatsApp-Image-2025-02-14-at-7.48.27-PM.jpeg\",\"contentUrl\":\"https:\\\/\\\/www.eldiario.net\\\/portal\\\/wp-content\\\/uploads\\\/2025\\\/02\\\/WhatsApp-Image-2025-02-14-at-7.48.27-PM.jpeg\",\"width\":904,\"height\":502},{\"@type\":\"BreadcrumbList\",\"@id\":\"https:\\\/\\\/www.eldiario.net\\\/portal\\\/2025\\\/02\\\/15\\\/mas-de-700-jovenes-impulsan-la-innovacion-en-bolivia-con-formacion-tecnologica-de-huawei\\\/#breadcrumb\",\"itemListElement\":[{\"@type\":\"ListItem\",\"position\":1,\"name\":\"Portada\",\"item\":\"https:\\\/\\\/www.eldiario.net\\\/portal\\\/\"},{\"@type\":\"ListItem\",\"position\":2,\"name\":\"M\u00e1s de 700 j\u00f3venes impulsan la innovaci\u00f3n en Bolivia con formaci\u00f3n tecnol\u00f3gica de Huawei\"}]},{\"@type\":\"WebSite\",\"@id\":\"https:\\\/\\\/www.eldiario.net\\\/portal\\\/#website\",\"url\":\"https:\\\/\\\/www.eldiario.net\\\/portal\\\/\",\"name\":\"El Diario - Decano de la prensa nacional\",\"description\":\"El Diario - Decano de la prensa nacional\",\"publisher\":{\"@id\":\"https:\\\/\\\/www.eldiario.net\\\/portal\\\/#organization\"},\"potentialAction\":[{\"@type\":\"SearchAction\",\"target\":{\"@type\":\"EntryPoint\",\"urlTemplate\":\"https:\\\/\\\/www.eldiario.net\\\/portal\\\/?s={search_term_string}\"},\"query-input\":{\"@type\":\"PropertyValueSpecification\",\"valueRequired\":true,\"valueName\":\"search_term_string\"}}],\"inLanguage\":\"es\"},{\"@type\":\"Organization\",\"@id\":\"https:\\\/\\\/www.eldiario.net\\\/portal\\\/#organization\",\"name\":\"El Diario - Decano de la prensa nacional\",\"url\":\"https:\\\/\\\/www.eldiario.net\\\/portal\\\/\",\"logo\":{\"@type\":\"ImageObject\",\"inLanguage\":\"es\",\"@id\":\"https:\\\/\\\/www.eldiario.net\\\/portal\\\/#\\\/schema\\\/logo\\\/image\\\/\",\"url\":\"https:\\\/\\\/www.eldiario.net\\\/portal\\\/wp-content\\\/uploads\\\/2023\\\/07\\\/logo_ED.jpg\",\"contentUrl\":\"https:\\\/\\\/www.eldiario.net\\\/portal\\\/wp-content\\\/uploads\\\/2023\\\/07\\\/logo_ED.jpg\",\"width\":272,\"height\":52,\"caption\":\"El Diario - Decano de la prensa nacional\"},\"image\":{\"@id\":\"https:\\\/\\\/www.eldiario.net\\\/portal\\\/#\\\/schema\\\/logo\\\/image\\\/\"},\"sameAs\":[\"https:\\\/\\\/www.facebook.com\\\/eldiario.bolivia\\\/\",\"https:\\\/\\\/x.com\\\/eldiario_net\"]},{\"@type\":\"Person\",\"@id\":\"https:\\\/\\\/www.eldiario.net\\\/portal\\\/#\\\/schema\\\/person\\\/f46445640444750d7d753ccd04ae01b7\",\"name\":\"Jeanette\",\"image\":{\"@type\":\"ImageObject\",\"inLanguage\":\"es\",\"@id\":\"https:\\\/\\\/secure.gravatar.com\\\/avatar\\\/3ea2118a5f7dad2b7138b1187a6b7ee55f160b9968b66013c3a3ef39dd7e5798?s=96&d=mm&r=g\",\"url\":\"https:\\\/\\\/secure.gravatar.com\\\/avatar\\\/3ea2118a5f7dad2b7138b1187a6b7ee55f160b9968b66013c3a3ef39dd7e5798?s=96&d=mm&r=g\",\"contentUrl\":\"https:\\\/\\\/secure.gravatar.com\\\/avatar\\\/3ea2118a5f7dad2b7138b1187a6b7ee55f160b9968b66013c3a3ef39dd7e5798?s=96&d=mm&r=g\",\"caption\":\"Jeanette\"},\"sameAs\":[\"https:\\\/\\\/www.eldiario.net\\\/portal\"],\"url\":\"https:\\\/\\\/www.eldiario.net\\\/portal\\\/author\\\/jeanette\\\/\"}]}<\/script>\n<!-- \/ Yoast SEO plugin. -->","yoast_head_json":{"title":"M\u00e1s de 700 j\u00f3venes impulsan la innovaci\u00f3n en Bolivia con formaci\u00f3n tecnol\u00f3gica de Huawei - El Diario - Bolivia","robots":{"index":"index","follow":"follow","max-snippet":"max-snippet:-1","max-image-preview":"max-image-preview:large","max-video-preview":"max-video-preview:-1"},"canonical":"https:\/\/www.eldiario.net\/portal\/2025\/02\/15\/mas-de-700-jovenes-impulsan-la-innovacion-en-bolivia-con-formacion-tecnologica-de-huawei\/","og_locale":"es_ES","og_type":"article","og_title":"M\u00e1s de 700 j\u00f3venes impulsan la innovaci\u00f3n en Bolivia con formaci\u00f3n tecnol\u00f3gica de Huawei - El Diario - Bolivia","og_description":"Huawei Technologies, en alianza con Banco Uni\u00f3n y la Fundaci\u00f3n Emprender Futuro, fortalece su compromiso con el desarrollo tecnol\u00f3gico en Bolivia a trav\u00e9s del programa \u201cIncubaUni\u00f3n Tecnol\u00f3gico\u201d. Esta iniciativa ha logrado convocar a m\u00e1s de 6.000 postulantes, de los cuales 735 j\u00f3venes fueron admitidos para recibir formaci\u00f3n especializada en tecnolog\u00edas emergentes como Cloud Computing, Inteligencia [&hellip;]","og_url":"https:\/\/www.eldiario.net\/portal\/2025\/02\/15\/mas-de-700-jovenes-impulsan-la-innovacion-en-bolivia-con-formacion-tecnologica-de-huawei\/","og_site_name":"El Diario - Bolivia","article_publisher":"https:\/\/www.facebook.com\/eldiario.bolivia\/","article_published_time":"2025-02-15T09:58:12+00:00","article_modified_time":"2025-02-15T12:37:04+00:00","og_image":[{"width":904,"height":502,"url":"https:\/\/www.eldiario.net\/portal\/wp-content\/uploads\/2025\/02\/WhatsApp-Image-2025-02-14-at-7.48.27-PM.jpeg","type":"image\/jpeg"}],"author":"Jeanette","twitter_card":"summary_large_image","twitter_creator":"@eldiario_net","twitter_site":"@eldiario_net","twitter_misc":{"Escrito por":"Jeanette","Tiempo de lectura":"4 minutos"},"schema":{"@context":"https:\/\/schema.org","@graph":[{"@type":"Article","@id":"https:\/\/www.eldiario.net\/portal\/2025\/02\/15\/mas-de-700-jovenes-impulsan-la-innovacion-en-bolivia-con-formacion-tecnologica-de-huawei\/#article","isPartOf":{"@id":"https:\/\/www.eldiario.net\/portal\/2025\/02\/15\/mas-de-700-jovenes-impulsan-la-innovacion-en-bolivia-con-formacion-tecnologica-de-huawei\/"},"author":{"name":"Jeanette","@id":"https:\/\/www.eldiario.net\/portal\/#\/schema\/person\/f46445640444750d7d753ccd04ae01b7"},"headline":"M\u00e1s de 700 j\u00f3venes impulsan la innovaci\u00f3n en Bolivia con formaci\u00f3n tecnol\u00f3gica de Huawei","datePublished":"2025-02-15T09:58:12+00:00","dateModified":"2025-02-15T12:37:04+00:00","mainEntityOfPage":{"@id":"https:\/\/www.eldiario.net\/portal\/2025\/02\/15\/mas-de-700-jovenes-impulsan-la-innovacion-en-bolivia-con-formacion-tecnologica-de-huawei\/"},"wordCount":743,"publisher":{"@id":"https:\/\/www.eldiario.net\/portal\/#organization"},"image":{"@id":"https:\/\/www.eldiario.net\/portal\/2025\/02\/15\/mas-de-700-jovenes-impulsan-la-innovacion-en-bolivia-con-formacion-tecnologica-de-huawei\/#primaryimage"},"thumbnailUrl":"https:\/\/www.eldiario.net\/portal\/wp-content\/uploads\/2025\/02\/WhatsApp-Image-2025-02-14-at-7.48.27-PM.jpeg","articleSection":["Portada"],"inLanguage":"es"},{"@type":"WebPage","@id":"https:\/\/www.eldiario.net\/portal\/2025\/02\/15\/mas-de-700-jovenes-impulsan-la-innovacion-en-bolivia-con-formacion-tecnologica-de-huawei\/","url":"https:\/\/www.eldiario.net\/portal\/2025\/02\/15\/mas-de-700-jovenes-impulsan-la-innovacion-en-bolivia-con-formacion-tecnologica-de-huawei\/","name":"M\u00e1s de 700 j\u00f3venes impulsan la innovaci\u00f3n en Bolivia con formaci\u00f3n tecnol\u00f3gica de Huawei - El Diario - Bolivia","isPartOf":{"@id":"https:\/\/www.eldiario.net\/portal\/#website"},"primaryImageOfPage":{"@id":"https:\/\/www.eldiario.net\/portal\/2025\/02\/15\/mas-de-700-jovenes-impulsan-la-innovacion-en-bolivia-con-formacion-tecnologica-de-huawei\/#primaryimage"},"image":{"@id":"https:\/\/www.eldiario.net\/portal\/2025\/02\/15\/mas-de-700-jovenes-impulsan-la-innovacion-en-bolivia-con-formacion-tecnologica-de-huawei\/#primaryimage"},"thumbnailUrl":"https:\/\/www.eldiario.net\/portal\/wp-content\/uploads\/2025\/02\/WhatsApp-Image-2025-02-14-at-7.48.27-PM.jpeg","datePublished":"2025-02-15T09:58:12+00:00","dateModified":"2025-02-15T12:37:04+00:00","breadcrumb":{"@id":"https:\/\/www.eldiario.net\/portal\/2025\/02\/15\/mas-de-700-jovenes-impulsan-la-innovacion-en-bolivia-con-formacion-tecnologica-de-huawei\/#breadcrumb"},"inLanguage":"es","potentialAction":[{"@type":"ReadAction","target":["https:\/\/www.eldiario.net\/portal\/2025\/02\/15\/mas-de-700-jovenes-impulsan-la-innovacion-en-bolivia-con-formacion-tecnologica-de-huawei\/"]}]},{"@type":"ImageObject","inLanguage":"es","@id":"https:\/\/www.eldiario.net\/portal\/2025\/02\/15\/mas-de-700-jovenes-impulsan-la-innovacion-en-bolivia-con-formacion-tecnologica-de-huawei\/#primaryimage","url":"https:\/\/www.eldiario.net\/portal\/wp-content\/uploads\/2025\/02\/WhatsApp-Image-2025-02-14-at-7.48.27-PM.jpeg","contentUrl":"https:\/\/www.eldiario.net\/portal\/wp-content\/uploads\/2025\/02\/WhatsApp-Image-2025-02-14-at-7.48.27-PM.jpeg","width":904,"height":502},{"@type":"BreadcrumbList","@id":"https:\/\/www.eldiario.net\/portal\/2025\/02\/15\/mas-de-700-jovenes-impulsan-la-innovacion-en-bolivia-con-formacion-tecnologica-de-huawei\/#breadcrumb","itemListElement":[{"@type":"ListItem","position":1,"name":"Portada","item":"https:\/\/www.eldiario.net\/portal\/"},{"@type":"ListItem","position":2,"name":"M\u00e1s de 700 j\u00f3venes impulsan la innovaci\u00f3n en Bolivia con formaci\u00f3n tecnol\u00f3gica de Huawei"}]},{"@type":"WebSite","@id":"https:\/\/www.eldiario.net\/portal\/#website","url":"https:\/\/www.eldiario.net\/portal\/","name":"El Diario - Decano de la prensa nacional","description":"El Diario - Decano de la prensa nacional","publisher":{"@id":"https:\/\/www.eldiario.net\/portal\/#organization"},"potentialAction":[{"@type":"SearchAction","target":{"@type":"EntryPoint","urlTemplate":"https:\/\/www.eldiario.net\/portal\/?s={search_term_string}"},"query-input":{"@type":"PropertyValueSpecification","valueRequired":true,"valueName":"search_term_string"}}],"inLanguage":"es"},{"@type":"Organization","@id":"https:\/\/www.eldiario.net\/portal\/#organization","name":"El Diario - Decano de la prensa nacional","url":"https:\/\/www.eldiario.net\/portal\/","logo":{"@type":"ImageObject","inLanguage":"es","@id":"https:\/\/www.eldiario.net\/portal\/#\/schema\/logo\/image\/","url":"https:\/\/www.eldiario.net\/portal\/wp-content\/uploads\/2023\/07\/logo_ED.jpg","contentUrl":"https:\/\/www.eldiario.net\/portal\/wp-content\/uploads\/2023\/07\/logo_ED.jpg","width":272,"height":52,"caption":"El Diario - Decano de la prensa nacional"},"image":{"@id":"https:\/\/www.eldiario.net\/portal\/#\/schema\/logo\/image\/"},"sameAs":["https:\/\/www.facebook.com\/eldiario.bolivia\/","https:\/\/x.com\/eldiario_net"]},{"@type":"Person","@id":"https:\/\/www.eldiario.net\/portal\/#\/schema\/person\/f46445640444750d7d753ccd04ae01b7","name":"Jeanette","image":{"@type":"ImageObject","inLanguage":"es","@id":"https:\/\/secure.gravatar.com\/avatar\/3ea2118a5f7dad2b7138b1187a6b7ee55f160b9968b66013c3a3ef39dd7e5798?s=96&d=mm&r=g","url":"https:\/\/secure.gravatar.com\/avatar\/3ea2118a5f7dad2b7138b1187a6b7ee55f160b9968b66013c3a3ef39dd7e5798?s=96&d=mm&r=g","contentUrl":"https:\/\/secure.gravatar.com\/avatar\/3ea2118a5f7dad2b7138b1187a6b7ee55f160b9968b66013c3a3ef39dd7e5798?s=96&d=mm&r=g","caption":"Jeanette"},"sameAs":["https:\/\/www.eldiario.net\/portal"],"url":"https:\/\/www.eldiario.net\/portal\/author\/jeanette\/"}]}},"_links":{"self":[{"href":"https:\/\/www.eldiario.net\/portal\/wp-json\/wp\/v2\/posts\/282077","targetHints":{"allow":["GET"]}}],"collection":[{"href":"https:\/\/www.eldiario.net\/portal\/wp-json\/wp\/v2\/posts"}],"about":[{"href":"https:\/\/www.eldiario.net\/portal\/wp-json\/wp\/v2\/types\/post"}],"author":[{"embeddable":true,"href":"https:\/\/www.eldiario.net\/portal\/wp-json\/wp\/v2\/users\/1"}],"replies":[{"embeddable":true,"href":"https:\/\/www.eldiario.net\/portal\/wp-json\/wp\/v2\/comments?post=282077"}],"version-history":[{"count":1,"href":"https:\/\/www.eldiario.net\/portal\/wp-json\/wp\/v2\/posts\/282077\/revisions"}],"predecessor-version":[{"id":282081,"href":"https:\/\/www.eldiario.net\/portal\/wp-json\/wp\/v2\/posts\/282077\/revisions\/282081"}],"wp:featuredmedia":[{"embeddable":true,"href":"https:\/\/www.eldiario.net\/portal\/wp-json\/wp\/v2\/media\/282078"}],"wp:attachment":[{"href":"https:\/\/www.eldiario.net\/portal\/wp-json\/wp\/v2\/media?parent=282077"}],"wp:term":[{"taxonomy":"category","embeddable":true,"href":"https:\/\/www.eldiario.net\/portal\/wp-json\/wp\/v2\/categories?post=282077"},{"taxonomy":"post_tag","embeddable":true,"href":"https:\/\/www.eldiario.net\/portal\/wp-json\/wp\/v2\/tags?post=282077"}],"curies":[{"name":"wp","href":"https:\/\/api.w.org\/{rel}","templated":true}]}}