{"id":282066,"date":"2025-02-15T07:54:36","date_gmt":"2025-02-15T11:54:36","guid":{"rendered":"https:\/\/www.eldiario.net\/portal\/?p=282066"},"modified":"2025-02-15T07:54:36","modified_gmt":"2025-02-15T11:54:36","slug":"banda-wanda-apuesta-a-cambiar-el-nivel-de-la-diversion-en-las-fiestas","status":"publish","type":"post","link":"https:\/\/www.eldiario.net\/portal\/2025\/02\/15\/banda-wanda-apuesta-a-cambiar-el-nivel-de-la-diversion-en-las-fiestas\/","title":{"rendered":"Banda Wanda apuesta a cambiar el  nivel de la diversi\u00f3n en las fiestas"},"content":{"rendered":"<p>Banda Wanda es una apuesta para cambiar el nivel de la diversi\u00f3n, subir el volumen a tu energ\u00eda y elevar tu fiesta a un m\u00e1s alto nivel.<\/p>\n<p>La agrupaci\u00f3n tropical nacional se present\u00f3 por primera vez en vivo el pasado 28 de enero en el Sal\u00f3n Castilla y Le\u00f3n de la ciudad de La Paz, donde demostr\u00f3 que re\u00fane talento, buena onda y una atractiva propuesta musical.<\/p>\n<p>Conformada por 10 m\u00fasicos profesionales, Banda Wanda comenz\u00f3 a trabajar hace cuatro meses y disfrut\u00f3 tocar en su presentaci\u00f3n inaugural ante el p\u00fablico e invitados especiales, en una velada en la que interpret\u00f3 un mix de la cantante argentina Angela Leiva. \u201cFue una noche para recordar\u201d, se destaca en la nota de prensa de Banda Wanda.<\/p>\n<p>El director general del grupo boliviano, Javier Chuquimia, y el director musical, Yerson Monasterios, fueron muy exigentes en el casting y las audiciones de Banda Wanda, porque dice que quieren ofrecer \u201cuna propuesta desafiante, atractiva y apasionante al p\u00fablico\u201d.<\/p>\n<p>\u201cVenimos trabajando durante muchos meses junto a un equipo multidisciplinario conformado por destacados profesionales y no hemos escatimado recursos, porque las cosas se deben hacer bien. Estamos emocionados por presentar nuestro trabajo y vivir junto al p\u00fablico una noche de cumbia de otro nivel\u201d, destac\u00f3 Javier Chuquimia.<\/p>\n<p>Denisse Fern\u00e1ndez, vocalista de Banda Wanda, dijo estar muy feliz y agradecida por haber sido invitada al proyecto.<\/p>\n<p>\u201cA nivel personal y profesional, representa un crecimiento en mi carrera como artista. Por la seriedad, el compromiso y el profesionalismo que he podido ver en todos los integrantes de Banda Wanda, mis expectativas se disparan hacia el cielo. El g\u00e9nero musical es muy divertido y tenemos mucho para dar. S\u00e9 que vamos a cambiar el nivel de las fiestas\u201d, expres\u00f3 Fern\u00e1ndez.<\/p>\n<p>Para Yandira Figueredo Mendoza, la otra vocalista de Banda Wanda, su participaci\u00f3n en la agrupaci\u00f3n es una nueva experiencia en el \u00e1mbito musical, por lo que las expectativas que tiene \u201cser\u00e1n siempre de triunfo\u201d. \u201cAcept\u00e9 encantada esta invitaci\u00f3n y estoy lista para dar lo mejor de m\u00ed en cada tocada. Banda Wanda promete, como se dice, una noche de cumbia, llena de alegr\u00eda y sorpresas para nuestro querido p\u00fablico, una noche en la que podr\u00e1n expresar sus emociones cantando y bailando junto a nosotros\u201d, coment\u00f3.<\/p>\n<p>El director musical Yerson Monasterios resalt\u00f3 que espera mucho del proyecto Banda Wanda. \u201cQueremos consolidarnos como uno de los grupos m\u00e1s destacados en la industria musical boliviana. Adem\u00e1s, ambicionamos lograr colaboraciones con artistas nacionales e internacionales, como \u00c1ngela Leiva, por el nivel musical que tiene. Como director musical y productor, tengo la misi\u00f3n de componer para llegar a toda la gente y elevar el nivel de diversi\u00f3n en todas las fiestas. Tenemos un importante equipo, con excelentes m\u00fasicos, as\u00ed que estamos seguros de que podremos consolidar el proyecto\u201d, subray\u00f3.<\/p>\n<p>Los amantes de la m\u00fasica tropical est\u00e1n invitados a seguir a Banda Wanda desde sus redes sociales y sumarse a esta propuesta de subir el nivel de la diversi\u00f3n<\/p>\n<p>Facebook: Banda Wanda Bolivia \u00b0 Instagram: bandawandabolivia \u00b0 YouTube: Banda Wanda Bolivia \u00b0 TikTok: BandaWandaBolivia<\/p>\n<p>&nbsp;<\/p>\n\r\n                <style type=\"text\/css\">\r\n                    \r\n                    #tdi_1  .td-doubleSlider-2 .td-item1 {\r\n                        background: url(https:\/\/www.eldiario.net\/portal\/wp-content\/uploads\/2025\/02\/1-banda-PRINCIPAL-80x60.jpg) 0 0 no-repeat;\r\n                    }\r\n                    #tdi_1  .td-doubleSlider-2 .td-item2 {\r\n                        background: url(https:\/\/www.eldiario.net\/portal\/wp-content\/uploads\/2025\/02\/2-banda-80x60.jpg) 0 0 no-repeat;\r\n                    }\r\n                    #tdi_1  .td-doubleSlider-2 .td-item3 {\r\n                        background: url(https:\/\/www.eldiario.net\/portal\/wp-content\/uploads\/2025\/02\/3-banda-80x60.jpg) 0 0 no-repeat;\r\n                    }\r\n                    #tdi_1  .td-doubleSlider-2 .td-item4 {\r\n                        background: url(https:\/\/www.eldiario.net\/portal\/wp-content\/uploads\/2025\/02\/4-banda-80x60.jpg) 0 0 no-repeat;\r\n                    }\r\n                <\/style>\r\n\r\n                <div id=\"tdi_1\" class=\"td-gallery td-slide-on-2-columns\">\r\n                    <div class=\"post_td_gallery\">\r\n                        <div class=\"td-gallery-slide-top\">\r\n                           <div class=\"td-gallery-title\"><\/div>\r\n\r\n                            <div class=\"td-gallery-controls-wrapper\">\r\n                                <div class=\"td-gallery-slide-count\"><span class=\"td-gallery-slide-item-focus\">1<\/span> de 4<\/div>\r\n                                <div class=\"td-gallery-slide-prev-next-but\">\r\n                                    <i class = \"td-icon-left doubleSliderPrevButton\"><\/i>\r\n                                    <i class = \"td-icon-right doubleSliderNextButton\"><\/i>\r\n                                <\/div>\r\n                            <\/div>\r\n                        <\/div>\r\n\r\n                        <div class = \"td-doubleSlider-1 \">\r\n                            <div class = \"td-slider\">\r\n                                \r\n                    <div class = \"td-slide-item td-item1\">\r\n                        <figure class=\"td-slide-galery-figure td-slide-popup-gallery\">\r\n                            <a class=\"slide-gallery-image-link\" href=\"https:\/\/www.eldiario.net\/portal\/wp-content\/uploads\/2025\/02\/1-banda-PRINCIPAL.jpg\" title=\"1-banda-PRINCIPAL\"  data-caption=\"\"  data-description=\"\">\r\n                                <img decoding=\"async\" src=\"https:\/\/www.eldiario.net\/portal\/wp-content\/uploads\/2025\/02\/1-banda-PRINCIPAL-630x420.jpg\" srcset=\"https:\/\/www.eldiario.net\/portal\/wp-content\/uploads\/2025\/02\/1-banda-PRINCIPAL-630x420.jpg 630w, https:\/\/www.eldiario.net\/portal\/wp-content\/uploads\/2025\/02\/1-banda-PRINCIPAL-300x200.jpg 300w, https:\/\/www.eldiario.net\/portal\/wp-content\/uploads\/2025\/02\/1-banda-PRINCIPAL-1024x683.jpg 1024w, https:\/\/www.eldiario.net\/portal\/wp-content\/uploads\/2025\/02\/1-banda-PRINCIPAL-768x512.jpg 768w, https:\/\/www.eldiario.net\/portal\/wp-content\/uploads\/2025\/02\/1-banda-PRINCIPAL-696x464.jpg 696w, https:\/\/www.eldiario.net\/portal\/wp-content\/uploads\/2025\/02\/1-banda-PRINCIPAL-1068x712.jpg 1068w, https:\/\/www.eldiario.net\/portal\/wp-content\/uploads\/2025\/02\/1-banda-PRINCIPAL.jpg 1200w\" sizes=\"(max-width: 630px) 100vw, 630px\" alt=\"\">\r\n                            <\/a>\r\n                            \r\n                        <\/figure>\r\n                    <\/div>\r\n                    <div class = \"td-slide-item td-item2\">\r\n                        <figure class=\"td-slide-galery-figure td-slide-popup-gallery\">\r\n                            <a class=\"slide-gallery-image-link\" href=\"https:\/\/www.eldiario.net\/portal\/wp-content\/uploads\/2025\/02\/2-banda.jpg\" title=\"2-banda\"  data-caption=\"\"  data-description=\"\">\r\n                                <img decoding=\"async\" src=\"https:\/\/www.eldiario.net\/portal\/wp-content\/uploads\/2025\/02\/2-banda-630x420.jpg\" srcset=\"https:\/\/www.eldiario.net\/portal\/wp-content\/uploads\/2025\/02\/2-banda-630x420.jpg 630w, https:\/\/www.eldiario.net\/portal\/wp-content\/uploads\/2025\/02\/2-banda-300x200.jpg 300w, https:\/\/www.eldiario.net\/portal\/wp-content\/uploads\/2025\/02\/2-banda-1024x683.jpg 1024w, https:\/\/www.eldiario.net\/portal\/wp-content\/uploads\/2025\/02\/2-banda-768x512.jpg 768w, https:\/\/www.eldiario.net\/portal\/wp-content\/uploads\/2025\/02\/2-banda-696x464.jpg 696w, https:\/\/www.eldiario.net\/portal\/wp-content\/uploads\/2025\/02\/2-banda-1068x712.jpg 1068w, https:\/\/www.eldiario.net\/portal\/wp-content\/uploads\/2025\/02\/2-banda.jpg 1200w\" sizes=\"(max-width: 630px) 100vw, 630px\" alt=\"\">\r\n                            <\/a>\r\n                            \r\n                        <\/figure>\r\n                    <\/div>\r\n                    <div class = \"td-slide-item td-item3\">\r\n                        <figure class=\"td-slide-galery-figure td-slide-popup-gallery\">\r\n                            <a class=\"slide-gallery-image-link\" href=\"https:\/\/www.eldiario.net\/portal\/wp-content\/uploads\/2025\/02\/3-banda.jpg\" title=\"3-banda\"  data-caption=\"\"  data-description=\"\">\r\n                                <img decoding=\"async\" src=\"https:\/\/www.eldiario.net\/portal\/wp-content\/uploads\/2025\/02\/3-banda-630x420.jpg\" srcset=\"https:\/\/www.eldiario.net\/portal\/wp-content\/uploads\/2025\/02\/3-banda-630x420.jpg 630w, https:\/\/www.eldiario.net\/portal\/wp-content\/uploads\/2025\/02\/3-banda-300x200.jpg 300w, https:\/\/www.eldiario.net\/portal\/wp-content\/uploads\/2025\/02\/3-banda-1024x683.jpg 1024w, https:\/\/www.eldiario.net\/portal\/wp-content\/uploads\/2025\/02\/3-banda-768x512.jpg 768w, https:\/\/www.eldiario.net\/portal\/wp-content\/uploads\/2025\/02\/3-banda-696x464.jpg 696w, https:\/\/www.eldiario.net\/portal\/wp-content\/uploads\/2025\/02\/3-banda-1068x712.jpg 1068w, https:\/\/www.eldiario.net\/portal\/wp-content\/uploads\/2025\/02\/3-banda.jpg 1200w\" sizes=\"(max-width: 630px) 100vw, 630px\" alt=\"\">\r\n                            <\/a>\r\n                            \r\n                        <\/figure>\r\n                    <\/div>\r\n                    <div class = \"td-slide-item td-item4\">\r\n                        <figure class=\"td-slide-galery-figure td-slide-popup-gallery\">\r\n                            <a class=\"slide-gallery-image-link\" href=\"https:\/\/www.eldiario.net\/portal\/wp-content\/uploads\/2025\/02\/4-banda.jpg\" title=\"4-banda\"  data-caption=\"\"  data-description=\"\">\r\n                                <img decoding=\"async\" src=\"https:\/\/www.eldiario.net\/portal\/wp-content\/uploads\/2025\/02\/4-banda-630x420.jpg\" srcset=\"https:\/\/www.eldiario.net\/portal\/wp-content\/uploads\/2025\/02\/4-banda-630x420.jpg 630w, https:\/\/www.eldiario.net\/portal\/wp-content\/uploads\/2025\/02\/4-banda-300x200.jpg 300w, https:\/\/www.eldiario.net\/portal\/wp-content\/uploads\/2025\/02\/4-banda-1024x683.jpg 1024w, https:\/\/www.eldiario.net\/portal\/wp-content\/uploads\/2025\/02\/4-banda-768x512.jpg 768w, https:\/\/www.eldiario.net\/portal\/wp-content\/uploads\/2025\/02\/4-banda-696x464.jpg 696w, https:\/\/www.eldiario.net\/portal\/wp-content\/uploads\/2025\/02\/4-banda-1068x712.jpg 1068w, https:\/\/www.eldiario.net\/portal\/wp-content\/uploads\/2025\/02\/4-banda.jpg 1200w\" sizes=\"(max-width: 630px) 100vw, 630px\" alt=\"\">\r\n                            <\/a>\r\n                            \r\n                        <\/figure>\r\n                    <\/div>\r\n                            <\/div>\r\n                        <\/div>\r\n\r\n                        <div class = \"td-doubleSlider-2\">\r\n                            <div class = \"td-slider\">\r\n                                \r\n                    <div class = \"td-button td-item1\">\r\n                        <div class = \"td-border\"><\/div>\r\n                    <\/div>\r\n                    <div class = \"td-button td-item2\">\r\n                        <div class = \"td-border\"><\/div>\r\n                    <\/div>\r\n                    <div class = \"td-button td-item3\">\r\n                        <div class = \"td-border\"><\/div>\r\n                    <\/div>\r\n                    <div class = \"td-button td-item4\">\r\n                        <div class = \"td-border\"><\/div>\r\n                    <\/div>\r\n                            <\/div>\r\n                        <\/div>\r\n\r\n                    <\/div>\r\n\r\n                <\/div>\r\n                \n","protected":false},"excerpt":{"rendered":"<p>Banda Wanda es una apuesta para cambiar el nivel de la diversi\u00f3n, subir el volumen a tu energ\u00eda y elevar tu fiesta a un m\u00e1s alto nivel. La agrupaci\u00f3n tropical nacional se present\u00f3 por primera vez en vivo el pasado 28 de enero en el Sal\u00f3n Castilla y Le\u00f3n de la ciudad de La Paz, [&hellip;]<\/p>\n","protected":false},"author":1,"featured_media":282067,"comment_status":"closed","ping_status":"open","sticky":false,"template":"","format":"standard","meta":{"_acf_changed":false,"footnotes":""},"categories":[41],"tags":[],"class_list":["post-282066","post","type-post","status-publish","format-standard","has-post-thumbnail","category-la-guia"],"acf":{"antetitulo":""},"yoast_head":"<!-- This site is optimized with the Yoast SEO plugin v28.4 - https:\/\/yoast.com\/product\/yoast-seo-wordpress\/ -->\n<title>Banda Wanda apuesta a cambiar el nivel de la diversi\u00f3n en las fiestas - El Diario - Bolivia<\/title>\n<meta name=\"robots\" content=\"index, follow, max-snippet:-1, max-image-preview:large, max-video-preview:-1\" \/>\n<link rel=\"canonical\" href=\"https:\/\/www.eldiario.net\/portal\/2025\/02\/15\/banda-wanda-apuesta-a-cambiar-el-nivel-de-la-diversion-en-las-fiestas\/\" \/>\n<meta property=\"og:locale\" content=\"es_ES\" \/>\n<meta property=\"og:type\" content=\"article\" \/>\n<meta property=\"og:title\" content=\"Banda Wanda apuesta a cambiar el nivel de la diversi\u00f3n en las fiestas - El Diario - Bolivia\" \/>\n<meta property=\"og:description\" content=\"Banda Wanda es una apuesta para cambiar el nivel de la diversi\u00f3n, subir el volumen a tu energ\u00eda y elevar tu fiesta a un m\u00e1s alto nivel. La agrupaci\u00f3n tropical nacional se present\u00f3 por primera vez en vivo el pasado 28 de enero en el Sal\u00f3n Castilla y Le\u00f3n de la ciudad de La Paz, [&hellip;]\" \/>\n<meta property=\"og:url\" content=\"https:\/\/www.eldiario.net\/portal\/2025\/02\/15\/banda-wanda-apuesta-a-cambiar-el-nivel-de-la-diversion-en-las-fiestas\/\" \/>\n<meta property=\"og:site_name\" content=\"El Diario - Bolivia\" \/>\n<meta property=\"article:publisher\" content=\"https:\/\/www.facebook.com\/eldiario.bolivia\/\" \/>\n<meta property=\"article:published_time\" content=\"2025-02-15T11:54:36+00:00\" \/>\n<meta property=\"og:image\" content=\"https:\/\/www.eldiario.net\/portal\/wp-content\/uploads\/2025\/02\/1-banda-PRINCIPAL.jpg\" \/>\n\t<meta property=\"og:image:width\" content=\"1200\" \/>\n\t<meta property=\"og:image:height\" content=\"800\" \/>\n\t<meta property=\"og:image:type\" content=\"image\/jpeg\" \/>\n<meta name=\"author\" content=\"Jeanette\" \/>\n<meta name=\"twitter:card\" content=\"summary_large_image\" \/>\n<meta name=\"twitter:creator\" content=\"@eldiario_net\" \/>\n<meta name=\"twitter:site\" content=\"@eldiario_net\" \/>\n<meta name=\"twitter:label1\" content=\"Escrito por\" \/>\n\t<meta name=\"twitter:data1\" content=\"Jeanette\" \/>\n\t<meta name=\"twitter:label2\" content=\"Tiempo de lectura\" \/>\n\t<meta name=\"twitter:data2\" content=\"3 minutos\" \/>\n<script type=\"application\/ld+json\" class=\"yoast-schema-graph\">{\"@context\":\"https:\\\/\\\/schema.org\",\"@graph\":[{\"@type\":\"Article\",\"@id\":\"https:\\\/\\\/www.eldiario.net\\\/portal\\\/2025\\\/02\\\/15\\\/banda-wanda-apuesta-a-cambiar-el-nivel-de-la-diversion-en-las-fiestas\\\/#article\",\"isPartOf\":{\"@id\":\"https:\\\/\\\/www.eldiario.net\\\/portal\\\/2025\\\/02\\\/15\\\/banda-wanda-apuesta-a-cambiar-el-nivel-de-la-diversion-en-las-fiestas\\\/\"},\"author\":{\"name\":\"Jeanette\",\"@id\":\"https:\\\/\\\/www.eldiario.net\\\/portal\\\/#\\\/schema\\\/person\\\/f46445640444750d7d753ccd04ae01b7\"},\"headline\":\"Banda Wanda apuesta a cambiar el nivel de la diversi\u00f3n en las fiestas\",\"datePublished\":\"2025-02-15T11:54:36+00:00\",\"mainEntityOfPage\":{\"@id\":\"https:\\\/\\\/www.eldiario.net\\\/portal\\\/2025\\\/02\\\/15\\\/banda-wanda-apuesta-a-cambiar-el-nivel-de-la-diversion-en-las-fiestas\\\/\"},\"wordCount\":556,\"publisher\":{\"@id\":\"https:\\\/\\\/www.eldiario.net\\\/portal\\\/#organization\"},\"image\":{\"@id\":\"https:\\\/\\\/www.eldiario.net\\\/portal\\\/2025\\\/02\\\/15\\\/banda-wanda-apuesta-a-cambiar-el-nivel-de-la-diversion-en-las-fiestas\\\/#primaryimage\"},\"thumbnailUrl\":\"https:\\\/\\\/www.eldiario.net\\\/portal\\\/wp-content\\\/uploads\\\/2025\\\/02\\\/1-banda-PRINCIPAL.jpg\",\"articleSection\":[\"La Gu\u00eda\"],\"inLanguage\":\"es\"},{\"@type\":\"WebPage\",\"@id\":\"https:\\\/\\\/www.eldiario.net\\\/portal\\\/2025\\\/02\\\/15\\\/banda-wanda-apuesta-a-cambiar-el-nivel-de-la-diversion-en-las-fiestas\\\/\",\"url\":\"https:\\\/\\\/www.eldiario.net\\\/portal\\\/2025\\\/02\\\/15\\\/banda-wanda-apuesta-a-cambiar-el-nivel-de-la-diversion-en-las-fiestas\\\/\",\"name\":\"Banda Wanda apuesta a cambiar el nivel de la diversi\u00f3n en las fiestas - El Diario - Bolivia\",\"isPartOf\":{\"@id\":\"https:\\\/\\\/www.eldiario.net\\\/portal\\\/#website\"},\"primaryImageOfPage\":{\"@id\":\"https:\\\/\\\/www.eldiario.net\\\/portal\\\/2025\\\/02\\\/15\\\/banda-wanda-apuesta-a-cambiar-el-nivel-de-la-diversion-en-las-fiestas\\\/#primaryimage\"},\"image\":{\"@id\":\"https:\\\/\\\/www.eldiario.net\\\/portal\\\/2025\\\/02\\\/15\\\/banda-wanda-apuesta-a-cambiar-el-nivel-de-la-diversion-en-las-fiestas\\\/#primaryimage\"},\"thumbnailUrl\":\"https:\\\/\\\/www.eldiario.net\\\/portal\\\/wp-content\\\/uploads\\\/2025\\\/02\\\/1-banda-PRINCIPAL.jpg\",\"datePublished\":\"2025-02-15T11:54:36+00:00\",\"breadcrumb\":{\"@id\":\"https:\\\/\\\/www.eldiario.net\\\/portal\\\/2025\\\/02\\\/15\\\/banda-wanda-apuesta-a-cambiar-el-nivel-de-la-diversion-en-las-fiestas\\\/#breadcrumb\"},\"inLanguage\":\"es\",\"potentialAction\":[{\"@type\":\"ReadAction\",\"target\":[\"https:\\\/\\\/www.eldiario.net\\\/portal\\\/2025\\\/02\\\/15\\\/banda-wanda-apuesta-a-cambiar-el-nivel-de-la-diversion-en-las-fiestas\\\/\"]}]},{\"@type\":\"ImageObject\",\"inLanguage\":\"es\",\"@id\":\"https:\\\/\\\/www.eldiario.net\\\/portal\\\/2025\\\/02\\\/15\\\/banda-wanda-apuesta-a-cambiar-el-nivel-de-la-diversion-en-las-fiestas\\\/#primaryimage\",\"url\":\"https:\\\/\\\/www.eldiario.net\\\/portal\\\/wp-content\\\/uploads\\\/2025\\\/02\\\/1-banda-PRINCIPAL.jpg\",\"contentUrl\":\"https:\\\/\\\/www.eldiario.net\\\/portal\\\/wp-content\\\/uploads\\\/2025\\\/02\\\/1-banda-PRINCIPAL.jpg\",\"width\":1200,\"height\":800},{\"@type\":\"BreadcrumbList\",\"@id\":\"https:\\\/\\\/www.eldiario.net\\\/portal\\\/2025\\\/02\\\/15\\\/banda-wanda-apuesta-a-cambiar-el-nivel-de-la-diversion-en-las-fiestas\\\/#breadcrumb\",\"itemListElement\":[{\"@type\":\"ListItem\",\"position\":1,\"name\":\"Portada\",\"item\":\"https:\\\/\\\/www.eldiario.net\\\/portal\\\/\"},{\"@type\":\"ListItem\",\"position\":2,\"name\":\"Banda Wanda apuesta a cambiar el nivel de la diversi\u00f3n en las fiestas\"}]},{\"@type\":\"WebSite\",\"@id\":\"https:\\\/\\\/www.eldiario.net\\\/portal\\\/#website\",\"url\":\"https:\\\/\\\/www.eldiario.net\\\/portal\\\/\",\"name\":\"El Diario - Decano de la prensa nacional\",\"description\":\"El Diario - Decano de la prensa nacional\",\"publisher\":{\"@id\":\"https:\\\/\\\/www.eldiario.net\\\/portal\\\/#organization\"},\"potentialAction\":[{\"@type\":\"SearchAction\",\"target\":{\"@type\":\"EntryPoint\",\"urlTemplate\":\"https:\\\/\\\/www.eldiario.net\\\/portal\\\/?s={search_term_string}\"},\"query-input\":{\"@type\":\"PropertyValueSpecification\",\"valueRequired\":true,\"valueName\":\"search_term_string\"}}],\"inLanguage\":\"es\"},{\"@type\":\"Organization\",\"@id\":\"https:\\\/\\\/www.eldiario.net\\\/portal\\\/#organization\",\"name\":\"El Diario - Decano de la prensa nacional\",\"url\":\"https:\\\/\\\/www.eldiario.net\\\/portal\\\/\",\"logo\":{\"@type\":\"ImageObject\",\"inLanguage\":\"es\",\"@id\":\"https:\\\/\\\/www.eldiario.net\\\/portal\\\/#\\\/schema\\\/logo\\\/image\\\/\",\"url\":\"https:\\\/\\\/www.eldiario.net\\\/portal\\\/wp-content\\\/uploads\\\/2023\\\/07\\\/logo_ED.jpg\",\"contentUrl\":\"https:\\\/\\\/www.eldiario.net\\\/portal\\\/wp-content\\\/uploads\\\/2023\\\/07\\\/logo_ED.jpg\",\"width\":272,\"height\":52,\"caption\":\"El Diario - Decano de la prensa nacional\"},\"image\":{\"@id\":\"https:\\\/\\\/www.eldiario.net\\\/portal\\\/#\\\/schema\\\/logo\\\/image\\\/\"},\"sameAs\":[\"https:\\\/\\\/www.facebook.com\\\/eldiario.bolivia\\\/\",\"https:\\\/\\\/x.com\\\/eldiario_net\"]},{\"@type\":\"Person\",\"@id\":\"https:\\\/\\\/www.eldiario.net\\\/portal\\\/#\\\/schema\\\/person\\\/f46445640444750d7d753ccd04ae01b7\",\"name\":\"Jeanette\",\"image\":{\"@type\":\"ImageObject\",\"inLanguage\":\"es\",\"@id\":\"https:\\\/\\\/secure.gravatar.com\\\/avatar\\\/3ea2118a5f7dad2b7138b1187a6b7ee55f160b9968b66013c3a3ef39dd7e5798?s=96&d=mm&r=g\",\"url\":\"https:\\\/\\\/secure.gravatar.com\\\/avatar\\\/3ea2118a5f7dad2b7138b1187a6b7ee55f160b9968b66013c3a3ef39dd7e5798?s=96&d=mm&r=g\",\"contentUrl\":\"https:\\\/\\\/secure.gravatar.com\\\/avatar\\\/3ea2118a5f7dad2b7138b1187a6b7ee55f160b9968b66013c3a3ef39dd7e5798?s=96&d=mm&r=g\",\"caption\":\"Jeanette\"},\"sameAs\":[\"https:\\\/\\\/www.eldiario.net\\\/portal\"],\"url\":\"https:\\\/\\\/www.eldiario.net\\\/portal\\\/author\\\/jeanette\\\/\"}]}<\/script>\n<!-- \/ Yoast SEO plugin. -->","yoast_head_json":{"title":"Banda Wanda apuesta a cambiar el nivel de la diversi\u00f3n en las fiestas - El Diario - Bolivia","robots":{"index":"index","follow":"follow","max-snippet":"max-snippet:-1","max-image-preview":"max-image-preview:large","max-video-preview":"max-video-preview:-1"},"canonical":"https:\/\/www.eldiario.net\/portal\/2025\/02\/15\/banda-wanda-apuesta-a-cambiar-el-nivel-de-la-diversion-en-las-fiestas\/","og_locale":"es_ES","og_type":"article","og_title":"Banda Wanda apuesta a cambiar el nivel de la diversi\u00f3n en las fiestas - El Diario - Bolivia","og_description":"Banda Wanda es una apuesta para cambiar el nivel de la diversi\u00f3n, subir el volumen a tu energ\u00eda y elevar tu fiesta a un m\u00e1s alto nivel. La agrupaci\u00f3n tropical nacional se present\u00f3 por primera vez en vivo el pasado 28 de enero en el Sal\u00f3n Castilla y Le\u00f3n de la ciudad de La Paz, [&hellip;]","og_url":"https:\/\/www.eldiario.net\/portal\/2025\/02\/15\/banda-wanda-apuesta-a-cambiar-el-nivel-de-la-diversion-en-las-fiestas\/","og_site_name":"El Diario - Bolivia","article_publisher":"https:\/\/www.facebook.com\/eldiario.bolivia\/","article_published_time":"2025-02-15T11:54:36+00:00","og_image":[{"width":1200,"height":800,"url":"https:\/\/www.eldiario.net\/portal\/wp-content\/uploads\/2025\/02\/1-banda-PRINCIPAL.jpg","type":"image\/jpeg"}],"author":"Jeanette","twitter_card":"summary_large_image","twitter_creator":"@eldiario_net","twitter_site":"@eldiario_net","twitter_misc":{"Escrito por":"Jeanette","Tiempo de lectura":"3 minutos"},"schema":{"@context":"https:\/\/schema.org","@graph":[{"@type":"Article","@id":"https:\/\/www.eldiario.net\/portal\/2025\/02\/15\/banda-wanda-apuesta-a-cambiar-el-nivel-de-la-diversion-en-las-fiestas\/#article","isPartOf":{"@id":"https:\/\/www.eldiario.net\/portal\/2025\/02\/15\/banda-wanda-apuesta-a-cambiar-el-nivel-de-la-diversion-en-las-fiestas\/"},"author":{"name":"Jeanette","@id":"https:\/\/www.eldiario.net\/portal\/#\/schema\/person\/f46445640444750d7d753ccd04ae01b7"},"headline":"Banda Wanda apuesta a cambiar el nivel de la diversi\u00f3n en las fiestas","datePublished":"2025-02-15T11:54:36+00:00","mainEntityOfPage":{"@id":"https:\/\/www.eldiario.net\/portal\/2025\/02\/15\/banda-wanda-apuesta-a-cambiar-el-nivel-de-la-diversion-en-las-fiestas\/"},"wordCount":556,"publisher":{"@id":"https:\/\/www.eldiario.net\/portal\/#organization"},"image":{"@id":"https:\/\/www.eldiario.net\/portal\/2025\/02\/15\/banda-wanda-apuesta-a-cambiar-el-nivel-de-la-diversion-en-las-fiestas\/#primaryimage"},"thumbnailUrl":"https:\/\/www.eldiario.net\/portal\/wp-content\/uploads\/2025\/02\/1-banda-PRINCIPAL.jpg","articleSection":["La Gu\u00eda"],"inLanguage":"es"},{"@type":"WebPage","@id":"https:\/\/www.eldiario.net\/portal\/2025\/02\/15\/banda-wanda-apuesta-a-cambiar-el-nivel-de-la-diversion-en-las-fiestas\/","url":"https:\/\/www.eldiario.net\/portal\/2025\/02\/15\/banda-wanda-apuesta-a-cambiar-el-nivel-de-la-diversion-en-las-fiestas\/","name":"Banda Wanda apuesta a cambiar el nivel de la diversi\u00f3n en las fiestas - El Diario - Bolivia","isPartOf":{"@id":"https:\/\/www.eldiario.net\/portal\/#website"},"primaryImageOfPage":{"@id":"https:\/\/www.eldiario.net\/portal\/2025\/02\/15\/banda-wanda-apuesta-a-cambiar-el-nivel-de-la-diversion-en-las-fiestas\/#primaryimage"},"image":{"@id":"https:\/\/www.eldiario.net\/portal\/2025\/02\/15\/banda-wanda-apuesta-a-cambiar-el-nivel-de-la-diversion-en-las-fiestas\/#primaryimage"},"thumbnailUrl":"https:\/\/www.eldiario.net\/portal\/wp-content\/uploads\/2025\/02\/1-banda-PRINCIPAL.jpg","datePublished":"2025-02-15T11:54:36+00:00","breadcrumb":{"@id":"https:\/\/www.eldiario.net\/portal\/2025\/02\/15\/banda-wanda-apuesta-a-cambiar-el-nivel-de-la-diversion-en-las-fiestas\/#breadcrumb"},"inLanguage":"es","potentialAction":[{"@type":"ReadAction","target":["https:\/\/www.eldiario.net\/portal\/2025\/02\/15\/banda-wanda-apuesta-a-cambiar-el-nivel-de-la-diversion-en-las-fiestas\/"]}]},{"@type":"ImageObject","inLanguage":"es","@id":"https:\/\/www.eldiario.net\/portal\/2025\/02\/15\/banda-wanda-apuesta-a-cambiar-el-nivel-de-la-diversion-en-las-fiestas\/#primaryimage","url":"https:\/\/www.eldiario.net\/portal\/wp-content\/uploads\/2025\/02\/1-banda-PRINCIPAL.jpg","contentUrl":"https:\/\/www.eldiario.net\/portal\/wp-content\/uploads\/2025\/02\/1-banda-PRINCIPAL.jpg","width":1200,"height":800},{"@type":"BreadcrumbList","@id":"https:\/\/www.eldiario.net\/portal\/2025\/02\/15\/banda-wanda-apuesta-a-cambiar-el-nivel-de-la-diversion-en-las-fiestas\/#breadcrumb","itemListElement":[{"@type":"ListItem","position":1,"name":"Portada","item":"https:\/\/www.eldiario.net\/portal\/"},{"@type":"ListItem","position":2,"name":"Banda Wanda apuesta a cambiar el nivel de la diversi\u00f3n en las fiestas"}]},{"@type":"WebSite","@id":"https:\/\/www.eldiario.net\/portal\/#website","url":"https:\/\/www.eldiario.net\/portal\/","name":"El Diario - Decano de la prensa nacional","description":"El Diario - Decano de la prensa nacional","publisher":{"@id":"https:\/\/www.eldiario.net\/portal\/#organization"},"potentialAction":[{"@type":"SearchAction","target":{"@type":"EntryPoint","urlTemplate":"https:\/\/www.eldiario.net\/portal\/?s={search_term_string}"},"query-input":{"@type":"PropertyValueSpecification","valueRequired":true,"valueName":"search_term_string"}}],"inLanguage":"es"},{"@type":"Organization","@id":"https:\/\/www.eldiario.net\/portal\/#organization","name":"El Diario - Decano de la prensa nacional","url":"https:\/\/www.eldiario.net\/portal\/","logo":{"@type":"ImageObject","inLanguage":"es","@id":"https:\/\/www.eldiario.net\/portal\/#\/schema\/logo\/image\/","url":"https:\/\/www.eldiario.net\/portal\/wp-content\/uploads\/2023\/07\/logo_ED.jpg","contentUrl":"https:\/\/www.eldiario.net\/portal\/wp-content\/uploads\/2023\/07\/logo_ED.jpg","width":272,"height":52,"caption":"El Diario - Decano de la prensa nacional"},"image":{"@id":"https:\/\/www.eldiario.net\/portal\/#\/schema\/logo\/image\/"},"sameAs":["https:\/\/www.facebook.com\/eldiario.bolivia\/","https:\/\/x.com\/eldiario_net"]},{"@type":"Person","@id":"https:\/\/www.eldiario.net\/portal\/#\/schema\/person\/f46445640444750d7d753ccd04ae01b7","name":"Jeanette","image":{"@type":"ImageObject","inLanguage":"es","@id":"https:\/\/secure.gravatar.com\/avatar\/3ea2118a5f7dad2b7138b1187a6b7ee55f160b9968b66013c3a3ef39dd7e5798?s=96&d=mm&r=g","url":"https:\/\/secure.gravatar.com\/avatar\/3ea2118a5f7dad2b7138b1187a6b7ee55f160b9968b66013c3a3ef39dd7e5798?s=96&d=mm&r=g","contentUrl":"https:\/\/secure.gravatar.com\/avatar\/3ea2118a5f7dad2b7138b1187a6b7ee55f160b9968b66013c3a3ef39dd7e5798?s=96&d=mm&r=g","caption":"Jeanette"},"sameAs":["https:\/\/www.eldiario.net\/portal"],"url":"https:\/\/www.eldiario.net\/portal\/author\/jeanette\/"}]}},"_links":{"self":[{"href":"https:\/\/www.eldiario.net\/portal\/wp-json\/wp\/v2\/posts\/282066","targetHints":{"allow":["GET"]}}],"collection":[{"href":"https:\/\/www.eldiario.net\/portal\/wp-json\/wp\/v2\/posts"}],"about":[{"href":"https:\/\/www.eldiario.net\/portal\/wp-json\/wp\/v2\/types\/post"}],"author":[{"embeddable":true,"href":"https:\/\/www.eldiario.net\/portal\/wp-json\/wp\/v2\/users\/1"}],"replies":[{"embeddable":true,"href":"https:\/\/www.eldiario.net\/portal\/wp-json\/wp\/v2\/comments?post=282066"}],"version-history":[{"count":1,"href":"https:\/\/www.eldiario.net\/portal\/wp-json\/wp\/v2\/posts\/282066\/revisions"}],"predecessor-version":[{"id":282071,"href":"https:\/\/www.eldiario.net\/portal\/wp-json\/wp\/v2\/posts\/282066\/revisions\/282071"}],"wp:featuredmedia":[{"embeddable":true,"href":"https:\/\/www.eldiario.net\/portal\/wp-json\/wp\/v2\/media\/282067"}],"wp:attachment":[{"href":"https:\/\/www.eldiario.net\/portal\/wp-json\/wp\/v2\/media?parent=282066"}],"wp:term":[{"taxonomy":"category","embeddable":true,"href":"https:\/\/www.eldiario.net\/portal\/wp-json\/wp\/v2\/categories?post=282066"},{"taxonomy":"post_tag","embeddable":true,"href":"https:\/\/www.eldiario.net\/portal\/wp-json\/wp\/v2\/tags?post=282066"}],"curies":[{"name":"wp","href":"https:\/\/api.w.org\/{rel}","templated":true}]}}