{"id":282057,"date":"2025-02-15T07:48:18","date_gmt":"2025-02-15T11:48:18","guid":{"rendered":"https:\/\/www.eldiario.net\/portal\/?p=282057"},"modified":"2025-02-15T07:48:18","modified_gmt":"2025-02-15T11:48:18","slug":"aun-duele-a-los-atigrados-un-error-publicado-en-su-web","status":"publish","type":"post","link":"https:\/\/www.eldiario.net\/portal\/2025\/02\/15\/aun-duele-a-los-atigrados-un-error-publicado-en-su-web\/","title":{"rendered":"A\u00fan duele a los atigrados un error publicado en su WEB"},"content":{"rendered":"<p>La venta de entradas para el partido entre The Strongest y Bah\u00eda de Brasil gener\u00f3 pol\u00e9mica entre los hinchas del equipo aurinegro porque al momento de comprar sus boletos en la p\u00e1gina web del club, aparec\u00eda la frase \u201cVamos Bol\u00edvar\u201d, generando molestia entre los fan\u00e1ticos.<br \/>\nAnte esa situaci\u00f3n, varios socios e hinchas del Tigre se quejaron en redes sociales por lo sucedido, ya que considera un grosero error lo sucedido en la web oficial del club, criticando a la dirigencia que lidera el presidente Ronald Crespo.<br \/>\nHoras despu\u00e9s de la equivocaci\u00f3n, The Strongest emiti\u00f3 un comunicado para aclarar la situaci\u00f3n, argumentando que la inclusi\u00f3n de la frase \u201cVamos Bol\u00edvar\u201d fue un \u201cerror interno\u201d de la empresa encargada de desarrollar el sitio web de los aurinegros.<br \/>\n\u201cComo empresa proveedora de servicio al club The Strongest, asumimos plenamente la responsabilidad por este incidente\u201d, detalla el comunicado.<br \/>\nPese a las disculpas de la empresa, los hinchas de The Strongest no quedaron conformes y lamentaron los constantes errores por parte del club en el tema de comunicaci\u00f3n y redes sociales. (ATD)<br \/>\nVENTA DE ENTRADAS<br \/>\nPese a este desagradable incidente, The Strongest contin\u00faa con la venta de localidades para el encuentro frente al Club Bah\u00eda de Brasil, del pr\u00f3ximo 18 de este mes (20:30), en el estadio Hernando Siles.<br \/>\nEl punto de venta es la sede del club ubicada en la calle Col\u00f3n, esquina Comercio, donde se atiende de 9:00 a 20:00 desde el lunes hasta hoy y ma\u00f1ana domingo, de 10:00 a 15:00 (horario continuo).<br \/>\nLos precios son: Curvas sur y norte, 50 bolivianos; general, Bs. 70; preferencia, Bs. 100; butaca B, Bs. 130; butaca A, Bs. 150; tribuna visitante (curva norte), Bs. 50.<\/p>\n","protected":false},"excerpt":{"rendered":"<p>La venta de entradas para el partido entre The Strongest y Bah\u00eda de Brasil gener\u00f3 pol\u00e9mica entre los hinchas del equipo aurinegro porque al momento de comprar sus boletos en la p\u00e1gina web del club, aparec\u00eda la frase \u201cVamos Bol\u00edvar\u201d, generando molestia entre los fan\u00e1ticos. Ante esa situaci\u00f3n, varios socios e hinchas del Tigre se [&hellip;]<\/p>\n","protected":false},"author":1,"featured_media":282058,"comment_status":"closed","ping_status":"open","sticky":false,"template":"","format":"standard","meta":{"_acf_changed":false,"footnotes":""},"categories":[6],"tags":[],"class_list":["post-282057","post","type-post","status-publish","format-standard","has-post-thumbnail","category-deportes"],"acf":{"antetitulo":""},"yoast_head":"<!-- This site is optimized with the Yoast SEO plugin v28.4 - https:\/\/yoast.com\/product\/yoast-seo-wordpress\/ -->\n<title>A\u00fan duele a los atigrados un error publicado en su WEB - El Diario - Bolivia<\/title>\n<meta name=\"robots\" content=\"index, follow, max-snippet:-1, max-image-preview:large, max-video-preview:-1\" \/>\n<link rel=\"canonical\" href=\"https:\/\/www.eldiario.net\/portal\/2025\/02\/15\/aun-duele-a-los-atigrados-un-error-publicado-en-su-web\/\" \/>\n<meta property=\"og:locale\" content=\"es_ES\" \/>\n<meta property=\"og:type\" content=\"article\" \/>\n<meta property=\"og:title\" content=\"A\u00fan duele a los atigrados un error publicado en su WEB - El Diario - Bolivia\" \/>\n<meta property=\"og:description\" content=\"La venta de entradas para el partido entre The Strongest y Bah\u00eda de Brasil gener\u00f3 pol\u00e9mica entre los hinchas del equipo aurinegro porque al momento de comprar sus boletos en la p\u00e1gina web del club, aparec\u00eda la frase \u201cVamos Bol\u00edvar\u201d, generando molestia entre los fan\u00e1ticos. Ante esa situaci\u00f3n, varios socios e hinchas del Tigre se [&hellip;]\" \/>\n<meta property=\"og:url\" content=\"https:\/\/www.eldiario.net\/portal\/2025\/02\/15\/aun-duele-a-los-atigrados-un-error-publicado-en-su-web\/\" \/>\n<meta property=\"og:site_name\" content=\"El Diario - Bolivia\" \/>\n<meta property=\"article:publisher\" content=\"https:\/\/www.facebook.com\/eldiario.bolivia\/\" \/>\n<meta property=\"article:published_time\" content=\"2025-02-15T11:48:18+00:00\" \/>\n<meta property=\"og:image\" content=\"https:\/\/www.eldiario.net\/portal\/wp-content\/uploads\/2025\/02\/FOTO-3.jpg\" \/>\n\t<meta property=\"og:image:width\" content=\"344\" \/>\n\t<meta property=\"og:image:height\" content=\"514\" \/>\n\t<meta property=\"og:image:type\" content=\"image\/jpeg\" \/>\n<meta name=\"author\" content=\"Jeanette\" \/>\n<meta name=\"twitter:card\" content=\"summary_large_image\" \/>\n<meta name=\"twitter:creator\" content=\"@eldiario_net\" \/>\n<meta name=\"twitter:site\" content=\"@eldiario_net\" \/>\n<meta name=\"twitter:label1\" content=\"Escrito por\" \/>\n\t<meta name=\"twitter:data1\" content=\"Jeanette\" \/>\n\t<meta name=\"twitter:label2\" content=\"Tiempo de lectura\" \/>\n\t<meta name=\"twitter:data2\" content=\"2 minutos\" \/>\n<script type=\"application\/ld+json\" class=\"yoast-schema-graph\">{\"@context\":\"https:\\\/\\\/schema.org\",\"@graph\":[{\"@type\":\"Article\",\"@id\":\"https:\\\/\\\/www.eldiario.net\\\/portal\\\/2025\\\/02\\\/15\\\/aun-duele-a-los-atigrados-un-error-publicado-en-su-web\\\/#article\",\"isPartOf\":{\"@id\":\"https:\\\/\\\/www.eldiario.net\\\/portal\\\/2025\\\/02\\\/15\\\/aun-duele-a-los-atigrados-un-error-publicado-en-su-web\\\/\"},\"author\":{\"name\":\"Jeanette\",\"@id\":\"https:\\\/\\\/www.eldiario.net\\\/portal\\\/#\\\/schema\\\/person\\\/f46445640444750d7d753ccd04ae01b7\"},\"headline\":\"A\u00fan duele a los atigrados un error publicado en su WEB\",\"datePublished\":\"2025-02-15T11:48:18+00:00\",\"mainEntityOfPage\":{\"@id\":\"https:\\\/\\\/www.eldiario.net\\\/portal\\\/2025\\\/02\\\/15\\\/aun-duele-a-los-atigrados-un-error-publicado-en-su-web\\\/\"},\"wordCount\":298,\"publisher\":{\"@id\":\"https:\\\/\\\/www.eldiario.net\\\/portal\\\/#organization\"},\"image\":{\"@id\":\"https:\\\/\\\/www.eldiario.net\\\/portal\\\/2025\\\/02\\\/15\\\/aun-duele-a-los-atigrados-un-error-publicado-en-su-web\\\/#primaryimage\"},\"thumbnailUrl\":\"https:\\\/\\\/www.eldiario.net\\\/portal\\\/wp-content\\\/uploads\\\/2025\\\/02\\\/FOTO-3.jpg\",\"articleSection\":[\"Deportes\"],\"inLanguage\":\"es\"},{\"@type\":\"WebPage\",\"@id\":\"https:\\\/\\\/www.eldiario.net\\\/portal\\\/2025\\\/02\\\/15\\\/aun-duele-a-los-atigrados-un-error-publicado-en-su-web\\\/\",\"url\":\"https:\\\/\\\/www.eldiario.net\\\/portal\\\/2025\\\/02\\\/15\\\/aun-duele-a-los-atigrados-un-error-publicado-en-su-web\\\/\",\"name\":\"A\u00fan duele a los atigrados un error publicado en su WEB - El Diario - Bolivia\",\"isPartOf\":{\"@id\":\"https:\\\/\\\/www.eldiario.net\\\/portal\\\/#website\"},\"primaryImageOfPage\":{\"@id\":\"https:\\\/\\\/www.eldiario.net\\\/portal\\\/2025\\\/02\\\/15\\\/aun-duele-a-los-atigrados-un-error-publicado-en-su-web\\\/#primaryimage\"},\"image\":{\"@id\":\"https:\\\/\\\/www.eldiario.net\\\/portal\\\/2025\\\/02\\\/15\\\/aun-duele-a-los-atigrados-un-error-publicado-en-su-web\\\/#primaryimage\"},\"thumbnailUrl\":\"https:\\\/\\\/www.eldiario.net\\\/portal\\\/wp-content\\\/uploads\\\/2025\\\/02\\\/FOTO-3.jpg\",\"datePublished\":\"2025-02-15T11:48:18+00:00\",\"breadcrumb\":{\"@id\":\"https:\\\/\\\/www.eldiario.net\\\/portal\\\/2025\\\/02\\\/15\\\/aun-duele-a-los-atigrados-un-error-publicado-en-su-web\\\/#breadcrumb\"},\"inLanguage\":\"es\",\"potentialAction\":[{\"@type\":\"ReadAction\",\"target\":[\"https:\\\/\\\/www.eldiario.net\\\/portal\\\/2025\\\/02\\\/15\\\/aun-duele-a-los-atigrados-un-error-publicado-en-su-web\\\/\"]}]},{\"@type\":\"ImageObject\",\"inLanguage\":\"es\",\"@id\":\"https:\\\/\\\/www.eldiario.net\\\/portal\\\/2025\\\/02\\\/15\\\/aun-duele-a-los-atigrados-un-error-publicado-en-su-web\\\/#primaryimage\",\"url\":\"https:\\\/\\\/www.eldiario.net\\\/portal\\\/wp-content\\\/uploads\\\/2025\\\/02\\\/FOTO-3.jpg\",\"contentUrl\":\"https:\\\/\\\/www.eldiario.net\\\/portal\\\/wp-content\\\/uploads\\\/2025\\\/02\\\/FOTO-3.jpg\",\"width\":344,\"height\":514},{\"@type\":\"BreadcrumbList\",\"@id\":\"https:\\\/\\\/www.eldiario.net\\\/portal\\\/2025\\\/02\\\/15\\\/aun-duele-a-los-atigrados-un-error-publicado-en-su-web\\\/#breadcrumb\",\"itemListElement\":[{\"@type\":\"ListItem\",\"position\":1,\"name\":\"Portada\",\"item\":\"https:\\\/\\\/www.eldiario.net\\\/portal\\\/\"},{\"@type\":\"ListItem\",\"position\":2,\"name\":\"A\u00fan duele a los atigrados un error publicado en su WEB\"}]},{\"@type\":\"WebSite\",\"@id\":\"https:\\\/\\\/www.eldiario.net\\\/portal\\\/#website\",\"url\":\"https:\\\/\\\/www.eldiario.net\\\/portal\\\/\",\"name\":\"El Diario - Decano de la prensa nacional\",\"description\":\"El Diario - Decano de la prensa nacional\",\"publisher\":{\"@id\":\"https:\\\/\\\/www.eldiario.net\\\/portal\\\/#organization\"},\"potentialAction\":[{\"@type\":\"SearchAction\",\"target\":{\"@type\":\"EntryPoint\",\"urlTemplate\":\"https:\\\/\\\/www.eldiario.net\\\/portal\\\/?s={search_term_string}\"},\"query-input\":{\"@type\":\"PropertyValueSpecification\",\"valueRequired\":true,\"valueName\":\"search_term_string\"}}],\"inLanguage\":\"es\"},{\"@type\":\"Organization\",\"@id\":\"https:\\\/\\\/www.eldiario.net\\\/portal\\\/#organization\",\"name\":\"El Diario - Decano de la prensa nacional\",\"url\":\"https:\\\/\\\/www.eldiario.net\\\/portal\\\/\",\"logo\":{\"@type\":\"ImageObject\",\"inLanguage\":\"es\",\"@id\":\"https:\\\/\\\/www.eldiario.net\\\/portal\\\/#\\\/schema\\\/logo\\\/image\\\/\",\"url\":\"https:\\\/\\\/www.eldiario.net\\\/portal\\\/wp-content\\\/uploads\\\/2023\\\/07\\\/logo_ED.jpg\",\"contentUrl\":\"https:\\\/\\\/www.eldiario.net\\\/portal\\\/wp-content\\\/uploads\\\/2023\\\/07\\\/logo_ED.jpg\",\"width\":272,\"height\":52,\"caption\":\"El Diario - Decano de la prensa nacional\"},\"image\":{\"@id\":\"https:\\\/\\\/www.eldiario.net\\\/portal\\\/#\\\/schema\\\/logo\\\/image\\\/\"},\"sameAs\":[\"https:\\\/\\\/www.facebook.com\\\/eldiario.bolivia\\\/\",\"https:\\\/\\\/x.com\\\/eldiario_net\"]},{\"@type\":\"Person\",\"@id\":\"https:\\\/\\\/www.eldiario.net\\\/portal\\\/#\\\/schema\\\/person\\\/f46445640444750d7d753ccd04ae01b7\",\"name\":\"Jeanette\",\"image\":{\"@type\":\"ImageObject\",\"inLanguage\":\"es\",\"@id\":\"https:\\\/\\\/secure.gravatar.com\\\/avatar\\\/3ea2118a5f7dad2b7138b1187a6b7ee55f160b9968b66013c3a3ef39dd7e5798?s=96&d=mm&r=g\",\"url\":\"https:\\\/\\\/secure.gravatar.com\\\/avatar\\\/3ea2118a5f7dad2b7138b1187a6b7ee55f160b9968b66013c3a3ef39dd7e5798?s=96&d=mm&r=g\",\"contentUrl\":\"https:\\\/\\\/secure.gravatar.com\\\/avatar\\\/3ea2118a5f7dad2b7138b1187a6b7ee55f160b9968b66013c3a3ef39dd7e5798?s=96&d=mm&r=g\",\"caption\":\"Jeanette\"},\"sameAs\":[\"https:\\\/\\\/www.eldiario.net\\\/portal\"],\"url\":\"https:\\\/\\\/www.eldiario.net\\\/portal\\\/author\\\/jeanette\\\/\"}]}<\/script>\n<!-- \/ Yoast SEO plugin. -->","yoast_head_json":{"title":"A\u00fan duele a los atigrados un error publicado en su WEB - El Diario - Bolivia","robots":{"index":"index","follow":"follow","max-snippet":"max-snippet:-1","max-image-preview":"max-image-preview:large","max-video-preview":"max-video-preview:-1"},"canonical":"https:\/\/www.eldiario.net\/portal\/2025\/02\/15\/aun-duele-a-los-atigrados-un-error-publicado-en-su-web\/","og_locale":"es_ES","og_type":"article","og_title":"A\u00fan duele a los atigrados un error publicado en su WEB - El Diario - Bolivia","og_description":"La venta de entradas para el partido entre The Strongest y Bah\u00eda de Brasil gener\u00f3 pol\u00e9mica entre los hinchas del equipo aurinegro porque al momento de comprar sus boletos en la p\u00e1gina web del club, aparec\u00eda la frase \u201cVamos Bol\u00edvar\u201d, generando molestia entre los fan\u00e1ticos. Ante esa situaci\u00f3n, varios socios e hinchas del Tigre se [&hellip;]","og_url":"https:\/\/www.eldiario.net\/portal\/2025\/02\/15\/aun-duele-a-los-atigrados-un-error-publicado-en-su-web\/","og_site_name":"El Diario - Bolivia","article_publisher":"https:\/\/www.facebook.com\/eldiario.bolivia\/","article_published_time":"2025-02-15T11:48:18+00:00","og_image":[{"width":344,"height":514,"url":"https:\/\/www.eldiario.net\/portal\/wp-content\/uploads\/2025\/02\/FOTO-3.jpg","type":"image\/jpeg"}],"author":"Jeanette","twitter_card":"summary_large_image","twitter_creator":"@eldiario_net","twitter_site":"@eldiario_net","twitter_misc":{"Escrito por":"Jeanette","Tiempo de lectura":"2 minutos"},"schema":{"@context":"https:\/\/schema.org","@graph":[{"@type":"Article","@id":"https:\/\/www.eldiario.net\/portal\/2025\/02\/15\/aun-duele-a-los-atigrados-un-error-publicado-en-su-web\/#article","isPartOf":{"@id":"https:\/\/www.eldiario.net\/portal\/2025\/02\/15\/aun-duele-a-los-atigrados-un-error-publicado-en-su-web\/"},"author":{"name":"Jeanette","@id":"https:\/\/www.eldiario.net\/portal\/#\/schema\/person\/f46445640444750d7d753ccd04ae01b7"},"headline":"A\u00fan duele a los atigrados un error publicado en su WEB","datePublished":"2025-02-15T11:48:18+00:00","mainEntityOfPage":{"@id":"https:\/\/www.eldiario.net\/portal\/2025\/02\/15\/aun-duele-a-los-atigrados-un-error-publicado-en-su-web\/"},"wordCount":298,"publisher":{"@id":"https:\/\/www.eldiario.net\/portal\/#organization"},"image":{"@id":"https:\/\/www.eldiario.net\/portal\/2025\/02\/15\/aun-duele-a-los-atigrados-un-error-publicado-en-su-web\/#primaryimage"},"thumbnailUrl":"https:\/\/www.eldiario.net\/portal\/wp-content\/uploads\/2025\/02\/FOTO-3.jpg","articleSection":["Deportes"],"inLanguage":"es"},{"@type":"WebPage","@id":"https:\/\/www.eldiario.net\/portal\/2025\/02\/15\/aun-duele-a-los-atigrados-un-error-publicado-en-su-web\/","url":"https:\/\/www.eldiario.net\/portal\/2025\/02\/15\/aun-duele-a-los-atigrados-un-error-publicado-en-su-web\/","name":"A\u00fan duele a los atigrados un error publicado en su WEB - El Diario - Bolivia","isPartOf":{"@id":"https:\/\/www.eldiario.net\/portal\/#website"},"primaryImageOfPage":{"@id":"https:\/\/www.eldiario.net\/portal\/2025\/02\/15\/aun-duele-a-los-atigrados-un-error-publicado-en-su-web\/#primaryimage"},"image":{"@id":"https:\/\/www.eldiario.net\/portal\/2025\/02\/15\/aun-duele-a-los-atigrados-un-error-publicado-en-su-web\/#primaryimage"},"thumbnailUrl":"https:\/\/www.eldiario.net\/portal\/wp-content\/uploads\/2025\/02\/FOTO-3.jpg","datePublished":"2025-02-15T11:48:18+00:00","breadcrumb":{"@id":"https:\/\/www.eldiario.net\/portal\/2025\/02\/15\/aun-duele-a-los-atigrados-un-error-publicado-en-su-web\/#breadcrumb"},"inLanguage":"es","potentialAction":[{"@type":"ReadAction","target":["https:\/\/www.eldiario.net\/portal\/2025\/02\/15\/aun-duele-a-los-atigrados-un-error-publicado-en-su-web\/"]}]},{"@type":"ImageObject","inLanguage":"es","@id":"https:\/\/www.eldiario.net\/portal\/2025\/02\/15\/aun-duele-a-los-atigrados-un-error-publicado-en-su-web\/#primaryimage","url":"https:\/\/www.eldiario.net\/portal\/wp-content\/uploads\/2025\/02\/FOTO-3.jpg","contentUrl":"https:\/\/www.eldiario.net\/portal\/wp-content\/uploads\/2025\/02\/FOTO-3.jpg","width":344,"height":514},{"@type":"BreadcrumbList","@id":"https:\/\/www.eldiario.net\/portal\/2025\/02\/15\/aun-duele-a-los-atigrados-un-error-publicado-en-su-web\/#breadcrumb","itemListElement":[{"@type":"ListItem","position":1,"name":"Portada","item":"https:\/\/www.eldiario.net\/portal\/"},{"@type":"ListItem","position":2,"name":"A\u00fan duele a los atigrados un error publicado en su WEB"}]},{"@type":"WebSite","@id":"https:\/\/www.eldiario.net\/portal\/#website","url":"https:\/\/www.eldiario.net\/portal\/","name":"El Diario - Decano de la prensa nacional","description":"El Diario - Decano de la prensa nacional","publisher":{"@id":"https:\/\/www.eldiario.net\/portal\/#organization"},"potentialAction":[{"@type":"SearchAction","target":{"@type":"EntryPoint","urlTemplate":"https:\/\/www.eldiario.net\/portal\/?s={search_term_string}"},"query-input":{"@type":"PropertyValueSpecification","valueRequired":true,"valueName":"search_term_string"}}],"inLanguage":"es"},{"@type":"Organization","@id":"https:\/\/www.eldiario.net\/portal\/#organization","name":"El Diario - Decano de la prensa nacional","url":"https:\/\/www.eldiario.net\/portal\/","logo":{"@type":"ImageObject","inLanguage":"es","@id":"https:\/\/www.eldiario.net\/portal\/#\/schema\/logo\/image\/","url":"https:\/\/www.eldiario.net\/portal\/wp-content\/uploads\/2023\/07\/logo_ED.jpg","contentUrl":"https:\/\/www.eldiario.net\/portal\/wp-content\/uploads\/2023\/07\/logo_ED.jpg","width":272,"height":52,"caption":"El Diario - Decano de la prensa nacional"},"image":{"@id":"https:\/\/www.eldiario.net\/portal\/#\/schema\/logo\/image\/"},"sameAs":["https:\/\/www.facebook.com\/eldiario.bolivia\/","https:\/\/x.com\/eldiario_net"]},{"@type":"Person","@id":"https:\/\/www.eldiario.net\/portal\/#\/schema\/person\/f46445640444750d7d753ccd04ae01b7","name":"Jeanette","image":{"@type":"ImageObject","inLanguage":"es","@id":"https:\/\/secure.gravatar.com\/avatar\/3ea2118a5f7dad2b7138b1187a6b7ee55f160b9968b66013c3a3ef39dd7e5798?s=96&d=mm&r=g","url":"https:\/\/secure.gravatar.com\/avatar\/3ea2118a5f7dad2b7138b1187a6b7ee55f160b9968b66013c3a3ef39dd7e5798?s=96&d=mm&r=g","contentUrl":"https:\/\/secure.gravatar.com\/avatar\/3ea2118a5f7dad2b7138b1187a6b7ee55f160b9968b66013c3a3ef39dd7e5798?s=96&d=mm&r=g","caption":"Jeanette"},"sameAs":["https:\/\/www.eldiario.net\/portal"],"url":"https:\/\/www.eldiario.net\/portal\/author\/jeanette\/"}]}},"_links":{"self":[{"href":"https:\/\/www.eldiario.net\/portal\/wp-json\/wp\/v2\/posts\/282057","targetHints":{"allow":["GET"]}}],"collection":[{"href":"https:\/\/www.eldiario.net\/portal\/wp-json\/wp\/v2\/posts"}],"about":[{"href":"https:\/\/www.eldiario.net\/portal\/wp-json\/wp\/v2\/types\/post"}],"author":[{"embeddable":true,"href":"https:\/\/www.eldiario.net\/portal\/wp-json\/wp\/v2\/users\/1"}],"replies":[{"embeddable":true,"href":"https:\/\/www.eldiario.net\/portal\/wp-json\/wp\/v2\/comments?post=282057"}],"version-history":[{"count":1,"href":"https:\/\/www.eldiario.net\/portal\/wp-json\/wp\/v2\/posts\/282057\/revisions"}],"predecessor-version":[{"id":282059,"href":"https:\/\/www.eldiario.net\/portal\/wp-json\/wp\/v2\/posts\/282057\/revisions\/282059"}],"wp:featuredmedia":[{"embeddable":true,"href":"https:\/\/www.eldiario.net\/portal\/wp-json\/wp\/v2\/media\/282058"}],"wp:attachment":[{"href":"https:\/\/www.eldiario.net\/portal\/wp-json\/wp\/v2\/media?parent=282057"}],"wp:term":[{"taxonomy":"category","embeddable":true,"href":"https:\/\/www.eldiario.net\/portal\/wp-json\/wp\/v2\/categories?post=282057"},{"taxonomy":"post_tag","embeddable":true,"href":"https:\/\/www.eldiario.net\/portal\/wp-json\/wp\/v2\/tags?post=282057"}],"curies":[{"name":"wp","href":"https:\/\/api.w.org\/{rel}","templated":true}]}}