{"id":282048,"date":"2025-02-15T07:46:43","date_gmt":"2025-02-15T11:46:43","guid":{"rendered":"https:\/\/www.eldiario.net\/portal\/?p=282048"},"modified":"2025-02-15T07:46:43","modified_gmt":"2025-02-15T11:46:43","slug":"aurora-supera-con-facilidad-a-san-antonio","status":"publish","type":"post","link":"https:\/\/www.eldiario.net\/portal\/2025\/02\/15\/aurora-supera-con-facilidad-a-san-antonio\/","title":{"rendered":"AURORA SUPERA CON FACILIDAD A SAN ANTONIO"},"content":{"rendered":"<p>ENTRE R\u00cdOS.- Aurora gan\u00f3 con paso de parada el encuentro contra San Antonio, por la cuenta de 3-1, en la visita al estadio Carlos Villegas, de Entre R\u00edos, acariciando la clasificaci\u00f3n a los cuartos de final del torneo de verano, con esta victoria en el inicio de esta llave.<br \/>\nCon el 90 por ciento del plantel de la temporada 2024, el Equipo del Pueblo sali\u00f3 vencedor del primero de los dos compromisos que sostendr\u00e1 ante San Antonio, apretando el bot\u00f3n de emergencia en el elenco santo, que ser\u00e1 el representante boliviano en la fase de grupos de la Copa Libertadores de Am\u00e9rica 2025.<br \/>\nDesde un tiro libre, ejecutado desde un costado por Rodrigo Ramallo, lleg\u00f3 el primer gol de la tarde, a los 31 minutos, sorprendiendo al arquero Rodrigo Saracho, quien descuid\u00f3 el palo m\u00e1s cercano.<br \/>\nLos auroristas pasaron al ataque sin dificultad, con la transici\u00f3n del refuerzo Alfredo Amarilla, quien conect\u00f3 con Oswaldo Blanco, que a su vez entreg\u00f3 la pelota a Carlos Sejas para una definici\u00f3n de pierna derecha de frente al p\u00f3rtico, a los 39 minutos (2-0), da\u00f1o una buena impresi\u00f3n con vista a su actuaci\u00f3n en la primera fase de la Copa Sudamericana 2025.<br \/>\nDespu\u00e9s de un inicio din\u00e1mico, el partido cay\u00f3 en un pozo, del cual sali\u00f3 en la recta final con el tercer tanto de los celestes, con un zurdazo de Rolando Escobar, quedando mal parado el arquero Gustavo Salvatierra, quien reemplaz\u00f3 a Saracho.<br \/>\nEn la \u00fanica acci\u00f3n de conjunto para destacar, San Antonio anot\u00f3 el descuento, a los 91 minutos, con un remate desde fuera del \u00e1rea de Gustavo Mendoza. Este fue un mal inicio para los santos, no s\u00f3lo a nivel de juego, sino de recaudaci\u00f3n, porque hubo un centenar de personas en el estadio de Entre R\u00edos.<br \/>\nAlineaciones iniciales:<br \/>\nSan Antonio (1): Rodrigo Saracho, Widen Saucedo, Ren\u00e9 Barbosa, Leonardo Justiniano, Enrique Flores, Hern\u00e1n Rodr\u00edguez, Julio Herrera, Iv\u00e1n Huayhuata, Carlos Su\u00e1rez, Rodrigo Vargas y Jos\u00e9 Trindade.<br \/>\nDT: Julio Baldivieso.<br \/>\nAurora (3): Luis C\u00e1rdenas; Ramiro Ballivi\u00e1n, David Robles, Cristian Enciso, \u00d3scar Vaca, Carlos Sejas, Did\u00ed Torrico, Alfredo Amarilla, Rodrigo Ramallo, Oswaldo Blanco y Jair Reinoso.<br \/>\nDT: Daniel Farrar. (APG)<\/p>\n","protected":false},"excerpt":{"rendered":"<p>ENTRE R\u00cdOS.- Aurora gan\u00f3 con paso de parada el encuentro contra San Antonio, por la cuenta de 3-1, en la visita al estadio Carlos Villegas, de Entre R\u00edos, acariciando la clasificaci\u00f3n a los cuartos de final del torneo de verano, con esta victoria en el inicio de esta llave. Con el 90 por ciento del [&hellip;]<\/p>\n","protected":false},"author":1,"featured_media":282049,"comment_status":"closed","ping_status":"open","sticky":false,"template":"","format":"standard","meta":{"_acf_changed":false,"footnotes":""},"categories":[6],"tags":[],"class_list":["post-282048","post","type-post","status-publish","format-standard","has-post-thumbnail","category-deportes"],"acf":{"antetitulo":""},"yoast_head":"<!-- This site is optimized with the Yoast SEO plugin v28.3 - https:\/\/yoast.com\/product\/yoast-seo-wordpress\/ -->\n<title>AURORA SUPERA CON FACILIDAD A SAN ANTONIO - El Diario - Bolivia<\/title>\n<meta name=\"robots\" content=\"index, follow, max-snippet:-1, max-image-preview:large, max-video-preview:-1\" \/>\n<link rel=\"canonical\" href=\"https:\/\/www.eldiario.net\/portal\/2025\/02\/15\/aurora-supera-con-facilidad-a-san-antonio\/\" \/>\n<meta property=\"og:locale\" content=\"es_ES\" \/>\n<meta property=\"og:type\" content=\"article\" \/>\n<meta property=\"og:title\" content=\"AURORA SUPERA CON FACILIDAD A SAN ANTONIO - El Diario - Bolivia\" \/>\n<meta property=\"og:description\" content=\"ENTRE R\u00cdOS.- Aurora gan\u00f3 con paso de parada el encuentro contra San Antonio, por la cuenta de 3-1, en la visita al estadio Carlos Villegas, de Entre R\u00edos, acariciando la clasificaci\u00f3n a los cuartos de final del torneo de verano, con esta victoria en el inicio de esta llave. Con el 90 por ciento del [&hellip;]\" \/>\n<meta property=\"og:url\" content=\"https:\/\/www.eldiario.net\/portal\/2025\/02\/15\/aurora-supera-con-facilidad-a-san-antonio\/\" \/>\n<meta property=\"og:site_name\" content=\"El Diario - Bolivia\" \/>\n<meta property=\"article:publisher\" content=\"https:\/\/www.facebook.com\/eldiario.bolivia\/\" \/>\n<meta property=\"article:published_time\" content=\"2025-02-15T11:46:43+00:00\" \/>\n<meta property=\"og:image\" content=\"https:\/\/www.eldiario.net\/portal\/wp-content\/uploads\/2025\/02\/FOTO-5.jpg\" \/>\n\t<meta property=\"og:image:width\" content=\"1200\" \/>\n\t<meta property=\"og:image:height\" content=\"1385\" \/>\n\t<meta property=\"og:image:type\" content=\"image\/jpeg\" \/>\n<meta name=\"author\" content=\"Jeanette\" \/>\n<meta name=\"twitter:card\" content=\"summary_large_image\" \/>\n<meta name=\"twitter:creator\" content=\"@eldiario_net\" \/>\n<meta name=\"twitter:site\" content=\"@eldiario_net\" \/>\n<meta name=\"twitter:label1\" content=\"Escrito por\" \/>\n\t<meta name=\"twitter:data1\" content=\"Jeanette\" \/>\n\t<meta name=\"twitter:label2\" content=\"Tiempo de lectura\" \/>\n\t<meta name=\"twitter:data2\" content=\"2 minutos\" \/>\n<script type=\"application\/ld+json\" class=\"yoast-schema-graph\">{\"@context\":\"https:\\\/\\\/schema.org\",\"@graph\":[{\"@type\":\"Article\",\"@id\":\"https:\\\/\\\/www.eldiario.net\\\/portal\\\/2025\\\/02\\\/15\\\/aurora-supera-con-facilidad-a-san-antonio\\\/#article\",\"isPartOf\":{\"@id\":\"https:\\\/\\\/www.eldiario.net\\\/portal\\\/2025\\\/02\\\/15\\\/aurora-supera-con-facilidad-a-san-antonio\\\/\"},\"author\":{\"name\":\"Jeanette\",\"@id\":\"https:\\\/\\\/www.eldiario.net\\\/portal\\\/#\\\/schema\\\/person\\\/f46445640444750d7d753ccd04ae01b7\"},\"headline\":\"AURORA SUPERA CON FACILIDAD A SAN ANTONIO\",\"datePublished\":\"2025-02-15T11:46:43+00:00\",\"mainEntityOfPage\":{\"@id\":\"https:\\\/\\\/www.eldiario.net\\\/portal\\\/2025\\\/02\\\/15\\\/aurora-supera-con-facilidad-a-san-antonio\\\/\"},\"wordCount\":379,\"publisher\":{\"@id\":\"https:\\\/\\\/www.eldiario.net\\\/portal\\\/#organization\"},\"image\":{\"@id\":\"https:\\\/\\\/www.eldiario.net\\\/portal\\\/2025\\\/02\\\/15\\\/aurora-supera-con-facilidad-a-san-antonio\\\/#primaryimage\"},\"thumbnailUrl\":\"https:\\\/\\\/www.eldiario.net\\\/portal\\\/wp-content\\\/uploads\\\/2025\\\/02\\\/FOTO-5.jpg\",\"articleSection\":[\"Deportes\"],\"inLanguage\":\"es\"},{\"@type\":\"WebPage\",\"@id\":\"https:\\\/\\\/www.eldiario.net\\\/portal\\\/2025\\\/02\\\/15\\\/aurora-supera-con-facilidad-a-san-antonio\\\/\",\"url\":\"https:\\\/\\\/www.eldiario.net\\\/portal\\\/2025\\\/02\\\/15\\\/aurora-supera-con-facilidad-a-san-antonio\\\/\",\"name\":\"AURORA SUPERA CON FACILIDAD A SAN ANTONIO - El Diario - Bolivia\",\"isPartOf\":{\"@id\":\"https:\\\/\\\/www.eldiario.net\\\/portal\\\/#website\"},\"primaryImageOfPage\":{\"@id\":\"https:\\\/\\\/www.eldiario.net\\\/portal\\\/2025\\\/02\\\/15\\\/aurora-supera-con-facilidad-a-san-antonio\\\/#primaryimage\"},\"image\":{\"@id\":\"https:\\\/\\\/www.eldiario.net\\\/portal\\\/2025\\\/02\\\/15\\\/aurora-supera-con-facilidad-a-san-antonio\\\/#primaryimage\"},\"thumbnailUrl\":\"https:\\\/\\\/www.eldiario.net\\\/portal\\\/wp-content\\\/uploads\\\/2025\\\/02\\\/FOTO-5.jpg\",\"datePublished\":\"2025-02-15T11:46:43+00:00\",\"breadcrumb\":{\"@id\":\"https:\\\/\\\/www.eldiario.net\\\/portal\\\/2025\\\/02\\\/15\\\/aurora-supera-con-facilidad-a-san-antonio\\\/#breadcrumb\"},\"inLanguage\":\"es\",\"potentialAction\":[{\"@type\":\"ReadAction\",\"target\":[\"https:\\\/\\\/www.eldiario.net\\\/portal\\\/2025\\\/02\\\/15\\\/aurora-supera-con-facilidad-a-san-antonio\\\/\"]}]},{\"@type\":\"ImageObject\",\"inLanguage\":\"es\",\"@id\":\"https:\\\/\\\/www.eldiario.net\\\/portal\\\/2025\\\/02\\\/15\\\/aurora-supera-con-facilidad-a-san-antonio\\\/#primaryimage\",\"url\":\"https:\\\/\\\/www.eldiario.net\\\/portal\\\/wp-content\\\/uploads\\\/2025\\\/02\\\/FOTO-5.jpg\",\"contentUrl\":\"https:\\\/\\\/www.eldiario.net\\\/portal\\\/wp-content\\\/uploads\\\/2025\\\/02\\\/FOTO-5.jpg\",\"width\":1200,\"height\":1385},{\"@type\":\"BreadcrumbList\",\"@id\":\"https:\\\/\\\/www.eldiario.net\\\/portal\\\/2025\\\/02\\\/15\\\/aurora-supera-con-facilidad-a-san-antonio\\\/#breadcrumb\",\"itemListElement\":[{\"@type\":\"ListItem\",\"position\":1,\"name\":\"Portada\",\"item\":\"https:\\\/\\\/www.eldiario.net\\\/portal\\\/\"},{\"@type\":\"ListItem\",\"position\":2,\"name\":\"AURORA SUPERA CON FACILIDAD A SAN ANTONIO\"}]},{\"@type\":\"WebSite\",\"@id\":\"https:\\\/\\\/www.eldiario.net\\\/portal\\\/#website\",\"url\":\"https:\\\/\\\/www.eldiario.net\\\/portal\\\/\",\"name\":\"El Diario - Decano de la prensa nacional\",\"description\":\"El Diario - Decano de la prensa nacional\",\"publisher\":{\"@id\":\"https:\\\/\\\/www.eldiario.net\\\/portal\\\/#organization\"},\"potentialAction\":[{\"@type\":\"SearchAction\",\"target\":{\"@type\":\"EntryPoint\",\"urlTemplate\":\"https:\\\/\\\/www.eldiario.net\\\/portal\\\/?s={search_term_string}\"},\"query-input\":{\"@type\":\"PropertyValueSpecification\",\"valueRequired\":true,\"valueName\":\"search_term_string\"}}],\"inLanguage\":\"es\"},{\"@type\":\"Organization\",\"@id\":\"https:\\\/\\\/www.eldiario.net\\\/portal\\\/#organization\",\"name\":\"El Diario - Decano de la prensa nacional\",\"url\":\"https:\\\/\\\/www.eldiario.net\\\/portal\\\/\",\"logo\":{\"@type\":\"ImageObject\",\"inLanguage\":\"es\",\"@id\":\"https:\\\/\\\/www.eldiario.net\\\/portal\\\/#\\\/schema\\\/logo\\\/image\\\/\",\"url\":\"https:\\\/\\\/www.eldiario.net\\\/portal\\\/wp-content\\\/uploads\\\/2023\\\/07\\\/logo_ED.jpg\",\"contentUrl\":\"https:\\\/\\\/www.eldiario.net\\\/portal\\\/wp-content\\\/uploads\\\/2023\\\/07\\\/logo_ED.jpg\",\"width\":272,\"height\":52,\"caption\":\"El Diario - Decano de la prensa nacional\"},\"image\":{\"@id\":\"https:\\\/\\\/www.eldiario.net\\\/portal\\\/#\\\/schema\\\/logo\\\/image\\\/\"},\"sameAs\":[\"https:\\\/\\\/www.facebook.com\\\/eldiario.bolivia\\\/\",\"https:\\\/\\\/x.com\\\/eldiario_net\"]},{\"@type\":\"Person\",\"@id\":\"https:\\\/\\\/www.eldiario.net\\\/portal\\\/#\\\/schema\\\/person\\\/f46445640444750d7d753ccd04ae01b7\",\"name\":\"Jeanette\",\"image\":{\"@type\":\"ImageObject\",\"inLanguage\":\"es\",\"@id\":\"https:\\\/\\\/secure.gravatar.com\\\/avatar\\\/3ea2118a5f7dad2b7138b1187a6b7ee55f160b9968b66013c3a3ef39dd7e5798?s=96&d=mm&r=g\",\"url\":\"https:\\\/\\\/secure.gravatar.com\\\/avatar\\\/3ea2118a5f7dad2b7138b1187a6b7ee55f160b9968b66013c3a3ef39dd7e5798?s=96&d=mm&r=g\",\"contentUrl\":\"https:\\\/\\\/secure.gravatar.com\\\/avatar\\\/3ea2118a5f7dad2b7138b1187a6b7ee55f160b9968b66013c3a3ef39dd7e5798?s=96&d=mm&r=g\",\"caption\":\"Jeanette\"},\"sameAs\":[\"https:\\\/\\\/www.eldiario.net\\\/portal\"],\"url\":\"https:\\\/\\\/www.eldiario.net\\\/portal\\\/author\\\/jeanette\\\/\"}]}<\/script>\n<!-- \/ Yoast SEO plugin. -->","yoast_head_json":{"title":"AURORA SUPERA CON FACILIDAD A SAN ANTONIO - El Diario - Bolivia","robots":{"index":"index","follow":"follow","max-snippet":"max-snippet:-1","max-image-preview":"max-image-preview:large","max-video-preview":"max-video-preview:-1"},"canonical":"https:\/\/www.eldiario.net\/portal\/2025\/02\/15\/aurora-supera-con-facilidad-a-san-antonio\/","og_locale":"es_ES","og_type":"article","og_title":"AURORA SUPERA CON FACILIDAD A SAN ANTONIO - El Diario - Bolivia","og_description":"ENTRE R\u00cdOS.- Aurora gan\u00f3 con paso de parada el encuentro contra San Antonio, por la cuenta de 3-1, en la visita al estadio Carlos Villegas, de Entre R\u00edos, acariciando la clasificaci\u00f3n a los cuartos de final del torneo de verano, con esta victoria en el inicio de esta llave. Con el 90 por ciento del [&hellip;]","og_url":"https:\/\/www.eldiario.net\/portal\/2025\/02\/15\/aurora-supera-con-facilidad-a-san-antonio\/","og_site_name":"El Diario - Bolivia","article_publisher":"https:\/\/www.facebook.com\/eldiario.bolivia\/","article_published_time":"2025-02-15T11:46:43+00:00","og_image":[{"width":1200,"height":1385,"url":"https:\/\/www.eldiario.net\/portal\/wp-content\/uploads\/2025\/02\/FOTO-5.jpg","type":"image\/jpeg"}],"author":"Jeanette","twitter_card":"summary_large_image","twitter_creator":"@eldiario_net","twitter_site":"@eldiario_net","twitter_misc":{"Escrito por":"Jeanette","Tiempo de lectura":"2 minutos"},"schema":{"@context":"https:\/\/schema.org","@graph":[{"@type":"Article","@id":"https:\/\/www.eldiario.net\/portal\/2025\/02\/15\/aurora-supera-con-facilidad-a-san-antonio\/#article","isPartOf":{"@id":"https:\/\/www.eldiario.net\/portal\/2025\/02\/15\/aurora-supera-con-facilidad-a-san-antonio\/"},"author":{"name":"Jeanette","@id":"https:\/\/www.eldiario.net\/portal\/#\/schema\/person\/f46445640444750d7d753ccd04ae01b7"},"headline":"AURORA SUPERA CON FACILIDAD A SAN ANTONIO","datePublished":"2025-02-15T11:46:43+00:00","mainEntityOfPage":{"@id":"https:\/\/www.eldiario.net\/portal\/2025\/02\/15\/aurora-supera-con-facilidad-a-san-antonio\/"},"wordCount":379,"publisher":{"@id":"https:\/\/www.eldiario.net\/portal\/#organization"},"image":{"@id":"https:\/\/www.eldiario.net\/portal\/2025\/02\/15\/aurora-supera-con-facilidad-a-san-antonio\/#primaryimage"},"thumbnailUrl":"https:\/\/www.eldiario.net\/portal\/wp-content\/uploads\/2025\/02\/FOTO-5.jpg","articleSection":["Deportes"],"inLanguage":"es"},{"@type":"WebPage","@id":"https:\/\/www.eldiario.net\/portal\/2025\/02\/15\/aurora-supera-con-facilidad-a-san-antonio\/","url":"https:\/\/www.eldiario.net\/portal\/2025\/02\/15\/aurora-supera-con-facilidad-a-san-antonio\/","name":"AURORA SUPERA CON FACILIDAD A SAN ANTONIO - El Diario - Bolivia","isPartOf":{"@id":"https:\/\/www.eldiario.net\/portal\/#website"},"primaryImageOfPage":{"@id":"https:\/\/www.eldiario.net\/portal\/2025\/02\/15\/aurora-supera-con-facilidad-a-san-antonio\/#primaryimage"},"image":{"@id":"https:\/\/www.eldiario.net\/portal\/2025\/02\/15\/aurora-supera-con-facilidad-a-san-antonio\/#primaryimage"},"thumbnailUrl":"https:\/\/www.eldiario.net\/portal\/wp-content\/uploads\/2025\/02\/FOTO-5.jpg","datePublished":"2025-02-15T11:46:43+00:00","breadcrumb":{"@id":"https:\/\/www.eldiario.net\/portal\/2025\/02\/15\/aurora-supera-con-facilidad-a-san-antonio\/#breadcrumb"},"inLanguage":"es","potentialAction":[{"@type":"ReadAction","target":["https:\/\/www.eldiario.net\/portal\/2025\/02\/15\/aurora-supera-con-facilidad-a-san-antonio\/"]}]},{"@type":"ImageObject","inLanguage":"es","@id":"https:\/\/www.eldiario.net\/portal\/2025\/02\/15\/aurora-supera-con-facilidad-a-san-antonio\/#primaryimage","url":"https:\/\/www.eldiario.net\/portal\/wp-content\/uploads\/2025\/02\/FOTO-5.jpg","contentUrl":"https:\/\/www.eldiario.net\/portal\/wp-content\/uploads\/2025\/02\/FOTO-5.jpg","width":1200,"height":1385},{"@type":"BreadcrumbList","@id":"https:\/\/www.eldiario.net\/portal\/2025\/02\/15\/aurora-supera-con-facilidad-a-san-antonio\/#breadcrumb","itemListElement":[{"@type":"ListItem","position":1,"name":"Portada","item":"https:\/\/www.eldiario.net\/portal\/"},{"@type":"ListItem","position":2,"name":"AURORA SUPERA CON FACILIDAD A SAN ANTONIO"}]},{"@type":"WebSite","@id":"https:\/\/www.eldiario.net\/portal\/#website","url":"https:\/\/www.eldiario.net\/portal\/","name":"El Diario - Decano de la prensa nacional","description":"El Diario - Decano de la prensa nacional","publisher":{"@id":"https:\/\/www.eldiario.net\/portal\/#organization"},"potentialAction":[{"@type":"SearchAction","target":{"@type":"EntryPoint","urlTemplate":"https:\/\/www.eldiario.net\/portal\/?s={search_term_string}"},"query-input":{"@type":"PropertyValueSpecification","valueRequired":true,"valueName":"search_term_string"}}],"inLanguage":"es"},{"@type":"Organization","@id":"https:\/\/www.eldiario.net\/portal\/#organization","name":"El Diario - Decano de la prensa nacional","url":"https:\/\/www.eldiario.net\/portal\/","logo":{"@type":"ImageObject","inLanguage":"es","@id":"https:\/\/www.eldiario.net\/portal\/#\/schema\/logo\/image\/","url":"https:\/\/www.eldiario.net\/portal\/wp-content\/uploads\/2023\/07\/logo_ED.jpg","contentUrl":"https:\/\/www.eldiario.net\/portal\/wp-content\/uploads\/2023\/07\/logo_ED.jpg","width":272,"height":52,"caption":"El Diario - Decano de la prensa nacional"},"image":{"@id":"https:\/\/www.eldiario.net\/portal\/#\/schema\/logo\/image\/"},"sameAs":["https:\/\/www.facebook.com\/eldiario.bolivia\/","https:\/\/x.com\/eldiario_net"]},{"@type":"Person","@id":"https:\/\/www.eldiario.net\/portal\/#\/schema\/person\/f46445640444750d7d753ccd04ae01b7","name":"Jeanette","image":{"@type":"ImageObject","inLanguage":"es","@id":"https:\/\/secure.gravatar.com\/avatar\/3ea2118a5f7dad2b7138b1187a6b7ee55f160b9968b66013c3a3ef39dd7e5798?s=96&d=mm&r=g","url":"https:\/\/secure.gravatar.com\/avatar\/3ea2118a5f7dad2b7138b1187a6b7ee55f160b9968b66013c3a3ef39dd7e5798?s=96&d=mm&r=g","contentUrl":"https:\/\/secure.gravatar.com\/avatar\/3ea2118a5f7dad2b7138b1187a6b7ee55f160b9968b66013c3a3ef39dd7e5798?s=96&d=mm&r=g","caption":"Jeanette"},"sameAs":["https:\/\/www.eldiario.net\/portal"],"url":"https:\/\/www.eldiario.net\/portal\/author\/jeanette\/"}]}},"_links":{"self":[{"href":"https:\/\/www.eldiario.net\/portal\/wp-json\/wp\/v2\/posts\/282048","targetHints":{"allow":["GET"]}}],"collection":[{"href":"https:\/\/www.eldiario.net\/portal\/wp-json\/wp\/v2\/posts"}],"about":[{"href":"https:\/\/www.eldiario.net\/portal\/wp-json\/wp\/v2\/types\/post"}],"author":[{"embeddable":true,"href":"https:\/\/www.eldiario.net\/portal\/wp-json\/wp\/v2\/users\/1"}],"replies":[{"embeddable":true,"href":"https:\/\/www.eldiario.net\/portal\/wp-json\/wp\/v2\/comments?post=282048"}],"version-history":[{"count":1,"href":"https:\/\/www.eldiario.net\/portal\/wp-json\/wp\/v2\/posts\/282048\/revisions"}],"predecessor-version":[{"id":282050,"href":"https:\/\/www.eldiario.net\/portal\/wp-json\/wp\/v2\/posts\/282048\/revisions\/282050"}],"wp:featuredmedia":[{"embeddable":true,"href":"https:\/\/www.eldiario.net\/portal\/wp-json\/wp\/v2\/media\/282049"}],"wp:attachment":[{"href":"https:\/\/www.eldiario.net\/portal\/wp-json\/wp\/v2\/media?parent=282048"}],"wp:term":[{"taxonomy":"category","embeddable":true,"href":"https:\/\/www.eldiario.net\/portal\/wp-json\/wp\/v2\/categories?post=282048"},{"taxonomy":"post_tag","embeddable":true,"href":"https:\/\/www.eldiario.net\/portal\/wp-json\/wp\/v2\/tags?post=282048"}],"curies":[{"name":"wp","href":"https:\/\/api.w.org\/{rel}","templated":true}]}}