{"id":281874,"date":"2025-02-14T18:46:57","date_gmt":"2025-02-14T22:46:57","guid":{"rendered":"https:\/\/www.eldiario.net\/portal\/?p=281874"},"modified":"2025-02-14T18:46:57","modified_gmt":"2025-02-14T22:46:57","slug":"ataque-a-convoy-de-la-onu-en-libano-deja-un-herido-y-un-vehiculo-incendiado-1844","status":"publish","type":"post","link":"https:\/\/www.eldiario.net\/portal\/2025\/02\/14\/ataque-a-convoy-de-la-onu-en-libano-deja-un-herido-y-un-vehiculo-incendiado-1844\/","title":{"rendered":"Ataque a convoy de la ONU en L\u00edbano deja un herido y un veh\u00edculo incendiado. (18:44)"},"content":{"rendered":"<p>Un grupo de seguidores de Hezbol\u00e1 atac\u00f3 este viernes un convoy de la Fuerza Interina de Naciones Unidas en L\u00edbano (FINUL), incendiando uno de sus veh\u00edculos y dejando un herido. El Ej\u00e9rcito liban\u00e9s conden\u00f3 los hechos y prometi\u00f3 detener a los responsables, mientras que la ONU calific\u00f3 el ataque como una \u201cflagrante violaci\u00f3n del Derecho Internacional\u201d y exigi\u00f3 una investigaci\u00f3n inmediata.<\/p>\n<p>El primer ministro liban\u00e9s, Nawaf Salam, conden\u00f3 el ataque y orden\u00f3 medidas urgentes para identificar a los agresores. El incidente se produce en un contexto de creciente tensi\u00f3n tras la prohibici\u00f3n del aterrizaje de un avi\u00f3n iran\u00ed en Beirut, en medio de acusaciones de Israel sobre presuntos fondos de contrabando para Hezbol\u00e1 a trav\u00e9s de vuelos civiles.<\/p>\n","protected":false},"excerpt":{"rendered":"<p>Un grupo de seguidores de Hezbol\u00e1 atac\u00f3 este viernes un convoy de la Fuerza Interina de Naciones Unidas en L\u00edbano (FINUL), incendiando uno de sus veh\u00edculos y dejando un herido. El Ej\u00e9rcito liban\u00e9s conden\u00f3 los hechos y prometi\u00f3 detener a los responsables, mientras que la ONU calific\u00f3 el ataque como una \u201cflagrante violaci\u00f3n del Derecho [&hellip;]<\/p>\n","protected":false},"author":7,"featured_media":281876,"comment_status":"closed","ping_status":"open","sticky":false,"template":"","format":"standard","meta":{"_acf_changed":false,"footnotes":""},"categories":[51],"tags":[],"class_list":["post-281874","post","type-post","status-publish","format-standard","has-post-thumbnail","category-ultima-hora"],"acf":{"antetitulo":""},"yoast_head":"<!-- This site is optimized with the Yoast SEO plugin v28.3 - https:\/\/yoast.com\/product\/yoast-seo-wordpress\/ -->\n<title>Ataque a convoy de la ONU en L\u00edbano deja un herido y un veh\u00edculo incendiado. (18:44) - El Diario - Bolivia<\/title>\n<meta name=\"robots\" content=\"index, follow, max-snippet:-1, max-image-preview:large, max-video-preview:-1\" \/>\n<link rel=\"canonical\" href=\"https:\/\/www.eldiario.net\/portal\/2025\/02\/14\/ataque-a-convoy-de-la-onu-en-libano-deja-un-herido-y-un-vehiculo-incendiado-1844\/\" \/>\n<meta property=\"og:locale\" content=\"es_ES\" \/>\n<meta property=\"og:type\" content=\"article\" \/>\n<meta property=\"og:title\" content=\"Ataque a convoy de la ONU en L\u00edbano deja un herido y un veh\u00edculo incendiado. (18:44) - El Diario - Bolivia\" \/>\n<meta property=\"og:description\" content=\"Un grupo de seguidores de Hezbol\u00e1 atac\u00f3 este viernes un convoy de la Fuerza Interina de Naciones Unidas en L\u00edbano (FINUL), incendiando uno de sus veh\u00edculos y dejando un herido. El Ej\u00e9rcito liban\u00e9s conden\u00f3 los hechos y prometi\u00f3 detener a los responsables, mientras que la ONU calific\u00f3 el ataque como una \u201cflagrante violaci\u00f3n del Derecho [&hellip;]\" \/>\n<meta property=\"og:url\" content=\"https:\/\/www.eldiario.net\/portal\/2025\/02\/14\/ataque-a-convoy-de-la-onu-en-libano-deja-un-herido-y-un-vehiculo-incendiado-1844\/\" \/>\n<meta property=\"og:site_name\" content=\"El Diario - Bolivia\" \/>\n<meta property=\"article:publisher\" content=\"https:\/\/www.facebook.com\/eldiario.bolivia\/\" \/>\n<meta property=\"article:published_time\" content=\"2025-02-14T22:46:57+00:00\" \/>\n<meta property=\"og:image\" content=\"https:\/\/www.eldiario.net\/portal\/wp-content\/uploads\/2025\/02\/nawaf-salam-e1739573150368.jpg\" \/>\n\t<meta property=\"og:image:width\" content=\"320\" \/>\n\t<meta property=\"og:image:height\" content=\"209\" \/>\n\t<meta property=\"og:image:type\" content=\"image\/jpeg\" \/>\n<meta name=\"author\" content=\"Viviana Monrroy\" \/>\n<meta name=\"twitter:card\" content=\"summary_large_image\" \/>\n<meta name=\"twitter:creator\" content=\"@eldiario_net\" \/>\n<meta name=\"twitter:site\" content=\"@eldiario_net\" \/>\n<meta name=\"twitter:label1\" content=\"Escrito por\" \/>\n\t<meta name=\"twitter:data1\" content=\"Viviana Monrroy\" \/>\n\t<meta name=\"twitter:label2\" content=\"Tiempo de lectura\" \/>\n\t<meta name=\"twitter:data2\" content=\"1 minuto\" \/>\n<script type=\"application\/ld+json\" class=\"yoast-schema-graph\">{\"@context\":\"https:\\\/\\\/schema.org\",\"@graph\":[{\"@type\":\"Article\",\"@id\":\"https:\\\/\\\/www.eldiario.net\\\/portal\\\/2025\\\/02\\\/14\\\/ataque-a-convoy-de-la-onu-en-libano-deja-un-herido-y-un-vehiculo-incendiado-1844\\\/#article\",\"isPartOf\":{\"@id\":\"https:\\\/\\\/www.eldiario.net\\\/portal\\\/2025\\\/02\\\/14\\\/ataque-a-convoy-de-la-onu-en-libano-deja-un-herido-y-un-vehiculo-incendiado-1844\\\/\"},\"author\":{\"name\":\"Viviana Monrroy\",\"@id\":\"https:\\\/\\\/www.eldiario.net\\\/portal\\\/#\\\/schema\\\/person\\\/ba370d92d160f4d3574381f6d9b78fab\"},\"headline\":\"Ataque a convoy de la ONU en L\u00edbano deja un herido y un veh\u00edculo incendiado. (18:44)\",\"datePublished\":\"2025-02-14T22:46:57+00:00\",\"mainEntityOfPage\":{\"@id\":\"https:\\\/\\\/www.eldiario.net\\\/portal\\\/2025\\\/02\\\/14\\\/ataque-a-convoy-de-la-onu-en-libano-deja-un-herido-y-un-vehiculo-incendiado-1844\\\/\"},\"wordCount\":146,\"publisher\":{\"@id\":\"https:\\\/\\\/www.eldiario.net\\\/portal\\\/#organization\"},\"image\":{\"@id\":\"https:\\\/\\\/www.eldiario.net\\\/portal\\\/2025\\\/02\\\/14\\\/ataque-a-convoy-de-la-onu-en-libano-deja-un-herido-y-un-vehiculo-incendiado-1844\\\/#primaryimage\"},\"thumbnailUrl\":\"https:\\\/\\\/www.eldiario.net\\\/portal\\\/wp-content\\\/uploads\\\/2025\\\/02\\\/nawaf-salam-e1739573150368.jpg\",\"articleSection\":[\"\u00daltima Hora\"],\"inLanguage\":\"es\"},{\"@type\":\"WebPage\",\"@id\":\"https:\\\/\\\/www.eldiario.net\\\/portal\\\/2025\\\/02\\\/14\\\/ataque-a-convoy-de-la-onu-en-libano-deja-un-herido-y-un-vehiculo-incendiado-1844\\\/\",\"url\":\"https:\\\/\\\/www.eldiario.net\\\/portal\\\/2025\\\/02\\\/14\\\/ataque-a-convoy-de-la-onu-en-libano-deja-un-herido-y-un-vehiculo-incendiado-1844\\\/\",\"name\":\"Ataque a convoy de la ONU en L\u00edbano deja un herido y un veh\u00edculo incendiado. (18:44) - El Diario - Bolivia\",\"isPartOf\":{\"@id\":\"https:\\\/\\\/www.eldiario.net\\\/portal\\\/#website\"},\"primaryImageOfPage\":{\"@id\":\"https:\\\/\\\/www.eldiario.net\\\/portal\\\/2025\\\/02\\\/14\\\/ataque-a-convoy-de-la-onu-en-libano-deja-un-herido-y-un-vehiculo-incendiado-1844\\\/#primaryimage\"},\"image\":{\"@id\":\"https:\\\/\\\/www.eldiario.net\\\/portal\\\/2025\\\/02\\\/14\\\/ataque-a-convoy-de-la-onu-en-libano-deja-un-herido-y-un-vehiculo-incendiado-1844\\\/#primaryimage\"},\"thumbnailUrl\":\"https:\\\/\\\/www.eldiario.net\\\/portal\\\/wp-content\\\/uploads\\\/2025\\\/02\\\/nawaf-salam-e1739573150368.jpg\",\"datePublished\":\"2025-02-14T22:46:57+00:00\",\"breadcrumb\":{\"@id\":\"https:\\\/\\\/www.eldiario.net\\\/portal\\\/2025\\\/02\\\/14\\\/ataque-a-convoy-de-la-onu-en-libano-deja-un-herido-y-un-vehiculo-incendiado-1844\\\/#breadcrumb\"},\"inLanguage\":\"es\",\"potentialAction\":[{\"@type\":\"ReadAction\",\"target\":[\"https:\\\/\\\/www.eldiario.net\\\/portal\\\/2025\\\/02\\\/14\\\/ataque-a-convoy-de-la-onu-en-libano-deja-un-herido-y-un-vehiculo-incendiado-1844\\\/\"]}]},{\"@type\":\"ImageObject\",\"inLanguage\":\"es\",\"@id\":\"https:\\\/\\\/www.eldiario.net\\\/portal\\\/2025\\\/02\\\/14\\\/ataque-a-convoy-de-la-onu-en-libano-deja-un-herido-y-un-vehiculo-incendiado-1844\\\/#primaryimage\",\"url\":\"https:\\\/\\\/www.eldiario.net\\\/portal\\\/wp-content\\\/uploads\\\/2025\\\/02\\\/nawaf-salam-e1739573150368.jpg\",\"contentUrl\":\"https:\\\/\\\/www.eldiario.net\\\/portal\\\/wp-content\\\/uploads\\\/2025\\\/02\\\/nawaf-salam-e1739573150368.jpg\",\"width\":320,\"height\":209,\"caption\":\"Foto: Nawaf Salam (RR.SS.)\"},{\"@type\":\"BreadcrumbList\",\"@id\":\"https:\\\/\\\/www.eldiario.net\\\/portal\\\/2025\\\/02\\\/14\\\/ataque-a-convoy-de-la-onu-en-libano-deja-un-herido-y-un-vehiculo-incendiado-1844\\\/#breadcrumb\",\"itemListElement\":[{\"@type\":\"ListItem\",\"position\":1,\"name\":\"Portada\",\"item\":\"https:\\\/\\\/www.eldiario.net\\\/portal\\\/\"},{\"@type\":\"ListItem\",\"position\":2,\"name\":\"Ataque a convoy de la ONU en L\u00edbano deja un herido y un veh\u00edculo incendiado. (18:44)\"}]},{\"@type\":\"WebSite\",\"@id\":\"https:\\\/\\\/www.eldiario.net\\\/portal\\\/#website\",\"url\":\"https:\\\/\\\/www.eldiario.net\\\/portal\\\/\",\"name\":\"El Diario - Decano de la prensa nacional\",\"description\":\"El Diario - Decano de la prensa nacional\",\"publisher\":{\"@id\":\"https:\\\/\\\/www.eldiario.net\\\/portal\\\/#organization\"},\"potentialAction\":[{\"@type\":\"SearchAction\",\"target\":{\"@type\":\"EntryPoint\",\"urlTemplate\":\"https:\\\/\\\/www.eldiario.net\\\/portal\\\/?s={search_term_string}\"},\"query-input\":{\"@type\":\"PropertyValueSpecification\",\"valueRequired\":true,\"valueName\":\"search_term_string\"}}],\"inLanguage\":\"es\"},{\"@type\":\"Organization\",\"@id\":\"https:\\\/\\\/www.eldiario.net\\\/portal\\\/#organization\",\"name\":\"El Diario - Decano de la prensa nacional\",\"url\":\"https:\\\/\\\/www.eldiario.net\\\/portal\\\/\",\"logo\":{\"@type\":\"ImageObject\",\"inLanguage\":\"es\",\"@id\":\"https:\\\/\\\/www.eldiario.net\\\/portal\\\/#\\\/schema\\\/logo\\\/image\\\/\",\"url\":\"https:\\\/\\\/www.eldiario.net\\\/portal\\\/wp-content\\\/uploads\\\/2023\\\/07\\\/logo_ED.jpg\",\"contentUrl\":\"https:\\\/\\\/www.eldiario.net\\\/portal\\\/wp-content\\\/uploads\\\/2023\\\/07\\\/logo_ED.jpg\",\"width\":272,\"height\":52,\"caption\":\"El Diario - Decano de la prensa nacional\"},\"image\":{\"@id\":\"https:\\\/\\\/www.eldiario.net\\\/portal\\\/#\\\/schema\\\/logo\\\/image\\\/\"},\"sameAs\":[\"https:\\\/\\\/www.facebook.com\\\/eldiario.bolivia\\\/\",\"https:\\\/\\\/x.com\\\/eldiario_net\"]},{\"@type\":\"Person\",\"@id\":\"https:\\\/\\\/www.eldiario.net\\\/portal\\\/#\\\/schema\\\/person\\\/ba370d92d160f4d3574381f6d9b78fab\",\"name\":\"Viviana Monrroy\",\"image\":{\"@type\":\"ImageObject\",\"inLanguage\":\"es\",\"@id\":\"https:\\\/\\\/secure.gravatar.com\\\/avatar\\\/dfd1611ed5600959a0e5a9754503b6c05d1dcf190010998e0363aee2ad98afca?s=96&d=mm&r=g\",\"url\":\"https:\\\/\\\/secure.gravatar.com\\\/avatar\\\/dfd1611ed5600959a0e5a9754503b6c05d1dcf190010998e0363aee2ad98afca?s=96&d=mm&r=g\",\"contentUrl\":\"https:\\\/\\\/secure.gravatar.com\\\/avatar\\\/dfd1611ed5600959a0e5a9754503b6c05d1dcf190010998e0363aee2ad98afca?s=96&d=mm&r=g\",\"caption\":\"Viviana Monrroy\"},\"sameAs\":[\"http:\\\/\\\/www.eldiario.net\"],\"url\":\"https:\\\/\\\/www.eldiario.net\\\/portal\\\/author\\\/vivianamonrroy\\\/\"}]}<\/script>\n<!-- \/ Yoast SEO plugin. -->","yoast_head_json":{"title":"Ataque a convoy de la ONU en L\u00edbano deja un herido y un veh\u00edculo incendiado. (18:44) - El Diario - Bolivia","robots":{"index":"index","follow":"follow","max-snippet":"max-snippet:-1","max-image-preview":"max-image-preview:large","max-video-preview":"max-video-preview:-1"},"canonical":"https:\/\/www.eldiario.net\/portal\/2025\/02\/14\/ataque-a-convoy-de-la-onu-en-libano-deja-un-herido-y-un-vehiculo-incendiado-1844\/","og_locale":"es_ES","og_type":"article","og_title":"Ataque a convoy de la ONU en L\u00edbano deja un herido y un veh\u00edculo incendiado. (18:44) - El Diario - Bolivia","og_description":"Un grupo de seguidores de Hezbol\u00e1 atac\u00f3 este viernes un convoy de la Fuerza Interina de Naciones Unidas en L\u00edbano (FINUL), incendiando uno de sus veh\u00edculos y dejando un herido. El Ej\u00e9rcito liban\u00e9s conden\u00f3 los hechos y prometi\u00f3 detener a los responsables, mientras que la ONU calific\u00f3 el ataque como una \u201cflagrante violaci\u00f3n del Derecho [&hellip;]","og_url":"https:\/\/www.eldiario.net\/portal\/2025\/02\/14\/ataque-a-convoy-de-la-onu-en-libano-deja-un-herido-y-un-vehiculo-incendiado-1844\/","og_site_name":"El Diario - Bolivia","article_publisher":"https:\/\/www.facebook.com\/eldiario.bolivia\/","article_published_time":"2025-02-14T22:46:57+00:00","og_image":[{"width":320,"height":209,"url":"https:\/\/www.eldiario.net\/portal\/wp-content\/uploads\/2025\/02\/nawaf-salam-e1739573150368.jpg","type":"image\/jpeg"}],"author":"Viviana Monrroy","twitter_card":"summary_large_image","twitter_creator":"@eldiario_net","twitter_site":"@eldiario_net","twitter_misc":{"Escrito por":"Viviana Monrroy","Tiempo de lectura":"1 minuto"},"schema":{"@context":"https:\/\/schema.org","@graph":[{"@type":"Article","@id":"https:\/\/www.eldiario.net\/portal\/2025\/02\/14\/ataque-a-convoy-de-la-onu-en-libano-deja-un-herido-y-un-vehiculo-incendiado-1844\/#article","isPartOf":{"@id":"https:\/\/www.eldiario.net\/portal\/2025\/02\/14\/ataque-a-convoy-de-la-onu-en-libano-deja-un-herido-y-un-vehiculo-incendiado-1844\/"},"author":{"name":"Viviana Monrroy","@id":"https:\/\/www.eldiario.net\/portal\/#\/schema\/person\/ba370d92d160f4d3574381f6d9b78fab"},"headline":"Ataque a convoy de la ONU en L\u00edbano deja un herido y un veh\u00edculo incendiado. (18:44)","datePublished":"2025-02-14T22:46:57+00:00","mainEntityOfPage":{"@id":"https:\/\/www.eldiario.net\/portal\/2025\/02\/14\/ataque-a-convoy-de-la-onu-en-libano-deja-un-herido-y-un-vehiculo-incendiado-1844\/"},"wordCount":146,"publisher":{"@id":"https:\/\/www.eldiario.net\/portal\/#organization"},"image":{"@id":"https:\/\/www.eldiario.net\/portal\/2025\/02\/14\/ataque-a-convoy-de-la-onu-en-libano-deja-un-herido-y-un-vehiculo-incendiado-1844\/#primaryimage"},"thumbnailUrl":"https:\/\/www.eldiario.net\/portal\/wp-content\/uploads\/2025\/02\/nawaf-salam-e1739573150368.jpg","articleSection":["\u00daltima Hora"],"inLanguage":"es"},{"@type":"WebPage","@id":"https:\/\/www.eldiario.net\/portal\/2025\/02\/14\/ataque-a-convoy-de-la-onu-en-libano-deja-un-herido-y-un-vehiculo-incendiado-1844\/","url":"https:\/\/www.eldiario.net\/portal\/2025\/02\/14\/ataque-a-convoy-de-la-onu-en-libano-deja-un-herido-y-un-vehiculo-incendiado-1844\/","name":"Ataque a convoy de la ONU en L\u00edbano deja un herido y un veh\u00edculo incendiado. (18:44) - El Diario - Bolivia","isPartOf":{"@id":"https:\/\/www.eldiario.net\/portal\/#website"},"primaryImageOfPage":{"@id":"https:\/\/www.eldiario.net\/portal\/2025\/02\/14\/ataque-a-convoy-de-la-onu-en-libano-deja-un-herido-y-un-vehiculo-incendiado-1844\/#primaryimage"},"image":{"@id":"https:\/\/www.eldiario.net\/portal\/2025\/02\/14\/ataque-a-convoy-de-la-onu-en-libano-deja-un-herido-y-un-vehiculo-incendiado-1844\/#primaryimage"},"thumbnailUrl":"https:\/\/www.eldiario.net\/portal\/wp-content\/uploads\/2025\/02\/nawaf-salam-e1739573150368.jpg","datePublished":"2025-02-14T22:46:57+00:00","breadcrumb":{"@id":"https:\/\/www.eldiario.net\/portal\/2025\/02\/14\/ataque-a-convoy-de-la-onu-en-libano-deja-un-herido-y-un-vehiculo-incendiado-1844\/#breadcrumb"},"inLanguage":"es","potentialAction":[{"@type":"ReadAction","target":["https:\/\/www.eldiario.net\/portal\/2025\/02\/14\/ataque-a-convoy-de-la-onu-en-libano-deja-un-herido-y-un-vehiculo-incendiado-1844\/"]}]},{"@type":"ImageObject","inLanguage":"es","@id":"https:\/\/www.eldiario.net\/portal\/2025\/02\/14\/ataque-a-convoy-de-la-onu-en-libano-deja-un-herido-y-un-vehiculo-incendiado-1844\/#primaryimage","url":"https:\/\/www.eldiario.net\/portal\/wp-content\/uploads\/2025\/02\/nawaf-salam-e1739573150368.jpg","contentUrl":"https:\/\/www.eldiario.net\/portal\/wp-content\/uploads\/2025\/02\/nawaf-salam-e1739573150368.jpg","width":320,"height":209,"caption":"Foto: Nawaf Salam (RR.SS.)"},{"@type":"BreadcrumbList","@id":"https:\/\/www.eldiario.net\/portal\/2025\/02\/14\/ataque-a-convoy-de-la-onu-en-libano-deja-un-herido-y-un-vehiculo-incendiado-1844\/#breadcrumb","itemListElement":[{"@type":"ListItem","position":1,"name":"Portada","item":"https:\/\/www.eldiario.net\/portal\/"},{"@type":"ListItem","position":2,"name":"Ataque a convoy de la ONU en L\u00edbano deja un herido y un veh\u00edculo incendiado. (18:44)"}]},{"@type":"WebSite","@id":"https:\/\/www.eldiario.net\/portal\/#website","url":"https:\/\/www.eldiario.net\/portal\/","name":"El Diario - Decano de la prensa nacional","description":"El Diario - Decano de la prensa nacional","publisher":{"@id":"https:\/\/www.eldiario.net\/portal\/#organization"},"potentialAction":[{"@type":"SearchAction","target":{"@type":"EntryPoint","urlTemplate":"https:\/\/www.eldiario.net\/portal\/?s={search_term_string}"},"query-input":{"@type":"PropertyValueSpecification","valueRequired":true,"valueName":"search_term_string"}}],"inLanguage":"es"},{"@type":"Organization","@id":"https:\/\/www.eldiario.net\/portal\/#organization","name":"El Diario - Decano de la prensa nacional","url":"https:\/\/www.eldiario.net\/portal\/","logo":{"@type":"ImageObject","inLanguage":"es","@id":"https:\/\/www.eldiario.net\/portal\/#\/schema\/logo\/image\/","url":"https:\/\/www.eldiario.net\/portal\/wp-content\/uploads\/2023\/07\/logo_ED.jpg","contentUrl":"https:\/\/www.eldiario.net\/portal\/wp-content\/uploads\/2023\/07\/logo_ED.jpg","width":272,"height":52,"caption":"El Diario - Decano de la prensa nacional"},"image":{"@id":"https:\/\/www.eldiario.net\/portal\/#\/schema\/logo\/image\/"},"sameAs":["https:\/\/www.facebook.com\/eldiario.bolivia\/","https:\/\/x.com\/eldiario_net"]},{"@type":"Person","@id":"https:\/\/www.eldiario.net\/portal\/#\/schema\/person\/ba370d92d160f4d3574381f6d9b78fab","name":"Viviana Monrroy","image":{"@type":"ImageObject","inLanguage":"es","@id":"https:\/\/secure.gravatar.com\/avatar\/dfd1611ed5600959a0e5a9754503b6c05d1dcf190010998e0363aee2ad98afca?s=96&d=mm&r=g","url":"https:\/\/secure.gravatar.com\/avatar\/dfd1611ed5600959a0e5a9754503b6c05d1dcf190010998e0363aee2ad98afca?s=96&d=mm&r=g","contentUrl":"https:\/\/secure.gravatar.com\/avatar\/dfd1611ed5600959a0e5a9754503b6c05d1dcf190010998e0363aee2ad98afca?s=96&d=mm&r=g","caption":"Viviana Monrroy"},"sameAs":["http:\/\/www.eldiario.net"],"url":"https:\/\/www.eldiario.net\/portal\/author\/vivianamonrroy\/"}]}},"_links":{"self":[{"href":"https:\/\/www.eldiario.net\/portal\/wp-json\/wp\/v2\/posts\/281874","targetHints":{"allow":["GET"]}}],"collection":[{"href":"https:\/\/www.eldiario.net\/portal\/wp-json\/wp\/v2\/posts"}],"about":[{"href":"https:\/\/www.eldiario.net\/portal\/wp-json\/wp\/v2\/types\/post"}],"author":[{"embeddable":true,"href":"https:\/\/www.eldiario.net\/portal\/wp-json\/wp\/v2\/users\/7"}],"replies":[{"embeddable":true,"href":"https:\/\/www.eldiario.net\/portal\/wp-json\/wp\/v2\/comments?post=281874"}],"version-history":[{"count":1,"href":"https:\/\/www.eldiario.net\/portal\/wp-json\/wp\/v2\/posts\/281874\/revisions"}],"predecessor-version":[{"id":281877,"href":"https:\/\/www.eldiario.net\/portal\/wp-json\/wp\/v2\/posts\/281874\/revisions\/281877"}],"wp:featuredmedia":[{"embeddable":true,"href":"https:\/\/www.eldiario.net\/portal\/wp-json\/wp\/v2\/media\/281876"}],"wp:attachment":[{"href":"https:\/\/www.eldiario.net\/portal\/wp-json\/wp\/v2\/media?parent=281874"}],"wp:term":[{"taxonomy":"category","embeddable":true,"href":"https:\/\/www.eldiario.net\/portal\/wp-json\/wp\/v2\/categories?post=281874"},{"taxonomy":"post_tag","embeddable":true,"href":"https:\/\/www.eldiario.net\/portal\/wp-json\/wp\/v2\/tags?post=281874"}],"curies":[{"name":"wp","href":"https:\/\/api.w.org\/{rel}","templated":true}]}}